{"id":899761,"date":"2024-11-29T10:26:18","date_gmt":"2024-11-29T08:26:18","guid":{"rendered":"https:\/\/pellervo.fi\/?p=899761"},"modified":"2025-01-13T12:46:09","modified_gmt":"2025-01-13T10:46:09","slug":"pian-etsitaan-taas-vuoden-osuustoimintatekoa","status":"publish","type":"post","link":"https:\/\/pellervo.fi\/en\/jarjesto\/2024\/11\/29\/pian-etsitaan-taas-vuoden-osuustoimintatekoa\/","title":{"rendered":"Ehdota Vuoden osuustoimintatekoa!\u00a0"},"content":{"rendered":"\n<p><strong><span class=\"TextRun SCXW68847142 BCX8\" lang=\"FI-FI\" xml:lang=\"FI-FI\" data-contrast=\"auto\"><span class=\"NormalTextRun SCXW68847142 BCX8\">Mit\u00e4 sinua puhuttelevaa on jokin osuuskunta, osuuspankki tai keskin\u00e4inen vakuutusyhti\u00f6 \u00e4skett\u00e4in tehnyt: Uusi avaus paikallisyhteis\u00f6n hyv\u00e4ksi? Painava j\u00e4senhy\u00f6ty? Innovatiivinen tapa olla osuustoiminnallinen?<\/span><\/span><\/strong><span class=\"EOP SCXW68847142 BCX8\" data-ccp-props=\"{}\">\u00a0<\/span><\/p>\n<p><span data-contrast=\"auto\">Nyt on aika j\u00e4lleen nostaa n\u00e4m\u00e4 teot ja toiminta suuremman huomion kohteeksi! Pellervon P\u00e4iv\u00e4ss\u00e4 2. huhtikuuta 2025 tullaan julkistamaan toisen kerran Vuoden osuustoimintateko!<\/span><\/p>\n<p><span data-contrast=\"auto\">Voittajaksi sopiva teko voi olla pieni tai suuri, laajaan ihmisryhm\u00e4\u00e4n vaikuttava tai jollekin erityiselle ryhm\u00e4lle kohdistettu. Sen tulee olla tapahtunut ainakin osittain vuoden 2024 aikana. Teko on my\u00f6s jotenkin yhdistett\u00e4viss\u00e4 yhteen tai useampaan <a href=\"https:\/\/pellervo.fi\/osuustoiminnan-arvot-ja-periaatteet\/\" target=\"_blank\" rel=\"noopener\"><span style=\"text-decoration: underline;\">osuustoiminnan arvoon tai periaatteeseen<\/span><\/a>. Kilpailun loppusuoralle etenevi\u00e4 tekoja yhdist\u00e4\u00e4 se, ett\u00e4 ne inspiroivat my\u00f6s muita osuuskuntia tai vastaavia toimijoita.<\/span><span data-ccp-props=\"{}\">\u00a0<\/span><\/p>\n<p><span class=\"TextRun SCXW12956005 BCX8\" lang=\"FI-FI\" xml:lang=\"FI-FI\" data-contrast=\"auto\"><span class=\"NormalTextRun SCXW12956005 BCX8\">Ehdokkaita kilpailuun voi nimet\u00e4 kuka tahansa, ja lopullisen valinnan voittajasta tekee erillinen raati<\/span><\/span>. Vuoden 2025 raadin muodostavat kansanedustaja, eduskunnan osuustoimintaryhm\u00e4n varapuheenjohtaja <strong>Johannes Koskinen<\/strong>, YK:n Global Compact Suomen p\u00e4\u00e4sihteeri <strong>Marja Innanen<\/strong> sek\u00e4 Talousel\u00e4m\u00e4n p\u00e4\u00e4toimittaja <strong>Jussi K\u00e4rki<\/strong>.<\/p>\n<p><span data-contrast=\"auto\">Vuoden osuustoimintateko 2024 \u2013kilpailun voittajaksi valittiin Oulun Seudun S\u00e4hk\u00f6, joka oli toiminnallaan luonut kest\u00e4v\u00e4\u00e4 hy\u00f6ty\u00e4 j\u00e4senilleen ja my\u00f6s kantanut yhteiskunnallista vastuuta tarjoamalla asiakasomistajilleen vakaata ja markkinoihin n\u00e4hden edullista energiahintaa sek\u00e4 rakentanut Liminkaan kaukol\u00e4mp\u00f6\u00e4 tuottavan aurinkopuiston.<\/span><span data-ccp-props=\"{&quot;134233117&quot;:false,&quot;134233118&quot;:false,&quot;335559738&quot;:240,&quot;335559739&quot;:240}\">\u00a0<\/span><\/p>\n<p><b><span data-contrast=\"auto\">Loppusuoralle valitut ehdokkaat esitell\u00e4\u00e4n maaliskuussa 2025. Ehdotuksia voi j\u00e4tt\u00e4\u00e4 helmikuun 28. p\u00e4iv\u00e4\u00e4n saakka <a href=\"https:\/\/pellervo-lv.creamailer.fi\/survey\/oohjxafajwevf\"><span style=\"text-decoration: underline;\">t\u00e4ll\u00e4 lomakkeella<\/span><\/a>.<\/span><\/b><\/p>\n<p><b><span data-contrast=\"auto\">Kysymyksi\u00e4 ja vastauksia<\/span><\/b><span data-ccp-props=\"{}\">\u00a0<\/span><\/p>\n<ol>\n<li><b><span data-contrast=\"auto\"> Voiko osuuskunta itsess\u00e4\u00e4n olla ehdolla?<br \/><\/span><\/b><span data-contrast=\"auto\">Osuuskunta voi olla Vuoden teko sit\u00e4 kautta, ett\u00e4 se on perustettu tai aloittanut toimintansa vuoden 2024 aikana. Sit\u00e4 vanhemmille osuuskunnille pelkk\u00e4 olemassaolo ei riit\u00e4 teoksi, vaan ehdotuksen t\u00e4ytyy perustua johonkin toimintaan.<\/span><span data-ccp-props=\"{}\">\u00a0<\/span><\/li>\n<\/ol>\n<ol start=\"2\">\n<li><b><span data-contrast=\"auto\"> Voinko ilmoittaa osuuskunnan, jonka j\u00e4sen en itse ole?<br \/><\/span><\/b><span data-contrast=\"auto\">Ilman muuta.<\/span><span data-ccp-props=\"{}\">\u00a0<\/span><\/li>\n<\/ol>\n<ol start=\"3\">\n<li><b><span data-contrast=\"auto\">Saanko ilmoittaa kaksi tekoa?<br \/><\/span><\/b><span data-contrast=\"auto\">Kyll\u00e4 se k\u00e4y. Tai vaikka kolme.<\/span><span data-ccp-props=\"{}\">\u00a0<\/span><\/li>\n<\/ol>\n<ol start=\"4\">\n<li><b><span data-contrast=\"auto\">Ent\u00e4 samasta osuuskunnasta?<br \/><\/span><\/b><span data-contrast=\"auto\">Sekin sopii.<\/span><span data-ccp-props=\"{}\">\u00a0<\/span><\/li>\n<\/ol>\n<p><span data-contrast=\"auto\"><br \/>Muuta kysytt\u00e4v\u00e4\u00e4? Ota yhteytt\u00e4 Hanna Muukkaan <a href=\"mailto:hanna.muukka@pellervo.fi\" target=\"_blank\" rel=\"noopener\"><span style=\"text-decoration: underline;\">hanna.muukka@pellervo.fi<\/span><\/a>\u00a0<\/span><span data-ccp-props=\"{&quot;134233117&quot;:false,&quot;134233118&quot;:false,&quot;201341983&quot;:0,&quot;335551550&quot;:1,&quot;335551620&quot;:1,&quot;335559685&quot;:0,&quot;335559737&quot;:0,&quot;335559738&quot;:0,&quot;335559739&quot;:160,&quot;335559740&quot;:259}\"> <br \/><\/span><\/p>\n<p>\u00a0<\/p>\n\n\n","protected":false},"excerpt":{"rendered":"<p>Pian on aika j\u00e4lleen nostaa esiin mit\u00e4 puhuttelevaa on jokin osuuskunta, -pankki tai keskin\u00e4inen vakuutusyhti\u00f6 \u00e4skett\u00e4in tehnyt: Uusi avaus paikallisyhteis\u00f6n hyv\u00e4ksi? Painava j\u00e4senhy\u00f6ty? Innovatiivinen tapa olla osuustoiminnallinen? Pellervon P\u00e4iv\u00e4ss\u00e4 2. huhtikuuta 2025 tullaan julkistamaan toisen kerran Vuoden osuustoimintateko.\u00a0<\/p>\n","protected":false},"author":6,"featured_media":899776,"comment_status":"closed","ping_status":"closed","sticky":false,"template":"","format":"standard","meta":{"inline_featured_image":false,"_monsterinsights_skip_tracking":false,"_monsterinsights_sitenote_active":false,"_monsterinsights_sitenote_note":"","_monsterinsights_sitenote_category":0,"site-sidebar-layout":"default","site-content-layout":"","ast-site-content-layout":"default","site-content-style":"default","site-sidebar-style":"default","ast-global-header-display":"","ast-banner-title-visibility":"","ast-main-header-display":"","ast-hfb-above-header-display":"","ast-hfb-below-header-display":"","ast-hfb-mobile-header-display":"","site-post-title":"","ast-breadcrumbs-content":"","ast-featured-img":"","footer-sml-layout":"","ast-disable-related-posts":"","theme-transparent-header-meta":"","adv-header-id-meta":"","stick-header-meta":"","header-above-stick-meta":"","header-main-stick-meta":"","header-below-stick-meta":"","astra-migrate-meta-layouts":"set","ast-page-background-enabled":"default","ast-page-background-meta":{"desktop":{"background-color":"","background-image":"","background-repeat":"repeat","background-position":"center center","background-size":"auto","background-attachment":"scroll","background-type":"","background-media":"","overlay-type":"","overlay-color":"","overlay-opacity":"","overlay-gradient":""},"tablet":{"background-color":"","background-image":"","background-repeat":"repeat","background-position":"center center","background-size":"auto","background-attachment":"scroll","background-type":"","background-media":"","overlay-type":"","overlay-color":"","overlay-opacity":"","overlay-gradient":""},"mobile":{"background-color":"","background-image":"","background-repeat":"repeat","background-position":"center center","background-size":"auto","background-attachment":"scroll","background-type":"","background-media":"","overlay-type":"","overlay-color":"","overlay-opacity":"","overlay-gradient":""}},"ast-content-background-meta":{"desktop":{"background-color":"var(--ast-global-color-5)","background-image":"","background-repeat":"repeat","background-position":"center center","background-size":"auto","background-attachment":"scroll","background-type":"","background-media":"","overlay-type":"","overlay-color":"","overlay-opacity":"","overlay-gradient":""},"tablet":{"background-color":"var(--ast-global-color-5)","background-image":"","background-repeat":"repeat","background-position":"center center","background-size":"auto","background-attachment":"scroll","background-type":"","background-media":"","overlay-type":"","overlay-color":"","overlay-opacity":"","overlay-gradient":""},"mobile":{"background-color":"var(--ast-global-color-5)","background-image":"","background-repeat":"repeat","background-position":"center center","background-size":"auto","background-attachment":"scroll","background-type":"","background-media":"","overlay-type":"","overlay-color":"","overlay-opacity":"","overlay-gradient":""}},"_FSMCFIC_featured_image_caption":"","_FSMCFIC_featured_image_nocaption":"","_FSMCFIC_featured_image_hide":"","footnotes":""},"categories":[71,22],"tags":[],"class_list":["post-899761","post","type-post","status-publish","format-standard","has-post-thumbnail","hentry","category-jarjesto","category-uutiset"],"yoast_head":"<!-- This site is optimized with the Yoast SEO plugin v27.5 - https:\/\/yoast.com\/product\/yoast-seo-wordpress\/ -->\n<title>Ehdota Vuoden osuustoimintatekoa!\u00a0 - Pellervo<\/title>\n<meta name=\"robots\" content=\"index, follow, max-snippet:-1, max-image-preview:large, max-video-preview:-1\" \/>\n<link rel=\"canonical\" href=\"https:\/\/pellervo.fi\/jarjesto\/2024\/11\/29\/pian-etsitaan-taas-vuoden-osuustoimintatekoa\/\" \/>\n<meta property=\"og:locale\" content=\"en_US\" \/>\n<meta property=\"og:type\" content=\"article\" \/>\n<meta property=\"og:title\" content=\"Ehdota Vuoden osuustoimintatekoa!\u00a0 - Pellervo\" \/>\n<meta property=\"og:description\" content=\"Pian on aika j\u00e4lleen nostaa esiin mit\u00e4 puhuttelevaa on jokin osuuskunta, -pankki tai keskin\u00e4inen vakuutusyhti\u00f6 \u00e4skett\u00e4in tehnyt: Uusi avaus paikallisyhteis\u00f6n hyv\u00e4ksi? Painava j\u00e4senhy\u00f6ty? Innovatiivinen tapa olla osuustoiminnallinen? Pellervon P\u00e4iv\u00e4ss\u00e4 2. huhtikuuta 2025 tullaan julkistamaan toisen kerran Vuoden osuustoimintateko.\u00a0\" \/>\n<meta property=\"og:url\" content=\"https:\/\/pellervo.fi\/jarjesto\/2024\/11\/29\/pian-etsitaan-taas-vuoden-osuustoimintatekoa\/\" \/>\n<meta property=\"og:site_name\" content=\"Pellervo\" \/>\n<meta property=\"article:published_time\" content=\"2024-11-29T08:26:18+00:00\" \/>\n<meta property=\"article:modified_time\" content=\"2025-01-13T10:46:09+00:00\" \/>\n<meta property=\"og:image\" content=\"https:\/\/pellervo.fi\/wp-content\/uploads\/2024\/11\/vuoden-osuustoimintateko-2025.jpg\" \/>\n\t<meta property=\"og:image:width\" content=\"1100\" \/>\n\t<meta property=\"og:image:height\" content=\"755\" \/>\n\t<meta property=\"og:image:type\" content=\"image\/jpeg\" \/>\n<meta name=\"author\" content=\"Hanna Muukka\" \/>\n<meta name=\"twitter:card\" content=\"summary_large_image\" \/>\n<meta name=\"twitter:creator\" content=\"@PellervoFi\" \/>\n<meta name=\"twitter:site\" content=\"@PellervoFi\" \/>\n<meta name=\"twitter:label1\" content=\"Written by\" \/>\n\t<meta name=\"twitter:data1\" content=\"Hanna Muukka\" \/>\n\t<meta name=\"twitter:label2\" content=\"Est. reading time\" \/>\n\t<meta name=\"twitter:data2\" content=\"2 minutes\" \/>\n<script type=\"application\/ld+json\" class=\"yoast-schema-graph\">{\"@context\":\"https:\\\/\\\/schema.org\",\"@graph\":[{\"@type\":\"Article\",\"@id\":\"https:\\\/\\\/pellervo.fi\\\/jarjesto\\\/2024\\\/11\\\/29\\\/pian-etsitaan-taas-vuoden-osuustoimintatekoa\\\/#article\",\"isPartOf\":{\"@id\":\"https:\\\/\\\/pellervo.fi\\\/jarjesto\\\/2024\\\/11\\\/29\\\/pian-etsitaan-taas-vuoden-osuustoimintatekoa\\\/\"},\"author\":{\"name\":\"Hanna Muukka\",\"@id\":\"https:\\\/\\\/pellervo.fi\\\/#\\\/schema\\\/person\\\/f001b7c670bab10e5236b09672d9e6a3\"},\"headline\":\"Ehdota Vuoden osuustoimintatekoa!\u00a0\",\"datePublished\":\"2024-11-29T08:26:18+00:00\",\"dateModified\":\"2025-01-13T10:46:09+00:00\",\"mainEntityOfPage\":{\"@id\":\"https:\\\/\\\/pellervo.fi\\\/jarjesto\\\/2024\\\/11\\\/29\\\/pian-etsitaan-taas-vuoden-osuustoimintatekoa\\\/\"},\"wordCount\":290,\"publisher\":{\"@id\":\"https:\\\/\\\/pellervo.fi\\\/#organization\"},\"image\":{\"@id\":\"https:\\\/\\\/pellervo.fi\\\/jarjesto\\\/2024\\\/11\\\/29\\\/pian-etsitaan-taas-vuoden-osuustoimintatekoa\\\/#primaryimage\"},\"thumbnailUrl\":\"https:\\\/\\\/pellervo.fi\\\/wp-content\\\/uploads\\\/2024\\\/11\\\/vuoden-osuustoimintateko-2025.jpg\",\"articleSection\":[\"J\u00e4rjest\u00f6\",\"Uutiset\"],\"inLanguage\":\"en-US\"},{\"@type\":\"WebPage\",\"@id\":\"https:\\\/\\\/pellervo.fi\\\/jarjesto\\\/2024\\\/11\\\/29\\\/pian-etsitaan-taas-vuoden-osuustoimintatekoa\\\/\",\"url\":\"https:\\\/\\\/pellervo.fi\\\/jarjesto\\\/2024\\\/11\\\/29\\\/pian-etsitaan-taas-vuoden-osuustoimintatekoa\\\/\",\"name\":\"Ehdota Vuoden osuustoimintatekoa!\u00a0 - Pellervo\",\"isPartOf\":{\"@id\":\"https:\\\/\\\/pellervo.fi\\\/#website\"},\"primaryImageOfPage\":{\"@id\":\"https:\\\/\\\/pellervo.fi\\\/jarjesto\\\/2024\\\/11\\\/29\\\/pian-etsitaan-taas-vuoden-osuustoimintatekoa\\\/#primaryimage\"},\"image\":{\"@id\":\"https:\\\/\\\/pellervo.fi\\\/jarjesto\\\/2024\\\/11\\\/29\\\/pian-etsitaan-taas-vuoden-osuustoimintatekoa\\\/#primaryimage\"},\"thumbnailUrl\":\"https:\\\/\\\/pellervo.fi\\\/wp-content\\\/uploads\\\/2024\\\/11\\\/vuoden-osuustoimintateko-2025.jpg\",\"datePublished\":\"2024-11-29T08:26:18+00:00\",\"dateModified\":\"2025-01-13T10:46:09+00:00\",\"breadcrumb\":{\"@id\":\"https:\\\/\\\/pellervo.fi\\\/jarjesto\\\/2024\\\/11\\\/29\\\/pian-etsitaan-taas-vuoden-osuustoimintatekoa\\\/#breadcrumb\"},\"inLanguage\":\"en-US\",\"potentialAction\":[{\"@type\":\"ReadAction\",\"target\":[\"https:\\\/\\\/pellervo.fi\\\/jarjesto\\\/2024\\\/11\\\/29\\\/pian-etsitaan-taas-vuoden-osuustoimintatekoa\\\/\"]}]},{\"@type\":\"ImageObject\",\"inLanguage\":\"en-US\",\"@id\":\"https:\\\/\\\/pellervo.fi\\\/jarjesto\\\/2024\\\/11\\\/29\\\/pian-etsitaan-taas-vuoden-osuustoimintatekoa\\\/#primaryimage\",\"url\":\"https:\\\/\\\/pellervo.fi\\\/wp-content\\\/uploads\\\/2024\\\/11\\\/vuoden-osuustoimintateko-2025.jpg\",\"contentUrl\":\"https:\\\/\\\/pellervo.fi\\\/wp-content\\\/uploads\\\/2024\\\/11\\\/vuoden-osuustoimintateko-2025.jpg\",\"width\":1100,\"height\":755},{\"@type\":\"BreadcrumbList\",\"@id\":\"https:\\\/\\\/pellervo.fi\\\/jarjesto\\\/2024\\\/11\\\/29\\\/pian-etsitaan-taas-vuoden-osuustoimintatekoa\\\/#breadcrumb\",\"itemListElement\":[{\"@type\":\"ListItem\",\"position\":1,\"name\":\"Koti\",\"item\":\"https:\\\/\\\/pellervo.fi\\\/en\\\/\"},{\"@type\":\"ListItem\",\"position\":2,\"name\":\"Ehdota Vuoden osuustoimintatekoa!\u00a0\"}]},{\"@type\":\"WebSite\",\"@id\":\"https:\\\/\\\/pellervo.fi\\\/#website\",\"url\":\"https:\\\/\\\/pellervo.fi\\\/\",\"name\":\"Pellervo\",\"description\":\"Osuuskuntien keskusj\u00e4rjest\u00f6\",\"publisher\":{\"@id\":\"https:\\\/\\\/pellervo.fi\\\/#organization\"},\"potentialAction\":[{\"@type\":\"SearchAction\",\"target\":{\"@type\":\"EntryPoint\",\"urlTemplate\":\"https:\\\/\\\/pellervo.fi\\\/?s={search_term_string}\"},\"query-input\":{\"@type\":\"PropertyValueSpecification\",\"valueRequired\":true,\"valueName\":\"search_term_string\"}}],\"inLanguage\":\"en-US\"},{\"@type\":\"Organization\",\"@id\":\"https:\\\/\\\/pellervo.fi\\\/#organization\",\"name\":\"Osuustoimintakeskus Pellervo ry\",\"url\":\"https:\\\/\\\/pellervo.fi\\\/\",\"logo\":{\"@type\":\"ImageObject\",\"inLanguage\":\"en-US\",\"@id\":\"https:\\\/\\\/pellervo.fi\\\/#\\\/schema\\\/logo\\\/image\\\/\",\"url\":\"https:\\\/\\\/pellervo.fi\\\/wp-content\\\/uploads\\\/2020\\\/05\\\/Pellervo_logo.png\",\"contentUrl\":\"https:\\\/\\\/pellervo.fi\\\/wp-content\\\/uploads\\\/2020\\\/05\\\/Pellervo_logo.png\",\"width\":1335,\"height\":376,\"caption\":\"Osuustoimintakeskus Pellervo ry\"},\"image\":{\"@id\":\"https:\\\/\\\/pellervo.fi\\\/#\\\/schema\\\/logo\\\/image\\\/\"},\"sameAs\":[\"https:\\\/\\\/x.com\\\/PellervoFi\"]},{\"@type\":\"Person\",\"@id\":\"https:\\\/\\\/pellervo.fi\\\/#\\\/schema\\\/person\\\/f001b7c670bab10e5236b09672d9e6a3\",\"name\":\"Hanna Muukka\",\"image\":{\"@type\":\"ImageObject\",\"inLanguage\":\"en-US\",\"@id\":\"https:\\\/\\\/pellervo.fi\\\/wp-content\\\/uploads\\\/2014\\\/02\\\/Hanna-Muukka_avatar_1393417732-96x96.jpg\",\"url\":\"https:\\\/\\\/pellervo.fi\\\/wp-content\\\/uploads\\\/2014\\\/02\\\/Hanna-Muukka_avatar_1393417732-96x96.jpg\",\"contentUrl\":\"https:\\\/\\\/pellervo.fi\\\/wp-content\\\/uploads\\\/2014\\\/02\\\/Hanna-Muukka_avatar_1393417732-96x96.jpg\",\"caption\":\"Hanna Muukka\"},\"description\":\"Kirjoittaja ty\u00f6skentelee Osuustoimintakeskus Pellervossa vastuullisuusasiantuntijana.\",\"url\":\"https:\\\/\\\/pellervo.fi\\\/en\\\/author\\\/hannamuu\\\/\"}]}<\/script>\n<!-- \/ Yoast SEO plugin. -->","yoast_head_json":{"title":"Ehdota Vuoden osuustoimintatekoa!\u00a0 - Pellervo","robots":{"index":"index","follow":"follow","max-snippet":"max-snippet:-1","max-image-preview":"max-image-preview:large","max-video-preview":"max-video-preview:-1"},"canonical":"https:\/\/pellervo.fi\/jarjesto\/2024\/11\/29\/pian-etsitaan-taas-vuoden-osuustoimintatekoa\/","og_locale":"en_US","og_type":"article","og_title":"Ehdota Vuoden osuustoimintatekoa!\u00a0 - Pellervo","og_description":"Pian on aika j\u00e4lleen nostaa esiin mit\u00e4 puhuttelevaa on jokin osuuskunta, -pankki tai keskin\u00e4inen vakuutusyhti\u00f6 \u00e4skett\u00e4in tehnyt: Uusi avaus paikallisyhteis\u00f6n hyv\u00e4ksi? Painava j\u00e4senhy\u00f6ty? Innovatiivinen tapa olla osuustoiminnallinen? Pellervon P\u00e4iv\u00e4ss\u00e4 2. huhtikuuta 2025 tullaan julkistamaan toisen kerran Vuoden osuustoimintateko.\u00a0","og_url":"https:\/\/pellervo.fi\/jarjesto\/2024\/11\/29\/pian-etsitaan-taas-vuoden-osuustoimintatekoa\/","og_site_name":"Pellervo","article_published_time":"2024-11-29T08:26:18+00:00","article_modified_time":"2025-01-13T10:46:09+00:00","og_image":[{"width":1100,"height":755,"url":"https:\/\/pellervo.fi\/wp-content\/uploads\/2024\/11\/vuoden-osuustoimintateko-2025.jpg","type":"image\/jpeg"}],"author":"Hanna Muukka","twitter_card":"summary_large_image","twitter_creator":"@PellervoFi","twitter_site":"@PellervoFi","twitter_misc":{"Written by":"Hanna Muukka","Est. reading time":"2 minutes"},"schema":{"@context":"https:\/\/schema.org","@graph":[{"@type":"Article","@id":"https:\/\/pellervo.fi\/jarjesto\/2024\/11\/29\/pian-etsitaan-taas-vuoden-osuustoimintatekoa\/#article","isPartOf":{"@id":"https:\/\/pellervo.fi\/jarjesto\/2024\/11\/29\/pian-etsitaan-taas-vuoden-osuustoimintatekoa\/"},"author":{"name":"Hanna Muukka","@id":"https:\/\/pellervo.fi\/#\/schema\/person\/f001b7c670bab10e5236b09672d9e6a3"},"headline":"Ehdota Vuoden osuustoimintatekoa!\u00a0","datePublished":"2024-11-29T08:26:18+00:00","dateModified":"2025-01-13T10:46:09+00:00","mainEntityOfPage":{"@id":"https:\/\/pellervo.fi\/jarjesto\/2024\/11\/29\/pian-etsitaan-taas-vuoden-osuustoimintatekoa\/"},"wordCount":290,"publisher":{"@id":"https:\/\/pellervo.fi\/#organization"},"image":{"@id":"https:\/\/pellervo.fi\/jarjesto\/2024\/11\/29\/pian-etsitaan-taas-vuoden-osuustoimintatekoa\/#primaryimage"},"thumbnailUrl":"https:\/\/pellervo.fi\/wp-content\/uploads\/2024\/11\/vuoden-osuustoimintateko-2025.jpg","articleSection":["J\u00e4rjest\u00f6","Uutiset"],"inLanguage":"en-US"},{"@type":"WebPage","@id":"https:\/\/pellervo.fi\/jarjesto\/2024\/11\/29\/pian-etsitaan-taas-vuoden-osuustoimintatekoa\/","url":"https:\/\/pellervo.fi\/jarjesto\/2024\/11\/29\/pian-etsitaan-taas-vuoden-osuustoimintatekoa\/","name":"Ehdota Vuoden osuustoimintatekoa!\u00a0 - Pellervo","isPartOf":{"@id":"https:\/\/pellervo.fi\/#website"},"primaryImageOfPage":{"@id":"https:\/\/pellervo.fi\/jarjesto\/2024\/11\/29\/pian-etsitaan-taas-vuoden-osuustoimintatekoa\/#primaryimage"},"image":{"@id":"https:\/\/pellervo.fi\/jarjesto\/2024\/11\/29\/pian-etsitaan-taas-vuoden-osuustoimintatekoa\/#primaryimage"},"thumbnailUrl":"https:\/\/pellervo.fi\/wp-content\/uploads\/2024\/11\/vuoden-osuustoimintateko-2025.jpg","datePublished":"2024-11-29T08:26:18+00:00","dateModified":"2025-01-13T10:46:09+00:00","breadcrumb":{"@id":"https:\/\/pellervo.fi\/jarjesto\/2024\/11\/29\/pian-etsitaan-taas-vuoden-osuustoimintatekoa\/#breadcrumb"},"inLanguage":"en-US","potentialAction":[{"@type":"ReadAction","target":["https:\/\/pellervo.fi\/jarjesto\/2024\/11\/29\/pian-etsitaan-taas-vuoden-osuustoimintatekoa\/"]}]},{"@type":"ImageObject","inLanguage":"en-US","@id":"https:\/\/pellervo.fi\/jarjesto\/2024\/11\/29\/pian-etsitaan-taas-vuoden-osuustoimintatekoa\/#primaryimage","url":"https:\/\/pellervo.fi\/wp-content\/uploads\/2024\/11\/vuoden-osuustoimintateko-2025.jpg","contentUrl":"https:\/\/pellervo.fi\/wp-content\/uploads\/2024\/11\/vuoden-osuustoimintateko-2025.jpg","width":1100,"height":755},{"@type":"BreadcrumbList","@id":"https:\/\/pellervo.fi\/jarjesto\/2024\/11\/29\/pian-etsitaan-taas-vuoden-osuustoimintatekoa\/#breadcrumb","itemListElement":[{"@type":"ListItem","position":1,"name":"Koti","item":"https:\/\/pellervo.fi\/en\/"},{"@type":"ListItem","position":2,"name":"Ehdota Vuoden osuustoimintatekoa!\u00a0"}]},{"@type":"WebSite","@id":"https:\/\/pellervo.fi\/#website","url":"https:\/\/pellervo.fi\/","name":"Pellervo","description":"Osuuskuntien keskusj\u00e4rjest\u00f6","publisher":{"@id":"https:\/\/pellervo.fi\/#organization"},"potentialAction":[{"@type":"SearchAction","target":{"@type":"EntryPoint","urlTemplate":"https:\/\/pellervo.fi\/?s={search_term_string}"},"query-input":{"@type":"PropertyValueSpecification","valueRequired":true,"valueName":"search_term_string"}}],"inLanguage":"en-US"},{"@type":"Organization","@id":"https:\/\/pellervo.fi\/#organization","name":"Osuustoimintakeskus Pellervo ry","url":"https:\/\/pellervo.fi\/","logo":{"@type":"ImageObject","inLanguage":"en-US","@id":"https:\/\/pellervo.fi\/#\/schema\/logo\/image\/","url":"https:\/\/pellervo.fi\/wp-content\/uploads\/2020\/05\/Pellervo_logo.png","contentUrl":"https:\/\/pellervo.fi\/wp-content\/uploads\/2020\/05\/Pellervo_logo.png","width":1335,"height":376,"caption":"Osuustoimintakeskus Pellervo ry"},"image":{"@id":"https:\/\/pellervo.fi\/#\/schema\/logo\/image\/"},"sameAs":["https:\/\/x.com\/PellervoFi"]},{"@type":"Person","@id":"https:\/\/pellervo.fi\/#\/schema\/person\/f001b7c670bab10e5236b09672d9e6a3","name":"Hanna Muukka","image":{"@type":"ImageObject","inLanguage":"en-US","@id":"https:\/\/pellervo.fi\/wp-content\/uploads\/2014\/02\/Hanna-Muukka_avatar_1393417732-96x96.jpg","url":"https:\/\/pellervo.fi\/wp-content\/uploads\/2014\/02\/Hanna-Muukka_avatar_1393417732-96x96.jpg","contentUrl":"https:\/\/pellervo.fi\/wp-content\/uploads\/2014\/02\/Hanna-Muukka_avatar_1393417732-96x96.jpg","caption":"Hanna Muukka"},"description":"Kirjoittaja ty\u00f6skentelee Osuustoimintakeskus Pellervossa vastuullisuusasiantuntijana.","url":"https:\/\/pellervo.fi\/en\/author\/hannamuu\/"}]}},"_links":{"self":[{"href":"https:\/\/pellervo.fi\/en\/wp-json\/wp\/v2\/posts\/899761","targetHints":{"allow":["GET"]}}],"collection":[{"href":"https:\/\/pellervo.fi\/en\/wp-json\/wp\/v2\/posts"}],"about":[{"href":"https:\/\/pellervo.fi\/en\/wp-json\/wp\/v2\/types\/post"}],"author":[{"embeddable":true,"href":"https:\/\/pellervo.fi\/en\/wp-json\/wp\/v2\/users\/6"}],"replies":[{"embeddable":true,"href":"https:\/\/pellervo.fi\/en\/wp-json\/wp\/v2\/comments?post=899761"}],"version-history":[{"count":5,"href":"https:\/\/pellervo.fi\/en\/wp-json\/wp\/v2\/posts\/899761\/revisions"}],"predecessor-version":[{"id":899887,"href":"https:\/\/pellervo.fi\/en\/wp-json\/wp\/v2\/posts\/899761\/revisions\/899887"}],"wp:featuredmedia":[{"embeddable":true,"href":"https:\/\/pellervo.fi\/en\/wp-json\/wp\/v2\/media\/899776"}],"wp:attachment":[{"href":"https:\/\/pellervo.fi\/en\/wp-json\/wp\/v2\/media?parent=899761"}],"wp:term":[{"taxonomy":"category","embeddable":true,"href":"https:\/\/pellervo.fi\/en\/wp-json\/wp\/v2\/categories?post=899761"},{"taxonomy":"post_tag","embeddable":true,"href":"https:\/\/pellervo.fi\/en\/wp-json\/wp\/v2\/tags?post=899761"}],"curies":[{"name":"wp","href":"https:\/\/api.w.org\/{rel}","templated":true}]}}