{"id":900012,"date":"2025-03-19T09:48:32","date_gmt":"2025-03-19T07:48:32","guid":{"rendered":"https:\/\/pellervo.fi\/?p=900012"},"modified":"2025-03-19T09:51:14","modified_gmt":"2025-03-19T07:51:14","slug":"valtiollisten-kunniamerkkien-hakuaika-on-nyt-2","status":"publish","type":"post","link":"https:\/\/pellervo.fi\/en\/jarjesto\/2025\/03\/19\/valtiollisten-kunniamerkkien-hakuaika-on-nyt-2\/","title":{"rendered":"Valtiollisten kunniamerkkien hakuaika on nyt"},"content":{"rendered":"\n<p><strong>J\u00e4senyritykset voivat hakea itsen\u00e4isyysp\u00e4iv\u00e4n\u00e4 jaettevia Suomen Valkoisen Ruusun ja Suomen Leijonan ritarikuntien kunniamerkkej\u00e4 <strong>Pellervon kautta<\/strong>.<\/strong><\/p>\n\n\n\n<p>T\u00e4llaisen kunniamerkin saaminen edellytt\u00e4\u00e4 Suomen Valkoisen Ruusun (SVR) ritarikunnan ohjes\u00e4\u00e4nn\u00f6n mukaan ansioituneisuutta is\u00e4nmaan palveluksessa ja Suomen Leijonan (SL) ritarikunnan perustamisesta annetun asetuksen mukaan huomattavia siviili- tai sotilaallisia ansioita.<\/p>\n\n\n\n<p>Hakeminen tapahtuu postitse, lomakkeet voi ladata sivun alalaidasta. <br><br>Materiaalin viimeinen l\u00e4hetysp\u00e4iv\u00e4 on<strong>&nbsp;torstaina 12. kes\u00e4kuuta.<br>Hakulomake l\u00e4hetet\u00e4\u00e4n kahtena kappaleena:&nbsp;<\/strong><\/p>\n\n\n\n<p>Osuuskuntien Keskusj\u00e4rjest\u00f6 Pellervo ry<br>Kunniamerkkiehdotukset<br>PL 77<br>00101 Helsinki<br><br>Tieto lomakkeiden laittamisesta postiin kannattaa laittaa my\u00f6s s\u00e4hk\u00f6postitse:&nbsp;<a href=\"mailto:toimisto@pellervo.fi\">toimisto@pellervo.fi<\/a>.&nbsp;<\/p>\n\n\n\n<h3 class=\"wp-block-heading\"><br>My\u00f6nt\u00e4misperusteet<\/h3>\n\n\n\n<p>Kunniamerkkej\u00e4 my\u00f6nnet\u00e4\u00e4n ensisijaisesti ansioiden perusteella, joiden tulee olla keskitason yl\u00e4puolella, ja jotka asianomainen on osoittanut omalla ammattitaidollaan tai huomattavissa yhteiskunnallisissa teht\u00e4viss\u00e4. Edellytyksen\u00e4 on lis\u00e4ksi hyv\u00e4maineisuus.<\/p>\n\n\n\n<p>Ritarikuntien ohjeiden mukaan komentajamerkki\u00e4 varten edellytet\u00e4\u00e4n p\u00e4\u00e4s\u00e4\u00e4nt\u00f6isesti 50 vuo\u00adden ik\u00e4\u00e4 sek\u00e4 ritarimerkki\u00e4 ja ansioristi\u00e4 varten noin 40 vuoden ik\u00e4\u00e4. SVR:n mitalien osalta SVR M I kr ja SVR M I edellytt\u00e4v\u00e4t 15 ja SVR M v\u00e4hint\u00e4\u00e4n 10 palvelusvuotta. K\u00e4yt\u00e4nn\u00f6ss\u00e4 m\u00e4\u00e4r\u00e4ajat ovat kuitenkin pidempi\u00e4.<\/p>\n\n\n\n<p>Ylemp\u00e4\u00e4 kunniamerkki\u00e4 voidaan esitt\u00e4\u00e4&nbsp;<strong>aikaisintaan seitsem\u00e4n (7) vuoden kuluttua<\/strong>&nbsp;edellisen kunniamerkin saamisesta. Henkil\u00f6lle, jolle tasavallan presidentti on my\u00f6nt\u00e4nyt arvonimen, voidaan p\u00e4\u00e4s\u00e4\u00e4nt\u00f6isesti my\u00f6nt\u00e4\u00e4 kunniamerkki aikaisintaan seitsem\u00e4n (7) vuoden kuluttua arvonimen my\u00f6nt\u00e4misest\u00e4. Arvonimi voidaan my\u00f6nt\u00e4\u00e4 aikaisintaan viiden (5) vuoden kuluttua kunniamerkin my\u00f6nt\u00e4misest\u00e4.&nbsp;<em>Toisen kunniamerkin saaminen<\/em>&nbsp;edellytt\u00e4\u00e4&nbsp;<strong>aina saajan virka-aseman, toimenkuvan tai ty\u00f6teht\u00e4v\u00e4n muuttumista entist\u00e4 vaativammaksi ja henkil\u00f6n erityist\u00e4 ansioituneisuutta uusissa teht\u00e4viss\u00e4\u00e4n.<\/strong><\/p>\n\n\n\n<p>Lis\u00e4tietoja valtiollisista kunniamerkeist\u00e4 l\u00f6ytyy osoitteessa&nbsp;<a href=\"http:\/\/www.ritarikunnat.fi\/\">www.ritarikunnat.fi<\/a>.<\/p>\n\n\n\n<h3 class=\"wp-block-heading\">Kunniamerkkiehdotuslomakkeen t\u00e4ytt\u00e4misohjeita<\/h3>\n\n\n\n<ul class=\"wp-block-list\">\n<li><strong>Lomakkeen huolellinen t\u00e4ytt\u00e4minen ja hyv\u00e4t perustelut ovat ehtona kunniamerkin my\u00f6nt\u00e4miselle. Puutteellisesti t\u00e4ytetty\u00e4 ehdotusta ei oteta k\u00e4sitelt\u00e4v\u00e4ksi<\/strong>.<\/li>\n\n\n\n<li>Kiinnitt\u00e4k\u00e4\u00e4 erityisesti huomiota seuraaviin:\n<ul class=\"wp-block-list\">\n<li>Hakemus tulee tulostaa&nbsp;<strong>kaksipuolisena<\/strong><\/li>\n\n\n\n<li>Ehdokkaan&nbsp;<strong>kutsumanimi tulee kirjoittaa isoilla kirjaimilla<\/strong><\/li>\n\n\n\n<li>Kohta A3 \u201dSuostumus lunastusmaksuun\u201d kannattaa rastittaa ja edelleen kohdat A 4a\/4b t\u00e4ytt\u00e4\u00e4, vaikka lunastusmaksut menev\u00e4tkin vasta ritarimerkist\u00e4 yl\u00f6sp\u00e4in.<\/li>\n\n\n\n<li>Ehdotettava kunniamerkki (virallinen kirjainyhdistelm\u00e4) on merkitt\u00e4v\u00e4 lomakkeeseen.<\/li>\n<\/ul>\n<\/li>\n\n\n\n<li><strong>Perustelut<\/strong>&nbsp;on syyt\u00e4 kirjoittaa mahdollisimman kattavasti:\n<ul class=\"wp-block-list\">\n<li>T\u00e4rke\u00e4t aloitteet ja saavutukset sek\u00e4 p\u00e4\u00e4toimen ohella mahdollisesti hoidetut luottamus- tai muut toimet.<\/li>\n\n\n\n<li>Kunnan ja esimerkiksi urheiluseurojen luottamustoimet<\/li>\n\n\n\n<li>Reservin upseerin arvon merkitseminen on t\u00e4rke\u00e4\u00e4 ja erityisen huomioitavaa se on haettaessa ritarimerkkej\u00e4<\/li>\n<\/ul>\n<\/li>\n\n\n\n<li>Ehdotus on&nbsp;<strong>allekirjoitettava!<\/strong><\/li>\n\n\n\n<li><strong>Ehdotuksiin ei saa liitt\u00e4\u00e4 mit\u00e4\u00e4n erillisi\u00e4 selvityksi\u00e4, nimikirjanotteita tai muita liitteit\u00e4.<\/strong><\/li>\n\n\n\n<li>Ehdotuslomakkeiden&nbsp;<strong>alkuper\u00e4iskappaleet ja yhdet kopiot<\/strong>&nbsp;l\u00e4hetet\u00e4\u00e4n Pellervoon.<\/li>\n\n\n\n<li>Laittakaa meille tieto siit\u00e4, kuka vastaa yrityksess\u00e4nne mahdollisiin kunniamerkkiehdotukseen liittyviin lis\u00e4kysymyksiin.<\/li>\n<\/ul>\n\n\n\n<h3 class=\"wp-block-heading\">Yhteenvetolomake ministeri\u00f6lle<\/h3>\n\n\n\n<p>Hakulomakkeen lis\u00e4ksi tulee t\u00e4ytt\u00e4\u00e4 my\u00f6s saatekirje- ja yhteenvetolomake. Esitykset ryhmitell\u00e4\u00e4n kunniamerkeitt\u00e4in suuruusj\u00e4rjestyksess\u00e4 (komentajamerkit, ritarimerkit, ansioristit ja mitalit) aakkostettuina ja vastaava murtoluku laitetaan ao. ehdotuslomakkeen vasempaan yl\u00e4kulmaan.<\/p>\n\n\n\n<p>Kunniamerkkien vastaanottotapa merkit\u00e4\u00e4n t\u00e4h\u00e4n kaavakkeeseen. Mik\u00e4li haluatte noutaa kunniamerkkinne Pellervolta kannakeneulat ommeltuina, laittakaa \u201dnoudetaan\u201d kohtaan viel\u00e4 lis\u00e4maininta \u201dnoutajana Osuuskuntien Keskusj\u00e4rjest\u00f6 Pellervo\u201d.<\/p>\n\n\n\n<p><strong>Muistattehan allekirjoittaa yhteenvetolomakkeen!<\/strong><\/p>\n\n\n\n<h3 class=\"wp-block-heading\">Kunniamerkkien toimittaminen saajille ja niiden ompelutus<\/h3>\n\n\n\n<p>Ritarikuntien kanslia toimittaa kaikki my\u00f6nnetyt kunniamerkit p\u00e4\u00e4s\u00e4\u00e4nt\u00f6isesti joulukuun aikana esityksen tehneille ministeri\u00f6ille, joiden teht\u00e4v\u00e4n\u00e4 on huolehtia kunniamerkkien edelleen jakelusta. Ministeri\u00f6t toteuttavat t\u00e4m\u00e4n yleens\u00e4 joko kuluvan vuoden lopussa tai seuraavan vuoden alussa. Jakeluaikataulu ei ole Pellervon vaikutettavissa.<\/p>\n\n\n\n<p>Merkit toimitetaan ompelemattomina ilman kannakeneulaa, joten mahdolliseen ompelutukseen kannattaa varata aikaa. T\u00e4m\u00e4 on syyt\u00e4 huomioida, kun suunnitellaan kunniamerkkien luovutustilaisuuksia.<\/p>\n\n\n\n<p>Mik\u00e4li toivotte saavanne kunniamerkit l\u00e4hetettyin\u00e4, hoitaa ministeri\u00f6 postituksen teille suoraan. Muussa tapauksessa me Pellervolta voimme noutaa kunniamerkit puolestanne ministeri\u00f6st\u00e4 ja k\u00e4ytt\u00e4\u00e4 ne Sotainvalidien Veljesliitossa ompelutuksessa. Ilmoitamme teille kun ne ovat noudettavissa toimistoltamme; emme l\u00e4het\u00e4 ompelutettuja kunniamerkkej\u00e4 postitse. Laskutamme ompelutusty\u00f6n omakustannushinnan j\u00e4lkik\u00e4teen.<\/p>\n\n\n\n<p><em>Poikkeuksena<\/em>&nbsp;ovat tasavallan presidentin linnaan itsen\u00e4isyysp\u00e4iv\u00e4juhlan kutsun saaneet henkil\u00f6t, jotka voivat noutaa kunniamerkkins\u00e4 Ritarikuntien kansliasta S\u00e4\u00e4tytalolta kolme arkip\u00e4iv\u00e4\u00e4 ennen itsen\u00e4isyysp\u00e4iv\u00e4\u00e4 klo 10\u201314. Hakup\u00e4iv\u00e4 tulee sopia s\u00e4hk\u00f6postitse etuk\u00e4teen&nbsp;<strong>(<\/strong><a href=\"mailto:info@ritarikunnat.fi\">info@ritarikunnat.fi<\/a><strong>).<\/strong>&nbsp;Noudettaessa pyydet\u00e4\u00e4n esitt\u00e4m\u00e4\u00e4n kutsu presidentin vastaanotolle.<\/p>\n\n\n\n<h3 class=\"wp-block-heading\">Lis\u00e4tiedot<\/h3>\n\n\n\n<p><a href=\"mailto:toimisto@pellervo.fi\">toimisto@pellervo.fi<\/a><\/p>\n\n\n\n<h3 class=\"wp-block-heading\"><br>Valtiollisten kunniamerkkien hakemiseen liittyv\u00e4t tiedostot<\/h3>\n\n\n\n<p><a href=\"https:\/\/pellervo.fi\/wp-content\/uploads\/2024\/06\/KUNNIAMERKKIEHDOTUSLOMAKe.pdf\">KUNNIAMERKKIEHDOTUSLOMAKE (pdf)<\/a><br><a href=\"https:\/\/pellervo.fi\/wp-content\/uploads\/2024\/06\/tayttoohje-kunniamerkkiehdotuslomakkeelle.pdf\">tayttoohje kunniamerkkiehdotuslomakkeelle (pdf)<\/a><br><a href=\"https:\/\/pellervo.fi\/wp-content\/uploads\/2024\/06\/yhteenvetolomake.docx\">yhteenvetolomake (docx)<\/a><br><a href=\"https:\/\/pellervo.fi\/wp-content\/uploads\/2024\/06\/esimerkki-yhteenvetolomake.pdf\">esimerkki, yhteenvetolomake (pdf)<\/a><br><a href=\"https:\/\/pellervo.fi\/wp-content\/uploads\/2024\/06\/tietosuojaseloste.pdf\">Pellervon tietosuojaseloste (pdf)<\/a><\/p>\n\n\n\n<p>T\u00e4llaisen kunniamerkin saaminen edellytt\u00e4\u00e4 Suomen Valkoisen Ruusun (SVR) ritarikunnan ohjes\u00e4\u00e4nn\u00f6n mukaan ansioituneisuutta is\u00e4nmaan palveluksessa ja Suomen Leijonan (SL) ritarikunnan perustamisesta annetun asetuksen mukaan huomattavia siviili- tai sotilaallisia ansioita.<\/p>\n\n\n\n<p>Hakeminen tapahtuu postitse, lomakkiden viimeinen l\u00e4hetysp\u00e4iv\u00e4 on<strong>&nbsp;keskiviikkona 12. kes\u00e4kuuta.<br><br>Hakulomake l\u00e4hetet\u00e4\u00e4n kahtena kappaleena:&nbsp;<\/strong><\/p>\n\n\n\n<p>Osuuskuntien Keskusj\u00e4rjest\u00f6 Pellervo ry<br>Kunniamerkkiehdotukset<br>PL 77<br>00101 Helsinki<br><br>L\u00e4hett\u00e4k\u00e4\u00e4 tieto lomakkeiden laittamisesta postiin&nbsp;<a href=\"mailto:toimisto@pellervo.fi\">toimisto@pellervo.fi<\/a>.&nbsp;<\/p>\n\n\n\n<h3 class=\"wp-block-heading\"><br>My\u00f6nt\u00e4misperusteet<\/h3>\n\n\n\n<p>Kunniamerkkej\u00e4 my\u00f6nnet\u00e4\u00e4n ensisijaisesti ansioiden perusteella, joiden tulee olla keskitason yl\u00e4puolella, ja jotka asianomainen on osoittanut omalla ammattitaidollaan tai huomattavissa yhteiskunnallisissa teht\u00e4viss\u00e4. Edellytyksen\u00e4 on lis\u00e4ksi hyv\u00e4maineisuus.<\/p>\n\n\n\n<p>Ritarikuntien ohjeiden mukaan komentajamerkki\u00e4 varten edellytet\u00e4\u00e4n p\u00e4\u00e4s\u00e4\u00e4nt\u00f6isesti 50 vuo\u00adden ik\u00e4\u00e4 sek\u00e4 ritarimerkki\u00e4 ja ansioristi\u00e4 varten noin 40 vuoden ik\u00e4\u00e4. SVR:n mitalien osalta SVR M I kr ja SVR M I edellytt\u00e4v\u00e4t 15 ja SVR M v\u00e4hint\u00e4\u00e4n 10 palvelusvuotta. K\u00e4yt\u00e4nn\u00f6ss\u00e4 m\u00e4\u00e4r\u00e4ajat ovat kuitenkin pidempi\u00e4.<\/p>\n\n\n\n<p>Ylemp\u00e4\u00e4 kunniamerkki\u00e4 voidaan esitt\u00e4\u00e4&nbsp;<strong>aikaisintaan seitsem\u00e4n (7) vuoden kuluttua<\/strong>&nbsp;edellisen kunniamerkin saamisesta. Henkil\u00f6lle, jolle tasavallan presidentti on my\u00f6nt\u00e4nyt arvonimen, voidaan p\u00e4\u00e4s\u00e4\u00e4nt\u00f6isesti my\u00f6nt\u00e4\u00e4 kunniamerkki aikaisintaan seitsem\u00e4n (7) vuoden kuluttua arvonimen my\u00f6nt\u00e4misest\u00e4. Arvonimi voidaan my\u00f6nt\u00e4\u00e4 aikaisintaan viiden (5) vuoden kuluttua kunniamerkin my\u00f6nt\u00e4misest\u00e4.&nbsp;<em>Toisen kunniamerkin saaminen<\/em>&nbsp;edellytt\u00e4\u00e4&nbsp;<strong>aina saajan virka-aseman, toimenkuvan tai ty\u00f6teht\u00e4v\u00e4n muuttumista entist\u00e4 vaativammaksi ja henkil\u00f6n erityist\u00e4 ansioituneisuutta uusissa teht\u00e4viss\u00e4\u00e4n.<\/strong><\/p>\n\n\n\n<p>Lis\u00e4tietoja valtiollisista kunniamerkeist\u00e4 l\u00f6ytyy osoitteessa&nbsp;<a href=\"http:\/\/www.ritarikunnat.fi\/\">www.ritarikunnat.fi<\/a>.<\/p>\n\n\n\n<h3 class=\"wp-block-heading\">Kunniamerkkiehdotuslomakkeen t\u00e4ytt\u00e4misohjeita<\/h3>\n\n\n\n<ul class=\"wp-block-list\">\n<li><strong>Lomakkeen huolellinen t\u00e4ytt\u00e4minen ja hyv\u00e4t perustelut ovat ehtona kunniamerkin my\u00f6nt\u00e4miselle. Puutteellisesti t\u00e4ytetty\u00e4 ehdotusta ei oteta k\u00e4sitelt\u00e4v\u00e4ksi<\/strong>.<\/li>\n\n\n\n<li>Kiinnitt\u00e4k\u00e4\u00e4 erityisesti huomiota seuraaviin:\n<ul class=\"wp-block-list\">\n<li>Hakemus tulee tulostaa&nbsp;<strong>kaksipuolisena<\/strong><\/li>\n\n\n\n<li>Ehdokkaan&nbsp;<strong>kutsumanimi tulee kirjoittaa isoilla kirjaimilla<\/strong><\/li>\n\n\n\n<li>Kohta A3 \u201dSuostumus lunastusmaksuun\u201d kannattaa rastittaa ja edelleen kohdat A 4a\/4b t\u00e4ytt\u00e4\u00e4, vaikka lunastusmaksut menev\u00e4tkin vasta ritarimerkist\u00e4 yl\u00f6sp\u00e4in.<\/li>\n\n\n\n<li>Ehdotettava kunniamerkki (virallinen kirjainyhdistelm\u00e4) on merkitt\u00e4v\u00e4 lomakkeeseen.<\/li>\n<\/ul>\n<\/li>\n\n\n\n<li><strong>Perustelut<\/strong>&nbsp;on syyt\u00e4 kirjoittaa mahdollisimman kattavasti:\n<ul class=\"wp-block-list\">\n<li>T\u00e4rke\u00e4t aloitteet ja saavutukset sek\u00e4 p\u00e4\u00e4toimen ohella mahdollisesti hoidetut luottamus- tai muut toimet.<\/li>\n\n\n\n<li>Kunnan ja esimerkiksi urheiluseurojen luottamustoimet<\/li>\n\n\n\n<li>Reservin upseerin arvon merkitseminen on t\u00e4rke\u00e4\u00e4 ja erityisen huomioitavaa se on haettaessa ritarimerkkej\u00e4<\/li>\n<\/ul>\n<\/li>\n\n\n\n<li>Ehdotus on&nbsp;<strong>allekirjoitettava!<\/strong><\/li>\n\n\n\n<li><strong>Ehdotuksiin ei saa liitt\u00e4\u00e4 mit\u00e4\u00e4n erillisi\u00e4 selvityksi\u00e4, nimikirjanotteita tai muita liitteit\u00e4.<\/strong><\/li>\n\n\n\n<li>Ehdotuslomakkeiden&nbsp;<strong>alkuper\u00e4iskappaleet ja yhdet kopiot<\/strong>&nbsp;l\u00e4hetet\u00e4\u00e4n Pellervoon.<\/li>\n\n\n\n<li>Laittakaa meille tieto siit\u00e4, kuka vastaa yrityksess\u00e4nne mahdollisiin kunniamerkkiehdotukseen liittyviin lis\u00e4kysymyksiin.<\/li>\n<\/ul>\n\n\n\n<h3 class=\"wp-block-heading\">Yhteenvetolomake ministeri\u00f6lle<\/h3>\n\n\n\n<p>Hakulomakkeen lis\u00e4ksi tulee t\u00e4ytt\u00e4\u00e4 my\u00f6s saatekirje- ja yhteenvetolomake. Esitykset ryhmitell\u00e4\u00e4n kunniamerkeitt\u00e4in suuruusj\u00e4rjestyksess\u00e4 (komentajamerkit, ritarimerkit, ansioristit ja mitalit) aakkostettuina ja vastaava murtoluku laitetaan ao. ehdotuslomakkeen vasempaan yl\u00e4kulmaan.<\/p>\n\n\n\n<p>Kunniamerkkien vastaanottotapa merkit\u00e4\u00e4n t\u00e4h\u00e4n kaavakkeeseen. Mik\u00e4li haluatte noutaa kunniamerkkinne Pellervolta kannakeneulat ommeltuina, laittakaa \u201dnoudetaan\u201d kohtaan viel\u00e4 lis\u00e4maininta \u201dnoutajana Osuuskuntien Keskusj\u00e4rjest\u00f6 Pellervo\u201d.<\/p>\n\n\n\n<p><strong>Muistattehan allekirjoittaa yhteenvetolomakkeen!<\/strong><\/p>\n\n\n\n<h3 class=\"wp-block-heading\">Kunniamerkkien toimittaminen saajille ja niiden ompelutus<\/h3>\n\n\n\n<p>Ritarikuntien kanslia toimittaa kaikki my\u00f6nnetyt kunniamerkit p\u00e4\u00e4s\u00e4\u00e4nt\u00f6isesti joulukuun aikana esityksen tehneille ministeri\u00f6ille, joiden teht\u00e4v\u00e4n\u00e4 on huolehtia kunniamerkkien edelleen jakelusta. Ministeri\u00f6t toteuttavat t\u00e4m\u00e4n yleens\u00e4 joko kuluvan vuoden lopussa tai seuraavan vuoden alussa. Jakeluaikataulu ei ole Pellervon vaikutettavissa.<\/p>\n\n\n\n<p>Merkit toimitetaan ompelemattomina ilman kannakeneulaa, joten mahdolliseen ompelutukseen kannattaa varata aikaa. T\u00e4m\u00e4 on syyt\u00e4 huomioida, kun suunnitellaan kunniamerkkien luovutustilaisuuksia.<\/p>\n\n\n\n<p>Mik\u00e4li toivotte saavanne kunniamerkit l\u00e4hetettyin\u00e4, hoitaa ministeri\u00f6 postituksen teille suoraan. <\/p>\n\n\n\n<p><em>Poikkeuksena<\/em>&nbsp;ovat tasavallan presidentin linnaan itsen\u00e4isyysp\u00e4iv\u00e4juhlan kutsun saaneet henkil\u00f6t, jotka voivat noutaa kunniamerkkins\u00e4 Ritarikuntien kansliasta S\u00e4\u00e4tytalolta kolme arkip\u00e4iv\u00e4\u00e4 ennen itsen\u00e4isyysp\u00e4iv\u00e4\u00e4 klo 10\u201314. Hakup\u00e4iv\u00e4 tulee sopia s\u00e4hk\u00f6postitse etuk\u00e4teen&nbsp;<strong>(<\/strong><a href=\"mailto:info@ritarikunnat.fi\">info@ritarikunnat.fi<\/a><strong>).<\/strong>&nbsp;Noudettaessa pyydet\u00e4\u00e4n esitt\u00e4m\u00e4\u00e4n kutsu presidentin vastaanotolle.<\/p>\n\n\n\n<h3 class=\"wp-block-heading\">Lis\u00e4tiedot<\/h3>\n\n\n\n<p><a href=\"mailto:toimisto@pellervo.fi\">toimisto@pellervo.fi<\/a><\/p>\n\n\n\n<h3 class=\"wp-block-heading\"><br>Valtiollisten kunniamerkkien hakemiseen liittyv\u00e4t tiedostot<\/h3>\n\n\n\n<p><span style=\"text-decoration: underline;\"><a href=\"https:\/\/pellervo.fi\/wp-content\/uploads\/2024\/06\/KUNNIAMERKKIEHDOTUSLOMAKe.pdf\" target=\"_blank\" rel=\"noreferrer noopener\">KUNNIAMERKKIEHDOTUSLOMAKE (pdf)<\/a><br><a href=\"https:\/\/pellervo.fi\/wp-content\/uploads\/2024\/06\/tayttoohje-kunniamerkkiehdotuslomakkeelle.pdf\" target=\"_blank\" rel=\"noreferrer noopener\">tayttoohje kunniamerkkiehdotuslomakkeelle (pdf)<\/a><br><a href=\"https:\/\/pellervo.fi\/wp-content\/uploads\/2024\/06\/yhteenvetolomake.docx\" target=\"_blank\" rel=\"noreferrer noopener\">yhteenvetolomake (docx)<\/a><br><a href=\"https:\/\/pellervo.fi\/wp-content\/uploads\/2024\/06\/esimerkki-yhteenvetolomake.pdf\" target=\"_blank\" rel=\"noreferrer noopener\">esimerkki, yhteenvetolomake (pdf)<\/a><br><a href=\"https:\/\/pellervo.fi\/wp-content\/uploads\/2024\/06\/tietosuojaseloste.pdf\" target=\"_blank\" rel=\"noreferrer noopener\">Pellervon tietosuojaseloste (pdf)<\/a><\/span><br><\/p>\n\n\n","protected":false},"excerpt":{"rendered":"<p>J\u00e4senyritykset voivat hakea itsen\u00e4isyysp\u00e4iv\u00e4n\u00e4 jaettevia Suomen Valkoisen Ruusun ja Suomen Leijonan ritarikuntien kunniamerkkej\u00e4 Pellervon kautta. T\u00e4llaisen kunniamerkin saaminen edellytt\u00e4\u00e4 Suomen Valkoisen Ruusun (SVR) ritarikunnan ohjes\u00e4\u00e4nn\u00f6n mukaan ansioituneisuutta is\u00e4nmaan palveluksessa ja Suomen Leijonan (SL) ritarikunnan perustamisesta annetun asetuksen mukaan huomattavia siviili- tai sotilaallisia ansioita. Hakeminen tapahtuu postitse, lomakkeet voi ladata sivun alalaidasta. Materiaalin viimeinen l\u00e4hetysp\u00e4iv\u00e4 on&nbsp;torstaina<\/p>\n","protected":false},"author":5,"featured_media":897856,"comment_status":"closed","ping_status":"closed","sticky":false,"template":"","format":"standard","meta":{"inline_featured_image":false,"_monsterinsights_skip_tracking":false,"_monsterinsights_sitenote_active":false,"_monsterinsights_sitenote_note":"","_monsterinsights_sitenote_category":0,"site-sidebar-layout":"default","site-content-layout":"","ast-site-content-layout":"default","site-content-style":"default","site-sidebar-style":"default","ast-global-header-display":"","ast-banner-title-visibility":"","ast-main-header-display":"","ast-hfb-above-header-display":"","ast-hfb-below-header-display":"","ast-hfb-mobile-header-display":"","site-post-title":"","ast-breadcrumbs-content":"","ast-featured-img":"","footer-sml-layout":"","ast-disable-related-posts":"","theme-transparent-header-meta":"","adv-header-id-meta":"","stick-header-meta":"","header-above-stick-meta":"","header-main-stick-meta":"","header-below-stick-meta":"","astra-migrate-meta-layouts":"set","ast-page-background-enabled":"default","ast-page-background-meta":{"desktop":{"background-color":"","background-image":"","background-repeat":"repeat","background-position":"center center","background-size":"auto","background-attachment":"scroll","background-type":"","background-media":"","overlay-type":"","overlay-color":"","overlay-opacity":"","overlay-gradient":""},"tablet":{"background-color":"","background-image":"","background-repeat":"repeat","background-position":"center center","background-size":"auto","background-attachment":"scroll","background-type":"","background-media":"","overlay-type":"","overlay-color":"","overlay-opacity":"","overlay-gradient":""},"mobile":{"background-color":"","background-image":"","background-repeat":"repeat","background-position":"center center","background-size":"auto","background-attachment":"scroll","background-type":"","background-media":"","overlay-type":"","overlay-color":"","overlay-opacity":"","overlay-gradient":""}},"ast-content-background-meta":{"desktop":{"background-color":"var(--ast-global-color-5)","background-image":"","background-repeat":"repeat","background-position":"center center","background-size":"auto","background-attachment":"scroll","background-type":"","background-media":"","overlay-type":"","overlay-color":"","overlay-opacity":"","overlay-gradient":""},"tablet":{"background-color":"var(--ast-global-color-5)","background-image":"","background-repeat":"repeat","background-position":"center center","background-size":"auto","background-attachment":"scroll","background-type":"","background-media":"","overlay-type":"","overlay-color":"","overlay-opacity":"","overlay-gradient":""},"mobile":{"background-color":"var(--ast-global-color-5)","background-image":"","background-repeat":"repeat","background-position":"center center","background-size":"auto","background-attachment":"scroll","background-type":"","background-media":"","overlay-type":"","overlay-color":"","overlay-opacity":"","overlay-gradient":""}},"_FSMCFIC_featured_image_caption":"","_FSMCFIC_featured_image_nocaption":"","_FSMCFIC_featured_image_hide":"","footnotes":""},"categories":[71],"tags":[],"class_list":["post-900012","post","type-post","status-publish","format-standard","has-post-thumbnail","hentry","category-jarjesto"],"yoast_head":"<!-- This site is optimized with the Yoast SEO plugin v27.5 - https:\/\/yoast.com\/product\/yoast-seo-wordpress\/ -->\n<title>Valtiollisten kunniamerkkien hakuaika on nyt - Pellervo<\/title>\n<meta name=\"robots\" content=\"index, follow, max-snippet:-1, max-image-preview:large, max-video-preview:-1\" \/>\n<link rel=\"canonical\" href=\"https:\/\/pellervo.fi\/jarjesto\/2025\/03\/19\/valtiollisten-kunniamerkkien-hakuaika-on-nyt-2\/\" \/>\n<meta property=\"og:locale\" content=\"en_US\" \/>\n<meta property=\"og:type\" content=\"article\" \/>\n<meta property=\"og:title\" content=\"Valtiollisten kunniamerkkien hakuaika on nyt - Pellervo\" \/>\n<meta property=\"og:description\" content=\"J\u00e4senyritykset voivat hakea itsen\u00e4isyysp\u00e4iv\u00e4n\u00e4 jaettevia Suomen Valkoisen Ruusun ja Suomen Leijonan ritarikuntien kunniamerkkej\u00e4 Pellervon kautta. T\u00e4llaisen kunniamerkin saaminen edellytt\u00e4\u00e4 Suomen Valkoisen Ruusun (SVR) ritarikunnan ohjes\u00e4\u00e4nn\u00f6n mukaan ansioituneisuutta is\u00e4nmaan palveluksessa ja Suomen Leijonan (SL) ritarikunnan perustamisesta annetun asetuksen mukaan huomattavia siviili- tai sotilaallisia ansioita. Hakeminen tapahtuu postitse, lomakkeet voi ladata sivun alalaidasta. Materiaalin viimeinen l\u00e4hetysp\u00e4iv\u00e4 on&nbsp;torstaina\" \/>\n<meta property=\"og:url\" content=\"https:\/\/pellervo.fi\/jarjesto\/2025\/03\/19\/valtiollisten-kunniamerkkien-hakuaika-on-nyt-2\/\" \/>\n<meta property=\"og:site_name\" content=\"Pellervo\" \/>\n<meta property=\"article:published_time\" content=\"2025-03-19T07:48:32+00:00\" \/>\n<meta property=\"article:modified_time\" content=\"2025-03-19T07:51:14+00:00\" \/>\n<meta property=\"og:image\" content=\"https:\/\/pellervo.fi\/wp-content\/uploads\/2024\/06\/Valtiolliset-kunniamerkit_kuvituskuva.png\" \/>\n\t<meta property=\"og:image:width\" content=\"665\" \/>\n\t<meta property=\"og:image:height\" content=\"550\" \/>\n\t<meta property=\"og:image:type\" content=\"image\/png\" \/>\n<meta name=\"author\" content=\"pellervo\" \/>\n<meta name=\"twitter:card\" content=\"summary_large_image\" \/>\n<meta name=\"twitter:creator\" content=\"@PellervoFi\" \/>\n<meta name=\"twitter:site\" content=\"@PellervoFi\" \/>\n<meta name=\"twitter:label1\" content=\"Written by\" \/>\n\t<meta name=\"twitter:data1\" content=\"pellervo\" \/>\n\t<meta name=\"twitter:label2\" content=\"Est. reading time\" \/>\n\t<meta name=\"twitter:data2\" content=\"7 minutes\" \/>\n<script type=\"application\/ld+json\" class=\"yoast-schema-graph\">{\"@context\":\"https:\\\/\\\/schema.org\",\"@graph\":[{\"@type\":\"Article\",\"@id\":\"https:\\\/\\\/pellervo.fi\\\/jarjesto\\\/2025\\\/03\\\/19\\\/valtiollisten-kunniamerkkien-hakuaika-on-nyt-2\\\/#article\",\"isPartOf\":{\"@id\":\"https:\\\/\\\/pellervo.fi\\\/jarjesto\\\/2025\\\/03\\\/19\\\/valtiollisten-kunniamerkkien-hakuaika-on-nyt-2\\\/\"},\"author\":{\"name\":\"pellervo\",\"@id\":\"https:\\\/\\\/pellervo.fi\\\/#\\\/schema\\\/person\\\/4b74d40956937d1367ade81899997e71\"},\"headline\":\"Valtiollisten kunniamerkkien hakuaika on nyt\",\"datePublished\":\"2025-03-19T07:48:32+00:00\",\"dateModified\":\"2025-03-19T07:51:14+00:00\",\"mainEntityOfPage\":{\"@id\":\"https:\\\/\\\/pellervo.fi\\\/jarjesto\\\/2025\\\/03\\\/19\\\/valtiollisten-kunniamerkkien-hakuaika-on-nyt-2\\\/\"},\"wordCount\":1344,\"publisher\":{\"@id\":\"https:\\\/\\\/pellervo.fi\\\/#organization\"},\"image\":{\"@id\":\"https:\\\/\\\/pellervo.fi\\\/jarjesto\\\/2025\\\/03\\\/19\\\/valtiollisten-kunniamerkkien-hakuaika-on-nyt-2\\\/#primaryimage\"},\"thumbnailUrl\":\"https:\\\/\\\/pellervo.fi\\\/wp-content\\\/uploads\\\/2024\\\/06\\\/Valtiolliset-kunniamerkit_kuvituskuva.png\",\"articleSection\":[\"J\u00e4rjest\u00f6\"],\"inLanguage\":\"en-US\"},{\"@type\":\"WebPage\",\"@id\":\"https:\\\/\\\/pellervo.fi\\\/jarjesto\\\/2025\\\/03\\\/19\\\/valtiollisten-kunniamerkkien-hakuaika-on-nyt-2\\\/\",\"url\":\"https:\\\/\\\/pellervo.fi\\\/jarjesto\\\/2025\\\/03\\\/19\\\/valtiollisten-kunniamerkkien-hakuaika-on-nyt-2\\\/\",\"name\":\"Valtiollisten kunniamerkkien hakuaika on nyt - Pellervo\",\"isPartOf\":{\"@id\":\"https:\\\/\\\/pellervo.fi\\\/#website\"},\"primaryImageOfPage\":{\"@id\":\"https:\\\/\\\/pellervo.fi\\\/jarjesto\\\/2025\\\/03\\\/19\\\/valtiollisten-kunniamerkkien-hakuaika-on-nyt-2\\\/#primaryimage\"},\"image\":{\"@id\":\"https:\\\/\\\/pellervo.fi\\\/jarjesto\\\/2025\\\/03\\\/19\\\/valtiollisten-kunniamerkkien-hakuaika-on-nyt-2\\\/#primaryimage\"},\"thumbnailUrl\":\"https:\\\/\\\/pellervo.fi\\\/wp-content\\\/uploads\\\/2024\\\/06\\\/Valtiolliset-kunniamerkit_kuvituskuva.png\",\"datePublished\":\"2025-03-19T07:48:32+00:00\",\"dateModified\":\"2025-03-19T07:51:14+00:00\",\"breadcrumb\":{\"@id\":\"https:\\\/\\\/pellervo.fi\\\/jarjesto\\\/2025\\\/03\\\/19\\\/valtiollisten-kunniamerkkien-hakuaika-on-nyt-2\\\/#breadcrumb\"},\"inLanguage\":\"en-US\",\"potentialAction\":[{\"@type\":\"ReadAction\",\"target\":[\"https:\\\/\\\/pellervo.fi\\\/jarjesto\\\/2025\\\/03\\\/19\\\/valtiollisten-kunniamerkkien-hakuaika-on-nyt-2\\\/\"]}]},{\"@type\":\"ImageObject\",\"inLanguage\":\"en-US\",\"@id\":\"https:\\\/\\\/pellervo.fi\\\/jarjesto\\\/2025\\\/03\\\/19\\\/valtiollisten-kunniamerkkien-hakuaika-on-nyt-2\\\/#primaryimage\",\"url\":\"https:\\\/\\\/pellervo.fi\\\/wp-content\\\/uploads\\\/2024\\\/06\\\/Valtiolliset-kunniamerkit_kuvituskuva.png\",\"contentUrl\":\"https:\\\/\\\/pellervo.fi\\\/wp-content\\\/uploads\\\/2024\\\/06\\\/Valtiolliset-kunniamerkit_kuvituskuva.png\",\"width\":665,\"height\":550,\"caption\":\"Suomen Leijonan ja Valkoisen Ristin Ritarikunnan kunniamerkit kuvana\"},{\"@type\":\"BreadcrumbList\",\"@id\":\"https:\\\/\\\/pellervo.fi\\\/jarjesto\\\/2025\\\/03\\\/19\\\/valtiollisten-kunniamerkkien-hakuaika-on-nyt-2\\\/#breadcrumb\",\"itemListElement\":[{\"@type\":\"ListItem\",\"position\":1,\"name\":\"Koti\",\"item\":\"https:\\\/\\\/pellervo.fi\\\/en\\\/\"},{\"@type\":\"ListItem\",\"position\":2,\"name\":\"Valtiollisten kunniamerkkien hakuaika on nyt\"}]},{\"@type\":\"WebSite\",\"@id\":\"https:\\\/\\\/pellervo.fi\\\/#website\",\"url\":\"https:\\\/\\\/pellervo.fi\\\/\",\"name\":\"Pellervo\",\"description\":\"Osuuskuntien keskusj\u00e4rjest\u00f6\",\"publisher\":{\"@id\":\"https:\\\/\\\/pellervo.fi\\\/#organization\"},\"potentialAction\":[{\"@type\":\"SearchAction\",\"target\":{\"@type\":\"EntryPoint\",\"urlTemplate\":\"https:\\\/\\\/pellervo.fi\\\/?s={search_term_string}\"},\"query-input\":{\"@type\":\"PropertyValueSpecification\",\"valueRequired\":true,\"valueName\":\"search_term_string\"}}],\"inLanguage\":\"en-US\"},{\"@type\":\"Organization\",\"@id\":\"https:\\\/\\\/pellervo.fi\\\/#organization\",\"name\":\"Osuustoimintakeskus Pellervo ry\",\"url\":\"https:\\\/\\\/pellervo.fi\\\/\",\"logo\":{\"@type\":\"ImageObject\",\"inLanguage\":\"en-US\",\"@id\":\"https:\\\/\\\/pellervo.fi\\\/#\\\/schema\\\/logo\\\/image\\\/\",\"url\":\"https:\\\/\\\/pellervo.fi\\\/wp-content\\\/uploads\\\/2020\\\/05\\\/Pellervo_logo.png\",\"contentUrl\":\"https:\\\/\\\/pellervo.fi\\\/wp-content\\\/uploads\\\/2020\\\/05\\\/Pellervo_logo.png\",\"width\":1335,\"height\":376,\"caption\":\"Osuustoimintakeskus Pellervo ry\"},\"image\":{\"@id\":\"https:\\\/\\\/pellervo.fi\\\/#\\\/schema\\\/logo\\\/image\\\/\"},\"sameAs\":[\"https:\\\/\\\/x.com\\\/PellervoFi\"]},{\"@type\":\"Person\",\"@id\":\"https:\\\/\\\/pellervo.fi\\\/#\\\/schema\\\/person\\\/4b74d40956937d1367ade81899997e71\",\"name\":\"pellervo\",\"image\":{\"@type\":\"ImageObject\",\"inLanguage\":\"en-US\",\"@id\":\"https:\\\/\\\/pellervo.fi\\\/wp-content\\\/uploads\\\/2013\\\/11\\\/pellervo_avatar_1384522134-96x96.jpg\",\"url\":\"https:\\\/\\\/pellervo.fi\\\/wp-content\\\/uploads\\\/2013\\\/11\\\/pellervo_avatar_1384522134-96x96.jpg\",\"contentUrl\":\"https:\\\/\\\/pellervo.fi\\\/wp-content\\\/uploads\\\/2013\\\/11\\\/pellervo_avatar_1384522134-96x96.jpg\",\"caption\":\"pellervo\"},\"description\":\"Kuvaus\",\"url\":\"https:\\\/\\\/pellervo.fi\\\/en\\\/author\\\/pellervo\\\/\"}]}<\/script>\n<!-- \/ Yoast SEO plugin. -->","yoast_head_json":{"title":"Valtiollisten kunniamerkkien hakuaika on nyt - Pellervo","robots":{"index":"index","follow":"follow","max-snippet":"max-snippet:-1","max-image-preview":"max-image-preview:large","max-video-preview":"max-video-preview:-1"},"canonical":"https:\/\/pellervo.fi\/jarjesto\/2025\/03\/19\/valtiollisten-kunniamerkkien-hakuaika-on-nyt-2\/","og_locale":"en_US","og_type":"article","og_title":"Valtiollisten kunniamerkkien hakuaika on nyt - Pellervo","og_description":"J\u00e4senyritykset voivat hakea itsen\u00e4isyysp\u00e4iv\u00e4n\u00e4 jaettevia Suomen Valkoisen Ruusun ja Suomen Leijonan ritarikuntien kunniamerkkej\u00e4 Pellervon kautta. T\u00e4llaisen kunniamerkin saaminen edellytt\u00e4\u00e4 Suomen Valkoisen Ruusun (SVR) ritarikunnan ohjes\u00e4\u00e4nn\u00f6n mukaan ansioituneisuutta is\u00e4nmaan palveluksessa ja Suomen Leijonan (SL) ritarikunnan perustamisesta annetun asetuksen mukaan huomattavia siviili- tai sotilaallisia ansioita. Hakeminen tapahtuu postitse, lomakkeet voi ladata sivun alalaidasta. Materiaalin viimeinen l\u00e4hetysp\u00e4iv\u00e4 on&nbsp;torstaina","og_url":"https:\/\/pellervo.fi\/jarjesto\/2025\/03\/19\/valtiollisten-kunniamerkkien-hakuaika-on-nyt-2\/","og_site_name":"Pellervo","article_published_time":"2025-03-19T07:48:32+00:00","article_modified_time":"2025-03-19T07:51:14+00:00","og_image":[{"width":665,"height":550,"url":"https:\/\/pellervo.fi\/wp-content\/uploads\/2024\/06\/Valtiolliset-kunniamerkit_kuvituskuva.png","type":"image\/png"}],"author":"pellervo","twitter_card":"summary_large_image","twitter_creator":"@PellervoFi","twitter_site":"@PellervoFi","twitter_misc":{"Written by":"pellervo","Est. reading time":"7 minutes"},"schema":{"@context":"https:\/\/schema.org","@graph":[{"@type":"Article","@id":"https:\/\/pellervo.fi\/jarjesto\/2025\/03\/19\/valtiollisten-kunniamerkkien-hakuaika-on-nyt-2\/#article","isPartOf":{"@id":"https:\/\/pellervo.fi\/jarjesto\/2025\/03\/19\/valtiollisten-kunniamerkkien-hakuaika-on-nyt-2\/"},"author":{"name":"pellervo","@id":"https:\/\/pellervo.fi\/#\/schema\/person\/4b74d40956937d1367ade81899997e71"},"headline":"Valtiollisten kunniamerkkien hakuaika on nyt","datePublished":"2025-03-19T07:48:32+00:00","dateModified":"2025-03-19T07:51:14+00:00","mainEntityOfPage":{"@id":"https:\/\/pellervo.fi\/jarjesto\/2025\/03\/19\/valtiollisten-kunniamerkkien-hakuaika-on-nyt-2\/"},"wordCount":1344,"publisher":{"@id":"https:\/\/pellervo.fi\/#organization"},"image":{"@id":"https:\/\/pellervo.fi\/jarjesto\/2025\/03\/19\/valtiollisten-kunniamerkkien-hakuaika-on-nyt-2\/#primaryimage"},"thumbnailUrl":"https:\/\/pellervo.fi\/wp-content\/uploads\/2024\/06\/Valtiolliset-kunniamerkit_kuvituskuva.png","articleSection":["J\u00e4rjest\u00f6"],"inLanguage":"en-US"},{"@type":"WebPage","@id":"https:\/\/pellervo.fi\/jarjesto\/2025\/03\/19\/valtiollisten-kunniamerkkien-hakuaika-on-nyt-2\/","url":"https:\/\/pellervo.fi\/jarjesto\/2025\/03\/19\/valtiollisten-kunniamerkkien-hakuaika-on-nyt-2\/","name":"Valtiollisten kunniamerkkien hakuaika on nyt - Pellervo","isPartOf":{"@id":"https:\/\/pellervo.fi\/#website"},"primaryImageOfPage":{"@id":"https:\/\/pellervo.fi\/jarjesto\/2025\/03\/19\/valtiollisten-kunniamerkkien-hakuaika-on-nyt-2\/#primaryimage"},"image":{"@id":"https:\/\/pellervo.fi\/jarjesto\/2025\/03\/19\/valtiollisten-kunniamerkkien-hakuaika-on-nyt-2\/#primaryimage"},"thumbnailUrl":"https:\/\/pellervo.fi\/wp-content\/uploads\/2024\/06\/Valtiolliset-kunniamerkit_kuvituskuva.png","datePublished":"2025-03-19T07:48:32+00:00","dateModified":"2025-03-19T07:51:14+00:00","breadcrumb":{"@id":"https:\/\/pellervo.fi\/jarjesto\/2025\/03\/19\/valtiollisten-kunniamerkkien-hakuaika-on-nyt-2\/#breadcrumb"},"inLanguage":"en-US","potentialAction":[{"@type":"ReadAction","target":["https:\/\/pellervo.fi\/jarjesto\/2025\/03\/19\/valtiollisten-kunniamerkkien-hakuaika-on-nyt-2\/"]}]},{"@type":"ImageObject","inLanguage":"en-US","@id":"https:\/\/pellervo.fi\/jarjesto\/2025\/03\/19\/valtiollisten-kunniamerkkien-hakuaika-on-nyt-2\/#primaryimage","url":"https:\/\/pellervo.fi\/wp-content\/uploads\/2024\/06\/Valtiolliset-kunniamerkit_kuvituskuva.png","contentUrl":"https:\/\/pellervo.fi\/wp-content\/uploads\/2024\/06\/Valtiolliset-kunniamerkit_kuvituskuva.png","width":665,"height":550,"caption":"Suomen Leijonan ja Valkoisen Ristin Ritarikunnan kunniamerkit kuvana"},{"@type":"BreadcrumbList","@id":"https:\/\/pellervo.fi\/jarjesto\/2025\/03\/19\/valtiollisten-kunniamerkkien-hakuaika-on-nyt-2\/#breadcrumb","itemListElement":[{"@type":"ListItem","position":1,"name":"Koti","item":"https:\/\/pellervo.fi\/en\/"},{"@type":"ListItem","position":2,"name":"Valtiollisten kunniamerkkien hakuaika on nyt"}]},{"@type":"WebSite","@id":"https:\/\/pellervo.fi\/#website","url":"https:\/\/pellervo.fi\/","name":"Pellervo","description":"Osuuskuntien keskusj\u00e4rjest\u00f6","publisher":{"@id":"https:\/\/pellervo.fi\/#organization"},"potentialAction":[{"@type":"SearchAction","target":{"@type":"EntryPoint","urlTemplate":"https:\/\/pellervo.fi\/?s={search_term_string}"},"query-input":{"@type":"PropertyValueSpecification","valueRequired":true,"valueName":"search_term_string"}}],"inLanguage":"en-US"},{"@type":"Organization","@id":"https:\/\/pellervo.fi\/#organization","name":"Osuustoimintakeskus Pellervo ry","url":"https:\/\/pellervo.fi\/","logo":{"@type":"ImageObject","inLanguage":"en-US","@id":"https:\/\/pellervo.fi\/#\/schema\/logo\/image\/","url":"https:\/\/pellervo.fi\/wp-content\/uploads\/2020\/05\/Pellervo_logo.png","contentUrl":"https:\/\/pellervo.fi\/wp-content\/uploads\/2020\/05\/Pellervo_logo.png","width":1335,"height":376,"caption":"Osuustoimintakeskus Pellervo ry"},"image":{"@id":"https:\/\/pellervo.fi\/#\/schema\/logo\/image\/"},"sameAs":["https:\/\/x.com\/PellervoFi"]},{"@type":"Person","@id":"https:\/\/pellervo.fi\/#\/schema\/person\/4b74d40956937d1367ade81899997e71","name":"pellervo","image":{"@type":"ImageObject","inLanguage":"en-US","@id":"https:\/\/pellervo.fi\/wp-content\/uploads\/2013\/11\/pellervo_avatar_1384522134-96x96.jpg","url":"https:\/\/pellervo.fi\/wp-content\/uploads\/2013\/11\/pellervo_avatar_1384522134-96x96.jpg","contentUrl":"https:\/\/pellervo.fi\/wp-content\/uploads\/2013\/11\/pellervo_avatar_1384522134-96x96.jpg","caption":"pellervo"},"description":"Kuvaus","url":"https:\/\/pellervo.fi\/en\/author\/pellervo\/"}]}},"_links":{"self":[{"href":"https:\/\/pellervo.fi\/en\/wp-json\/wp\/v2\/posts\/900012","targetHints":{"allow":["GET"]}}],"collection":[{"href":"https:\/\/pellervo.fi\/en\/wp-json\/wp\/v2\/posts"}],"about":[{"href":"https:\/\/pellervo.fi\/en\/wp-json\/wp\/v2\/types\/post"}],"author":[{"embeddable":true,"href":"https:\/\/pellervo.fi\/en\/wp-json\/wp\/v2\/users\/5"}],"replies":[{"embeddable":true,"href":"https:\/\/pellervo.fi\/en\/wp-json\/wp\/v2\/comments?post=900012"}],"version-history":[{"count":2,"href":"https:\/\/pellervo.fi\/en\/wp-json\/wp\/v2\/posts\/900012\/revisions"}],"predecessor-version":[{"id":900014,"href":"https:\/\/pellervo.fi\/en\/wp-json\/wp\/v2\/posts\/900012\/revisions\/900014"}],"wp:featuredmedia":[{"embeddable":true,"href":"https:\/\/pellervo.fi\/en\/wp-json\/wp\/v2\/media\/897856"}],"wp:attachment":[{"href":"https:\/\/pellervo.fi\/en\/wp-json\/wp\/v2\/media?parent=900012"}],"wp:term":[{"taxonomy":"category","embeddable":true,"href":"https:\/\/pellervo.fi\/en\/wp-json\/wp\/v2\/categories?post=900012"},{"taxonomy":"post_tag","embeddable":true,"href":"https:\/\/pellervo.fi\/en\/wp-json\/wp\/v2\/tags?post=900012"}],"curies":[{"name":"wp","href":"https:\/\/api.w.org\/{rel}","templated":true}]}}