{"id":2065,"date":"2013-11-06T14:18:32","date_gmt":"2013-11-06T12:18:32","guid":{"rendered":"http:\/\/pellervo.fi\/?p=2065"},"modified":"2020-06-30T11:53:36","modified_gmt":"2020-06-30T08:53:36","slug":"osuuskunnat-ja-niiden-jasenet-verouudistuksessa","status":"publish","type":"post","link":"https:\/\/pellervo.fi\/sv\/jarjesto\/2013\/11\/06\/osuuskunnat-ja-niiden-jasenet-verouudistuksessa\/","title":{"rendered":"Osuuskunnat ja niiden j\u00e4senet verouudistuksessa"},"content":{"rendered":"<p>Valtiovarainministeri\u00f6n antoi lausuntopyynn\u00f6n Pellervolle 15.10.2013 luonnoksesta hallituksen esitykseksi eduskunnalle elinkeinotulon ja yhteis\u00f6jen varojenjaon verotusta koskevien s\u00e4\u00e4nn\u00f6sten muuttamisesta. Pellervon maanantaina 28.10. antaman lausunnon ydin oli, ett\u00e4 luonnoksessa esitet\u00e4\u00e4n varsin mittava, monipolvinen ja paikoin vaikeaselkoinen verouudistus, jossa puututaan suorastaan osuuskuntamallin perusteisiin. Lausunnossa todettiin, ett\u00e4 ensi vuoteen on osuuskuntien jakaman ylij\u00e4\u00e4m\u00e4n verokohtelun osalta syyt\u00e4 menn\u00e4 nykys\u00e4\u00e4nn\u00f6ksill\u00e4. Tarvittaessa osuuskuntien ja niiden j\u00e4senten verouudistusta varten tulee asettaa valmisteluelin, jossa on mukana osuuskuntien edustus ja laaja osuustoiminnan asiantuntemus.<\/p>\n<p>Osuustoiminnan piirist\u00e4 olemme olleet yhteydess\u00e4 sek\u00e4 eri tahoihin valtionhallinnossa ett\u00e4\u00a0poliittisiin p\u00e4\u00e4t\u00f6ksentekij\u00f6ihin, jotta kiireess\u00e4 ei s\u00e4\u00e4dett\u00e4isi puutteellisesti valmisteltua lains\u00e4\u00e4d\u00e4nt\u00f6\u00e4.<\/p>\n<p>Osuustoiminnan verokohtelu oli ensi kerran esill\u00e4 laajemmassa poliittisessa arvioinnissa talouspoliittisessa ministerivaliokunnassa keskiviikkona 30.10.2013. Asia siirrettiin jatkovalmisteluun. Jatkovalmistelun muoto ja sis\u00e4lt\u00f6 eiv\u00e4t ole viel\u00e4 selvill\u00e4. Uudistusta pyrit\u00e4\u00e4n viem\u00e4\u00e4n l\u00e4pi ilmeisen nopealla aikataululla.<\/p>\n<p>Lis\u00e4tietoa: toimitusjohtaja Sami Karhu, 0400 545\u00a0989, <a href=\"mailto:sami.karhu@pellervo.fi\">sami.karhu@pellervo.fi<\/a>  <\/p>\n","protected":false},"excerpt":{"rendered":"<p>Valtiovarainministeri\u00f6n antoi lausuntopyynn\u00f6n Pellervolle 15.10.2013 luonnoksesta hallituksen esitykseksi eduskunnalle elinkeinotulon ja yhteis\u00f6jen varojenjaon verotusta koskevien s\u00e4\u00e4nn\u00f6sten muuttamisesta. Pellervon maanantaina 28.10. antaman lausunnon ydin oli, ett\u00e4 luonnoksessa esitet\u00e4\u00e4n varsin mittava, monipolvinen ja paikoin vaikeaselkoinen verouudistus, jossa puututaan suorastaan osuuskuntamallin perusteisiin. Lausunnossa todettiin, ett\u00e4 ensi vuoteen on osuuskuntien jakaman ylij\u00e4\u00e4m\u00e4n verokohtelun osalta syyt\u00e4 menn\u00e4 nykys\u00e4\u00e4nn\u00f6ksill\u00e4. Tarvittaessa osuuskuntien<\/p>\n","protected":false},"author":5,"featured_media":0,"comment_status":"open","ping_status":"open","sticky":false,"template":"","format":"standard","meta":{"inline_featured_image":false,"_monsterinsights_skip_tracking":false,"_monsterinsights_sitenote_active":false,"_monsterinsights_sitenote_note":"","_monsterinsights_sitenote_category":0,"site-sidebar-layout":"default","site-content-layout":"","ast-site-content-layout":"default","site-content-style":"default","site-sidebar-style":"default","ast-global-header-display":"","ast-banner-title-visibility":"","ast-main-header-display":"","ast-hfb-above-header-display":"","ast-hfb-below-header-display":"","ast-hfb-mobile-header-display":"","site-post-title":"","ast-breadcrumbs-content":"","ast-featured-img":"","footer-sml-layout":"","ast-disable-related-posts":"","theme-transparent-header-meta":"","adv-header-id-meta":"","stick-header-meta":"","header-above-stick-meta":"","header-main-stick-meta":"","header-below-stick-meta":"","astra-migrate-meta-layouts":"default","ast-page-background-enabled":"default","ast-page-background-meta":{"desktop":{"background-color":"","background-image":"","background-repeat":"repeat","background-position":"center center","background-size":"auto","background-attachment":"scroll","background-type":"","background-media":"","overlay-type":"","overlay-color":"","overlay-opacity":"","overlay-gradient":""},"tablet":{"background-color":"","background-image":"","background-repeat":"repeat","background-position":"center center","background-size":"auto","background-attachment":"scroll","background-type":"","background-media":"","overlay-type":"","overlay-color":"","overlay-opacity":"","overlay-gradient":""},"mobile":{"background-color":"","background-image":"","background-repeat":"repeat","background-position":"center center","background-size":"auto","background-attachment":"scroll","background-type":"","background-media":"","overlay-type":"","overlay-color":"","overlay-opacity":"","overlay-gradient":""}},"ast-content-background-meta":{"desktop":{"background-color":"var(--ast-global-color-5)","background-image":"","background-repeat":"repeat","background-position":"center center","background-size":"auto","background-attachment":"scroll","background-type":"","background-media":"","overlay-type":"","overlay-color":"","overlay-opacity":"","overlay-gradient":""},"tablet":{"background-color":"var(--ast-global-color-5)","background-image":"","background-repeat":"repeat","background-position":"center center","background-size":"auto","background-attachment":"scroll","background-type":"","background-media":"","overlay-type":"","overlay-color":"","overlay-opacity":"","overlay-gradient":""},"mobile":{"background-color":"var(--ast-global-color-5)","background-image":"","background-repeat":"repeat","background-position":"center center","background-size":"auto","background-attachment":"scroll","background-type":"","background-media":"","overlay-type":"","overlay-color":"","overlay-opacity":"","overlay-gradient":""}},"_FSMCFIC_featured_image_caption":"","_FSMCFIC_featured_image_nocaption":"","_FSMCFIC_featured_image_hide":"","footnotes":""},"categories":[71],"tags":[],"class_list":["post-2065","post","type-post","status-publish","format-standard","hentry","category-jarjesto"],"yoast_head":"<!-- This site is optimized with the Yoast SEO plugin v27.5 - https:\/\/yoast.com\/product\/yoast-seo-wordpress\/ -->\n<title>Osuuskunnat ja niiden j\u00e4senet verouudistuksessa - Pellervo<\/title>\n<meta name=\"robots\" content=\"index, follow, max-snippet:-1, max-image-preview:large, max-video-preview:-1\" \/>\n<link rel=\"canonical\" href=\"https:\/\/pellervo.fi\/en\/jarjesto\/2013\/11\/06\/osuuskunnat-ja-niiden-jasenet-verouudistuksessa\/\" \/>\n<meta property=\"og:locale\" content=\"sv_SE\" \/>\n<meta property=\"og:type\" content=\"article\" \/>\n<meta property=\"og:title\" content=\"Osuuskunnat ja niiden j\u00e4senet verouudistuksessa - Pellervo\" \/>\n<meta property=\"og:description\" content=\"Valtiovarainministeri\u00f6n antoi lausuntopyynn\u00f6n Pellervolle 15.10.2013 luonnoksesta hallituksen esitykseksi eduskunnalle elinkeinotulon ja yhteis\u00f6jen varojenjaon verotusta koskevien s\u00e4\u00e4nn\u00f6sten muuttamisesta. Pellervon maanantaina 28.10. antaman lausunnon ydin oli, ett\u00e4 luonnoksessa esitet\u00e4\u00e4n varsin mittava, monipolvinen ja paikoin vaikeaselkoinen verouudistus, jossa puututaan suorastaan osuuskuntamallin perusteisiin. Lausunnossa todettiin, ett\u00e4 ensi vuoteen on osuuskuntien jakaman ylij\u00e4\u00e4m\u00e4n verokohtelun osalta syyt\u00e4 menn\u00e4 nykys\u00e4\u00e4nn\u00f6ksill\u00e4. Tarvittaessa osuuskuntien\" \/>\n<meta property=\"og:url\" content=\"https:\/\/pellervo.fi\/en\/jarjesto\/2013\/11\/06\/osuuskunnat-ja-niiden-jasenet-verouudistuksessa\/\" \/>\n<meta property=\"og:site_name\" content=\"Pellervo\" \/>\n<meta property=\"article:published_time\" content=\"2013-11-06T12:18:32+00:00\" \/>\n<meta property=\"article:modified_time\" content=\"2020-06-30T08:53:36+00:00\" \/>\n<meta property=\"og:image\" content=\"https:\/\/pellervo.fi\/wp-content\/uploads\/2020\/04\/pallo2020.jpg\" \/>\n\t<meta property=\"og:image:width\" content=\"850\" \/>\n\t<meta property=\"og:image:height\" content=\"560\" \/>\n\t<meta property=\"og:image:type\" content=\"image\/jpeg\" \/>\n<meta name=\"author\" content=\"pellervo\" \/>\n<meta name=\"twitter:card\" content=\"summary_large_image\" \/>\n<meta name=\"twitter:creator\" content=\"@PellervoFi\" \/>\n<meta name=\"twitter:site\" content=\"@PellervoFi\" \/>\n<meta name=\"twitter:label1\" content=\"Skriven av\" \/>\n\t<meta name=\"twitter:data1\" content=\"pellervo\" \/>\n\t<meta name=\"twitter:label2\" content=\"Ber\u00e4knad l\u00e4stid\" \/>\n\t<meta name=\"twitter:data2\" content=\"1 minut\" \/>\n<script type=\"application\/ld+json\" class=\"yoast-schema-graph\">{\"@context\":\"https:\\\/\\\/schema.org\",\"@graph\":[{\"@type\":\"Article\",\"@id\":\"https:\\\/\\\/pellervo.fi\\\/en\\\/jarjesto\\\/2013\\\/11\\\/06\\\/osuuskunnat-ja-niiden-jasenet-verouudistuksessa\\\/#article\",\"isPartOf\":{\"@id\":\"https:\\\/\\\/pellervo.fi\\\/en\\\/jarjesto\\\/2013\\\/11\\\/06\\\/osuuskunnat-ja-niiden-jasenet-verouudistuksessa\\\/\"},\"author\":{\"name\":\"pellervo\",\"@id\":\"https:\\\/\\\/pellervo.fi\\\/#\\\/schema\\\/person\\\/4b74d40956937d1367ade81899997e71\"},\"headline\":\"Osuuskunnat ja niiden j\u00e4senet verouudistuksessa\",\"datePublished\":\"2013-11-06T12:18:32+00:00\",\"dateModified\":\"2020-06-30T08:53:36+00:00\",\"mainEntityOfPage\":{\"@id\":\"https:\\\/\\\/pellervo.fi\\\/en\\\/jarjesto\\\/2013\\\/11\\\/06\\\/osuuskunnat-ja-niiden-jasenet-verouudistuksessa\\\/\"},\"wordCount\":157,\"commentCount\":0,\"publisher\":{\"@id\":\"https:\\\/\\\/pellervo.fi\\\/#organization\"},\"articleSection\":[\"J\u00e4rjest\u00f6\"],\"inLanguage\":\"sv-SE\",\"potentialAction\":[{\"@type\":\"CommentAction\",\"name\":\"Comment\",\"target\":[\"https:\\\/\\\/pellervo.fi\\\/en\\\/jarjesto\\\/2013\\\/11\\\/06\\\/osuuskunnat-ja-niiden-jasenet-verouudistuksessa\\\/#respond\"]}]},{\"@type\":\"WebPage\",\"@id\":\"https:\\\/\\\/pellervo.fi\\\/en\\\/jarjesto\\\/2013\\\/11\\\/06\\\/osuuskunnat-ja-niiden-jasenet-verouudistuksessa\\\/\",\"url\":\"https:\\\/\\\/pellervo.fi\\\/en\\\/jarjesto\\\/2013\\\/11\\\/06\\\/osuuskunnat-ja-niiden-jasenet-verouudistuksessa\\\/\",\"name\":\"Osuuskunnat ja niiden j\u00e4senet verouudistuksessa - Pellervo\",\"isPartOf\":{\"@id\":\"https:\\\/\\\/pellervo.fi\\\/#website\"},\"datePublished\":\"2013-11-06T12:18:32+00:00\",\"dateModified\":\"2020-06-30T08:53:36+00:00\",\"breadcrumb\":{\"@id\":\"https:\\\/\\\/pellervo.fi\\\/en\\\/jarjesto\\\/2013\\\/11\\\/06\\\/osuuskunnat-ja-niiden-jasenet-verouudistuksessa\\\/#breadcrumb\"},\"inLanguage\":\"sv-SE\",\"potentialAction\":[{\"@type\":\"ReadAction\",\"target\":[\"https:\\\/\\\/pellervo.fi\\\/en\\\/jarjesto\\\/2013\\\/11\\\/06\\\/osuuskunnat-ja-niiden-jasenet-verouudistuksessa\\\/\"]}]},{\"@type\":\"BreadcrumbList\",\"@id\":\"https:\\\/\\\/pellervo.fi\\\/en\\\/jarjesto\\\/2013\\\/11\\\/06\\\/osuuskunnat-ja-niiden-jasenet-verouudistuksessa\\\/#breadcrumb\",\"itemListElement\":[{\"@type\":\"ListItem\",\"position\":1,\"name\":\"Koti\",\"item\":\"https:\\\/\\\/pellervo.fi\\\/sv\\\/\"},{\"@type\":\"ListItem\",\"position\":2,\"name\":\"Osuuskunnat ja niiden j\u00e4senet verouudistuksessa\"}]},{\"@type\":\"WebSite\",\"@id\":\"https:\\\/\\\/pellervo.fi\\\/#website\",\"url\":\"https:\\\/\\\/pellervo.fi\\\/\",\"name\":\"Pellervo\",\"description\":\"Osuuskuntien keskusj\u00e4rjest\u00f6\",\"publisher\":{\"@id\":\"https:\\\/\\\/pellervo.fi\\\/#organization\"},\"potentialAction\":[{\"@type\":\"SearchAction\",\"target\":{\"@type\":\"EntryPoint\",\"urlTemplate\":\"https:\\\/\\\/pellervo.fi\\\/?s={search_term_string}\"},\"query-input\":{\"@type\":\"PropertyValueSpecification\",\"valueRequired\":true,\"valueName\":\"search_term_string\"}}],\"inLanguage\":\"sv-SE\"},{\"@type\":\"Organization\",\"@id\":\"https:\\\/\\\/pellervo.fi\\\/#organization\",\"name\":\"Osuustoimintakeskus Pellervo ry\",\"url\":\"https:\\\/\\\/pellervo.fi\\\/\",\"logo\":{\"@type\":\"ImageObject\",\"inLanguage\":\"sv-SE\",\"@id\":\"https:\\\/\\\/pellervo.fi\\\/#\\\/schema\\\/logo\\\/image\\\/\",\"url\":\"https:\\\/\\\/pellervo.fi\\\/wp-content\\\/uploads\\\/2020\\\/05\\\/Pellervo_logo.png\",\"contentUrl\":\"https:\\\/\\\/pellervo.fi\\\/wp-content\\\/uploads\\\/2020\\\/05\\\/Pellervo_logo.png\",\"width\":1335,\"height\":376,\"caption\":\"Osuustoimintakeskus Pellervo ry\"},\"image\":{\"@id\":\"https:\\\/\\\/pellervo.fi\\\/#\\\/schema\\\/logo\\\/image\\\/\"},\"sameAs\":[\"https:\\\/\\\/x.com\\\/PellervoFi\"]},{\"@type\":\"Person\",\"@id\":\"https:\\\/\\\/pellervo.fi\\\/#\\\/schema\\\/person\\\/4b74d40956937d1367ade81899997e71\",\"name\":\"pellervo\",\"image\":{\"@type\":\"ImageObject\",\"inLanguage\":\"sv-SE\",\"@id\":\"https:\\\/\\\/pellervo.fi\\\/wp-content\\\/uploads\\\/2013\\\/11\\\/pellervo_avatar_1384522134-96x96.jpg\",\"url\":\"https:\\\/\\\/pellervo.fi\\\/wp-content\\\/uploads\\\/2013\\\/11\\\/pellervo_avatar_1384522134-96x96.jpg\",\"contentUrl\":\"https:\\\/\\\/pellervo.fi\\\/wp-content\\\/uploads\\\/2013\\\/11\\\/pellervo_avatar_1384522134-96x96.jpg\",\"caption\":\"pellervo\"},\"description\":\"Kuvaus\",\"url\":\"https:\\\/\\\/pellervo.fi\\\/sv\\\/author\\\/pellervo\\\/\"}]}<\/script>\n<!-- \/ Yoast SEO plugin. -->","yoast_head_json":{"title":"Osuuskunnat ja niiden j\u00e4senet verouudistuksessa - Pellervo","robots":{"index":"index","follow":"follow","max-snippet":"max-snippet:-1","max-image-preview":"max-image-preview:large","max-video-preview":"max-video-preview:-1"},"canonical":"https:\/\/pellervo.fi\/en\/jarjesto\/2013\/11\/06\/osuuskunnat-ja-niiden-jasenet-verouudistuksessa\/","og_locale":"sv_SE","og_type":"article","og_title":"Osuuskunnat ja niiden j\u00e4senet verouudistuksessa - Pellervo","og_description":"Valtiovarainministeri\u00f6n antoi lausuntopyynn\u00f6n Pellervolle 15.10.2013 luonnoksesta hallituksen esitykseksi eduskunnalle elinkeinotulon ja yhteis\u00f6jen varojenjaon verotusta koskevien s\u00e4\u00e4nn\u00f6sten muuttamisesta. Pellervon maanantaina 28.10. antaman lausunnon ydin oli, ett\u00e4 luonnoksessa esitet\u00e4\u00e4n varsin mittava, monipolvinen ja paikoin vaikeaselkoinen verouudistus, jossa puututaan suorastaan osuuskuntamallin perusteisiin. Lausunnossa todettiin, ett\u00e4 ensi vuoteen on osuuskuntien jakaman ylij\u00e4\u00e4m\u00e4n verokohtelun osalta syyt\u00e4 menn\u00e4 nykys\u00e4\u00e4nn\u00f6ksill\u00e4. Tarvittaessa osuuskuntien","og_url":"https:\/\/pellervo.fi\/en\/jarjesto\/2013\/11\/06\/osuuskunnat-ja-niiden-jasenet-verouudistuksessa\/","og_site_name":"Pellervo","article_published_time":"2013-11-06T12:18:32+00:00","article_modified_time":"2020-06-30T08:53:36+00:00","og_image":[{"width":850,"height":560,"url":"https:\/\/pellervo.fi\/wp-content\/uploads\/2020\/04\/pallo2020.jpg","type":"image\/jpeg"}],"author":"pellervo","twitter_card":"summary_large_image","twitter_creator":"@PellervoFi","twitter_site":"@PellervoFi","twitter_misc":{"Skriven av":"pellervo","Ber\u00e4knad l\u00e4stid":"1 minut"},"schema":{"@context":"https:\/\/schema.org","@graph":[{"@type":"Article","@id":"https:\/\/pellervo.fi\/en\/jarjesto\/2013\/11\/06\/osuuskunnat-ja-niiden-jasenet-verouudistuksessa\/#article","isPartOf":{"@id":"https:\/\/pellervo.fi\/en\/jarjesto\/2013\/11\/06\/osuuskunnat-ja-niiden-jasenet-verouudistuksessa\/"},"author":{"name":"pellervo","@id":"https:\/\/pellervo.fi\/#\/schema\/person\/4b74d40956937d1367ade81899997e71"},"headline":"Osuuskunnat ja niiden j\u00e4senet verouudistuksessa","datePublished":"2013-11-06T12:18:32+00:00","dateModified":"2020-06-30T08:53:36+00:00","mainEntityOfPage":{"@id":"https:\/\/pellervo.fi\/en\/jarjesto\/2013\/11\/06\/osuuskunnat-ja-niiden-jasenet-verouudistuksessa\/"},"wordCount":157,"commentCount":0,"publisher":{"@id":"https:\/\/pellervo.fi\/#organization"},"articleSection":["J\u00e4rjest\u00f6"],"inLanguage":"sv-SE","potentialAction":[{"@type":"CommentAction","name":"Comment","target":["https:\/\/pellervo.fi\/en\/jarjesto\/2013\/11\/06\/osuuskunnat-ja-niiden-jasenet-verouudistuksessa\/#respond"]}]},{"@type":"WebPage","@id":"https:\/\/pellervo.fi\/en\/jarjesto\/2013\/11\/06\/osuuskunnat-ja-niiden-jasenet-verouudistuksessa\/","url":"https:\/\/pellervo.fi\/en\/jarjesto\/2013\/11\/06\/osuuskunnat-ja-niiden-jasenet-verouudistuksessa\/","name":"Osuuskunnat ja niiden j\u00e4senet verouudistuksessa - Pellervo","isPartOf":{"@id":"https:\/\/pellervo.fi\/#website"},"datePublished":"2013-11-06T12:18:32+00:00","dateModified":"2020-06-30T08:53:36+00:00","breadcrumb":{"@id":"https:\/\/pellervo.fi\/en\/jarjesto\/2013\/11\/06\/osuuskunnat-ja-niiden-jasenet-verouudistuksessa\/#breadcrumb"},"inLanguage":"sv-SE","potentialAction":[{"@type":"ReadAction","target":["https:\/\/pellervo.fi\/en\/jarjesto\/2013\/11\/06\/osuuskunnat-ja-niiden-jasenet-verouudistuksessa\/"]}]},{"@type":"BreadcrumbList","@id":"https:\/\/pellervo.fi\/en\/jarjesto\/2013\/11\/06\/osuuskunnat-ja-niiden-jasenet-verouudistuksessa\/#breadcrumb","itemListElement":[{"@type":"ListItem","position":1,"name":"Koti","item":"https:\/\/pellervo.fi\/sv\/"},{"@type":"ListItem","position":2,"name":"Osuuskunnat ja niiden j\u00e4senet verouudistuksessa"}]},{"@type":"WebSite","@id":"https:\/\/pellervo.fi\/#website","url":"https:\/\/pellervo.fi\/","name":"Pellervo","description":"Osuuskuntien keskusj\u00e4rjest\u00f6","publisher":{"@id":"https:\/\/pellervo.fi\/#organization"},"potentialAction":[{"@type":"SearchAction","target":{"@type":"EntryPoint","urlTemplate":"https:\/\/pellervo.fi\/?s={search_term_string}"},"query-input":{"@type":"PropertyValueSpecification","valueRequired":true,"valueName":"search_term_string"}}],"inLanguage":"sv-SE"},{"@type":"Organization","@id":"https:\/\/pellervo.fi\/#organization","name":"Osuustoimintakeskus Pellervo ry","url":"https:\/\/pellervo.fi\/","logo":{"@type":"ImageObject","inLanguage":"sv-SE","@id":"https:\/\/pellervo.fi\/#\/schema\/logo\/image\/","url":"https:\/\/pellervo.fi\/wp-content\/uploads\/2020\/05\/Pellervo_logo.png","contentUrl":"https:\/\/pellervo.fi\/wp-content\/uploads\/2020\/05\/Pellervo_logo.png","width":1335,"height":376,"caption":"Osuustoimintakeskus Pellervo ry"},"image":{"@id":"https:\/\/pellervo.fi\/#\/schema\/logo\/image\/"},"sameAs":["https:\/\/x.com\/PellervoFi"]},{"@type":"Person","@id":"https:\/\/pellervo.fi\/#\/schema\/person\/4b74d40956937d1367ade81899997e71","name":"pellervo","image":{"@type":"ImageObject","inLanguage":"sv-SE","@id":"https:\/\/pellervo.fi\/wp-content\/uploads\/2013\/11\/pellervo_avatar_1384522134-96x96.jpg","url":"https:\/\/pellervo.fi\/wp-content\/uploads\/2013\/11\/pellervo_avatar_1384522134-96x96.jpg","contentUrl":"https:\/\/pellervo.fi\/wp-content\/uploads\/2013\/11\/pellervo_avatar_1384522134-96x96.jpg","caption":"pellervo"},"description":"Kuvaus","url":"https:\/\/pellervo.fi\/sv\/author\/pellervo\/"}]}},"_links":{"self":[{"href":"https:\/\/pellervo.fi\/sv\/wp-json\/wp\/v2\/posts\/2065","targetHints":{"allow":["GET"]}}],"collection":[{"href":"https:\/\/pellervo.fi\/sv\/wp-json\/wp\/v2\/posts"}],"about":[{"href":"https:\/\/pellervo.fi\/sv\/wp-json\/wp\/v2\/types\/post"}],"author":[{"embeddable":true,"href":"https:\/\/pellervo.fi\/sv\/wp-json\/wp\/v2\/users\/5"}],"replies":[{"embeddable":true,"href":"https:\/\/pellervo.fi\/sv\/wp-json\/wp\/v2\/comments?post=2065"}],"version-history":[{"count":1,"href":"https:\/\/pellervo.fi\/sv\/wp-json\/wp\/v2\/posts\/2065\/revisions"}],"predecessor-version":[{"id":887190,"href":"https:\/\/pellervo.fi\/sv\/wp-json\/wp\/v2\/posts\/2065\/revisions\/887190"}],"wp:attachment":[{"href":"https:\/\/pellervo.fi\/sv\/wp-json\/wp\/v2\/media?parent=2065"}],"wp:term":[{"taxonomy":"category","embeddable":true,"href":"https:\/\/pellervo.fi\/sv\/wp-json\/wp\/v2\/categories?post=2065"},{"taxonomy":"post_tag","embeddable":true,"href":"https:\/\/pellervo.fi\/sv\/wp-json\/wp\/v2\/tags?post=2065"}],"curies":[{"name":"wp","href":"https:\/\/api.w.org\/{rel}","templated":true}]}}