{"id":2423,"date":"2013-11-22T12:55:54","date_gmt":"2013-11-22T10:55:54","guid":{"rendered":"http:\/\/pellervo.fi\/?p=2423"},"modified":"2013-11-25T12:52:38","modified_gmt":"2013-11-25T10:52:38","slug":"tamperelaiset-yrittajyyden-opiskelijat-veivat-osaamistaan-ita-timoriin","status":"publish","type":"post","link":"https:\/\/pellervo.fi\/sv\/uutiset\/2013\/11\/22\/tamperelaiset-yrittajyyden-opiskelijat-veivat-osaamistaan-ita-timoriin\/","title":{"rendered":"Tamperelaiset yritt\u00e4jyyden opiskelijat veiv\u00e4t osaamistaan It\u00e4-Timoriin"},"content":{"rendered":"<p>Kahdeksan nuorta tiimiyritt\u00e4j\u00e4\u00e4 Tampereen ammattikorkeakoulun yritt\u00e4jyyden yksik\u00f6st\u00e4 Proakatemiasta suoritti opintojensa viimeisen vaiheen matkustamalla maailman ymp\u00e4ri loka-marraskuussa 2013. Extempo-niminen osuuskunta k\u00e4vi muun muassa It\u00e4-Timorissa, joka on yksi Aasian k\u00f6yhimmist\u00e4 ja maailman nuorimmista valtioista. Tiimi ty\u00f6skenteli It\u00e4-Timorin p\u00e4\u00e4kaupungissa Diliss\u00e4 teht\u00e4v\u00e4n\u00e4\u00e4n maan ensimm\u00e4isen julkisen kirjaston ja sen yhteydess\u00e4 olevan museon kehitt\u00e4minen. Paikka on nimelt\u00e4\u00e4n Xanana Gusm\u00e3o Reading Room, Museum &amp; Art Gallery, ja sen on perustanut maan entisen presidentin, nykyisen p\u00e4\u00e4ministerin <strong>Xanana Gusm\u00e3on<\/strong> vaimo <strong>Kirsty Sword Gusm\u00e3o<\/strong>. Museon kokoelma koostuu lahjoista, jotka on lahjoitettu Gusm\u00e3olle h\u00e4nen presidentti- ja p\u00e4\u00e4ministerikaudellaan.<\/p>\n<p>Reilut kolme vuotta kest\u00e4neiden opintojen aikana hankittuja taitoja hy\u00f6dynnettiin projektissa, jossa autettiin paikallisia toimijoita It\u00e4-Timorin ensimm\u00e4isen ja ainoan julkisen kirjaston kehitt\u00e4mishankkeessa. Tiimi suunnitteli kolmen p\u00e4iv\u00e4n aikana kirjaston ja sen yhteyteen tulevan museon kokonaiskonseptin sek\u00e4 visuaalisen ilmeen ja markkinointitoimenpiteet. Lis\u00e4ksi tiimi loi kulttuurikeskittym\u00e4lle tietokannan, dokumentoi museon esineist\u00f6\u00e4 ja teki toimintamalleja kest\u00e4v\u00e4lle taloudenhoidolle.<\/p>\n<p>Kirjasto\/museo kokoaa It\u00e4-Timorin historian ja tulevaisuuden saman katon alle ja my\u00f6t\u00e4vaikuttaa kansalaisten sivistykseen ja el\u00e4m\u00e4nlaatuun.<\/p>\n<p>\u2013 Koimme, ett\u00e4 t\u00e4m\u00e4n projektin my\u00f6t\u00e4 voimme olla hy\u00f6dyksi it\u00e4-timorilaisten tulevaisuutta ajatellen, tiimil\u00e4iset kertovat.<\/p>\n<p>Hankkeesta p\u00e4\u00e4vastuussa oli uusi-seelantilainen<strong> Del Bovill<\/strong> New Zealand Volunteer Service Abroad \u2013j\u00e4rjest\u00f6st\u00e4.<\/p>\n<p>\u2013 Hienoa ty\u00f6t\u00e4 Extempo! Lyhyess\u00e4 ajassa saitte aikaan merkitt\u00e4vi\u00e4 tuloksia, joita voimme hy\u00f6dynt\u00e4\u00e4 varmasti jatkossa. Saimme paljon ty\u00f6kaluja ja uusia ideoita p\u00e4ivitt\u00e4isiin toimintoihimme, Bovill iloitsee projektin p\u00e4\u00e4tytty\u00e4.<\/p>\n<p>Projekti on osa opintokokonaisuutta, jonka tiimi on nimennyt Camp45:ksi. 45 p\u00e4iv\u00e4\u00e4 kest\u00e4neell\u00e4 maailmanymp\u00e4rimatkalla\u00a0It\u00e4-Timor oli vain yksi etappi. Matka oli tiimin vuosi sitten asettama tavoite, jota varten osuuskuntalaiset ty\u00f6skenteliv\u00e4t ahkerasti\u00a0kerrytt\u00e4\u00e4kseen\u00a0matkakassaansa. Matkan avulla tiimil\u00e4iset halusivat kannustaa my\u00f6s muita toteuttamaan unelmiaan. N\u00e4in syntyi ajatus omien oppien jakamisesta kehittyv\u00e4ss\u00e4 maassa.<\/p>\n<p>\u2013 T\u00e4m\u00e4 matka oli tiimillemme palkinto ja opintojen loppuhuipennus. Eik\u00e4 ole ihan tavallista, ett\u00e4 opintoja voi toteuttaa matkaamalla maailman ymp\u00e4ri, extempolaiset toteavat.<\/p>\n<p>L\u00c4HDE: Exptempo Osuuskunnan tiedote.<\/p>\n<p>[tagline_box backgroundcolor=&#8221;&#8221; shadow=&#8221;no&#8221; border=&#8221;1px&#8221; bordercolor=&#8221;&#8221; highlightposition=&#8221;left&#8221; link=&#8221;http:\/\/camp45.fi\/ target=_blank&#8221; linktarget=&#8221;&#8221; button=&#8221;Siirry t\u00e4st\u00e4&#8221; title=&#8221;&#8221; description=&#8221;Lis\u00e4tietoja ja projektin blogi Camp24 sivustolla&#8221;][\/tagline_box]<\/p>\n<p>&nbsp;  <\/p>\n","protected":false},"excerpt":{"rendered":"<p>Kahdeksan nuorta tiimiyritt\u00e4j\u00e4\u00e4 Tampereen ammattikorkeakoulun yritt\u00e4jyyden yksik\u00f6st\u00e4 Proakatemiasta suoritti opintojensa viimeisen vaiheen matkustamalla maailman ymp\u00e4ri loka-marraskuussa 2013. Extempo-niminen osuuskunta k\u00e4vi muun muassa It\u00e4-Timorissa, joka on yksi Aasian k\u00f6yhimmist\u00e4 ja maailman nuorimmista valtioista. Tiimi ty\u00f6skenteli It\u00e4-Timorin p\u00e4\u00e4kaupungissa Diliss\u00e4 teht\u00e4v\u00e4n\u00e4\u00e4n maan ensimm\u00e4isen julkisen kirjaston ja sen yhteydess\u00e4 olevan museon kehitt\u00e4minen. Paikka on nimelt\u00e4\u00e4n Xanana Gusm\u00e3o Reading Room,<\/p>\n","protected":false},"author":5,"featured_media":0,"comment_status":"open","ping_status":"open","sticky":false,"template":"","format":"standard","meta":{"inline_featured_image":false,"_monsterinsights_skip_tracking":false,"_monsterinsights_sitenote_active":false,"_monsterinsights_sitenote_note":"","_monsterinsights_sitenote_category":0,"site-sidebar-layout":"default","site-content-layout":"","ast-site-content-layout":"default","site-content-style":"default","site-sidebar-style":"default","ast-global-header-display":"","ast-banner-title-visibility":"","ast-main-header-display":"","ast-hfb-above-header-display":"","ast-hfb-below-header-display":"","ast-hfb-mobile-header-display":"","site-post-title":"","ast-breadcrumbs-content":"","ast-featured-img":"","footer-sml-layout":"","ast-disable-related-posts":"","theme-transparent-header-meta":"","adv-header-id-meta":"","stick-header-meta":"","header-above-stick-meta":"","header-main-stick-meta":"","header-below-stick-meta":"","astra-migrate-meta-layouts":"default","ast-page-background-enabled":"default","ast-page-background-meta":{"desktop":{"background-color":"","background-image":"","background-repeat":"repeat","background-position":"center center","background-size":"auto","background-attachment":"scroll","background-type":"","background-media":"","overlay-type":"","overlay-color":"","overlay-opacity":"","overlay-gradient":""},"tablet":{"background-color":"","background-image":"","background-repeat":"repeat","background-position":"center center","background-size":"auto","background-attachment":"scroll","background-type":"","background-media":"","overlay-type":"","overlay-color":"","overlay-opacity":"","overlay-gradient":""},"mobile":{"background-color":"","background-image":"","background-repeat":"repeat","background-position":"center center","background-size":"auto","background-attachment":"scroll","background-type":"","background-media":"","overlay-type":"","overlay-color":"","overlay-opacity":"","overlay-gradient":""}},"ast-content-background-meta":{"desktop":{"background-color":"var(--ast-global-color-5)","background-image":"","background-repeat":"repeat","background-position":"center center","background-size":"auto","background-attachment":"scroll","background-type":"","background-media":"","overlay-type":"","overlay-color":"","overlay-opacity":"","overlay-gradient":""},"tablet":{"background-color":"var(--ast-global-color-5)","background-image":"","background-repeat":"repeat","background-position":"center center","background-size":"auto","background-attachment":"scroll","background-type":"","background-media":"","overlay-type":"","overlay-color":"","overlay-opacity":"","overlay-gradient":""},"mobile":{"background-color":"var(--ast-global-color-5)","background-image":"","background-repeat":"repeat","background-position":"center center","background-size":"auto","background-attachment":"scroll","background-type":"","background-media":"","overlay-type":"","overlay-color":"","overlay-opacity":"","overlay-gradient":""}},"_FSMCFIC_featured_image_caption":"","_FSMCFIC_featured_image_nocaption":"","_FSMCFIC_featured_image_hide":"","footnotes":""},"categories":[22],"tags":[],"class_list":["post-2423","post","type-post","status-publish","format-standard","hentry","category-uutiset"],"yoast_head":"<!-- This site is optimized with the Yoast SEO plugin v27.4 - https:\/\/yoast.com\/product\/yoast-seo-wordpress\/ -->\n<title>Tamperelaiset yritt\u00e4jyyden opiskelijat veiv\u00e4t osaamistaan It\u00e4-Timoriin - Pellervo<\/title>\n<meta name=\"robots\" content=\"index, follow, max-snippet:-1, max-image-preview:large, max-video-preview:-1\" \/>\n<link rel=\"canonical\" href=\"https:\/\/pellervo.fi\/sv\/uutiset\/2013\/11\/22\/tamperelaiset-yrittajyyden-opiskelijat-veivat-osaamistaan-ita-timoriin\/\" \/>\n<meta property=\"og:locale\" content=\"sv_SE\" \/>\n<meta property=\"og:type\" content=\"article\" \/>\n<meta property=\"og:title\" content=\"Tamperelaiset yritt\u00e4jyyden opiskelijat veiv\u00e4t osaamistaan It\u00e4-Timoriin - Pellervo\" \/>\n<meta property=\"og:description\" content=\"Kahdeksan nuorta tiimiyritt\u00e4j\u00e4\u00e4 Tampereen ammattikorkeakoulun yritt\u00e4jyyden yksik\u00f6st\u00e4 Proakatemiasta suoritti opintojensa viimeisen vaiheen matkustamalla maailman ymp\u00e4ri loka-marraskuussa 2013. Extempo-niminen osuuskunta k\u00e4vi muun muassa It\u00e4-Timorissa, joka on yksi Aasian k\u00f6yhimmist\u00e4 ja maailman nuorimmista valtioista. Tiimi ty\u00f6skenteli It\u00e4-Timorin p\u00e4\u00e4kaupungissa Diliss\u00e4 teht\u00e4v\u00e4n\u00e4\u00e4n maan ensimm\u00e4isen julkisen kirjaston ja sen yhteydess\u00e4 olevan museon kehitt\u00e4minen. Paikka on nimelt\u00e4\u00e4n Xanana Gusm\u00e3o Reading Room,\" \/>\n<meta property=\"og:url\" content=\"https:\/\/pellervo.fi\/sv\/uutiset\/2013\/11\/22\/tamperelaiset-yrittajyyden-opiskelijat-veivat-osaamistaan-ita-timoriin\/\" \/>\n<meta property=\"og:site_name\" content=\"Pellervo\" \/>\n<meta property=\"article:published_time\" content=\"2013-11-22T10:55:54+00:00\" \/>\n<meta property=\"article:modified_time\" content=\"2013-11-25T10:52:38+00:00\" \/>\n<meta property=\"og:image\" content=\"https:\/\/pellervo.fi\/wp-content\/uploads\/2020\/04\/pallo2020.jpg\" \/>\n\t<meta property=\"og:image:width\" content=\"850\" \/>\n\t<meta property=\"og:image:height\" content=\"560\" \/>\n\t<meta property=\"og:image:type\" content=\"image\/jpeg\" \/>\n<meta name=\"author\" content=\"pellervo\" \/>\n<meta name=\"twitter:card\" content=\"summary_large_image\" \/>\n<meta name=\"twitter:creator\" content=\"@PellervoFi\" \/>\n<meta name=\"twitter:site\" content=\"@PellervoFi\" \/>\n<meta name=\"twitter:label1\" content=\"Skriven av\" \/>\n\t<meta name=\"twitter:data1\" content=\"pellervo\" \/>\n\t<meta name=\"twitter:label2\" content=\"Ber\u00e4knad l\u00e4stid\" \/>\n\t<meta name=\"twitter:data2\" content=\"2 minuter\" \/>\n<script type=\"application\/ld+json\" class=\"yoast-schema-graph\">{\"@context\":\"https:\\\/\\\/schema.org\",\"@graph\":[{\"@type\":\"Article\",\"@id\":\"https:\\\/\\\/pellervo.fi\\\/sv\\\/uutiset\\\/2013\\\/11\\\/22\\\/tamperelaiset-yrittajyyden-opiskelijat-veivat-osaamistaan-ita-timoriin\\\/#article\",\"isPartOf\":{\"@id\":\"https:\\\/\\\/pellervo.fi\\\/sv\\\/uutiset\\\/2013\\\/11\\\/22\\\/tamperelaiset-yrittajyyden-opiskelijat-veivat-osaamistaan-ita-timoriin\\\/\"},\"author\":{\"name\":\"pellervo\",\"@id\":\"https:\\\/\\\/pellervo.fi\\\/#\\\/schema\\\/person\\\/4b74d40956937d1367ade81899997e71\"},\"headline\":\"Tamperelaiset yritt\u00e4jyyden opiskelijat veiv\u00e4t osaamistaan It\u00e4-Timoriin\",\"datePublished\":\"2013-11-22T10:55:54+00:00\",\"dateModified\":\"2013-11-25T10:52:38+00:00\",\"mainEntityOfPage\":{\"@id\":\"https:\\\/\\\/pellervo.fi\\\/sv\\\/uutiset\\\/2013\\\/11\\\/22\\\/tamperelaiset-yrittajyyden-opiskelijat-veivat-osaamistaan-ita-timoriin\\\/\"},\"wordCount\":388,\"commentCount\":0,\"publisher\":{\"@id\":\"https:\\\/\\\/pellervo.fi\\\/#organization\"},\"articleSection\":[\"Uutiset\"],\"inLanguage\":\"sv-SE\",\"potentialAction\":[{\"@type\":\"CommentAction\",\"name\":\"Comment\",\"target\":[\"https:\\\/\\\/pellervo.fi\\\/sv\\\/uutiset\\\/2013\\\/11\\\/22\\\/tamperelaiset-yrittajyyden-opiskelijat-veivat-osaamistaan-ita-timoriin\\\/#respond\"]}]},{\"@type\":\"WebPage\",\"@id\":\"https:\\\/\\\/pellervo.fi\\\/sv\\\/uutiset\\\/2013\\\/11\\\/22\\\/tamperelaiset-yrittajyyden-opiskelijat-veivat-osaamistaan-ita-timoriin\\\/\",\"url\":\"https:\\\/\\\/pellervo.fi\\\/sv\\\/uutiset\\\/2013\\\/11\\\/22\\\/tamperelaiset-yrittajyyden-opiskelijat-veivat-osaamistaan-ita-timoriin\\\/\",\"name\":\"Tamperelaiset yritt\u00e4jyyden opiskelijat veiv\u00e4t osaamistaan It\u00e4-Timoriin - Pellervo\",\"isPartOf\":{\"@id\":\"https:\\\/\\\/pellervo.fi\\\/#website\"},\"datePublished\":\"2013-11-22T10:55:54+00:00\",\"dateModified\":\"2013-11-25T10:52:38+00:00\",\"breadcrumb\":{\"@id\":\"https:\\\/\\\/pellervo.fi\\\/sv\\\/uutiset\\\/2013\\\/11\\\/22\\\/tamperelaiset-yrittajyyden-opiskelijat-veivat-osaamistaan-ita-timoriin\\\/#breadcrumb\"},\"inLanguage\":\"sv-SE\",\"potentialAction\":[{\"@type\":\"ReadAction\",\"target\":[\"https:\\\/\\\/pellervo.fi\\\/sv\\\/uutiset\\\/2013\\\/11\\\/22\\\/tamperelaiset-yrittajyyden-opiskelijat-veivat-osaamistaan-ita-timoriin\\\/\"]}]},{\"@type\":\"BreadcrumbList\",\"@id\":\"https:\\\/\\\/pellervo.fi\\\/sv\\\/uutiset\\\/2013\\\/11\\\/22\\\/tamperelaiset-yrittajyyden-opiskelijat-veivat-osaamistaan-ita-timoriin\\\/#breadcrumb\",\"itemListElement\":[{\"@type\":\"ListItem\",\"position\":1,\"name\":\"Koti\",\"item\":\"https:\\\/\\\/pellervo.fi\\\/sv\\\/\"},{\"@type\":\"ListItem\",\"position\":2,\"name\":\"Tamperelaiset yritt\u00e4jyyden opiskelijat veiv\u00e4t osaamistaan It\u00e4-Timoriin\"}]},{\"@type\":\"WebSite\",\"@id\":\"https:\\\/\\\/pellervo.fi\\\/#website\",\"url\":\"https:\\\/\\\/pellervo.fi\\\/\",\"name\":\"Pellervo\",\"description\":\"Osuuskuntien keskusj\u00e4rjest\u00f6\",\"publisher\":{\"@id\":\"https:\\\/\\\/pellervo.fi\\\/#organization\"},\"potentialAction\":[{\"@type\":\"SearchAction\",\"target\":{\"@type\":\"EntryPoint\",\"urlTemplate\":\"https:\\\/\\\/pellervo.fi\\\/?s={search_term_string}\"},\"query-input\":{\"@type\":\"PropertyValueSpecification\",\"valueRequired\":true,\"valueName\":\"search_term_string\"}}],\"inLanguage\":\"sv-SE\"},{\"@type\":\"Organization\",\"@id\":\"https:\\\/\\\/pellervo.fi\\\/#organization\",\"name\":\"Osuustoimintakeskus Pellervo ry\",\"url\":\"https:\\\/\\\/pellervo.fi\\\/\",\"logo\":{\"@type\":\"ImageObject\",\"inLanguage\":\"sv-SE\",\"@id\":\"https:\\\/\\\/pellervo.fi\\\/#\\\/schema\\\/logo\\\/image\\\/\",\"url\":\"https:\\\/\\\/pellervo.fi\\\/wp-content\\\/uploads\\\/2020\\\/05\\\/Pellervo_logo.png\",\"contentUrl\":\"https:\\\/\\\/pellervo.fi\\\/wp-content\\\/uploads\\\/2020\\\/05\\\/Pellervo_logo.png\",\"width\":1335,\"height\":376,\"caption\":\"Osuustoimintakeskus Pellervo ry\"},\"image\":{\"@id\":\"https:\\\/\\\/pellervo.fi\\\/#\\\/schema\\\/logo\\\/image\\\/\"},\"sameAs\":[\"https:\\\/\\\/x.com\\\/PellervoFi\"]},{\"@type\":\"Person\",\"@id\":\"https:\\\/\\\/pellervo.fi\\\/#\\\/schema\\\/person\\\/4b74d40956937d1367ade81899997e71\",\"name\":\"pellervo\",\"image\":{\"@type\":\"ImageObject\",\"inLanguage\":\"sv-SE\",\"@id\":\"https:\\\/\\\/pellervo.fi\\\/wp-content\\\/uploads\\\/2013\\\/11\\\/pellervo_avatar_1384522134-96x96.jpg\",\"url\":\"https:\\\/\\\/pellervo.fi\\\/wp-content\\\/uploads\\\/2013\\\/11\\\/pellervo_avatar_1384522134-96x96.jpg\",\"contentUrl\":\"https:\\\/\\\/pellervo.fi\\\/wp-content\\\/uploads\\\/2013\\\/11\\\/pellervo_avatar_1384522134-96x96.jpg\",\"caption\":\"pellervo\"},\"description\":\"Kuvaus\",\"url\":\"https:\\\/\\\/pellervo.fi\\\/sv\\\/author\\\/pellervo\\\/\"}]}<\/script>\n<!-- \/ Yoast SEO plugin. -->","yoast_head_json":{"title":"Tamperelaiset yritt\u00e4jyyden opiskelijat veiv\u00e4t osaamistaan It\u00e4-Timoriin - Pellervo","robots":{"index":"index","follow":"follow","max-snippet":"max-snippet:-1","max-image-preview":"max-image-preview:large","max-video-preview":"max-video-preview:-1"},"canonical":"https:\/\/pellervo.fi\/sv\/uutiset\/2013\/11\/22\/tamperelaiset-yrittajyyden-opiskelijat-veivat-osaamistaan-ita-timoriin\/","og_locale":"sv_SE","og_type":"article","og_title":"Tamperelaiset yritt\u00e4jyyden opiskelijat veiv\u00e4t osaamistaan It\u00e4-Timoriin - Pellervo","og_description":"Kahdeksan nuorta tiimiyritt\u00e4j\u00e4\u00e4 Tampereen ammattikorkeakoulun yritt\u00e4jyyden yksik\u00f6st\u00e4 Proakatemiasta suoritti opintojensa viimeisen vaiheen matkustamalla maailman ymp\u00e4ri loka-marraskuussa 2013. Extempo-niminen osuuskunta k\u00e4vi muun muassa It\u00e4-Timorissa, joka on yksi Aasian k\u00f6yhimmist\u00e4 ja maailman nuorimmista valtioista. Tiimi ty\u00f6skenteli It\u00e4-Timorin p\u00e4\u00e4kaupungissa Diliss\u00e4 teht\u00e4v\u00e4n\u00e4\u00e4n maan ensimm\u00e4isen julkisen kirjaston ja sen yhteydess\u00e4 olevan museon kehitt\u00e4minen. Paikka on nimelt\u00e4\u00e4n Xanana Gusm\u00e3o Reading Room,","og_url":"https:\/\/pellervo.fi\/sv\/uutiset\/2013\/11\/22\/tamperelaiset-yrittajyyden-opiskelijat-veivat-osaamistaan-ita-timoriin\/","og_site_name":"Pellervo","article_published_time":"2013-11-22T10:55:54+00:00","article_modified_time":"2013-11-25T10:52:38+00:00","og_image":[{"width":850,"height":560,"url":"https:\/\/pellervo.fi\/wp-content\/uploads\/2020\/04\/pallo2020.jpg","type":"image\/jpeg"}],"author":"pellervo","twitter_card":"summary_large_image","twitter_creator":"@PellervoFi","twitter_site":"@PellervoFi","twitter_misc":{"Skriven av":"pellervo","Ber\u00e4knad l\u00e4stid":"2 minuter"},"schema":{"@context":"https:\/\/schema.org","@graph":[{"@type":"Article","@id":"https:\/\/pellervo.fi\/sv\/uutiset\/2013\/11\/22\/tamperelaiset-yrittajyyden-opiskelijat-veivat-osaamistaan-ita-timoriin\/#article","isPartOf":{"@id":"https:\/\/pellervo.fi\/sv\/uutiset\/2013\/11\/22\/tamperelaiset-yrittajyyden-opiskelijat-veivat-osaamistaan-ita-timoriin\/"},"author":{"name":"pellervo","@id":"https:\/\/pellervo.fi\/#\/schema\/person\/4b74d40956937d1367ade81899997e71"},"headline":"Tamperelaiset yritt\u00e4jyyden opiskelijat veiv\u00e4t osaamistaan It\u00e4-Timoriin","datePublished":"2013-11-22T10:55:54+00:00","dateModified":"2013-11-25T10:52:38+00:00","mainEntityOfPage":{"@id":"https:\/\/pellervo.fi\/sv\/uutiset\/2013\/11\/22\/tamperelaiset-yrittajyyden-opiskelijat-veivat-osaamistaan-ita-timoriin\/"},"wordCount":388,"commentCount":0,"publisher":{"@id":"https:\/\/pellervo.fi\/#organization"},"articleSection":["Uutiset"],"inLanguage":"sv-SE","potentialAction":[{"@type":"CommentAction","name":"Comment","target":["https:\/\/pellervo.fi\/sv\/uutiset\/2013\/11\/22\/tamperelaiset-yrittajyyden-opiskelijat-veivat-osaamistaan-ita-timoriin\/#respond"]}]},{"@type":"WebPage","@id":"https:\/\/pellervo.fi\/sv\/uutiset\/2013\/11\/22\/tamperelaiset-yrittajyyden-opiskelijat-veivat-osaamistaan-ita-timoriin\/","url":"https:\/\/pellervo.fi\/sv\/uutiset\/2013\/11\/22\/tamperelaiset-yrittajyyden-opiskelijat-veivat-osaamistaan-ita-timoriin\/","name":"Tamperelaiset yritt\u00e4jyyden opiskelijat veiv\u00e4t osaamistaan It\u00e4-Timoriin - Pellervo","isPartOf":{"@id":"https:\/\/pellervo.fi\/#website"},"datePublished":"2013-11-22T10:55:54+00:00","dateModified":"2013-11-25T10:52:38+00:00","breadcrumb":{"@id":"https:\/\/pellervo.fi\/sv\/uutiset\/2013\/11\/22\/tamperelaiset-yrittajyyden-opiskelijat-veivat-osaamistaan-ita-timoriin\/#breadcrumb"},"inLanguage":"sv-SE","potentialAction":[{"@type":"ReadAction","target":["https:\/\/pellervo.fi\/sv\/uutiset\/2013\/11\/22\/tamperelaiset-yrittajyyden-opiskelijat-veivat-osaamistaan-ita-timoriin\/"]}]},{"@type":"BreadcrumbList","@id":"https:\/\/pellervo.fi\/sv\/uutiset\/2013\/11\/22\/tamperelaiset-yrittajyyden-opiskelijat-veivat-osaamistaan-ita-timoriin\/#breadcrumb","itemListElement":[{"@type":"ListItem","position":1,"name":"Koti","item":"https:\/\/pellervo.fi\/sv\/"},{"@type":"ListItem","position":2,"name":"Tamperelaiset yritt\u00e4jyyden opiskelijat veiv\u00e4t osaamistaan It\u00e4-Timoriin"}]},{"@type":"WebSite","@id":"https:\/\/pellervo.fi\/#website","url":"https:\/\/pellervo.fi\/","name":"Pellervo","description":"Osuuskuntien keskusj\u00e4rjest\u00f6","publisher":{"@id":"https:\/\/pellervo.fi\/#organization"},"potentialAction":[{"@type":"SearchAction","target":{"@type":"EntryPoint","urlTemplate":"https:\/\/pellervo.fi\/?s={search_term_string}"},"query-input":{"@type":"PropertyValueSpecification","valueRequired":true,"valueName":"search_term_string"}}],"inLanguage":"sv-SE"},{"@type":"Organization","@id":"https:\/\/pellervo.fi\/#organization","name":"Osuustoimintakeskus Pellervo ry","url":"https:\/\/pellervo.fi\/","logo":{"@type":"ImageObject","inLanguage":"sv-SE","@id":"https:\/\/pellervo.fi\/#\/schema\/logo\/image\/","url":"https:\/\/pellervo.fi\/wp-content\/uploads\/2020\/05\/Pellervo_logo.png","contentUrl":"https:\/\/pellervo.fi\/wp-content\/uploads\/2020\/05\/Pellervo_logo.png","width":1335,"height":376,"caption":"Osuustoimintakeskus Pellervo ry"},"image":{"@id":"https:\/\/pellervo.fi\/#\/schema\/logo\/image\/"},"sameAs":["https:\/\/x.com\/PellervoFi"]},{"@type":"Person","@id":"https:\/\/pellervo.fi\/#\/schema\/person\/4b74d40956937d1367ade81899997e71","name":"pellervo","image":{"@type":"ImageObject","inLanguage":"sv-SE","@id":"https:\/\/pellervo.fi\/wp-content\/uploads\/2013\/11\/pellervo_avatar_1384522134-96x96.jpg","url":"https:\/\/pellervo.fi\/wp-content\/uploads\/2013\/11\/pellervo_avatar_1384522134-96x96.jpg","contentUrl":"https:\/\/pellervo.fi\/wp-content\/uploads\/2013\/11\/pellervo_avatar_1384522134-96x96.jpg","caption":"pellervo"},"description":"Kuvaus","url":"https:\/\/pellervo.fi\/sv\/author\/pellervo\/"}]}},"_links":{"self":[{"href":"https:\/\/pellervo.fi\/sv\/wp-json\/wp\/v2\/posts\/2423","targetHints":{"allow":["GET"]}}],"collection":[{"href":"https:\/\/pellervo.fi\/sv\/wp-json\/wp\/v2\/posts"}],"about":[{"href":"https:\/\/pellervo.fi\/sv\/wp-json\/wp\/v2\/types\/post"}],"author":[{"embeddable":true,"href":"https:\/\/pellervo.fi\/sv\/wp-json\/wp\/v2\/users\/5"}],"replies":[{"embeddable":true,"href":"https:\/\/pellervo.fi\/sv\/wp-json\/wp\/v2\/comments?post=2423"}],"version-history":[{"count":0,"href":"https:\/\/pellervo.fi\/sv\/wp-json\/wp\/v2\/posts\/2423\/revisions"}],"wp:attachment":[{"href":"https:\/\/pellervo.fi\/sv\/wp-json\/wp\/v2\/media?parent=2423"}],"wp:term":[{"taxonomy":"category","embeddable":true,"href":"https:\/\/pellervo.fi\/sv\/wp-json\/wp\/v2\/categories?post=2423"},{"taxonomy":"post_tag","embeddable":true,"href":"https:\/\/pellervo.fi\/sv\/wp-json\/wp\/v2\/tags?post=2423"}],"curies":[{"name":"wp","href":"https:\/\/api.w.org\/{rel}","templated":true}]}}