{"id":262371,"date":"2015-12-14T13:33:24","date_gmt":"2015-12-14T11:33:24","guid":{"rendered":"http:\/\/pellervo.fi\/?p=262371"},"modified":"2015-12-14T13:37:27","modified_gmt":"2015-12-14T11:37:27","slug":"seppo-rytivaaralle-kultainen-gebhard-mitali","status":"publish","type":"post","link":"https:\/\/pellervo.fi\/sv\/uutiset\/2015\/12\/14\/seppo-rytivaaralle-kultainen-gebhard-mitali\/","title":{"rendered":"Seppo Rytivaaralle Kultainen Gebhard-mitali"},"content":{"rendered":"<p><strong>Kainuun Osuuspankin toimitusjohtajalle Seppo Rytivaaralle on my\u00f6nnetty osuustoiminnan Kultainen Gebhard-mitali. Mitalin my\u00f6nsi Pellervo-Seura ry:n hallitus.<\/strong><\/p>\n<p>Perusteluissaan hallitus toteaa, ett\u00e4 Seppo Rytivaara on kokenut ja menestyksek\u00e4s osuuspankkijohtaja ja osuustoimintamies. H\u00e4nen johtamansa Kainuun Osuuspankki on kehittynyt erinomaisesti ja sill\u00e4 on suuri merkitys koko Kainuun kehitykselle. Aikaisemmassa toimessaan ter\u00e4steollisuuskaupunki Raahen Osuuspankin toimitusjohtajana h\u00e4nelle tuli harvinaislaatuisella tavalla tutuksi my\u00f6s yhteiskunnan eri alueet, sek\u00e4 sosiaaliset ett\u00e4 ammatilliset.<\/p>\n<p>Rytivaara on merkitt\u00e4v\u00e4ll\u00e4 tavalla pit\u00e4nyt esill\u00e4 osuustoiminnan perusideaa ja alkujuuria. Suomalaisen osuustoiminnan perustajan Hannes Gebhardin syntym\u00e4n 150-vuotisjuhlavuonna 2014 Kajaanin torille kiinnitettiin Rytivaaran aloitteesta Hannes Gebhardin kainuulaisista juurista kertova muistolaatta. Rytivaaran johtama Kainuun Osuuspankki t\u00e4ytti t\u00e4n\u00e4 vuonna 100 vuotta. Juhlavuoden yhteydess\u00e4 julkaistiin pankin historiikki, jolla on my\u00f6s valtakunnallista ulottuvuutta.<\/p>\n<p>Rytivaara on toiminut ansiokkaasti ja laaja-alaista n\u00e4kemyst\u00e4 edustaen valtakunnallisessa teht\u00e4v\u00e4ss\u00e4 Pellervon valtuuskunnassa j\u00e4senen\u00e4 2010 alkaen ja varapuheenjohtajana 2012 alkaen. H\u00e4nell\u00e4 on my\u00f6s lukuisia muita yhteiskunnallisia teht\u00e4vi\u00e4, mik\u00e4 kertoo osaltaan laajasta kiinnostuksesta talouden ja yhteiskunnan kehitt\u00e4miseen.<\/p>\n<p>Lis\u00e4tietoja Pellervosta toimitusjohtaja Sami Karhulta, <a href=\"mailto:sami.karhu@pellervo.fi\">sami.karhu@pellervo.fi<\/a>, puh. 0400 545\u00a0989.<\/p>\n<p>&nbsp;  <\/p>\n","protected":false},"excerpt":{"rendered":"<p>Kainuun Osuuspankin toimitusjohtajalle Seppo Rytivaaralle on my\u00f6nnetty osuustoiminnan Kultainen Gebhard-mitali. Mitalin my\u00f6nsi Pellervo-Seura ry:n hallitus.<\/p>\n","protected":false},"author":5,"featured_media":260334,"comment_status":"open","ping_status":"open","sticky":false,"template":"","format":"standard","meta":{"inline_featured_image":false,"_monsterinsights_skip_tracking":false,"_monsterinsights_sitenote_active":false,"_monsterinsights_sitenote_note":"","_monsterinsights_sitenote_category":0,"site-sidebar-layout":"default","site-content-layout":"","ast-site-content-layout":"default","site-content-style":"default","site-sidebar-style":"default","ast-global-header-display":"","ast-banner-title-visibility":"","ast-main-header-display":"","ast-hfb-above-header-display":"","ast-hfb-below-header-display":"","ast-hfb-mobile-header-display":"","site-post-title":"","ast-breadcrumbs-content":"","ast-featured-img":"","footer-sml-layout":"","ast-disable-related-posts":"","theme-transparent-header-meta":"","adv-header-id-meta":"","stick-header-meta":"","header-above-stick-meta":"","header-main-stick-meta":"","header-below-stick-meta":"","astra-migrate-meta-layouts":"default","ast-page-background-enabled":"default","ast-page-background-meta":{"desktop":{"background-color":"","background-image":"","background-repeat":"repeat","background-position":"center center","background-size":"auto","background-attachment":"scroll","background-type":"","background-media":"","overlay-type":"","overlay-color":"","overlay-opacity":"","overlay-gradient":""},"tablet":{"background-color":"","background-image":"","background-repeat":"repeat","background-position":"center center","background-size":"auto","background-attachment":"scroll","background-type":"","background-media":"","overlay-type":"","overlay-color":"","overlay-opacity":"","overlay-gradient":""},"mobile":{"background-color":"","background-image":"","background-repeat":"repeat","background-position":"center center","background-size":"auto","background-attachment":"scroll","background-type":"","background-media":"","overlay-type":"","overlay-color":"","overlay-opacity":"","overlay-gradient":""}},"ast-content-background-meta":{"desktop":{"background-color":"var(--ast-global-color-5)","background-image":"","background-repeat":"repeat","background-position":"center center","background-size":"auto","background-attachment":"scroll","background-type":"","background-media":"","overlay-type":"","overlay-color":"","overlay-opacity":"","overlay-gradient":""},"tablet":{"background-color":"var(--ast-global-color-5)","background-image":"","background-repeat":"repeat","background-position":"center center","background-size":"auto","background-attachment":"scroll","background-type":"","background-media":"","overlay-type":"","overlay-color":"","overlay-opacity":"","overlay-gradient":""},"mobile":{"background-color":"var(--ast-global-color-5)","background-image":"","background-repeat":"repeat","background-position":"center center","background-size":"auto","background-attachment":"scroll","background-type":"","background-media":"","overlay-type":"","overlay-color":"","overlay-opacity":"","overlay-gradient":""}},"_FSMCFIC_featured_image_caption":"","_FSMCFIC_featured_image_nocaption":"","_FSMCFIC_featured_image_hide":"","footnotes":""},"categories":[71,22],"tags":[],"class_list":["post-262371","post","type-post","status-publish","format-standard","has-post-thumbnail","hentry","category-jarjesto","category-uutiset"],"yoast_head":"<!-- This site is optimized with the Yoast SEO plugin v27.5 - https:\/\/yoast.com\/product\/yoast-seo-wordpress\/ -->\n<title>Seppo Rytivaaralle Kultainen Gebhard-mitali - Pellervo<\/title>\n<meta name=\"robots\" content=\"index, follow, max-snippet:-1, max-image-preview:large, max-video-preview:-1\" \/>\n<link rel=\"canonical\" href=\"https:\/\/pellervo.fi\/sv\/uutiset\/2015\/12\/14\/seppo-rytivaaralle-kultainen-gebhard-mitali\/\" \/>\n<meta property=\"og:locale\" content=\"sv_SE\" \/>\n<meta property=\"og:type\" content=\"article\" \/>\n<meta property=\"og:title\" content=\"Seppo Rytivaaralle Kultainen Gebhard-mitali - Pellervo\" \/>\n<meta property=\"og:description\" content=\"Kainuun Osuuspankin toimitusjohtajalle Seppo Rytivaaralle on my\u00f6nnetty osuustoiminnan Kultainen Gebhard-mitali. Mitalin my\u00f6nsi Pellervo-Seura ry:n hallitus.\" \/>\n<meta property=\"og:url\" content=\"https:\/\/pellervo.fi\/sv\/uutiset\/2015\/12\/14\/seppo-rytivaaralle-kultainen-gebhard-mitali\/\" \/>\n<meta property=\"og:site_name\" content=\"Pellervo\" \/>\n<meta property=\"article:published_time\" content=\"2015-12-14T11:33:24+00:00\" \/>\n<meta property=\"article:modified_time\" content=\"2015-12-14T11:37:27+00:00\" \/>\n<meta property=\"og:image\" content=\"https:\/\/pellervo.fi\/wp-content\/uploads\/2015\/12\/rytivaara-kultainen-gebhard.jpg\" \/>\n\t<meta property=\"og:image:width\" content=\"650\" \/>\n\t<meta property=\"og:image:height\" content=\"488\" \/>\n\t<meta property=\"og:image:type\" content=\"image\/jpeg\" \/>\n<meta name=\"author\" content=\"pellervo\" \/>\n<meta name=\"twitter:card\" content=\"summary_large_image\" \/>\n<meta name=\"twitter:creator\" content=\"@PellervoFi\" \/>\n<meta name=\"twitter:site\" content=\"@PellervoFi\" \/>\n<meta name=\"twitter:label1\" content=\"Skriven av\" \/>\n\t<meta name=\"twitter:data1\" content=\"pellervo\" \/>\n\t<meta name=\"twitter:label2\" content=\"Ber\u00e4knad l\u00e4stid\" \/>\n\t<meta name=\"twitter:data2\" content=\"1 minut\" \/>\n<script type=\"application\/ld+json\" class=\"yoast-schema-graph\">{\"@context\":\"https:\\\/\\\/schema.org\",\"@graph\":[{\"@type\":\"Article\",\"@id\":\"https:\\\/\\\/pellervo.fi\\\/sv\\\/uutiset\\\/2015\\\/12\\\/14\\\/seppo-rytivaaralle-kultainen-gebhard-mitali\\\/#article\",\"isPartOf\":{\"@id\":\"https:\\\/\\\/pellervo.fi\\\/sv\\\/uutiset\\\/2015\\\/12\\\/14\\\/seppo-rytivaaralle-kultainen-gebhard-mitali\\\/\"},\"author\":{\"name\":\"pellervo\",\"@id\":\"https:\\\/\\\/pellervo.fi\\\/#\\\/schema\\\/person\\\/4b74d40956937d1367ade81899997e71\"},\"headline\":\"Seppo Rytivaaralle Kultainen Gebhard-mitali\",\"datePublished\":\"2015-12-14T11:33:24+00:00\",\"dateModified\":\"2015-12-14T11:37:27+00:00\",\"mainEntityOfPage\":{\"@id\":\"https:\\\/\\\/pellervo.fi\\\/sv\\\/uutiset\\\/2015\\\/12\\\/14\\\/seppo-rytivaaralle-kultainen-gebhard-mitali\\\/\"},\"wordCount\":180,\"commentCount\":0,\"publisher\":{\"@id\":\"https:\\\/\\\/pellervo.fi\\\/#organization\"},\"image\":{\"@id\":\"https:\\\/\\\/pellervo.fi\\\/sv\\\/uutiset\\\/2015\\\/12\\\/14\\\/seppo-rytivaaralle-kultainen-gebhard-mitali\\\/#primaryimage\"},\"thumbnailUrl\":\"https:\\\/\\\/pellervo.fi\\\/wp-content\\\/uploads\\\/2015\\\/12\\\/rytivaara-kultainen-gebhard.jpg\",\"articleSection\":[\"J\u00e4rjest\u00f6\",\"Uutiset\"],\"inLanguage\":\"sv-SE\",\"potentialAction\":[{\"@type\":\"CommentAction\",\"name\":\"Comment\",\"target\":[\"https:\\\/\\\/pellervo.fi\\\/sv\\\/uutiset\\\/2015\\\/12\\\/14\\\/seppo-rytivaaralle-kultainen-gebhard-mitali\\\/#respond\"]}]},{\"@type\":\"WebPage\",\"@id\":\"https:\\\/\\\/pellervo.fi\\\/sv\\\/uutiset\\\/2015\\\/12\\\/14\\\/seppo-rytivaaralle-kultainen-gebhard-mitali\\\/\",\"url\":\"https:\\\/\\\/pellervo.fi\\\/sv\\\/uutiset\\\/2015\\\/12\\\/14\\\/seppo-rytivaaralle-kultainen-gebhard-mitali\\\/\",\"name\":\"Seppo Rytivaaralle Kultainen Gebhard-mitali - Pellervo\",\"isPartOf\":{\"@id\":\"https:\\\/\\\/pellervo.fi\\\/#website\"},\"primaryImageOfPage\":{\"@id\":\"https:\\\/\\\/pellervo.fi\\\/sv\\\/uutiset\\\/2015\\\/12\\\/14\\\/seppo-rytivaaralle-kultainen-gebhard-mitali\\\/#primaryimage\"},\"image\":{\"@id\":\"https:\\\/\\\/pellervo.fi\\\/sv\\\/uutiset\\\/2015\\\/12\\\/14\\\/seppo-rytivaaralle-kultainen-gebhard-mitali\\\/#primaryimage\"},\"thumbnailUrl\":\"https:\\\/\\\/pellervo.fi\\\/wp-content\\\/uploads\\\/2015\\\/12\\\/rytivaara-kultainen-gebhard.jpg\",\"datePublished\":\"2015-12-14T11:33:24+00:00\",\"dateModified\":\"2015-12-14T11:37:27+00:00\",\"breadcrumb\":{\"@id\":\"https:\\\/\\\/pellervo.fi\\\/sv\\\/uutiset\\\/2015\\\/12\\\/14\\\/seppo-rytivaaralle-kultainen-gebhard-mitali\\\/#breadcrumb\"},\"inLanguage\":\"sv-SE\",\"potentialAction\":[{\"@type\":\"ReadAction\",\"target\":[\"https:\\\/\\\/pellervo.fi\\\/sv\\\/uutiset\\\/2015\\\/12\\\/14\\\/seppo-rytivaaralle-kultainen-gebhard-mitali\\\/\"]}]},{\"@type\":\"ImageObject\",\"inLanguage\":\"sv-SE\",\"@id\":\"https:\\\/\\\/pellervo.fi\\\/sv\\\/uutiset\\\/2015\\\/12\\\/14\\\/seppo-rytivaaralle-kultainen-gebhard-mitali\\\/#primaryimage\",\"url\":\"https:\\\/\\\/pellervo.fi\\\/wp-content\\\/uploads\\\/2015\\\/12\\\/rytivaara-kultainen-gebhard.jpg\",\"contentUrl\":\"https:\\\/\\\/pellervo.fi\\\/wp-content\\\/uploads\\\/2015\\\/12\\\/rytivaara-kultainen-gebhard.jpg\",\"width\":650,\"height\":488},{\"@type\":\"BreadcrumbList\",\"@id\":\"https:\\\/\\\/pellervo.fi\\\/sv\\\/uutiset\\\/2015\\\/12\\\/14\\\/seppo-rytivaaralle-kultainen-gebhard-mitali\\\/#breadcrumb\",\"itemListElement\":[{\"@type\":\"ListItem\",\"position\":1,\"name\":\"Koti\",\"item\":\"https:\\\/\\\/pellervo.fi\\\/sv\\\/\"},{\"@type\":\"ListItem\",\"position\":2,\"name\":\"Seppo Rytivaaralle Kultainen Gebhard-mitali\"}]},{\"@type\":\"WebSite\",\"@id\":\"https:\\\/\\\/pellervo.fi\\\/#website\",\"url\":\"https:\\\/\\\/pellervo.fi\\\/\",\"name\":\"Pellervo\",\"description\":\"Osuuskuntien keskusj\u00e4rjest\u00f6\",\"publisher\":{\"@id\":\"https:\\\/\\\/pellervo.fi\\\/#organization\"},\"potentialAction\":[{\"@type\":\"SearchAction\",\"target\":{\"@type\":\"EntryPoint\",\"urlTemplate\":\"https:\\\/\\\/pellervo.fi\\\/?s={search_term_string}\"},\"query-input\":{\"@type\":\"PropertyValueSpecification\",\"valueRequired\":true,\"valueName\":\"search_term_string\"}}],\"inLanguage\":\"sv-SE\"},{\"@type\":\"Organization\",\"@id\":\"https:\\\/\\\/pellervo.fi\\\/#organization\",\"name\":\"Osuustoimintakeskus Pellervo ry\",\"url\":\"https:\\\/\\\/pellervo.fi\\\/\",\"logo\":{\"@type\":\"ImageObject\",\"inLanguage\":\"sv-SE\",\"@id\":\"https:\\\/\\\/pellervo.fi\\\/#\\\/schema\\\/logo\\\/image\\\/\",\"url\":\"https:\\\/\\\/pellervo.fi\\\/wp-content\\\/uploads\\\/2020\\\/05\\\/Pellervo_logo.png\",\"contentUrl\":\"https:\\\/\\\/pellervo.fi\\\/wp-content\\\/uploads\\\/2020\\\/05\\\/Pellervo_logo.png\",\"width\":1335,\"height\":376,\"caption\":\"Osuustoimintakeskus Pellervo ry\"},\"image\":{\"@id\":\"https:\\\/\\\/pellervo.fi\\\/#\\\/schema\\\/logo\\\/image\\\/\"},\"sameAs\":[\"https:\\\/\\\/x.com\\\/PellervoFi\"]},{\"@type\":\"Person\",\"@id\":\"https:\\\/\\\/pellervo.fi\\\/#\\\/schema\\\/person\\\/4b74d40956937d1367ade81899997e71\",\"name\":\"pellervo\",\"image\":{\"@type\":\"ImageObject\",\"inLanguage\":\"sv-SE\",\"@id\":\"https:\\\/\\\/pellervo.fi\\\/wp-content\\\/uploads\\\/2013\\\/11\\\/pellervo_avatar_1384522134-96x96.jpg\",\"url\":\"https:\\\/\\\/pellervo.fi\\\/wp-content\\\/uploads\\\/2013\\\/11\\\/pellervo_avatar_1384522134-96x96.jpg\",\"contentUrl\":\"https:\\\/\\\/pellervo.fi\\\/wp-content\\\/uploads\\\/2013\\\/11\\\/pellervo_avatar_1384522134-96x96.jpg\",\"caption\":\"pellervo\"},\"description\":\"Kuvaus\",\"url\":\"https:\\\/\\\/pellervo.fi\\\/sv\\\/author\\\/pellervo\\\/\"}]}<\/script>\n<!-- \/ Yoast SEO plugin. -->","yoast_head_json":{"title":"Seppo Rytivaaralle Kultainen Gebhard-mitali - Pellervo","robots":{"index":"index","follow":"follow","max-snippet":"max-snippet:-1","max-image-preview":"max-image-preview:large","max-video-preview":"max-video-preview:-1"},"canonical":"https:\/\/pellervo.fi\/sv\/uutiset\/2015\/12\/14\/seppo-rytivaaralle-kultainen-gebhard-mitali\/","og_locale":"sv_SE","og_type":"article","og_title":"Seppo Rytivaaralle Kultainen Gebhard-mitali - Pellervo","og_description":"Kainuun Osuuspankin toimitusjohtajalle Seppo Rytivaaralle on my\u00f6nnetty osuustoiminnan Kultainen Gebhard-mitali. Mitalin my\u00f6nsi Pellervo-Seura ry:n hallitus.","og_url":"https:\/\/pellervo.fi\/sv\/uutiset\/2015\/12\/14\/seppo-rytivaaralle-kultainen-gebhard-mitali\/","og_site_name":"Pellervo","article_published_time":"2015-12-14T11:33:24+00:00","article_modified_time":"2015-12-14T11:37:27+00:00","og_image":[{"width":650,"height":488,"url":"https:\/\/pellervo.fi\/wp-content\/uploads\/2015\/12\/rytivaara-kultainen-gebhard.jpg","type":"image\/jpeg"}],"author":"pellervo","twitter_card":"summary_large_image","twitter_creator":"@PellervoFi","twitter_site":"@PellervoFi","twitter_misc":{"Skriven av":"pellervo","Ber\u00e4knad l\u00e4stid":"1 minut"},"schema":{"@context":"https:\/\/schema.org","@graph":[{"@type":"Article","@id":"https:\/\/pellervo.fi\/sv\/uutiset\/2015\/12\/14\/seppo-rytivaaralle-kultainen-gebhard-mitali\/#article","isPartOf":{"@id":"https:\/\/pellervo.fi\/sv\/uutiset\/2015\/12\/14\/seppo-rytivaaralle-kultainen-gebhard-mitali\/"},"author":{"name":"pellervo","@id":"https:\/\/pellervo.fi\/#\/schema\/person\/4b74d40956937d1367ade81899997e71"},"headline":"Seppo Rytivaaralle Kultainen Gebhard-mitali","datePublished":"2015-12-14T11:33:24+00:00","dateModified":"2015-12-14T11:37:27+00:00","mainEntityOfPage":{"@id":"https:\/\/pellervo.fi\/sv\/uutiset\/2015\/12\/14\/seppo-rytivaaralle-kultainen-gebhard-mitali\/"},"wordCount":180,"commentCount":0,"publisher":{"@id":"https:\/\/pellervo.fi\/#organization"},"image":{"@id":"https:\/\/pellervo.fi\/sv\/uutiset\/2015\/12\/14\/seppo-rytivaaralle-kultainen-gebhard-mitali\/#primaryimage"},"thumbnailUrl":"https:\/\/pellervo.fi\/wp-content\/uploads\/2015\/12\/rytivaara-kultainen-gebhard.jpg","articleSection":["J\u00e4rjest\u00f6","Uutiset"],"inLanguage":"sv-SE","potentialAction":[{"@type":"CommentAction","name":"Comment","target":["https:\/\/pellervo.fi\/sv\/uutiset\/2015\/12\/14\/seppo-rytivaaralle-kultainen-gebhard-mitali\/#respond"]}]},{"@type":"WebPage","@id":"https:\/\/pellervo.fi\/sv\/uutiset\/2015\/12\/14\/seppo-rytivaaralle-kultainen-gebhard-mitali\/","url":"https:\/\/pellervo.fi\/sv\/uutiset\/2015\/12\/14\/seppo-rytivaaralle-kultainen-gebhard-mitali\/","name":"Seppo Rytivaaralle Kultainen Gebhard-mitali - Pellervo","isPartOf":{"@id":"https:\/\/pellervo.fi\/#website"},"primaryImageOfPage":{"@id":"https:\/\/pellervo.fi\/sv\/uutiset\/2015\/12\/14\/seppo-rytivaaralle-kultainen-gebhard-mitali\/#primaryimage"},"image":{"@id":"https:\/\/pellervo.fi\/sv\/uutiset\/2015\/12\/14\/seppo-rytivaaralle-kultainen-gebhard-mitali\/#primaryimage"},"thumbnailUrl":"https:\/\/pellervo.fi\/wp-content\/uploads\/2015\/12\/rytivaara-kultainen-gebhard.jpg","datePublished":"2015-12-14T11:33:24+00:00","dateModified":"2015-12-14T11:37:27+00:00","breadcrumb":{"@id":"https:\/\/pellervo.fi\/sv\/uutiset\/2015\/12\/14\/seppo-rytivaaralle-kultainen-gebhard-mitali\/#breadcrumb"},"inLanguage":"sv-SE","potentialAction":[{"@type":"ReadAction","target":["https:\/\/pellervo.fi\/sv\/uutiset\/2015\/12\/14\/seppo-rytivaaralle-kultainen-gebhard-mitali\/"]}]},{"@type":"ImageObject","inLanguage":"sv-SE","@id":"https:\/\/pellervo.fi\/sv\/uutiset\/2015\/12\/14\/seppo-rytivaaralle-kultainen-gebhard-mitali\/#primaryimage","url":"https:\/\/pellervo.fi\/wp-content\/uploads\/2015\/12\/rytivaara-kultainen-gebhard.jpg","contentUrl":"https:\/\/pellervo.fi\/wp-content\/uploads\/2015\/12\/rytivaara-kultainen-gebhard.jpg","width":650,"height":488},{"@type":"BreadcrumbList","@id":"https:\/\/pellervo.fi\/sv\/uutiset\/2015\/12\/14\/seppo-rytivaaralle-kultainen-gebhard-mitali\/#breadcrumb","itemListElement":[{"@type":"ListItem","position":1,"name":"Koti","item":"https:\/\/pellervo.fi\/sv\/"},{"@type":"ListItem","position":2,"name":"Seppo Rytivaaralle Kultainen Gebhard-mitali"}]},{"@type":"WebSite","@id":"https:\/\/pellervo.fi\/#website","url":"https:\/\/pellervo.fi\/","name":"Pellervo","description":"Osuuskuntien keskusj\u00e4rjest\u00f6","publisher":{"@id":"https:\/\/pellervo.fi\/#organization"},"potentialAction":[{"@type":"SearchAction","target":{"@type":"EntryPoint","urlTemplate":"https:\/\/pellervo.fi\/?s={search_term_string}"},"query-input":{"@type":"PropertyValueSpecification","valueRequired":true,"valueName":"search_term_string"}}],"inLanguage":"sv-SE"},{"@type":"Organization","@id":"https:\/\/pellervo.fi\/#organization","name":"Osuustoimintakeskus Pellervo ry","url":"https:\/\/pellervo.fi\/","logo":{"@type":"ImageObject","inLanguage":"sv-SE","@id":"https:\/\/pellervo.fi\/#\/schema\/logo\/image\/","url":"https:\/\/pellervo.fi\/wp-content\/uploads\/2020\/05\/Pellervo_logo.png","contentUrl":"https:\/\/pellervo.fi\/wp-content\/uploads\/2020\/05\/Pellervo_logo.png","width":1335,"height":376,"caption":"Osuustoimintakeskus Pellervo ry"},"image":{"@id":"https:\/\/pellervo.fi\/#\/schema\/logo\/image\/"},"sameAs":["https:\/\/x.com\/PellervoFi"]},{"@type":"Person","@id":"https:\/\/pellervo.fi\/#\/schema\/person\/4b74d40956937d1367ade81899997e71","name":"pellervo","image":{"@type":"ImageObject","inLanguage":"sv-SE","@id":"https:\/\/pellervo.fi\/wp-content\/uploads\/2013\/11\/pellervo_avatar_1384522134-96x96.jpg","url":"https:\/\/pellervo.fi\/wp-content\/uploads\/2013\/11\/pellervo_avatar_1384522134-96x96.jpg","contentUrl":"https:\/\/pellervo.fi\/wp-content\/uploads\/2013\/11\/pellervo_avatar_1384522134-96x96.jpg","caption":"pellervo"},"description":"Kuvaus","url":"https:\/\/pellervo.fi\/sv\/author\/pellervo\/"}]}},"_links":{"self":[{"href":"https:\/\/pellervo.fi\/sv\/wp-json\/wp\/v2\/posts\/262371","targetHints":{"allow":["GET"]}}],"collection":[{"href":"https:\/\/pellervo.fi\/sv\/wp-json\/wp\/v2\/posts"}],"about":[{"href":"https:\/\/pellervo.fi\/sv\/wp-json\/wp\/v2\/types\/post"}],"author":[{"embeddable":true,"href":"https:\/\/pellervo.fi\/sv\/wp-json\/wp\/v2\/users\/5"}],"replies":[{"embeddable":true,"href":"https:\/\/pellervo.fi\/sv\/wp-json\/wp\/v2\/comments?post=262371"}],"version-history":[{"count":2,"href":"https:\/\/pellervo.fi\/sv\/wp-json\/wp\/v2\/posts\/262371\/revisions"}],"predecessor-version":[{"id":262402,"href":"https:\/\/pellervo.fi\/sv\/wp-json\/wp\/v2\/posts\/262371\/revisions\/262402"}],"wp:featuredmedia":[{"embeddable":true,"href":"https:\/\/pellervo.fi\/sv\/wp-json\/wp\/v2\/media\/260334"}],"wp:attachment":[{"href":"https:\/\/pellervo.fi\/sv\/wp-json\/wp\/v2\/media?parent=262371"}],"wp:term":[{"taxonomy":"category","embeddable":true,"href":"https:\/\/pellervo.fi\/sv\/wp-json\/wp\/v2\/categories?post=262371"},{"taxonomy":"post_tag","embeddable":true,"href":"https:\/\/pellervo.fi\/sv\/wp-json\/wp\/v2\/tags?post=262371"}],"curies":[{"name":"wp","href":"https:\/\/api.w.org\/{rel}","templated":true}]}}