{"id":265193,"date":"2015-12-18T13:50:54","date_gmt":"2015-12-18T11:50:54","guid":{"rendered":"http:\/\/pellervo.fi\/?p=265193"},"modified":"2015-12-18T13:50:54","modified_gmt":"2015-12-18T11:50:54","slug":"martti-asunta-jatkaa-osuustoiminnan-neuvottelukunnan-puheenjohtajana-2","status":"publish","type":"post","link":"https:\/\/pellervo.fi\/sv\/uutiset\/2015\/12\/18\/martti-asunta-jatkaa-osuustoiminnan-neuvottelukunnan-puheenjohtajana-2\/","title":{"rendered":"Martti Asunta jatkaa Osuustoiminnan neuvottelukunnan puheenjohtajana"},"content":{"rendered":"<p><strong>Mets\u00e4neuvos Martti Asunta jatkaa osuustoimintayrityksi\u00e4 ja -organisaatioita laajasti yhdist\u00e4v\u00e4n Osuustoiminnan neuvottelukunnan puheenjohtajana vuonna 2016.<\/strong><\/p>\n<p>\u201dOsuustoiminnan kehitt\u00e4minen on hyv\u00e4ss\u00e4 vedossa. Osuustoimintayrityksen johtamisesta on nyt julkaistu maailmanluokan materiaalia. Osuustoimintatutkimus tuottaa uusia v\u00e4it\u00f6skirjoja, mik\u00e4 kertoo yhdess\u00e4 yritt\u00e4misen malliin liittyv\u00e4st\u00e4 laajasta kiinnostuksesta. Osuustoiminnan opetus laajenee yh\u00e4 ja l\u00f6yt\u00e4\u00e4 uusia menetelmi\u00e4, k\u00e4ynniss\u00e4 on muun muassa MOOC-verkkokurssikokeilu\u201d, toteaa Asunta.<\/p>\n<p>\u201dYritt\u00e4jyyskasvatuksessa erityiskiinnostuksen kohteena ovat lukio-osuuskunnat. Osuustoiminnan joukkoistamisalustan kehitt\u00e4minen avaa uusia mahdollisuuksia. Kun viel\u00e4 lis\u00e4t\u00e4\u00e4n, ett\u00e4 Kansainv\u00e4lisen osuustoimintaliiton ICA:n piiriss\u00e4 on voimakas tahto toteuttaa osuustoiminnan kehityksen vuosikymmentavoitteita, voimme katsoa luottavaisesti tulevaan\u201d, jatkaa Asunta.<\/p>\n<p>Osuustoiminnan neuvottelukunnan varapuheenjohtajana jatkaa professori Jaakko Pehkonen. Filosofian lisensiaatti Sami Karhu jatkaa Neuvottelukunnan sihteerin\u00e4 ja varatuomari Anne Kontkanen asiantuntijana ja p\u00f6yt\u00e4kirjanpit\u00e4j\u00e4n\u00e4. Neuvottelukunnan pysyv\u00e4n\u00e4 asiantuntijana toimii Kansainv\u00e4lisen osuustoimintaliiton hallituksen j\u00e4sen, j\u00e4rjest\u00f6neuvos Anne Santam\u00e4ki SOK:sta. Neuvottelukunta teki valinnat kokouksessaan OP Osuuskunnassa perjantaina 11.12.2015.<\/p>\n<p>Osuustoiminnan neuvottelukunnan j\u00e4senorganisaatiot ovat Pellervo-Seura ry, Suomen Osuuskauppojen Keskuskunta, Osuuskunta Tradeka ja OP Osuuskunta.  <\/p>\n","protected":false},"excerpt":{"rendered":"<p>Mets\u00e4neuvos Martti Asunta jatkaa osuustoimintayrityksi\u00e4 ja -organisaatioita laajasti yhdist\u00e4v\u00e4n Osuustoiminnan neuvottelukunnan puheenjohtajana vuonna 2016.<\/p>\n","protected":false},"author":5,"featured_media":260330,"comment_status":"open","ping_status":"open","sticky":false,"template":"","format":"standard","meta":{"inline_featured_image":false,"_monsterinsights_skip_tracking":false,"_monsterinsights_sitenote_active":false,"_monsterinsights_sitenote_note":"","_monsterinsights_sitenote_category":0,"site-sidebar-layout":"default","site-content-layout":"","ast-site-content-layout":"default","site-content-style":"default","site-sidebar-style":"default","ast-global-header-display":"","ast-banner-title-visibility":"","ast-main-header-display":"","ast-hfb-above-header-display":"","ast-hfb-below-header-display":"","ast-hfb-mobile-header-display":"","site-post-title":"","ast-breadcrumbs-content":"","ast-featured-img":"","footer-sml-layout":"","ast-disable-related-posts":"","theme-transparent-header-meta":"","adv-header-id-meta":"","stick-header-meta":"","header-above-stick-meta":"","header-main-stick-meta":"","header-below-stick-meta":"","astra-migrate-meta-layouts":"default","ast-page-background-enabled":"default","ast-page-background-meta":{"desktop":{"background-color":"","background-image":"","background-repeat":"repeat","background-position":"center center","background-size":"auto","background-attachment":"scroll","background-type":"","background-media":"","overlay-type":"","overlay-color":"","overlay-opacity":"","overlay-gradient":""},"tablet":{"background-color":"","background-image":"","background-repeat":"repeat","background-position":"center center","background-size":"auto","background-attachment":"scroll","background-type":"","background-media":"","overlay-type":"","overlay-color":"","overlay-opacity":"","overlay-gradient":""},"mobile":{"background-color":"","background-image":"","background-repeat":"repeat","background-position":"center center","background-size":"auto","background-attachment":"scroll","background-type":"","background-media":"","overlay-type":"","overlay-color":"","overlay-opacity":"","overlay-gradient":""}},"ast-content-background-meta":{"desktop":{"background-color":"var(--ast-global-color-5)","background-image":"","background-repeat":"repeat","background-position":"center center","background-size":"auto","background-attachment":"scroll","background-type":"","background-media":"","overlay-type":"","overlay-color":"","overlay-opacity":"","overlay-gradient":""},"tablet":{"background-color":"var(--ast-global-color-5)","background-image":"","background-repeat":"repeat","background-position":"center center","background-size":"auto","background-attachment":"scroll","background-type":"","background-media":"","overlay-type":"","overlay-color":"","overlay-opacity":"","overlay-gradient":""},"mobile":{"background-color":"var(--ast-global-color-5)","background-image":"","background-repeat":"repeat","background-position":"center center","background-size":"auto","background-attachment":"scroll","background-type":"","background-media":"","overlay-type":"","overlay-color":"","overlay-opacity":"","overlay-gradient":""}},"_FSMCFIC_featured_image_caption":"","_FSMCFIC_featured_image_nocaption":"","_FSMCFIC_featured_image_hide":"","footnotes":""},"categories":[22],"tags":[],"class_list":["post-265193","post","type-post","status-publish","format-standard","has-post-thumbnail","hentry","category-uutiset"],"yoast_head":"<!-- This site is optimized with the Yoast SEO plugin v27.5 - https:\/\/yoast.com\/product\/yoast-seo-wordpress\/ -->\n<title>Martti Asunta jatkaa Osuustoiminnan neuvottelukunnan puheenjohtajana - Pellervo<\/title>\n<meta name=\"robots\" content=\"index, follow, max-snippet:-1, max-image-preview:large, max-video-preview:-1\" \/>\n<link rel=\"canonical\" href=\"https:\/\/pellervo.fi\/en\/uutiset\/2015\/12\/18\/martti-asunta-jatkaa-osuustoiminnan-neuvottelukunnan-puheenjohtajana-2\/\" \/>\n<meta property=\"og:locale\" content=\"sv_SE\" \/>\n<meta property=\"og:type\" content=\"article\" \/>\n<meta property=\"og:title\" content=\"Martti Asunta jatkaa Osuustoiminnan neuvottelukunnan puheenjohtajana - Pellervo\" \/>\n<meta property=\"og:description\" content=\"Mets\u00e4neuvos Martti Asunta jatkaa osuustoimintayrityksi\u00e4 ja -organisaatioita laajasti yhdist\u00e4v\u00e4n Osuustoiminnan neuvottelukunnan puheenjohtajana vuonna 2016.\" \/>\n<meta property=\"og:url\" content=\"https:\/\/pellervo.fi\/en\/uutiset\/2015\/12\/18\/martti-asunta-jatkaa-osuustoiminnan-neuvottelukunnan-puheenjohtajana-2\/\" \/>\n<meta property=\"og:site_name\" content=\"Pellervo\" \/>\n<meta property=\"article:published_time\" content=\"2015-12-18T11:50:54+00:00\" \/>\n<meta property=\"og:image\" content=\"https:\/\/pellervo.fi\/wp-content\/uploads\/2015\/12\/asunta-valtuuskunta-joulukuu2015.jpg\" \/>\n\t<meta property=\"og:image:width\" content=\"650\" \/>\n\t<meta property=\"og:image:height\" content=\"488\" \/>\n\t<meta property=\"og:image:type\" content=\"image\/jpeg\" \/>\n<meta name=\"author\" content=\"pellervo\" \/>\n<meta name=\"twitter:card\" content=\"summary_large_image\" \/>\n<meta name=\"twitter:creator\" content=\"@PellervoFi\" \/>\n<meta name=\"twitter:site\" content=\"@PellervoFi\" \/>\n<meta name=\"twitter:label1\" content=\"Skriven av\" \/>\n\t<meta name=\"twitter:data1\" content=\"pellervo\" \/>\n\t<meta name=\"twitter:label2\" content=\"Ber\u00e4knad l\u00e4stid\" \/>\n\t<meta name=\"twitter:data2\" content=\"1 minut\" \/>\n<script type=\"application\/ld+json\" class=\"yoast-schema-graph\">{\"@context\":\"https:\\\/\\\/schema.org\",\"@graph\":[{\"@type\":\"Article\",\"@id\":\"https:\\\/\\\/pellervo.fi\\\/en\\\/uutiset\\\/2015\\\/12\\\/18\\\/martti-asunta-jatkaa-osuustoiminnan-neuvottelukunnan-puheenjohtajana-2\\\/#article\",\"isPartOf\":{\"@id\":\"https:\\\/\\\/pellervo.fi\\\/en\\\/uutiset\\\/2015\\\/12\\\/18\\\/martti-asunta-jatkaa-osuustoiminnan-neuvottelukunnan-puheenjohtajana-2\\\/\"},\"author\":{\"name\":\"pellervo\",\"@id\":\"https:\\\/\\\/pellervo.fi\\\/#\\\/schema\\\/person\\\/4b74d40956937d1367ade81899997e71\"},\"headline\":\"Martti Asunta jatkaa Osuustoiminnan neuvottelukunnan puheenjohtajana\",\"datePublished\":\"2015-12-18T11:50:54+00:00\",\"mainEntityOfPage\":{\"@id\":\"https:\\\/\\\/pellervo.fi\\\/en\\\/uutiset\\\/2015\\\/12\\\/18\\\/martti-asunta-jatkaa-osuustoiminnan-neuvottelukunnan-puheenjohtajana-2\\\/\"},\"wordCount\":173,\"commentCount\":0,\"publisher\":{\"@id\":\"https:\\\/\\\/pellervo.fi\\\/#organization\"},\"image\":{\"@id\":\"https:\\\/\\\/pellervo.fi\\\/en\\\/uutiset\\\/2015\\\/12\\\/18\\\/martti-asunta-jatkaa-osuustoiminnan-neuvottelukunnan-puheenjohtajana-2\\\/#primaryimage\"},\"thumbnailUrl\":\"https:\\\/\\\/pellervo.fi\\\/wp-content\\\/uploads\\\/2015\\\/12\\\/asunta-valtuuskunta-joulukuu2015.jpg\",\"articleSection\":[\"Uutiset\"],\"inLanguage\":\"sv-SE\",\"potentialAction\":[{\"@type\":\"CommentAction\",\"name\":\"Comment\",\"target\":[\"https:\\\/\\\/pellervo.fi\\\/en\\\/uutiset\\\/2015\\\/12\\\/18\\\/martti-asunta-jatkaa-osuustoiminnan-neuvottelukunnan-puheenjohtajana-2\\\/#respond\"]}]},{\"@type\":\"WebPage\",\"@id\":\"https:\\\/\\\/pellervo.fi\\\/en\\\/uutiset\\\/2015\\\/12\\\/18\\\/martti-asunta-jatkaa-osuustoiminnan-neuvottelukunnan-puheenjohtajana-2\\\/\",\"url\":\"https:\\\/\\\/pellervo.fi\\\/en\\\/uutiset\\\/2015\\\/12\\\/18\\\/martti-asunta-jatkaa-osuustoiminnan-neuvottelukunnan-puheenjohtajana-2\\\/\",\"name\":\"Martti Asunta jatkaa Osuustoiminnan neuvottelukunnan puheenjohtajana - Pellervo\",\"isPartOf\":{\"@id\":\"https:\\\/\\\/pellervo.fi\\\/#website\"},\"primaryImageOfPage\":{\"@id\":\"https:\\\/\\\/pellervo.fi\\\/en\\\/uutiset\\\/2015\\\/12\\\/18\\\/martti-asunta-jatkaa-osuustoiminnan-neuvottelukunnan-puheenjohtajana-2\\\/#primaryimage\"},\"image\":{\"@id\":\"https:\\\/\\\/pellervo.fi\\\/en\\\/uutiset\\\/2015\\\/12\\\/18\\\/martti-asunta-jatkaa-osuustoiminnan-neuvottelukunnan-puheenjohtajana-2\\\/#primaryimage\"},\"thumbnailUrl\":\"https:\\\/\\\/pellervo.fi\\\/wp-content\\\/uploads\\\/2015\\\/12\\\/asunta-valtuuskunta-joulukuu2015.jpg\",\"datePublished\":\"2015-12-18T11:50:54+00:00\",\"breadcrumb\":{\"@id\":\"https:\\\/\\\/pellervo.fi\\\/en\\\/uutiset\\\/2015\\\/12\\\/18\\\/martti-asunta-jatkaa-osuustoiminnan-neuvottelukunnan-puheenjohtajana-2\\\/#breadcrumb\"},\"inLanguage\":\"sv-SE\",\"potentialAction\":[{\"@type\":\"ReadAction\",\"target\":[\"https:\\\/\\\/pellervo.fi\\\/en\\\/uutiset\\\/2015\\\/12\\\/18\\\/martti-asunta-jatkaa-osuustoiminnan-neuvottelukunnan-puheenjohtajana-2\\\/\"]}]},{\"@type\":\"ImageObject\",\"inLanguage\":\"sv-SE\",\"@id\":\"https:\\\/\\\/pellervo.fi\\\/en\\\/uutiset\\\/2015\\\/12\\\/18\\\/martti-asunta-jatkaa-osuustoiminnan-neuvottelukunnan-puheenjohtajana-2\\\/#primaryimage\",\"url\":\"https:\\\/\\\/pellervo.fi\\\/wp-content\\\/uploads\\\/2015\\\/12\\\/asunta-valtuuskunta-joulukuu2015.jpg\",\"contentUrl\":\"https:\\\/\\\/pellervo.fi\\\/wp-content\\\/uploads\\\/2015\\\/12\\\/asunta-valtuuskunta-joulukuu2015.jpg\",\"width\":650,\"height\":488},{\"@type\":\"BreadcrumbList\",\"@id\":\"https:\\\/\\\/pellervo.fi\\\/en\\\/uutiset\\\/2015\\\/12\\\/18\\\/martti-asunta-jatkaa-osuustoiminnan-neuvottelukunnan-puheenjohtajana-2\\\/#breadcrumb\",\"itemListElement\":[{\"@type\":\"ListItem\",\"position\":1,\"name\":\"Koti\",\"item\":\"https:\\\/\\\/pellervo.fi\\\/sv\\\/\"},{\"@type\":\"ListItem\",\"position\":2,\"name\":\"Martti Asunta jatkaa Osuustoiminnan neuvottelukunnan puheenjohtajana\"}]},{\"@type\":\"WebSite\",\"@id\":\"https:\\\/\\\/pellervo.fi\\\/#website\",\"url\":\"https:\\\/\\\/pellervo.fi\\\/\",\"name\":\"Pellervo\",\"description\":\"Osuuskuntien keskusj\u00e4rjest\u00f6\",\"publisher\":{\"@id\":\"https:\\\/\\\/pellervo.fi\\\/#organization\"},\"potentialAction\":[{\"@type\":\"SearchAction\",\"target\":{\"@type\":\"EntryPoint\",\"urlTemplate\":\"https:\\\/\\\/pellervo.fi\\\/?s={search_term_string}\"},\"query-input\":{\"@type\":\"PropertyValueSpecification\",\"valueRequired\":true,\"valueName\":\"search_term_string\"}}],\"inLanguage\":\"sv-SE\"},{\"@type\":\"Organization\",\"@id\":\"https:\\\/\\\/pellervo.fi\\\/#organization\",\"name\":\"Osuustoimintakeskus Pellervo ry\",\"url\":\"https:\\\/\\\/pellervo.fi\\\/\",\"logo\":{\"@type\":\"ImageObject\",\"inLanguage\":\"sv-SE\",\"@id\":\"https:\\\/\\\/pellervo.fi\\\/#\\\/schema\\\/logo\\\/image\\\/\",\"url\":\"https:\\\/\\\/pellervo.fi\\\/wp-content\\\/uploads\\\/2020\\\/05\\\/Pellervo_logo.png\",\"contentUrl\":\"https:\\\/\\\/pellervo.fi\\\/wp-content\\\/uploads\\\/2020\\\/05\\\/Pellervo_logo.png\",\"width\":1335,\"height\":376,\"caption\":\"Osuustoimintakeskus Pellervo ry\"},\"image\":{\"@id\":\"https:\\\/\\\/pellervo.fi\\\/#\\\/schema\\\/logo\\\/image\\\/\"},\"sameAs\":[\"https:\\\/\\\/x.com\\\/PellervoFi\"]},{\"@type\":\"Person\",\"@id\":\"https:\\\/\\\/pellervo.fi\\\/#\\\/schema\\\/person\\\/4b74d40956937d1367ade81899997e71\",\"name\":\"pellervo\",\"image\":{\"@type\":\"ImageObject\",\"inLanguage\":\"sv-SE\",\"@id\":\"https:\\\/\\\/pellervo.fi\\\/wp-content\\\/uploads\\\/2013\\\/11\\\/pellervo_avatar_1384522134-96x96.jpg\",\"url\":\"https:\\\/\\\/pellervo.fi\\\/wp-content\\\/uploads\\\/2013\\\/11\\\/pellervo_avatar_1384522134-96x96.jpg\",\"contentUrl\":\"https:\\\/\\\/pellervo.fi\\\/wp-content\\\/uploads\\\/2013\\\/11\\\/pellervo_avatar_1384522134-96x96.jpg\",\"caption\":\"pellervo\"},\"description\":\"Kuvaus\",\"url\":\"https:\\\/\\\/pellervo.fi\\\/sv\\\/author\\\/pellervo\\\/\"}]}<\/script>\n<!-- \/ Yoast SEO plugin. -->","yoast_head_json":{"title":"Martti Asunta jatkaa Osuustoiminnan neuvottelukunnan puheenjohtajana - Pellervo","robots":{"index":"index","follow":"follow","max-snippet":"max-snippet:-1","max-image-preview":"max-image-preview:large","max-video-preview":"max-video-preview:-1"},"canonical":"https:\/\/pellervo.fi\/en\/uutiset\/2015\/12\/18\/martti-asunta-jatkaa-osuustoiminnan-neuvottelukunnan-puheenjohtajana-2\/","og_locale":"sv_SE","og_type":"article","og_title":"Martti Asunta jatkaa Osuustoiminnan neuvottelukunnan puheenjohtajana - Pellervo","og_description":"Mets\u00e4neuvos Martti Asunta jatkaa osuustoimintayrityksi\u00e4 ja -organisaatioita laajasti yhdist\u00e4v\u00e4n Osuustoiminnan neuvottelukunnan puheenjohtajana vuonna 2016.","og_url":"https:\/\/pellervo.fi\/en\/uutiset\/2015\/12\/18\/martti-asunta-jatkaa-osuustoiminnan-neuvottelukunnan-puheenjohtajana-2\/","og_site_name":"Pellervo","article_published_time":"2015-12-18T11:50:54+00:00","og_image":[{"width":650,"height":488,"url":"https:\/\/pellervo.fi\/wp-content\/uploads\/2015\/12\/asunta-valtuuskunta-joulukuu2015.jpg","type":"image\/jpeg"}],"author":"pellervo","twitter_card":"summary_large_image","twitter_creator":"@PellervoFi","twitter_site":"@PellervoFi","twitter_misc":{"Skriven av":"pellervo","Ber\u00e4knad l\u00e4stid":"1 minut"},"schema":{"@context":"https:\/\/schema.org","@graph":[{"@type":"Article","@id":"https:\/\/pellervo.fi\/en\/uutiset\/2015\/12\/18\/martti-asunta-jatkaa-osuustoiminnan-neuvottelukunnan-puheenjohtajana-2\/#article","isPartOf":{"@id":"https:\/\/pellervo.fi\/en\/uutiset\/2015\/12\/18\/martti-asunta-jatkaa-osuustoiminnan-neuvottelukunnan-puheenjohtajana-2\/"},"author":{"name":"pellervo","@id":"https:\/\/pellervo.fi\/#\/schema\/person\/4b74d40956937d1367ade81899997e71"},"headline":"Martti Asunta jatkaa Osuustoiminnan neuvottelukunnan puheenjohtajana","datePublished":"2015-12-18T11:50:54+00:00","mainEntityOfPage":{"@id":"https:\/\/pellervo.fi\/en\/uutiset\/2015\/12\/18\/martti-asunta-jatkaa-osuustoiminnan-neuvottelukunnan-puheenjohtajana-2\/"},"wordCount":173,"commentCount":0,"publisher":{"@id":"https:\/\/pellervo.fi\/#organization"},"image":{"@id":"https:\/\/pellervo.fi\/en\/uutiset\/2015\/12\/18\/martti-asunta-jatkaa-osuustoiminnan-neuvottelukunnan-puheenjohtajana-2\/#primaryimage"},"thumbnailUrl":"https:\/\/pellervo.fi\/wp-content\/uploads\/2015\/12\/asunta-valtuuskunta-joulukuu2015.jpg","articleSection":["Uutiset"],"inLanguage":"sv-SE","potentialAction":[{"@type":"CommentAction","name":"Comment","target":["https:\/\/pellervo.fi\/en\/uutiset\/2015\/12\/18\/martti-asunta-jatkaa-osuustoiminnan-neuvottelukunnan-puheenjohtajana-2\/#respond"]}]},{"@type":"WebPage","@id":"https:\/\/pellervo.fi\/en\/uutiset\/2015\/12\/18\/martti-asunta-jatkaa-osuustoiminnan-neuvottelukunnan-puheenjohtajana-2\/","url":"https:\/\/pellervo.fi\/en\/uutiset\/2015\/12\/18\/martti-asunta-jatkaa-osuustoiminnan-neuvottelukunnan-puheenjohtajana-2\/","name":"Martti Asunta jatkaa Osuustoiminnan neuvottelukunnan puheenjohtajana - Pellervo","isPartOf":{"@id":"https:\/\/pellervo.fi\/#website"},"primaryImageOfPage":{"@id":"https:\/\/pellervo.fi\/en\/uutiset\/2015\/12\/18\/martti-asunta-jatkaa-osuustoiminnan-neuvottelukunnan-puheenjohtajana-2\/#primaryimage"},"image":{"@id":"https:\/\/pellervo.fi\/en\/uutiset\/2015\/12\/18\/martti-asunta-jatkaa-osuustoiminnan-neuvottelukunnan-puheenjohtajana-2\/#primaryimage"},"thumbnailUrl":"https:\/\/pellervo.fi\/wp-content\/uploads\/2015\/12\/asunta-valtuuskunta-joulukuu2015.jpg","datePublished":"2015-12-18T11:50:54+00:00","breadcrumb":{"@id":"https:\/\/pellervo.fi\/en\/uutiset\/2015\/12\/18\/martti-asunta-jatkaa-osuustoiminnan-neuvottelukunnan-puheenjohtajana-2\/#breadcrumb"},"inLanguage":"sv-SE","potentialAction":[{"@type":"ReadAction","target":["https:\/\/pellervo.fi\/en\/uutiset\/2015\/12\/18\/martti-asunta-jatkaa-osuustoiminnan-neuvottelukunnan-puheenjohtajana-2\/"]}]},{"@type":"ImageObject","inLanguage":"sv-SE","@id":"https:\/\/pellervo.fi\/en\/uutiset\/2015\/12\/18\/martti-asunta-jatkaa-osuustoiminnan-neuvottelukunnan-puheenjohtajana-2\/#primaryimage","url":"https:\/\/pellervo.fi\/wp-content\/uploads\/2015\/12\/asunta-valtuuskunta-joulukuu2015.jpg","contentUrl":"https:\/\/pellervo.fi\/wp-content\/uploads\/2015\/12\/asunta-valtuuskunta-joulukuu2015.jpg","width":650,"height":488},{"@type":"BreadcrumbList","@id":"https:\/\/pellervo.fi\/en\/uutiset\/2015\/12\/18\/martti-asunta-jatkaa-osuustoiminnan-neuvottelukunnan-puheenjohtajana-2\/#breadcrumb","itemListElement":[{"@type":"ListItem","position":1,"name":"Koti","item":"https:\/\/pellervo.fi\/sv\/"},{"@type":"ListItem","position":2,"name":"Martti Asunta jatkaa Osuustoiminnan neuvottelukunnan puheenjohtajana"}]},{"@type":"WebSite","@id":"https:\/\/pellervo.fi\/#website","url":"https:\/\/pellervo.fi\/","name":"Pellervo","description":"Osuuskuntien keskusj\u00e4rjest\u00f6","publisher":{"@id":"https:\/\/pellervo.fi\/#organization"},"potentialAction":[{"@type":"SearchAction","target":{"@type":"EntryPoint","urlTemplate":"https:\/\/pellervo.fi\/?s={search_term_string}"},"query-input":{"@type":"PropertyValueSpecification","valueRequired":true,"valueName":"search_term_string"}}],"inLanguage":"sv-SE"},{"@type":"Organization","@id":"https:\/\/pellervo.fi\/#organization","name":"Osuustoimintakeskus Pellervo ry","url":"https:\/\/pellervo.fi\/","logo":{"@type":"ImageObject","inLanguage":"sv-SE","@id":"https:\/\/pellervo.fi\/#\/schema\/logo\/image\/","url":"https:\/\/pellervo.fi\/wp-content\/uploads\/2020\/05\/Pellervo_logo.png","contentUrl":"https:\/\/pellervo.fi\/wp-content\/uploads\/2020\/05\/Pellervo_logo.png","width":1335,"height":376,"caption":"Osuustoimintakeskus Pellervo ry"},"image":{"@id":"https:\/\/pellervo.fi\/#\/schema\/logo\/image\/"},"sameAs":["https:\/\/x.com\/PellervoFi"]},{"@type":"Person","@id":"https:\/\/pellervo.fi\/#\/schema\/person\/4b74d40956937d1367ade81899997e71","name":"pellervo","image":{"@type":"ImageObject","inLanguage":"sv-SE","@id":"https:\/\/pellervo.fi\/wp-content\/uploads\/2013\/11\/pellervo_avatar_1384522134-96x96.jpg","url":"https:\/\/pellervo.fi\/wp-content\/uploads\/2013\/11\/pellervo_avatar_1384522134-96x96.jpg","contentUrl":"https:\/\/pellervo.fi\/wp-content\/uploads\/2013\/11\/pellervo_avatar_1384522134-96x96.jpg","caption":"pellervo"},"description":"Kuvaus","url":"https:\/\/pellervo.fi\/sv\/author\/pellervo\/"}]}},"_links":{"self":[{"href":"https:\/\/pellervo.fi\/sv\/wp-json\/wp\/v2\/posts\/265193","targetHints":{"allow":["GET"]}}],"collection":[{"href":"https:\/\/pellervo.fi\/sv\/wp-json\/wp\/v2\/posts"}],"about":[{"href":"https:\/\/pellervo.fi\/sv\/wp-json\/wp\/v2\/types\/post"}],"author":[{"embeddable":true,"href":"https:\/\/pellervo.fi\/sv\/wp-json\/wp\/v2\/users\/5"}],"replies":[{"embeddable":true,"href":"https:\/\/pellervo.fi\/sv\/wp-json\/wp\/v2\/comments?post=265193"}],"version-history":[{"count":1,"href":"https:\/\/pellervo.fi\/sv\/wp-json\/wp\/v2\/posts\/265193\/revisions"}],"predecessor-version":[{"id":265194,"href":"https:\/\/pellervo.fi\/sv\/wp-json\/wp\/v2\/posts\/265193\/revisions\/265194"}],"wp:featuredmedia":[{"embeddable":true,"href":"https:\/\/pellervo.fi\/sv\/wp-json\/wp\/v2\/media\/260330"}],"wp:attachment":[{"href":"https:\/\/pellervo.fi\/sv\/wp-json\/wp\/v2\/media?parent=265193"}],"wp:term":[{"taxonomy":"category","embeddable":true,"href":"https:\/\/pellervo.fi\/sv\/wp-json\/wp\/v2\/categories?post=265193"},{"taxonomy":"post_tag","embeddable":true,"href":"https:\/\/pellervo.fi\/sv\/wp-json\/wp\/v2\/tags?post=265193"}],"curies":[{"name":"wp","href":"https:\/\/api.w.org\/{rel}","templated":true}]}}