{"id":2846,"date":"2014-01-10T10:49:02","date_gmt":"2014-01-10T08:49:02","guid":{"rendered":"http:\/\/pellervo.fi\/?p=2846"},"modified":"2020-06-30T11:53:01","modified_gmt":"2020-06-30T08:53:01","slug":"pellervon-kainuun-seminaari-kajaanissa-4-2-2014","status":"publish","type":"post","link":"https:\/\/pellervo.fi\/sv\/jarjesto\/2014\/01\/10\/pellervon-kainuun-seminaari-kajaanissa-4-2-2014\/","title":{"rendered":"Pellervon Kainuun seminaari Kajaanissa 4.2.2014"},"content":{"rendered":"<p>Pellervo-Seura ry ja Kainuun yhteistoimintakerho j\u00e4rjest\u00e4v\u00e4t Pellervon Kainuun seminaarin tiistaina 4. helmikuuta 2014 Kajaanissa. Seminaarissa pohditaan yhteiskunnallisen ajattelijan ja uudistajan, tohtori Hannes Gebhardin merkityst\u00e4 suomalaiselle talousel\u00e4m\u00e4lle ja yhteiskunnalle. T\u00e4n\u00e4 vuonna tulee kuluneeksi 150 vuotta Hannes Gebhardin syntym\u00e4st\u00e4. Kajaani on hyv\u00e4 paikka aloittaa juhlavuoden tilaisuudet, olihan se Hanneksen nuoruuden kotikaupunki.<\/p>\n<p>Tilaisuus pidet\u00e4\u00e4n Kaukamets\u00e4n\u00a0Kongressi- ja kulttuurikeskuksen Kaukamets\u00e4-salissa (Koskikatu 2-4, Kajaani). Seminaari ajoittuu iltap\u00e4iv\u00e4\u00e4n klo 12.30-18.00. T\u00e4t\u00e4 ennen aamup\u00e4iv\u00e4ll\u00e4 klo 10.00 on muistolaatan paljastustilaisuus Raatihuoneen torilla, johon kaikki ovat tervetulleita.<\/p>\n<p><strong><a href=\"https:\/\/pellervo.fi\/palvelut\/tapahtumat\/alueseminaarit\/#ohjelma\">Katso tilaisuuden ohjelma t\u00e4st\u00e4.<\/a><\/strong><\/p>\n<p>Tilaisuus on maksuton ja avoin kaikille kiinnostuneille. Ilmoittautuminen tilaisuuteen 21.1.2014 menness\u00e4 PI-johtamiskoulun ilmoittautumisj\u00e4rjestelm\u00e4n kautta osoitteessa:<strong>\u00a0<a href=\"http:\/\/www.johtamiskoulu.fi\/klomake.asp?Jonotus=EI&amp;kieli=246&amp;kurssi_id=180\">http:\/\/www.johtamiskoulu.fi\/klomake.asp?Jonotus=EI&amp;kieli=246&amp;kurssi_id=180<\/a><\/strong><\/p>\n<p>&nbsp;  <\/p>\n","protected":false},"excerpt":{"rendered":"<p>Pellervo-Seura ry ja Kainuun yhteistoimintakerho j\u00e4rjest\u00e4v\u00e4t Pellervon Kainuun seminaarin tiistaina 4. helmikuuta 2014 Kajaanissa. <\/p>\n","protected":false},"author":5,"featured_media":0,"comment_status":"open","ping_status":"open","sticky":false,"template":"","format":"standard","meta":{"inline_featured_image":false,"_monsterinsights_skip_tracking":false,"_monsterinsights_sitenote_active":false,"_monsterinsights_sitenote_note":"","_monsterinsights_sitenote_category":0,"site-sidebar-layout":"default","site-content-layout":"","ast-site-content-layout":"default","site-content-style":"default","site-sidebar-style":"default","ast-global-header-display":"","ast-banner-title-visibility":"","ast-main-header-display":"","ast-hfb-above-header-display":"","ast-hfb-below-header-display":"","ast-hfb-mobile-header-display":"","site-post-title":"","ast-breadcrumbs-content":"","ast-featured-img":"","footer-sml-layout":"","ast-disable-related-posts":"","theme-transparent-header-meta":"","adv-header-id-meta":"","stick-header-meta":"","header-above-stick-meta":"","header-main-stick-meta":"","header-below-stick-meta":"","astra-migrate-meta-layouts":"default","ast-page-background-enabled":"default","ast-page-background-meta":{"desktop":{"background-color":"","background-image":"","background-repeat":"repeat","background-position":"center center","background-size":"auto","background-attachment":"scroll","background-type":"","background-media":"","overlay-type":"","overlay-color":"","overlay-opacity":"","overlay-gradient":""},"tablet":{"background-color":"","background-image":"","background-repeat":"repeat","background-position":"center center","background-size":"auto","background-attachment":"scroll","background-type":"","background-media":"","overlay-type":"","overlay-color":"","overlay-opacity":"","overlay-gradient":""},"mobile":{"background-color":"","background-image":"","background-repeat":"repeat","background-position":"center center","background-size":"auto","background-attachment":"scroll","background-type":"","background-media":"","overlay-type":"","overlay-color":"","overlay-opacity":"","overlay-gradient":""}},"ast-content-background-meta":{"desktop":{"background-color":"var(--ast-global-color-5)","background-image":"","background-repeat":"repeat","background-position":"center center","background-size":"auto","background-attachment":"scroll","background-type":"","background-media":"","overlay-type":"","overlay-color":"","overlay-opacity":"","overlay-gradient":""},"tablet":{"background-color":"var(--ast-global-color-5)","background-image":"","background-repeat":"repeat","background-position":"center center","background-size":"auto","background-attachment":"scroll","background-type":"","background-media":"","overlay-type":"","overlay-color":"","overlay-opacity":"","overlay-gradient":""},"mobile":{"background-color":"var(--ast-global-color-5)","background-image":"","background-repeat":"repeat","background-position":"center center","background-size":"auto","background-attachment":"scroll","background-type":"","background-media":"","overlay-type":"","overlay-color":"","overlay-opacity":"","overlay-gradient":""}},"_FSMCFIC_featured_image_caption":"","_FSMCFIC_featured_image_nocaption":"","_FSMCFIC_featured_image_hide":"","footnotes":""},"categories":[71],"tags":[],"class_list":["post-2846","post","type-post","status-publish","format-standard","hentry","category-jarjesto"],"yoast_head":"<!-- This site is optimized with the Yoast SEO plugin v27.5 - https:\/\/yoast.com\/product\/yoast-seo-wordpress\/ -->\n<title>Pellervon Kainuun seminaari Kajaanissa 4.2.2014 - Pellervo<\/title>\n<meta name=\"robots\" content=\"index, follow, max-snippet:-1, max-image-preview:large, max-video-preview:-1\" \/>\n<link rel=\"canonical\" href=\"https:\/\/pellervo.fi\/sv\/jarjesto\/2014\/01\/10\/pellervon-kainuun-seminaari-kajaanissa-4-2-2014\/\" \/>\n<meta property=\"og:locale\" content=\"sv_SE\" \/>\n<meta property=\"og:type\" content=\"article\" \/>\n<meta property=\"og:title\" content=\"Pellervon Kainuun seminaari Kajaanissa 4.2.2014 - Pellervo\" \/>\n<meta property=\"og:description\" content=\"Pellervo-Seura ry ja Kainuun yhteistoimintakerho j\u00e4rjest\u00e4v\u00e4t Pellervon Kainuun seminaarin tiistaina 4. helmikuuta 2014 Kajaanissa.\" \/>\n<meta property=\"og:url\" content=\"https:\/\/pellervo.fi\/sv\/jarjesto\/2014\/01\/10\/pellervon-kainuun-seminaari-kajaanissa-4-2-2014\/\" \/>\n<meta property=\"og:site_name\" content=\"Pellervo\" \/>\n<meta property=\"article:published_time\" content=\"2014-01-10T08:49:02+00:00\" \/>\n<meta property=\"article:modified_time\" content=\"2020-06-30T08:53:01+00:00\" \/>\n<meta property=\"og:image\" content=\"https:\/\/pellervo.fi\/wp-content\/uploads\/2020\/04\/pallo2020.jpg\" \/>\n\t<meta property=\"og:image:width\" content=\"850\" \/>\n\t<meta property=\"og:image:height\" content=\"560\" \/>\n\t<meta property=\"og:image:type\" content=\"image\/jpeg\" \/>\n<meta name=\"author\" content=\"pellervo\" \/>\n<meta name=\"twitter:card\" content=\"summary_large_image\" \/>\n<meta name=\"twitter:creator\" content=\"@PellervoFi\" \/>\n<meta name=\"twitter:site\" content=\"@PellervoFi\" \/>\n<meta name=\"twitter:label1\" content=\"Skriven av\" \/>\n\t<meta name=\"twitter:data1\" content=\"pellervo\" \/>\n\t<meta name=\"twitter:label2\" content=\"Ber\u00e4knad l\u00e4stid\" \/>\n\t<meta name=\"twitter:data2\" content=\"1 minut\" \/>\n<script type=\"application\/ld+json\" class=\"yoast-schema-graph\">{\"@context\":\"https:\\\/\\\/schema.org\",\"@graph\":[{\"@type\":\"Article\",\"@id\":\"https:\\\/\\\/pellervo.fi\\\/sv\\\/jarjesto\\\/2014\\\/01\\\/10\\\/pellervon-kainuun-seminaari-kajaanissa-4-2-2014\\\/#article\",\"isPartOf\":{\"@id\":\"https:\\\/\\\/pellervo.fi\\\/sv\\\/jarjesto\\\/2014\\\/01\\\/10\\\/pellervon-kainuun-seminaari-kajaanissa-4-2-2014\\\/\"},\"author\":{\"name\":\"pellervo\",\"@id\":\"https:\\\/\\\/pellervo.fi\\\/#\\\/schema\\\/person\\\/4b74d40956937d1367ade81899997e71\"},\"headline\":\"Pellervon Kainuun seminaari Kajaanissa 4.2.2014\",\"datePublished\":\"2014-01-10T08:49:02+00:00\",\"dateModified\":\"2020-06-30T08:53:01+00:00\",\"mainEntityOfPage\":{\"@id\":\"https:\\\/\\\/pellervo.fi\\\/sv\\\/jarjesto\\\/2014\\\/01\\\/10\\\/pellervon-kainuun-seminaari-kajaanissa-4-2-2014\\\/\"},\"wordCount\":128,\"commentCount\":0,\"publisher\":{\"@id\":\"https:\\\/\\\/pellervo.fi\\\/#organization\"},\"articleSection\":[\"J\u00e4rjest\u00f6\"],\"inLanguage\":\"sv-SE\",\"potentialAction\":[{\"@type\":\"CommentAction\",\"name\":\"Comment\",\"target\":[\"https:\\\/\\\/pellervo.fi\\\/sv\\\/jarjesto\\\/2014\\\/01\\\/10\\\/pellervon-kainuun-seminaari-kajaanissa-4-2-2014\\\/#respond\"]}]},{\"@type\":\"WebPage\",\"@id\":\"https:\\\/\\\/pellervo.fi\\\/sv\\\/jarjesto\\\/2014\\\/01\\\/10\\\/pellervon-kainuun-seminaari-kajaanissa-4-2-2014\\\/\",\"url\":\"https:\\\/\\\/pellervo.fi\\\/sv\\\/jarjesto\\\/2014\\\/01\\\/10\\\/pellervon-kainuun-seminaari-kajaanissa-4-2-2014\\\/\",\"name\":\"Pellervon Kainuun seminaari Kajaanissa 4.2.2014 - Pellervo\",\"isPartOf\":{\"@id\":\"https:\\\/\\\/pellervo.fi\\\/#website\"},\"datePublished\":\"2014-01-10T08:49:02+00:00\",\"dateModified\":\"2020-06-30T08:53:01+00:00\",\"breadcrumb\":{\"@id\":\"https:\\\/\\\/pellervo.fi\\\/sv\\\/jarjesto\\\/2014\\\/01\\\/10\\\/pellervon-kainuun-seminaari-kajaanissa-4-2-2014\\\/#breadcrumb\"},\"inLanguage\":\"sv-SE\",\"potentialAction\":[{\"@type\":\"ReadAction\",\"target\":[\"https:\\\/\\\/pellervo.fi\\\/sv\\\/jarjesto\\\/2014\\\/01\\\/10\\\/pellervon-kainuun-seminaari-kajaanissa-4-2-2014\\\/\"]}]},{\"@type\":\"BreadcrumbList\",\"@id\":\"https:\\\/\\\/pellervo.fi\\\/sv\\\/jarjesto\\\/2014\\\/01\\\/10\\\/pellervon-kainuun-seminaari-kajaanissa-4-2-2014\\\/#breadcrumb\",\"itemListElement\":[{\"@type\":\"ListItem\",\"position\":1,\"name\":\"Koti\",\"item\":\"https:\\\/\\\/pellervo.fi\\\/sv\\\/\"},{\"@type\":\"ListItem\",\"position\":2,\"name\":\"Pellervon Kainuun seminaari Kajaanissa 4.2.2014\"}]},{\"@type\":\"WebSite\",\"@id\":\"https:\\\/\\\/pellervo.fi\\\/#website\",\"url\":\"https:\\\/\\\/pellervo.fi\\\/\",\"name\":\"Pellervo\",\"description\":\"Osuuskuntien keskusj\u00e4rjest\u00f6\",\"publisher\":{\"@id\":\"https:\\\/\\\/pellervo.fi\\\/#organization\"},\"potentialAction\":[{\"@type\":\"SearchAction\",\"target\":{\"@type\":\"EntryPoint\",\"urlTemplate\":\"https:\\\/\\\/pellervo.fi\\\/?s={search_term_string}\"},\"query-input\":{\"@type\":\"PropertyValueSpecification\",\"valueRequired\":true,\"valueName\":\"search_term_string\"}}],\"inLanguage\":\"sv-SE\"},{\"@type\":\"Organization\",\"@id\":\"https:\\\/\\\/pellervo.fi\\\/#organization\",\"name\":\"Osuustoimintakeskus Pellervo ry\",\"url\":\"https:\\\/\\\/pellervo.fi\\\/\",\"logo\":{\"@type\":\"ImageObject\",\"inLanguage\":\"sv-SE\",\"@id\":\"https:\\\/\\\/pellervo.fi\\\/#\\\/schema\\\/logo\\\/image\\\/\",\"url\":\"https:\\\/\\\/pellervo.fi\\\/wp-content\\\/uploads\\\/2020\\\/05\\\/Pellervo_logo.png\",\"contentUrl\":\"https:\\\/\\\/pellervo.fi\\\/wp-content\\\/uploads\\\/2020\\\/05\\\/Pellervo_logo.png\",\"width\":1335,\"height\":376,\"caption\":\"Osuustoimintakeskus Pellervo ry\"},\"image\":{\"@id\":\"https:\\\/\\\/pellervo.fi\\\/#\\\/schema\\\/logo\\\/image\\\/\"},\"sameAs\":[\"https:\\\/\\\/x.com\\\/PellervoFi\"]},{\"@type\":\"Person\",\"@id\":\"https:\\\/\\\/pellervo.fi\\\/#\\\/schema\\\/person\\\/4b74d40956937d1367ade81899997e71\",\"name\":\"pellervo\",\"image\":{\"@type\":\"ImageObject\",\"inLanguage\":\"sv-SE\",\"@id\":\"https:\\\/\\\/pellervo.fi\\\/wp-content\\\/uploads\\\/2013\\\/11\\\/pellervo_avatar_1384522134-96x96.jpg\",\"url\":\"https:\\\/\\\/pellervo.fi\\\/wp-content\\\/uploads\\\/2013\\\/11\\\/pellervo_avatar_1384522134-96x96.jpg\",\"contentUrl\":\"https:\\\/\\\/pellervo.fi\\\/wp-content\\\/uploads\\\/2013\\\/11\\\/pellervo_avatar_1384522134-96x96.jpg\",\"caption\":\"pellervo\"},\"description\":\"Kuvaus\",\"url\":\"https:\\\/\\\/pellervo.fi\\\/sv\\\/author\\\/pellervo\\\/\"}]}<\/script>\n<!-- \/ Yoast SEO plugin. -->","yoast_head_json":{"title":"Pellervon Kainuun seminaari Kajaanissa 4.2.2014 - Pellervo","robots":{"index":"index","follow":"follow","max-snippet":"max-snippet:-1","max-image-preview":"max-image-preview:large","max-video-preview":"max-video-preview:-1"},"canonical":"https:\/\/pellervo.fi\/sv\/jarjesto\/2014\/01\/10\/pellervon-kainuun-seminaari-kajaanissa-4-2-2014\/","og_locale":"sv_SE","og_type":"article","og_title":"Pellervon Kainuun seminaari Kajaanissa 4.2.2014 - Pellervo","og_description":"Pellervo-Seura ry ja Kainuun yhteistoimintakerho j\u00e4rjest\u00e4v\u00e4t Pellervon Kainuun seminaarin tiistaina 4. helmikuuta 2014 Kajaanissa.","og_url":"https:\/\/pellervo.fi\/sv\/jarjesto\/2014\/01\/10\/pellervon-kainuun-seminaari-kajaanissa-4-2-2014\/","og_site_name":"Pellervo","article_published_time":"2014-01-10T08:49:02+00:00","article_modified_time":"2020-06-30T08:53:01+00:00","og_image":[{"width":850,"height":560,"url":"https:\/\/pellervo.fi\/wp-content\/uploads\/2020\/04\/pallo2020.jpg","type":"image\/jpeg"}],"author":"pellervo","twitter_card":"summary_large_image","twitter_creator":"@PellervoFi","twitter_site":"@PellervoFi","twitter_misc":{"Skriven av":"pellervo","Ber\u00e4knad l\u00e4stid":"1 minut"},"schema":{"@context":"https:\/\/schema.org","@graph":[{"@type":"Article","@id":"https:\/\/pellervo.fi\/sv\/jarjesto\/2014\/01\/10\/pellervon-kainuun-seminaari-kajaanissa-4-2-2014\/#article","isPartOf":{"@id":"https:\/\/pellervo.fi\/sv\/jarjesto\/2014\/01\/10\/pellervon-kainuun-seminaari-kajaanissa-4-2-2014\/"},"author":{"name":"pellervo","@id":"https:\/\/pellervo.fi\/#\/schema\/person\/4b74d40956937d1367ade81899997e71"},"headline":"Pellervon Kainuun seminaari Kajaanissa 4.2.2014","datePublished":"2014-01-10T08:49:02+00:00","dateModified":"2020-06-30T08:53:01+00:00","mainEntityOfPage":{"@id":"https:\/\/pellervo.fi\/sv\/jarjesto\/2014\/01\/10\/pellervon-kainuun-seminaari-kajaanissa-4-2-2014\/"},"wordCount":128,"commentCount":0,"publisher":{"@id":"https:\/\/pellervo.fi\/#organization"},"articleSection":["J\u00e4rjest\u00f6"],"inLanguage":"sv-SE","potentialAction":[{"@type":"CommentAction","name":"Comment","target":["https:\/\/pellervo.fi\/sv\/jarjesto\/2014\/01\/10\/pellervon-kainuun-seminaari-kajaanissa-4-2-2014\/#respond"]}]},{"@type":"WebPage","@id":"https:\/\/pellervo.fi\/sv\/jarjesto\/2014\/01\/10\/pellervon-kainuun-seminaari-kajaanissa-4-2-2014\/","url":"https:\/\/pellervo.fi\/sv\/jarjesto\/2014\/01\/10\/pellervon-kainuun-seminaari-kajaanissa-4-2-2014\/","name":"Pellervon Kainuun seminaari Kajaanissa 4.2.2014 - Pellervo","isPartOf":{"@id":"https:\/\/pellervo.fi\/#website"},"datePublished":"2014-01-10T08:49:02+00:00","dateModified":"2020-06-30T08:53:01+00:00","breadcrumb":{"@id":"https:\/\/pellervo.fi\/sv\/jarjesto\/2014\/01\/10\/pellervon-kainuun-seminaari-kajaanissa-4-2-2014\/#breadcrumb"},"inLanguage":"sv-SE","potentialAction":[{"@type":"ReadAction","target":["https:\/\/pellervo.fi\/sv\/jarjesto\/2014\/01\/10\/pellervon-kainuun-seminaari-kajaanissa-4-2-2014\/"]}]},{"@type":"BreadcrumbList","@id":"https:\/\/pellervo.fi\/sv\/jarjesto\/2014\/01\/10\/pellervon-kainuun-seminaari-kajaanissa-4-2-2014\/#breadcrumb","itemListElement":[{"@type":"ListItem","position":1,"name":"Koti","item":"https:\/\/pellervo.fi\/sv\/"},{"@type":"ListItem","position":2,"name":"Pellervon Kainuun seminaari Kajaanissa 4.2.2014"}]},{"@type":"WebSite","@id":"https:\/\/pellervo.fi\/#website","url":"https:\/\/pellervo.fi\/","name":"Pellervo","description":"Osuuskuntien keskusj\u00e4rjest\u00f6","publisher":{"@id":"https:\/\/pellervo.fi\/#organization"},"potentialAction":[{"@type":"SearchAction","target":{"@type":"EntryPoint","urlTemplate":"https:\/\/pellervo.fi\/?s={search_term_string}"},"query-input":{"@type":"PropertyValueSpecification","valueRequired":true,"valueName":"search_term_string"}}],"inLanguage":"sv-SE"},{"@type":"Organization","@id":"https:\/\/pellervo.fi\/#organization","name":"Osuustoimintakeskus Pellervo ry","url":"https:\/\/pellervo.fi\/","logo":{"@type":"ImageObject","inLanguage":"sv-SE","@id":"https:\/\/pellervo.fi\/#\/schema\/logo\/image\/","url":"https:\/\/pellervo.fi\/wp-content\/uploads\/2020\/05\/Pellervo_logo.png","contentUrl":"https:\/\/pellervo.fi\/wp-content\/uploads\/2020\/05\/Pellervo_logo.png","width":1335,"height":376,"caption":"Osuustoimintakeskus Pellervo ry"},"image":{"@id":"https:\/\/pellervo.fi\/#\/schema\/logo\/image\/"},"sameAs":["https:\/\/x.com\/PellervoFi"]},{"@type":"Person","@id":"https:\/\/pellervo.fi\/#\/schema\/person\/4b74d40956937d1367ade81899997e71","name":"pellervo","image":{"@type":"ImageObject","inLanguage":"sv-SE","@id":"https:\/\/pellervo.fi\/wp-content\/uploads\/2013\/11\/pellervo_avatar_1384522134-96x96.jpg","url":"https:\/\/pellervo.fi\/wp-content\/uploads\/2013\/11\/pellervo_avatar_1384522134-96x96.jpg","contentUrl":"https:\/\/pellervo.fi\/wp-content\/uploads\/2013\/11\/pellervo_avatar_1384522134-96x96.jpg","caption":"pellervo"},"description":"Kuvaus","url":"https:\/\/pellervo.fi\/sv\/author\/pellervo\/"}]}},"_links":{"self":[{"href":"https:\/\/pellervo.fi\/sv\/wp-json\/wp\/v2\/posts\/2846","targetHints":{"allow":["GET"]}}],"collection":[{"href":"https:\/\/pellervo.fi\/sv\/wp-json\/wp\/v2\/posts"}],"about":[{"href":"https:\/\/pellervo.fi\/sv\/wp-json\/wp\/v2\/types\/post"}],"author":[{"embeddable":true,"href":"https:\/\/pellervo.fi\/sv\/wp-json\/wp\/v2\/users\/5"}],"replies":[{"embeddable":true,"href":"https:\/\/pellervo.fi\/sv\/wp-json\/wp\/v2\/comments?post=2846"}],"version-history":[{"count":1,"href":"https:\/\/pellervo.fi\/sv\/wp-json\/wp\/v2\/posts\/2846\/revisions"}],"predecessor-version":[{"id":887184,"href":"https:\/\/pellervo.fi\/sv\/wp-json\/wp\/v2\/posts\/2846\/revisions\/887184"}],"wp:attachment":[{"href":"https:\/\/pellervo.fi\/sv\/wp-json\/wp\/v2\/media?parent=2846"}],"wp:term":[{"taxonomy":"category","embeddable":true,"href":"https:\/\/pellervo.fi\/sv\/wp-json\/wp\/v2\/categories?post=2846"},{"taxonomy":"post_tag","embeddable":true,"href":"https:\/\/pellervo.fi\/sv\/wp-json\/wp\/v2\/tags?post=2846"}],"curies":[{"name":"wp","href":"https:\/\/api.w.org\/{rel}","templated":true}]}}