{"id":384616,"date":"2016-06-13T08:31:53","date_gmt":"2016-06-13T05:31:53","guid":{"rendered":"http:\/\/pellervo.fi\/?p=384616"},"modified":"2016-06-13T08:31:53","modified_gmt":"2016-06-13T05:31:53","slug":"metsa-wood-investoi-100-miljoonaa-suomeen-ja-viroon","status":"publish","type":"post","link":"https:\/\/pellervo.fi\/sv\/uutiset\/2016\/06\/13\/metsa-wood-investoi-100-miljoonaa-suomeen-ja-viroon\/","title":{"rendered":"Mets\u00e4 Wood investoi 100 miljoonaa Suomeen ja Viroon"},"content":{"rendered":"<p><strong>Mets\u00e4 Groupin puutuoteteollisuudesta vastaava Mets\u00e4 Wood k\u00e4ynnist\u00e4\u00e4 vaneri- ja Kerto\u00ae LVL -toimintojen investointiohjelman osana teollisen tehokkuuden strategiaansa. Vaiheittain vuoden 2018 loppuun menness\u00e4 toteutettavaksi suunnitellun ohjelman ansiosta yhti\u00f6 pystyy yh\u00e4 paremmin vastaamaan kasvavaan maailmanlaajuiseen kysynt\u00e4\u00e4n sek\u00e4 parantamaan kilpailukyky\u00e4\u00e4n. Ohjelmaan sis\u00e4ltyy yhteens\u00e4 noin 100 miljoonan euron investoinnit Suomeen ja Viroon.<\/strong><\/p>\n<p>\u00c4\u00e4nekoskelle Mets\u00e4 Groupin sellu- ja kartonkiteollisuuden tehdasalueelle suunnitellaan rakennettavan uusi koivuviilun sorvaus- ja kuivauslinja. Linjan viilutuotanto on tarkoitus\u00a0 jalostaa Viroon rakennettavalla uudella vaneritehtaalla. Suolahden nykyinen koivuviilun jatkojalostuslinja suunnitellaan siirrett\u00e4v\u00e4n Viroon. Kokonaisuudessaan koivuvanerin vuotuinen tuotantom\u00e4\u00e4r\u00e4 kasvaisi noin 30\u00a0000 kuutiometrill\u00e4.<\/p>\n<p>Suolahden tehtaalle suunnitellaan uuden havuviiluun perustuvan erikoistuotteen noin 60\u00a0000 kuutiometrin vuotuisen tuotannon k\u00e4ynnistyst\u00e4. Lopullinen investointip\u00e4\u00e4t\u00f6s tehd\u00e4\u00e4n my\u00f6hemmin.<\/p>\n<p>Lohjan Kerto LVL -tehtaan vuotuista tuotantokapasiteettia suunnitellaan kasvatettavan noin 20\u00a0000 kuutiometrill\u00e4 korvaamalla kaksi vanhinta tuotantolinjaa uudella linjalla. Lis\u00e4kapasiteetin ja uuden linjan mahdollistaman yh\u00e4 korkeamman laatutason my\u00f6t\u00e4 Mets\u00e4 Woodin asema vahvistuu erityisesti Euroopan ulkopuolisilla markkinoilla.<\/p>\n<p>\u201dN\u00e4m\u00e4 ovat merkitt\u00e4vi\u00e4 askeleita Mets\u00e4 Woodin kasvussa sek\u00e4 kustannuskilpailukyvyn edelleen parantamisessa. Koivuvanerin kysynt\u00e4 lis\u00e4\u00e4ntyy etenkin kevyess\u00e4 kuljetusv\u00e4lineteollisuudessa. Kerto LVL:n osalta uutta kapasiteettia tarvitaan erityisesti Pohjois-Amerikan myynnin kasvun jatkamiseksi. Investointiohjelmalla saavutetaan merkitt\u00e4v\u00e4 tulosparannus t\u00e4ysm\u00e4\u00e4r\u00e4isesti vuodesta 2019 alkaen\u201d, sanoo Mets\u00e4 Woodin toimialajohtaja <strong>Esa Kaikkonen<\/strong>.<\/p>\n<p>Yhteens\u00e4 100 miljoonan euron investoinneista noin puolet kohdistuu Suomeen. Vuotuisen tukkipuun kulutuksen arvioidaan kasvavan l\u00e4hes 300\u00a0000 kuutiometrill\u00e4.  <\/p>\n","protected":false},"excerpt":{"rendered":"<p>Mets\u00e4 Groupin puutuoteteollisuudesta vastaava Mets\u00e4 Wood k\u00e4ynnist\u00e4\u00e4 vaneri- ja Kerto\u00ae LVL -toimintojen investointiohjelman osana teollisen tehokkuuden strategiaansa. Vaiheittain vuoden 2018 loppuun menness\u00e4 toteutettavaksi suunnitellun ohjelman ansiosta yhti\u00f6 pystyy yh\u00e4 paremmin vastaamaan kasvavaan maailmanlaajuiseen kysynt\u00e4\u00e4n sek\u00e4 parantamaan kilpailukyky\u00e4\u00e4n. Ohjelmaan sis\u00e4ltyy yhteens\u00e4 noin 100 miljoonan euron investoinnit Suomeen ja Viroon.<\/p>\n","protected":false},"author":5,"featured_media":0,"comment_status":"open","ping_status":"open","sticky":false,"template":"","format":"standard","meta":{"inline_featured_image":false,"_monsterinsights_skip_tracking":false,"_monsterinsights_sitenote_active":false,"_monsterinsights_sitenote_note":"","_monsterinsights_sitenote_category":0,"site-sidebar-layout":"default","site-content-layout":"","ast-site-content-layout":"default","site-content-style":"default","site-sidebar-style":"default","ast-global-header-display":"","ast-banner-title-visibility":"","ast-main-header-display":"","ast-hfb-above-header-display":"","ast-hfb-below-header-display":"","ast-hfb-mobile-header-display":"","site-post-title":"","ast-breadcrumbs-content":"","ast-featured-img":"","footer-sml-layout":"","ast-disable-related-posts":"","theme-transparent-header-meta":"","adv-header-id-meta":"","stick-header-meta":"","header-above-stick-meta":"","header-main-stick-meta":"","header-below-stick-meta":"","astra-migrate-meta-layouts":"default","ast-page-background-enabled":"default","ast-page-background-meta":{"desktop":{"background-color":"","background-image":"","background-repeat":"repeat","background-position":"center center","background-size":"auto","background-attachment":"scroll","background-type":"","background-media":"","overlay-type":"","overlay-color":"","overlay-opacity":"","overlay-gradient":""},"tablet":{"background-color":"","background-image":"","background-repeat":"repeat","background-position":"center center","background-size":"auto","background-attachment":"scroll","background-type":"","background-media":"","overlay-type":"","overlay-color":"","overlay-opacity":"","overlay-gradient":""},"mobile":{"background-color":"","background-image":"","background-repeat":"repeat","background-position":"center center","background-size":"auto","background-attachment":"scroll","background-type":"","background-media":"","overlay-type":"","overlay-color":"","overlay-opacity":"","overlay-gradient":""}},"ast-content-background-meta":{"desktop":{"background-color":"var(--ast-global-color-5)","background-image":"","background-repeat":"repeat","background-position":"center center","background-size":"auto","background-attachment":"scroll","background-type":"","background-media":"","overlay-type":"","overlay-color":"","overlay-opacity":"","overlay-gradient":""},"tablet":{"background-color":"var(--ast-global-color-5)","background-image":"","background-repeat":"repeat","background-position":"center center","background-size":"auto","background-attachment":"scroll","background-type":"","background-media":"","overlay-type":"","overlay-color":"","overlay-opacity":"","overlay-gradient":""},"mobile":{"background-color":"var(--ast-global-color-5)","background-image":"","background-repeat":"repeat","background-position":"center center","background-size":"auto","background-attachment":"scroll","background-type":"","background-media":"","overlay-type":"","overlay-color":"","overlay-opacity":"","overlay-gradient":""}},"_FSMCFIC_featured_image_caption":"","_FSMCFIC_featured_image_nocaption":"","_FSMCFIC_featured_image_hide":"","footnotes":""},"categories":[22],"tags":[],"class_list":["post-384616","post","type-post","status-publish","format-standard","hentry","category-uutiset"],"yoast_head":"<!-- This site is optimized with the Yoast SEO plugin v27.5 - https:\/\/yoast.com\/product\/yoast-seo-wordpress\/ -->\n<title>Mets\u00e4 Wood investoi 100 miljoonaa Suomeen ja Viroon - Pellervo<\/title>\n<meta name=\"robots\" content=\"index, follow, max-snippet:-1, max-image-preview:large, max-video-preview:-1\" \/>\n<link rel=\"canonical\" href=\"https:\/\/pellervo.fi\/uutiset\/2016\/06\/13\/metsa-wood-investoi-100-miljoonaa-suomeen-ja-viroon\/\" \/>\n<meta property=\"og:locale\" content=\"sv_SE\" \/>\n<meta property=\"og:type\" content=\"article\" \/>\n<meta property=\"og:title\" content=\"Mets\u00e4 Wood investoi 100 miljoonaa Suomeen ja Viroon - Pellervo\" \/>\n<meta property=\"og:description\" content=\"Mets\u00e4 Groupin puutuoteteollisuudesta vastaava Mets\u00e4 Wood k\u00e4ynnist\u00e4\u00e4 vaneri- ja Kerto\u00ae LVL -toimintojen investointiohjelman osana teollisen tehokkuuden strategiaansa. Vaiheittain vuoden 2018 loppuun menness\u00e4 toteutettavaksi suunnitellun ohjelman ansiosta yhti\u00f6 pystyy yh\u00e4 paremmin vastaamaan kasvavaan maailmanlaajuiseen kysynt\u00e4\u00e4n sek\u00e4 parantamaan kilpailukyky\u00e4\u00e4n. Ohjelmaan sis\u00e4ltyy yhteens\u00e4 noin 100 miljoonan euron investoinnit Suomeen ja Viroon.\" \/>\n<meta property=\"og:url\" content=\"https:\/\/pellervo.fi\/uutiset\/2016\/06\/13\/metsa-wood-investoi-100-miljoonaa-suomeen-ja-viroon\/\" \/>\n<meta property=\"og:site_name\" content=\"Pellervo\" \/>\n<meta property=\"article:published_time\" content=\"2016-06-13T05:31:53+00:00\" \/>\n<meta property=\"og:image\" content=\"https:\/\/pellervo.fi\/wp-content\/uploads\/2020\/04\/pallo2020.jpg\" \/>\n\t<meta property=\"og:image:width\" content=\"850\" \/>\n\t<meta property=\"og:image:height\" content=\"560\" \/>\n\t<meta property=\"og:image:type\" content=\"image\/jpeg\" \/>\n<meta name=\"author\" content=\"pellervo\" \/>\n<meta name=\"twitter:card\" content=\"summary_large_image\" \/>\n<meta name=\"twitter:creator\" content=\"@PellervoFi\" \/>\n<meta name=\"twitter:site\" content=\"@PellervoFi\" \/>\n<meta name=\"twitter:label1\" content=\"Skriven av\" \/>\n\t<meta name=\"twitter:data1\" content=\"pellervo\" \/>\n\t<meta name=\"twitter:label2\" content=\"Ber\u00e4knad l\u00e4stid\" \/>\n\t<meta name=\"twitter:data2\" content=\"1 minut\" \/>\n<script type=\"application\/ld+json\" class=\"yoast-schema-graph\">{\"@context\":\"https:\\\/\\\/schema.org\",\"@graph\":[{\"@type\":\"Article\",\"@id\":\"https:\\\/\\\/pellervo.fi\\\/uutiset\\\/2016\\\/06\\\/13\\\/metsa-wood-investoi-100-miljoonaa-suomeen-ja-viroon\\\/#article\",\"isPartOf\":{\"@id\":\"https:\\\/\\\/pellervo.fi\\\/uutiset\\\/2016\\\/06\\\/13\\\/metsa-wood-investoi-100-miljoonaa-suomeen-ja-viroon\\\/\"},\"author\":{\"name\":\"pellervo\",\"@id\":\"https:\\\/\\\/pellervo.fi\\\/#\\\/schema\\\/person\\\/4b74d40956937d1367ade81899997e71\"},\"headline\":\"Mets\u00e4 Wood investoi 100 miljoonaa Suomeen ja Viroon\",\"datePublished\":\"2016-06-13T05:31:53+00:00\",\"mainEntityOfPage\":{\"@id\":\"https:\\\/\\\/pellervo.fi\\\/uutiset\\\/2016\\\/06\\\/13\\\/metsa-wood-investoi-100-miljoonaa-suomeen-ja-viroon\\\/\"},\"wordCount\":219,\"commentCount\":0,\"publisher\":{\"@id\":\"https:\\\/\\\/pellervo.fi\\\/#organization\"},\"articleSection\":[\"Uutiset\"],\"inLanguage\":\"sv-SE\",\"potentialAction\":[{\"@type\":\"CommentAction\",\"name\":\"Comment\",\"target\":[\"https:\\\/\\\/pellervo.fi\\\/uutiset\\\/2016\\\/06\\\/13\\\/metsa-wood-investoi-100-miljoonaa-suomeen-ja-viroon\\\/#respond\"]}]},{\"@type\":\"WebPage\",\"@id\":\"https:\\\/\\\/pellervo.fi\\\/uutiset\\\/2016\\\/06\\\/13\\\/metsa-wood-investoi-100-miljoonaa-suomeen-ja-viroon\\\/\",\"url\":\"https:\\\/\\\/pellervo.fi\\\/uutiset\\\/2016\\\/06\\\/13\\\/metsa-wood-investoi-100-miljoonaa-suomeen-ja-viroon\\\/\",\"name\":\"Mets\u00e4 Wood investoi 100 miljoonaa Suomeen ja Viroon - Pellervo\",\"isPartOf\":{\"@id\":\"https:\\\/\\\/pellervo.fi\\\/#website\"},\"datePublished\":\"2016-06-13T05:31:53+00:00\",\"breadcrumb\":{\"@id\":\"https:\\\/\\\/pellervo.fi\\\/uutiset\\\/2016\\\/06\\\/13\\\/metsa-wood-investoi-100-miljoonaa-suomeen-ja-viroon\\\/#breadcrumb\"},\"inLanguage\":\"sv-SE\",\"potentialAction\":[{\"@type\":\"ReadAction\",\"target\":[\"https:\\\/\\\/pellervo.fi\\\/uutiset\\\/2016\\\/06\\\/13\\\/metsa-wood-investoi-100-miljoonaa-suomeen-ja-viroon\\\/\"]}]},{\"@type\":\"BreadcrumbList\",\"@id\":\"https:\\\/\\\/pellervo.fi\\\/uutiset\\\/2016\\\/06\\\/13\\\/metsa-wood-investoi-100-miljoonaa-suomeen-ja-viroon\\\/#breadcrumb\",\"itemListElement\":[{\"@type\":\"ListItem\",\"position\":1,\"name\":\"Koti\",\"item\":\"https:\\\/\\\/pellervo.fi\\\/sv\\\/\"},{\"@type\":\"ListItem\",\"position\":2,\"name\":\"Mets\u00e4 Wood investoi 100 miljoonaa Suomeen ja Viroon\"}]},{\"@type\":\"WebSite\",\"@id\":\"https:\\\/\\\/pellervo.fi\\\/#website\",\"url\":\"https:\\\/\\\/pellervo.fi\\\/\",\"name\":\"Pellervo\",\"description\":\"Osuuskuntien keskusj\u00e4rjest\u00f6\",\"publisher\":{\"@id\":\"https:\\\/\\\/pellervo.fi\\\/#organization\"},\"potentialAction\":[{\"@type\":\"SearchAction\",\"target\":{\"@type\":\"EntryPoint\",\"urlTemplate\":\"https:\\\/\\\/pellervo.fi\\\/?s={search_term_string}\"},\"query-input\":{\"@type\":\"PropertyValueSpecification\",\"valueRequired\":true,\"valueName\":\"search_term_string\"}}],\"inLanguage\":\"sv-SE\"},{\"@type\":\"Organization\",\"@id\":\"https:\\\/\\\/pellervo.fi\\\/#organization\",\"name\":\"Osuustoimintakeskus Pellervo ry\",\"url\":\"https:\\\/\\\/pellervo.fi\\\/\",\"logo\":{\"@type\":\"ImageObject\",\"inLanguage\":\"sv-SE\",\"@id\":\"https:\\\/\\\/pellervo.fi\\\/#\\\/schema\\\/logo\\\/image\\\/\",\"url\":\"https:\\\/\\\/pellervo.fi\\\/wp-content\\\/uploads\\\/2020\\\/05\\\/Pellervo_logo.png\",\"contentUrl\":\"https:\\\/\\\/pellervo.fi\\\/wp-content\\\/uploads\\\/2020\\\/05\\\/Pellervo_logo.png\",\"width\":1335,\"height\":376,\"caption\":\"Osuustoimintakeskus Pellervo ry\"},\"image\":{\"@id\":\"https:\\\/\\\/pellervo.fi\\\/#\\\/schema\\\/logo\\\/image\\\/\"},\"sameAs\":[\"https:\\\/\\\/x.com\\\/PellervoFi\"]},{\"@type\":\"Person\",\"@id\":\"https:\\\/\\\/pellervo.fi\\\/#\\\/schema\\\/person\\\/4b74d40956937d1367ade81899997e71\",\"name\":\"pellervo\",\"image\":{\"@type\":\"ImageObject\",\"inLanguage\":\"sv-SE\",\"@id\":\"https:\\\/\\\/pellervo.fi\\\/wp-content\\\/uploads\\\/2013\\\/11\\\/pellervo_avatar_1384522134-96x96.jpg\",\"url\":\"https:\\\/\\\/pellervo.fi\\\/wp-content\\\/uploads\\\/2013\\\/11\\\/pellervo_avatar_1384522134-96x96.jpg\",\"contentUrl\":\"https:\\\/\\\/pellervo.fi\\\/wp-content\\\/uploads\\\/2013\\\/11\\\/pellervo_avatar_1384522134-96x96.jpg\",\"caption\":\"pellervo\"},\"description\":\"Kuvaus\",\"url\":\"https:\\\/\\\/pellervo.fi\\\/sv\\\/author\\\/pellervo\\\/\"}]}<\/script>\n<!-- \/ Yoast SEO plugin. -->","yoast_head_json":{"title":"Mets\u00e4 Wood investoi 100 miljoonaa Suomeen ja Viroon - Pellervo","robots":{"index":"index","follow":"follow","max-snippet":"max-snippet:-1","max-image-preview":"max-image-preview:large","max-video-preview":"max-video-preview:-1"},"canonical":"https:\/\/pellervo.fi\/uutiset\/2016\/06\/13\/metsa-wood-investoi-100-miljoonaa-suomeen-ja-viroon\/","og_locale":"sv_SE","og_type":"article","og_title":"Mets\u00e4 Wood investoi 100 miljoonaa Suomeen ja Viroon - Pellervo","og_description":"Mets\u00e4 Groupin puutuoteteollisuudesta vastaava Mets\u00e4 Wood k\u00e4ynnist\u00e4\u00e4 vaneri- ja Kerto\u00ae LVL -toimintojen investointiohjelman osana teollisen tehokkuuden strategiaansa. Vaiheittain vuoden 2018 loppuun menness\u00e4 toteutettavaksi suunnitellun ohjelman ansiosta yhti\u00f6 pystyy yh\u00e4 paremmin vastaamaan kasvavaan maailmanlaajuiseen kysynt\u00e4\u00e4n sek\u00e4 parantamaan kilpailukyky\u00e4\u00e4n. Ohjelmaan sis\u00e4ltyy yhteens\u00e4 noin 100 miljoonan euron investoinnit Suomeen ja Viroon.","og_url":"https:\/\/pellervo.fi\/uutiset\/2016\/06\/13\/metsa-wood-investoi-100-miljoonaa-suomeen-ja-viroon\/","og_site_name":"Pellervo","article_published_time":"2016-06-13T05:31:53+00:00","og_image":[{"width":850,"height":560,"url":"https:\/\/pellervo.fi\/wp-content\/uploads\/2020\/04\/pallo2020.jpg","type":"image\/jpeg"}],"author":"pellervo","twitter_card":"summary_large_image","twitter_creator":"@PellervoFi","twitter_site":"@PellervoFi","twitter_misc":{"Skriven av":"pellervo","Ber\u00e4knad l\u00e4stid":"1 minut"},"schema":{"@context":"https:\/\/schema.org","@graph":[{"@type":"Article","@id":"https:\/\/pellervo.fi\/uutiset\/2016\/06\/13\/metsa-wood-investoi-100-miljoonaa-suomeen-ja-viroon\/#article","isPartOf":{"@id":"https:\/\/pellervo.fi\/uutiset\/2016\/06\/13\/metsa-wood-investoi-100-miljoonaa-suomeen-ja-viroon\/"},"author":{"name":"pellervo","@id":"https:\/\/pellervo.fi\/#\/schema\/person\/4b74d40956937d1367ade81899997e71"},"headline":"Mets\u00e4 Wood investoi 100 miljoonaa Suomeen ja Viroon","datePublished":"2016-06-13T05:31:53+00:00","mainEntityOfPage":{"@id":"https:\/\/pellervo.fi\/uutiset\/2016\/06\/13\/metsa-wood-investoi-100-miljoonaa-suomeen-ja-viroon\/"},"wordCount":219,"commentCount":0,"publisher":{"@id":"https:\/\/pellervo.fi\/#organization"},"articleSection":["Uutiset"],"inLanguage":"sv-SE","potentialAction":[{"@type":"CommentAction","name":"Comment","target":["https:\/\/pellervo.fi\/uutiset\/2016\/06\/13\/metsa-wood-investoi-100-miljoonaa-suomeen-ja-viroon\/#respond"]}]},{"@type":"WebPage","@id":"https:\/\/pellervo.fi\/uutiset\/2016\/06\/13\/metsa-wood-investoi-100-miljoonaa-suomeen-ja-viroon\/","url":"https:\/\/pellervo.fi\/uutiset\/2016\/06\/13\/metsa-wood-investoi-100-miljoonaa-suomeen-ja-viroon\/","name":"Mets\u00e4 Wood investoi 100 miljoonaa Suomeen ja Viroon - Pellervo","isPartOf":{"@id":"https:\/\/pellervo.fi\/#website"},"datePublished":"2016-06-13T05:31:53+00:00","breadcrumb":{"@id":"https:\/\/pellervo.fi\/uutiset\/2016\/06\/13\/metsa-wood-investoi-100-miljoonaa-suomeen-ja-viroon\/#breadcrumb"},"inLanguage":"sv-SE","potentialAction":[{"@type":"ReadAction","target":["https:\/\/pellervo.fi\/uutiset\/2016\/06\/13\/metsa-wood-investoi-100-miljoonaa-suomeen-ja-viroon\/"]}]},{"@type":"BreadcrumbList","@id":"https:\/\/pellervo.fi\/uutiset\/2016\/06\/13\/metsa-wood-investoi-100-miljoonaa-suomeen-ja-viroon\/#breadcrumb","itemListElement":[{"@type":"ListItem","position":1,"name":"Koti","item":"https:\/\/pellervo.fi\/sv\/"},{"@type":"ListItem","position":2,"name":"Mets\u00e4 Wood investoi 100 miljoonaa Suomeen ja Viroon"}]},{"@type":"WebSite","@id":"https:\/\/pellervo.fi\/#website","url":"https:\/\/pellervo.fi\/","name":"Pellervo","description":"Osuuskuntien keskusj\u00e4rjest\u00f6","publisher":{"@id":"https:\/\/pellervo.fi\/#organization"},"potentialAction":[{"@type":"SearchAction","target":{"@type":"EntryPoint","urlTemplate":"https:\/\/pellervo.fi\/?s={search_term_string}"},"query-input":{"@type":"PropertyValueSpecification","valueRequired":true,"valueName":"search_term_string"}}],"inLanguage":"sv-SE"},{"@type":"Organization","@id":"https:\/\/pellervo.fi\/#organization","name":"Osuustoimintakeskus Pellervo ry","url":"https:\/\/pellervo.fi\/","logo":{"@type":"ImageObject","inLanguage":"sv-SE","@id":"https:\/\/pellervo.fi\/#\/schema\/logo\/image\/","url":"https:\/\/pellervo.fi\/wp-content\/uploads\/2020\/05\/Pellervo_logo.png","contentUrl":"https:\/\/pellervo.fi\/wp-content\/uploads\/2020\/05\/Pellervo_logo.png","width":1335,"height":376,"caption":"Osuustoimintakeskus Pellervo ry"},"image":{"@id":"https:\/\/pellervo.fi\/#\/schema\/logo\/image\/"},"sameAs":["https:\/\/x.com\/PellervoFi"]},{"@type":"Person","@id":"https:\/\/pellervo.fi\/#\/schema\/person\/4b74d40956937d1367ade81899997e71","name":"pellervo","image":{"@type":"ImageObject","inLanguage":"sv-SE","@id":"https:\/\/pellervo.fi\/wp-content\/uploads\/2013\/11\/pellervo_avatar_1384522134-96x96.jpg","url":"https:\/\/pellervo.fi\/wp-content\/uploads\/2013\/11\/pellervo_avatar_1384522134-96x96.jpg","contentUrl":"https:\/\/pellervo.fi\/wp-content\/uploads\/2013\/11\/pellervo_avatar_1384522134-96x96.jpg","caption":"pellervo"},"description":"Kuvaus","url":"https:\/\/pellervo.fi\/sv\/author\/pellervo\/"}]}},"_links":{"self":[{"href":"https:\/\/pellervo.fi\/sv\/wp-json\/wp\/v2\/posts\/384616","targetHints":{"allow":["GET"]}}],"collection":[{"href":"https:\/\/pellervo.fi\/sv\/wp-json\/wp\/v2\/posts"}],"about":[{"href":"https:\/\/pellervo.fi\/sv\/wp-json\/wp\/v2\/types\/post"}],"author":[{"embeddable":true,"href":"https:\/\/pellervo.fi\/sv\/wp-json\/wp\/v2\/users\/5"}],"replies":[{"embeddable":true,"href":"https:\/\/pellervo.fi\/sv\/wp-json\/wp\/v2\/comments?post=384616"}],"version-history":[{"count":1,"href":"https:\/\/pellervo.fi\/sv\/wp-json\/wp\/v2\/posts\/384616\/revisions"}],"predecessor-version":[{"id":384617,"href":"https:\/\/pellervo.fi\/sv\/wp-json\/wp\/v2\/posts\/384616\/revisions\/384617"}],"wp:attachment":[{"href":"https:\/\/pellervo.fi\/sv\/wp-json\/wp\/v2\/media?parent=384616"}],"wp:term":[{"taxonomy":"category","embeddable":true,"href":"https:\/\/pellervo.fi\/sv\/wp-json\/wp\/v2\/categories?post=384616"},{"taxonomy":"post_tag","embeddable":true,"href":"https:\/\/pellervo.fi\/sv\/wp-json\/wp\/v2\/tags?post=384616"}],"curies":[{"name":"wp","href":"https:\/\/api.w.org\/{rel}","templated":true}]}}