{"id":3938,"date":"2014-07-04T09:02:23","date_gmt":"2014-07-04T06:02:23","guid":{"rendered":"http:\/\/pellervo.fi\/?p=3938"},"modified":"2020-06-30T12:01:53","modified_gmt":"2020-06-30T09:01:53","slug":"european-training-programme-cooperative-leaders-jarjestetaan-brysselissa-tammikuussa-2015","status":"publish","type":"post","link":"https:\/\/pellervo.fi\/sv\/uutiset\/2014\/07\/04\/european-training-programme-cooperative-leaders-jarjestetaan-brysselissa-tammikuussa-2015\/","title":{"rendered":"European training programme for Cooperative Leaders j\u00e4rjestet\u00e4\u00e4n Brysseliss\u00e4 tammikuussa 2015"},"content":{"rendered":"<p>Cogeca j\u00e4rjest\u00e4\u00e4 yhdess\u00e4 Wageningen yliopiston kanssa ensimm\u00e4ist\u00e4 kertaa koulutuksen tuottajaosuuskuntien johtohenkil\u00f6ille. Koulutus j\u00e4rjestet\u00e4\u00e4n Brysseliss\u00e4 Copa-Cogecan tiloissa <strong>19.-20. tammikuuta 2015.<\/strong><\/p>\n<p>Koulutuksessa k\u00e4sitell\u00e4\u00e4n erityisesti osuuskuntien kansainv\u00e4listymist\u00e4 (strategia, laki-kysymykset, rahoitus, hallinto, ruokaketju sek\u00e4 k\u00e4yd\u00e4\u00e4n l\u00e4pi kansallisia ja tuotantoalakohtaisia caseja).<\/p>\n<p>Lataa englanninikielinen esite: <a href=\"https:\/\/pellervo.fi\/wp-content\/uploads\/2014\/07\/EuropeanTrainingProgrammeFor-CooperativeLeaders.pdf\">EuropeanTrainingProgrammeFor CooperativeLeaders<\/a>.<\/p>\n<p>Osallistumishinta on 1995 \u20ac, joka sis\u00e4lt\u00e4\u00e4 kaikki kustannukset matkakulut pois lukien.<br \/>\nTulkkausta j\u00e4rjestet\u00e4\u00e4n Copa-Cogecan virallisille kielille (en, fr, it, es, de, pl, ro). Jos maasta on v\u00e4hint\u00e4\u00e4n kolme osallistujaa, voidaan heille j\u00e4rjest\u00e4\u00e4 tulkkaus omalle kielelle 500 \u20ac \/hl\u00f6.<\/p>\n<p>Viimeinen ilmoittautumisp\u00e4iv\u00e4 20.marraskuuta 2014, koulutus j\u00e4rjestet\u00e4\u00e4n jos osallistujia saadaan 25. Ilmoittautuminen Wageningen yliopiston nettisivuilla <em>sek\u00e4<\/em> t\u00e4ytt\u00e4m\u00e4ll\u00e4 t\u00e4m\u00e4 <a href=\"https:\/\/pellervo.fi\/wp-content\/uploads\/2014\/07\/CogecanIlmoittautumislomake.pdf\">CogecanIlmoittautumislomake<\/a>.<\/p>\n<p>Luennoitsijat:<\/p>\n<p><strong>Jos Bijman<\/strong> (Associate Professor on Management and Organisation, Wageningen University)<br \/>\n<strong>Krijn J. Poppe<\/strong> (Research Manager and Senior Economist at LEI Wageningen UR)<br \/>\n<strong>Michael L. Cook<\/strong> (Professor in Organization Economics in the Division of Applied Social Sciences at the University of Missouri- Columbia)<br \/>\n<strong>Markus Hanisch<\/strong> (Agricultural Economist at the Humboldt University Berlin and Professor for \u201cEconomics of Agricultural Cooperatives\u201d)<br \/>\n<strong>Maryline Filipppi<\/strong> (Professor in Economics at the University of Bordeaux, researcher at the French National Institute for Agricultural Research (INRA))<br \/>\n<strong>Tomas Garcia Azcarate<\/strong> (PhD in Agricultural economics, Economic adviser in DG AGRI, Professor in the European Study Institute of the Free University of Brussels)<\/p>\n<p>Lis\u00e4tietoja koulutuksesta Copa-Cogecan sihteerist\u00f6n Mr Prodromos Kalaitzis, +32 2 287 27 81, +32 478 189 912, Prodromos.kalaitzis@copa-cogeca.eu)  <\/p>\n","protected":false},"excerpt":{"rendered":"<p>Cogeca j\u00e4rjest\u00e4\u00e4 yhdess\u00e4 Wageningen yliopiston kanssa ensimm\u00e4ist\u00e4 kertaa koulutuksen tuottajaosuuskuntien johtohenkil\u00f6ille. Koulutus j\u00e4rjestet\u00e4\u00e4n Brysseliss\u00e4 Copa-Cogecan tiloissa 19.-20.tammikuuta 2015. <\/p>\n","protected":false},"author":6,"featured_media":0,"comment_status":"open","ping_status":"open","sticky":false,"template":"","format":"standard","meta":{"inline_featured_image":false,"_monsterinsights_skip_tracking":false,"_monsterinsights_sitenote_active":false,"_monsterinsights_sitenote_note":"","_monsterinsights_sitenote_category":0,"site-sidebar-layout":"default","site-content-layout":"","ast-site-content-layout":"default","site-content-style":"default","site-sidebar-style":"default","ast-global-header-display":"","ast-banner-title-visibility":"","ast-main-header-display":"","ast-hfb-above-header-display":"","ast-hfb-below-header-display":"","ast-hfb-mobile-header-display":"","site-post-title":"","ast-breadcrumbs-content":"","ast-featured-img":"","footer-sml-layout":"","ast-disable-related-posts":"","theme-transparent-header-meta":"","adv-header-id-meta":"","stick-header-meta":"","header-above-stick-meta":"","header-main-stick-meta":"","header-below-stick-meta":"","astra-migrate-meta-layouts":"default","ast-page-background-enabled":"default","ast-page-background-meta":{"desktop":{"background-color":"","background-image":"","background-repeat":"repeat","background-position":"center center","background-size":"auto","background-attachment":"scroll","background-type":"","background-media":"","overlay-type":"","overlay-color":"","overlay-opacity":"","overlay-gradient":""},"tablet":{"background-color":"","background-image":"","background-repeat":"repeat","background-position":"center center","background-size":"auto","background-attachment":"scroll","background-type":"","background-media":"","overlay-type":"","overlay-color":"","overlay-opacity":"","overlay-gradient":""},"mobile":{"background-color":"","background-image":"","background-repeat":"repeat","background-position":"center center","background-size":"auto","background-attachment":"scroll","background-type":"","background-media":"","overlay-type":"","overlay-color":"","overlay-opacity":"","overlay-gradient":""}},"ast-content-background-meta":{"desktop":{"background-color":"var(--ast-global-color-5)","background-image":"","background-repeat":"repeat","background-position":"center center","background-size":"auto","background-attachment":"scroll","background-type":"","background-media":"","overlay-type":"","overlay-color":"","overlay-opacity":"","overlay-gradient":""},"tablet":{"background-color":"var(--ast-global-color-5)","background-image":"","background-repeat":"repeat","background-position":"center center","background-size":"auto","background-attachment":"scroll","background-type":"","background-media":"","overlay-type":"","overlay-color":"","overlay-opacity":"","overlay-gradient":""},"mobile":{"background-color":"var(--ast-global-color-5)","background-image":"","background-repeat":"repeat","background-position":"center center","background-size":"auto","background-attachment":"scroll","background-type":"","background-media":"","overlay-type":"","overlay-color":"","overlay-opacity":"","overlay-gradient":""}},"_FSMCFIC_featured_image_caption":"","_FSMCFIC_featured_image_nocaption":"","_FSMCFIC_featured_image_hide":"","footnotes":""},"categories":[22],"tags":[],"class_list":["post-3938","post","type-post","status-publish","format-standard","hentry","category-uutiset"],"yoast_head":"<!-- This site is optimized with the Yoast SEO plugin v27.5 - https:\/\/yoast.com\/product\/yoast-seo-wordpress\/ -->\n<title>European training programme for Cooperative Leaders j\u00e4rjestet\u00e4\u00e4n Brysseliss\u00e4 tammikuussa 2015 - Pellervo<\/title>\n<meta name=\"robots\" content=\"index, follow, max-snippet:-1, max-image-preview:large, max-video-preview:-1\" \/>\n<link rel=\"canonical\" href=\"https:\/\/pellervo.fi\/en\/uutiset\/2014\/07\/04\/european-training-programme-cooperative-leaders-jarjestetaan-brysselissa-tammikuussa-2015\/\" \/>\n<meta property=\"og:locale\" content=\"sv_SE\" \/>\n<meta property=\"og:type\" content=\"article\" \/>\n<meta property=\"og:title\" content=\"European training programme for Cooperative Leaders j\u00e4rjestet\u00e4\u00e4n Brysseliss\u00e4 tammikuussa 2015 - Pellervo\" \/>\n<meta property=\"og:description\" content=\"Cogeca j\u00e4rjest\u00e4\u00e4 yhdess\u00e4 Wageningen yliopiston kanssa ensimm\u00e4ist\u00e4 kertaa koulutuksen tuottajaosuuskuntien johtohenkil\u00f6ille. Koulutus j\u00e4rjestet\u00e4\u00e4n Brysseliss\u00e4 Copa-Cogecan tiloissa 19.-20.tammikuuta 2015.\" \/>\n<meta property=\"og:url\" content=\"https:\/\/pellervo.fi\/en\/uutiset\/2014\/07\/04\/european-training-programme-cooperative-leaders-jarjestetaan-brysselissa-tammikuussa-2015\/\" \/>\n<meta property=\"og:site_name\" content=\"Pellervo\" \/>\n<meta property=\"article:published_time\" content=\"2014-07-04T06:02:23+00:00\" \/>\n<meta property=\"article:modified_time\" content=\"2020-06-30T09:01:53+00:00\" \/>\n<meta property=\"og:image\" content=\"https:\/\/pellervo.fi\/wp-content\/uploads\/2020\/04\/pallo2020.jpg\" \/>\n\t<meta property=\"og:image:width\" content=\"850\" \/>\n\t<meta property=\"og:image:height\" content=\"560\" \/>\n\t<meta property=\"og:image:type\" content=\"image\/jpeg\" \/>\n<meta name=\"author\" content=\"Hanna Muukka\" \/>\n<meta name=\"twitter:card\" content=\"summary_large_image\" \/>\n<meta name=\"twitter:creator\" content=\"@PellervoFi\" \/>\n<meta name=\"twitter:site\" content=\"@PellervoFi\" \/>\n<meta name=\"twitter:label1\" content=\"Skriven av\" \/>\n\t<meta name=\"twitter:data1\" content=\"Hanna Muukka\" \/>\n\t<meta name=\"twitter:label2\" content=\"Ber\u00e4knad l\u00e4stid\" \/>\n\t<meta name=\"twitter:data2\" content=\"1 minut\" \/>\n<script type=\"application\/ld+json\" class=\"yoast-schema-graph\">{\"@context\":\"https:\\\/\\\/schema.org\",\"@graph\":[{\"@type\":\"Article\",\"@id\":\"https:\\\/\\\/pellervo.fi\\\/en\\\/uutiset\\\/2014\\\/07\\\/04\\\/european-training-programme-cooperative-leaders-jarjestetaan-brysselissa-tammikuussa-2015\\\/#article\",\"isPartOf\":{\"@id\":\"https:\\\/\\\/pellervo.fi\\\/en\\\/uutiset\\\/2014\\\/07\\\/04\\\/european-training-programme-cooperative-leaders-jarjestetaan-brysselissa-tammikuussa-2015\\\/\"},\"author\":{\"name\":\"Hanna Muukka\",\"@id\":\"https:\\\/\\\/pellervo.fi\\\/#\\\/schema\\\/person\\\/f001b7c670bab10e5236b09672d9e6a3\"},\"headline\":\"European training programme for Cooperative Leaders j\u00e4rjestet\u00e4\u00e4n Brysseliss\u00e4 tammikuussa 2015\",\"datePublished\":\"2014-07-04T06:02:23+00:00\",\"dateModified\":\"2020-06-30T09:01:53+00:00\",\"mainEntityOfPage\":{\"@id\":\"https:\\\/\\\/pellervo.fi\\\/en\\\/uutiset\\\/2014\\\/07\\\/04\\\/european-training-programme-cooperative-leaders-jarjestetaan-brysselissa-tammikuussa-2015\\\/\"},\"wordCount\":241,\"commentCount\":0,\"publisher\":{\"@id\":\"https:\\\/\\\/pellervo.fi\\\/#organization\"},\"articleSection\":[\"Uutiset\"],\"inLanguage\":\"sv-SE\",\"potentialAction\":[{\"@type\":\"CommentAction\",\"name\":\"Comment\",\"target\":[\"https:\\\/\\\/pellervo.fi\\\/en\\\/uutiset\\\/2014\\\/07\\\/04\\\/european-training-programme-cooperative-leaders-jarjestetaan-brysselissa-tammikuussa-2015\\\/#respond\"]}]},{\"@type\":\"WebPage\",\"@id\":\"https:\\\/\\\/pellervo.fi\\\/en\\\/uutiset\\\/2014\\\/07\\\/04\\\/european-training-programme-cooperative-leaders-jarjestetaan-brysselissa-tammikuussa-2015\\\/\",\"url\":\"https:\\\/\\\/pellervo.fi\\\/en\\\/uutiset\\\/2014\\\/07\\\/04\\\/european-training-programme-cooperative-leaders-jarjestetaan-brysselissa-tammikuussa-2015\\\/\",\"name\":\"European training programme for Cooperative Leaders j\u00e4rjestet\u00e4\u00e4n Brysseliss\u00e4 tammikuussa 2015 - Pellervo\",\"isPartOf\":{\"@id\":\"https:\\\/\\\/pellervo.fi\\\/#website\"},\"datePublished\":\"2014-07-04T06:02:23+00:00\",\"dateModified\":\"2020-06-30T09:01:53+00:00\",\"breadcrumb\":{\"@id\":\"https:\\\/\\\/pellervo.fi\\\/en\\\/uutiset\\\/2014\\\/07\\\/04\\\/european-training-programme-cooperative-leaders-jarjestetaan-brysselissa-tammikuussa-2015\\\/#breadcrumb\"},\"inLanguage\":\"sv-SE\",\"potentialAction\":[{\"@type\":\"ReadAction\",\"target\":[\"https:\\\/\\\/pellervo.fi\\\/en\\\/uutiset\\\/2014\\\/07\\\/04\\\/european-training-programme-cooperative-leaders-jarjestetaan-brysselissa-tammikuussa-2015\\\/\"]}]},{\"@type\":\"BreadcrumbList\",\"@id\":\"https:\\\/\\\/pellervo.fi\\\/en\\\/uutiset\\\/2014\\\/07\\\/04\\\/european-training-programme-cooperative-leaders-jarjestetaan-brysselissa-tammikuussa-2015\\\/#breadcrumb\",\"itemListElement\":[{\"@type\":\"ListItem\",\"position\":1,\"name\":\"Koti\",\"item\":\"https:\\\/\\\/pellervo.fi\\\/sv\\\/\"},{\"@type\":\"ListItem\",\"position\":2,\"name\":\"European training programme for Cooperative Leaders j\u00e4rjestet\u00e4\u00e4n Brysseliss\u00e4 tammikuussa 2015\"}]},{\"@type\":\"WebSite\",\"@id\":\"https:\\\/\\\/pellervo.fi\\\/#website\",\"url\":\"https:\\\/\\\/pellervo.fi\\\/\",\"name\":\"Pellervo\",\"description\":\"Osuuskuntien keskusj\u00e4rjest\u00f6\",\"publisher\":{\"@id\":\"https:\\\/\\\/pellervo.fi\\\/#organization\"},\"potentialAction\":[{\"@type\":\"SearchAction\",\"target\":{\"@type\":\"EntryPoint\",\"urlTemplate\":\"https:\\\/\\\/pellervo.fi\\\/?s={search_term_string}\"},\"query-input\":{\"@type\":\"PropertyValueSpecification\",\"valueRequired\":true,\"valueName\":\"search_term_string\"}}],\"inLanguage\":\"sv-SE\"},{\"@type\":\"Organization\",\"@id\":\"https:\\\/\\\/pellervo.fi\\\/#organization\",\"name\":\"Osuustoimintakeskus Pellervo ry\",\"url\":\"https:\\\/\\\/pellervo.fi\\\/\",\"logo\":{\"@type\":\"ImageObject\",\"inLanguage\":\"sv-SE\",\"@id\":\"https:\\\/\\\/pellervo.fi\\\/#\\\/schema\\\/logo\\\/image\\\/\",\"url\":\"https:\\\/\\\/pellervo.fi\\\/wp-content\\\/uploads\\\/2020\\\/05\\\/Pellervo_logo.png\",\"contentUrl\":\"https:\\\/\\\/pellervo.fi\\\/wp-content\\\/uploads\\\/2020\\\/05\\\/Pellervo_logo.png\",\"width\":1335,\"height\":376,\"caption\":\"Osuustoimintakeskus Pellervo ry\"},\"image\":{\"@id\":\"https:\\\/\\\/pellervo.fi\\\/#\\\/schema\\\/logo\\\/image\\\/\"},\"sameAs\":[\"https:\\\/\\\/x.com\\\/PellervoFi\"]},{\"@type\":\"Person\",\"@id\":\"https:\\\/\\\/pellervo.fi\\\/#\\\/schema\\\/person\\\/f001b7c670bab10e5236b09672d9e6a3\",\"name\":\"Hanna Muukka\",\"image\":{\"@type\":\"ImageObject\",\"inLanguage\":\"sv-SE\",\"@id\":\"https:\\\/\\\/pellervo.fi\\\/wp-content\\\/uploads\\\/2014\\\/02\\\/Hanna-Muukka_avatar_1393417732-96x96.jpg\",\"url\":\"https:\\\/\\\/pellervo.fi\\\/wp-content\\\/uploads\\\/2014\\\/02\\\/Hanna-Muukka_avatar_1393417732-96x96.jpg\",\"contentUrl\":\"https:\\\/\\\/pellervo.fi\\\/wp-content\\\/uploads\\\/2014\\\/02\\\/Hanna-Muukka_avatar_1393417732-96x96.jpg\",\"caption\":\"Hanna Muukka\"},\"description\":\"Kirjoittaja ty\u00f6skentelee Osuustoimintakeskus Pellervossa vastuullisuusasiantuntijana.\",\"url\":\"https:\\\/\\\/pellervo.fi\\\/sv\\\/author\\\/hannamuu\\\/\"}]}<\/script>\n<!-- \/ Yoast SEO plugin. -->","yoast_head_json":{"title":"European training programme for Cooperative Leaders j\u00e4rjestet\u00e4\u00e4n Brysseliss\u00e4 tammikuussa 2015 - Pellervo","robots":{"index":"index","follow":"follow","max-snippet":"max-snippet:-1","max-image-preview":"max-image-preview:large","max-video-preview":"max-video-preview:-1"},"canonical":"https:\/\/pellervo.fi\/en\/uutiset\/2014\/07\/04\/european-training-programme-cooperative-leaders-jarjestetaan-brysselissa-tammikuussa-2015\/","og_locale":"sv_SE","og_type":"article","og_title":"European training programme for Cooperative Leaders j\u00e4rjestet\u00e4\u00e4n Brysseliss\u00e4 tammikuussa 2015 - Pellervo","og_description":"Cogeca j\u00e4rjest\u00e4\u00e4 yhdess\u00e4 Wageningen yliopiston kanssa ensimm\u00e4ist\u00e4 kertaa koulutuksen tuottajaosuuskuntien johtohenkil\u00f6ille. Koulutus j\u00e4rjestet\u00e4\u00e4n Brysseliss\u00e4 Copa-Cogecan tiloissa 19.-20.tammikuuta 2015.","og_url":"https:\/\/pellervo.fi\/en\/uutiset\/2014\/07\/04\/european-training-programme-cooperative-leaders-jarjestetaan-brysselissa-tammikuussa-2015\/","og_site_name":"Pellervo","article_published_time":"2014-07-04T06:02:23+00:00","article_modified_time":"2020-06-30T09:01:53+00:00","og_image":[{"width":850,"height":560,"url":"https:\/\/pellervo.fi\/wp-content\/uploads\/2020\/04\/pallo2020.jpg","type":"image\/jpeg"}],"author":"Hanna Muukka","twitter_card":"summary_large_image","twitter_creator":"@PellervoFi","twitter_site":"@PellervoFi","twitter_misc":{"Skriven av":"Hanna Muukka","Ber\u00e4knad l\u00e4stid":"1 minut"},"schema":{"@context":"https:\/\/schema.org","@graph":[{"@type":"Article","@id":"https:\/\/pellervo.fi\/en\/uutiset\/2014\/07\/04\/european-training-programme-cooperative-leaders-jarjestetaan-brysselissa-tammikuussa-2015\/#article","isPartOf":{"@id":"https:\/\/pellervo.fi\/en\/uutiset\/2014\/07\/04\/european-training-programme-cooperative-leaders-jarjestetaan-brysselissa-tammikuussa-2015\/"},"author":{"name":"Hanna Muukka","@id":"https:\/\/pellervo.fi\/#\/schema\/person\/f001b7c670bab10e5236b09672d9e6a3"},"headline":"European training programme for Cooperative Leaders j\u00e4rjestet\u00e4\u00e4n Brysseliss\u00e4 tammikuussa 2015","datePublished":"2014-07-04T06:02:23+00:00","dateModified":"2020-06-30T09:01:53+00:00","mainEntityOfPage":{"@id":"https:\/\/pellervo.fi\/en\/uutiset\/2014\/07\/04\/european-training-programme-cooperative-leaders-jarjestetaan-brysselissa-tammikuussa-2015\/"},"wordCount":241,"commentCount":0,"publisher":{"@id":"https:\/\/pellervo.fi\/#organization"},"articleSection":["Uutiset"],"inLanguage":"sv-SE","potentialAction":[{"@type":"CommentAction","name":"Comment","target":["https:\/\/pellervo.fi\/en\/uutiset\/2014\/07\/04\/european-training-programme-cooperative-leaders-jarjestetaan-brysselissa-tammikuussa-2015\/#respond"]}]},{"@type":"WebPage","@id":"https:\/\/pellervo.fi\/en\/uutiset\/2014\/07\/04\/european-training-programme-cooperative-leaders-jarjestetaan-brysselissa-tammikuussa-2015\/","url":"https:\/\/pellervo.fi\/en\/uutiset\/2014\/07\/04\/european-training-programme-cooperative-leaders-jarjestetaan-brysselissa-tammikuussa-2015\/","name":"European training programme for Cooperative Leaders j\u00e4rjestet\u00e4\u00e4n Brysseliss\u00e4 tammikuussa 2015 - Pellervo","isPartOf":{"@id":"https:\/\/pellervo.fi\/#website"},"datePublished":"2014-07-04T06:02:23+00:00","dateModified":"2020-06-30T09:01:53+00:00","breadcrumb":{"@id":"https:\/\/pellervo.fi\/en\/uutiset\/2014\/07\/04\/european-training-programme-cooperative-leaders-jarjestetaan-brysselissa-tammikuussa-2015\/#breadcrumb"},"inLanguage":"sv-SE","potentialAction":[{"@type":"ReadAction","target":["https:\/\/pellervo.fi\/en\/uutiset\/2014\/07\/04\/european-training-programme-cooperative-leaders-jarjestetaan-brysselissa-tammikuussa-2015\/"]}]},{"@type":"BreadcrumbList","@id":"https:\/\/pellervo.fi\/en\/uutiset\/2014\/07\/04\/european-training-programme-cooperative-leaders-jarjestetaan-brysselissa-tammikuussa-2015\/#breadcrumb","itemListElement":[{"@type":"ListItem","position":1,"name":"Koti","item":"https:\/\/pellervo.fi\/sv\/"},{"@type":"ListItem","position":2,"name":"European training programme for Cooperative Leaders j\u00e4rjestet\u00e4\u00e4n Brysseliss\u00e4 tammikuussa 2015"}]},{"@type":"WebSite","@id":"https:\/\/pellervo.fi\/#website","url":"https:\/\/pellervo.fi\/","name":"Pellervo","description":"Osuuskuntien keskusj\u00e4rjest\u00f6","publisher":{"@id":"https:\/\/pellervo.fi\/#organization"},"potentialAction":[{"@type":"SearchAction","target":{"@type":"EntryPoint","urlTemplate":"https:\/\/pellervo.fi\/?s={search_term_string}"},"query-input":{"@type":"PropertyValueSpecification","valueRequired":true,"valueName":"search_term_string"}}],"inLanguage":"sv-SE"},{"@type":"Organization","@id":"https:\/\/pellervo.fi\/#organization","name":"Osuustoimintakeskus Pellervo ry","url":"https:\/\/pellervo.fi\/","logo":{"@type":"ImageObject","inLanguage":"sv-SE","@id":"https:\/\/pellervo.fi\/#\/schema\/logo\/image\/","url":"https:\/\/pellervo.fi\/wp-content\/uploads\/2020\/05\/Pellervo_logo.png","contentUrl":"https:\/\/pellervo.fi\/wp-content\/uploads\/2020\/05\/Pellervo_logo.png","width":1335,"height":376,"caption":"Osuustoimintakeskus Pellervo ry"},"image":{"@id":"https:\/\/pellervo.fi\/#\/schema\/logo\/image\/"},"sameAs":["https:\/\/x.com\/PellervoFi"]},{"@type":"Person","@id":"https:\/\/pellervo.fi\/#\/schema\/person\/f001b7c670bab10e5236b09672d9e6a3","name":"Hanna Muukka","image":{"@type":"ImageObject","inLanguage":"sv-SE","@id":"https:\/\/pellervo.fi\/wp-content\/uploads\/2014\/02\/Hanna-Muukka_avatar_1393417732-96x96.jpg","url":"https:\/\/pellervo.fi\/wp-content\/uploads\/2014\/02\/Hanna-Muukka_avatar_1393417732-96x96.jpg","contentUrl":"https:\/\/pellervo.fi\/wp-content\/uploads\/2014\/02\/Hanna-Muukka_avatar_1393417732-96x96.jpg","caption":"Hanna Muukka"},"description":"Kirjoittaja ty\u00f6skentelee Osuustoimintakeskus Pellervossa vastuullisuusasiantuntijana.","url":"https:\/\/pellervo.fi\/sv\/author\/hannamuu\/"}]}},"_links":{"self":[{"href":"https:\/\/pellervo.fi\/sv\/wp-json\/wp\/v2\/posts\/3938","targetHints":{"allow":["GET"]}}],"collection":[{"href":"https:\/\/pellervo.fi\/sv\/wp-json\/wp\/v2\/posts"}],"about":[{"href":"https:\/\/pellervo.fi\/sv\/wp-json\/wp\/v2\/types\/post"}],"author":[{"embeddable":true,"href":"https:\/\/pellervo.fi\/sv\/wp-json\/wp\/v2\/users\/6"}],"replies":[{"embeddable":true,"href":"https:\/\/pellervo.fi\/sv\/wp-json\/wp\/v2\/comments?post=3938"}],"version-history":[{"count":1,"href":"https:\/\/pellervo.fi\/sv\/wp-json\/wp\/v2\/posts\/3938\/revisions"}],"predecessor-version":[{"id":887201,"href":"https:\/\/pellervo.fi\/sv\/wp-json\/wp\/v2\/posts\/3938\/revisions\/887201"}],"wp:attachment":[{"href":"https:\/\/pellervo.fi\/sv\/wp-json\/wp\/v2\/media?parent=3938"}],"wp:term":[{"taxonomy":"category","embeddable":true,"href":"https:\/\/pellervo.fi\/sv\/wp-json\/wp\/v2\/categories?post=3938"},{"taxonomy":"post_tag","embeddable":true,"href":"https:\/\/pellervo.fi\/sv\/wp-json\/wp\/v2\/tags?post=3938"}],"curies":[{"name":"wp","href":"https:\/\/api.w.org\/{rel}","templated":true}]}}