{"id":3992,"date":"2014-08-12T08:33:25","date_gmt":"2014-08-12T05:33:25","guid":{"rendered":"http:\/\/pellervo.fi\/?p=3992"},"modified":"2014-08-12T08:34:19","modified_gmt":"2014-08-12T05:34:19","slug":"ruokatieto-vientikiellon-vaikutusten-vahentaminen-mahdollista-kotikonstein","status":"publish","type":"post","link":"https:\/\/pellervo.fi\/sv\/uutiset\/2014\/08\/12\/ruokatieto-vientikiellon-vaikutusten-vahentaminen-mahdollista-kotikonstein\/","title":{"rendered":"Ruokatieto: Vientikiellon vaikutusten v\u00e4hent\u00e4minen mahdollista kotikonstein"},"content":{"rendered":"<p><strong>Ruokatieto Yhdistys tiedotti tavoista lievent\u00e4\u00e4 suomalaisen elintarviketeollisuuden tuotteiden Ven\u00e4j\u00e4n vientikiellon vaikutuksia.<\/strong><\/p>\n<p>Ven\u00e4j\u00e4lle vietyjen raaka-aineiden ja elintarvikkeiden yhteenlaskettu arvo oli 430 milj \u20ac vuonna 2013. Ruokatieto ehdottaa ratkaisuksi suomalaisten tuotteiden sy\u00f6mist\u00e4.\u00a0Vuonna 2013 maitopohjaisia tuotteita tuotiin 407 milj e arvosta, eli l\u00e4hes yht\u00e4 paljon kuin koko Ven\u00e4j\u00e4n ruokavientimme.<\/p>\n<p>&#8221;Kun Ven\u00e4j\u00e4lle suuntautuneen ruokavientimme jakaa Suomen v\u00e4kiluvulla, saadaan tulokseksi noin 80 \u20ac. Kun tuohon lis\u00e4t\u00e4\u00e4n v\u00e4liportaiden katteet, on summa tavallisin kauppahinnoin reilun satasen kansalaista kohden. Mik\u00e4li tuolla summalla jokainen suomalainen s\u00f6isi enemm\u00e4n suomalaista ruokaa yhden vuoden ajan, olisi Ven\u00e4j\u00e4n viennin tyss\u00e4ys kuitattu&#8221;, Ruokatiedosta kerrotaan.<\/p>\n<p>&#8221;Tilanteen ratkaisu vaatii poliittisia ja diplomaattisia keinoja, mutta jokainen suomalainen voi omilla ostop\u00e4\u00e4t\u00f6ksill\u00e4\u00e4n vaikuttaa vientikiellon haittoja heikent\u00e4v\u00e4sti. Kotimaista suosivilla valinnoilla me kaikki voimme antaa panoksemme suomalaisten ty\u00f6llisyyden ja kansantalouden puolesta&#8221;, yhdistyksest\u00e4 kiteytet\u00e4\u00e4n.  <\/p>\n","protected":false},"excerpt":{"rendered":"<p>Ruokatieto Yhdistys tiedotti tavoista lievent\u00e4\u00e4 suomalaisen elintarviketeollisuuden tuotteiden Ven\u00e4j\u00e4n vientikiellon vaikutuksia. <\/p>\n","protected":false},"author":5,"featured_media":3993,"comment_status":"open","ping_status":"open","sticky":false,"template":"","format":"standard","meta":{"inline_featured_image":false,"_monsterinsights_skip_tracking":false,"_monsterinsights_sitenote_active":false,"_monsterinsights_sitenote_note":"","_monsterinsights_sitenote_category":0,"site-sidebar-layout":"default","site-content-layout":"","ast-site-content-layout":"default","site-content-style":"default","site-sidebar-style":"default","ast-global-header-display":"","ast-banner-title-visibility":"","ast-main-header-display":"","ast-hfb-above-header-display":"","ast-hfb-below-header-display":"","ast-hfb-mobile-header-display":"","site-post-title":"","ast-breadcrumbs-content":"","ast-featured-img":"","footer-sml-layout":"","ast-disable-related-posts":"","theme-transparent-header-meta":"","adv-header-id-meta":"","stick-header-meta":"","header-above-stick-meta":"","header-main-stick-meta":"","header-below-stick-meta":"","astra-migrate-meta-layouts":"default","ast-page-background-enabled":"default","ast-page-background-meta":{"desktop":{"background-color":"","background-image":"","background-repeat":"repeat","background-position":"center center","background-size":"auto","background-attachment":"scroll","background-type":"","background-media":"","overlay-type":"","overlay-color":"","overlay-opacity":"","overlay-gradient":""},"tablet":{"background-color":"","background-image":"","background-repeat":"repeat","background-position":"center center","background-size":"auto","background-attachment":"scroll","background-type":"","background-media":"","overlay-type":"","overlay-color":"","overlay-opacity":"","overlay-gradient":""},"mobile":{"background-color":"","background-image":"","background-repeat":"repeat","background-position":"center center","background-size":"auto","background-attachment":"scroll","background-type":"","background-media":"","overlay-type":"","overlay-color":"","overlay-opacity":"","overlay-gradient":""}},"ast-content-background-meta":{"desktop":{"background-color":"var(--ast-global-color-5)","background-image":"","background-repeat":"repeat","background-position":"center center","background-size":"auto","background-attachment":"scroll","background-type":"","background-media":"","overlay-type":"","overlay-color":"","overlay-opacity":"","overlay-gradient":""},"tablet":{"background-color":"var(--ast-global-color-5)","background-image":"","background-repeat":"repeat","background-position":"center center","background-size":"auto","background-attachment":"scroll","background-type":"","background-media":"","overlay-type":"","overlay-color":"","overlay-opacity":"","overlay-gradient":""},"mobile":{"background-color":"var(--ast-global-color-5)","background-image":"","background-repeat":"repeat","background-position":"center center","background-size":"auto","background-attachment":"scroll","background-type":"","background-media":"","overlay-type":"","overlay-color":"","overlay-opacity":"","overlay-gradient":""}},"_FSMCFIC_featured_image_caption":"","_FSMCFIC_featured_image_nocaption":"","_FSMCFIC_featured_image_hide":"","footnotes":""},"categories":[22],"tags":[],"class_list":["post-3992","post","type-post","status-publish","format-standard","has-post-thumbnail","hentry","category-uutiset"],"yoast_head":"<!-- This site is optimized with the Yoast SEO plugin v27.4 - https:\/\/yoast.com\/product\/yoast-seo-wordpress\/ -->\n<title>Ruokatieto: Vientikiellon vaikutusten v\u00e4hent\u00e4minen mahdollista kotikonstein - Pellervo<\/title>\n<meta name=\"robots\" content=\"index, follow, max-snippet:-1, max-image-preview:large, max-video-preview:-1\" \/>\n<link rel=\"canonical\" href=\"https:\/\/pellervo.fi\/en\/uutiset\/2014\/08\/12\/ruokatieto-vientikiellon-vaikutusten-vahentaminen-mahdollista-kotikonstein\/\" \/>\n<meta property=\"og:locale\" content=\"sv_SE\" \/>\n<meta property=\"og:type\" content=\"article\" \/>\n<meta property=\"og:title\" content=\"Ruokatieto: Vientikiellon vaikutusten v\u00e4hent\u00e4minen mahdollista kotikonstein - Pellervo\" \/>\n<meta property=\"og:description\" content=\"Ruokatieto Yhdistys tiedotti tavoista lievent\u00e4\u00e4 suomalaisen elintarviketeollisuuden tuotteiden Ven\u00e4j\u00e4n vientikiellon vaikutuksia.\" \/>\n<meta property=\"og:url\" content=\"https:\/\/pellervo.fi\/en\/uutiset\/2014\/08\/12\/ruokatieto-vientikiellon-vaikutusten-vahentaminen-mahdollista-kotikonstein\/\" \/>\n<meta property=\"og:site_name\" content=\"Pellervo\" \/>\n<meta property=\"article:published_time\" content=\"2014-08-12T05:33:25+00:00\" \/>\n<meta property=\"article:modified_time\" content=\"2014-08-12T05:34:19+00:00\" \/>\n<meta property=\"og:image\" content=\"https:\/\/pellervo.fi\/wp-content\/uploads\/2014\/08\/ruokaa_omasta_maasta_vaaka_rgb-e1407821279410.png\" \/>\n\t<meta property=\"og:image:width\" content=\"650\" \/>\n\t<meta property=\"og:image:height\" content=\"325\" \/>\n\t<meta property=\"og:image:type\" content=\"image\/png\" \/>\n<meta name=\"author\" content=\"pellervo\" \/>\n<meta name=\"twitter:card\" content=\"summary_large_image\" \/>\n<meta name=\"twitter:creator\" content=\"@PellervoFi\" \/>\n<meta name=\"twitter:site\" content=\"@PellervoFi\" \/>\n<meta name=\"twitter:label1\" content=\"Skriven av\" \/>\n\t<meta name=\"twitter:data1\" content=\"pellervo\" \/>\n\t<meta name=\"twitter:label2\" content=\"Ber\u00e4knad l\u00e4stid\" \/>\n\t<meta name=\"twitter:data2\" content=\"1 minut\" \/>\n<script type=\"application\/ld+json\" class=\"yoast-schema-graph\">{\"@context\":\"https:\\\/\\\/schema.org\",\"@graph\":[{\"@type\":\"Article\",\"@id\":\"https:\\\/\\\/pellervo.fi\\\/en\\\/uutiset\\\/2014\\\/08\\\/12\\\/ruokatieto-vientikiellon-vaikutusten-vahentaminen-mahdollista-kotikonstein\\\/#article\",\"isPartOf\":{\"@id\":\"https:\\\/\\\/pellervo.fi\\\/en\\\/uutiset\\\/2014\\\/08\\\/12\\\/ruokatieto-vientikiellon-vaikutusten-vahentaminen-mahdollista-kotikonstein\\\/\"},\"author\":{\"name\":\"pellervo\",\"@id\":\"https:\\\/\\\/pellervo.fi\\\/#\\\/schema\\\/person\\\/4b74d40956937d1367ade81899997e71\"},\"headline\":\"Ruokatieto: Vientikiellon vaikutusten v\u00e4hent\u00e4minen mahdollista kotikonstein\",\"datePublished\":\"2014-08-12T05:33:25+00:00\",\"dateModified\":\"2014-08-12T05:34:19+00:00\",\"mainEntityOfPage\":{\"@id\":\"https:\\\/\\\/pellervo.fi\\\/en\\\/uutiset\\\/2014\\\/08\\\/12\\\/ruokatieto-vientikiellon-vaikutusten-vahentaminen-mahdollista-kotikonstein\\\/\"},\"wordCount\":151,\"commentCount\":0,\"publisher\":{\"@id\":\"https:\\\/\\\/pellervo.fi\\\/#organization\"},\"image\":{\"@id\":\"https:\\\/\\\/pellervo.fi\\\/en\\\/uutiset\\\/2014\\\/08\\\/12\\\/ruokatieto-vientikiellon-vaikutusten-vahentaminen-mahdollista-kotikonstein\\\/#primaryimage\"},\"thumbnailUrl\":\"https:\\\/\\\/pellervo.fi\\\/wp-content\\\/uploads\\\/2014\\\/08\\\/ruokaa_omasta_maasta_vaaka_rgb-e1407821279410.png\",\"articleSection\":[\"Uutiset\"],\"inLanguage\":\"sv-SE\",\"potentialAction\":[{\"@type\":\"CommentAction\",\"name\":\"Comment\",\"target\":[\"https:\\\/\\\/pellervo.fi\\\/en\\\/uutiset\\\/2014\\\/08\\\/12\\\/ruokatieto-vientikiellon-vaikutusten-vahentaminen-mahdollista-kotikonstein\\\/#respond\"]}]},{\"@type\":\"WebPage\",\"@id\":\"https:\\\/\\\/pellervo.fi\\\/en\\\/uutiset\\\/2014\\\/08\\\/12\\\/ruokatieto-vientikiellon-vaikutusten-vahentaminen-mahdollista-kotikonstein\\\/\",\"url\":\"https:\\\/\\\/pellervo.fi\\\/en\\\/uutiset\\\/2014\\\/08\\\/12\\\/ruokatieto-vientikiellon-vaikutusten-vahentaminen-mahdollista-kotikonstein\\\/\",\"name\":\"Ruokatieto: Vientikiellon vaikutusten v\u00e4hent\u00e4minen mahdollista kotikonstein - Pellervo\",\"isPartOf\":{\"@id\":\"https:\\\/\\\/pellervo.fi\\\/#website\"},\"primaryImageOfPage\":{\"@id\":\"https:\\\/\\\/pellervo.fi\\\/en\\\/uutiset\\\/2014\\\/08\\\/12\\\/ruokatieto-vientikiellon-vaikutusten-vahentaminen-mahdollista-kotikonstein\\\/#primaryimage\"},\"image\":{\"@id\":\"https:\\\/\\\/pellervo.fi\\\/en\\\/uutiset\\\/2014\\\/08\\\/12\\\/ruokatieto-vientikiellon-vaikutusten-vahentaminen-mahdollista-kotikonstein\\\/#primaryimage\"},\"thumbnailUrl\":\"https:\\\/\\\/pellervo.fi\\\/wp-content\\\/uploads\\\/2014\\\/08\\\/ruokaa_omasta_maasta_vaaka_rgb-e1407821279410.png\",\"datePublished\":\"2014-08-12T05:33:25+00:00\",\"dateModified\":\"2014-08-12T05:34:19+00:00\",\"breadcrumb\":{\"@id\":\"https:\\\/\\\/pellervo.fi\\\/en\\\/uutiset\\\/2014\\\/08\\\/12\\\/ruokatieto-vientikiellon-vaikutusten-vahentaminen-mahdollista-kotikonstein\\\/#breadcrumb\"},\"inLanguage\":\"sv-SE\",\"potentialAction\":[{\"@type\":\"ReadAction\",\"target\":[\"https:\\\/\\\/pellervo.fi\\\/en\\\/uutiset\\\/2014\\\/08\\\/12\\\/ruokatieto-vientikiellon-vaikutusten-vahentaminen-mahdollista-kotikonstein\\\/\"]}]},{\"@type\":\"ImageObject\",\"inLanguage\":\"sv-SE\",\"@id\":\"https:\\\/\\\/pellervo.fi\\\/en\\\/uutiset\\\/2014\\\/08\\\/12\\\/ruokatieto-vientikiellon-vaikutusten-vahentaminen-mahdollista-kotikonstein\\\/#primaryimage\",\"url\":\"https:\\\/\\\/pellervo.fi\\\/wp-content\\\/uploads\\\/2014\\\/08\\\/ruokaa_omasta_maasta_vaaka_rgb-e1407821279410.png\",\"contentUrl\":\"https:\\\/\\\/pellervo.fi\\\/wp-content\\\/uploads\\\/2014\\\/08\\\/ruokaa_omasta_maasta_vaaka_rgb-e1407821279410.png\",\"width\":650,\"height\":325},{\"@type\":\"BreadcrumbList\",\"@id\":\"https:\\\/\\\/pellervo.fi\\\/en\\\/uutiset\\\/2014\\\/08\\\/12\\\/ruokatieto-vientikiellon-vaikutusten-vahentaminen-mahdollista-kotikonstein\\\/#breadcrumb\",\"itemListElement\":[{\"@type\":\"ListItem\",\"position\":1,\"name\":\"Koti\",\"item\":\"https:\\\/\\\/pellervo.fi\\\/sv\\\/\"},{\"@type\":\"ListItem\",\"position\":2,\"name\":\"Ruokatieto: Vientikiellon vaikutusten v\u00e4hent\u00e4minen mahdollista kotikonstein\"}]},{\"@type\":\"WebSite\",\"@id\":\"https:\\\/\\\/pellervo.fi\\\/#website\",\"url\":\"https:\\\/\\\/pellervo.fi\\\/\",\"name\":\"Pellervo\",\"description\":\"Osuuskuntien keskusj\u00e4rjest\u00f6\",\"publisher\":{\"@id\":\"https:\\\/\\\/pellervo.fi\\\/#organization\"},\"potentialAction\":[{\"@type\":\"SearchAction\",\"target\":{\"@type\":\"EntryPoint\",\"urlTemplate\":\"https:\\\/\\\/pellervo.fi\\\/?s={search_term_string}\"},\"query-input\":{\"@type\":\"PropertyValueSpecification\",\"valueRequired\":true,\"valueName\":\"search_term_string\"}}],\"inLanguage\":\"sv-SE\"},{\"@type\":\"Organization\",\"@id\":\"https:\\\/\\\/pellervo.fi\\\/#organization\",\"name\":\"Osuustoimintakeskus Pellervo ry\",\"url\":\"https:\\\/\\\/pellervo.fi\\\/\",\"logo\":{\"@type\":\"ImageObject\",\"inLanguage\":\"sv-SE\",\"@id\":\"https:\\\/\\\/pellervo.fi\\\/#\\\/schema\\\/logo\\\/image\\\/\",\"url\":\"https:\\\/\\\/pellervo.fi\\\/wp-content\\\/uploads\\\/2020\\\/05\\\/Pellervo_logo.png\",\"contentUrl\":\"https:\\\/\\\/pellervo.fi\\\/wp-content\\\/uploads\\\/2020\\\/05\\\/Pellervo_logo.png\",\"width\":1335,\"height\":376,\"caption\":\"Osuustoimintakeskus Pellervo ry\"},\"image\":{\"@id\":\"https:\\\/\\\/pellervo.fi\\\/#\\\/schema\\\/logo\\\/image\\\/\"},\"sameAs\":[\"https:\\\/\\\/x.com\\\/PellervoFi\"]},{\"@type\":\"Person\",\"@id\":\"https:\\\/\\\/pellervo.fi\\\/#\\\/schema\\\/person\\\/4b74d40956937d1367ade81899997e71\",\"name\":\"pellervo\",\"image\":{\"@type\":\"ImageObject\",\"inLanguage\":\"sv-SE\",\"@id\":\"https:\\\/\\\/pellervo.fi\\\/wp-content\\\/uploads\\\/2013\\\/11\\\/pellervo_avatar_1384522134-96x96.jpg\",\"url\":\"https:\\\/\\\/pellervo.fi\\\/wp-content\\\/uploads\\\/2013\\\/11\\\/pellervo_avatar_1384522134-96x96.jpg\",\"contentUrl\":\"https:\\\/\\\/pellervo.fi\\\/wp-content\\\/uploads\\\/2013\\\/11\\\/pellervo_avatar_1384522134-96x96.jpg\",\"caption\":\"pellervo\"},\"description\":\"Kuvaus\",\"url\":\"https:\\\/\\\/pellervo.fi\\\/sv\\\/author\\\/pellervo\\\/\"}]}<\/script>\n<!-- \/ Yoast SEO plugin. -->","yoast_head_json":{"title":"Ruokatieto: Vientikiellon vaikutusten v\u00e4hent\u00e4minen mahdollista kotikonstein - Pellervo","robots":{"index":"index","follow":"follow","max-snippet":"max-snippet:-1","max-image-preview":"max-image-preview:large","max-video-preview":"max-video-preview:-1"},"canonical":"https:\/\/pellervo.fi\/en\/uutiset\/2014\/08\/12\/ruokatieto-vientikiellon-vaikutusten-vahentaminen-mahdollista-kotikonstein\/","og_locale":"sv_SE","og_type":"article","og_title":"Ruokatieto: Vientikiellon vaikutusten v\u00e4hent\u00e4minen mahdollista kotikonstein - Pellervo","og_description":"Ruokatieto Yhdistys tiedotti tavoista lievent\u00e4\u00e4 suomalaisen elintarviketeollisuuden tuotteiden Ven\u00e4j\u00e4n vientikiellon vaikutuksia.","og_url":"https:\/\/pellervo.fi\/en\/uutiset\/2014\/08\/12\/ruokatieto-vientikiellon-vaikutusten-vahentaminen-mahdollista-kotikonstein\/","og_site_name":"Pellervo","article_published_time":"2014-08-12T05:33:25+00:00","article_modified_time":"2014-08-12T05:34:19+00:00","og_image":[{"width":650,"height":325,"url":"https:\/\/pellervo.fi\/wp-content\/uploads\/2014\/08\/ruokaa_omasta_maasta_vaaka_rgb-e1407821279410.png","type":"image\/png"}],"author":"pellervo","twitter_card":"summary_large_image","twitter_creator":"@PellervoFi","twitter_site":"@PellervoFi","twitter_misc":{"Skriven av":"pellervo","Ber\u00e4knad l\u00e4stid":"1 minut"},"schema":{"@context":"https:\/\/schema.org","@graph":[{"@type":"Article","@id":"https:\/\/pellervo.fi\/en\/uutiset\/2014\/08\/12\/ruokatieto-vientikiellon-vaikutusten-vahentaminen-mahdollista-kotikonstein\/#article","isPartOf":{"@id":"https:\/\/pellervo.fi\/en\/uutiset\/2014\/08\/12\/ruokatieto-vientikiellon-vaikutusten-vahentaminen-mahdollista-kotikonstein\/"},"author":{"name":"pellervo","@id":"https:\/\/pellervo.fi\/#\/schema\/person\/4b74d40956937d1367ade81899997e71"},"headline":"Ruokatieto: Vientikiellon vaikutusten v\u00e4hent\u00e4minen mahdollista kotikonstein","datePublished":"2014-08-12T05:33:25+00:00","dateModified":"2014-08-12T05:34:19+00:00","mainEntityOfPage":{"@id":"https:\/\/pellervo.fi\/en\/uutiset\/2014\/08\/12\/ruokatieto-vientikiellon-vaikutusten-vahentaminen-mahdollista-kotikonstein\/"},"wordCount":151,"commentCount":0,"publisher":{"@id":"https:\/\/pellervo.fi\/#organization"},"image":{"@id":"https:\/\/pellervo.fi\/en\/uutiset\/2014\/08\/12\/ruokatieto-vientikiellon-vaikutusten-vahentaminen-mahdollista-kotikonstein\/#primaryimage"},"thumbnailUrl":"https:\/\/pellervo.fi\/wp-content\/uploads\/2014\/08\/ruokaa_omasta_maasta_vaaka_rgb-e1407821279410.png","articleSection":["Uutiset"],"inLanguage":"sv-SE","potentialAction":[{"@type":"CommentAction","name":"Comment","target":["https:\/\/pellervo.fi\/en\/uutiset\/2014\/08\/12\/ruokatieto-vientikiellon-vaikutusten-vahentaminen-mahdollista-kotikonstein\/#respond"]}]},{"@type":"WebPage","@id":"https:\/\/pellervo.fi\/en\/uutiset\/2014\/08\/12\/ruokatieto-vientikiellon-vaikutusten-vahentaminen-mahdollista-kotikonstein\/","url":"https:\/\/pellervo.fi\/en\/uutiset\/2014\/08\/12\/ruokatieto-vientikiellon-vaikutusten-vahentaminen-mahdollista-kotikonstein\/","name":"Ruokatieto: Vientikiellon vaikutusten v\u00e4hent\u00e4minen mahdollista kotikonstein - Pellervo","isPartOf":{"@id":"https:\/\/pellervo.fi\/#website"},"primaryImageOfPage":{"@id":"https:\/\/pellervo.fi\/en\/uutiset\/2014\/08\/12\/ruokatieto-vientikiellon-vaikutusten-vahentaminen-mahdollista-kotikonstein\/#primaryimage"},"image":{"@id":"https:\/\/pellervo.fi\/en\/uutiset\/2014\/08\/12\/ruokatieto-vientikiellon-vaikutusten-vahentaminen-mahdollista-kotikonstein\/#primaryimage"},"thumbnailUrl":"https:\/\/pellervo.fi\/wp-content\/uploads\/2014\/08\/ruokaa_omasta_maasta_vaaka_rgb-e1407821279410.png","datePublished":"2014-08-12T05:33:25+00:00","dateModified":"2014-08-12T05:34:19+00:00","breadcrumb":{"@id":"https:\/\/pellervo.fi\/en\/uutiset\/2014\/08\/12\/ruokatieto-vientikiellon-vaikutusten-vahentaminen-mahdollista-kotikonstein\/#breadcrumb"},"inLanguage":"sv-SE","potentialAction":[{"@type":"ReadAction","target":["https:\/\/pellervo.fi\/en\/uutiset\/2014\/08\/12\/ruokatieto-vientikiellon-vaikutusten-vahentaminen-mahdollista-kotikonstein\/"]}]},{"@type":"ImageObject","inLanguage":"sv-SE","@id":"https:\/\/pellervo.fi\/en\/uutiset\/2014\/08\/12\/ruokatieto-vientikiellon-vaikutusten-vahentaminen-mahdollista-kotikonstein\/#primaryimage","url":"https:\/\/pellervo.fi\/wp-content\/uploads\/2014\/08\/ruokaa_omasta_maasta_vaaka_rgb-e1407821279410.png","contentUrl":"https:\/\/pellervo.fi\/wp-content\/uploads\/2014\/08\/ruokaa_omasta_maasta_vaaka_rgb-e1407821279410.png","width":650,"height":325},{"@type":"BreadcrumbList","@id":"https:\/\/pellervo.fi\/en\/uutiset\/2014\/08\/12\/ruokatieto-vientikiellon-vaikutusten-vahentaminen-mahdollista-kotikonstein\/#breadcrumb","itemListElement":[{"@type":"ListItem","position":1,"name":"Koti","item":"https:\/\/pellervo.fi\/sv\/"},{"@type":"ListItem","position":2,"name":"Ruokatieto: Vientikiellon vaikutusten v\u00e4hent\u00e4minen mahdollista kotikonstein"}]},{"@type":"WebSite","@id":"https:\/\/pellervo.fi\/#website","url":"https:\/\/pellervo.fi\/","name":"Pellervo","description":"Osuuskuntien keskusj\u00e4rjest\u00f6","publisher":{"@id":"https:\/\/pellervo.fi\/#organization"},"potentialAction":[{"@type":"SearchAction","target":{"@type":"EntryPoint","urlTemplate":"https:\/\/pellervo.fi\/?s={search_term_string}"},"query-input":{"@type":"PropertyValueSpecification","valueRequired":true,"valueName":"search_term_string"}}],"inLanguage":"sv-SE"},{"@type":"Organization","@id":"https:\/\/pellervo.fi\/#organization","name":"Osuustoimintakeskus Pellervo ry","url":"https:\/\/pellervo.fi\/","logo":{"@type":"ImageObject","inLanguage":"sv-SE","@id":"https:\/\/pellervo.fi\/#\/schema\/logo\/image\/","url":"https:\/\/pellervo.fi\/wp-content\/uploads\/2020\/05\/Pellervo_logo.png","contentUrl":"https:\/\/pellervo.fi\/wp-content\/uploads\/2020\/05\/Pellervo_logo.png","width":1335,"height":376,"caption":"Osuustoimintakeskus Pellervo ry"},"image":{"@id":"https:\/\/pellervo.fi\/#\/schema\/logo\/image\/"},"sameAs":["https:\/\/x.com\/PellervoFi"]},{"@type":"Person","@id":"https:\/\/pellervo.fi\/#\/schema\/person\/4b74d40956937d1367ade81899997e71","name":"pellervo","image":{"@type":"ImageObject","inLanguage":"sv-SE","@id":"https:\/\/pellervo.fi\/wp-content\/uploads\/2013\/11\/pellervo_avatar_1384522134-96x96.jpg","url":"https:\/\/pellervo.fi\/wp-content\/uploads\/2013\/11\/pellervo_avatar_1384522134-96x96.jpg","contentUrl":"https:\/\/pellervo.fi\/wp-content\/uploads\/2013\/11\/pellervo_avatar_1384522134-96x96.jpg","caption":"pellervo"},"description":"Kuvaus","url":"https:\/\/pellervo.fi\/sv\/author\/pellervo\/"}]}},"_links":{"self":[{"href":"https:\/\/pellervo.fi\/sv\/wp-json\/wp\/v2\/posts\/3992","targetHints":{"allow":["GET"]}}],"collection":[{"href":"https:\/\/pellervo.fi\/sv\/wp-json\/wp\/v2\/posts"}],"about":[{"href":"https:\/\/pellervo.fi\/sv\/wp-json\/wp\/v2\/types\/post"}],"author":[{"embeddable":true,"href":"https:\/\/pellervo.fi\/sv\/wp-json\/wp\/v2\/users\/5"}],"replies":[{"embeddable":true,"href":"https:\/\/pellervo.fi\/sv\/wp-json\/wp\/v2\/comments?post=3992"}],"version-history":[{"count":0,"href":"https:\/\/pellervo.fi\/sv\/wp-json\/wp\/v2\/posts\/3992\/revisions"}],"wp:featuredmedia":[{"embeddable":true,"href":"https:\/\/pellervo.fi\/sv\/wp-json\/wp\/v2\/media\/3993"}],"wp:attachment":[{"href":"https:\/\/pellervo.fi\/sv\/wp-json\/wp\/v2\/media?parent=3992"}],"wp:term":[{"taxonomy":"category","embeddable":true,"href":"https:\/\/pellervo.fi\/sv\/wp-json\/wp\/v2\/categories?post=3992"},{"taxonomy":"post_tag","embeddable":true,"href":"https:\/\/pellervo.fi\/sv\/wp-json\/wp\/v2\/tags?post=3992"}],"curies":[{"name":"wp","href":"https:\/\/api.w.org\/{rel}","templated":true}]}}