{"id":4097,"date":"2014-08-29T14:22:18","date_gmt":"2014-08-29T11:22:18","guid":{"rendered":"http:\/\/pellervo.fi\/?p=4097"},"modified":"2014-08-29T15:25:49","modified_gmt":"2014-08-29T12:25:49","slug":"osuustoiminnan-vuosikirja-julkaistiin","status":"publish","type":"post","link":"https:\/\/pellervo.fi\/sv\/uutiset\/2014\/08\/29\/osuustoiminnan-vuosikirja-julkaistiin\/","title":{"rendered":"Osuustoiminnan vuosikirja julkaistiin"},"content":{"rendered":"<p><em>Osuustoiminta-lehden<\/em> erikoisnumero osuustoiminnan vuosikirja julkaistiin. Numero tarkastelee 2013 vuoden osuustoimintaa lukujen valossa. Samalla ilmestyi my\u00f6s Osuustoiminnan yhteiskuntavastuu 2014 -teema.<\/p>\n<figure id=\"attachment_4110\" aria-describedby=\"caption-attachment-4110\" style=\"width: 300px\" class=\"wp-caption alignright\"><a href=\"https:\/\/pellervo.fi\/wp-content\/uploads\/2014\/08\/jorma-savolainen1.jpg\"><img loading=\"lazy\" decoding=\"async\" class=\"wp-image-4110 size-full\" src=\"https:\/\/pellervo.fi\/wp-content\/uploads\/2014\/08\/jorma-savolainen1.jpg\" alt=\"jorma-savolainen\" width=\"300\" height=\"233\" \/><\/a><figcaption id=\"caption-attachment-4110\" class=\"wp-caption-text\">Jorma Savolainen<\/figcaption><\/figure>\n<p>Vuosikirjan pohjalta j\u00e4rjestettiin julkaisuseminaari 29.8. Maalaistentalossa Helsingiss\u00e4. Tilaisuudessa kuultiin Osuustoiminta-lehden analyytikkotiimin j\u00e4senten alustuksia\u00a0vuosikirjan sis\u00e4lt\u00f6\u00f6n.<\/p>\n<p>Yleiskatsauksen osuustoimintayritysten tilaan luonut\u00a0<strong>Jorma Savolainen<\/strong> korosti puheenvuorossaan\u00a0vahvan omavaraisuusasteen merkityst\u00e4 yritysten toimintakyvylle. Omavaraisuusaste nousee erityisen t\u00e4rke\u00e4\u00e4n asemaan suurien investointien yhteydess\u00e4, joita osuustoiminnan piiriss\u00e4 on viimeaikoina ollut useita.<\/p>\n<p>\u201dOP-Pohjola-ryhm\u00e4 ja Mets\u00e4 Group ovat ilman muuta palkintokorokkeella. OP-Pohjola-ryhm\u00e4 lunasti 3,4 miljardin euron investoinnilla Pohjola Pankin pois p\u00f6rssist\u00e4 ja kruunasi asiakasomistajan kuninkaaksi. Mets\u00e4 Groupin korpivaellus p\u00e4\u00e4ttyi, ja ilmoitus 1,1 miljardin euron biotehdasinvestoinnista otettiin todella innolla vastaan tasavallassa\u201d<\/p>\n<figure id=\"attachment_4109\" aria-describedby=\"caption-attachment-4109\" style=\"width: 300px\" class=\"wp-caption alignright\"><a href=\"https:\/\/pellervo.fi\/wp-content\/uploads\/2014\/08\/yrjo-kotisalo.jpg\"><img loading=\"lazy\" decoding=\"async\" class=\"wp-image-4109 size-full\" src=\"https:\/\/pellervo.fi\/wp-content\/uploads\/2014\/08\/yrjo-kotisalo.jpg\" alt=\"yrjo-kotisalo\" width=\"300\" height=\"236\" \/><\/a><figcaption id=\"caption-attachment-4109\" class=\"wp-caption-text\">Yrj\u00f6 Kotisalo<\/figcaption><\/figure>\n<p>Yrj\u00f6 Kotisalo\u00a0valotti seminaarissa\u00a0S-Ryhm\u00e4n tilannetta v\u00e4hitt\u00e4iskaupassa. H\u00e4n kertoi, ett\u00e4\u00a0ryhm\u00e4ll\u00e4 ei ollut reaalikasvua 2013, vaikka sen markkinajohtajan asema kuitenkin vahvistui.<\/p>\n<p>\u201dSOK:n toimintoja organisoidaan nyt uudelleen: puretaan p\u00e4\u00e4llekk\u00e4isyyksi\u00e4 ja selkeytet\u00e4\u00e4n vastuualueita. Kentt\u00e4johtajakin katsottiin j\u00e4lleen tarpeelliseksi.<strong> Arttu Laineella<\/strong> riitt\u00e4\u00e4 haasteita. K\u00e4ytt\u00f6tavarakaupan raskas ja ep\u00e4selv\u00e4 matriisiorganisaatio muuttuu siten, ett\u00e4 rautakauppa, tavaratalokauppa ja erikoisliikkeet saavat omat vastuuorganisaationsa kuten on ollut joskus ennenkin\u201d, Kotisalo\u00a0kirjoittaa vuosikirjassa.<\/p>\n<figure id=\"attachment_4108\" aria-describedby=\"caption-attachment-4108\" style=\"width: 300px\" class=\"wp-caption alignright\"><a href=\"https:\/\/pellervo.fi\/wp-content\/uploads\/2014\/08\/perttu-pyykkonen.jpg\"><img loading=\"lazy\" decoding=\"async\" class=\"wp-image-4108 size-full\" src=\"https:\/\/pellervo.fi\/wp-content\/uploads\/2014\/08\/perttu-pyykkonen.jpg\" alt=\"perttu-pyykkonen\" width=\"300\" height=\"226\" \/><\/a><figcaption id=\"caption-attachment-4108\" class=\"wp-caption-text\">Perttu Pyykk\u00f6nen<\/figcaption><\/figure>\n<p>Tutkimusjohtaja\u00a0<strong>Perttu Pyykk\u00f6nen<\/strong> PTT:st\u00e4\u00a0pohjusti maitosektorin, munapakkaamojen ja vihennesosuuskuntien tilannetta. H\u00e4n kertoi, ett\u00e4 maitosektorilla meni hyvin ennen Ven\u00e4j\u00e4n vastapakotteita\u00a0ja\u00a0maidon tilityshinta oli enn\u00e4tystasolla.<\/p>\n<p>\u201dHyv\u00e4n markkinatilanteen seurauksena osuuskunnat pystyiv\u00e4t korottamaan tuottajahinnat enn\u00e4tystasolle ja maksamaan edelleen selv\u00e4sti keskim\u00e4\u00e4r\u00e4ist\u00e4 korkeamman j\u00e4lkitilin\u201d kirjoittaa Pyykk\u00f6nen vuosikirjan analyysiss\u00e4\u00e4n.<\/p>\n<figure id=\"attachment_4107\" aria-describedby=\"caption-attachment-4107\" style=\"width: 300px\" class=\"wp-caption alignright\"><a href=\"https:\/\/pellervo.fi\/wp-content\/uploads\/2014\/08\/mmk.jpg\"><img loading=\"lazy\" decoding=\"async\" class=\"wp-image-4107 size-full\" src=\"https:\/\/pellervo.fi\/wp-content\/uploads\/2014\/08\/mmk.jpg\" alt=\"mmk\" width=\"300\" height=\"199\" \/><\/a><figcaption id=\"caption-attachment-4107\" class=\"wp-caption-text\">Mauno-Markus Karjalainen<\/figcaption><\/figure>\n<p><strong>Mauno-Markus Karjalainen\u00a0<\/strong>kertoi Kansainv\u00e4lisen osuustoimintaliitto ICA:n\u00a0<a href=\"http:\/\/www.euricse.eu\/en\/worldcooperativemonitor\"><span style=\"text-decoration: underline;\">World\u00a0Cooperative Monitorin<\/span><\/a> tuloksista, joiden mukaan Suomi on edelleen vahvin osuustoimintamaa, kun mitataan liikevaihtoa suhteessa asukasm\u00e4\u00e4r\u00e4\u00e4n.<\/p>\n<p>Osuustoimintalehdess\u00e4 Karjalainen k\u00e4sittelee\u00a0osuuskuntien yhteiskuntavatuuta:<\/p>\n<p>\u201dValio, Atria, Mets\u00e4 Group, L\u00e4hiTapiola ja OP-Pohjola-ryhm\u00e4 ovat ottaneet vastuuseurannan vakavasti. Atrialta ilmestyi jo viides yritysvastuuraportti. Viel\u00e4 kattavammin viiden vuoden lukusarjat julkisti Valio\u201d, h\u00e4n kirjoittaa.<\/p>\n<p>&#8221;OP-Pohjola-ryhm\u00e4n tavoite on toimia vastuullisuudessa alansa edell\u00e4k\u00e4vij\u00e4n\u00e4 Suomessa. Tavoitteena on my\u00f6s tarjota j\u00e4senille finanssialan parhaat keskitt\u00e4misedut.&#8221;<\/p>\n<p>Lis\u00e4\u00e4 Osuustoiminnan vuosikirjasta Osuustoiminta-lehden kotisivuilla <span style=\"text-decoration: underline;\"><a href=\"http:\/\/otlehti.pellervo.fi\">http:\/\/otlehti.pellervo.fi<\/a>.<\/span>  <\/p>\n","protected":false},"excerpt":{"rendered":"<p>Osuustoiminta-lehden erikoisnumero osuustoiminnan vuosikirja julkaistiin. Numero tarkastelee 2013 vuoden osuustoimintaa lukujen valossa. Samalla ilmestyi my\u00f6s Osuustoiminnan yhteiskuntavastuu 2014 -teema.<\/p>\n","protected":false},"author":5,"featured_media":4115,"comment_status":"open","ping_status":"open","sticky":false,"template":"","format":"standard","meta":{"inline_featured_image":false,"_monsterinsights_skip_tracking":false,"_monsterinsights_sitenote_active":false,"_monsterinsights_sitenote_note":"","_monsterinsights_sitenote_category":0,"site-sidebar-layout":"default","site-content-layout":"","ast-site-content-layout":"default","site-content-style":"default","site-sidebar-style":"default","ast-global-header-display":"","ast-banner-title-visibility":"","ast-main-header-display":"","ast-hfb-above-header-display":"","ast-hfb-below-header-display":"","ast-hfb-mobile-header-display":"","site-post-title":"","ast-breadcrumbs-content":"","ast-featured-img":"","footer-sml-layout":"","ast-disable-related-posts":"","theme-transparent-header-meta":"","adv-header-id-meta":"","stick-header-meta":"","header-above-stick-meta":"","header-main-stick-meta":"","header-below-stick-meta":"","astra-migrate-meta-layouts":"default","ast-page-background-enabled":"default","ast-page-background-meta":{"desktop":{"background-color":"","background-image":"","background-repeat":"repeat","background-position":"center center","background-size":"auto","background-attachment":"scroll","background-type":"","background-media":"","overlay-type":"","overlay-color":"","overlay-opacity":"","overlay-gradient":""},"tablet":{"background-color":"","background-image":"","background-repeat":"repeat","background-position":"center center","background-size":"auto","background-attachment":"scroll","background-type":"","background-media":"","overlay-type":"","overlay-color":"","overlay-opacity":"","overlay-gradient":""},"mobile":{"background-color":"","background-image":"","background-repeat":"repeat","background-position":"center center","background-size":"auto","background-attachment":"scroll","background-type":"","background-media":"","overlay-type":"","overlay-color":"","overlay-opacity":"","overlay-gradient":""}},"ast-content-background-meta":{"desktop":{"background-color":"var(--ast-global-color-5)","background-image":"","background-repeat":"repeat","background-position":"center center","background-size":"auto","background-attachment":"scroll","background-type":"","background-media":"","overlay-type":"","overlay-color":"","overlay-opacity":"","overlay-gradient":""},"tablet":{"background-color":"var(--ast-global-color-5)","background-image":"","background-repeat":"repeat","background-position":"center center","background-size":"auto","background-attachment":"scroll","background-type":"","background-media":"","overlay-type":"","overlay-color":"","overlay-opacity":"","overlay-gradient":""},"mobile":{"background-color":"var(--ast-global-color-5)","background-image":"","background-repeat":"repeat","background-position":"center center","background-size":"auto","background-attachment":"scroll","background-type":"","background-media":"","overlay-type":"","overlay-color":"","overlay-opacity":"","overlay-gradient":""}},"_FSMCFIC_featured_image_caption":"","_FSMCFIC_featured_image_nocaption":"","_FSMCFIC_featured_image_hide":"","footnotes":""},"categories":[22],"tags":[],"class_list":["post-4097","post","type-post","status-publish","format-standard","has-post-thumbnail","hentry","category-uutiset"],"yoast_head":"<!-- This site is optimized with the Yoast SEO plugin v27.4 - https:\/\/yoast.com\/product\/yoast-seo-wordpress\/ -->\n<title>Osuustoiminnan vuosikirja julkaistiin - Pellervo<\/title>\n<meta name=\"robots\" content=\"index, follow, max-snippet:-1, max-image-preview:large, max-video-preview:-1\" \/>\n<link rel=\"canonical\" href=\"https:\/\/pellervo.fi\/uutiset\/2014\/08\/29\/osuustoiminnan-vuosikirja-julkaistiin\/\" \/>\n<meta property=\"og:locale\" content=\"sv_SE\" \/>\n<meta property=\"og:type\" content=\"article\" \/>\n<meta property=\"og:title\" content=\"Osuustoiminnan vuosikirja julkaistiin - Pellervo\" \/>\n<meta property=\"og:description\" content=\"Osuustoiminta-lehden erikoisnumero osuustoiminnan vuosikirja julkaistiin. Numero tarkastelee 2013 vuoden osuustoimintaa lukujen valossa. Samalla ilmestyi my\u00f6s Osuustoiminnan yhteiskuntavastuu 2014 -teema.\" \/>\n<meta property=\"og:url\" content=\"https:\/\/pellervo.fi\/uutiset\/2014\/08\/29\/osuustoiminnan-vuosikirja-julkaistiin\/\" \/>\n<meta property=\"og:site_name\" content=\"Pellervo\" \/>\n<meta property=\"article:published_time\" content=\"2014-08-29T11:22:18+00:00\" \/>\n<meta property=\"article:modified_time\" content=\"2014-08-29T12:25:49+00:00\" \/>\n<meta property=\"og:image\" content=\"https:\/\/pellervo.fi\/wp-content\/uploads\/2014\/08\/vuosikirja.jpg\" \/>\n\t<meta property=\"og:image:width\" content=\"650\" \/>\n\t<meta property=\"og:image:height\" content=\"389\" \/>\n\t<meta property=\"og:image:type\" content=\"image\/jpeg\" \/>\n<meta name=\"author\" content=\"pellervo\" \/>\n<meta name=\"twitter:card\" content=\"summary_large_image\" \/>\n<meta name=\"twitter:creator\" content=\"@PellervoFi\" \/>\n<meta name=\"twitter:site\" content=\"@PellervoFi\" \/>\n<meta name=\"twitter:label1\" content=\"Skriven av\" \/>\n\t<meta name=\"twitter:data1\" content=\"pellervo\" \/>\n\t<meta name=\"twitter:label2\" content=\"Ber\u00e4knad l\u00e4stid\" \/>\n\t<meta name=\"twitter:data2\" content=\"2 minuter\" \/>\n<script type=\"application\/ld+json\" class=\"yoast-schema-graph\">{\"@context\":\"https:\\\/\\\/schema.org\",\"@graph\":[{\"@type\":\"Article\",\"@id\":\"https:\\\/\\\/pellervo.fi\\\/uutiset\\\/2014\\\/08\\\/29\\\/osuustoiminnan-vuosikirja-julkaistiin\\\/#article\",\"isPartOf\":{\"@id\":\"https:\\\/\\\/pellervo.fi\\\/uutiset\\\/2014\\\/08\\\/29\\\/osuustoiminnan-vuosikirja-julkaistiin\\\/\"},\"author\":{\"name\":\"pellervo\",\"@id\":\"https:\\\/\\\/pellervo.fi\\\/#\\\/schema\\\/person\\\/4b74d40956937d1367ade81899997e71\"},\"headline\":\"Osuustoiminnan vuosikirja julkaistiin\",\"datePublished\":\"2014-08-29T11:22:18+00:00\",\"dateModified\":\"2014-08-29T12:25:49+00:00\",\"mainEntityOfPage\":{\"@id\":\"https:\\\/\\\/pellervo.fi\\\/uutiset\\\/2014\\\/08\\\/29\\\/osuustoiminnan-vuosikirja-julkaistiin\\\/\"},\"wordCount\":367,\"commentCount\":0,\"publisher\":{\"@id\":\"https:\\\/\\\/pellervo.fi\\\/#organization\"},\"image\":{\"@id\":\"https:\\\/\\\/pellervo.fi\\\/uutiset\\\/2014\\\/08\\\/29\\\/osuustoiminnan-vuosikirja-julkaistiin\\\/#primaryimage\"},\"thumbnailUrl\":\"https:\\\/\\\/pellervo.fi\\\/wp-content\\\/uploads\\\/2014\\\/08\\\/vuosikirja.jpg\",\"articleSection\":[\"Uutiset\"],\"inLanguage\":\"sv-SE\",\"potentialAction\":[{\"@type\":\"CommentAction\",\"name\":\"Comment\",\"target\":[\"https:\\\/\\\/pellervo.fi\\\/uutiset\\\/2014\\\/08\\\/29\\\/osuustoiminnan-vuosikirja-julkaistiin\\\/#respond\"]}]},{\"@type\":\"WebPage\",\"@id\":\"https:\\\/\\\/pellervo.fi\\\/uutiset\\\/2014\\\/08\\\/29\\\/osuustoiminnan-vuosikirja-julkaistiin\\\/\",\"url\":\"https:\\\/\\\/pellervo.fi\\\/uutiset\\\/2014\\\/08\\\/29\\\/osuustoiminnan-vuosikirja-julkaistiin\\\/\",\"name\":\"Osuustoiminnan vuosikirja julkaistiin - Pellervo\",\"isPartOf\":{\"@id\":\"https:\\\/\\\/pellervo.fi\\\/#website\"},\"primaryImageOfPage\":{\"@id\":\"https:\\\/\\\/pellervo.fi\\\/uutiset\\\/2014\\\/08\\\/29\\\/osuustoiminnan-vuosikirja-julkaistiin\\\/#primaryimage\"},\"image\":{\"@id\":\"https:\\\/\\\/pellervo.fi\\\/uutiset\\\/2014\\\/08\\\/29\\\/osuustoiminnan-vuosikirja-julkaistiin\\\/#primaryimage\"},\"thumbnailUrl\":\"https:\\\/\\\/pellervo.fi\\\/wp-content\\\/uploads\\\/2014\\\/08\\\/vuosikirja.jpg\",\"datePublished\":\"2014-08-29T11:22:18+00:00\",\"dateModified\":\"2014-08-29T12:25:49+00:00\",\"breadcrumb\":{\"@id\":\"https:\\\/\\\/pellervo.fi\\\/uutiset\\\/2014\\\/08\\\/29\\\/osuustoiminnan-vuosikirja-julkaistiin\\\/#breadcrumb\"},\"inLanguage\":\"sv-SE\",\"potentialAction\":[{\"@type\":\"ReadAction\",\"target\":[\"https:\\\/\\\/pellervo.fi\\\/uutiset\\\/2014\\\/08\\\/29\\\/osuustoiminnan-vuosikirja-julkaistiin\\\/\"]}]},{\"@type\":\"ImageObject\",\"inLanguage\":\"sv-SE\",\"@id\":\"https:\\\/\\\/pellervo.fi\\\/uutiset\\\/2014\\\/08\\\/29\\\/osuustoiminnan-vuosikirja-julkaistiin\\\/#primaryimage\",\"url\":\"https:\\\/\\\/pellervo.fi\\\/wp-content\\\/uploads\\\/2014\\\/08\\\/vuosikirja.jpg\",\"contentUrl\":\"https:\\\/\\\/pellervo.fi\\\/wp-content\\\/uploads\\\/2014\\\/08\\\/vuosikirja.jpg\",\"width\":650,\"height\":389},{\"@type\":\"BreadcrumbList\",\"@id\":\"https:\\\/\\\/pellervo.fi\\\/uutiset\\\/2014\\\/08\\\/29\\\/osuustoiminnan-vuosikirja-julkaistiin\\\/#breadcrumb\",\"itemListElement\":[{\"@type\":\"ListItem\",\"position\":1,\"name\":\"Koti\",\"item\":\"https:\\\/\\\/pellervo.fi\\\/sv\\\/\"},{\"@type\":\"ListItem\",\"position\":2,\"name\":\"Osuustoiminnan vuosikirja julkaistiin\"}]},{\"@type\":\"WebSite\",\"@id\":\"https:\\\/\\\/pellervo.fi\\\/#website\",\"url\":\"https:\\\/\\\/pellervo.fi\\\/\",\"name\":\"Pellervo\",\"description\":\"Osuuskuntien keskusj\u00e4rjest\u00f6\",\"publisher\":{\"@id\":\"https:\\\/\\\/pellervo.fi\\\/#organization\"},\"potentialAction\":[{\"@type\":\"SearchAction\",\"target\":{\"@type\":\"EntryPoint\",\"urlTemplate\":\"https:\\\/\\\/pellervo.fi\\\/?s={search_term_string}\"},\"query-input\":{\"@type\":\"PropertyValueSpecification\",\"valueRequired\":true,\"valueName\":\"search_term_string\"}}],\"inLanguage\":\"sv-SE\"},{\"@type\":\"Organization\",\"@id\":\"https:\\\/\\\/pellervo.fi\\\/#organization\",\"name\":\"Osuustoimintakeskus Pellervo ry\",\"url\":\"https:\\\/\\\/pellervo.fi\\\/\",\"logo\":{\"@type\":\"ImageObject\",\"inLanguage\":\"sv-SE\",\"@id\":\"https:\\\/\\\/pellervo.fi\\\/#\\\/schema\\\/logo\\\/image\\\/\",\"url\":\"https:\\\/\\\/pellervo.fi\\\/wp-content\\\/uploads\\\/2020\\\/05\\\/Pellervo_logo.png\",\"contentUrl\":\"https:\\\/\\\/pellervo.fi\\\/wp-content\\\/uploads\\\/2020\\\/05\\\/Pellervo_logo.png\",\"width\":1335,\"height\":376,\"caption\":\"Osuustoimintakeskus Pellervo ry\"},\"image\":{\"@id\":\"https:\\\/\\\/pellervo.fi\\\/#\\\/schema\\\/logo\\\/image\\\/\"},\"sameAs\":[\"https:\\\/\\\/x.com\\\/PellervoFi\"]},{\"@type\":\"Person\",\"@id\":\"https:\\\/\\\/pellervo.fi\\\/#\\\/schema\\\/person\\\/4b74d40956937d1367ade81899997e71\",\"name\":\"pellervo\",\"image\":{\"@type\":\"ImageObject\",\"inLanguage\":\"sv-SE\",\"@id\":\"https:\\\/\\\/pellervo.fi\\\/wp-content\\\/uploads\\\/2013\\\/11\\\/pellervo_avatar_1384522134-96x96.jpg\",\"url\":\"https:\\\/\\\/pellervo.fi\\\/wp-content\\\/uploads\\\/2013\\\/11\\\/pellervo_avatar_1384522134-96x96.jpg\",\"contentUrl\":\"https:\\\/\\\/pellervo.fi\\\/wp-content\\\/uploads\\\/2013\\\/11\\\/pellervo_avatar_1384522134-96x96.jpg\",\"caption\":\"pellervo\"},\"description\":\"Kuvaus\",\"url\":\"https:\\\/\\\/pellervo.fi\\\/sv\\\/author\\\/pellervo\\\/\"}]}<\/script>\n<!-- \/ Yoast SEO plugin. -->","yoast_head_json":{"title":"Osuustoiminnan vuosikirja julkaistiin - Pellervo","robots":{"index":"index","follow":"follow","max-snippet":"max-snippet:-1","max-image-preview":"max-image-preview:large","max-video-preview":"max-video-preview:-1"},"canonical":"https:\/\/pellervo.fi\/uutiset\/2014\/08\/29\/osuustoiminnan-vuosikirja-julkaistiin\/","og_locale":"sv_SE","og_type":"article","og_title":"Osuustoiminnan vuosikirja julkaistiin - Pellervo","og_description":"Osuustoiminta-lehden erikoisnumero osuustoiminnan vuosikirja julkaistiin. Numero tarkastelee 2013 vuoden osuustoimintaa lukujen valossa. Samalla ilmestyi my\u00f6s Osuustoiminnan yhteiskuntavastuu 2014 -teema.","og_url":"https:\/\/pellervo.fi\/uutiset\/2014\/08\/29\/osuustoiminnan-vuosikirja-julkaistiin\/","og_site_name":"Pellervo","article_published_time":"2014-08-29T11:22:18+00:00","article_modified_time":"2014-08-29T12:25:49+00:00","og_image":[{"width":650,"height":389,"url":"https:\/\/pellervo.fi\/wp-content\/uploads\/2014\/08\/vuosikirja.jpg","type":"image\/jpeg"}],"author":"pellervo","twitter_card":"summary_large_image","twitter_creator":"@PellervoFi","twitter_site":"@PellervoFi","twitter_misc":{"Skriven av":"pellervo","Ber\u00e4knad l\u00e4stid":"2 minuter"},"schema":{"@context":"https:\/\/schema.org","@graph":[{"@type":"Article","@id":"https:\/\/pellervo.fi\/uutiset\/2014\/08\/29\/osuustoiminnan-vuosikirja-julkaistiin\/#article","isPartOf":{"@id":"https:\/\/pellervo.fi\/uutiset\/2014\/08\/29\/osuustoiminnan-vuosikirja-julkaistiin\/"},"author":{"name":"pellervo","@id":"https:\/\/pellervo.fi\/#\/schema\/person\/4b74d40956937d1367ade81899997e71"},"headline":"Osuustoiminnan vuosikirja julkaistiin","datePublished":"2014-08-29T11:22:18+00:00","dateModified":"2014-08-29T12:25:49+00:00","mainEntityOfPage":{"@id":"https:\/\/pellervo.fi\/uutiset\/2014\/08\/29\/osuustoiminnan-vuosikirja-julkaistiin\/"},"wordCount":367,"commentCount":0,"publisher":{"@id":"https:\/\/pellervo.fi\/#organization"},"image":{"@id":"https:\/\/pellervo.fi\/uutiset\/2014\/08\/29\/osuustoiminnan-vuosikirja-julkaistiin\/#primaryimage"},"thumbnailUrl":"https:\/\/pellervo.fi\/wp-content\/uploads\/2014\/08\/vuosikirja.jpg","articleSection":["Uutiset"],"inLanguage":"sv-SE","potentialAction":[{"@type":"CommentAction","name":"Comment","target":["https:\/\/pellervo.fi\/uutiset\/2014\/08\/29\/osuustoiminnan-vuosikirja-julkaistiin\/#respond"]}]},{"@type":"WebPage","@id":"https:\/\/pellervo.fi\/uutiset\/2014\/08\/29\/osuustoiminnan-vuosikirja-julkaistiin\/","url":"https:\/\/pellervo.fi\/uutiset\/2014\/08\/29\/osuustoiminnan-vuosikirja-julkaistiin\/","name":"Osuustoiminnan vuosikirja julkaistiin - Pellervo","isPartOf":{"@id":"https:\/\/pellervo.fi\/#website"},"primaryImageOfPage":{"@id":"https:\/\/pellervo.fi\/uutiset\/2014\/08\/29\/osuustoiminnan-vuosikirja-julkaistiin\/#primaryimage"},"image":{"@id":"https:\/\/pellervo.fi\/uutiset\/2014\/08\/29\/osuustoiminnan-vuosikirja-julkaistiin\/#primaryimage"},"thumbnailUrl":"https:\/\/pellervo.fi\/wp-content\/uploads\/2014\/08\/vuosikirja.jpg","datePublished":"2014-08-29T11:22:18+00:00","dateModified":"2014-08-29T12:25:49+00:00","breadcrumb":{"@id":"https:\/\/pellervo.fi\/uutiset\/2014\/08\/29\/osuustoiminnan-vuosikirja-julkaistiin\/#breadcrumb"},"inLanguage":"sv-SE","potentialAction":[{"@type":"ReadAction","target":["https:\/\/pellervo.fi\/uutiset\/2014\/08\/29\/osuustoiminnan-vuosikirja-julkaistiin\/"]}]},{"@type":"ImageObject","inLanguage":"sv-SE","@id":"https:\/\/pellervo.fi\/uutiset\/2014\/08\/29\/osuustoiminnan-vuosikirja-julkaistiin\/#primaryimage","url":"https:\/\/pellervo.fi\/wp-content\/uploads\/2014\/08\/vuosikirja.jpg","contentUrl":"https:\/\/pellervo.fi\/wp-content\/uploads\/2014\/08\/vuosikirja.jpg","width":650,"height":389},{"@type":"BreadcrumbList","@id":"https:\/\/pellervo.fi\/uutiset\/2014\/08\/29\/osuustoiminnan-vuosikirja-julkaistiin\/#breadcrumb","itemListElement":[{"@type":"ListItem","position":1,"name":"Koti","item":"https:\/\/pellervo.fi\/sv\/"},{"@type":"ListItem","position":2,"name":"Osuustoiminnan vuosikirja julkaistiin"}]},{"@type":"WebSite","@id":"https:\/\/pellervo.fi\/#website","url":"https:\/\/pellervo.fi\/","name":"Pellervo","description":"Osuuskuntien keskusj\u00e4rjest\u00f6","publisher":{"@id":"https:\/\/pellervo.fi\/#organization"},"potentialAction":[{"@type":"SearchAction","target":{"@type":"EntryPoint","urlTemplate":"https:\/\/pellervo.fi\/?s={search_term_string}"},"query-input":{"@type":"PropertyValueSpecification","valueRequired":true,"valueName":"search_term_string"}}],"inLanguage":"sv-SE"},{"@type":"Organization","@id":"https:\/\/pellervo.fi\/#organization","name":"Osuustoimintakeskus Pellervo ry","url":"https:\/\/pellervo.fi\/","logo":{"@type":"ImageObject","inLanguage":"sv-SE","@id":"https:\/\/pellervo.fi\/#\/schema\/logo\/image\/","url":"https:\/\/pellervo.fi\/wp-content\/uploads\/2020\/05\/Pellervo_logo.png","contentUrl":"https:\/\/pellervo.fi\/wp-content\/uploads\/2020\/05\/Pellervo_logo.png","width":1335,"height":376,"caption":"Osuustoimintakeskus Pellervo ry"},"image":{"@id":"https:\/\/pellervo.fi\/#\/schema\/logo\/image\/"},"sameAs":["https:\/\/x.com\/PellervoFi"]},{"@type":"Person","@id":"https:\/\/pellervo.fi\/#\/schema\/person\/4b74d40956937d1367ade81899997e71","name":"pellervo","image":{"@type":"ImageObject","inLanguage":"sv-SE","@id":"https:\/\/pellervo.fi\/wp-content\/uploads\/2013\/11\/pellervo_avatar_1384522134-96x96.jpg","url":"https:\/\/pellervo.fi\/wp-content\/uploads\/2013\/11\/pellervo_avatar_1384522134-96x96.jpg","contentUrl":"https:\/\/pellervo.fi\/wp-content\/uploads\/2013\/11\/pellervo_avatar_1384522134-96x96.jpg","caption":"pellervo"},"description":"Kuvaus","url":"https:\/\/pellervo.fi\/sv\/author\/pellervo\/"}]}},"_links":{"self":[{"href":"https:\/\/pellervo.fi\/sv\/wp-json\/wp\/v2\/posts\/4097","targetHints":{"allow":["GET"]}}],"collection":[{"href":"https:\/\/pellervo.fi\/sv\/wp-json\/wp\/v2\/posts"}],"about":[{"href":"https:\/\/pellervo.fi\/sv\/wp-json\/wp\/v2\/types\/post"}],"author":[{"embeddable":true,"href":"https:\/\/pellervo.fi\/sv\/wp-json\/wp\/v2\/users\/5"}],"replies":[{"embeddable":true,"href":"https:\/\/pellervo.fi\/sv\/wp-json\/wp\/v2\/comments?post=4097"}],"version-history":[{"count":0,"href":"https:\/\/pellervo.fi\/sv\/wp-json\/wp\/v2\/posts\/4097\/revisions"}],"wp:featuredmedia":[{"embeddable":true,"href":"https:\/\/pellervo.fi\/sv\/wp-json\/wp\/v2\/media\/4115"}],"wp:attachment":[{"href":"https:\/\/pellervo.fi\/sv\/wp-json\/wp\/v2\/media?parent=4097"}],"wp:term":[{"taxonomy":"category","embeddable":true,"href":"https:\/\/pellervo.fi\/sv\/wp-json\/wp\/v2\/categories?post=4097"},{"taxonomy":"post_tag","embeddable":true,"href":"https:\/\/pellervo.fi\/sv\/wp-json\/wp\/v2\/tags?post=4097"}],"curies":[{"name":"wp","href":"https:\/\/api.w.org\/{rel}","templated":true}]}}