{"id":449212,"date":"2016-08-23T14:18:48","date_gmt":"2016-08-23T11:18:48","guid":{"rendered":"http:\/\/pellervo.fi\/?p=449212"},"modified":"2016-08-23T14:44:32","modified_gmt":"2016-08-23T11:44:32","slug":"anu-puusalle-suomen-ekonomien-opetuspalkinto-merkittavasta-tyosta-osuustoiminnan-opetuksen-ja-elinkeinoelaman-yhdistamiseksi","status":"publish","type":"post","link":"https:\/\/pellervo.fi\/sv\/uutiset\/2016\/08\/23\/anu-puusalle-suomen-ekonomien-opetuspalkinto-merkittavasta-tyosta-osuustoiminnan-opetuksen-ja-elinkeinoelaman-yhdistamiseksi\/","title":{"rendered":"Anu Puusalle Suomen Ekonomien Opetuspalkinto merkitt\u00e4v\u00e4st\u00e4 ty\u00f6st\u00e4 osuustoiminnan opetuksen ja elinkeinoel\u00e4m\u00e4n yhdist\u00e4miseksi"},"content":{"rendered":"<p>It\u00e4-Suomen yliopiston apulaisprofessori ja Pellervo-Seura ryn hallituksen j\u00e4sen KTT <strong>Anu Puusa<\/strong> sai vuoden 2016 Ekonomien Opetuspalkinnon ahkerasta ty\u00f6st\u00e4\u00e4n osuustoiminnan opetuksen ja tutkimuksen kehitt\u00e4miseksi. Voittajaa haettiin teemalla &#8221;kauppatieteellisen opetuksen ja tutkimuksen yhteys elinkeinoel\u00e4m\u00e4\u00e4n&#8221; ja Puusan vet\u00e4m\u00e4 opintojakso sis\u00e4lsi t\u00e4ydellisesti voittajalta haettavat elementit.<\/p>\n<p>&#8221;Anu Puusan ty\u00f6ss\u00e4 opetus ja tutkimus kulkevat k\u00e4si k\u00e4dess\u00e4 elinkeinoel\u00e4m\u00e4n kanssa. Osuustoiminnan kurssi on alusta l\u00e4htien toteutettu yhteisty\u00f6ss\u00e4 osuuskuntien kanssa, mik\u00e4 on opiskelijoiden kannalta motivoivaa. Lis\u00e4ksi ty\u00f6 osuustoiminnan eteen on synnytt\u00e4nyt uutta tutkimustoimintaa, mik\u00e4 edelleen ruokkii alan osaamisen pitk\u00e4j\u00e4nteist\u00e4 kehitt\u00e4mist\u00e4&#8221; Opetuspalkintoraadin puheenjohtaja<strong> Jussi Nieminen<\/strong> summaa p\u00e4\u00e4t\u00f6ksen perusteita.<\/p>\n<p>Anu Puusan intohimo ty\u00f6h\u00f6ns\u00e4 ja osuustoiminnan t\u00e4rkeys aiheena ovat yht\u00e4l\u00f6, joka vet\u00e4\u00e4 vuosittain yh\u00e4 lukuisampia opiskelijoita aiheen pariin. &#8221;Olen erityisen kiitollinen siit\u00e4, ett\u00e4 juuri t\u00e4m\u00e4 aihe huomioitiin palkinnossa. Toivottavasti voiton my\u00f6t\u00e4 Suomelle t\u00e4rke\u00e4 osuustoiminta saa lis\u00e4huomiota ja sen opiskelu mahdollistuu laajemminkin Suomessa&#8221;, Puusa toteaa.<\/p>\n<p>Erityiskiitoksen professori l\u00e4hett\u00e4\u00e4 opiskelijoilleen: &#8221;Parempaa ja t\u00e4rke\u00e4mp\u00e4\u00e4 kiitosta ty\u00f6st\u00e4\u00e4n ei opettaja voi saada kuin palkinnon, jossa aloitteen tekij\u00e4n\u00e4 ovat opiskelijat.&#8221; Puusaa palkinnon saajaksi ehdotti kauppatieteiden opiskelijain ainej\u00e4rjest\u00f6 Optimi ry It\u00e4-Suomen yliopiston Joensuun kampukselta.<\/p>\n<p>Suomen Ekonomit tukee Opetuspalkinnolla kauppatieteellisen alan opetuksen kehitt\u00e4mist\u00e4. Kilpailussa haetaan toimivia ja innovatiivisia k\u00e4yt\u00e4nteit\u00e4, jotka voivat toimia esimerkkein\u00e4 hyv\u00e4st\u00e4 opetuksesta kaikille yliopistoille sek\u00e4 olla toimintatapana levitett\u00e4viss\u00e4. Suomen Ekonomien opetuspalkinto on jaettu vuodesta 1998.<\/p>\n<p>Anu Puusa on saanut my\u00f6s opiskelijoiltaan Vuoden paras opettaja -palkinnon kev\u00e4\u00e4ll\u00e4 2016.<\/p>\n<p>Lue lis\u00e4\u00e4 Anu Puusan mietteit\u00e4 <a href=\"http:\/\/otlehti.pellervo.fi\/2016\/06\/02\/karjalasta-kajahtaa-ita-suomen-yliopiston-osuustoimintakurssi-kiinnostaa\/\">OT-lehdest\u00e4 3\/2016<\/a>.<\/p>\n<p>Kuva: Tapani Lepist\u00f6  <\/p>\n","protected":false},"excerpt":{"rendered":"<p>Anu Puusan intohimo ty\u00f6h\u00f6ns\u00e4 ja osuustoiminnan t\u00e4rkeys aiheena ovat yht\u00e4l\u00f6, joka vet\u00e4\u00e4 vuosittain yh\u00e4 lukuisampia opiskelijoita aiheen pariin. <\/p>\n","protected":false},"author":6,"featured_media":449241,"comment_status":"open","ping_status":"open","sticky":false,"template":"","format":"standard","meta":{"inline_featured_image":false,"_monsterinsights_skip_tracking":false,"_monsterinsights_sitenote_active":false,"_monsterinsights_sitenote_note":"","_monsterinsights_sitenote_category":0,"site-sidebar-layout":"default","site-content-layout":"","ast-site-content-layout":"default","site-content-style":"default","site-sidebar-style":"default","ast-global-header-display":"","ast-banner-title-visibility":"","ast-main-header-display":"","ast-hfb-above-header-display":"","ast-hfb-below-header-display":"","ast-hfb-mobile-header-display":"","site-post-title":"","ast-breadcrumbs-content":"","ast-featured-img":"","footer-sml-layout":"","ast-disable-related-posts":"","theme-transparent-header-meta":"","adv-header-id-meta":"","stick-header-meta":"","header-above-stick-meta":"","header-main-stick-meta":"","header-below-stick-meta":"","astra-migrate-meta-layouts":"default","ast-page-background-enabled":"default","ast-page-background-meta":{"desktop":{"background-color":"","background-image":"","background-repeat":"repeat","background-position":"center center","background-size":"auto","background-attachment":"scroll","background-type":"","background-media":"","overlay-type":"","overlay-color":"","overlay-opacity":"","overlay-gradient":""},"tablet":{"background-color":"","background-image":"","background-repeat":"repeat","background-position":"center center","background-size":"auto","background-attachment":"scroll","background-type":"","background-media":"","overlay-type":"","overlay-color":"","overlay-opacity":"","overlay-gradient":""},"mobile":{"background-color":"","background-image":"","background-repeat":"repeat","background-position":"center center","background-size":"auto","background-attachment":"scroll","background-type":"","background-media":"","overlay-type":"","overlay-color":"","overlay-opacity":"","overlay-gradient":""}},"ast-content-background-meta":{"desktop":{"background-color":"var(--ast-global-color-5)","background-image":"","background-repeat":"repeat","background-position":"center center","background-size":"auto","background-attachment":"scroll","background-type":"","background-media":"","overlay-type":"","overlay-color":"","overlay-opacity":"","overlay-gradient":""},"tablet":{"background-color":"var(--ast-global-color-5)","background-image":"","background-repeat":"repeat","background-position":"center center","background-size":"auto","background-attachment":"scroll","background-type":"","background-media":"","overlay-type":"","overlay-color":"","overlay-opacity":"","overlay-gradient":""},"mobile":{"background-color":"var(--ast-global-color-5)","background-image":"","background-repeat":"repeat","background-position":"center center","background-size":"auto","background-attachment":"scroll","background-type":"","background-media":"","overlay-type":"","overlay-color":"","overlay-opacity":"","overlay-gradient":""}},"_FSMCFIC_featured_image_caption":"","_FSMCFIC_featured_image_nocaption":"","_FSMCFIC_featured_image_hide":"","footnotes":""},"categories":[22],"tags":[],"class_list":["post-449212","post","type-post","status-publish","format-standard","has-post-thumbnail","hentry","category-uutiset"],"yoast_head":"<!-- This site is optimized with the Yoast SEO plugin v27.5 - https:\/\/yoast.com\/product\/yoast-seo-wordpress\/ -->\n<title>Anu Puusalle Suomen Ekonomien Opetuspalkinto merkitt\u00e4v\u00e4st\u00e4 ty\u00f6st\u00e4 osuustoiminnan opetuksen ja elinkeinoel\u00e4m\u00e4n yhdist\u00e4miseksi - Pellervo<\/title>\n<meta name=\"robots\" content=\"index, follow, max-snippet:-1, max-image-preview:large, max-video-preview:-1\" \/>\n<link rel=\"canonical\" href=\"https:\/\/pellervo.fi\/sv\/uutiset\/2016\/08\/23\/anu-puusalle-suomen-ekonomien-opetuspalkinto-merkittavasta-tyosta-osuustoiminnan-opetuksen-ja-elinkeinoelaman-yhdistamiseksi\/\" \/>\n<meta property=\"og:locale\" content=\"sv_SE\" \/>\n<meta property=\"og:type\" content=\"article\" \/>\n<meta property=\"og:title\" content=\"Anu Puusalle Suomen Ekonomien Opetuspalkinto merkitt\u00e4v\u00e4st\u00e4 ty\u00f6st\u00e4 osuustoiminnan opetuksen ja elinkeinoel\u00e4m\u00e4n yhdist\u00e4miseksi - Pellervo\" \/>\n<meta property=\"og:description\" content=\"Anu Puusan intohimo ty\u00f6h\u00f6ns\u00e4 ja osuustoiminnan t\u00e4rkeys aiheena ovat yht\u00e4l\u00f6, joka vet\u00e4\u00e4 vuosittain yh\u00e4 lukuisampia opiskelijoita aiheen pariin.\" \/>\n<meta property=\"og:url\" content=\"https:\/\/pellervo.fi\/sv\/uutiset\/2016\/08\/23\/anu-puusalle-suomen-ekonomien-opetuspalkinto-merkittavasta-tyosta-osuustoiminnan-opetuksen-ja-elinkeinoelaman-yhdistamiseksi\/\" \/>\n<meta property=\"og:site_name\" content=\"Pellervo\" \/>\n<meta property=\"article:published_time\" content=\"2016-08-23T11:18:48+00:00\" \/>\n<meta property=\"article:modified_time\" content=\"2016-08-23T11:44:32+00:00\" \/>\n<meta property=\"og:image\" content=\"https:\/\/pellervo.fi\/wp-content\/uploads\/2016\/08\/AnuPuusa3-e1471951091930.jpg\" \/>\n\t<meta property=\"og:image:width\" content=\"345\" \/>\n\t<meta property=\"og:image:height\" content=\"421\" \/>\n\t<meta property=\"og:image:type\" content=\"image\/jpeg\" \/>\n<meta name=\"author\" content=\"Hanna Muukka\" \/>\n<meta name=\"twitter:card\" content=\"summary_large_image\" \/>\n<meta name=\"twitter:creator\" content=\"@PellervoFi\" \/>\n<meta name=\"twitter:site\" content=\"@PellervoFi\" \/>\n<meta name=\"twitter:label1\" content=\"Skriven av\" \/>\n\t<meta name=\"twitter:data1\" content=\"Hanna Muukka\" \/>\n\t<meta name=\"twitter:label2\" content=\"Ber\u00e4knad l\u00e4stid\" \/>\n\t<meta name=\"twitter:data2\" content=\"1 minut\" \/>\n<script type=\"application\/ld+json\" class=\"yoast-schema-graph\">{\"@context\":\"https:\\\/\\\/schema.org\",\"@graph\":[{\"@type\":\"Article\",\"@id\":\"https:\\\/\\\/pellervo.fi\\\/sv\\\/uutiset\\\/2016\\\/08\\\/23\\\/anu-puusalle-suomen-ekonomien-opetuspalkinto-merkittavasta-tyosta-osuustoiminnan-opetuksen-ja-elinkeinoelaman-yhdistamiseksi\\\/#article\",\"isPartOf\":{\"@id\":\"https:\\\/\\\/pellervo.fi\\\/sv\\\/uutiset\\\/2016\\\/08\\\/23\\\/anu-puusalle-suomen-ekonomien-opetuspalkinto-merkittavasta-tyosta-osuustoiminnan-opetuksen-ja-elinkeinoelaman-yhdistamiseksi\\\/\"},\"author\":{\"name\":\"Hanna Muukka\",\"@id\":\"https:\\\/\\\/pellervo.fi\\\/#\\\/schema\\\/person\\\/f001b7c670bab10e5236b09672d9e6a3\"},\"headline\":\"Anu Puusalle Suomen Ekonomien Opetuspalkinto merkitt\u00e4v\u00e4st\u00e4 ty\u00f6st\u00e4 osuustoiminnan opetuksen ja elinkeinoel\u00e4m\u00e4n yhdist\u00e4miseksi\",\"datePublished\":\"2016-08-23T11:18:48+00:00\",\"dateModified\":\"2016-08-23T11:44:32+00:00\",\"mainEntityOfPage\":{\"@id\":\"https:\\\/\\\/pellervo.fi\\\/sv\\\/uutiset\\\/2016\\\/08\\\/23\\\/anu-puusalle-suomen-ekonomien-opetuspalkinto-merkittavasta-tyosta-osuustoiminnan-opetuksen-ja-elinkeinoelaman-yhdistamiseksi\\\/\"},\"wordCount\":281,\"commentCount\":0,\"publisher\":{\"@id\":\"https:\\\/\\\/pellervo.fi\\\/#organization\"},\"image\":{\"@id\":\"https:\\\/\\\/pellervo.fi\\\/sv\\\/uutiset\\\/2016\\\/08\\\/23\\\/anu-puusalle-suomen-ekonomien-opetuspalkinto-merkittavasta-tyosta-osuustoiminnan-opetuksen-ja-elinkeinoelaman-yhdistamiseksi\\\/#primaryimage\"},\"thumbnailUrl\":\"https:\\\/\\\/pellervo.fi\\\/wp-content\\\/uploads\\\/2016\\\/08\\\/AnuPuusa3-e1471951091930.jpg\",\"articleSection\":[\"Uutiset\"],\"inLanguage\":\"sv-SE\",\"potentialAction\":[{\"@type\":\"CommentAction\",\"name\":\"Comment\",\"target\":[\"https:\\\/\\\/pellervo.fi\\\/sv\\\/uutiset\\\/2016\\\/08\\\/23\\\/anu-puusalle-suomen-ekonomien-opetuspalkinto-merkittavasta-tyosta-osuustoiminnan-opetuksen-ja-elinkeinoelaman-yhdistamiseksi\\\/#respond\"]}]},{\"@type\":\"WebPage\",\"@id\":\"https:\\\/\\\/pellervo.fi\\\/sv\\\/uutiset\\\/2016\\\/08\\\/23\\\/anu-puusalle-suomen-ekonomien-opetuspalkinto-merkittavasta-tyosta-osuustoiminnan-opetuksen-ja-elinkeinoelaman-yhdistamiseksi\\\/\",\"url\":\"https:\\\/\\\/pellervo.fi\\\/sv\\\/uutiset\\\/2016\\\/08\\\/23\\\/anu-puusalle-suomen-ekonomien-opetuspalkinto-merkittavasta-tyosta-osuustoiminnan-opetuksen-ja-elinkeinoelaman-yhdistamiseksi\\\/\",\"name\":\"Anu Puusalle Suomen Ekonomien Opetuspalkinto merkitt\u00e4v\u00e4st\u00e4 ty\u00f6st\u00e4 osuustoiminnan opetuksen ja elinkeinoel\u00e4m\u00e4n yhdist\u00e4miseksi - Pellervo\",\"isPartOf\":{\"@id\":\"https:\\\/\\\/pellervo.fi\\\/#website\"},\"primaryImageOfPage\":{\"@id\":\"https:\\\/\\\/pellervo.fi\\\/sv\\\/uutiset\\\/2016\\\/08\\\/23\\\/anu-puusalle-suomen-ekonomien-opetuspalkinto-merkittavasta-tyosta-osuustoiminnan-opetuksen-ja-elinkeinoelaman-yhdistamiseksi\\\/#primaryimage\"},\"image\":{\"@id\":\"https:\\\/\\\/pellervo.fi\\\/sv\\\/uutiset\\\/2016\\\/08\\\/23\\\/anu-puusalle-suomen-ekonomien-opetuspalkinto-merkittavasta-tyosta-osuustoiminnan-opetuksen-ja-elinkeinoelaman-yhdistamiseksi\\\/#primaryimage\"},\"thumbnailUrl\":\"https:\\\/\\\/pellervo.fi\\\/wp-content\\\/uploads\\\/2016\\\/08\\\/AnuPuusa3-e1471951091930.jpg\",\"datePublished\":\"2016-08-23T11:18:48+00:00\",\"dateModified\":\"2016-08-23T11:44:32+00:00\",\"breadcrumb\":{\"@id\":\"https:\\\/\\\/pellervo.fi\\\/sv\\\/uutiset\\\/2016\\\/08\\\/23\\\/anu-puusalle-suomen-ekonomien-opetuspalkinto-merkittavasta-tyosta-osuustoiminnan-opetuksen-ja-elinkeinoelaman-yhdistamiseksi\\\/#breadcrumb\"},\"inLanguage\":\"sv-SE\",\"potentialAction\":[{\"@type\":\"ReadAction\",\"target\":[\"https:\\\/\\\/pellervo.fi\\\/sv\\\/uutiset\\\/2016\\\/08\\\/23\\\/anu-puusalle-suomen-ekonomien-opetuspalkinto-merkittavasta-tyosta-osuustoiminnan-opetuksen-ja-elinkeinoelaman-yhdistamiseksi\\\/\"]}]},{\"@type\":\"ImageObject\",\"inLanguage\":\"sv-SE\",\"@id\":\"https:\\\/\\\/pellervo.fi\\\/sv\\\/uutiset\\\/2016\\\/08\\\/23\\\/anu-puusalle-suomen-ekonomien-opetuspalkinto-merkittavasta-tyosta-osuustoiminnan-opetuksen-ja-elinkeinoelaman-yhdistamiseksi\\\/#primaryimage\",\"url\":\"https:\\\/\\\/pellervo.fi\\\/wp-content\\\/uploads\\\/2016\\\/08\\\/AnuPuusa3-e1471951091930.jpg\",\"contentUrl\":\"https:\\\/\\\/pellervo.fi\\\/wp-content\\\/uploads\\\/2016\\\/08\\\/AnuPuusa3-e1471951091930.jpg\",\"width\":345,\"height\":421,\"caption\":\"Anu Puusa. Kuva: Tapani Lepist\u00f6\"},{\"@type\":\"BreadcrumbList\",\"@id\":\"https:\\\/\\\/pellervo.fi\\\/sv\\\/uutiset\\\/2016\\\/08\\\/23\\\/anu-puusalle-suomen-ekonomien-opetuspalkinto-merkittavasta-tyosta-osuustoiminnan-opetuksen-ja-elinkeinoelaman-yhdistamiseksi\\\/#breadcrumb\",\"itemListElement\":[{\"@type\":\"ListItem\",\"position\":1,\"name\":\"Koti\",\"item\":\"https:\\\/\\\/pellervo.fi\\\/sv\\\/\"},{\"@type\":\"ListItem\",\"position\":2,\"name\":\"Anu Puusalle Suomen Ekonomien Opetuspalkinto merkitt\u00e4v\u00e4st\u00e4 ty\u00f6st\u00e4 osuustoiminnan opetuksen ja elinkeinoel\u00e4m\u00e4n yhdist\u00e4miseksi\"}]},{\"@type\":\"WebSite\",\"@id\":\"https:\\\/\\\/pellervo.fi\\\/#website\",\"url\":\"https:\\\/\\\/pellervo.fi\\\/\",\"name\":\"Pellervo\",\"description\":\"Osuuskuntien keskusj\u00e4rjest\u00f6\",\"publisher\":{\"@id\":\"https:\\\/\\\/pellervo.fi\\\/#organization\"},\"potentialAction\":[{\"@type\":\"SearchAction\",\"target\":{\"@type\":\"EntryPoint\",\"urlTemplate\":\"https:\\\/\\\/pellervo.fi\\\/?s={search_term_string}\"},\"query-input\":{\"@type\":\"PropertyValueSpecification\",\"valueRequired\":true,\"valueName\":\"search_term_string\"}}],\"inLanguage\":\"sv-SE\"},{\"@type\":\"Organization\",\"@id\":\"https:\\\/\\\/pellervo.fi\\\/#organization\",\"name\":\"Osuustoimintakeskus Pellervo ry\",\"url\":\"https:\\\/\\\/pellervo.fi\\\/\",\"logo\":{\"@type\":\"ImageObject\",\"inLanguage\":\"sv-SE\",\"@id\":\"https:\\\/\\\/pellervo.fi\\\/#\\\/schema\\\/logo\\\/image\\\/\",\"url\":\"https:\\\/\\\/pellervo.fi\\\/wp-content\\\/uploads\\\/2020\\\/05\\\/Pellervo_logo.png\",\"contentUrl\":\"https:\\\/\\\/pellervo.fi\\\/wp-content\\\/uploads\\\/2020\\\/05\\\/Pellervo_logo.png\",\"width\":1335,\"height\":376,\"caption\":\"Osuustoimintakeskus Pellervo ry\"},\"image\":{\"@id\":\"https:\\\/\\\/pellervo.fi\\\/#\\\/schema\\\/logo\\\/image\\\/\"},\"sameAs\":[\"https:\\\/\\\/x.com\\\/PellervoFi\"]},{\"@type\":\"Person\",\"@id\":\"https:\\\/\\\/pellervo.fi\\\/#\\\/schema\\\/person\\\/f001b7c670bab10e5236b09672d9e6a3\",\"name\":\"Hanna Muukka\",\"image\":{\"@type\":\"ImageObject\",\"inLanguage\":\"sv-SE\",\"@id\":\"https:\\\/\\\/pellervo.fi\\\/wp-content\\\/uploads\\\/2014\\\/02\\\/Hanna-Muukka_avatar_1393417732-96x96.jpg\",\"url\":\"https:\\\/\\\/pellervo.fi\\\/wp-content\\\/uploads\\\/2014\\\/02\\\/Hanna-Muukka_avatar_1393417732-96x96.jpg\",\"contentUrl\":\"https:\\\/\\\/pellervo.fi\\\/wp-content\\\/uploads\\\/2014\\\/02\\\/Hanna-Muukka_avatar_1393417732-96x96.jpg\",\"caption\":\"Hanna Muukka\"},\"description\":\"Kirjoittaja ty\u00f6skentelee Osuustoimintakeskus Pellervossa vastuullisuusasiantuntijana.\",\"url\":\"https:\\\/\\\/pellervo.fi\\\/sv\\\/author\\\/hannamuu\\\/\"}]}<\/script>\n<!-- \/ Yoast SEO plugin. -->","yoast_head_json":{"title":"Anu Puusalle Suomen Ekonomien Opetuspalkinto merkitt\u00e4v\u00e4st\u00e4 ty\u00f6st\u00e4 osuustoiminnan opetuksen ja elinkeinoel\u00e4m\u00e4n yhdist\u00e4miseksi - Pellervo","robots":{"index":"index","follow":"follow","max-snippet":"max-snippet:-1","max-image-preview":"max-image-preview:large","max-video-preview":"max-video-preview:-1"},"canonical":"https:\/\/pellervo.fi\/sv\/uutiset\/2016\/08\/23\/anu-puusalle-suomen-ekonomien-opetuspalkinto-merkittavasta-tyosta-osuustoiminnan-opetuksen-ja-elinkeinoelaman-yhdistamiseksi\/","og_locale":"sv_SE","og_type":"article","og_title":"Anu Puusalle Suomen Ekonomien Opetuspalkinto merkitt\u00e4v\u00e4st\u00e4 ty\u00f6st\u00e4 osuustoiminnan opetuksen ja elinkeinoel\u00e4m\u00e4n yhdist\u00e4miseksi - Pellervo","og_description":"Anu Puusan intohimo ty\u00f6h\u00f6ns\u00e4 ja osuustoiminnan t\u00e4rkeys aiheena ovat yht\u00e4l\u00f6, joka vet\u00e4\u00e4 vuosittain yh\u00e4 lukuisampia opiskelijoita aiheen pariin.","og_url":"https:\/\/pellervo.fi\/sv\/uutiset\/2016\/08\/23\/anu-puusalle-suomen-ekonomien-opetuspalkinto-merkittavasta-tyosta-osuustoiminnan-opetuksen-ja-elinkeinoelaman-yhdistamiseksi\/","og_site_name":"Pellervo","article_published_time":"2016-08-23T11:18:48+00:00","article_modified_time":"2016-08-23T11:44:32+00:00","og_image":[{"width":345,"height":421,"url":"https:\/\/pellervo.fi\/wp-content\/uploads\/2016\/08\/AnuPuusa3-e1471951091930.jpg","type":"image\/jpeg"}],"author":"Hanna Muukka","twitter_card":"summary_large_image","twitter_creator":"@PellervoFi","twitter_site":"@PellervoFi","twitter_misc":{"Skriven av":"Hanna Muukka","Ber\u00e4knad l\u00e4stid":"1 minut"},"schema":{"@context":"https:\/\/schema.org","@graph":[{"@type":"Article","@id":"https:\/\/pellervo.fi\/sv\/uutiset\/2016\/08\/23\/anu-puusalle-suomen-ekonomien-opetuspalkinto-merkittavasta-tyosta-osuustoiminnan-opetuksen-ja-elinkeinoelaman-yhdistamiseksi\/#article","isPartOf":{"@id":"https:\/\/pellervo.fi\/sv\/uutiset\/2016\/08\/23\/anu-puusalle-suomen-ekonomien-opetuspalkinto-merkittavasta-tyosta-osuustoiminnan-opetuksen-ja-elinkeinoelaman-yhdistamiseksi\/"},"author":{"name":"Hanna Muukka","@id":"https:\/\/pellervo.fi\/#\/schema\/person\/f001b7c670bab10e5236b09672d9e6a3"},"headline":"Anu Puusalle Suomen Ekonomien Opetuspalkinto merkitt\u00e4v\u00e4st\u00e4 ty\u00f6st\u00e4 osuustoiminnan opetuksen ja elinkeinoel\u00e4m\u00e4n yhdist\u00e4miseksi","datePublished":"2016-08-23T11:18:48+00:00","dateModified":"2016-08-23T11:44:32+00:00","mainEntityOfPage":{"@id":"https:\/\/pellervo.fi\/sv\/uutiset\/2016\/08\/23\/anu-puusalle-suomen-ekonomien-opetuspalkinto-merkittavasta-tyosta-osuustoiminnan-opetuksen-ja-elinkeinoelaman-yhdistamiseksi\/"},"wordCount":281,"commentCount":0,"publisher":{"@id":"https:\/\/pellervo.fi\/#organization"},"image":{"@id":"https:\/\/pellervo.fi\/sv\/uutiset\/2016\/08\/23\/anu-puusalle-suomen-ekonomien-opetuspalkinto-merkittavasta-tyosta-osuustoiminnan-opetuksen-ja-elinkeinoelaman-yhdistamiseksi\/#primaryimage"},"thumbnailUrl":"https:\/\/pellervo.fi\/wp-content\/uploads\/2016\/08\/AnuPuusa3-e1471951091930.jpg","articleSection":["Uutiset"],"inLanguage":"sv-SE","potentialAction":[{"@type":"CommentAction","name":"Comment","target":["https:\/\/pellervo.fi\/sv\/uutiset\/2016\/08\/23\/anu-puusalle-suomen-ekonomien-opetuspalkinto-merkittavasta-tyosta-osuustoiminnan-opetuksen-ja-elinkeinoelaman-yhdistamiseksi\/#respond"]}]},{"@type":"WebPage","@id":"https:\/\/pellervo.fi\/sv\/uutiset\/2016\/08\/23\/anu-puusalle-suomen-ekonomien-opetuspalkinto-merkittavasta-tyosta-osuustoiminnan-opetuksen-ja-elinkeinoelaman-yhdistamiseksi\/","url":"https:\/\/pellervo.fi\/sv\/uutiset\/2016\/08\/23\/anu-puusalle-suomen-ekonomien-opetuspalkinto-merkittavasta-tyosta-osuustoiminnan-opetuksen-ja-elinkeinoelaman-yhdistamiseksi\/","name":"Anu Puusalle Suomen Ekonomien Opetuspalkinto merkitt\u00e4v\u00e4st\u00e4 ty\u00f6st\u00e4 osuustoiminnan opetuksen ja elinkeinoel\u00e4m\u00e4n yhdist\u00e4miseksi - Pellervo","isPartOf":{"@id":"https:\/\/pellervo.fi\/#website"},"primaryImageOfPage":{"@id":"https:\/\/pellervo.fi\/sv\/uutiset\/2016\/08\/23\/anu-puusalle-suomen-ekonomien-opetuspalkinto-merkittavasta-tyosta-osuustoiminnan-opetuksen-ja-elinkeinoelaman-yhdistamiseksi\/#primaryimage"},"image":{"@id":"https:\/\/pellervo.fi\/sv\/uutiset\/2016\/08\/23\/anu-puusalle-suomen-ekonomien-opetuspalkinto-merkittavasta-tyosta-osuustoiminnan-opetuksen-ja-elinkeinoelaman-yhdistamiseksi\/#primaryimage"},"thumbnailUrl":"https:\/\/pellervo.fi\/wp-content\/uploads\/2016\/08\/AnuPuusa3-e1471951091930.jpg","datePublished":"2016-08-23T11:18:48+00:00","dateModified":"2016-08-23T11:44:32+00:00","breadcrumb":{"@id":"https:\/\/pellervo.fi\/sv\/uutiset\/2016\/08\/23\/anu-puusalle-suomen-ekonomien-opetuspalkinto-merkittavasta-tyosta-osuustoiminnan-opetuksen-ja-elinkeinoelaman-yhdistamiseksi\/#breadcrumb"},"inLanguage":"sv-SE","potentialAction":[{"@type":"ReadAction","target":["https:\/\/pellervo.fi\/sv\/uutiset\/2016\/08\/23\/anu-puusalle-suomen-ekonomien-opetuspalkinto-merkittavasta-tyosta-osuustoiminnan-opetuksen-ja-elinkeinoelaman-yhdistamiseksi\/"]}]},{"@type":"ImageObject","inLanguage":"sv-SE","@id":"https:\/\/pellervo.fi\/sv\/uutiset\/2016\/08\/23\/anu-puusalle-suomen-ekonomien-opetuspalkinto-merkittavasta-tyosta-osuustoiminnan-opetuksen-ja-elinkeinoelaman-yhdistamiseksi\/#primaryimage","url":"https:\/\/pellervo.fi\/wp-content\/uploads\/2016\/08\/AnuPuusa3-e1471951091930.jpg","contentUrl":"https:\/\/pellervo.fi\/wp-content\/uploads\/2016\/08\/AnuPuusa3-e1471951091930.jpg","width":345,"height":421,"caption":"Anu Puusa. Kuva: Tapani Lepist\u00f6"},{"@type":"BreadcrumbList","@id":"https:\/\/pellervo.fi\/sv\/uutiset\/2016\/08\/23\/anu-puusalle-suomen-ekonomien-opetuspalkinto-merkittavasta-tyosta-osuustoiminnan-opetuksen-ja-elinkeinoelaman-yhdistamiseksi\/#breadcrumb","itemListElement":[{"@type":"ListItem","position":1,"name":"Koti","item":"https:\/\/pellervo.fi\/sv\/"},{"@type":"ListItem","position":2,"name":"Anu Puusalle Suomen Ekonomien Opetuspalkinto merkitt\u00e4v\u00e4st\u00e4 ty\u00f6st\u00e4 osuustoiminnan opetuksen ja elinkeinoel\u00e4m\u00e4n yhdist\u00e4miseksi"}]},{"@type":"WebSite","@id":"https:\/\/pellervo.fi\/#website","url":"https:\/\/pellervo.fi\/","name":"Pellervo","description":"Osuuskuntien keskusj\u00e4rjest\u00f6","publisher":{"@id":"https:\/\/pellervo.fi\/#organization"},"potentialAction":[{"@type":"SearchAction","target":{"@type":"EntryPoint","urlTemplate":"https:\/\/pellervo.fi\/?s={search_term_string}"},"query-input":{"@type":"PropertyValueSpecification","valueRequired":true,"valueName":"search_term_string"}}],"inLanguage":"sv-SE"},{"@type":"Organization","@id":"https:\/\/pellervo.fi\/#organization","name":"Osuustoimintakeskus Pellervo ry","url":"https:\/\/pellervo.fi\/","logo":{"@type":"ImageObject","inLanguage":"sv-SE","@id":"https:\/\/pellervo.fi\/#\/schema\/logo\/image\/","url":"https:\/\/pellervo.fi\/wp-content\/uploads\/2020\/05\/Pellervo_logo.png","contentUrl":"https:\/\/pellervo.fi\/wp-content\/uploads\/2020\/05\/Pellervo_logo.png","width":1335,"height":376,"caption":"Osuustoimintakeskus Pellervo ry"},"image":{"@id":"https:\/\/pellervo.fi\/#\/schema\/logo\/image\/"},"sameAs":["https:\/\/x.com\/PellervoFi"]},{"@type":"Person","@id":"https:\/\/pellervo.fi\/#\/schema\/person\/f001b7c670bab10e5236b09672d9e6a3","name":"Hanna Muukka","image":{"@type":"ImageObject","inLanguage":"sv-SE","@id":"https:\/\/pellervo.fi\/wp-content\/uploads\/2014\/02\/Hanna-Muukka_avatar_1393417732-96x96.jpg","url":"https:\/\/pellervo.fi\/wp-content\/uploads\/2014\/02\/Hanna-Muukka_avatar_1393417732-96x96.jpg","contentUrl":"https:\/\/pellervo.fi\/wp-content\/uploads\/2014\/02\/Hanna-Muukka_avatar_1393417732-96x96.jpg","caption":"Hanna Muukka"},"description":"Kirjoittaja ty\u00f6skentelee Osuustoimintakeskus Pellervossa vastuullisuusasiantuntijana.","url":"https:\/\/pellervo.fi\/sv\/author\/hannamuu\/"}]}},"_links":{"self":[{"href":"https:\/\/pellervo.fi\/sv\/wp-json\/wp\/v2\/posts\/449212","targetHints":{"allow":["GET"]}}],"collection":[{"href":"https:\/\/pellervo.fi\/sv\/wp-json\/wp\/v2\/posts"}],"about":[{"href":"https:\/\/pellervo.fi\/sv\/wp-json\/wp\/v2\/types\/post"}],"author":[{"embeddable":true,"href":"https:\/\/pellervo.fi\/sv\/wp-json\/wp\/v2\/users\/6"}],"replies":[{"embeddable":true,"href":"https:\/\/pellervo.fi\/sv\/wp-json\/wp\/v2\/comments?post=449212"}],"version-history":[{"count":3,"href":"https:\/\/pellervo.fi\/sv\/wp-json\/wp\/v2\/posts\/449212\/revisions"}],"predecessor-version":[{"id":449244,"href":"https:\/\/pellervo.fi\/sv\/wp-json\/wp\/v2\/posts\/449212\/revisions\/449244"}],"wp:featuredmedia":[{"embeddable":true,"href":"https:\/\/pellervo.fi\/sv\/wp-json\/wp\/v2\/media\/449241"}],"wp:attachment":[{"href":"https:\/\/pellervo.fi\/sv\/wp-json\/wp\/v2\/media?parent=449212"}],"wp:term":[{"taxonomy":"category","embeddable":true,"href":"https:\/\/pellervo.fi\/sv\/wp-json\/wp\/v2\/categories?post=449212"},{"taxonomy":"post_tag","embeddable":true,"href":"https:\/\/pellervo.fi\/sv\/wp-json\/wp\/v2\/tags?post=449212"}],"curies":[{"name":"wp","href":"https:\/\/api.w.org\/{rel}","templated":true}]}}