{"id":451034,"date":"2016-08-25T08:42:50","date_gmt":"2016-08-25T05:42:50","guid":{"rendered":"http:\/\/pellervo.fi\/?p=451034"},"modified":"2016-08-30T14:41:01","modified_gmt":"2016-08-30T11:41:01","slug":"pop-pankkiliiton-toimitusjohtaja-vaihtuu","status":"publish","type":"post","link":"https:\/\/pellervo.fi\/sv\/uutiset\/2016\/08\/25\/pop-pankkiliiton-toimitusjohtaja-vaihtuu\/","title":{"rendered":"POP Pankkiliiton toimitusjohtaja vaihtuu"},"content":{"rendered":"<p>POP Pankkiliitto osk:n hallintoneuvosto on 24.8.2016 toimitusjohtajan aloitteesta p\u00e4\u00e4tt\u00e4nyt k\u00e4ynnist\u00e4\u00e4 uuden toimitusjohtajan hakuprosessin siten, ett\u00e4 nykyinen POP Pankkiliitto osk:n toimitusjohtaja <strong>Heikki Suutala<\/strong> j\u00e4tt\u00e4\u00e4 teht\u00e4v\u00e4ns\u00e4 viimeist\u00e4\u00e4n 31.3.2017 menness\u00e4.<\/p>\n<p>&#8221;POP Pankki \u2013ryhm\u00e4ll\u00e4 on hyv\u00e4t l\u00e4ht\u00f6kohdat vastata tulevaisuuden haasteisiin. POP Pankeilla on tutkimusten mukaan Pohjoismaiden tyytyv\u00e4isimm\u00e4t asiakkaat, vakavaraisuus on k\u00e4rkiluokkaa ja kannattavuus kunnossa.&#8221;<\/p>\n<p>&#8221;Ryhm\u00e4n uuden strategian toteuttamisen johtaminen on innostava haaste POP Pankkiliiton tulevalle toimitusjohtajalle. Heikki Suutala ty\u00f6skentelee toimitusjohtajana t\u00e4ysipainoisesti uuden toimitusjohtajan tuloon saakka. Heikki Suutalalla on ollut merkitt\u00e4v\u00e4 rooli POP Pankki \u2013ryhm\u00e4ss\u00e4 ja kiit\u00e4mme h\u00e4nt\u00e4 m\u00e4\u00e4r\u00e4tietoisesta kehitt\u00e4misty\u00f6st\u00e4 POP Pankki -ryhm\u00e4n perustamisesta t\u00e4h\u00e4n p\u00e4iv\u00e4\u00e4n asti&#8221;, toteavat POP Pankkiliiton hallintoneuvoston puheenjohtaja <strong>Hannu Saarim\u00e4ki<\/strong> ja hallituksen puheenjohtaja <strong>Petri Jaakkola.<br \/>\n<\/strong><br \/>\n&#8221;Nyt on sek\u00e4 omasta ett\u00e4 POP Pankki \u2013ryhm\u00e4n puolesta sopiva hetki hakea uusia tuulia. POP Pankki \u2013ryhm\u00e4n rakenneuudistus on saatu valmiiksi, POP Pankki \u2013ryhm\u00e4 on hyv\u00e4ss\u00e4 kunnossa ja ryhm\u00e4 on yhten\u00e4isen\u00e4 sitoutunut uuden strategian toteutukseen. On hyv\u00e4, ett\u00e4 uusi toimitusjohtaja p\u00e4\u00e4see uuden strategiakauden alkuvaiheessa vaikuttamaan sen eteenp\u00e4in viemiseen. Itselleni POP Pankki \u2013ryhm\u00e4 on tarjonnut mielenkiintoisen n\u00e4k\u00f6alapaikan, mielekk\u00e4\u00e4n asiakkaita varten olevan ty\u00f6n tarkoituksen ja hyv\u00e4t ty\u00f6toverit, mist\u00e4 olen kiitollinen&#8221;, toteaa toimitusjohtaja Heikki Suutala.<\/p>\n<p>&nbsp;  <\/p>\n","protected":false},"excerpt":{"rendered":"<p>POP Pankkiliitto osk:n hallintoneuvosto on toimitusjohtaja Heikki Suutalan aloitteesta p\u00e4\u00e4tt\u00e4nyt k\u00e4ynnist\u00e4\u00e4 uuden toimitusjohtajan hakuprosessin.<\/p>\n","protected":false},"author":6,"featured_media":451067,"comment_status":"open","ping_status":"open","sticky":false,"template":"","format":"standard","meta":{"inline_featured_image":false,"_monsterinsights_skip_tracking":false,"_monsterinsights_sitenote_active":false,"_monsterinsights_sitenote_note":"","_monsterinsights_sitenote_category":0,"site-sidebar-layout":"default","site-content-layout":"","ast-site-content-layout":"default","site-content-style":"default","site-sidebar-style":"default","ast-global-header-display":"","ast-banner-title-visibility":"","ast-main-header-display":"","ast-hfb-above-header-display":"","ast-hfb-below-header-display":"","ast-hfb-mobile-header-display":"","site-post-title":"","ast-breadcrumbs-content":"","ast-featured-img":"","footer-sml-layout":"","ast-disable-related-posts":"","theme-transparent-header-meta":"","adv-header-id-meta":"","stick-header-meta":"","header-above-stick-meta":"","header-main-stick-meta":"","header-below-stick-meta":"","astra-migrate-meta-layouts":"default","ast-page-background-enabled":"default","ast-page-background-meta":{"desktop":{"background-color":"","background-image":"","background-repeat":"repeat","background-position":"center center","background-size":"auto","background-attachment":"scroll","background-type":"","background-media":"","overlay-type":"","overlay-color":"","overlay-opacity":"","overlay-gradient":""},"tablet":{"background-color":"","background-image":"","background-repeat":"repeat","background-position":"center center","background-size":"auto","background-attachment":"scroll","background-type":"","background-media":"","overlay-type":"","overlay-color":"","overlay-opacity":"","overlay-gradient":""},"mobile":{"background-color":"","background-image":"","background-repeat":"repeat","background-position":"center center","background-size":"auto","background-attachment":"scroll","background-type":"","background-media":"","overlay-type":"","overlay-color":"","overlay-opacity":"","overlay-gradient":""}},"ast-content-background-meta":{"desktop":{"background-color":"var(--ast-global-color-5)","background-image":"","background-repeat":"repeat","background-position":"center center","background-size":"auto","background-attachment":"scroll","background-type":"","background-media":"","overlay-type":"","overlay-color":"","overlay-opacity":"","overlay-gradient":""},"tablet":{"background-color":"var(--ast-global-color-5)","background-image":"","background-repeat":"repeat","background-position":"center center","background-size":"auto","background-attachment":"scroll","background-type":"","background-media":"","overlay-type":"","overlay-color":"","overlay-opacity":"","overlay-gradient":""},"mobile":{"background-color":"var(--ast-global-color-5)","background-image":"","background-repeat":"repeat","background-position":"center center","background-size":"auto","background-attachment":"scroll","background-type":"","background-media":"","overlay-type":"","overlay-color":"","overlay-opacity":"","overlay-gradient":""}},"_FSMCFIC_featured_image_caption":"","_FSMCFIC_featured_image_nocaption":"","_FSMCFIC_featured_image_hide":"","footnotes":""},"categories":[22],"tags":[],"class_list":["post-451034","post","type-post","status-publish","format-standard","has-post-thumbnail","hentry","category-uutiset"],"yoast_head":"<!-- This site is optimized with the Yoast SEO plugin v27.5 - https:\/\/yoast.com\/product\/yoast-seo-wordpress\/ -->\n<title>POP Pankkiliiton toimitusjohtaja vaihtuu - Pellervo<\/title>\n<meta name=\"robots\" content=\"index, follow, max-snippet:-1, max-image-preview:large, max-video-preview:-1\" \/>\n<link rel=\"canonical\" href=\"https:\/\/pellervo.fi\/uutiset\/2016\/08\/25\/pop-pankkiliiton-toimitusjohtaja-vaihtuu\/\" \/>\n<meta property=\"og:locale\" content=\"sv_SE\" \/>\n<meta property=\"og:type\" content=\"article\" \/>\n<meta property=\"og:title\" content=\"POP Pankkiliiton toimitusjohtaja vaihtuu - Pellervo\" \/>\n<meta property=\"og:description\" content=\"POP Pankkiliitto osk:n hallintoneuvosto on toimitusjohtaja Heikki Suutalan aloitteesta p\u00e4\u00e4tt\u00e4nyt k\u00e4ynnist\u00e4\u00e4 uuden toimitusjohtajan hakuprosessin.\" \/>\n<meta property=\"og:url\" content=\"https:\/\/pellervo.fi\/uutiset\/2016\/08\/25\/pop-pankkiliiton-toimitusjohtaja-vaihtuu\/\" \/>\n<meta property=\"og:site_name\" content=\"Pellervo\" \/>\n<meta property=\"article:published_time\" content=\"2016-08-25T05:42:50+00:00\" \/>\n<meta property=\"article:modified_time\" content=\"2016-08-30T11:41:01+00:00\" \/>\n<meta property=\"og:image\" content=\"https:\/\/pellervo.fi\/wp-content\/uploads\/2016\/08\/poppankki-e1472106669570.jpg\" \/>\n\t<meta property=\"og:image:width\" content=\"400\" \/>\n\t<meta property=\"og:image:height\" content=\"300\" \/>\n\t<meta property=\"og:image:type\" content=\"image\/jpeg\" \/>\n<meta name=\"author\" content=\"Hanna Muukka\" \/>\n<meta name=\"twitter:card\" content=\"summary_large_image\" \/>\n<meta name=\"twitter:creator\" content=\"@PellervoFi\" \/>\n<meta name=\"twitter:site\" content=\"@PellervoFi\" \/>\n<meta name=\"twitter:label1\" content=\"Skriven av\" \/>\n\t<meta name=\"twitter:data1\" content=\"Hanna Muukka\" \/>\n\t<meta name=\"twitter:label2\" content=\"Ber\u00e4knad l\u00e4stid\" \/>\n\t<meta name=\"twitter:data2\" content=\"1 minut\" \/>\n<script type=\"application\/ld+json\" class=\"yoast-schema-graph\">{\"@context\":\"https:\\\/\\\/schema.org\",\"@graph\":[{\"@type\":\"Article\",\"@id\":\"https:\\\/\\\/pellervo.fi\\\/uutiset\\\/2016\\\/08\\\/25\\\/pop-pankkiliiton-toimitusjohtaja-vaihtuu\\\/#article\",\"isPartOf\":{\"@id\":\"https:\\\/\\\/pellervo.fi\\\/uutiset\\\/2016\\\/08\\\/25\\\/pop-pankkiliiton-toimitusjohtaja-vaihtuu\\\/\"},\"author\":{\"name\":\"Hanna Muukka\",\"@id\":\"https:\\\/\\\/pellervo.fi\\\/#\\\/schema\\\/person\\\/f001b7c670bab10e5236b09672d9e6a3\"},\"headline\":\"POP Pankkiliiton toimitusjohtaja vaihtuu\",\"datePublished\":\"2016-08-25T05:42:50+00:00\",\"dateModified\":\"2016-08-30T11:41:01+00:00\",\"mainEntityOfPage\":{\"@id\":\"https:\\\/\\\/pellervo.fi\\\/uutiset\\\/2016\\\/08\\\/25\\\/pop-pankkiliiton-toimitusjohtaja-vaihtuu\\\/\"},\"wordCount\":224,\"commentCount\":0,\"publisher\":{\"@id\":\"https:\\\/\\\/pellervo.fi\\\/#organization\"},\"image\":{\"@id\":\"https:\\\/\\\/pellervo.fi\\\/uutiset\\\/2016\\\/08\\\/25\\\/pop-pankkiliiton-toimitusjohtaja-vaihtuu\\\/#primaryimage\"},\"thumbnailUrl\":\"https:\\\/\\\/pellervo.fi\\\/wp-content\\\/uploads\\\/2016\\\/08\\\/poppankki-e1472106669570.jpg\",\"articleSection\":[\"Uutiset\"],\"inLanguage\":\"sv-SE\",\"potentialAction\":[{\"@type\":\"CommentAction\",\"name\":\"Comment\",\"target\":[\"https:\\\/\\\/pellervo.fi\\\/uutiset\\\/2016\\\/08\\\/25\\\/pop-pankkiliiton-toimitusjohtaja-vaihtuu\\\/#respond\"]}]},{\"@type\":\"WebPage\",\"@id\":\"https:\\\/\\\/pellervo.fi\\\/uutiset\\\/2016\\\/08\\\/25\\\/pop-pankkiliiton-toimitusjohtaja-vaihtuu\\\/\",\"url\":\"https:\\\/\\\/pellervo.fi\\\/uutiset\\\/2016\\\/08\\\/25\\\/pop-pankkiliiton-toimitusjohtaja-vaihtuu\\\/\",\"name\":\"POP Pankkiliiton toimitusjohtaja vaihtuu - Pellervo\",\"isPartOf\":{\"@id\":\"https:\\\/\\\/pellervo.fi\\\/#website\"},\"primaryImageOfPage\":{\"@id\":\"https:\\\/\\\/pellervo.fi\\\/uutiset\\\/2016\\\/08\\\/25\\\/pop-pankkiliiton-toimitusjohtaja-vaihtuu\\\/#primaryimage\"},\"image\":{\"@id\":\"https:\\\/\\\/pellervo.fi\\\/uutiset\\\/2016\\\/08\\\/25\\\/pop-pankkiliiton-toimitusjohtaja-vaihtuu\\\/#primaryimage\"},\"thumbnailUrl\":\"https:\\\/\\\/pellervo.fi\\\/wp-content\\\/uploads\\\/2016\\\/08\\\/poppankki-e1472106669570.jpg\",\"datePublished\":\"2016-08-25T05:42:50+00:00\",\"dateModified\":\"2016-08-30T11:41:01+00:00\",\"breadcrumb\":{\"@id\":\"https:\\\/\\\/pellervo.fi\\\/uutiset\\\/2016\\\/08\\\/25\\\/pop-pankkiliiton-toimitusjohtaja-vaihtuu\\\/#breadcrumb\"},\"inLanguage\":\"sv-SE\",\"potentialAction\":[{\"@type\":\"ReadAction\",\"target\":[\"https:\\\/\\\/pellervo.fi\\\/uutiset\\\/2016\\\/08\\\/25\\\/pop-pankkiliiton-toimitusjohtaja-vaihtuu\\\/\"]}]},{\"@type\":\"ImageObject\",\"inLanguage\":\"sv-SE\",\"@id\":\"https:\\\/\\\/pellervo.fi\\\/uutiset\\\/2016\\\/08\\\/25\\\/pop-pankkiliiton-toimitusjohtaja-vaihtuu\\\/#primaryimage\",\"url\":\"https:\\\/\\\/pellervo.fi\\\/wp-content\\\/uploads\\\/2016\\\/08\\\/poppankki-e1472106669570.jpg\",\"contentUrl\":\"https:\\\/\\\/pellervo.fi\\\/wp-content\\\/uploads\\\/2016\\\/08\\\/poppankki-e1472106669570.jpg\",\"width\":400,\"height\":300},{\"@type\":\"BreadcrumbList\",\"@id\":\"https:\\\/\\\/pellervo.fi\\\/uutiset\\\/2016\\\/08\\\/25\\\/pop-pankkiliiton-toimitusjohtaja-vaihtuu\\\/#breadcrumb\",\"itemListElement\":[{\"@type\":\"ListItem\",\"position\":1,\"name\":\"Koti\",\"item\":\"https:\\\/\\\/pellervo.fi\\\/sv\\\/\"},{\"@type\":\"ListItem\",\"position\":2,\"name\":\"POP Pankkiliiton toimitusjohtaja vaihtuu\"}]},{\"@type\":\"WebSite\",\"@id\":\"https:\\\/\\\/pellervo.fi\\\/#website\",\"url\":\"https:\\\/\\\/pellervo.fi\\\/\",\"name\":\"Pellervo\",\"description\":\"Osuuskuntien keskusj\u00e4rjest\u00f6\",\"publisher\":{\"@id\":\"https:\\\/\\\/pellervo.fi\\\/#organization\"},\"potentialAction\":[{\"@type\":\"SearchAction\",\"target\":{\"@type\":\"EntryPoint\",\"urlTemplate\":\"https:\\\/\\\/pellervo.fi\\\/?s={search_term_string}\"},\"query-input\":{\"@type\":\"PropertyValueSpecification\",\"valueRequired\":true,\"valueName\":\"search_term_string\"}}],\"inLanguage\":\"sv-SE\"},{\"@type\":\"Organization\",\"@id\":\"https:\\\/\\\/pellervo.fi\\\/#organization\",\"name\":\"Osuustoimintakeskus Pellervo ry\",\"url\":\"https:\\\/\\\/pellervo.fi\\\/\",\"logo\":{\"@type\":\"ImageObject\",\"inLanguage\":\"sv-SE\",\"@id\":\"https:\\\/\\\/pellervo.fi\\\/#\\\/schema\\\/logo\\\/image\\\/\",\"url\":\"https:\\\/\\\/pellervo.fi\\\/wp-content\\\/uploads\\\/2020\\\/05\\\/Pellervo_logo.png\",\"contentUrl\":\"https:\\\/\\\/pellervo.fi\\\/wp-content\\\/uploads\\\/2020\\\/05\\\/Pellervo_logo.png\",\"width\":1335,\"height\":376,\"caption\":\"Osuustoimintakeskus Pellervo ry\"},\"image\":{\"@id\":\"https:\\\/\\\/pellervo.fi\\\/#\\\/schema\\\/logo\\\/image\\\/\"},\"sameAs\":[\"https:\\\/\\\/x.com\\\/PellervoFi\"]},{\"@type\":\"Person\",\"@id\":\"https:\\\/\\\/pellervo.fi\\\/#\\\/schema\\\/person\\\/f001b7c670bab10e5236b09672d9e6a3\",\"name\":\"Hanna Muukka\",\"image\":{\"@type\":\"ImageObject\",\"inLanguage\":\"sv-SE\",\"@id\":\"https:\\\/\\\/pellervo.fi\\\/wp-content\\\/uploads\\\/2014\\\/02\\\/Hanna-Muukka_avatar_1393417732-96x96.jpg\",\"url\":\"https:\\\/\\\/pellervo.fi\\\/wp-content\\\/uploads\\\/2014\\\/02\\\/Hanna-Muukka_avatar_1393417732-96x96.jpg\",\"contentUrl\":\"https:\\\/\\\/pellervo.fi\\\/wp-content\\\/uploads\\\/2014\\\/02\\\/Hanna-Muukka_avatar_1393417732-96x96.jpg\",\"caption\":\"Hanna Muukka\"},\"description\":\"Kirjoittaja ty\u00f6skentelee Osuustoimintakeskus Pellervossa vastuullisuusasiantuntijana.\",\"url\":\"https:\\\/\\\/pellervo.fi\\\/sv\\\/author\\\/hannamuu\\\/\"}]}<\/script>\n<!-- \/ Yoast SEO plugin. -->","yoast_head_json":{"title":"POP Pankkiliiton toimitusjohtaja vaihtuu - Pellervo","robots":{"index":"index","follow":"follow","max-snippet":"max-snippet:-1","max-image-preview":"max-image-preview:large","max-video-preview":"max-video-preview:-1"},"canonical":"https:\/\/pellervo.fi\/uutiset\/2016\/08\/25\/pop-pankkiliiton-toimitusjohtaja-vaihtuu\/","og_locale":"sv_SE","og_type":"article","og_title":"POP Pankkiliiton toimitusjohtaja vaihtuu - Pellervo","og_description":"POP Pankkiliitto osk:n hallintoneuvosto on toimitusjohtaja Heikki Suutalan aloitteesta p\u00e4\u00e4tt\u00e4nyt k\u00e4ynnist\u00e4\u00e4 uuden toimitusjohtajan hakuprosessin.","og_url":"https:\/\/pellervo.fi\/uutiset\/2016\/08\/25\/pop-pankkiliiton-toimitusjohtaja-vaihtuu\/","og_site_name":"Pellervo","article_published_time":"2016-08-25T05:42:50+00:00","article_modified_time":"2016-08-30T11:41:01+00:00","og_image":[{"width":400,"height":300,"url":"https:\/\/pellervo.fi\/wp-content\/uploads\/2016\/08\/poppankki-e1472106669570.jpg","type":"image\/jpeg"}],"author":"Hanna Muukka","twitter_card":"summary_large_image","twitter_creator":"@PellervoFi","twitter_site":"@PellervoFi","twitter_misc":{"Skriven av":"Hanna Muukka","Ber\u00e4knad l\u00e4stid":"1 minut"},"schema":{"@context":"https:\/\/schema.org","@graph":[{"@type":"Article","@id":"https:\/\/pellervo.fi\/uutiset\/2016\/08\/25\/pop-pankkiliiton-toimitusjohtaja-vaihtuu\/#article","isPartOf":{"@id":"https:\/\/pellervo.fi\/uutiset\/2016\/08\/25\/pop-pankkiliiton-toimitusjohtaja-vaihtuu\/"},"author":{"name":"Hanna Muukka","@id":"https:\/\/pellervo.fi\/#\/schema\/person\/f001b7c670bab10e5236b09672d9e6a3"},"headline":"POP Pankkiliiton toimitusjohtaja vaihtuu","datePublished":"2016-08-25T05:42:50+00:00","dateModified":"2016-08-30T11:41:01+00:00","mainEntityOfPage":{"@id":"https:\/\/pellervo.fi\/uutiset\/2016\/08\/25\/pop-pankkiliiton-toimitusjohtaja-vaihtuu\/"},"wordCount":224,"commentCount":0,"publisher":{"@id":"https:\/\/pellervo.fi\/#organization"},"image":{"@id":"https:\/\/pellervo.fi\/uutiset\/2016\/08\/25\/pop-pankkiliiton-toimitusjohtaja-vaihtuu\/#primaryimage"},"thumbnailUrl":"https:\/\/pellervo.fi\/wp-content\/uploads\/2016\/08\/poppankki-e1472106669570.jpg","articleSection":["Uutiset"],"inLanguage":"sv-SE","potentialAction":[{"@type":"CommentAction","name":"Comment","target":["https:\/\/pellervo.fi\/uutiset\/2016\/08\/25\/pop-pankkiliiton-toimitusjohtaja-vaihtuu\/#respond"]}]},{"@type":"WebPage","@id":"https:\/\/pellervo.fi\/uutiset\/2016\/08\/25\/pop-pankkiliiton-toimitusjohtaja-vaihtuu\/","url":"https:\/\/pellervo.fi\/uutiset\/2016\/08\/25\/pop-pankkiliiton-toimitusjohtaja-vaihtuu\/","name":"POP Pankkiliiton toimitusjohtaja vaihtuu - Pellervo","isPartOf":{"@id":"https:\/\/pellervo.fi\/#website"},"primaryImageOfPage":{"@id":"https:\/\/pellervo.fi\/uutiset\/2016\/08\/25\/pop-pankkiliiton-toimitusjohtaja-vaihtuu\/#primaryimage"},"image":{"@id":"https:\/\/pellervo.fi\/uutiset\/2016\/08\/25\/pop-pankkiliiton-toimitusjohtaja-vaihtuu\/#primaryimage"},"thumbnailUrl":"https:\/\/pellervo.fi\/wp-content\/uploads\/2016\/08\/poppankki-e1472106669570.jpg","datePublished":"2016-08-25T05:42:50+00:00","dateModified":"2016-08-30T11:41:01+00:00","breadcrumb":{"@id":"https:\/\/pellervo.fi\/uutiset\/2016\/08\/25\/pop-pankkiliiton-toimitusjohtaja-vaihtuu\/#breadcrumb"},"inLanguage":"sv-SE","potentialAction":[{"@type":"ReadAction","target":["https:\/\/pellervo.fi\/uutiset\/2016\/08\/25\/pop-pankkiliiton-toimitusjohtaja-vaihtuu\/"]}]},{"@type":"ImageObject","inLanguage":"sv-SE","@id":"https:\/\/pellervo.fi\/uutiset\/2016\/08\/25\/pop-pankkiliiton-toimitusjohtaja-vaihtuu\/#primaryimage","url":"https:\/\/pellervo.fi\/wp-content\/uploads\/2016\/08\/poppankki-e1472106669570.jpg","contentUrl":"https:\/\/pellervo.fi\/wp-content\/uploads\/2016\/08\/poppankki-e1472106669570.jpg","width":400,"height":300},{"@type":"BreadcrumbList","@id":"https:\/\/pellervo.fi\/uutiset\/2016\/08\/25\/pop-pankkiliiton-toimitusjohtaja-vaihtuu\/#breadcrumb","itemListElement":[{"@type":"ListItem","position":1,"name":"Koti","item":"https:\/\/pellervo.fi\/sv\/"},{"@type":"ListItem","position":2,"name":"POP Pankkiliiton toimitusjohtaja vaihtuu"}]},{"@type":"WebSite","@id":"https:\/\/pellervo.fi\/#website","url":"https:\/\/pellervo.fi\/","name":"Pellervo","description":"Osuuskuntien keskusj\u00e4rjest\u00f6","publisher":{"@id":"https:\/\/pellervo.fi\/#organization"},"potentialAction":[{"@type":"SearchAction","target":{"@type":"EntryPoint","urlTemplate":"https:\/\/pellervo.fi\/?s={search_term_string}"},"query-input":{"@type":"PropertyValueSpecification","valueRequired":true,"valueName":"search_term_string"}}],"inLanguage":"sv-SE"},{"@type":"Organization","@id":"https:\/\/pellervo.fi\/#organization","name":"Osuustoimintakeskus Pellervo ry","url":"https:\/\/pellervo.fi\/","logo":{"@type":"ImageObject","inLanguage":"sv-SE","@id":"https:\/\/pellervo.fi\/#\/schema\/logo\/image\/","url":"https:\/\/pellervo.fi\/wp-content\/uploads\/2020\/05\/Pellervo_logo.png","contentUrl":"https:\/\/pellervo.fi\/wp-content\/uploads\/2020\/05\/Pellervo_logo.png","width":1335,"height":376,"caption":"Osuustoimintakeskus Pellervo ry"},"image":{"@id":"https:\/\/pellervo.fi\/#\/schema\/logo\/image\/"},"sameAs":["https:\/\/x.com\/PellervoFi"]},{"@type":"Person","@id":"https:\/\/pellervo.fi\/#\/schema\/person\/f001b7c670bab10e5236b09672d9e6a3","name":"Hanna Muukka","image":{"@type":"ImageObject","inLanguage":"sv-SE","@id":"https:\/\/pellervo.fi\/wp-content\/uploads\/2014\/02\/Hanna-Muukka_avatar_1393417732-96x96.jpg","url":"https:\/\/pellervo.fi\/wp-content\/uploads\/2014\/02\/Hanna-Muukka_avatar_1393417732-96x96.jpg","contentUrl":"https:\/\/pellervo.fi\/wp-content\/uploads\/2014\/02\/Hanna-Muukka_avatar_1393417732-96x96.jpg","caption":"Hanna Muukka"},"description":"Kirjoittaja ty\u00f6skentelee Osuustoimintakeskus Pellervossa vastuullisuusasiantuntijana.","url":"https:\/\/pellervo.fi\/sv\/author\/hannamuu\/"}]}},"_links":{"self":[{"href":"https:\/\/pellervo.fi\/sv\/wp-json\/wp\/v2\/posts\/451034","targetHints":{"allow":["GET"]}}],"collection":[{"href":"https:\/\/pellervo.fi\/sv\/wp-json\/wp\/v2\/posts"}],"about":[{"href":"https:\/\/pellervo.fi\/sv\/wp-json\/wp\/v2\/types\/post"}],"author":[{"embeddable":true,"href":"https:\/\/pellervo.fi\/sv\/wp-json\/wp\/v2\/users\/6"}],"replies":[{"embeddable":true,"href":"https:\/\/pellervo.fi\/sv\/wp-json\/wp\/v2\/comments?post=451034"}],"version-history":[{"count":6,"href":"https:\/\/pellervo.fi\/sv\/wp-json\/wp\/v2\/posts\/451034\/revisions"}],"predecessor-version":[{"id":454761,"href":"https:\/\/pellervo.fi\/sv\/wp-json\/wp\/v2\/posts\/451034\/revisions\/454761"}],"wp:featuredmedia":[{"embeddable":true,"href":"https:\/\/pellervo.fi\/sv\/wp-json\/wp\/v2\/media\/451067"}],"wp:attachment":[{"href":"https:\/\/pellervo.fi\/sv\/wp-json\/wp\/v2\/media?parent=451034"}],"wp:term":[{"taxonomy":"category","embeddable":true,"href":"https:\/\/pellervo.fi\/sv\/wp-json\/wp\/v2\/categories?post=451034"},{"taxonomy":"post_tag","embeddable":true,"href":"https:\/\/pellervo.fi\/sv\/wp-json\/wp\/v2\/tags?post=451034"}],"curies":[{"name":"wp","href":"https:\/\/api.w.org\/{rel}","templated":true}]}}