{"id":475657,"date":"2016-09-22T13:33:51","date_gmt":"2016-09-22T10:33:51","guid":{"rendered":"http:\/\/pellervo.fi\/?p=475657"},"modified":"2020-06-30T11:46:30","modified_gmt":"2020-06-30T08:46:30","slug":"satakunnan-osuuskauppa-liittyi-pellervo-seuran-jaseneksi","status":"publish","type":"post","link":"https:\/\/pellervo.fi\/sv\/jarjesto\/2016\/09\/22\/satakunnan-osuuskauppa-liittyi-pellervo-seuran-jaseneksi\/","title":{"rendered":"Satakunnan Osuuskauppa liittyi Pellervo-Seuran j\u00e4seneksi"},"content":{"rendered":"<p><strong>Satakunnan Osuuskauppa on liittynyt osuustoimintaj\u00e4rjest\u00f6 Pellervo-Seura ry:n j\u00e4seneksi. Satakunnan Osuuskauppa on toimialueensa suurin osuustoiminnallinen yritys, se haluaa omalla toiminnallaan tukea ja edist\u00e4\u00e4 osuustoiminnallisen arvopohjan ja yritysmuodon tunnettuutta.<\/strong><\/p>\n<p>\u2013 Olemme Satakunnan Osuuskaupassa n\u00e4hneet, ett\u00e4 Pellervo-Seuran tavoitteet osuustoiminnan toimintaedellytysten kohentumisessa yhteiskunnassa ovat yhteisi\u00e4. Yhteisty\u00f6 Pellervon kanssa on luonteva kehitysaskel toiminnassamme, toteaa Satakunnan Osuuskaupan toimitusjohtaja <strong>Harri Tuomi<\/strong>.<\/p>\n<p>J\u00e4senyytt\u00e4 pidet\u00e4\u00e4n Pellervossa t\u00e4rke\u00e4n\u00e4 asiana.<\/p>\n<p>\u2013 Pellervo on osuustoiminnan kehitt\u00e4misj\u00e4rjest\u00f6, yhteisty\u00f6foorumi ja edunvalvoja. Haluamme tehd\u00e4 mahdollisimman laaja-alaista yhteisty\u00f6t\u00e4 yritysmallin ja talousel\u00e4m\u00e4n kehitt\u00e4miseksi. T\u00e4m\u00e4 on askel eteenp\u00e4in, toteaa Pellervo-Seuran toimitusjohtaja <strong>Sami Karhu<\/strong>.<\/p>\n<p>Pellervon valtuuskunnan puheenjohtaja <strong>Timo Komulainen<\/strong> korostaa Pellervon velvoitteiden kasvavan.<\/p>\n<p>\u2013 Pellervossa on j\u00e4seni\u00e4 kaikilta toimialoilta. Kun SOK, Satakunnan Osuuskauppa ja muitakin osuuskauppoja on nyt Pellervon j\u00e4senen\u00e4, joudumme j\u00e4rjest\u00f6ss\u00e4 pohtimaan yh\u00e4 syvemmin, mit\u00e4 voimme tarjota my\u00f6s kuluttajaosuuskuntien toimintaan. Miten voimme yhdess\u00e4 toimia niin, ett\u00e4 osuustoimintamalli edistyy, toteaa Komulainen ja toivottaa uuden j\u00e4senen l\u00e4mpim\u00e4sti tervetulleeksi.<\/p>\n<p><strong>Lis\u00e4tietoja: <\/strong><\/p>\n<p>Toimitusjohtaja Harri Tuomi, Satakunnan Osuuskauppa, <a href=\"mailto:harri.tuomi@sok.fi\">harri.tuomi@sok.fi<\/a>, 044 725 1551<br \/>\nToimitusjohtaja Sami Karhu, Pellervo-Seura ry, <a href=\"mailto:sami.karhu@pellervo.fi\">sami.karhu@pellervo.fi<\/a>, 0400 545\u00a0989<\/p>\n<p><em>Satakunnan Osuuskauppa on satakuntalaisten ihmisten omistama satakuntalainen yritys. Toimialamme ovat market- ja tavaratalokauppa, matkailu- ja ravitsemiskauppa, liikennemyym\u00e4l\u00e4- ja polttonestekauppa sek\u00e4 auto- ja autotarvikekauppa.<\/em><\/p>\n<p><em>Pellervo-Seura ry on osuustoiminnallisten yhteis\u00f6jen valtakunnallinen palvelu-, yhteistoiminta- ja etuj\u00e4rjest\u00f6. Sen tarkoituksena on osuustoiminnan arvojen ja periaatteiden esiintuominen, uusien osuuskuntien perustamisen edist\u00e4minen ja j\u00e4senyhteis\u00f6jen toimintaedellytysten parantaminen. J\u00e4rjest\u00f6 on perustettu vuonna 1899. <\/em><a href=\"http:\/\/www.pellervo.fi\"><em>www.pellervo.fi<\/em><\/a>  <\/p>\n","protected":false},"excerpt":{"rendered":"<p>Satakunnan Osuuskauppa on liittynyt osuustoimintaj\u00e4rjest\u00f6 Pellervo-Seura ry:n j\u00e4seneksi. Satakunnan Osuuskauppa on toimialueensa suurin osuustoiminnallinen yritys, se haluaa omalla toiminnallaan tukea ja edist\u00e4\u00e4 osuustoiminnallisen arvopohjan ja yritysmuodon tunnettuutta.<\/p>\n","protected":false},"author":5,"featured_media":475752,"comment_status":"open","ping_status":"open","sticky":false,"template":"","format":"standard","meta":{"inline_featured_image":false,"_monsterinsights_skip_tracking":false,"_monsterinsights_sitenote_active":false,"_monsterinsights_sitenote_note":"","_monsterinsights_sitenote_category":0,"site-sidebar-layout":"default","site-content-layout":"","ast-site-content-layout":"default","site-content-style":"default","site-sidebar-style":"default","ast-global-header-display":"","ast-banner-title-visibility":"","ast-main-header-display":"","ast-hfb-above-header-display":"","ast-hfb-below-header-display":"","ast-hfb-mobile-header-display":"","site-post-title":"","ast-breadcrumbs-content":"","ast-featured-img":"","footer-sml-layout":"","ast-disable-related-posts":"","theme-transparent-header-meta":"","adv-header-id-meta":"","stick-header-meta":"","header-above-stick-meta":"","header-main-stick-meta":"","header-below-stick-meta":"","astra-migrate-meta-layouts":"default","ast-page-background-enabled":"default","ast-page-background-meta":{"desktop":{"background-color":"","background-image":"","background-repeat":"repeat","background-position":"center center","background-size":"auto","background-attachment":"scroll","background-type":"","background-media":"","overlay-type":"","overlay-color":"","overlay-opacity":"","overlay-gradient":""},"tablet":{"background-color":"","background-image":"","background-repeat":"repeat","background-position":"center center","background-size":"auto","background-attachment":"scroll","background-type":"","background-media":"","overlay-type":"","overlay-color":"","overlay-opacity":"","overlay-gradient":""},"mobile":{"background-color":"","background-image":"","background-repeat":"repeat","background-position":"center center","background-size":"auto","background-attachment":"scroll","background-type":"","background-media":"","overlay-type":"","overlay-color":"","overlay-opacity":"","overlay-gradient":""}},"ast-content-background-meta":{"desktop":{"background-color":"var(--ast-global-color-5)","background-image":"","background-repeat":"repeat","background-position":"center center","background-size":"auto","background-attachment":"scroll","background-type":"","background-media":"","overlay-type":"","overlay-color":"","overlay-opacity":"","overlay-gradient":""},"tablet":{"background-color":"var(--ast-global-color-5)","background-image":"","background-repeat":"repeat","background-position":"center center","background-size":"auto","background-attachment":"scroll","background-type":"","background-media":"","overlay-type":"","overlay-color":"","overlay-opacity":"","overlay-gradient":""},"mobile":{"background-color":"var(--ast-global-color-5)","background-image":"","background-repeat":"repeat","background-position":"center center","background-size":"auto","background-attachment":"scroll","background-type":"","background-media":"","overlay-type":"","overlay-color":"","overlay-opacity":"","overlay-gradient":""}},"_FSMCFIC_featured_image_caption":"","_FSMCFIC_featured_image_nocaption":"","_FSMCFIC_featured_image_hide":"","footnotes":""},"categories":[71],"tags":[],"class_list":["post-475657","post","type-post","status-publish","format-standard","has-post-thumbnail","hentry","category-jarjesto"],"yoast_head":"<!-- This site is optimized with the Yoast SEO plugin v27.5 - https:\/\/yoast.com\/product\/yoast-seo-wordpress\/ -->\n<title>Satakunnan Osuuskauppa liittyi Pellervo-Seuran j\u00e4seneksi - Pellervo<\/title>\n<meta name=\"robots\" content=\"index, follow, max-snippet:-1, max-image-preview:large, max-video-preview:-1\" \/>\n<link rel=\"canonical\" href=\"https:\/\/pellervo.fi\/jarjesto\/2016\/09\/22\/satakunnan-osuuskauppa-liittyi-pellervo-seuran-jaseneksi\/\" \/>\n<meta property=\"og:locale\" content=\"sv_SE\" \/>\n<meta property=\"og:type\" content=\"article\" \/>\n<meta property=\"og:title\" content=\"Satakunnan Osuuskauppa liittyi Pellervo-Seuran j\u00e4seneksi - Pellervo\" \/>\n<meta property=\"og:description\" content=\"Satakunnan Osuuskauppa on liittynyt osuustoimintaj\u00e4rjest\u00f6 Pellervo-Seura ry:n j\u00e4seneksi. Satakunnan Osuuskauppa on toimialueensa suurin osuustoiminnallinen yritys, se haluaa omalla toiminnallaan tukea ja edist\u00e4\u00e4 osuustoiminnallisen arvopohjan ja yritysmuodon tunnettuutta.\" \/>\n<meta property=\"og:url\" content=\"https:\/\/pellervo.fi\/jarjesto\/2016\/09\/22\/satakunnan-osuuskauppa-liittyi-pellervo-seuran-jaseneksi\/\" \/>\n<meta property=\"og:site_name\" content=\"Pellervo\" \/>\n<meta property=\"article:published_time\" content=\"2016-09-22T10:33:51+00:00\" \/>\n<meta property=\"article:modified_time\" content=\"2020-06-30T08:46:30+00:00\" \/>\n<meta property=\"og:image\" content=\"https:\/\/pellervo.fi\/wp-content\/uploads\/2016\/09\/s-satakunta.jpg\" \/>\n\t<meta property=\"og:image:width\" content=\"650\" \/>\n\t<meta property=\"og:image:height\" content=\"400\" \/>\n\t<meta property=\"og:image:type\" content=\"image\/jpeg\" \/>\n<meta name=\"author\" content=\"pellervo\" \/>\n<meta name=\"twitter:card\" content=\"summary_large_image\" \/>\n<meta name=\"twitter:creator\" content=\"@PellervoFi\" \/>\n<meta name=\"twitter:site\" content=\"@PellervoFi\" \/>\n<meta name=\"twitter:label1\" content=\"Skriven av\" \/>\n\t<meta name=\"twitter:data1\" content=\"pellervo\" \/>\n\t<meta name=\"twitter:label2\" content=\"Ber\u00e4knad l\u00e4stid\" \/>\n\t<meta name=\"twitter:data2\" content=\"1 minut\" \/>\n<script type=\"application\/ld+json\" class=\"yoast-schema-graph\">{\"@context\":\"https:\\\/\\\/schema.org\",\"@graph\":[{\"@type\":\"Article\",\"@id\":\"https:\\\/\\\/pellervo.fi\\\/jarjesto\\\/2016\\\/09\\\/22\\\/satakunnan-osuuskauppa-liittyi-pellervo-seuran-jaseneksi\\\/#article\",\"isPartOf\":{\"@id\":\"https:\\\/\\\/pellervo.fi\\\/jarjesto\\\/2016\\\/09\\\/22\\\/satakunnan-osuuskauppa-liittyi-pellervo-seuran-jaseneksi\\\/\"},\"author\":{\"name\":\"pellervo\",\"@id\":\"https:\\\/\\\/pellervo.fi\\\/#\\\/schema\\\/person\\\/4b74d40956937d1367ade81899997e71\"},\"headline\":\"Satakunnan Osuuskauppa liittyi Pellervo-Seuran j\u00e4seneksi\",\"datePublished\":\"2016-09-22T10:33:51+00:00\",\"dateModified\":\"2020-06-30T08:46:30+00:00\",\"mainEntityOfPage\":{\"@id\":\"https:\\\/\\\/pellervo.fi\\\/jarjesto\\\/2016\\\/09\\\/22\\\/satakunnan-osuuskauppa-liittyi-pellervo-seuran-jaseneksi\\\/\"},\"wordCount\":250,\"commentCount\":0,\"publisher\":{\"@id\":\"https:\\\/\\\/pellervo.fi\\\/#organization\"},\"image\":{\"@id\":\"https:\\\/\\\/pellervo.fi\\\/jarjesto\\\/2016\\\/09\\\/22\\\/satakunnan-osuuskauppa-liittyi-pellervo-seuran-jaseneksi\\\/#primaryimage\"},\"thumbnailUrl\":\"https:\\\/\\\/pellervo.fi\\\/wp-content\\\/uploads\\\/2016\\\/09\\\/s-satakunta.jpg\",\"articleSection\":[\"J\u00e4rjest\u00f6\"],\"inLanguage\":\"sv-SE\",\"potentialAction\":[{\"@type\":\"CommentAction\",\"name\":\"Comment\",\"target\":[\"https:\\\/\\\/pellervo.fi\\\/jarjesto\\\/2016\\\/09\\\/22\\\/satakunnan-osuuskauppa-liittyi-pellervo-seuran-jaseneksi\\\/#respond\"]}]},{\"@type\":\"WebPage\",\"@id\":\"https:\\\/\\\/pellervo.fi\\\/jarjesto\\\/2016\\\/09\\\/22\\\/satakunnan-osuuskauppa-liittyi-pellervo-seuran-jaseneksi\\\/\",\"url\":\"https:\\\/\\\/pellervo.fi\\\/jarjesto\\\/2016\\\/09\\\/22\\\/satakunnan-osuuskauppa-liittyi-pellervo-seuran-jaseneksi\\\/\",\"name\":\"Satakunnan Osuuskauppa liittyi Pellervo-Seuran j\u00e4seneksi - Pellervo\",\"isPartOf\":{\"@id\":\"https:\\\/\\\/pellervo.fi\\\/#website\"},\"primaryImageOfPage\":{\"@id\":\"https:\\\/\\\/pellervo.fi\\\/jarjesto\\\/2016\\\/09\\\/22\\\/satakunnan-osuuskauppa-liittyi-pellervo-seuran-jaseneksi\\\/#primaryimage\"},\"image\":{\"@id\":\"https:\\\/\\\/pellervo.fi\\\/jarjesto\\\/2016\\\/09\\\/22\\\/satakunnan-osuuskauppa-liittyi-pellervo-seuran-jaseneksi\\\/#primaryimage\"},\"thumbnailUrl\":\"https:\\\/\\\/pellervo.fi\\\/wp-content\\\/uploads\\\/2016\\\/09\\\/s-satakunta.jpg\",\"datePublished\":\"2016-09-22T10:33:51+00:00\",\"dateModified\":\"2020-06-30T08:46:30+00:00\",\"breadcrumb\":{\"@id\":\"https:\\\/\\\/pellervo.fi\\\/jarjesto\\\/2016\\\/09\\\/22\\\/satakunnan-osuuskauppa-liittyi-pellervo-seuran-jaseneksi\\\/#breadcrumb\"},\"inLanguage\":\"sv-SE\",\"potentialAction\":[{\"@type\":\"ReadAction\",\"target\":[\"https:\\\/\\\/pellervo.fi\\\/jarjesto\\\/2016\\\/09\\\/22\\\/satakunnan-osuuskauppa-liittyi-pellervo-seuran-jaseneksi\\\/\"]}]},{\"@type\":\"ImageObject\",\"inLanguage\":\"sv-SE\",\"@id\":\"https:\\\/\\\/pellervo.fi\\\/jarjesto\\\/2016\\\/09\\\/22\\\/satakunnan-osuuskauppa-liittyi-pellervo-seuran-jaseneksi\\\/#primaryimage\",\"url\":\"https:\\\/\\\/pellervo.fi\\\/wp-content\\\/uploads\\\/2016\\\/09\\\/s-satakunta.jpg\",\"contentUrl\":\"https:\\\/\\\/pellervo.fi\\\/wp-content\\\/uploads\\\/2016\\\/09\\\/s-satakunta.jpg\",\"width\":650,\"height\":400},{\"@type\":\"BreadcrumbList\",\"@id\":\"https:\\\/\\\/pellervo.fi\\\/jarjesto\\\/2016\\\/09\\\/22\\\/satakunnan-osuuskauppa-liittyi-pellervo-seuran-jaseneksi\\\/#breadcrumb\",\"itemListElement\":[{\"@type\":\"ListItem\",\"position\":1,\"name\":\"Koti\",\"item\":\"https:\\\/\\\/pellervo.fi\\\/sv\\\/\"},{\"@type\":\"ListItem\",\"position\":2,\"name\":\"Satakunnan Osuuskauppa liittyi Pellervo-Seuran j\u00e4seneksi\"}]},{\"@type\":\"WebSite\",\"@id\":\"https:\\\/\\\/pellervo.fi\\\/#website\",\"url\":\"https:\\\/\\\/pellervo.fi\\\/\",\"name\":\"Pellervo\",\"description\":\"Osuuskuntien keskusj\u00e4rjest\u00f6\",\"publisher\":{\"@id\":\"https:\\\/\\\/pellervo.fi\\\/#organization\"},\"potentialAction\":[{\"@type\":\"SearchAction\",\"target\":{\"@type\":\"EntryPoint\",\"urlTemplate\":\"https:\\\/\\\/pellervo.fi\\\/?s={search_term_string}\"},\"query-input\":{\"@type\":\"PropertyValueSpecification\",\"valueRequired\":true,\"valueName\":\"search_term_string\"}}],\"inLanguage\":\"sv-SE\"},{\"@type\":\"Organization\",\"@id\":\"https:\\\/\\\/pellervo.fi\\\/#organization\",\"name\":\"Osuustoimintakeskus Pellervo ry\",\"url\":\"https:\\\/\\\/pellervo.fi\\\/\",\"logo\":{\"@type\":\"ImageObject\",\"inLanguage\":\"sv-SE\",\"@id\":\"https:\\\/\\\/pellervo.fi\\\/#\\\/schema\\\/logo\\\/image\\\/\",\"url\":\"https:\\\/\\\/pellervo.fi\\\/wp-content\\\/uploads\\\/2020\\\/05\\\/Pellervo_logo.png\",\"contentUrl\":\"https:\\\/\\\/pellervo.fi\\\/wp-content\\\/uploads\\\/2020\\\/05\\\/Pellervo_logo.png\",\"width\":1335,\"height\":376,\"caption\":\"Osuustoimintakeskus Pellervo ry\"},\"image\":{\"@id\":\"https:\\\/\\\/pellervo.fi\\\/#\\\/schema\\\/logo\\\/image\\\/\"},\"sameAs\":[\"https:\\\/\\\/x.com\\\/PellervoFi\"]},{\"@type\":\"Person\",\"@id\":\"https:\\\/\\\/pellervo.fi\\\/#\\\/schema\\\/person\\\/4b74d40956937d1367ade81899997e71\",\"name\":\"pellervo\",\"image\":{\"@type\":\"ImageObject\",\"inLanguage\":\"sv-SE\",\"@id\":\"https:\\\/\\\/pellervo.fi\\\/wp-content\\\/uploads\\\/2013\\\/11\\\/pellervo_avatar_1384522134-96x96.jpg\",\"url\":\"https:\\\/\\\/pellervo.fi\\\/wp-content\\\/uploads\\\/2013\\\/11\\\/pellervo_avatar_1384522134-96x96.jpg\",\"contentUrl\":\"https:\\\/\\\/pellervo.fi\\\/wp-content\\\/uploads\\\/2013\\\/11\\\/pellervo_avatar_1384522134-96x96.jpg\",\"caption\":\"pellervo\"},\"description\":\"Kuvaus\",\"url\":\"https:\\\/\\\/pellervo.fi\\\/sv\\\/author\\\/pellervo\\\/\"}]}<\/script>\n<!-- \/ Yoast SEO plugin. -->","yoast_head_json":{"title":"Satakunnan Osuuskauppa liittyi Pellervo-Seuran j\u00e4seneksi - Pellervo","robots":{"index":"index","follow":"follow","max-snippet":"max-snippet:-1","max-image-preview":"max-image-preview:large","max-video-preview":"max-video-preview:-1"},"canonical":"https:\/\/pellervo.fi\/jarjesto\/2016\/09\/22\/satakunnan-osuuskauppa-liittyi-pellervo-seuran-jaseneksi\/","og_locale":"sv_SE","og_type":"article","og_title":"Satakunnan Osuuskauppa liittyi Pellervo-Seuran j\u00e4seneksi - Pellervo","og_description":"Satakunnan Osuuskauppa on liittynyt osuustoimintaj\u00e4rjest\u00f6 Pellervo-Seura ry:n j\u00e4seneksi. Satakunnan Osuuskauppa on toimialueensa suurin osuustoiminnallinen yritys, se haluaa omalla toiminnallaan tukea ja edist\u00e4\u00e4 osuustoiminnallisen arvopohjan ja yritysmuodon tunnettuutta.","og_url":"https:\/\/pellervo.fi\/jarjesto\/2016\/09\/22\/satakunnan-osuuskauppa-liittyi-pellervo-seuran-jaseneksi\/","og_site_name":"Pellervo","article_published_time":"2016-09-22T10:33:51+00:00","article_modified_time":"2020-06-30T08:46:30+00:00","og_image":[{"width":650,"height":400,"url":"https:\/\/pellervo.fi\/wp-content\/uploads\/2016\/09\/s-satakunta.jpg","type":"image\/jpeg"}],"author":"pellervo","twitter_card":"summary_large_image","twitter_creator":"@PellervoFi","twitter_site":"@PellervoFi","twitter_misc":{"Skriven av":"pellervo","Ber\u00e4knad l\u00e4stid":"1 minut"},"schema":{"@context":"https:\/\/schema.org","@graph":[{"@type":"Article","@id":"https:\/\/pellervo.fi\/jarjesto\/2016\/09\/22\/satakunnan-osuuskauppa-liittyi-pellervo-seuran-jaseneksi\/#article","isPartOf":{"@id":"https:\/\/pellervo.fi\/jarjesto\/2016\/09\/22\/satakunnan-osuuskauppa-liittyi-pellervo-seuran-jaseneksi\/"},"author":{"name":"pellervo","@id":"https:\/\/pellervo.fi\/#\/schema\/person\/4b74d40956937d1367ade81899997e71"},"headline":"Satakunnan Osuuskauppa liittyi Pellervo-Seuran j\u00e4seneksi","datePublished":"2016-09-22T10:33:51+00:00","dateModified":"2020-06-30T08:46:30+00:00","mainEntityOfPage":{"@id":"https:\/\/pellervo.fi\/jarjesto\/2016\/09\/22\/satakunnan-osuuskauppa-liittyi-pellervo-seuran-jaseneksi\/"},"wordCount":250,"commentCount":0,"publisher":{"@id":"https:\/\/pellervo.fi\/#organization"},"image":{"@id":"https:\/\/pellervo.fi\/jarjesto\/2016\/09\/22\/satakunnan-osuuskauppa-liittyi-pellervo-seuran-jaseneksi\/#primaryimage"},"thumbnailUrl":"https:\/\/pellervo.fi\/wp-content\/uploads\/2016\/09\/s-satakunta.jpg","articleSection":["J\u00e4rjest\u00f6"],"inLanguage":"sv-SE","potentialAction":[{"@type":"CommentAction","name":"Comment","target":["https:\/\/pellervo.fi\/jarjesto\/2016\/09\/22\/satakunnan-osuuskauppa-liittyi-pellervo-seuran-jaseneksi\/#respond"]}]},{"@type":"WebPage","@id":"https:\/\/pellervo.fi\/jarjesto\/2016\/09\/22\/satakunnan-osuuskauppa-liittyi-pellervo-seuran-jaseneksi\/","url":"https:\/\/pellervo.fi\/jarjesto\/2016\/09\/22\/satakunnan-osuuskauppa-liittyi-pellervo-seuran-jaseneksi\/","name":"Satakunnan Osuuskauppa liittyi Pellervo-Seuran j\u00e4seneksi - Pellervo","isPartOf":{"@id":"https:\/\/pellervo.fi\/#website"},"primaryImageOfPage":{"@id":"https:\/\/pellervo.fi\/jarjesto\/2016\/09\/22\/satakunnan-osuuskauppa-liittyi-pellervo-seuran-jaseneksi\/#primaryimage"},"image":{"@id":"https:\/\/pellervo.fi\/jarjesto\/2016\/09\/22\/satakunnan-osuuskauppa-liittyi-pellervo-seuran-jaseneksi\/#primaryimage"},"thumbnailUrl":"https:\/\/pellervo.fi\/wp-content\/uploads\/2016\/09\/s-satakunta.jpg","datePublished":"2016-09-22T10:33:51+00:00","dateModified":"2020-06-30T08:46:30+00:00","breadcrumb":{"@id":"https:\/\/pellervo.fi\/jarjesto\/2016\/09\/22\/satakunnan-osuuskauppa-liittyi-pellervo-seuran-jaseneksi\/#breadcrumb"},"inLanguage":"sv-SE","potentialAction":[{"@type":"ReadAction","target":["https:\/\/pellervo.fi\/jarjesto\/2016\/09\/22\/satakunnan-osuuskauppa-liittyi-pellervo-seuran-jaseneksi\/"]}]},{"@type":"ImageObject","inLanguage":"sv-SE","@id":"https:\/\/pellervo.fi\/jarjesto\/2016\/09\/22\/satakunnan-osuuskauppa-liittyi-pellervo-seuran-jaseneksi\/#primaryimage","url":"https:\/\/pellervo.fi\/wp-content\/uploads\/2016\/09\/s-satakunta.jpg","contentUrl":"https:\/\/pellervo.fi\/wp-content\/uploads\/2016\/09\/s-satakunta.jpg","width":650,"height":400},{"@type":"BreadcrumbList","@id":"https:\/\/pellervo.fi\/jarjesto\/2016\/09\/22\/satakunnan-osuuskauppa-liittyi-pellervo-seuran-jaseneksi\/#breadcrumb","itemListElement":[{"@type":"ListItem","position":1,"name":"Koti","item":"https:\/\/pellervo.fi\/sv\/"},{"@type":"ListItem","position":2,"name":"Satakunnan Osuuskauppa liittyi Pellervo-Seuran j\u00e4seneksi"}]},{"@type":"WebSite","@id":"https:\/\/pellervo.fi\/#website","url":"https:\/\/pellervo.fi\/","name":"Pellervo","description":"Osuuskuntien keskusj\u00e4rjest\u00f6","publisher":{"@id":"https:\/\/pellervo.fi\/#organization"},"potentialAction":[{"@type":"SearchAction","target":{"@type":"EntryPoint","urlTemplate":"https:\/\/pellervo.fi\/?s={search_term_string}"},"query-input":{"@type":"PropertyValueSpecification","valueRequired":true,"valueName":"search_term_string"}}],"inLanguage":"sv-SE"},{"@type":"Organization","@id":"https:\/\/pellervo.fi\/#organization","name":"Osuustoimintakeskus Pellervo ry","url":"https:\/\/pellervo.fi\/","logo":{"@type":"ImageObject","inLanguage":"sv-SE","@id":"https:\/\/pellervo.fi\/#\/schema\/logo\/image\/","url":"https:\/\/pellervo.fi\/wp-content\/uploads\/2020\/05\/Pellervo_logo.png","contentUrl":"https:\/\/pellervo.fi\/wp-content\/uploads\/2020\/05\/Pellervo_logo.png","width":1335,"height":376,"caption":"Osuustoimintakeskus Pellervo ry"},"image":{"@id":"https:\/\/pellervo.fi\/#\/schema\/logo\/image\/"},"sameAs":["https:\/\/x.com\/PellervoFi"]},{"@type":"Person","@id":"https:\/\/pellervo.fi\/#\/schema\/person\/4b74d40956937d1367ade81899997e71","name":"pellervo","image":{"@type":"ImageObject","inLanguage":"sv-SE","@id":"https:\/\/pellervo.fi\/wp-content\/uploads\/2013\/11\/pellervo_avatar_1384522134-96x96.jpg","url":"https:\/\/pellervo.fi\/wp-content\/uploads\/2013\/11\/pellervo_avatar_1384522134-96x96.jpg","contentUrl":"https:\/\/pellervo.fi\/wp-content\/uploads\/2013\/11\/pellervo_avatar_1384522134-96x96.jpg","caption":"pellervo"},"description":"Kuvaus","url":"https:\/\/pellervo.fi\/sv\/author\/pellervo\/"}]}},"_links":{"self":[{"href":"https:\/\/pellervo.fi\/sv\/wp-json\/wp\/v2\/posts\/475657","targetHints":{"allow":["GET"]}}],"collection":[{"href":"https:\/\/pellervo.fi\/sv\/wp-json\/wp\/v2\/posts"}],"about":[{"href":"https:\/\/pellervo.fi\/sv\/wp-json\/wp\/v2\/types\/post"}],"author":[{"embeddable":true,"href":"https:\/\/pellervo.fi\/sv\/wp-json\/wp\/v2\/users\/5"}],"replies":[{"embeddable":true,"href":"https:\/\/pellervo.fi\/sv\/wp-json\/wp\/v2\/comments?post=475657"}],"version-history":[{"count":1,"href":"https:\/\/pellervo.fi\/sv\/wp-json\/wp\/v2\/posts\/475657\/revisions"}],"predecessor-version":[{"id":475658,"href":"https:\/\/pellervo.fi\/sv\/wp-json\/wp\/v2\/posts\/475657\/revisions\/475658"}],"wp:featuredmedia":[{"embeddable":true,"href":"https:\/\/pellervo.fi\/sv\/wp-json\/wp\/v2\/media\/475752"}],"wp:attachment":[{"href":"https:\/\/pellervo.fi\/sv\/wp-json\/wp\/v2\/media?parent=475657"}],"wp:term":[{"taxonomy":"category","embeddable":true,"href":"https:\/\/pellervo.fi\/sv\/wp-json\/wp\/v2\/categories?post=475657"},{"taxonomy":"post_tag","embeddable":true,"href":"https:\/\/pellervo.fi\/sv\/wp-json\/wp\/v2\/tags?post=475657"}],"curies":[{"name":"wp","href":"https:\/\/api.w.org\/{rel}","templated":true}]}}