{"id":4783,"date":"2014-10-06T13:40:37","date_gmt":"2014-10-06T10:40:37","guid":{"rendered":"http:\/\/pellervo.fi\/?p=4783"},"modified":"2014-10-06T13:40:37","modified_gmt":"2014-10-06T10:40:37","slug":"annikka-hurmeesta-valion-uusi-toimitusjohtaja","status":"publish","type":"post","link":"https:\/\/pellervo.fi\/sv\/uutiset\/2014\/10\/06\/annikka-hurmeesta-valion-uusi-toimitusjohtaja\/","title":{"rendered":"Annikka Hurmeesta Valion uusi toimitusjohtaja"},"content":{"rendered":"<div id=\"widget_0b3b492a-9fe7-42d7-95c0-4b2a5de3b135\" class=\"ingress omnesMedium\" style=\"color: #3b3938;\" data-renderingtime=\"6.10.2014 13:32:26\">\n<p><strong>Valion hallitus on nimitt\u00e4nyt Valio Oy:n toimitusjohtajaksi Valion johtoryhm\u00e4n j\u00e4senen Annikka Hurmeen 6.10.2014 alkaen.\u00a0<\/strong><\/p>\n<p>Annikka Hurme on ty\u00f6skennellyt Valiossa eri teht\u00e4viss\u00e4 vuodesta 1989 ja toiminut konsernin johtoryhm\u00e4n j\u00e4senen\u00e4 vuodesta 2004.<\/p>\n<p><strong>Hurmeella<\/strong>\u00a0on monipuolinen kokemus Valion liiketoimintojen tulosvastuullisesta johtamisesta. Konsernijohtoryhm\u00e4n vastuita on aika ajoin muutettu, mink\u00e4 johdosta Annikka Hurme on vastannut vuorollaan l\u00e4hes kaikista Valion liike- ja konsernitoiminnoista vuosien 2007 \u2013 2014 aikana.<\/p>\n<\/div>\n<p style=\"color: #6a6562;\">&#8211; Valion ja meijeritoimialan hyvin tunteva toimitusjohtaja pystyy parhaiten luotsaamaan Valiota t\u00e4ss\u00e4 haasteellisessa markkinatilanteessa, jossa Valiota koettelevat sek\u00e4 eurooppalainen matalasuhdanne ett\u00e4 Ven\u00e4j\u00e4n asettama tuontikielto, perustelee Valion hallituksen puheenjohtaja\u00a0<strong>Antti Rauhamaa<\/strong>.<\/p>\n<p style=\"color: #6a6562;\">Toimitusjohtaja Hurme painottaa, ett\u00e4 Valion on keskitytt\u00e4v\u00e4 vahvuuksiinsa eli asiakkaita ja kuluttajia kiinnostavien maukkaiden tuotteiden kehitt\u00e4miseen, valmistukseen ja myymiseen sek\u00e4 Suomessa ett\u00e4 tyt\u00e4ryhti\u00f6iss\u00e4, mik\u00e4 t\u00e4ss\u00e4 tilanteessa tarkoittaa Suomen ohella erityisesti Ruotsia, USA:ta ja Kiinaa.<\/p>\n<p style=\"color: #6a6562;\">&#8221;Valion vahvuutena ovat suomalaiset maidontuottajat omistajina, huippuluokan tuotekehitys ja henkil\u00f6st\u00f6n vastuullinen toimintatapa koko ketjussa tilalta kuluttajalle. Valion henkil\u00f6st\u00f6 on erinomaisesti sis\u00e4ist\u00e4nyt arvomme \u201dTeemme parasta\u201d vaikeinakin aikoina. Uskon, ett\u00e4 suomalaiset haluavat sy\u00f6d\u00e4 kotimaassa tuotettua ruokaa my\u00f6s tulevaisuudessa. Haluan my\u00f6s kiitt\u00e4\u00e4 kuluttajia, joiden luottamuksen Valio on s\u00e4ilytt\u00e4nyt huolimatta yhti\u00f6t\u00e4 kohdanneista kriiseist\u00e4&#8221;, toteaa toimitusjohtaja Hurme.<\/p>\n","protected":false},"excerpt":{"rendered":"<p>Valion hallitus on nimitt\u00e4nyt Valio Oy:n toimitusjohtajaksi Valion johtoryhm\u00e4n j\u00e4senen Annikka Hurmeen 6.10.2014 alkaen.<\/p>\n","protected":false},"author":5,"featured_media":4785,"comment_status":"open","ping_status":"open","sticky":false,"template":"","format":"standard","meta":{"inline_featured_image":false,"_monsterinsights_skip_tracking":false,"_monsterinsights_sitenote_active":false,"_monsterinsights_sitenote_note":"","_monsterinsights_sitenote_category":0,"site-sidebar-layout":"default","site-content-layout":"","ast-site-content-layout":"default","site-content-style":"default","site-sidebar-style":"default","ast-global-header-display":"","ast-banner-title-visibility":"","ast-main-header-display":"","ast-hfb-above-header-display":"","ast-hfb-below-header-display":"","ast-hfb-mobile-header-display":"","site-post-title":"","ast-breadcrumbs-content":"","ast-featured-img":"","footer-sml-layout":"","ast-disable-related-posts":"","theme-transparent-header-meta":"","adv-header-id-meta":"","stick-header-meta":"","header-above-stick-meta":"","header-main-stick-meta":"","header-below-stick-meta":"","astra-migrate-meta-layouts":"default","ast-page-background-enabled":"default","ast-page-background-meta":{"desktop":{"background-color":"","background-image":"","background-repeat":"repeat","background-position":"center center","background-size":"auto","background-attachment":"scroll","background-type":"","background-media":"","overlay-type":"","overlay-color":"","overlay-opacity":"","overlay-gradient":""},"tablet":{"background-color":"","background-image":"","background-repeat":"repeat","background-position":"center center","background-size":"auto","background-attachment":"scroll","background-type":"","background-media":"","overlay-type":"","overlay-color":"","overlay-opacity":"","overlay-gradient":""},"mobile":{"background-color":"","background-image":"","background-repeat":"repeat","background-position":"center center","background-size":"auto","background-attachment":"scroll","background-type":"","background-media":"","overlay-type":"","overlay-color":"","overlay-opacity":"","overlay-gradient":""}},"ast-content-background-meta":{"desktop":{"background-color":"var(--ast-global-color-5)","background-image":"","background-repeat":"repeat","background-position":"center center","background-size":"auto","background-attachment":"scroll","background-type":"","background-media":"","overlay-type":"","overlay-color":"","overlay-opacity":"","overlay-gradient":""},"tablet":{"background-color":"var(--ast-global-color-5)","background-image":"","background-repeat":"repeat","background-position":"center center","background-size":"auto","background-attachment":"scroll","background-type":"","background-media":"","overlay-type":"","overlay-color":"","overlay-opacity":"","overlay-gradient":""},"mobile":{"background-color":"var(--ast-global-color-5)","background-image":"","background-repeat":"repeat","background-position":"center center","background-size":"auto","background-attachment":"scroll","background-type":"","background-media":"","overlay-type":"","overlay-color":"","overlay-opacity":"","overlay-gradient":""}},"_FSMCFIC_featured_image_caption":"","_FSMCFIC_featured_image_nocaption":"","_FSMCFIC_featured_image_hide":"","footnotes":""},"categories":[22],"tags":[],"class_list":["post-4783","post","type-post","status-publish","format-standard","has-post-thumbnail","hentry","category-uutiset"],"yoast_head":"<!-- This site is optimized with the Yoast SEO plugin v27.5 - https:\/\/yoast.com\/product\/yoast-seo-wordpress\/ -->\n<title>Annikka Hurmeesta Valion uusi toimitusjohtaja - Pellervo<\/title>\n<meta name=\"robots\" content=\"index, follow, max-snippet:-1, max-image-preview:large, max-video-preview:-1\" \/>\n<link rel=\"canonical\" href=\"https:\/\/pellervo.fi\/uutiset\/2014\/10\/06\/annikka-hurmeesta-valion-uusi-toimitusjohtaja\/\" \/>\n<meta property=\"og:locale\" content=\"sv_SE\" \/>\n<meta property=\"og:type\" content=\"article\" \/>\n<meta property=\"og:title\" content=\"Annikka Hurmeesta Valion uusi toimitusjohtaja - Pellervo\" \/>\n<meta property=\"og:description\" content=\"Valion hallitus on nimitt\u00e4nyt Valio Oy:n toimitusjohtajaksi Valion johtoryhm\u00e4n j\u00e4senen Annikka Hurmeen 6.10.2014 alkaen.\" \/>\n<meta property=\"og:url\" content=\"https:\/\/pellervo.fi\/uutiset\/2014\/10\/06\/annikka-hurmeesta-valion-uusi-toimitusjohtaja\/\" \/>\n<meta property=\"og:site_name\" content=\"Pellervo\" \/>\n<meta property=\"article:published_time\" content=\"2014-10-06T10:40:37+00:00\" \/>\n<meta property=\"og:image\" content=\"https:\/\/pellervo.fi\/wp-content\/uploads\/2014\/10\/annikka-hurme.jpg\" \/>\n\t<meta property=\"og:image:width\" content=\"610\" \/>\n\t<meta property=\"og:image:height\" content=\"360\" \/>\n\t<meta property=\"og:image:type\" content=\"image\/jpeg\" \/>\n<meta name=\"author\" content=\"pellervo\" \/>\n<meta name=\"twitter:card\" content=\"summary_large_image\" \/>\n<meta name=\"twitter:creator\" content=\"@PellervoFi\" \/>\n<meta name=\"twitter:site\" content=\"@PellervoFi\" \/>\n<meta name=\"twitter:label1\" content=\"Skriven av\" \/>\n\t<meta name=\"twitter:data1\" content=\"pellervo\" \/>\n\t<meta name=\"twitter:label2\" content=\"Ber\u00e4knad l\u00e4stid\" \/>\n\t<meta name=\"twitter:data2\" content=\"1 minut\" \/>\n<script type=\"application\/ld+json\" class=\"yoast-schema-graph\">{\"@context\":\"https:\\\/\\\/schema.org\",\"@graph\":[{\"@type\":\"Article\",\"@id\":\"https:\\\/\\\/pellervo.fi\\\/uutiset\\\/2014\\\/10\\\/06\\\/annikka-hurmeesta-valion-uusi-toimitusjohtaja\\\/#article\",\"isPartOf\":{\"@id\":\"https:\\\/\\\/pellervo.fi\\\/uutiset\\\/2014\\\/10\\\/06\\\/annikka-hurmeesta-valion-uusi-toimitusjohtaja\\\/\"},\"author\":{\"name\":\"pellervo\",\"@id\":\"https:\\\/\\\/pellervo.fi\\\/#\\\/schema\\\/person\\\/4b74d40956937d1367ade81899997e71\"},\"headline\":\"Annikka Hurmeesta Valion uusi toimitusjohtaja\",\"datePublished\":\"2014-10-06T10:40:37+00:00\",\"mainEntityOfPage\":{\"@id\":\"https:\\\/\\\/pellervo.fi\\\/uutiset\\\/2014\\\/10\\\/06\\\/annikka-hurmeesta-valion-uusi-toimitusjohtaja\\\/\"},\"wordCount\":207,\"commentCount\":0,\"publisher\":{\"@id\":\"https:\\\/\\\/pellervo.fi\\\/#organization\"},\"image\":{\"@id\":\"https:\\\/\\\/pellervo.fi\\\/uutiset\\\/2014\\\/10\\\/06\\\/annikka-hurmeesta-valion-uusi-toimitusjohtaja\\\/#primaryimage\"},\"thumbnailUrl\":\"https:\\\/\\\/pellervo.fi\\\/wp-content\\\/uploads\\\/2014\\\/10\\\/annikka-hurme.jpg\",\"articleSection\":[\"Uutiset\"],\"inLanguage\":\"sv-SE\",\"potentialAction\":[{\"@type\":\"CommentAction\",\"name\":\"Comment\",\"target\":[\"https:\\\/\\\/pellervo.fi\\\/uutiset\\\/2014\\\/10\\\/06\\\/annikka-hurmeesta-valion-uusi-toimitusjohtaja\\\/#respond\"]}]},{\"@type\":\"WebPage\",\"@id\":\"https:\\\/\\\/pellervo.fi\\\/uutiset\\\/2014\\\/10\\\/06\\\/annikka-hurmeesta-valion-uusi-toimitusjohtaja\\\/\",\"url\":\"https:\\\/\\\/pellervo.fi\\\/uutiset\\\/2014\\\/10\\\/06\\\/annikka-hurmeesta-valion-uusi-toimitusjohtaja\\\/\",\"name\":\"Annikka Hurmeesta Valion uusi toimitusjohtaja - Pellervo\",\"isPartOf\":{\"@id\":\"https:\\\/\\\/pellervo.fi\\\/#website\"},\"primaryImageOfPage\":{\"@id\":\"https:\\\/\\\/pellervo.fi\\\/uutiset\\\/2014\\\/10\\\/06\\\/annikka-hurmeesta-valion-uusi-toimitusjohtaja\\\/#primaryimage\"},\"image\":{\"@id\":\"https:\\\/\\\/pellervo.fi\\\/uutiset\\\/2014\\\/10\\\/06\\\/annikka-hurmeesta-valion-uusi-toimitusjohtaja\\\/#primaryimage\"},\"thumbnailUrl\":\"https:\\\/\\\/pellervo.fi\\\/wp-content\\\/uploads\\\/2014\\\/10\\\/annikka-hurme.jpg\",\"datePublished\":\"2014-10-06T10:40:37+00:00\",\"breadcrumb\":{\"@id\":\"https:\\\/\\\/pellervo.fi\\\/uutiset\\\/2014\\\/10\\\/06\\\/annikka-hurmeesta-valion-uusi-toimitusjohtaja\\\/#breadcrumb\"},\"inLanguage\":\"sv-SE\",\"potentialAction\":[{\"@type\":\"ReadAction\",\"target\":[\"https:\\\/\\\/pellervo.fi\\\/uutiset\\\/2014\\\/10\\\/06\\\/annikka-hurmeesta-valion-uusi-toimitusjohtaja\\\/\"]}]},{\"@type\":\"ImageObject\",\"inLanguage\":\"sv-SE\",\"@id\":\"https:\\\/\\\/pellervo.fi\\\/uutiset\\\/2014\\\/10\\\/06\\\/annikka-hurmeesta-valion-uusi-toimitusjohtaja\\\/#primaryimage\",\"url\":\"https:\\\/\\\/pellervo.fi\\\/wp-content\\\/uploads\\\/2014\\\/10\\\/annikka-hurme.jpg\",\"contentUrl\":\"https:\\\/\\\/pellervo.fi\\\/wp-content\\\/uploads\\\/2014\\\/10\\\/annikka-hurme.jpg\",\"width\":610,\"height\":360},{\"@type\":\"BreadcrumbList\",\"@id\":\"https:\\\/\\\/pellervo.fi\\\/uutiset\\\/2014\\\/10\\\/06\\\/annikka-hurmeesta-valion-uusi-toimitusjohtaja\\\/#breadcrumb\",\"itemListElement\":[{\"@type\":\"ListItem\",\"position\":1,\"name\":\"Koti\",\"item\":\"https:\\\/\\\/pellervo.fi\\\/sv\\\/\"},{\"@type\":\"ListItem\",\"position\":2,\"name\":\"Annikka Hurmeesta Valion uusi toimitusjohtaja\"}]},{\"@type\":\"WebSite\",\"@id\":\"https:\\\/\\\/pellervo.fi\\\/#website\",\"url\":\"https:\\\/\\\/pellervo.fi\\\/\",\"name\":\"Pellervo\",\"description\":\"Osuuskuntien keskusj\u00e4rjest\u00f6\",\"publisher\":{\"@id\":\"https:\\\/\\\/pellervo.fi\\\/#organization\"},\"potentialAction\":[{\"@type\":\"SearchAction\",\"target\":{\"@type\":\"EntryPoint\",\"urlTemplate\":\"https:\\\/\\\/pellervo.fi\\\/?s={search_term_string}\"},\"query-input\":{\"@type\":\"PropertyValueSpecification\",\"valueRequired\":true,\"valueName\":\"search_term_string\"}}],\"inLanguage\":\"sv-SE\"},{\"@type\":\"Organization\",\"@id\":\"https:\\\/\\\/pellervo.fi\\\/#organization\",\"name\":\"Osuustoimintakeskus Pellervo ry\",\"url\":\"https:\\\/\\\/pellervo.fi\\\/\",\"logo\":{\"@type\":\"ImageObject\",\"inLanguage\":\"sv-SE\",\"@id\":\"https:\\\/\\\/pellervo.fi\\\/#\\\/schema\\\/logo\\\/image\\\/\",\"url\":\"https:\\\/\\\/pellervo.fi\\\/wp-content\\\/uploads\\\/2020\\\/05\\\/Pellervo_logo.png\",\"contentUrl\":\"https:\\\/\\\/pellervo.fi\\\/wp-content\\\/uploads\\\/2020\\\/05\\\/Pellervo_logo.png\",\"width\":1335,\"height\":376,\"caption\":\"Osuustoimintakeskus Pellervo ry\"},\"image\":{\"@id\":\"https:\\\/\\\/pellervo.fi\\\/#\\\/schema\\\/logo\\\/image\\\/\"},\"sameAs\":[\"https:\\\/\\\/x.com\\\/PellervoFi\"]},{\"@type\":\"Person\",\"@id\":\"https:\\\/\\\/pellervo.fi\\\/#\\\/schema\\\/person\\\/4b74d40956937d1367ade81899997e71\",\"name\":\"pellervo\",\"image\":{\"@type\":\"ImageObject\",\"inLanguage\":\"sv-SE\",\"@id\":\"https:\\\/\\\/pellervo.fi\\\/wp-content\\\/uploads\\\/2013\\\/11\\\/pellervo_avatar_1384522134-96x96.jpg\",\"url\":\"https:\\\/\\\/pellervo.fi\\\/wp-content\\\/uploads\\\/2013\\\/11\\\/pellervo_avatar_1384522134-96x96.jpg\",\"contentUrl\":\"https:\\\/\\\/pellervo.fi\\\/wp-content\\\/uploads\\\/2013\\\/11\\\/pellervo_avatar_1384522134-96x96.jpg\",\"caption\":\"pellervo\"},\"description\":\"Kuvaus\",\"url\":\"https:\\\/\\\/pellervo.fi\\\/sv\\\/author\\\/pellervo\\\/\"}]}<\/script>\n<!-- \/ Yoast SEO plugin. -->","yoast_head_json":{"title":"Annikka Hurmeesta Valion uusi toimitusjohtaja - Pellervo","robots":{"index":"index","follow":"follow","max-snippet":"max-snippet:-1","max-image-preview":"max-image-preview:large","max-video-preview":"max-video-preview:-1"},"canonical":"https:\/\/pellervo.fi\/uutiset\/2014\/10\/06\/annikka-hurmeesta-valion-uusi-toimitusjohtaja\/","og_locale":"sv_SE","og_type":"article","og_title":"Annikka Hurmeesta Valion uusi toimitusjohtaja - Pellervo","og_description":"Valion hallitus on nimitt\u00e4nyt Valio Oy:n toimitusjohtajaksi Valion johtoryhm\u00e4n j\u00e4senen Annikka Hurmeen 6.10.2014 alkaen.","og_url":"https:\/\/pellervo.fi\/uutiset\/2014\/10\/06\/annikka-hurmeesta-valion-uusi-toimitusjohtaja\/","og_site_name":"Pellervo","article_published_time":"2014-10-06T10:40:37+00:00","og_image":[{"width":610,"height":360,"url":"https:\/\/pellervo.fi\/wp-content\/uploads\/2014\/10\/annikka-hurme.jpg","type":"image\/jpeg"}],"author":"pellervo","twitter_card":"summary_large_image","twitter_creator":"@PellervoFi","twitter_site":"@PellervoFi","twitter_misc":{"Skriven av":"pellervo","Ber\u00e4knad l\u00e4stid":"1 minut"},"schema":{"@context":"https:\/\/schema.org","@graph":[{"@type":"Article","@id":"https:\/\/pellervo.fi\/uutiset\/2014\/10\/06\/annikka-hurmeesta-valion-uusi-toimitusjohtaja\/#article","isPartOf":{"@id":"https:\/\/pellervo.fi\/uutiset\/2014\/10\/06\/annikka-hurmeesta-valion-uusi-toimitusjohtaja\/"},"author":{"name":"pellervo","@id":"https:\/\/pellervo.fi\/#\/schema\/person\/4b74d40956937d1367ade81899997e71"},"headline":"Annikka Hurmeesta Valion uusi toimitusjohtaja","datePublished":"2014-10-06T10:40:37+00:00","mainEntityOfPage":{"@id":"https:\/\/pellervo.fi\/uutiset\/2014\/10\/06\/annikka-hurmeesta-valion-uusi-toimitusjohtaja\/"},"wordCount":207,"commentCount":0,"publisher":{"@id":"https:\/\/pellervo.fi\/#organization"},"image":{"@id":"https:\/\/pellervo.fi\/uutiset\/2014\/10\/06\/annikka-hurmeesta-valion-uusi-toimitusjohtaja\/#primaryimage"},"thumbnailUrl":"https:\/\/pellervo.fi\/wp-content\/uploads\/2014\/10\/annikka-hurme.jpg","articleSection":["Uutiset"],"inLanguage":"sv-SE","potentialAction":[{"@type":"CommentAction","name":"Comment","target":["https:\/\/pellervo.fi\/uutiset\/2014\/10\/06\/annikka-hurmeesta-valion-uusi-toimitusjohtaja\/#respond"]}]},{"@type":"WebPage","@id":"https:\/\/pellervo.fi\/uutiset\/2014\/10\/06\/annikka-hurmeesta-valion-uusi-toimitusjohtaja\/","url":"https:\/\/pellervo.fi\/uutiset\/2014\/10\/06\/annikka-hurmeesta-valion-uusi-toimitusjohtaja\/","name":"Annikka Hurmeesta Valion uusi toimitusjohtaja - Pellervo","isPartOf":{"@id":"https:\/\/pellervo.fi\/#website"},"primaryImageOfPage":{"@id":"https:\/\/pellervo.fi\/uutiset\/2014\/10\/06\/annikka-hurmeesta-valion-uusi-toimitusjohtaja\/#primaryimage"},"image":{"@id":"https:\/\/pellervo.fi\/uutiset\/2014\/10\/06\/annikka-hurmeesta-valion-uusi-toimitusjohtaja\/#primaryimage"},"thumbnailUrl":"https:\/\/pellervo.fi\/wp-content\/uploads\/2014\/10\/annikka-hurme.jpg","datePublished":"2014-10-06T10:40:37+00:00","breadcrumb":{"@id":"https:\/\/pellervo.fi\/uutiset\/2014\/10\/06\/annikka-hurmeesta-valion-uusi-toimitusjohtaja\/#breadcrumb"},"inLanguage":"sv-SE","potentialAction":[{"@type":"ReadAction","target":["https:\/\/pellervo.fi\/uutiset\/2014\/10\/06\/annikka-hurmeesta-valion-uusi-toimitusjohtaja\/"]}]},{"@type":"ImageObject","inLanguage":"sv-SE","@id":"https:\/\/pellervo.fi\/uutiset\/2014\/10\/06\/annikka-hurmeesta-valion-uusi-toimitusjohtaja\/#primaryimage","url":"https:\/\/pellervo.fi\/wp-content\/uploads\/2014\/10\/annikka-hurme.jpg","contentUrl":"https:\/\/pellervo.fi\/wp-content\/uploads\/2014\/10\/annikka-hurme.jpg","width":610,"height":360},{"@type":"BreadcrumbList","@id":"https:\/\/pellervo.fi\/uutiset\/2014\/10\/06\/annikka-hurmeesta-valion-uusi-toimitusjohtaja\/#breadcrumb","itemListElement":[{"@type":"ListItem","position":1,"name":"Koti","item":"https:\/\/pellervo.fi\/sv\/"},{"@type":"ListItem","position":2,"name":"Annikka Hurmeesta Valion uusi toimitusjohtaja"}]},{"@type":"WebSite","@id":"https:\/\/pellervo.fi\/#website","url":"https:\/\/pellervo.fi\/","name":"Pellervo","description":"Osuuskuntien keskusj\u00e4rjest\u00f6","publisher":{"@id":"https:\/\/pellervo.fi\/#organization"},"potentialAction":[{"@type":"SearchAction","target":{"@type":"EntryPoint","urlTemplate":"https:\/\/pellervo.fi\/?s={search_term_string}"},"query-input":{"@type":"PropertyValueSpecification","valueRequired":true,"valueName":"search_term_string"}}],"inLanguage":"sv-SE"},{"@type":"Organization","@id":"https:\/\/pellervo.fi\/#organization","name":"Osuustoimintakeskus Pellervo ry","url":"https:\/\/pellervo.fi\/","logo":{"@type":"ImageObject","inLanguage":"sv-SE","@id":"https:\/\/pellervo.fi\/#\/schema\/logo\/image\/","url":"https:\/\/pellervo.fi\/wp-content\/uploads\/2020\/05\/Pellervo_logo.png","contentUrl":"https:\/\/pellervo.fi\/wp-content\/uploads\/2020\/05\/Pellervo_logo.png","width":1335,"height":376,"caption":"Osuustoimintakeskus Pellervo ry"},"image":{"@id":"https:\/\/pellervo.fi\/#\/schema\/logo\/image\/"},"sameAs":["https:\/\/x.com\/PellervoFi"]},{"@type":"Person","@id":"https:\/\/pellervo.fi\/#\/schema\/person\/4b74d40956937d1367ade81899997e71","name":"pellervo","image":{"@type":"ImageObject","inLanguage":"sv-SE","@id":"https:\/\/pellervo.fi\/wp-content\/uploads\/2013\/11\/pellervo_avatar_1384522134-96x96.jpg","url":"https:\/\/pellervo.fi\/wp-content\/uploads\/2013\/11\/pellervo_avatar_1384522134-96x96.jpg","contentUrl":"https:\/\/pellervo.fi\/wp-content\/uploads\/2013\/11\/pellervo_avatar_1384522134-96x96.jpg","caption":"pellervo"},"description":"Kuvaus","url":"https:\/\/pellervo.fi\/sv\/author\/pellervo\/"}]}},"_links":{"self":[{"href":"https:\/\/pellervo.fi\/sv\/wp-json\/wp\/v2\/posts\/4783","targetHints":{"allow":["GET"]}}],"collection":[{"href":"https:\/\/pellervo.fi\/sv\/wp-json\/wp\/v2\/posts"}],"about":[{"href":"https:\/\/pellervo.fi\/sv\/wp-json\/wp\/v2\/types\/post"}],"author":[{"embeddable":true,"href":"https:\/\/pellervo.fi\/sv\/wp-json\/wp\/v2\/users\/5"}],"replies":[{"embeddable":true,"href":"https:\/\/pellervo.fi\/sv\/wp-json\/wp\/v2\/comments?post=4783"}],"version-history":[{"count":0,"href":"https:\/\/pellervo.fi\/sv\/wp-json\/wp\/v2\/posts\/4783\/revisions"}],"wp:featuredmedia":[{"embeddable":true,"href":"https:\/\/pellervo.fi\/sv\/wp-json\/wp\/v2\/media\/4785"}],"wp:attachment":[{"href":"https:\/\/pellervo.fi\/sv\/wp-json\/wp\/v2\/media?parent=4783"}],"wp:term":[{"taxonomy":"category","embeddable":true,"href":"https:\/\/pellervo.fi\/sv\/wp-json\/wp\/v2\/categories?post=4783"},{"taxonomy":"post_tag","embeddable":true,"href":"https:\/\/pellervo.fi\/sv\/wp-json\/wp\/v2\/tags?post=4783"}],"curies":[{"name":"wp","href":"https:\/\/api.w.org\/{rel}","templated":true}]}}