{"id":4834,"date":"2014-10-17T12:55:40","date_gmt":"2014-10-17T09:55:40","guid":{"rendered":"http:\/\/pellervo.fi\/?p=4834"},"modified":"2014-10-17T12:59:47","modified_gmt":"2014-10-17T09:59:47","slug":"kauppaneuvos-arto-arvosen-muistelmat-julkaistiin","status":"publish","type":"post","link":"https:\/\/pellervo.fi\/sv\/uutiset\/2014\/10\/17\/kauppaneuvos-arto-arvosen-muistelmat-julkaistiin\/","title":{"rendered":"Kauppaneuvos Arto Arvosen muistelmat julkaistiin"},"content":{"rendered":"<p>Kauppaneuvos <strong>Arto Arvosen<\/strong> uramuistelmat julkaistiin\u00a0 Helsingiss\u00e4 \u00c4ss\u00e4keskuksessa S-ryhm\u00e4n Johtajaveteraanit ry:n 60-vuotisjuhlassa.<\/p>\n<p><em>Kauppaneuvoksen k\u00e4denj\u00e4lki \u2013 Arto Arvosen uramuistelmat S-ryhm\u00e4n vuosilta 1966-2004<\/em> \u2013kirja luotaa n\u00e4k\u00f6kulmia osuuskauppajohtajan vastuulliseen ja haasteelliseen ty\u00f6h\u00f6n 1970-2000-luvuilla.<\/p>\n<p>Teos keskittyy p\u00e4\u00e4osin Arvosen toimitusjohtajakauteen Salon Seudun Osuuskaupan toimitusjohtajana. Omat lukunsa ovat saaneet my\u00f6s h\u00e4nen lapsuus- ja nuoruusvaiheensa, samoin SSO:n toimitusjohtajuutta pohjustaneet oppivuodet Jollas Instituutissa, Suomen Osuuskauppojen Keskuskunnassa SOK:ssa sek\u00e4 Someron Osuuskaupassa. Kirjassa paneudutaan niin ik\u00e4\u00e4n Arvosen keskeisiin luottamusteht\u00e4viin SOK:n hallintoteht\u00e4viss\u00e4 kriisin ja menestyksen vuosina.<\/p>\n<p>Kirjan pohjautuu pitk\u00e4lti\u00a0Arto Arvosen omiin muistelmat. Lis\u00e4\u00e4 syvyytt\u00e4 Arvosen henkil\u00f6historiaan antavat kirjan toimittaneen <strong>Kristiina Tammitien<\/strong> tekem\u00e4t kollegojen, alaisten, yst\u00e4vien ja ty\u00f6tovereiden haastattelut.<\/p>\n<p>Kirjaa on tilattavissa Osuuskaupparyhm\u00e4n Muistelmayhdistyksen asiamies Arto Arvoselta 30 euron kappalehintaan toimituskuluineen. Tilausosoite on <span style=\"text-decoration: underline;\">arto@arvonen.name<\/span> .  <\/p>\n","protected":false},"excerpt":{"rendered":"<p>Kauppaneuvos Arto Arvosen uramuistelmat julkaistiin  Helsingiss\u00e4 \u00c4ss\u00e4keskuksessa S-ryhm\u00e4n Johtajaveteraanit ry:n 60-vuotisjuhlassa. Teos keskittyy p\u00e4\u00e4osin Arvosen toimitusjohtajakauteen Salon Seudun Osuuskaupan toimitusjohtajana.<\/p>\n","protected":false},"author":5,"featured_media":0,"comment_status":"open","ping_status":"open","sticky":false,"template":"","format":"standard","meta":{"inline_featured_image":false,"_monsterinsights_skip_tracking":false,"_monsterinsights_sitenote_active":false,"_monsterinsights_sitenote_note":"","_monsterinsights_sitenote_category":0,"site-sidebar-layout":"default","site-content-layout":"","ast-site-content-layout":"default","site-content-style":"default","site-sidebar-style":"default","ast-global-header-display":"","ast-banner-title-visibility":"","ast-main-header-display":"","ast-hfb-above-header-display":"","ast-hfb-below-header-display":"","ast-hfb-mobile-header-display":"","site-post-title":"","ast-breadcrumbs-content":"","ast-featured-img":"","footer-sml-layout":"","ast-disable-related-posts":"","theme-transparent-header-meta":"","adv-header-id-meta":"","stick-header-meta":"","header-above-stick-meta":"","header-main-stick-meta":"","header-below-stick-meta":"","astra-migrate-meta-layouts":"default","ast-page-background-enabled":"default","ast-page-background-meta":{"desktop":{"background-color":"","background-image":"","background-repeat":"repeat","background-position":"center center","background-size":"auto","background-attachment":"scroll","background-type":"","background-media":"","overlay-type":"","overlay-color":"","overlay-opacity":"","overlay-gradient":""},"tablet":{"background-color":"","background-image":"","background-repeat":"repeat","background-position":"center center","background-size":"auto","background-attachment":"scroll","background-type":"","background-media":"","overlay-type":"","overlay-color":"","overlay-opacity":"","overlay-gradient":""},"mobile":{"background-color":"","background-image":"","background-repeat":"repeat","background-position":"center center","background-size":"auto","background-attachment":"scroll","background-type":"","background-media":"","overlay-type":"","overlay-color":"","overlay-opacity":"","overlay-gradient":""}},"ast-content-background-meta":{"desktop":{"background-color":"var(--ast-global-color-5)","background-image":"","background-repeat":"repeat","background-position":"center center","background-size":"auto","background-attachment":"scroll","background-type":"","background-media":"","overlay-type":"","overlay-color":"","overlay-opacity":"","overlay-gradient":""},"tablet":{"background-color":"var(--ast-global-color-5)","background-image":"","background-repeat":"repeat","background-position":"center center","background-size":"auto","background-attachment":"scroll","background-type":"","background-media":"","overlay-type":"","overlay-color":"","overlay-opacity":"","overlay-gradient":""},"mobile":{"background-color":"var(--ast-global-color-5)","background-image":"","background-repeat":"repeat","background-position":"center center","background-size":"auto","background-attachment":"scroll","background-type":"","background-media":"","overlay-type":"","overlay-color":"","overlay-opacity":"","overlay-gradient":""}},"_FSMCFIC_featured_image_caption":"","_FSMCFIC_featured_image_nocaption":"","_FSMCFIC_featured_image_hide":"","footnotes":""},"categories":[22],"tags":[],"class_list":["post-4834","post","type-post","status-publish","format-standard","hentry","category-uutiset"],"yoast_head":"<!-- This site is optimized with the Yoast SEO plugin v27.5 - https:\/\/yoast.com\/product\/yoast-seo-wordpress\/ -->\n<title>Kauppaneuvos Arto Arvosen muistelmat julkaistiin - Pellervo<\/title>\n<meta name=\"robots\" content=\"index, follow, max-snippet:-1, max-image-preview:large, max-video-preview:-1\" \/>\n<link rel=\"canonical\" href=\"https:\/\/pellervo.fi\/uutiset\/2014\/10\/17\/kauppaneuvos-arto-arvosen-muistelmat-julkaistiin\/\" \/>\n<meta property=\"og:locale\" content=\"sv_SE\" \/>\n<meta property=\"og:type\" content=\"article\" \/>\n<meta property=\"og:title\" content=\"Kauppaneuvos Arto Arvosen muistelmat julkaistiin - Pellervo\" \/>\n<meta property=\"og:description\" content=\"Kauppaneuvos Arto Arvosen uramuistelmat julkaistiin Helsingiss\u00e4 \u00c4ss\u00e4keskuksessa S-ryhm\u00e4n Johtajaveteraanit ry:n 60-vuotisjuhlassa. Teos keskittyy p\u00e4\u00e4osin Arvosen toimitusjohtajakauteen Salon Seudun Osuuskaupan toimitusjohtajana.\" \/>\n<meta property=\"og:url\" content=\"https:\/\/pellervo.fi\/uutiset\/2014\/10\/17\/kauppaneuvos-arto-arvosen-muistelmat-julkaistiin\/\" \/>\n<meta property=\"og:site_name\" content=\"Pellervo\" \/>\n<meta property=\"article:published_time\" content=\"2014-10-17T09:55:40+00:00\" \/>\n<meta property=\"article:modified_time\" content=\"2014-10-17T09:59:47+00:00\" \/>\n<meta property=\"og:image\" content=\"https:\/\/pellervo.fi\/wp-content\/uploads\/2020\/04\/pallo2020.jpg\" \/>\n\t<meta property=\"og:image:width\" content=\"850\" \/>\n\t<meta property=\"og:image:height\" content=\"560\" \/>\n\t<meta property=\"og:image:type\" content=\"image\/jpeg\" \/>\n<meta name=\"author\" content=\"pellervo\" \/>\n<meta name=\"twitter:card\" content=\"summary_large_image\" \/>\n<meta name=\"twitter:creator\" content=\"@PellervoFi\" \/>\n<meta name=\"twitter:site\" content=\"@PellervoFi\" \/>\n<meta name=\"twitter:label1\" content=\"Skriven av\" \/>\n\t<meta name=\"twitter:data1\" content=\"pellervo\" \/>\n\t<meta name=\"twitter:label2\" content=\"Ber\u00e4knad l\u00e4stid\" \/>\n\t<meta name=\"twitter:data2\" content=\"1 minut\" \/>\n<script type=\"application\/ld+json\" class=\"yoast-schema-graph\">{\"@context\":\"https:\\\/\\\/schema.org\",\"@graph\":[{\"@type\":\"Article\",\"@id\":\"https:\\\/\\\/pellervo.fi\\\/uutiset\\\/2014\\\/10\\\/17\\\/kauppaneuvos-arto-arvosen-muistelmat-julkaistiin\\\/#article\",\"isPartOf\":{\"@id\":\"https:\\\/\\\/pellervo.fi\\\/uutiset\\\/2014\\\/10\\\/17\\\/kauppaneuvos-arto-arvosen-muistelmat-julkaistiin\\\/\"},\"author\":{\"name\":\"pellervo\",\"@id\":\"https:\\\/\\\/pellervo.fi\\\/#\\\/schema\\\/person\\\/4b74d40956937d1367ade81899997e71\"},\"headline\":\"Kauppaneuvos Arto Arvosen muistelmat julkaistiin\",\"datePublished\":\"2014-10-17T09:55:40+00:00\",\"dateModified\":\"2014-10-17T09:59:47+00:00\",\"mainEntityOfPage\":{\"@id\":\"https:\\\/\\\/pellervo.fi\\\/uutiset\\\/2014\\\/10\\\/17\\\/kauppaneuvos-arto-arvosen-muistelmat-julkaistiin\\\/\"},\"wordCount\":143,\"commentCount\":0,\"publisher\":{\"@id\":\"https:\\\/\\\/pellervo.fi\\\/#organization\"},\"articleSection\":[\"Uutiset\"],\"inLanguage\":\"sv-SE\",\"potentialAction\":[{\"@type\":\"CommentAction\",\"name\":\"Comment\",\"target\":[\"https:\\\/\\\/pellervo.fi\\\/uutiset\\\/2014\\\/10\\\/17\\\/kauppaneuvos-arto-arvosen-muistelmat-julkaistiin\\\/#respond\"]}]},{\"@type\":\"WebPage\",\"@id\":\"https:\\\/\\\/pellervo.fi\\\/uutiset\\\/2014\\\/10\\\/17\\\/kauppaneuvos-arto-arvosen-muistelmat-julkaistiin\\\/\",\"url\":\"https:\\\/\\\/pellervo.fi\\\/uutiset\\\/2014\\\/10\\\/17\\\/kauppaneuvos-arto-arvosen-muistelmat-julkaistiin\\\/\",\"name\":\"Kauppaneuvos Arto Arvosen muistelmat julkaistiin - Pellervo\",\"isPartOf\":{\"@id\":\"https:\\\/\\\/pellervo.fi\\\/#website\"},\"datePublished\":\"2014-10-17T09:55:40+00:00\",\"dateModified\":\"2014-10-17T09:59:47+00:00\",\"breadcrumb\":{\"@id\":\"https:\\\/\\\/pellervo.fi\\\/uutiset\\\/2014\\\/10\\\/17\\\/kauppaneuvos-arto-arvosen-muistelmat-julkaistiin\\\/#breadcrumb\"},\"inLanguage\":\"sv-SE\",\"potentialAction\":[{\"@type\":\"ReadAction\",\"target\":[\"https:\\\/\\\/pellervo.fi\\\/uutiset\\\/2014\\\/10\\\/17\\\/kauppaneuvos-arto-arvosen-muistelmat-julkaistiin\\\/\"]}]},{\"@type\":\"BreadcrumbList\",\"@id\":\"https:\\\/\\\/pellervo.fi\\\/uutiset\\\/2014\\\/10\\\/17\\\/kauppaneuvos-arto-arvosen-muistelmat-julkaistiin\\\/#breadcrumb\",\"itemListElement\":[{\"@type\":\"ListItem\",\"position\":1,\"name\":\"Koti\",\"item\":\"https:\\\/\\\/pellervo.fi\\\/sv\\\/\"},{\"@type\":\"ListItem\",\"position\":2,\"name\":\"Kauppaneuvos Arto Arvosen muistelmat julkaistiin\"}]},{\"@type\":\"WebSite\",\"@id\":\"https:\\\/\\\/pellervo.fi\\\/#website\",\"url\":\"https:\\\/\\\/pellervo.fi\\\/\",\"name\":\"Pellervo\",\"description\":\"Osuuskuntien keskusj\u00e4rjest\u00f6\",\"publisher\":{\"@id\":\"https:\\\/\\\/pellervo.fi\\\/#organization\"},\"potentialAction\":[{\"@type\":\"SearchAction\",\"target\":{\"@type\":\"EntryPoint\",\"urlTemplate\":\"https:\\\/\\\/pellervo.fi\\\/?s={search_term_string}\"},\"query-input\":{\"@type\":\"PropertyValueSpecification\",\"valueRequired\":true,\"valueName\":\"search_term_string\"}}],\"inLanguage\":\"sv-SE\"},{\"@type\":\"Organization\",\"@id\":\"https:\\\/\\\/pellervo.fi\\\/#organization\",\"name\":\"Osuustoimintakeskus Pellervo ry\",\"url\":\"https:\\\/\\\/pellervo.fi\\\/\",\"logo\":{\"@type\":\"ImageObject\",\"inLanguage\":\"sv-SE\",\"@id\":\"https:\\\/\\\/pellervo.fi\\\/#\\\/schema\\\/logo\\\/image\\\/\",\"url\":\"https:\\\/\\\/pellervo.fi\\\/wp-content\\\/uploads\\\/2020\\\/05\\\/Pellervo_logo.png\",\"contentUrl\":\"https:\\\/\\\/pellervo.fi\\\/wp-content\\\/uploads\\\/2020\\\/05\\\/Pellervo_logo.png\",\"width\":1335,\"height\":376,\"caption\":\"Osuustoimintakeskus Pellervo ry\"},\"image\":{\"@id\":\"https:\\\/\\\/pellervo.fi\\\/#\\\/schema\\\/logo\\\/image\\\/\"},\"sameAs\":[\"https:\\\/\\\/x.com\\\/PellervoFi\"]},{\"@type\":\"Person\",\"@id\":\"https:\\\/\\\/pellervo.fi\\\/#\\\/schema\\\/person\\\/4b74d40956937d1367ade81899997e71\",\"name\":\"pellervo\",\"image\":{\"@type\":\"ImageObject\",\"inLanguage\":\"sv-SE\",\"@id\":\"https:\\\/\\\/pellervo.fi\\\/wp-content\\\/uploads\\\/2013\\\/11\\\/pellervo_avatar_1384522134-96x96.jpg\",\"url\":\"https:\\\/\\\/pellervo.fi\\\/wp-content\\\/uploads\\\/2013\\\/11\\\/pellervo_avatar_1384522134-96x96.jpg\",\"contentUrl\":\"https:\\\/\\\/pellervo.fi\\\/wp-content\\\/uploads\\\/2013\\\/11\\\/pellervo_avatar_1384522134-96x96.jpg\",\"caption\":\"pellervo\"},\"description\":\"Kuvaus\",\"url\":\"https:\\\/\\\/pellervo.fi\\\/sv\\\/author\\\/pellervo\\\/\"}]}<\/script>\n<!-- \/ Yoast SEO plugin. -->","yoast_head_json":{"title":"Kauppaneuvos Arto Arvosen muistelmat julkaistiin - Pellervo","robots":{"index":"index","follow":"follow","max-snippet":"max-snippet:-1","max-image-preview":"max-image-preview:large","max-video-preview":"max-video-preview:-1"},"canonical":"https:\/\/pellervo.fi\/uutiset\/2014\/10\/17\/kauppaneuvos-arto-arvosen-muistelmat-julkaistiin\/","og_locale":"sv_SE","og_type":"article","og_title":"Kauppaneuvos Arto Arvosen muistelmat julkaistiin - Pellervo","og_description":"Kauppaneuvos Arto Arvosen uramuistelmat julkaistiin Helsingiss\u00e4 \u00c4ss\u00e4keskuksessa S-ryhm\u00e4n Johtajaveteraanit ry:n 60-vuotisjuhlassa. Teos keskittyy p\u00e4\u00e4osin Arvosen toimitusjohtajakauteen Salon Seudun Osuuskaupan toimitusjohtajana.","og_url":"https:\/\/pellervo.fi\/uutiset\/2014\/10\/17\/kauppaneuvos-arto-arvosen-muistelmat-julkaistiin\/","og_site_name":"Pellervo","article_published_time":"2014-10-17T09:55:40+00:00","article_modified_time":"2014-10-17T09:59:47+00:00","og_image":[{"width":850,"height":560,"url":"https:\/\/pellervo.fi\/wp-content\/uploads\/2020\/04\/pallo2020.jpg","type":"image\/jpeg"}],"author":"pellervo","twitter_card":"summary_large_image","twitter_creator":"@PellervoFi","twitter_site":"@PellervoFi","twitter_misc":{"Skriven av":"pellervo","Ber\u00e4knad l\u00e4stid":"1 minut"},"schema":{"@context":"https:\/\/schema.org","@graph":[{"@type":"Article","@id":"https:\/\/pellervo.fi\/uutiset\/2014\/10\/17\/kauppaneuvos-arto-arvosen-muistelmat-julkaistiin\/#article","isPartOf":{"@id":"https:\/\/pellervo.fi\/uutiset\/2014\/10\/17\/kauppaneuvos-arto-arvosen-muistelmat-julkaistiin\/"},"author":{"name":"pellervo","@id":"https:\/\/pellervo.fi\/#\/schema\/person\/4b74d40956937d1367ade81899997e71"},"headline":"Kauppaneuvos Arto Arvosen muistelmat julkaistiin","datePublished":"2014-10-17T09:55:40+00:00","dateModified":"2014-10-17T09:59:47+00:00","mainEntityOfPage":{"@id":"https:\/\/pellervo.fi\/uutiset\/2014\/10\/17\/kauppaneuvos-arto-arvosen-muistelmat-julkaistiin\/"},"wordCount":143,"commentCount":0,"publisher":{"@id":"https:\/\/pellervo.fi\/#organization"},"articleSection":["Uutiset"],"inLanguage":"sv-SE","potentialAction":[{"@type":"CommentAction","name":"Comment","target":["https:\/\/pellervo.fi\/uutiset\/2014\/10\/17\/kauppaneuvos-arto-arvosen-muistelmat-julkaistiin\/#respond"]}]},{"@type":"WebPage","@id":"https:\/\/pellervo.fi\/uutiset\/2014\/10\/17\/kauppaneuvos-arto-arvosen-muistelmat-julkaistiin\/","url":"https:\/\/pellervo.fi\/uutiset\/2014\/10\/17\/kauppaneuvos-arto-arvosen-muistelmat-julkaistiin\/","name":"Kauppaneuvos Arto Arvosen muistelmat julkaistiin - Pellervo","isPartOf":{"@id":"https:\/\/pellervo.fi\/#website"},"datePublished":"2014-10-17T09:55:40+00:00","dateModified":"2014-10-17T09:59:47+00:00","breadcrumb":{"@id":"https:\/\/pellervo.fi\/uutiset\/2014\/10\/17\/kauppaneuvos-arto-arvosen-muistelmat-julkaistiin\/#breadcrumb"},"inLanguage":"sv-SE","potentialAction":[{"@type":"ReadAction","target":["https:\/\/pellervo.fi\/uutiset\/2014\/10\/17\/kauppaneuvos-arto-arvosen-muistelmat-julkaistiin\/"]}]},{"@type":"BreadcrumbList","@id":"https:\/\/pellervo.fi\/uutiset\/2014\/10\/17\/kauppaneuvos-arto-arvosen-muistelmat-julkaistiin\/#breadcrumb","itemListElement":[{"@type":"ListItem","position":1,"name":"Koti","item":"https:\/\/pellervo.fi\/sv\/"},{"@type":"ListItem","position":2,"name":"Kauppaneuvos Arto Arvosen muistelmat julkaistiin"}]},{"@type":"WebSite","@id":"https:\/\/pellervo.fi\/#website","url":"https:\/\/pellervo.fi\/","name":"Pellervo","description":"Osuuskuntien keskusj\u00e4rjest\u00f6","publisher":{"@id":"https:\/\/pellervo.fi\/#organization"},"potentialAction":[{"@type":"SearchAction","target":{"@type":"EntryPoint","urlTemplate":"https:\/\/pellervo.fi\/?s={search_term_string}"},"query-input":{"@type":"PropertyValueSpecification","valueRequired":true,"valueName":"search_term_string"}}],"inLanguage":"sv-SE"},{"@type":"Organization","@id":"https:\/\/pellervo.fi\/#organization","name":"Osuustoimintakeskus Pellervo ry","url":"https:\/\/pellervo.fi\/","logo":{"@type":"ImageObject","inLanguage":"sv-SE","@id":"https:\/\/pellervo.fi\/#\/schema\/logo\/image\/","url":"https:\/\/pellervo.fi\/wp-content\/uploads\/2020\/05\/Pellervo_logo.png","contentUrl":"https:\/\/pellervo.fi\/wp-content\/uploads\/2020\/05\/Pellervo_logo.png","width":1335,"height":376,"caption":"Osuustoimintakeskus Pellervo ry"},"image":{"@id":"https:\/\/pellervo.fi\/#\/schema\/logo\/image\/"},"sameAs":["https:\/\/x.com\/PellervoFi"]},{"@type":"Person","@id":"https:\/\/pellervo.fi\/#\/schema\/person\/4b74d40956937d1367ade81899997e71","name":"pellervo","image":{"@type":"ImageObject","inLanguage":"sv-SE","@id":"https:\/\/pellervo.fi\/wp-content\/uploads\/2013\/11\/pellervo_avatar_1384522134-96x96.jpg","url":"https:\/\/pellervo.fi\/wp-content\/uploads\/2013\/11\/pellervo_avatar_1384522134-96x96.jpg","contentUrl":"https:\/\/pellervo.fi\/wp-content\/uploads\/2013\/11\/pellervo_avatar_1384522134-96x96.jpg","caption":"pellervo"},"description":"Kuvaus","url":"https:\/\/pellervo.fi\/sv\/author\/pellervo\/"}]}},"_links":{"self":[{"href":"https:\/\/pellervo.fi\/sv\/wp-json\/wp\/v2\/posts\/4834","targetHints":{"allow":["GET"]}}],"collection":[{"href":"https:\/\/pellervo.fi\/sv\/wp-json\/wp\/v2\/posts"}],"about":[{"href":"https:\/\/pellervo.fi\/sv\/wp-json\/wp\/v2\/types\/post"}],"author":[{"embeddable":true,"href":"https:\/\/pellervo.fi\/sv\/wp-json\/wp\/v2\/users\/5"}],"replies":[{"embeddable":true,"href":"https:\/\/pellervo.fi\/sv\/wp-json\/wp\/v2\/comments?post=4834"}],"version-history":[{"count":0,"href":"https:\/\/pellervo.fi\/sv\/wp-json\/wp\/v2\/posts\/4834\/revisions"}],"wp:attachment":[{"href":"https:\/\/pellervo.fi\/sv\/wp-json\/wp\/v2\/media?parent=4834"}],"wp:term":[{"taxonomy":"category","embeddable":true,"href":"https:\/\/pellervo.fi\/sv\/wp-json\/wp\/v2\/categories?post=4834"},{"taxonomy":"post_tag","embeddable":true,"href":"https:\/\/pellervo.fi\/sv\/wp-json\/wp\/v2\/tags?post=4834"}],"curies":[{"name":"wp","href":"https:\/\/api.w.org\/{rel}","templated":true}]}}