{"id":495448,"date":"2016-10-12T16:41:58","date_gmt":"2016-10-12T13:41:58","guid":{"rendered":"http:\/\/pellervo.fi\/?p=495448"},"modified":"2016-10-17T13:33:30","modified_gmt":"2016-10-17T10:33:30","slug":"tutustumassa-garda-jarven-ympariston-yritysten-yhteistoimintaan","status":"publish","type":"post","link":"https:\/\/pellervo.fi\/sv\/nakokulma\/2016\/10\/12\/tutustumassa-garda-jarven-ympariston-yritysten-yhteistoimintaan\/","title":{"rendered":"Tutustumassa Gardaj\u00e4rven ymp\u00e4rist\u00f6n yritysten yhteistoimintaan"},"content":{"rendered":"<p><strong>Olen t\u00e4ll\u00e4 viikolla Joroisten lukion Osuuskunta Eihvelin kanssa Gardaj\u00e4rven ymp\u00e4rist\u00f6\u00f6n ja sen yrityksiin tutustumassa. P\u00e4\u00e4painona on osuuskunnat, mutta k\u00e4ymme my\u00f6s muutamassa perheyrityksess\u00e4, sek\u00e4 erikoisuutena osuuskunnan py\u00f6ritt\u00e4m\u00e4\u00e4n kouluun Arcon kyl\u00e4ss\u00e4.<\/strong><\/p>\n<p>Joroisten lukiolta matkassa on 7 opiskelijaa ja 3 opettajaa. Matka on Joroisten Oma Osuuskunnan tukema, joka toivoo tuellaan lukiolaisten saavan ideoita oma osuuskuntansa Eihvelin toimintaan ja samalla Joroislaisen.<\/p>\n<figure style=\"width: 651px\" class=\"wp-caption alignnone\"><img loading=\"lazy\" decoding=\"async\" class=\"\" src=\"https:\/\/pellervo.fi\/wp-content\/uploads\/2016\/10\/MG_0046.jpg\" width=\"651\" height=\"434\" \/><figcaption class=\"wp-caption-text\">Joroisten lukion matkalla mukana olevia oppilaita.<\/figcaption><\/figure>\n<p>Ensimm\u00e4isen\u00e4 opintomatkap\u00e4iv\u00e4n\u00e4\u00a0tutustuimme Gardaj\u00e4rven pohjoispuolen kolmeen yritykseen. Viiniosuuskunta\u00a0 Cantina Toblinoon, omaa juustomeijeri\u00e4 py\u00f6ritt\u00e4v\u00e4n\u00e4 perhetilaan ja balsamiviinietikkaa tuottavaan yritykseen.<\/p>\n<p>Vuonna 1960 perustettu viiniosuuskunta toimii 800 viljelij\u00e4n ryp\u00e4leiden jalostajana. Yhten\u00e4 viinin myyj\u00e4n\u00e4 toimii paikallinen kirkko, jonka omistuksessa kaikki osuuskunnan j\u00e4senten viiniviljelm\u00e4t ovat aiemmin olleet.<\/p>\n<figure style=\"width: 651px\" class=\"wp-caption alignnone\"><img loading=\"lazy\" decoding=\"async\" class=\"\" src=\"https:\/\/pellervo.fi\/wp-content\/uploads\/2016\/10\/MG_9867-1.jpg\" width=\"651\" height=\"434\" \/><figcaption class=\"wp-caption-text\">Viinin tankkausasema osuuskunnassa.<\/figcaption><\/figure>\n<p>Juustomeijeri\u00e4 py\u00f6ritt\u00e4v\u00e4 perhetila sijaitsi ylemp\u00e4n\u00e4 vuorilla. Tilalla oli koko juuston elinkaareen liittyv\u00e4t toiminnot. Siell\u00e4 syntyi vasikoita, joista osasta tuli omalle tilalle lyps\u00e4vi\u00e4 lehmi\u00e4, joista saadusta maidosta tehtiin omassa juustomeijeriss\u00e4 juustoja, jotka viel\u00e4 myytiin tilan omassa myym\u00e4l\u00e4ss\u00e4. Koko ketju samalla tontilla.<\/p>\n<p>Lukio-opiskelijoille tuntui olevan mielenkiintoista n\u00e4hd\u00e4 kuinka eri aloilla p\u00e4\u00e4st\u00e4\u00e4n yhteisty\u00f6n (osuustoiminnallisen tai perheess\u00e4 tapahtuvan) kautta merkitt\u00e4viin tuloksiin ja saadaan luotua hienoja tuotteita. Ihmetytt\u00e4m\u00e4\u00e4n j\u00e4i my\u00f6s perhetilajuustolalta se, ett\u00e4 miten yhdess\u00e4 paikassa voidaan hoitaa tehokkaan oloisesti koko tuotteen elinkaari aina vasikoiden kasvatuksesta juuston myyntiin asti.<\/p>\n<p>Palaan asiaan torstaina Garda Scula vierailun j\u00e4lkeen ja kerron osuustoiminnallisen koulun j\u00e4rjest\u00e4ytymisest\u00e4. Onphanan meill\u00e4 Suomessakin jonkin verran keskustelua k\u00e4yty siit\u00e4, ett\u00e4 osuuskunta voisi olla sopiva vaihtoehto koulun yhti\u00f6itt\u00e4misess\u00e4.<\/p>\n<p>Lukiolaisten omasta n\u00e4k\u00f6kulmasta pit\u00e4m\u00e4\u00e4n matkablogiin voitte tutustua osoitteessa\u00a0<span style=\"text-decoration: underline;\"><strong><a href=\"https:\/\/joroistenlukioitaliassa.wordpress.com\/\" target=\"_blank\">https:\/\/joroistenlukioitaliassa.wordpress.com\/<\/a>.<\/strong><\/span><\/p>\n<p><strong>Matti Ketola<\/strong>  <\/p>\n","protected":false},"excerpt":{"rendered":"<p>Olen t\u00e4ll\u00e4 viikolla Joroisten lukio Osuuskunta Eihvelin kanssa Gardaj\u00e4rven ymp\u00e4rist\u00f6\u00f6n ja sen yrityksiin tutustumassa. P\u00e4\u00e4painona on osuuskunnat, mutta k\u00e4ymme my\u00f6s muutamassa perheyrityksess\u00e4, sek\u00e4 erikoisuuten osuuskunnan py\u00f6ritt\u00e4m\u00e4\u00e4n kouluun Arcon kyl\u00e4ss\u00e4.<\/p>\n","protected":false},"author":13,"featured_media":496171,"comment_status":"open","ping_status":"open","sticky":false,"template":"","format":"standard","meta":{"inline_featured_image":false,"_monsterinsights_skip_tracking":false,"_monsterinsights_sitenote_active":false,"_monsterinsights_sitenote_note":"","_monsterinsights_sitenote_category":0,"site-sidebar-layout":"default","site-content-layout":"","ast-site-content-layout":"default","site-content-style":"default","site-sidebar-style":"default","ast-global-header-display":"","ast-banner-title-visibility":"","ast-main-header-display":"","ast-hfb-above-header-display":"","ast-hfb-below-header-display":"","ast-hfb-mobile-header-display":"","site-post-title":"","ast-breadcrumbs-content":"","ast-featured-img":"","footer-sml-layout":"","ast-disable-related-posts":"","theme-transparent-header-meta":"","adv-header-id-meta":"","stick-header-meta":"","header-above-stick-meta":"","header-main-stick-meta":"","header-below-stick-meta":"","astra-migrate-meta-layouts":"default","ast-page-background-enabled":"default","ast-page-background-meta":{"desktop":{"background-color":"","background-image":"","background-repeat":"repeat","background-position":"center center","background-size":"auto","background-attachment":"scroll","background-type":"","background-media":"","overlay-type":"","overlay-color":"","overlay-opacity":"","overlay-gradient":""},"tablet":{"background-color":"","background-image":"","background-repeat":"repeat","background-position":"center center","background-size":"auto","background-attachment":"scroll","background-type":"","background-media":"","overlay-type":"","overlay-color":"","overlay-opacity":"","overlay-gradient":""},"mobile":{"background-color":"","background-image":"","background-repeat":"repeat","background-position":"center center","background-size":"auto","background-attachment":"scroll","background-type":"","background-media":"","overlay-type":"","overlay-color":"","overlay-opacity":"","overlay-gradient":""}},"ast-content-background-meta":{"desktop":{"background-color":"var(--ast-global-color-5)","background-image":"","background-repeat":"repeat","background-position":"center center","background-size":"auto","background-attachment":"scroll","background-type":"","background-media":"","overlay-type":"","overlay-color":"","overlay-opacity":"","overlay-gradient":""},"tablet":{"background-color":"var(--ast-global-color-5)","background-image":"","background-repeat":"repeat","background-position":"center center","background-size":"auto","background-attachment":"scroll","background-type":"","background-media":"","overlay-type":"","overlay-color":"","overlay-opacity":"","overlay-gradient":""},"mobile":{"background-color":"var(--ast-global-color-5)","background-image":"","background-repeat":"repeat","background-position":"center center","background-size":"auto","background-attachment":"scroll","background-type":"","background-media":"","overlay-type":"","overlay-color":"","overlay-opacity":"","overlay-gradient":""}},"_FSMCFIC_featured_image_caption":"","_FSMCFIC_featured_image_nocaption":"","_FSMCFIC_featured_image_hide":"","footnotes":""},"categories":[21],"tags":[],"class_list":["post-495448","post","type-post","status-publish","format-standard","has-post-thumbnail","hentry","category-nakokulma"],"yoast_head":"<!-- This site is optimized with the Yoast SEO plugin v27.4 - https:\/\/yoast.com\/product\/yoast-seo-wordpress\/ -->\n<title>Tutustumassa Gardaj\u00e4rven ymp\u00e4rist\u00f6n yritysten yhteistoimintaan - Pellervo<\/title>\n<meta name=\"robots\" content=\"index, follow, max-snippet:-1, max-image-preview:large, max-video-preview:-1\" \/>\n<link rel=\"canonical\" href=\"https:\/\/pellervo.fi\/sv\/nakokulma\/2016\/10\/12\/tutustumassa-garda-jarven-ympariston-yritysten-yhteistoimintaan\/\" \/>\n<meta property=\"og:locale\" content=\"sv_SE\" \/>\n<meta property=\"og:type\" content=\"article\" \/>\n<meta property=\"og:title\" content=\"Tutustumassa Gardaj\u00e4rven ymp\u00e4rist\u00f6n yritysten yhteistoimintaan - Pellervo\" \/>\n<meta property=\"og:description\" content=\"Olen t\u00e4ll\u00e4 viikolla Joroisten lukio Osuuskunta Eihvelin kanssa Gardaj\u00e4rven ymp\u00e4rist\u00f6\u00f6n ja sen yrityksiin tutustumassa. P\u00e4\u00e4painona on osuuskunnat, mutta k\u00e4ymme my\u00f6s muutamassa perheyrityksess\u00e4, sek\u00e4 erikoisuuten osuuskunnan py\u00f6ritt\u00e4m\u00e4\u00e4n kouluun Arcon kyl\u00e4ss\u00e4.\" \/>\n<meta property=\"og:url\" content=\"https:\/\/pellervo.fi\/sv\/nakokulma\/2016\/10\/12\/tutustumassa-garda-jarven-ympariston-yritysten-yhteistoimintaan\/\" \/>\n<meta property=\"og:site_name\" content=\"Pellervo\" \/>\n<meta property=\"article:published_time\" content=\"2016-10-12T13:41:58+00:00\" \/>\n<meta property=\"article:modified_time\" content=\"2016-10-17T10:33:30+00:00\" \/>\n<meta property=\"og:image\" content=\"https:\/\/pellervo.fi\/wp-content\/uploads\/2016\/10\/MG_9971.jpg\" \/>\n\t<meta property=\"og:image:width\" content=\"1000\" \/>\n\t<meta property=\"og:image:height\" content=\"667\" \/>\n\t<meta property=\"og:image:type\" content=\"image\/jpeg\" \/>\n<meta name=\"author\" content=\"Matti Ketola\" \/>\n<meta name=\"twitter:card\" content=\"summary_large_image\" \/>\n<meta name=\"twitter:creator\" content=\"@PellervoFi\" \/>\n<meta name=\"twitter:site\" content=\"@PellervoFi\" \/>\n<meta name=\"twitter:label1\" content=\"Skriven av\" \/>\n\t<meta name=\"twitter:data1\" content=\"Matti Ketola\" \/>\n\t<meta name=\"twitter:label2\" content=\"Ber\u00e4knad l\u00e4stid\" \/>\n\t<meta name=\"twitter:data2\" content=\"1 minut\" \/>\n<script type=\"application\/ld+json\" class=\"yoast-schema-graph\">{\"@context\":\"https:\\\/\\\/schema.org\",\"@graph\":[{\"@type\":\"Article\",\"@id\":\"https:\\\/\\\/pellervo.fi\\\/sv\\\/nakokulma\\\/2016\\\/10\\\/12\\\/tutustumassa-garda-jarven-ympariston-yritysten-yhteistoimintaan\\\/#article\",\"isPartOf\":{\"@id\":\"https:\\\/\\\/pellervo.fi\\\/sv\\\/nakokulma\\\/2016\\\/10\\\/12\\\/tutustumassa-garda-jarven-ympariston-yritysten-yhteistoimintaan\\\/\"},\"author\":{\"name\":\"Matti Ketola\",\"@id\":\"https:\\\/\\\/pellervo.fi\\\/#\\\/schema\\\/person\\\/72e908034f10991eb6171362e27b969b\"},\"headline\":\"Tutustumassa Gardaj\u00e4rven ymp\u00e4rist\u00f6n yritysten yhteistoimintaan\",\"datePublished\":\"2016-10-12T13:41:58+00:00\",\"dateModified\":\"2016-10-17T10:33:30+00:00\",\"mainEntityOfPage\":{\"@id\":\"https:\\\/\\\/pellervo.fi\\\/sv\\\/nakokulma\\\/2016\\\/10\\\/12\\\/tutustumassa-garda-jarven-ympariston-yritysten-yhteistoimintaan\\\/\"},\"wordCount\":299,\"commentCount\":0,\"publisher\":{\"@id\":\"https:\\\/\\\/pellervo.fi\\\/#organization\"},\"image\":{\"@id\":\"https:\\\/\\\/pellervo.fi\\\/sv\\\/nakokulma\\\/2016\\\/10\\\/12\\\/tutustumassa-garda-jarven-ympariston-yritysten-yhteistoimintaan\\\/#primaryimage\"},\"thumbnailUrl\":\"https:\\\/\\\/pellervo.fi\\\/wp-content\\\/uploads\\\/2016\\\/10\\\/MG_9971.jpg\",\"articleSection\":[\"N\u00e4k\u00f6kulma\"],\"inLanguage\":\"sv-SE\",\"potentialAction\":[{\"@type\":\"CommentAction\",\"name\":\"Comment\",\"target\":[\"https:\\\/\\\/pellervo.fi\\\/sv\\\/nakokulma\\\/2016\\\/10\\\/12\\\/tutustumassa-garda-jarven-ympariston-yritysten-yhteistoimintaan\\\/#respond\"]}]},{\"@type\":\"WebPage\",\"@id\":\"https:\\\/\\\/pellervo.fi\\\/sv\\\/nakokulma\\\/2016\\\/10\\\/12\\\/tutustumassa-garda-jarven-ympariston-yritysten-yhteistoimintaan\\\/\",\"url\":\"https:\\\/\\\/pellervo.fi\\\/sv\\\/nakokulma\\\/2016\\\/10\\\/12\\\/tutustumassa-garda-jarven-ympariston-yritysten-yhteistoimintaan\\\/\",\"name\":\"Tutustumassa Gardaj\u00e4rven ymp\u00e4rist\u00f6n yritysten yhteistoimintaan - Pellervo\",\"isPartOf\":{\"@id\":\"https:\\\/\\\/pellervo.fi\\\/#website\"},\"primaryImageOfPage\":{\"@id\":\"https:\\\/\\\/pellervo.fi\\\/sv\\\/nakokulma\\\/2016\\\/10\\\/12\\\/tutustumassa-garda-jarven-ympariston-yritysten-yhteistoimintaan\\\/#primaryimage\"},\"image\":{\"@id\":\"https:\\\/\\\/pellervo.fi\\\/sv\\\/nakokulma\\\/2016\\\/10\\\/12\\\/tutustumassa-garda-jarven-ympariston-yritysten-yhteistoimintaan\\\/#primaryimage\"},\"thumbnailUrl\":\"https:\\\/\\\/pellervo.fi\\\/wp-content\\\/uploads\\\/2016\\\/10\\\/MG_9971.jpg\",\"datePublished\":\"2016-10-12T13:41:58+00:00\",\"dateModified\":\"2016-10-17T10:33:30+00:00\",\"breadcrumb\":{\"@id\":\"https:\\\/\\\/pellervo.fi\\\/sv\\\/nakokulma\\\/2016\\\/10\\\/12\\\/tutustumassa-garda-jarven-ympariston-yritysten-yhteistoimintaan\\\/#breadcrumb\"},\"inLanguage\":\"sv-SE\",\"potentialAction\":[{\"@type\":\"ReadAction\",\"target\":[\"https:\\\/\\\/pellervo.fi\\\/sv\\\/nakokulma\\\/2016\\\/10\\\/12\\\/tutustumassa-garda-jarven-ympariston-yritysten-yhteistoimintaan\\\/\"]}]},{\"@type\":\"ImageObject\",\"inLanguage\":\"sv-SE\",\"@id\":\"https:\\\/\\\/pellervo.fi\\\/sv\\\/nakokulma\\\/2016\\\/10\\\/12\\\/tutustumassa-garda-jarven-ympariston-yritysten-yhteistoimintaan\\\/#primaryimage\",\"url\":\"https:\\\/\\\/pellervo.fi\\\/wp-content\\\/uploads\\\/2016\\\/10\\\/MG_9971.jpg\",\"contentUrl\":\"https:\\\/\\\/pellervo.fi\\\/wp-content\\\/uploads\\\/2016\\\/10\\\/MG_9971.jpg\",\"width\":1000,\"height\":667},{\"@type\":\"BreadcrumbList\",\"@id\":\"https:\\\/\\\/pellervo.fi\\\/sv\\\/nakokulma\\\/2016\\\/10\\\/12\\\/tutustumassa-garda-jarven-ympariston-yritysten-yhteistoimintaan\\\/#breadcrumb\",\"itemListElement\":[{\"@type\":\"ListItem\",\"position\":1,\"name\":\"Koti\",\"item\":\"https:\\\/\\\/pellervo.fi\\\/sv\\\/\"},{\"@type\":\"ListItem\",\"position\":2,\"name\":\"Tutustumassa Gardaj\u00e4rven ymp\u00e4rist\u00f6n yritysten yhteistoimintaan\"}]},{\"@type\":\"WebSite\",\"@id\":\"https:\\\/\\\/pellervo.fi\\\/#website\",\"url\":\"https:\\\/\\\/pellervo.fi\\\/\",\"name\":\"Pellervo\",\"description\":\"Osuuskuntien keskusj\u00e4rjest\u00f6\",\"publisher\":{\"@id\":\"https:\\\/\\\/pellervo.fi\\\/#organization\"},\"potentialAction\":[{\"@type\":\"SearchAction\",\"target\":{\"@type\":\"EntryPoint\",\"urlTemplate\":\"https:\\\/\\\/pellervo.fi\\\/?s={search_term_string}\"},\"query-input\":{\"@type\":\"PropertyValueSpecification\",\"valueRequired\":true,\"valueName\":\"search_term_string\"}}],\"inLanguage\":\"sv-SE\"},{\"@type\":\"Organization\",\"@id\":\"https:\\\/\\\/pellervo.fi\\\/#organization\",\"name\":\"Osuustoimintakeskus Pellervo ry\",\"url\":\"https:\\\/\\\/pellervo.fi\\\/\",\"logo\":{\"@type\":\"ImageObject\",\"inLanguage\":\"sv-SE\",\"@id\":\"https:\\\/\\\/pellervo.fi\\\/#\\\/schema\\\/logo\\\/image\\\/\",\"url\":\"https:\\\/\\\/pellervo.fi\\\/wp-content\\\/uploads\\\/2020\\\/05\\\/Pellervo_logo.png\",\"contentUrl\":\"https:\\\/\\\/pellervo.fi\\\/wp-content\\\/uploads\\\/2020\\\/05\\\/Pellervo_logo.png\",\"width\":1335,\"height\":376,\"caption\":\"Osuustoimintakeskus Pellervo ry\"},\"image\":{\"@id\":\"https:\\\/\\\/pellervo.fi\\\/#\\\/schema\\\/logo\\\/image\\\/\"},\"sameAs\":[\"https:\\\/\\\/x.com\\\/PellervoFi\"]},{\"@type\":\"Person\",\"@id\":\"https:\\\/\\\/pellervo.fi\\\/#\\\/schema\\\/person\\\/72e908034f10991eb6171362e27b969b\",\"name\":\"Matti Ketola\",\"image\":{\"@type\":\"ImageObject\",\"inLanguage\":\"sv-SE\",\"@id\":\"https:\\\/\\\/pellervo.fi\\\/wp-content\\\/uploads\\\/2016\\\/10\\\/Matti-Ketola_avatar_1477295345-96x96.jpg\",\"url\":\"https:\\\/\\\/pellervo.fi\\\/wp-content\\\/uploads\\\/2016\\\/10\\\/Matti-Ketola_avatar_1477295345-96x96.jpg\",\"contentUrl\":\"https:\\\/\\\/pellervo.fi\\\/wp-content\\\/uploads\\\/2016\\\/10\\\/Matti-Ketola_avatar_1477295345-96x96.jpg\",\"caption\":\"Matti Ketola\"},\"description\":\"Kirjoittaja on Pellervon verkkoviestint\u00e4koordinaattori ja verkkosivujen yll\u00e4pit\u00e4j\u00e4.\",\"url\":\"https:\\\/\\\/pellervo.fi\\\/sv\\\/author\\\/pellervo-2\\\/\"}]}<\/script>\n<!-- \/ Yoast SEO plugin. -->","yoast_head_json":{"title":"Tutustumassa Gardaj\u00e4rven ymp\u00e4rist\u00f6n yritysten yhteistoimintaan - Pellervo","robots":{"index":"index","follow":"follow","max-snippet":"max-snippet:-1","max-image-preview":"max-image-preview:large","max-video-preview":"max-video-preview:-1"},"canonical":"https:\/\/pellervo.fi\/sv\/nakokulma\/2016\/10\/12\/tutustumassa-garda-jarven-ympariston-yritysten-yhteistoimintaan\/","og_locale":"sv_SE","og_type":"article","og_title":"Tutustumassa Gardaj\u00e4rven ymp\u00e4rist\u00f6n yritysten yhteistoimintaan - Pellervo","og_description":"Olen t\u00e4ll\u00e4 viikolla Joroisten lukio Osuuskunta Eihvelin kanssa Gardaj\u00e4rven ymp\u00e4rist\u00f6\u00f6n ja sen yrityksiin tutustumassa. P\u00e4\u00e4painona on osuuskunnat, mutta k\u00e4ymme my\u00f6s muutamassa perheyrityksess\u00e4, sek\u00e4 erikoisuuten osuuskunnan py\u00f6ritt\u00e4m\u00e4\u00e4n kouluun Arcon kyl\u00e4ss\u00e4.","og_url":"https:\/\/pellervo.fi\/sv\/nakokulma\/2016\/10\/12\/tutustumassa-garda-jarven-ympariston-yritysten-yhteistoimintaan\/","og_site_name":"Pellervo","article_published_time":"2016-10-12T13:41:58+00:00","article_modified_time":"2016-10-17T10:33:30+00:00","og_image":[{"width":1000,"height":667,"url":"https:\/\/pellervo.fi\/wp-content\/uploads\/2016\/10\/MG_9971.jpg","type":"image\/jpeg"}],"author":"Matti Ketola","twitter_card":"summary_large_image","twitter_creator":"@PellervoFi","twitter_site":"@PellervoFi","twitter_misc":{"Skriven av":"Matti Ketola","Ber\u00e4knad l\u00e4stid":"1 minut"},"schema":{"@context":"https:\/\/schema.org","@graph":[{"@type":"Article","@id":"https:\/\/pellervo.fi\/sv\/nakokulma\/2016\/10\/12\/tutustumassa-garda-jarven-ympariston-yritysten-yhteistoimintaan\/#article","isPartOf":{"@id":"https:\/\/pellervo.fi\/sv\/nakokulma\/2016\/10\/12\/tutustumassa-garda-jarven-ympariston-yritysten-yhteistoimintaan\/"},"author":{"name":"Matti Ketola","@id":"https:\/\/pellervo.fi\/#\/schema\/person\/72e908034f10991eb6171362e27b969b"},"headline":"Tutustumassa Gardaj\u00e4rven ymp\u00e4rist\u00f6n yritysten yhteistoimintaan","datePublished":"2016-10-12T13:41:58+00:00","dateModified":"2016-10-17T10:33:30+00:00","mainEntityOfPage":{"@id":"https:\/\/pellervo.fi\/sv\/nakokulma\/2016\/10\/12\/tutustumassa-garda-jarven-ympariston-yritysten-yhteistoimintaan\/"},"wordCount":299,"commentCount":0,"publisher":{"@id":"https:\/\/pellervo.fi\/#organization"},"image":{"@id":"https:\/\/pellervo.fi\/sv\/nakokulma\/2016\/10\/12\/tutustumassa-garda-jarven-ympariston-yritysten-yhteistoimintaan\/#primaryimage"},"thumbnailUrl":"https:\/\/pellervo.fi\/wp-content\/uploads\/2016\/10\/MG_9971.jpg","articleSection":["N\u00e4k\u00f6kulma"],"inLanguage":"sv-SE","potentialAction":[{"@type":"CommentAction","name":"Comment","target":["https:\/\/pellervo.fi\/sv\/nakokulma\/2016\/10\/12\/tutustumassa-garda-jarven-ympariston-yritysten-yhteistoimintaan\/#respond"]}]},{"@type":"WebPage","@id":"https:\/\/pellervo.fi\/sv\/nakokulma\/2016\/10\/12\/tutustumassa-garda-jarven-ympariston-yritysten-yhteistoimintaan\/","url":"https:\/\/pellervo.fi\/sv\/nakokulma\/2016\/10\/12\/tutustumassa-garda-jarven-ympariston-yritysten-yhteistoimintaan\/","name":"Tutustumassa Gardaj\u00e4rven ymp\u00e4rist\u00f6n yritysten yhteistoimintaan - Pellervo","isPartOf":{"@id":"https:\/\/pellervo.fi\/#website"},"primaryImageOfPage":{"@id":"https:\/\/pellervo.fi\/sv\/nakokulma\/2016\/10\/12\/tutustumassa-garda-jarven-ympariston-yritysten-yhteistoimintaan\/#primaryimage"},"image":{"@id":"https:\/\/pellervo.fi\/sv\/nakokulma\/2016\/10\/12\/tutustumassa-garda-jarven-ympariston-yritysten-yhteistoimintaan\/#primaryimage"},"thumbnailUrl":"https:\/\/pellervo.fi\/wp-content\/uploads\/2016\/10\/MG_9971.jpg","datePublished":"2016-10-12T13:41:58+00:00","dateModified":"2016-10-17T10:33:30+00:00","breadcrumb":{"@id":"https:\/\/pellervo.fi\/sv\/nakokulma\/2016\/10\/12\/tutustumassa-garda-jarven-ympariston-yritysten-yhteistoimintaan\/#breadcrumb"},"inLanguage":"sv-SE","potentialAction":[{"@type":"ReadAction","target":["https:\/\/pellervo.fi\/sv\/nakokulma\/2016\/10\/12\/tutustumassa-garda-jarven-ympariston-yritysten-yhteistoimintaan\/"]}]},{"@type":"ImageObject","inLanguage":"sv-SE","@id":"https:\/\/pellervo.fi\/sv\/nakokulma\/2016\/10\/12\/tutustumassa-garda-jarven-ympariston-yritysten-yhteistoimintaan\/#primaryimage","url":"https:\/\/pellervo.fi\/wp-content\/uploads\/2016\/10\/MG_9971.jpg","contentUrl":"https:\/\/pellervo.fi\/wp-content\/uploads\/2016\/10\/MG_9971.jpg","width":1000,"height":667},{"@type":"BreadcrumbList","@id":"https:\/\/pellervo.fi\/sv\/nakokulma\/2016\/10\/12\/tutustumassa-garda-jarven-ympariston-yritysten-yhteistoimintaan\/#breadcrumb","itemListElement":[{"@type":"ListItem","position":1,"name":"Koti","item":"https:\/\/pellervo.fi\/sv\/"},{"@type":"ListItem","position":2,"name":"Tutustumassa Gardaj\u00e4rven ymp\u00e4rist\u00f6n yritysten yhteistoimintaan"}]},{"@type":"WebSite","@id":"https:\/\/pellervo.fi\/#website","url":"https:\/\/pellervo.fi\/","name":"Pellervo","description":"Osuuskuntien keskusj\u00e4rjest\u00f6","publisher":{"@id":"https:\/\/pellervo.fi\/#organization"},"potentialAction":[{"@type":"SearchAction","target":{"@type":"EntryPoint","urlTemplate":"https:\/\/pellervo.fi\/?s={search_term_string}"},"query-input":{"@type":"PropertyValueSpecification","valueRequired":true,"valueName":"search_term_string"}}],"inLanguage":"sv-SE"},{"@type":"Organization","@id":"https:\/\/pellervo.fi\/#organization","name":"Osuustoimintakeskus Pellervo ry","url":"https:\/\/pellervo.fi\/","logo":{"@type":"ImageObject","inLanguage":"sv-SE","@id":"https:\/\/pellervo.fi\/#\/schema\/logo\/image\/","url":"https:\/\/pellervo.fi\/wp-content\/uploads\/2020\/05\/Pellervo_logo.png","contentUrl":"https:\/\/pellervo.fi\/wp-content\/uploads\/2020\/05\/Pellervo_logo.png","width":1335,"height":376,"caption":"Osuustoimintakeskus Pellervo ry"},"image":{"@id":"https:\/\/pellervo.fi\/#\/schema\/logo\/image\/"},"sameAs":["https:\/\/x.com\/PellervoFi"]},{"@type":"Person","@id":"https:\/\/pellervo.fi\/#\/schema\/person\/72e908034f10991eb6171362e27b969b","name":"Matti Ketola","image":{"@type":"ImageObject","inLanguage":"sv-SE","@id":"https:\/\/pellervo.fi\/wp-content\/uploads\/2016\/10\/Matti-Ketola_avatar_1477295345-96x96.jpg","url":"https:\/\/pellervo.fi\/wp-content\/uploads\/2016\/10\/Matti-Ketola_avatar_1477295345-96x96.jpg","contentUrl":"https:\/\/pellervo.fi\/wp-content\/uploads\/2016\/10\/Matti-Ketola_avatar_1477295345-96x96.jpg","caption":"Matti Ketola"},"description":"Kirjoittaja on Pellervon verkkoviestint\u00e4koordinaattori ja verkkosivujen yll\u00e4pit\u00e4j\u00e4.","url":"https:\/\/pellervo.fi\/sv\/author\/pellervo-2\/"}]}},"_links":{"self":[{"href":"https:\/\/pellervo.fi\/sv\/wp-json\/wp\/v2\/posts\/495448","targetHints":{"allow":["GET"]}}],"collection":[{"href":"https:\/\/pellervo.fi\/sv\/wp-json\/wp\/v2\/posts"}],"about":[{"href":"https:\/\/pellervo.fi\/sv\/wp-json\/wp\/v2\/types\/post"}],"author":[{"embeddable":true,"href":"https:\/\/pellervo.fi\/sv\/wp-json\/wp\/v2\/users\/13"}],"replies":[{"embeddable":true,"href":"https:\/\/pellervo.fi\/sv\/wp-json\/wp\/v2\/comments?post=495448"}],"version-history":[{"count":7,"href":"https:\/\/pellervo.fi\/sv\/wp-json\/wp\/v2\/posts\/495448\/revisions"}],"predecessor-version":[{"id":501830,"href":"https:\/\/pellervo.fi\/sv\/wp-json\/wp\/v2\/posts\/495448\/revisions\/501830"}],"wp:featuredmedia":[{"embeddable":true,"href":"https:\/\/pellervo.fi\/sv\/wp-json\/wp\/v2\/media\/496171"}],"wp:attachment":[{"href":"https:\/\/pellervo.fi\/sv\/wp-json\/wp\/v2\/media?parent=495448"}],"wp:term":[{"taxonomy":"category","embeddable":true,"href":"https:\/\/pellervo.fi\/sv\/wp-json\/wp\/v2\/categories?post=495448"},{"taxonomy":"post_tag","embeddable":true,"href":"https:\/\/pellervo.fi\/sv\/wp-json\/wp\/v2\/tags?post=495448"}],"curies":[{"name":"wp","href":"https:\/\/api.w.org\/{rel}","templated":true}]}}