{"id":542920,"date":"2016-12-02T16:39:13","date_gmt":"2016-12-02T14:39:13","guid":{"rendered":"http:\/\/pellervo.fi\/?p=542920"},"modified":"2020-06-30T11:42:53","modified_gmt":"2020-06-30T08:42:53","slug":"seppo-rytivaara-pellervon-valtuuskunnan-puheenjohtajaksi-taavi-heikkila-hallitukseen","status":"publish","type":"post","link":"https:\/\/pellervo.fi\/sv\/jarjesto\/2016\/12\/02\/seppo-rytivaara-pellervon-valtuuskunnan-puheenjohtajaksi-taavi-heikkila-hallitukseen\/","title":{"rendered":"Seppo Rytivaara Pellervon valtuuskunnan puheenjohtajaksi &#8211; Taavi Heikkil\u00e4 hallitukseen"},"content":{"rendered":"<div>Pellervo-Seura ry:n valtuuskunta valitsi 2.12.2016 Helsingiss\u00e4 pidetyss\u00e4 kokouksessaan puheenjohtajakseen Kainuun Osuuspankin toimitusjohtajan, kauppaneuvos<strong>\u00a0Seppo Rytivaaran\u00a0<\/strong>Kajaanista.<\/div>\n<div><\/div>\n<div>Rytivaara totesi ottavansa puheenjohtajan teht\u00e4v\u00e4n vastaan kiitollisuudella.\u201dMeill\u00e4 on erityinen vuosi, Suomi t\u00e4ytt\u00e4\u00e4 100 vuotta. Osuustoimintamalli on hyv\u00e4ss\u00e4 vedossa. Osuustoiminta kiinnostaa liiketoimintamallina sek\u00e4 yleisemmin asiakaspinnassa ja j\u00e4senten keskuudessa. Pellervo on yh\u00e4 kattavammin osuustoiminnan yhteinen foorumi. S-ryhm\u00e4n tiiviimpi mukaantulo on voimaannuttavaa. Yhdess\u00e4 voimme tehd\u00e4 enemm\u00e4n. Rakennamme Pellervosta sellaisen yhteisty\u00f6alustan osuustoiminnalle kuin j\u00e4senet haluavat. Pellervo on ohjelmallisesti, roolinsa puolesta ja taloudellisesti kunnossa. Voimme k\u00e4ynnist\u00e4\u00e4 matkan seuraavalle kehitysasteelle.\u201d<\/div>\n<div><\/div>\n<div>V\u00e4istyv\u00e4 puheenjohtaja, maanviljelysneuvos\u00a0<strong>Timo Komulainen<\/strong>\u00a0Nurmeksesta totesi, ett\u00e4 SOK:n ja monien alueosuuskauppojen mukaan tuleminen on ollut suuri t\u00e4yttymys 25 vuoden j\u00e4lkeen.\u00a0\u201dAsetimme tavoitteeksi puheenjohtajakaudelleni, ett\u00e4 S-ryhm\u00e4n ja Pellervon suhde edelleen syvenisi jopa j\u00e4senyyteen asti. Olemme mielest\u00e4mme siin\u00e4 nyt onnistuneetkin. Osuustoiminnan piiriss\u00e4 on yhteinen tahtotila menn\u00e4 eteenp\u00e4in. T\u00e4m\u00e4 on viesti my\u00f6s yhteiskunnalle.\u201d<\/div>\n<div><\/div>\n<div>Valtuuskunnan varapuheenjohtajaksi valittiin maatalousyritt\u00e4j\u00e4\u00a0<strong>Ilkka Uusitalo\u00a0<\/strong>Salosta. Valtuuskunnan puheenjohtajat valittiin teht\u00e4viins\u00e4 yksivuotiskaudeksi.<\/div>\n<div><\/div>\n<div>Hallituksesta erovuorossa olleet KTM<strong>\u00a0Kirsti Kirjonen<\/strong>\u00a0Salosta ja maanviljelij\u00e4\u00a0<strong>Seppo Paavola\u00a0<\/strong>Kaustisilta jatkavat hallituksen j\u00e4senin\u00e4 seuraavan kolmivuotiskauden, joka p\u00e4\u00e4ttyy 31.12.2019. Erovuorossa ollut hallituksen j\u00e4sen toimitusjohtaja\u00a0<strong>Jan L\u00e4hde\u00a0<\/strong>Turusta ilmoitti, ettei ole en\u00e4\u00e4 k\u00e4ytett\u00e4viss\u00e4 seuraavana kolmivuotiskautena. H\u00e4nen tilalleen valittiin SOK:n p\u00e4\u00e4johtaja<strong>\u00a0Taavi Heikkil\u00e4\u00a0<\/strong>Helsingist\u00e4.<\/div>\n<div><\/div>\n<div>Hallituksen puheenjohtajana jatkaa mets\u00e4neuvos\u00a0<strong>Martti Asunta<\/strong>\u00a0Yl\u00f6j\u00e4rvelt\u00e4 ja varapuheenjohtajana maatalousyritt\u00e4j\u00e4\u00a0<strong>Tiina Linnainmaa\u00a0<\/strong>H\u00e4meenkyr\u00f6st\u00e4.<\/div>\n<div><\/div>\n<div>Kaikki valinnat astuvat voimaan 1.1.2017.<\/div>\n<div><\/div>\n<div>Lis\u00e4tietoja Pellervosta toimitusjohtaja Sami Karhulta,\u00a0<a href=\"mailto:sami.karhu@pellervo.fi\">sami.karhu@pellervo.fi<\/a>,<br \/>\npuh. 0400 545\u00a0989.<\/div>\n<div>Seppo Rytivaara, puh. 044 7106 201.<\/div>\n<div><\/div>\n","protected":false},"excerpt":{"rendered":"<p>Pellervo-Seura ry:n valtuuskunta valitsi 2.12.2016 Helsingiss\u00e4 pidetyss\u00e4 kokouksessaan puheenjohtajakseen Kainuun Osuuspankin toimitusjohtajan, kauppaneuvos Seppo Rytivaaran Kajaanista. <\/p>\n","protected":false},"author":5,"featured_media":542880,"comment_status":"open","ping_status":"open","sticky":false,"template":"","format":"standard","meta":{"inline_featured_image":false,"_monsterinsights_skip_tracking":false,"_monsterinsights_sitenote_active":false,"_monsterinsights_sitenote_note":"","_monsterinsights_sitenote_category":0,"site-sidebar-layout":"default","site-content-layout":"","ast-site-content-layout":"default","site-content-style":"default","site-sidebar-style":"default","ast-global-header-display":"","ast-banner-title-visibility":"","ast-main-header-display":"","ast-hfb-above-header-display":"","ast-hfb-below-header-display":"","ast-hfb-mobile-header-display":"","site-post-title":"","ast-breadcrumbs-content":"","ast-featured-img":"","footer-sml-layout":"","ast-disable-related-posts":"","theme-transparent-header-meta":"","adv-header-id-meta":"","stick-header-meta":"","header-above-stick-meta":"","header-main-stick-meta":"","header-below-stick-meta":"","astra-migrate-meta-layouts":"default","ast-page-background-enabled":"default","ast-page-background-meta":{"desktop":{"background-color":"","background-image":"","background-repeat":"repeat","background-position":"center center","background-size":"auto","background-attachment":"scroll","background-type":"","background-media":"","overlay-type":"","overlay-color":"","overlay-opacity":"","overlay-gradient":""},"tablet":{"background-color":"","background-image":"","background-repeat":"repeat","background-position":"center center","background-size":"auto","background-attachment":"scroll","background-type":"","background-media":"","overlay-type":"","overlay-color":"","overlay-opacity":"","overlay-gradient":""},"mobile":{"background-color":"","background-image":"","background-repeat":"repeat","background-position":"center center","background-size":"auto","background-attachment":"scroll","background-type":"","background-media":"","overlay-type":"","overlay-color":"","overlay-opacity":"","overlay-gradient":""}},"ast-content-background-meta":{"desktop":{"background-color":"var(--ast-global-color-5)","background-image":"","background-repeat":"repeat","background-position":"center center","background-size":"auto","background-attachment":"scroll","background-type":"","background-media":"","overlay-type":"","overlay-color":"","overlay-opacity":"","overlay-gradient":""},"tablet":{"background-color":"var(--ast-global-color-5)","background-image":"","background-repeat":"repeat","background-position":"center center","background-size":"auto","background-attachment":"scroll","background-type":"","background-media":"","overlay-type":"","overlay-color":"","overlay-opacity":"","overlay-gradient":""},"mobile":{"background-color":"var(--ast-global-color-5)","background-image":"","background-repeat":"repeat","background-position":"center center","background-size":"auto","background-attachment":"scroll","background-type":"","background-media":"","overlay-type":"","overlay-color":"","overlay-opacity":"","overlay-gradient":""}},"_FSMCFIC_featured_image_caption":"","_FSMCFIC_featured_image_nocaption":"","_FSMCFIC_featured_image_hide":"","footnotes":""},"categories":[71],"tags":[],"class_list":["post-542920","post","type-post","status-publish","format-standard","has-post-thumbnail","hentry","category-jarjesto"],"yoast_head":"<!-- This site is optimized with the Yoast SEO plugin v27.5 - https:\/\/yoast.com\/product\/yoast-seo-wordpress\/ -->\n<title>Seppo Rytivaara Pellervon valtuuskunnan puheenjohtajaksi - Taavi Heikkil\u00e4 hallitukseen - Pellervo<\/title>\n<meta name=\"robots\" content=\"index, follow, max-snippet:-1, max-image-preview:large, max-video-preview:-1\" \/>\n<link rel=\"canonical\" href=\"https:\/\/pellervo.fi\/jarjesto\/2016\/12\/02\/seppo-rytivaara-pellervon-valtuuskunnan-puheenjohtajaksi-taavi-heikkila-hallitukseen\/\" \/>\n<meta property=\"og:locale\" content=\"sv_SE\" \/>\n<meta property=\"og:type\" content=\"article\" \/>\n<meta property=\"og:title\" content=\"Seppo Rytivaara Pellervon valtuuskunnan puheenjohtajaksi - Taavi Heikkil\u00e4 hallitukseen - Pellervo\" \/>\n<meta property=\"og:description\" content=\"Pellervo-Seura ry:n valtuuskunta valitsi 2.12.2016 Helsingiss\u00e4 pidetyss\u00e4 kokouksessaan puheenjohtajakseen Kainuun Osuuspankin toimitusjohtajan, kauppaneuvos Seppo Rytivaaran Kajaanista.\" \/>\n<meta property=\"og:url\" content=\"https:\/\/pellervo.fi\/jarjesto\/2016\/12\/02\/seppo-rytivaara-pellervon-valtuuskunnan-puheenjohtajaksi-taavi-heikkila-hallitukseen\/\" \/>\n<meta property=\"og:site_name\" content=\"Pellervo\" \/>\n<meta property=\"article:published_time\" content=\"2016-12-02T14:39:13+00:00\" \/>\n<meta property=\"article:modified_time\" content=\"2020-06-30T08:42:53+00:00\" \/>\n<meta property=\"og:image\" content=\"https:\/\/pellervo.fi\/wp-content\/uploads\/2016\/12\/rytivaara.jpg\" \/>\n\t<meta property=\"og:image:width\" content=\"650\" \/>\n\t<meta property=\"og:image:height\" content=\"433\" \/>\n\t<meta property=\"og:image:type\" content=\"image\/jpeg\" \/>\n<meta name=\"author\" content=\"pellervo\" \/>\n<meta name=\"twitter:card\" content=\"summary_large_image\" \/>\n<meta name=\"twitter:creator\" content=\"@PellervoFi\" \/>\n<meta name=\"twitter:site\" content=\"@PellervoFi\" \/>\n<meta name=\"twitter:label1\" content=\"Skriven av\" \/>\n\t<meta name=\"twitter:data1\" content=\"pellervo\" \/>\n\t<meta name=\"twitter:label2\" content=\"Ber\u00e4knad l\u00e4stid\" \/>\n\t<meta name=\"twitter:data2\" content=\"1 minut\" \/>\n<script type=\"application\/ld+json\" class=\"yoast-schema-graph\">{\"@context\":\"https:\\\/\\\/schema.org\",\"@graph\":[{\"@type\":\"Article\",\"@id\":\"https:\\\/\\\/pellervo.fi\\\/jarjesto\\\/2016\\\/12\\\/02\\\/seppo-rytivaara-pellervon-valtuuskunnan-puheenjohtajaksi-taavi-heikkila-hallitukseen\\\/#article\",\"isPartOf\":{\"@id\":\"https:\\\/\\\/pellervo.fi\\\/jarjesto\\\/2016\\\/12\\\/02\\\/seppo-rytivaara-pellervon-valtuuskunnan-puheenjohtajaksi-taavi-heikkila-hallitukseen\\\/\"},\"author\":{\"name\":\"pellervo\",\"@id\":\"https:\\\/\\\/pellervo.fi\\\/#\\\/schema\\\/person\\\/4b74d40956937d1367ade81899997e71\"},\"headline\":\"Seppo Rytivaara Pellervon valtuuskunnan puheenjohtajaksi &#8211; Taavi Heikkil\u00e4 hallitukseen\",\"datePublished\":\"2016-12-02T14:39:13+00:00\",\"dateModified\":\"2020-06-30T08:42:53+00:00\",\"mainEntityOfPage\":{\"@id\":\"https:\\\/\\\/pellervo.fi\\\/jarjesto\\\/2016\\\/12\\\/02\\\/seppo-rytivaara-pellervon-valtuuskunnan-puheenjohtajaksi-taavi-heikkila-hallitukseen\\\/\"},\"wordCount\":261,\"commentCount\":0,\"publisher\":{\"@id\":\"https:\\\/\\\/pellervo.fi\\\/#organization\"},\"image\":{\"@id\":\"https:\\\/\\\/pellervo.fi\\\/jarjesto\\\/2016\\\/12\\\/02\\\/seppo-rytivaara-pellervon-valtuuskunnan-puheenjohtajaksi-taavi-heikkila-hallitukseen\\\/#primaryimage\"},\"thumbnailUrl\":\"https:\\\/\\\/pellervo.fi\\\/wp-content\\\/uploads\\\/2016\\\/12\\\/rytivaara.jpg\",\"articleSection\":[\"J\u00e4rjest\u00f6\"],\"inLanguage\":\"sv-SE\",\"potentialAction\":[{\"@type\":\"CommentAction\",\"name\":\"Comment\",\"target\":[\"https:\\\/\\\/pellervo.fi\\\/jarjesto\\\/2016\\\/12\\\/02\\\/seppo-rytivaara-pellervon-valtuuskunnan-puheenjohtajaksi-taavi-heikkila-hallitukseen\\\/#respond\"]}]},{\"@type\":\"WebPage\",\"@id\":\"https:\\\/\\\/pellervo.fi\\\/jarjesto\\\/2016\\\/12\\\/02\\\/seppo-rytivaara-pellervon-valtuuskunnan-puheenjohtajaksi-taavi-heikkila-hallitukseen\\\/\",\"url\":\"https:\\\/\\\/pellervo.fi\\\/jarjesto\\\/2016\\\/12\\\/02\\\/seppo-rytivaara-pellervon-valtuuskunnan-puheenjohtajaksi-taavi-heikkila-hallitukseen\\\/\",\"name\":\"Seppo Rytivaara Pellervon valtuuskunnan puheenjohtajaksi - Taavi Heikkil\u00e4 hallitukseen - Pellervo\",\"isPartOf\":{\"@id\":\"https:\\\/\\\/pellervo.fi\\\/#website\"},\"primaryImageOfPage\":{\"@id\":\"https:\\\/\\\/pellervo.fi\\\/jarjesto\\\/2016\\\/12\\\/02\\\/seppo-rytivaara-pellervon-valtuuskunnan-puheenjohtajaksi-taavi-heikkila-hallitukseen\\\/#primaryimage\"},\"image\":{\"@id\":\"https:\\\/\\\/pellervo.fi\\\/jarjesto\\\/2016\\\/12\\\/02\\\/seppo-rytivaara-pellervon-valtuuskunnan-puheenjohtajaksi-taavi-heikkila-hallitukseen\\\/#primaryimage\"},\"thumbnailUrl\":\"https:\\\/\\\/pellervo.fi\\\/wp-content\\\/uploads\\\/2016\\\/12\\\/rytivaara.jpg\",\"datePublished\":\"2016-12-02T14:39:13+00:00\",\"dateModified\":\"2020-06-30T08:42:53+00:00\",\"breadcrumb\":{\"@id\":\"https:\\\/\\\/pellervo.fi\\\/jarjesto\\\/2016\\\/12\\\/02\\\/seppo-rytivaara-pellervon-valtuuskunnan-puheenjohtajaksi-taavi-heikkila-hallitukseen\\\/#breadcrumb\"},\"inLanguage\":\"sv-SE\",\"potentialAction\":[{\"@type\":\"ReadAction\",\"target\":[\"https:\\\/\\\/pellervo.fi\\\/jarjesto\\\/2016\\\/12\\\/02\\\/seppo-rytivaara-pellervon-valtuuskunnan-puheenjohtajaksi-taavi-heikkila-hallitukseen\\\/\"]}]},{\"@type\":\"ImageObject\",\"inLanguage\":\"sv-SE\",\"@id\":\"https:\\\/\\\/pellervo.fi\\\/jarjesto\\\/2016\\\/12\\\/02\\\/seppo-rytivaara-pellervon-valtuuskunnan-puheenjohtajaksi-taavi-heikkila-hallitukseen\\\/#primaryimage\",\"url\":\"https:\\\/\\\/pellervo.fi\\\/wp-content\\\/uploads\\\/2016\\\/12\\\/rytivaara.jpg\",\"contentUrl\":\"https:\\\/\\\/pellervo.fi\\\/wp-content\\\/uploads\\\/2016\\\/12\\\/rytivaara.jpg\",\"width\":650,\"height\":433},{\"@type\":\"BreadcrumbList\",\"@id\":\"https:\\\/\\\/pellervo.fi\\\/jarjesto\\\/2016\\\/12\\\/02\\\/seppo-rytivaara-pellervon-valtuuskunnan-puheenjohtajaksi-taavi-heikkila-hallitukseen\\\/#breadcrumb\",\"itemListElement\":[{\"@type\":\"ListItem\",\"position\":1,\"name\":\"Koti\",\"item\":\"https:\\\/\\\/pellervo.fi\\\/sv\\\/\"},{\"@type\":\"ListItem\",\"position\":2,\"name\":\"Seppo Rytivaara Pellervon valtuuskunnan puheenjohtajaksi &#8211; Taavi Heikkil\u00e4 hallitukseen\"}]},{\"@type\":\"WebSite\",\"@id\":\"https:\\\/\\\/pellervo.fi\\\/#website\",\"url\":\"https:\\\/\\\/pellervo.fi\\\/\",\"name\":\"Pellervo\",\"description\":\"Osuuskuntien keskusj\u00e4rjest\u00f6\",\"publisher\":{\"@id\":\"https:\\\/\\\/pellervo.fi\\\/#organization\"},\"potentialAction\":[{\"@type\":\"SearchAction\",\"target\":{\"@type\":\"EntryPoint\",\"urlTemplate\":\"https:\\\/\\\/pellervo.fi\\\/?s={search_term_string}\"},\"query-input\":{\"@type\":\"PropertyValueSpecification\",\"valueRequired\":true,\"valueName\":\"search_term_string\"}}],\"inLanguage\":\"sv-SE\"},{\"@type\":\"Organization\",\"@id\":\"https:\\\/\\\/pellervo.fi\\\/#organization\",\"name\":\"Osuustoimintakeskus Pellervo ry\",\"url\":\"https:\\\/\\\/pellervo.fi\\\/\",\"logo\":{\"@type\":\"ImageObject\",\"inLanguage\":\"sv-SE\",\"@id\":\"https:\\\/\\\/pellervo.fi\\\/#\\\/schema\\\/logo\\\/image\\\/\",\"url\":\"https:\\\/\\\/pellervo.fi\\\/wp-content\\\/uploads\\\/2020\\\/05\\\/Pellervo_logo.png\",\"contentUrl\":\"https:\\\/\\\/pellervo.fi\\\/wp-content\\\/uploads\\\/2020\\\/05\\\/Pellervo_logo.png\",\"width\":1335,\"height\":376,\"caption\":\"Osuustoimintakeskus Pellervo ry\"},\"image\":{\"@id\":\"https:\\\/\\\/pellervo.fi\\\/#\\\/schema\\\/logo\\\/image\\\/\"},\"sameAs\":[\"https:\\\/\\\/x.com\\\/PellervoFi\"]},{\"@type\":\"Person\",\"@id\":\"https:\\\/\\\/pellervo.fi\\\/#\\\/schema\\\/person\\\/4b74d40956937d1367ade81899997e71\",\"name\":\"pellervo\",\"image\":{\"@type\":\"ImageObject\",\"inLanguage\":\"sv-SE\",\"@id\":\"https:\\\/\\\/pellervo.fi\\\/wp-content\\\/uploads\\\/2013\\\/11\\\/pellervo_avatar_1384522134-96x96.jpg\",\"url\":\"https:\\\/\\\/pellervo.fi\\\/wp-content\\\/uploads\\\/2013\\\/11\\\/pellervo_avatar_1384522134-96x96.jpg\",\"contentUrl\":\"https:\\\/\\\/pellervo.fi\\\/wp-content\\\/uploads\\\/2013\\\/11\\\/pellervo_avatar_1384522134-96x96.jpg\",\"caption\":\"pellervo\"},\"description\":\"Kuvaus\",\"url\":\"https:\\\/\\\/pellervo.fi\\\/sv\\\/author\\\/pellervo\\\/\"}]}<\/script>\n<!-- \/ Yoast SEO plugin. -->","yoast_head_json":{"title":"Seppo Rytivaara Pellervon valtuuskunnan puheenjohtajaksi - Taavi Heikkil\u00e4 hallitukseen - Pellervo","robots":{"index":"index","follow":"follow","max-snippet":"max-snippet:-1","max-image-preview":"max-image-preview:large","max-video-preview":"max-video-preview:-1"},"canonical":"https:\/\/pellervo.fi\/jarjesto\/2016\/12\/02\/seppo-rytivaara-pellervon-valtuuskunnan-puheenjohtajaksi-taavi-heikkila-hallitukseen\/","og_locale":"sv_SE","og_type":"article","og_title":"Seppo Rytivaara Pellervon valtuuskunnan puheenjohtajaksi - Taavi Heikkil\u00e4 hallitukseen - Pellervo","og_description":"Pellervo-Seura ry:n valtuuskunta valitsi 2.12.2016 Helsingiss\u00e4 pidetyss\u00e4 kokouksessaan puheenjohtajakseen Kainuun Osuuspankin toimitusjohtajan, kauppaneuvos Seppo Rytivaaran Kajaanista.","og_url":"https:\/\/pellervo.fi\/jarjesto\/2016\/12\/02\/seppo-rytivaara-pellervon-valtuuskunnan-puheenjohtajaksi-taavi-heikkila-hallitukseen\/","og_site_name":"Pellervo","article_published_time":"2016-12-02T14:39:13+00:00","article_modified_time":"2020-06-30T08:42:53+00:00","og_image":[{"width":650,"height":433,"url":"https:\/\/pellervo.fi\/wp-content\/uploads\/2016\/12\/rytivaara.jpg","type":"image\/jpeg"}],"author":"pellervo","twitter_card":"summary_large_image","twitter_creator":"@PellervoFi","twitter_site":"@PellervoFi","twitter_misc":{"Skriven av":"pellervo","Ber\u00e4knad l\u00e4stid":"1 minut"},"schema":{"@context":"https:\/\/schema.org","@graph":[{"@type":"Article","@id":"https:\/\/pellervo.fi\/jarjesto\/2016\/12\/02\/seppo-rytivaara-pellervon-valtuuskunnan-puheenjohtajaksi-taavi-heikkila-hallitukseen\/#article","isPartOf":{"@id":"https:\/\/pellervo.fi\/jarjesto\/2016\/12\/02\/seppo-rytivaara-pellervon-valtuuskunnan-puheenjohtajaksi-taavi-heikkila-hallitukseen\/"},"author":{"name":"pellervo","@id":"https:\/\/pellervo.fi\/#\/schema\/person\/4b74d40956937d1367ade81899997e71"},"headline":"Seppo Rytivaara Pellervon valtuuskunnan puheenjohtajaksi &#8211; Taavi Heikkil\u00e4 hallitukseen","datePublished":"2016-12-02T14:39:13+00:00","dateModified":"2020-06-30T08:42:53+00:00","mainEntityOfPage":{"@id":"https:\/\/pellervo.fi\/jarjesto\/2016\/12\/02\/seppo-rytivaara-pellervon-valtuuskunnan-puheenjohtajaksi-taavi-heikkila-hallitukseen\/"},"wordCount":261,"commentCount":0,"publisher":{"@id":"https:\/\/pellervo.fi\/#organization"},"image":{"@id":"https:\/\/pellervo.fi\/jarjesto\/2016\/12\/02\/seppo-rytivaara-pellervon-valtuuskunnan-puheenjohtajaksi-taavi-heikkila-hallitukseen\/#primaryimage"},"thumbnailUrl":"https:\/\/pellervo.fi\/wp-content\/uploads\/2016\/12\/rytivaara.jpg","articleSection":["J\u00e4rjest\u00f6"],"inLanguage":"sv-SE","potentialAction":[{"@type":"CommentAction","name":"Comment","target":["https:\/\/pellervo.fi\/jarjesto\/2016\/12\/02\/seppo-rytivaara-pellervon-valtuuskunnan-puheenjohtajaksi-taavi-heikkila-hallitukseen\/#respond"]}]},{"@type":"WebPage","@id":"https:\/\/pellervo.fi\/jarjesto\/2016\/12\/02\/seppo-rytivaara-pellervon-valtuuskunnan-puheenjohtajaksi-taavi-heikkila-hallitukseen\/","url":"https:\/\/pellervo.fi\/jarjesto\/2016\/12\/02\/seppo-rytivaara-pellervon-valtuuskunnan-puheenjohtajaksi-taavi-heikkila-hallitukseen\/","name":"Seppo Rytivaara Pellervon valtuuskunnan puheenjohtajaksi - Taavi Heikkil\u00e4 hallitukseen - Pellervo","isPartOf":{"@id":"https:\/\/pellervo.fi\/#website"},"primaryImageOfPage":{"@id":"https:\/\/pellervo.fi\/jarjesto\/2016\/12\/02\/seppo-rytivaara-pellervon-valtuuskunnan-puheenjohtajaksi-taavi-heikkila-hallitukseen\/#primaryimage"},"image":{"@id":"https:\/\/pellervo.fi\/jarjesto\/2016\/12\/02\/seppo-rytivaara-pellervon-valtuuskunnan-puheenjohtajaksi-taavi-heikkila-hallitukseen\/#primaryimage"},"thumbnailUrl":"https:\/\/pellervo.fi\/wp-content\/uploads\/2016\/12\/rytivaara.jpg","datePublished":"2016-12-02T14:39:13+00:00","dateModified":"2020-06-30T08:42:53+00:00","breadcrumb":{"@id":"https:\/\/pellervo.fi\/jarjesto\/2016\/12\/02\/seppo-rytivaara-pellervon-valtuuskunnan-puheenjohtajaksi-taavi-heikkila-hallitukseen\/#breadcrumb"},"inLanguage":"sv-SE","potentialAction":[{"@type":"ReadAction","target":["https:\/\/pellervo.fi\/jarjesto\/2016\/12\/02\/seppo-rytivaara-pellervon-valtuuskunnan-puheenjohtajaksi-taavi-heikkila-hallitukseen\/"]}]},{"@type":"ImageObject","inLanguage":"sv-SE","@id":"https:\/\/pellervo.fi\/jarjesto\/2016\/12\/02\/seppo-rytivaara-pellervon-valtuuskunnan-puheenjohtajaksi-taavi-heikkila-hallitukseen\/#primaryimage","url":"https:\/\/pellervo.fi\/wp-content\/uploads\/2016\/12\/rytivaara.jpg","contentUrl":"https:\/\/pellervo.fi\/wp-content\/uploads\/2016\/12\/rytivaara.jpg","width":650,"height":433},{"@type":"BreadcrumbList","@id":"https:\/\/pellervo.fi\/jarjesto\/2016\/12\/02\/seppo-rytivaara-pellervon-valtuuskunnan-puheenjohtajaksi-taavi-heikkila-hallitukseen\/#breadcrumb","itemListElement":[{"@type":"ListItem","position":1,"name":"Koti","item":"https:\/\/pellervo.fi\/sv\/"},{"@type":"ListItem","position":2,"name":"Seppo Rytivaara Pellervon valtuuskunnan puheenjohtajaksi &#8211; Taavi Heikkil\u00e4 hallitukseen"}]},{"@type":"WebSite","@id":"https:\/\/pellervo.fi\/#website","url":"https:\/\/pellervo.fi\/","name":"Pellervo","description":"Osuuskuntien keskusj\u00e4rjest\u00f6","publisher":{"@id":"https:\/\/pellervo.fi\/#organization"},"potentialAction":[{"@type":"SearchAction","target":{"@type":"EntryPoint","urlTemplate":"https:\/\/pellervo.fi\/?s={search_term_string}"},"query-input":{"@type":"PropertyValueSpecification","valueRequired":true,"valueName":"search_term_string"}}],"inLanguage":"sv-SE"},{"@type":"Organization","@id":"https:\/\/pellervo.fi\/#organization","name":"Osuustoimintakeskus Pellervo ry","url":"https:\/\/pellervo.fi\/","logo":{"@type":"ImageObject","inLanguage":"sv-SE","@id":"https:\/\/pellervo.fi\/#\/schema\/logo\/image\/","url":"https:\/\/pellervo.fi\/wp-content\/uploads\/2020\/05\/Pellervo_logo.png","contentUrl":"https:\/\/pellervo.fi\/wp-content\/uploads\/2020\/05\/Pellervo_logo.png","width":1335,"height":376,"caption":"Osuustoimintakeskus Pellervo ry"},"image":{"@id":"https:\/\/pellervo.fi\/#\/schema\/logo\/image\/"},"sameAs":["https:\/\/x.com\/PellervoFi"]},{"@type":"Person","@id":"https:\/\/pellervo.fi\/#\/schema\/person\/4b74d40956937d1367ade81899997e71","name":"pellervo","image":{"@type":"ImageObject","inLanguage":"sv-SE","@id":"https:\/\/pellervo.fi\/wp-content\/uploads\/2013\/11\/pellervo_avatar_1384522134-96x96.jpg","url":"https:\/\/pellervo.fi\/wp-content\/uploads\/2013\/11\/pellervo_avatar_1384522134-96x96.jpg","contentUrl":"https:\/\/pellervo.fi\/wp-content\/uploads\/2013\/11\/pellervo_avatar_1384522134-96x96.jpg","caption":"pellervo"},"description":"Kuvaus","url":"https:\/\/pellervo.fi\/sv\/author\/pellervo\/"}]}},"_links":{"self":[{"href":"https:\/\/pellervo.fi\/sv\/wp-json\/wp\/v2\/posts\/542920","targetHints":{"allow":["GET"]}}],"collection":[{"href":"https:\/\/pellervo.fi\/sv\/wp-json\/wp\/v2\/posts"}],"about":[{"href":"https:\/\/pellervo.fi\/sv\/wp-json\/wp\/v2\/types\/post"}],"author":[{"embeddable":true,"href":"https:\/\/pellervo.fi\/sv\/wp-json\/wp\/v2\/users\/5"}],"replies":[{"embeddable":true,"href":"https:\/\/pellervo.fi\/sv\/wp-json\/wp\/v2\/comments?post=542920"}],"version-history":[{"count":7,"href":"https:\/\/pellervo.fi\/sv\/wp-json\/wp\/v2\/posts\/542920\/revisions"}],"predecessor-version":[{"id":579084,"href":"https:\/\/pellervo.fi\/sv\/wp-json\/wp\/v2\/posts\/542920\/revisions\/579084"}],"wp:featuredmedia":[{"embeddable":true,"href":"https:\/\/pellervo.fi\/sv\/wp-json\/wp\/v2\/media\/542880"}],"wp:attachment":[{"href":"https:\/\/pellervo.fi\/sv\/wp-json\/wp\/v2\/media?parent=542920"}],"wp:term":[{"taxonomy":"category","embeddable":true,"href":"https:\/\/pellervo.fi\/sv\/wp-json\/wp\/v2\/categories?post=542920"},{"taxonomy":"post_tag","embeddable":true,"href":"https:\/\/pellervo.fi\/sv\/wp-json\/wp\/v2\/tags?post=542920"}],"curies":[{"name":"wp","href":"https:\/\/api.w.org\/{rel}","templated":true}]}}