{"id":641963,"date":"2017-03-10T13:11:28","date_gmt":"2017-03-10T11:11:28","guid":{"rendered":"http:\/\/pellervo.fi\/?p=641963"},"modified":"2017-03-10T10:30:55","modified_gmt":"2017-03-10T08:30:55","slug":"luovien-alojen-osuuskunnalla-oli-ennatysmaisen-tuottelias-vuosi","status":"publish","type":"post","link":"https:\/\/pellervo.fi\/sv\/uutiset\/2017\/03\/10\/luovien-alojen-osuuskunnalla-oli-ennatysmaisen-tuottelias-vuosi\/","title":{"rendered":"Luovien alojen osuuskunnalla oli enn\u00e4tysm\u00e4isen tuottelias vuosi"},"content":{"rendered":"<p><strong>Ensi vuonna 20-vuotista taivaltaan juhliva Osuuskunta Mikkelin Mediaali tuotti viime vuonna poikkeuksellisen monta etel\u00e4savolaisittain merkitt\u00e4v\u00e4\u00e4 julkaisua sek\u00e4 aloitti dokumenttielokuvien teon. Laajin mediaalilaisten kirjoittamista historiateoksista oli FM, historiantutkija Pia Puntasen kirjoittama Kasvun vuosisata, Osuuskauppa Suur-Savon historia 1916-2016.<\/strong><\/p>\n<p>\u201dOsuustoimintaa syntyi useille eri aloille 1900-luvun alussa. Osuuskauppoja perustettiin kaikkiin kuntiin, ja ajastaan ne yhdistyiv\u00e4t suuremmiksi kokonaisuuksiksi ja lopulta maakunnalliseksi Osuuskauppa Suur-Savoksi. Vaikeiden alkuvuosien j\u00e4lkeen alkoi merkitt\u00e4v\u00e4 kasvu ja t\u00e4n\u00e4 p\u00e4iv\u00e4n\u00e4 Osuuskauppa Suur-Savo on yksi maakunnan suurimmista ja kannattavimmista yrityksist\u00e4. Osuustoiminta on osoittanut elinvoimaisuutensa my\u00f6s 2000-luvulla\u201d,<strong> Pia Puntanen<\/strong> muistuttaa.<\/p>\n<p>FL, kulttuurintutkija Leena Hangasmaalta valmistui kaksi historiateosta, joista toinen kuvasi Mikkelin kes\u00e4yliopiston vaiheet ja toinen Mikkelin kaupungin kulttuuripalveluiden kehityskaaret. Lis\u00e4ksi h\u00e4n teki rakennushistoriaselvityksi\u00e4 Mikkelin kaupungin tekniselle toimelle <strong>Laura Vikmanin<\/strong> kanssa.<\/p>\n<p>\u201dViime vuoden historiaprojektit avasivat Mikkelin sivistyksen, koulutuksen ja kulttuurin merkitt\u00e4vien toimijoiden l\u00e4himenneisyytt\u00e4. Tutkijana yll\u00e4tyin itsekin, kuinka korkeatasoista ja pitk\u00e4j\u00e4nteist\u00e4 ty\u00f6t\u00e4 alueen hyvinvoinnin eteen t\u00e4\u00e4ll\u00e4 on n\u00e4ill\u00e4 saroilla tehty pitk\u00e4\u00e4n. Rakennushistoriaselvitykset taas palvelevat kaupunkisuunnittelua kaavoituksen uudistamisessa. Kulttuuriymp\u00e4rist\u00f6mme on t\u00e4ynn\u00e4 upeita rakennuksia ja maisemia tarinoineen, jotka ansaitsevat p\u00e4\u00e4st\u00e4 esille. Hyvin hoidettu kulttuuriymp\u00e4rist\u00f6 on kaupungille vetovoima- ja hyvinvointitekij\u00e4\u201d, <strong>Leena Hangasmaa<\/strong> kuvaa.<\/p>\n<p>Osuuskunnan alkuper\u00e4isiin perustajaj\u00e4seniin kuuluva YTM, toimittaja<strong> P\u00e4ivi Kapiainen-Heiskanen<\/strong> k\u00e4sikirjoitti ja ohjasi Porot kuuluvat tuulelle -dokumenttielokuvan, joka sai tammikuussa 2016 ensi-iltansa Inarissa Sk\u00e1bmagovat- festivaalilla ja seuraavana p\u00e4iv\u00e4n\u00e4 J\u00e4\u00e4n reunalla -festivaalilla Helsingiss\u00e4. Dokumenttielokuvaa esitettiin viime vuonna kotimaassa my\u00f6s Savonlinnan luontoelokuvafestivaaleilla, Rauman Sinisen Meren Elokuvajuhlilla ja Vaasan kansainv\u00e4lisill\u00e4 luontoelokuvafestivaaleilla (3. paras pohjoismaisten filmien sarjassa). Ulkomailla n\u00e4yt\u00f6ksi\u00e4 oli Native Spirit -festivaalilla Lontoon yliopistossa ja Kanadassa indie-tekij\u00f6iden Sunrise-festivaaleilla (paras kv. filmi).<\/p>\n<p>\u201dPorot kuuluvat tuulelle -filmin t\u00e4hti on K\u00e4ki-elokuvasta maailmanmaineeseen noussut n\u00e4yttelij\u00e4<strong> Anni-Kristiina Juuso<\/strong>, joka ilman t\u00e4m\u00e4 filmi ei olisi syntynyt. Kev\u00e4\u00e4n kuluessa filmi on mukana kahdella kv. filmifestivaalilla sek\u00e4 useissa tilaisuuksissa. Kes\u00e4\u00e4n menness\u00e4 saa ensi-iltansa Kun koulu vapautui vankilasta eli tunnin mittainen dokumenttielokuva Halmeniemen kansakoulun tarinasta. Katsoja l\u00f6yt\u00e4\u00e4 toivottavasti filmist\u00e4 itse\u00e4\u00e4n kiinnostavan tason, joka voi olla niin kyl\u00e4koulutaistelu, Suomen koululaitoksen kehitys kuin talkooty\u00f6kin. Filmist\u00e4 tehd\u00e4\u00e4n my\u00f6s englanninkielelle tekstitetty versio. Musiikkina k\u00e4ytet\u00e4\u00e4n Kyl\u00e4b\u00e4ndi Lahjomattomien kappaleita\u201d, <strong>P\u00e4ivi Kapiainen-Heiskanen<\/strong> sanoo.<\/p>\n<p>Osuuskunnan pitk\u00e4aikainen j\u00e4sen toimittaja <strong>Mervi Sensio<\/strong> muutti ennen joulua Espanjan Andalusiaan ajaen Euroopan halki kyydiss\u00e4 nelj\u00e4 hevosta ja kaksi koiraa. H\u00e4n jatkaa toimittajan ty\u00f6t\u00e4\u00e4n uudesta kotimaastaan k\u00e4sin.<\/p>\n<p>\u201dUteliaisuus voitti turvallisuuden tunteen. Siksi asun Espanjassa tytt\u00e4reni ja el\u00e4inlauman kanssa, opiskelen espanjaa ja Espanjaa, eik\u00e4 p\u00e4ivist\u00e4 toden totta puutu seikkailua. Ty\u00f6kalut mahtuvat onnekseni reppuun. Tarinoita el\u00e4m\u00e4st\u00e4mme voi seurata Facebookissa: Suomesta Espanjaan hevosten ja koirien kanssa\u201d, Mervi Sensio kertoo.<\/p>\n<p>Teksti:\u00a0Osuuskunta Mikkelin Mediaali  <\/p>\n","protected":false},"excerpt":{"rendered":"<p>Ensi vuonna 20-vuotista taivaltaan juhliva Osuuskunta Mikkelin Mediaali tuotti viime vuonna poikkeuksellisen monta etel\u00e4savolaisittain merkitt\u00e4v\u00e4\u00e4 julkaisua sek\u00e4 aloitti dokumenttielokuvien teon. Laajin mediaalilaisten kirjoittamista historiateoksista oli FM, historiantutkija Pia Puntasen kirjoittama Kasvun vuosisata, Osuuskauppa Suur-Savon historia 1916-2016.<\/p>\n","protected":false},"author":5,"featured_media":0,"comment_status":"open","ping_status":"open","sticky":false,"template":"","format":"standard","meta":{"inline_featured_image":false,"_monsterinsights_skip_tracking":false,"_monsterinsights_sitenote_active":false,"_monsterinsights_sitenote_note":"","_monsterinsights_sitenote_category":0,"site-sidebar-layout":"default","site-content-layout":"","ast-site-content-layout":"default","site-content-style":"default","site-sidebar-style":"default","ast-global-header-display":"","ast-banner-title-visibility":"","ast-main-header-display":"","ast-hfb-above-header-display":"","ast-hfb-below-header-display":"","ast-hfb-mobile-header-display":"","site-post-title":"","ast-breadcrumbs-content":"","ast-featured-img":"","footer-sml-layout":"","ast-disable-related-posts":"","theme-transparent-header-meta":"","adv-header-id-meta":"","stick-header-meta":"","header-above-stick-meta":"","header-main-stick-meta":"","header-below-stick-meta":"","astra-migrate-meta-layouts":"default","ast-page-background-enabled":"default","ast-page-background-meta":{"desktop":{"background-color":"","background-image":"","background-repeat":"repeat","background-position":"center center","background-size":"auto","background-attachment":"scroll","background-type":"","background-media":"","overlay-type":"","overlay-color":"","overlay-opacity":"","overlay-gradient":""},"tablet":{"background-color":"","background-image":"","background-repeat":"repeat","background-position":"center center","background-size":"auto","background-attachment":"scroll","background-type":"","background-media":"","overlay-type":"","overlay-color":"","overlay-opacity":"","overlay-gradient":""},"mobile":{"background-color":"","background-image":"","background-repeat":"repeat","background-position":"center center","background-size":"auto","background-attachment":"scroll","background-type":"","background-media":"","overlay-type":"","overlay-color":"","overlay-opacity":"","overlay-gradient":""}},"ast-content-background-meta":{"desktop":{"background-color":"var(--ast-global-color-5)","background-image":"","background-repeat":"repeat","background-position":"center center","background-size":"auto","background-attachment":"scroll","background-type":"","background-media":"","overlay-type":"","overlay-color":"","overlay-opacity":"","overlay-gradient":""},"tablet":{"background-color":"var(--ast-global-color-5)","background-image":"","background-repeat":"repeat","background-position":"center center","background-size":"auto","background-attachment":"scroll","background-type":"","background-media":"","overlay-type":"","overlay-color":"","overlay-opacity":"","overlay-gradient":""},"mobile":{"background-color":"var(--ast-global-color-5)","background-image":"","background-repeat":"repeat","background-position":"center center","background-size":"auto","background-attachment":"scroll","background-type":"","background-media":"","overlay-type":"","overlay-color":"","overlay-opacity":"","overlay-gradient":""}},"_FSMCFIC_featured_image_caption":"","_FSMCFIC_featured_image_nocaption":"","_FSMCFIC_featured_image_hide":"","footnotes":""},"categories":[22],"tags":[],"class_list":["post-641963","post","type-post","status-publish","format-standard","hentry","category-uutiset"],"yoast_head":"<!-- This site is optimized with the Yoast SEO plugin v27.5 - https:\/\/yoast.com\/product\/yoast-seo-wordpress\/ -->\n<title>Luovien alojen osuuskunnalla oli enn\u00e4tysm\u00e4isen tuottelias vuosi - Pellervo<\/title>\n<meta name=\"robots\" content=\"index, follow, max-snippet:-1, max-image-preview:large, max-video-preview:-1\" \/>\n<link rel=\"canonical\" href=\"https:\/\/pellervo.fi\/uutiset\/2017\/03\/10\/luovien-alojen-osuuskunnalla-oli-ennatysmaisen-tuottelias-vuosi\/\" \/>\n<meta property=\"og:locale\" content=\"sv_SE\" \/>\n<meta property=\"og:type\" content=\"article\" \/>\n<meta property=\"og:title\" content=\"Luovien alojen osuuskunnalla oli enn\u00e4tysm\u00e4isen tuottelias vuosi - Pellervo\" \/>\n<meta property=\"og:description\" content=\"Ensi vuonna 20-vuotista taivaltaan juhliva Osuuskunta Mikkelin Mediaali tuotti viime vuonna poikkeuksellisen monta etel\u00e4savolaisittain merkitt\u00e4v\u00e4\u00e4 julkaisua sek\u00e4 aloitti dokumenttielokuvien teon. Laajin mediaalilaisten kirjoittamista historiateoksista oli FM, historiantutkija Pia Puntasen kirjoittama Kasvun vuosisata, Osuuskauppa Suur-Savon historia 1916-2016.\" \/>\n<meta property=\"og:url\" content=\"https:\/\/pellervo.fi\/uutiset\/2017\/03\/10\/luovien-alojen-osuuskunnalla-oli-ennatysmaisen-tuottelias-vuosi\/\" \/>\n<meta property=\"og:site_name\" content=\"Pellervo\" \/>\n<meta property=\"article:published_time\" content=\"2017-03-10T11:11:28+00:00\" \/>\n<meta property=\"og:image\" content=\"https:\/\/pellervo.fi\/wp-content\/uploads\/2020\/04\/pallo2020.jpg\" \/>\n\t<meta property=\"og:image:width\" content=\"850\" \/>\n\t<meta property=\"og:image:height\" content=\"560\" \/>\n\t<meta property=\"og:image:type\" content=\"image\/jpeg\" \/>\n<meta name=\"author\" content=\"pellervo\" \/>\n<meta name=\"twitter:card\" content=\"summary_large_image\" \/>\n<meta name=\"twitter:creator\" content=\"@PellervoFi\" \/>\n<meta name=\"twitter:site\" content=\"@PellervoFi\" \/>\n<meta name=\"twitter:label1\" content=\"Skriven av\" \/>\n\t<meta name=\"twitter:data1\" content=\"pellervo\" \/>\n\t<meta name=\"twitter:label2\" content=\"Ber\u00e4knad l\u00e4stid\" \/>\n\t<meta name=\"twitter:data2\" content=\"2 minuter\" \/>\n<script type=\"application\/ld+json\" class=\"yoast-schema-graph\">{\"@context\":\"https:\\\/\\\/schema.org\",\"@graph\":[{\"@type\":\"Article\",\"@id\":\"https:\\\/\\\/pellervo.fi\\\/uutiset\\\/2017\\\/03\\\/10\\\/luovien-alojen-osuuskunnalla-oli-ennatysmaisen-tuottelias-vuosi\\\/#article\",\"isPartOf\":{\"@id\":\"https:\\\/\\\/pellervo.fi\\\/uutiset\\\/2017\\\/03\\\/10\\\/luovien-alojen-osuuskunnalla-oli-ennatysmaisen-tuottelias-vuosi\\\/\"},\"author\":{\"name\":\"pellervo\",\"@id\":\"https:\\\/\\\/pellervo.fi\\\/#\\\/schema\\\/person\\\/4b74d40956937d1367ade81899997e71\"},\"headline\":\"Luovien alojen osuuskunnalla oli enn\u00e4tysm\u00e4isen tuottelias vuosi\",\"datePublished\":\"2017-03-10T11:11:28+00:00\",\"mainEntityOfPage\":{\"@id\":\"https:\\\/\\\/pellervo.fi\\\/uutiset\\\/2017\\\/03\\\/10\\\/luovien-alojen-osuuskunnalla-oli-ennatysmaisen-tuottelias-vuosi\\\/\"},\"wordCount\":461,\"commentCount\":0,\"publisher\":{\"@id\":\"https:\\\/\\\/pellervo.fi\\\/#organization\"},\"articleSection\":[\"Uutiset\"],\"inLanguage\":\"sv-SE\",\"potentialAction\":[{\"@type\":\"CommentAction\",\"name\":\"Comment\",\"target\":[\"https:\\\/\\\/pellervo.fi\\\/uutiset\\\/2017\\\/03\\\/10\\\/luovien-alojen-osuuskunnalla-oli-ennatysmaisen-tuottelias-vuosi\\\/#respond\"]}]},{\"@type\":\"WebPage\",\"@id\":\"https:\\\/\\\/pellervo.fi\\\/uutiset\\\/2017\\\/03\\\/10\\\/luovien-alojen-osuuskunnalla-oli-ennatysmaisen-tuottelias-vuosi\\\/\",\"url\":\"https:\\\/\\\/pellervo.fi\\\/uutiset\\\/2017\\\/03\\\/10\\\/luovien-alojen-osuuskunnalla-oli-ennatysmaisen-tuottelias-vuosi\\\/\",\"name\":\"Luovien alojen osuuskunnalla oli enn\u00e4tysm\u00e4isen tuottelias vuosi - Pellervo\",\"isPartOf\":{\"@id\":\"https:\\\/\\\/pellervo.fi\\\/#website\"},\"datePublished\":\"2017-03-10T11:11:28+00:00\",\"breadcrumb\":{\"@id\":\"https:\\\/\\\/pellervo.fi\\\/uutiset\\\/2017\\\/03\\\/10\\\/luovien-alojen-osuuskunnalla-oli-ennatysmaisen-tuottelias-vuosi\\\/#breadcrumb\"},\"inLanguage\":\"sv-SE\",\"potentialAction\":[{\"@type\":\"ReadAction\",\"target\":[\"https:\\\/\\\/pellervo.fi\\\/uutiset\\\/2017\\\/03\\\/10\\\/luovien-alojen-osuuskunnalla-oli-ennatysmaisen-tuottelias-vuosi\\\/\"]}]},{\"@type\":\"BreadcrumbList\",\"@id\":\"https:\\\/\\\/pellervo.fi\\\/uutiset\\\/2017\\\/03\\\/10\\\/luovien-alojen-osuuskunnalla-oli-ennatysmaisen-tuottelias-vuosi\\\/#breadcrumb\",\"itemListElement\":[{\"@type\":\"ListItem\",\"position\":1,\"name\":\"Koti\",\"item\":\"https:\\\/\\\/pellervo.fi\\\/sv\\\/\"},{\"@type\":\"ListItem\",\"position\":2,\"name\":\"Luovien alojen osuuskunnalla oli enn\u00e4tysm\u00e4isen tuottelias vuosi\"}]},{\"@type\":\"WebSite\",\"@id\":\"https:\\\/\\\/pellervo.fi\\\/#website\",\"url\":\"https:\\\/\\\/pellervo.fi\\\/\",\"name\":\"Pellervo\",\"description\":\"Osuuskuntien keskusj\u00e4rjest\u00f6\",\"publisher\":{\"@id\":\"https:\\\/\\\/pellervo.fi\\\/#organization\"},\"potentialAction\":[{\"@type\":\"SearchAction\",\"target\":{\"@type\":\"EntryPoint\",\"urlTemplate\":\"https:\\\/\\\/pellervo.fi\\\/?s={search_term_string}\"},\"query-input\":{\"@type\":\"PropertyValueSpecification\",\"valueRequired\":true,\"valueName\":\"search_term_string\"}}],\"inLanguage\":\"sv-SE\"},{\"@type\":\"Organization\",\"@id\":\"https:\\\/\\\/pellervo.fi\\\/#organization\",\"name\":\"Osuustoimintakeskus Pellervo ry\",\"url\":\"https:\\\/\\\/pellervo.fi\\\/\",\"logo\":{\"@type\":\"ImageObject\",\"inLanguage\":\"sv-SE\",\"@id\":\"https:\\\/\\\/pellervo.fi\\\/#\\\/schema\\\/logo\\\/image\\\/\",\"url\":\"https:\\\/\\\/pellervo.fi\\\/wp-content\\\/uploads\\\/2020\\\/05\\\/Pellervo_logo.png\",\"contentUrl\":\"https:\\\/\\\/pellervo.fi\\\/wp-content\\\/uploads\\\/2020\\\/05\\\/Pellervo_logo.png\",\"width\":1335,\"height\":376,\"caption\":\"Osuustoimintakeskus Pellervo ry\"},\"image\":{\"@id\":\"https:\\\/\\\/pellervo.fi\\\/#\\\/schema\\\/logo\\\/image\\\/\"},\"sameAs\":[\"https:\\\/\\\/x.com\\\/PellervoFi\"]},{\"@type\":\"Person\",\"@id\":\"https:\\\/\\\/pellervo.fi\\\/#\\\/schema\\\/person\\\/4b74d40956937d1367ade81899997e71\",\"name\":\"pellervo\",\"image\":{\"@type\":\"ImageObject\",\"inLanguage\":\"sv-SE\",\"@id\":\"https:\\\/\\\/pellervo.fi\\\/wp-content\\\/uploads\\\/2013\\\/11\\\/pellervo_avatar_1384522134-96x96.jpg\",\"url\":\"https:\\\/\\\/pellervo.fi\\\/wp-content\\\/uploads\\\/2013\\\/11\\\/pellervo_avatar_1384522134-96x96.jpg\",\"contentUrl\":\"https:\\\/\\\/pellervo.fi\\\/wp-content\\\/uploads\\\/2013\\\/11\\\/pellervo_avatar_1384522134-96x96.jpg\",\"caption\":\"pellervo\"},\"description\":\"Kuvaus\",\"url\":\"https:\\\/\\\/pellervo.fi\\\/sv\\\/author\\\/pellervo\\\/\"}]}<\/script>\n<!-- \/ Yoast SEO plugin. -->","yoast_head_json":{"title":"Luovien alojen osuuskunnalla oli enn\u00e4tysm\u00e4isen tuottelias vuosi - Pellervo","robots":{"index":"index","follow":"follow","max-snippet":"max-snippet:-1","max-image-preview":"max-image-preview:large","max-video-preview":"max-video-preview:-1"},"canonical":"https:\/\/pellervo.fi\/uutiset\/2017\/03\/10\/luovien-alojen-osuuskunnalla-oli-ennatysmaisen-tuottelias-vuosi\/","og_locale":"sv_SE","og_type":"article","og_title":"Luovien alojen osuuskunnalla oli enn\u00e4tysm\u00e4isen tuottelias vuosi - Pellervo","og_description":"Ensi vuonna 20-vuotista taivaltaan juhliva Osuuskunta Mikkelin Mediaali tuotti viime vuonna poikkeuksellisen monta etel\u00e4savolaisittain merkitt\u00e4v\u00e4\u00e4 julkaisua sek\u00e4 aloitti dokumenttielokuvien teon. Laajin mediaalilaisten kirjoittamista historiateoksista oli FM, historiantutkija Pia Puntasen kirjoittama Kasvun vuosisata, Osuuskauppa Suur-Savon historia 1916-2016.","og_url":"https:\/\/pellervo.fi\/uutiset\/2017\/03\/10\/luovien-alojen-osuuskunnalla-oli-ennatysmaisen-tuottelias-vuosi\/","og_site_name":"Pellervo","article_published_time":"2017-03-10T11:11:28+00:00","og_image":[{"width":850,"height":560,"url":"https:\/\/pellervo.fi\/wp-content\/uploads\/2020\/04\/pallo2020.jpg","type":"image\/jpeg"}],"author":"pellervo","twitter_card":"summary_large_image","twitter_creator":"@PellervoFi","twitter_site":"@PellervoFi","twitter_misc":{"Skriven av":"pellervo","Ber\u00e4knad l\u00e4stid":"2 minuter"},"schema":{"@context":"https:\/\/schema.org","@graph":[{"@type":"Article","@id":"https:\/\/pellervo.fi\/uutiset\/2017\/03\/10\/luovien-alojen-osuuskunnalla-oli-ennatysmaisen-tuottelias-vuosi\/#article","isPartOf":{"@id":"https:\/\/pellervo.fi\/uutiset\/2017\/03\/10\/luovien-alojen-osuuskunnalla-oli-ennatysmaisen-tuottelias-vuosi\/"},"author":{"name":"pellervo","@id":"https:\/\/pellervo.fi\/#\/schema\/person\/4b74d40956937d1367ade81899997e71"},"headline":"Luovien alojen osuuskunnalla oli enn\u00e4tysm\u00e4isen tuottelias vuosi","datePublished":"2017-03-10T11:11:28+00:00","mainEntityOfPage":{"@id":"https:\/\/pellervo.fi\/uutiset\/2017\/03\/10\/luovien-alojen-osuuskunnalla-oli-ennatysmaisen-tuottelias-vuosi\/"},"wordCount":461,"commentCount":0,"publisher":{"@id":"https:\/\/pellervo.fi\/#organization"},"articleSection":["Uutiset"],"inLanguage":"sv-SE","potentialAction":[{"@type":"CommentAction","name":"Comment","target":["https:\/\/pellervo.fi\/uutiset\/2017\/03\/10\/luovien-alojen-osuuskunnalla-oli-ennatysmaisen-tuottelias-vuosi\/#respond"]}]},{"@type":"WebPage","@id":"https:\/\/pellervo.fi\/uutiset\/2017\/03\/10\/luovien-alojen-osuuskunnalla-oli-ennatysmaisen-tuottelias-vuosi\/","url":"https:\/\/pellervo.fi\/uutiset\/2017\/03\/10\/luovien-alojen-osuuskunnalla-oli-ennatysmaisen-tuottelias-vuosi\/","name":"Luovien alojen osuuskunnalla oli enn\u00e4tysm\u00e4isen tuottelias vuosi - Pellervo","isPartOf":{"@id":"https:\/\/pellervo.fi\/#website"},"datePublished":"2017-03-10T11:11:28+00:00","breadcrumb":{"@id":"https:\/\/pellervo.fi\/uutiset\/2017\/03\/10\/luovien-alojen-osuuskunnalla-oli-ennatysmaisen-tuottelias-vuosi\/#breadcrumb"},"inLanguage":"sv-SE","potentialAction":[{"@type":"ReadAction","target":["https:\/\/pellervo.fi\/uutiset\/2017\/03\/10\/luovien-alojen-osuuskunnalla-oli-ennatysmaisen-tuottelias-vuosi\/"]}]},{"@type":"BreadcrumbList","@id":"https:\/\/pellervo.fi\/uutiset\/2017\/03\/10\/luovien-alojen-osuuskunnalla-oli-ennatysmaisen-tuottelias-vuosi\/#breadcrumb","itemListElement":[{"@type":"ListItem","position":1,"name":"Koti","item":"https:\/\/pellervo.fi\/sv\/"},{"@type":"ListItem","position":2,"name":"Luovien alojen osuuskunnalla oli enn\u00e4tysm\u00e4isen tuottelias vuosi"}]},{"@type":"WebSite","@id":"https:\/\/pellervo.fi\/#website","url":"https:\/\/pellervo.fi\/","name":"Pellervo","description":"Osuuskuntien keskusj\u00e4rjest\u00f6","publisher":{"@id":"https:\/\/pellervo.fi\/#organization"},"potentialAction":[{"@type":"SearchAction","target":{"@type":"EntryPoint","urlTemplate":"https:\/\/pellervo.fi\/?s={search_term_string}"},"query-input":{"@type":"PropertyValueSpecification","valueRequired":true,"valueName":"search_term_string"}}],"inLanguage":"sv-SE"},{"@type":"Organization","@id":"https:\/\/pellervo.fi\/#organization","name":"Osuustoimintakeskus Pellervo ry","url":"https:\/\/pellervo.fi\/","logo":{"@type":"ImageObject","inLanguage":"sv-SE","@id":"https:\/\/pellervo.fi\/#\/schema\/logo\/image\/","url":"https:\/\/pellervo.fi\/wp-content\/uploads\/2020\/05\/Pellervo_logo.png","contentUrl":"https:\/\/pellervo.fi\/wp-content\/uploads\/2020\/05\/Pellervo_logo.png","width":1335,"height":376,"caption":"Osuustoimintakeskus Pellervo ry"},"image":{"@id":"https:\/\/pellervo.fi\/#\/schema\/logo\/image\/"},"sameAs":["https:\/\/x.com\/PellervoFi"]},{"@type":"Person","@id":"https:\/\/pellervo.fi\/#\/schema\/person\/4b74d40956937d1367ade81899997e71","name":"pellervo","image":{"@type":"ImageObject","inLanguage":"sv-SE","@id":"https:\/\/pellervo.fi\/wp-content\/uploads\/2013\/11\/pellervo_avatar_1384522134-96x96.jpg","url":"https:\/\/pellervo.fi\/wp-content\/uploads\/2013\/11\/pellervo_avatar_1384522134-96x96.jpg","contentUrl":"https:\/\/pellervo.fi\/wp-content\/uploads\/2013\/11\/pellervo_avatar_1384522134-96x96.jpg","caption":"pellervo"},"description":"Kuvaus","url":"https:\/\/pellervo.fi\/sv\/author\/pellervo\/"}]}},"_links":{"self":[{"href":"https:\/\/pellervo.fi\/sv\/wp-json\/wp\/v2\/posts\/641963","targetHints":{"allow":["GET"]}}],"collection":[{"href":"https:\/\/pellervo.fi\/sv\/wp-json\/wp\/v2\/posts"}],"about":[{"href":"https:\/\/pellervo.fi\/sv\/wp-json\/wp\/v2\/types\/post"}],"author":[{"embeddable":true,"href":"https:\/\/pellervo.fi\/sv\/wp-json\/wp\/v2\/users\/5"}],"replies":[{"embeddable":true,"href":"https:\/\/pellervo.fi\/sv\/wp-json\/wp\/v2\/comments?post=641963"}],"version-history":[{"count":2,"href":"https:\/\/pellervo.fi\/sv\/wp-json\/wp\/v2\/posts\/641963\/revisions"}],"predecessor-version":[{"id":642005,"href":"https:\/\/pellervo.fi\/sv\/wp-json\/wp\/v2\/posts\/641963\/revisions\/642005"}],"wp:attachment":[{"href":"https:\/\/pellervo.fi\/sv\/wp-json\/wp\/v2\/media?parent=641963"}],"wp:term":[{"taxonomy":"category","embeddable":true,"href":"https:\/\/pellervo.fi\/sv\/wp-json\/wp\/v2\/categories?post=641963"},{"taxonomy":"post_tag","embeddable":true,"href":"https:\/\/pellervo.fi\/sv\/wp-json\/wp\/v2\/tags?post=641963"}],"curies":[{"name":"wp","href":"https:\/\/api.w.org\/{rel}","templated":true}]}}