{"id":656651,"date":"2017-04-03T10:23:33","date_gmt":"2017-04-03T07:23:33","guid":{"rendered":"http:\/\/pellervo.fi\/?p=656651"},"modified":"2017-04-03T10:24:21","modified_gmt":"2017-04-03T07:24:21","slug":"valio-suomen-vastuullisin-brandi-kolme-s-ryhman-brandia-karkikymmenikossa","status":"publish","type":"post","link":"https:\/\/pellervo.fi\/sv\/uutiset\/2017\/04\/03\/valio-suomen-vastuullisin-brandi-kolme-s-ryhman-brandia-karkikymmenikossa\/","title":{"rendered":"Valio on Suomen vastuullisin br\u00e4ndi &#8211; Kolme S-ryhm\u00e4n br\u00e4ndi\u00e4 k\u00e4rkikymmenik\u00f6ss\u00e4"},"content":{"rendered":"<p><strong>Suomalaiset pit\u00e4v\u00e4t Valiota Suomen vastuullisimpana br\u00e4ndin\u00e4 jo 4. kerran per\u00e4kk\u00e4in pohjoismaiden laajimmassa tutkimuksessa, jossa selvitet\u00e4\u00e4n kansalaisten n\u00e4kemyksi\u00e4 tunnettujen yritysten vastuullisuudesta Ruotsissa, Norjassa, Tanskassa, Suomessa ja nyt t\u00e4n\u00e4 vuonna my\u00f6s Alankomaissa. My\u00f6s S-ryhm\u00e4n br\u00e4ndit menestyiv\u00e4t tutkimuksessa.<\/strong><\/p>\n<p>Kuluttajien silmiss\u00e4 Valion ykk\u00f6seksi vastuullisuusasioissa nostavat sen suhtautuminen el\u00e4imiin ja hyv\u00e4 suhde kuluttajiin. Suomalaiset arvostavat nimitt\u00e4in vastuullisuuden osa-alueista eniten hyv\u00e4\u00e4 huolenpitoa el\u00e4imist\u00e4 sek\u00e4\u00a0suomalaisten raaka-aineiden k\u00e4ytt\u00f6\u00e4.<\/p>\n<p>Osuustoiminnallisista br\u00e4ndeist\u00e4 tutkimuksess parhaan kymmenen joukkoon ovat p\u00e4\u00e4tyneet my\u00f6s S-ryhm\u00e4n Kotimaista (2.), S-market (3.) ja Prisma (9.) -br\u00e4ndit.<\/p>\n<p>Sustainable Brand Index\u2122 tutkii vuosittain kuluttajien n\u00e4kemyksi\u00e4 useiden satojen yritysten br\u00e4ndeist\u00e4; t\u00e4n\u00e4 vuonna tutkittiin yhteens\u00e4 837 br\u00e4ndi\u00e4, joista 143 Suomessa. Verkkokyselyn\u00e4 ja syv\u00e4haastatteluina toteutettavassa kyselyss\u00e4 selvitet\u00e4\u00e4n 16-70 \u2013vuotiaiden kansalaisten k\u00e4sityst\u00e4 siit\u00e4, miten vastuullisesti yritys toimii ymp\u00e4rist\u00f6n suhteen, miten hyvin yritys kantaa sosiaalisen vastuunsa ja miten hyvin yritys t\u00e4ytt\u00e4\u00e4 toiminnalleen asetetut odotukset.<\/p>\n<p>Jokaista tutkimukseen valittua br\u00e4ndi\u00e4 arvioi v\u00e4hint\u00e4\u00e4n noin 1000 henkil\u00f6\u00e4. Suomessa kyselyyn vastasi noin 8000 kuluttajaa. Tutkimukseen valitaan br\u00e4ndit mm. markkinaosuuden, liikevaihdon, henkil\u00f6st\u00f6m\u00e4\u00e4r\u00e4n ja yleisen tunnettuuden perusteella.<\/p>\n<p><strong>Vastuullisimmiksi valittujen br\u00e4ndien TOP 10 Suomessa 2017:<\/strong><\/p>\n<ol>\n<li>Valio<\/li>\n<li>Kotimaista<\/li>\n<li>S-market<\/li>\n<li>Tesla<\/li>\n<li>Fazer<\/li>\n<li>Snellman<\/li>\n<li>Myllyn Paras<\/li>\n<li>K-market<\/li>\n<li>Prisma<\/li>\n<li>K-supermarket<\/li>\n<\/ol>\n<p>Sustainable Brand Index\u2122 on Pohjoismaiden laajin vastuullisuusn\u00e4k\u00f6kohtiin keskittyv\u00e4 br\u00e4nditutkimus. Vuotuinen kyselytutkimus kattaa Suomen, Ruotsin, Tanskan, Norjan ja vuonna 2017 ensimm\u00e4isen kerran my\u00f6s Alankomaiden isoimmat ja tunnetuimmat br\u00e4ndit.  <\/p>\n","protected":false},"excerpt":{"rendered":"<p>Suomalaiset pit\u00e4v\u00e4t Valiota Suomen vastuullisimpana br\u00e4ndin\u00e4 jo 4. kerran per\u00e4kk\u00e4in pohjoismaiden laajimmassa tutkimuksessa, jossa selvitet\u00e4\u00e4n kansalaisten n\u00e4kemyksi\u00e4 tunnettujen yritysten vastuullisuudesta Ruotsissa, Norjassa, Tanskassa, Suomessa ja nyt t\u00e4n\u00e4 vuonna my\u00f6s Alankomaissa. My\u00f6s S-ryhm\u00e4n br\u00e4ndit menestyiv\u00e4t tutkimuksessa.<\/p>\n","protected":false},"author":5,"featured_media":656652,"comment_status":"open","ping_status":"open","sticky":false,"template":"","format":"standard","meta":{"inline_featured_image":false,"_monsterinsights_skip_tracking":false,"_monsterinsights_sitenote_active":false,"_monsterinsights_sitenote_note":"","_monsterinsights_sitenote_category":0,"site-sidebar-layout":"default","site-content-layout":"","ast-site-content-layout":"default","site-content-style":"default","site-sidebar-style":"default","ast-global-header-display":"","ast-banner-title-visibility":"","ast-main-header-display":"","ast-hfb-above-header-display":"","ast-hfb-below-header-display":"","ast-hfb-mobile-header-display":"","site-post-title":"","ast-breadcrumbs-content":"","ast-featured-img":"","footer-sml-layout":"","ast-disable-related-posts":"","theme-transparent-header-meta":"","adv-header-id-meta":"","stick-header-meta":"","header-above-stick-meta":"","header-main-stick-meta":"","header-below-stick-meta":"","astra-migrate-meta-layouts":"default","ast-page-background-enabled":"default","ast-page-background-meta":{"desktop":{"background-color":"","background-image":"","background-repeat":"repeat","background-position":"center center","background-size":"auto","background-attachment":"scroll","background-type":"","background-media":"","overlay-type":"","overlay-color":"","overlay-opacity":"","overlay-gradient":""},"tablet":{"background-color":"","background-image":"","background-repeat":"repeat","background-position":"center center","background-size":"auto","background-attachment":"scroll","background-type":"","background-media":"","overlay-type":"","overlay-color":"","overlay-opacity":"","overlay-gradient":""},"mobile":{"background-color":"","background-image":"","background-repeat":"repeat","background-position":"center center","background-size":"auto","background-attachment":"scroll","background-type":"","background-media":"","overlay-type":"","overlay-color":"","overlay-opacity":"","overlay-gradient":""}},"ast-content-background-meta":{"desktop":{"background-color":"var(--ast-global-color-5)","background-image":"","background-repeat":"repeat","background-position":"center center","background-size":"auto","background-attachment":"scroll","background-type":"","background-media":"","overlay-type":"","overlay-color":"","overlay-opacity":"","overlay-gradient":""},"tablet":{"background-color":"var(--ast-global-color-5)","background-image":"","background-repeat":"repeat","background-position":"center center","background-size":"auto","background-attachment":"scroll","background-type":"","background-media":"","overlay-type":"","overlay-color":"","overlay-opacity":"","overlay-gradient":""},"mobile":{"background-color":"var(--ast-global-color-5)","background-image":"","background-repeat":"repeat","background-position":"center center","background-size":"auto","background-attachment":"scroll","background-type":"","background-media":"","overlay-type":"","overlay-color":"","overlay-opacity":"","overlay-gradient":""}},"_FSMCFIC_featured_image_caption":"","_FSMCFIC_featured_image_nocaption":"","_FSMCFIC_featured_image_hide":"","footnotes":""},"categories":[22],"tags":[],"class_list":["post-656651","post","type-post","status-publish","format-standard","has-post-thumbnail","hentry","category-uutiset"],"yoast_head":"<!-- This site is optimized with the Yoast SEO plugin v27.4 - https:\/\/yoast.com\/product\/yoast-seo-wordpress\/ -->\n<title>Valio on Suomen vastuullisin br\u00e4ndi - Kolme S-ryhm\u00e4n br\u00e4ndi\u00e4 k\u00e4rkikymmenik\u00f6ss\u00e4 - Pellervo<\/title>\n<meta name=\"robots\" content=\"index, follow, max-snippet:-1, max-image-preview:large, max-video-preview:-1\" \/>\n<link rel=\"canonical\" href=\"https:\/\/pellervo.fi\/uutiset\/2017\/04\/03\/valio-suomen-vastuullisin-brandi-kolme-s-ryhman-brandia-karkikymmenikossa\/\" \/>\n<meta property=\"og:locale\" content=\"sv_SE\" \/>\n<meta property=\"og:type\" content=\"article\" \/>\n<meta property=\"og:title\" content=\"Valio on Suomen vastuullisin br\u00e4ndi - Kolme S-ryhm\u00e4n br\u00e4ndi\u00e4 k\u00e4rkikymmenik\u00f6ss\u00e4 - Pellervo\" \/>\n<meta property=\"og:description\" content=\"Suomalaiset pit\u00e4v\u00e4t Valiota Suomen vastuullisimpana br\u00e4ndin\u00e4 jo 4. kerran per\u00e4kk\u00e4in pohjoismaiden laajimmassa tutkimuksessa, jossa selvitet\u00e4\u00e4n kansalaisten n\u00e4kemyksi\u00e4 tunnettujen yritysten vastuullisuudesta Ruotsissa, Norjassa, Tanskassa, Suomessa ja nyt t\u00e4n\u00e4 vuonna my\u00f6s Alankomaissa. My\u00f6s S-ryhm\u00e4n br\u00e4ndit menestyiv\u00e4t tutkimuksessa.\" \/>\n<meta property=\"og:url\" content=\"https:\/\/pellervo.fi\/uutiset\/2017\/04\/03\/valio-suomen-vastuullisin-brandi-kolme-s-ryhman-brandia-karkikymmenikossa\/\" \/>\n<meta property=\"og:site_name\" content=\"Pellervo\" \/>\n<meta property=\"article:published_time\" content=\"2017-04-03T07:23:33+00:00\" \/>\n<meta property=\"article:modified_time\" content=\"2017-04-03T07:24:21+00:00\" \/>\n<meta property=\"og:image\" content=\"https:\/\/pellervo.fi\/wp-content\/uploads\/2017\/04\/article.jpg\" \/>\n\t<meta property=\"og:image:width\" content=\"390\" \/>\n\t<meta property=\"og:image:height\" content=\"260\" \/>\n\t<meta property=\"og:image:type\" content=\"image\/jpeg\" \/>\n<meta name=\"author\" content=\"pellervo\" \/>\n<meta name=\"twitter:card\" content=\"summary_large_image\" \/>\n<meta name=\"twitter:creator\" content=\"@PellervoFi\" \/>\n<meta name=\"twitter:site\" content=\"@PellervoFi\" \/>\n<meta name=\"twitter:label1\" content=\"Skriven av\" \/>\n\t<meta name=\"twitter:data1\" content=\"pellervo\" \/>\n\t<meta name=\"twitter:label2\" content=\"Ber\u00e4knad l\u00e4stid\" \/>\n\t<meta name=\"twitter:data2\" content=\"1 minut\" \/>\n<script type=\"application\/ld+json\" class=\"yoast-schema-graph\">{\"@context\":\"https:\\\/\\\/schema.org\",\"@graph\":[{\"@type\":\"Article\",\"@id\":\"https:\\\/\\\/pellervo.fi\\\/uutiset\\\/2017\\\/04\\\/03\\\/valio-suomen-vastuullisin-brandi-kolme-s-ryhman-brandia-karkikymmenikossa\\\/#article\",\"isPartOf\":{\"@id\":\"https:\\\/\\\/pellervo.fi\\\/uutiset\\\/2017\\\/04\\\/03\\\/valio-suomen-vastuullisin-brandi-kolme-s-ryhman-brandia-karkikymmenikossa\\\/\"},\"author\":{\"name\":\"pellervo\",\"@id\":\"https:\\\/\\\/pellervo.fi\\\/#\\\/schema\\\/person\\\/4b74d40956937d1367ade81899997e71\"},\"headline\":\"Valio on Suomen vastuullisin br\u00e4ndi &#8211; Kolme S-ryhm\u00e4n br\u00e4ndi\u00e4 k\u00e4rkikymmenik\u00f6ss\u00e4\",\"datePublished\":\"2017-04-03T07:23:33+00:00\",\"dateModified\":\"2017-04-03T07:24:21+00:00\",\"mainEntityOfPage\":{\"@id\":\"https:\\\/\\\/pellervo.fi\\\/uutiset\\\/2017\\\/04\\\/03\\\/valio-suomen-vastuullisin-brandi-kolme-s-ryhman-brandia-karkikymmenikossa\\\/\"},\"wordCount\":253,\"commentCount\":0,\"publisher\":{\"@id\":\"https:\\\/\\\/pellervo.fi\\\/#organization\"},\"image\":{\"@id\":\"https:\\\/\\\/pellervo.fi\\\/uutiset\\\/2017\\\/04\\\/03\\\/valio-suomen-vastuullisin-brandi-kolme-s-ryhman-brandia-karkikymmenikossa\\\/#primaryimage\"},\"thumbnailUrl\":\"https:\\\/\\\/pellervo.fi\\\/wp-content\\\/uploads\\\/2017\\\/04\\\/article.jpg\",\"articleSection\":[\"Uutiset\"],\"inLanguage\":\"sv-SE\",\"potentialAction\":[{\"@type\":\"CommentAction\",\"name\":\"Comment\",\"target\":[\"https:\\\/\\\/pellervo.fi\\\/uutiset\\\/2017\\\/04\\\/03\\\/valio-suomen-vastuullisin-brandi-kolme-s-ryhman-brandia-karkikymmenikossa\\\/#respond\"]}]},{\"@type\":\"WebPage\",\"@id\":\"https:\\\/\\\/pellervo.fi\\\/uutiset\\\/2017\\\/04\\\/03\\\/valio-suomen-vastuullisin-brandi-kolme-s-ryhman-brandia-karkikymmenikossa\\\/\",\"url\":\"https:\\\/\\\/pellervo.fi\\\/uutiset\\\/2017\\\/04\\\/03\\\/valio-suomen-vastuullisin-brandi-kolme-s-ryhman-brandia-karkikymmenikossa\\\/\",\"name\":\"Valio on Suomen vastuullisin br\u00e4ndi - Kolme S-ryhm\u00e4n br\u00e4ndi\u00e4 k\u00e4rkikymmenik\u00f6ss\u00e4 - Pellervo\",\"isPartOf\":{\"@id\":\"https:\\\/\\\/pellervo.fi\\\/#website\"},\"primaryImageOfPage\":{\"@id\":\"https:\\\/\\\/pellervo.fi\\\/uutiset\\\/2017\\\/04\\\/03\\\/valio-suomen-vastuullisin-brandi-kolme-s-ryhman-brandia-karkikymmenikossa\\\/#primaryimage\"},\"image\":{\"@id\":\"https:\\\/\\\/pellervo.fi\\\/uutiset\\\/2017\\\/04\\\/03\\\/valio-suomen-vastuullisin-brandi-kolme-s-ryhman-brandia-karkikymmenikossa\\\/#primaryimage\"},\"thumbnailUrl\":\"https:\\\/\\\/pellervo.fi\\\/wp-content\\\/uploads\\\/2017\\\/04\\\/article.jpg\",\"datePublished\":\"2017-04-03T07:23:33+00:00\",\"dateModified\":\"2017-04-03T07:24:21+00:00\",\"breadcrumb\":{\"@id\":\"https:\\\/\\\/pellervo.fi\\\/uutiset\\\/2017\\\/04\\\/03\\\/valio-suomen-vastuullisin-brandi-kolme-s-ryhman-brandia-karkikymmenikossa\\\/#breadcrumb\"},\"inLanguage\":\"sv-SE\",\"potentialAction\":[{\"@type\":\"ReadAction\",\"target\":[\"https:\\\/\\\/pellervo.fi\\\/uutiset\\\/2017\\\/04\\\/03\\\/valio-suomen-vastuullisin-brandi-kolme-s-ryhman-brandia-karkikymmenikossa\\\/\"]}]},{\"@type\":\"ImageObject\",\"inLanguage\":\"sv-SE\",\"@id\":\"https:\\\/\\\/pellervo.fi\\\/uutiset\\\/2017\\\/04\\\/03\\\/valio-suomen-vastuullisin-brandi-kolme-s-ryhman-brandia-karkikymmenikossa\\\/#primaryimage\",\"url\":\"https:\\\/\\\/pellervo.fi\\\/wp-content\\\/uploads\\\/2017\\\/04\\\/article.jpg\",\"contentUrl\":\"https:\\\/\\\/pellervo.fi\\\/wp-content\\\/uploads\\\/2017\\\/04\\\/article.jpg\",\"width\":390,\"height\":260},{\"@type\":\"BreadcrumbList\",\"@id\":\"https:\\\/\\\/pellervo.fi\\\/uutiset\\\/2017\\\/04\\\/03\\\/valio-suomen-vastuullisin-brandi-kolme-s-ryhman-brandia-karkikymmenikossa\\\/#breadcrumb\",\"itemListElement\":[{\"@type\":\"ListItem\",\"position\":1,\"name\":\"Koti\",\"item\":\"https:\\\/\\\/pellervo.fi\\\/sv\\\/\"},{\"@type\":\"ListItem\",\"position\":2,\"name\":\"Valio on Suomen vastuullisin br\u00e4ndi &#8211; Kolme S-ryhm\u00e4n br\u00e4ndi\u00e4 k\u00e4rkikymmenik\u00f6ss\u00e4\"}]},{\"@type\":\"WebSite\",\"@id\":\"https:\\\/\\\/pellervo.fi\\\/#website\",\"url\":\"https:\\\/\\\/pellervo.fi\\\/\",\"name\":\"Pellervo\",\"description\":\"Osuuskuntien keskusj\u00e4rjest\u00f6\",\"publisher\":{\"@id\":\"https:\\\/\\\/pellervo.fi\\\/#organization\"},\"potentialAction\":[{\"@type\":\"SearchAction\",\"target\":{\"@type\":\"EntryPoint\",\"urlTemplate\":\"https:\\\/\\\/pellervo.fi\\\/?s={search_term_string}\"},\"query-input\":{\"@type\":\"PropertyValueSpecification\",\"valueRequired\":true,\"valueName\":\"search_term_string\"}}],\"inLanguage\":\"sv-SE\"},{\"@type\":\"Organization\",\"@id\":\"https:\\\/\\\/pellervo.fi\\\/#organization\",\"name\":\"Osuustoimintakeskus Pellervo ry\",\"url\":\"https:\\\/\\\/pellervo.fi\\\/\",\"logo\":{\"@type\":\"ImageObject\",\"inLanguage\":\"sv-SE\",\"@id\":\"https:\\\/\\\/pellervo.fi\\\/#\\\/schema\\\/logo\\\/image\\\/\",\"url\":\"https:\\\/\\\/pellervo.fi\\\/wp-content\\\/uploads\\\/2020\\\/05\\\/Pellervo_logo.png\",\"contentUrl\":\"https:\\\/\\\/pellervo.fi\\\/wp-content\\\/uploads\\\/2020\\\/05\\\/Pellervo_logo.png\",\"width\":1335,\"height\":376,\"caption\":\"Osuustoimintakeskus Pellervo ry\"},\"image\":{\"@id\":\"https:\\\/\\\/pellervo.fi\\\/#\\\/schema\\\/logo\\\/image\\\/\"},\"sameAs\":[\"https:\\\/\\\/x.com\\\/PellervoFi\"]},{\"@type\":\"Person\",\"@id\":\"https:\\\/\\\/pellervo.fi\\\/#\\\/schema\\\/person\\\/4b74d40956937d1367ade81899997e71\",\"name\":\"pellervo\",\"image\":{\"@type\":\"ImageObject\",\"inLanguage\":\"sv-SE\",\"@id\":\"https:\\\/\\\/pellervo.fi\\\/wp-content\\\/uploads\\\/2013\\\/11\\\/pellervo_avatar_1384522134-96x96.jpg\",\"url\":\"https:\\\/\\\/pellervo.fi\\\/wp-content\\\/uploads\\\/2013\\\/11\\\/pellervo_avatar_1384522134-96x96.jpg\",\"contentUrl\":\"https:\\\/\\\/pellervo.fi\\\/wp-content\\\/uploads\\\/2013\\\/11\\\/pellervo_avatar_1384522134-96x96.jpg\",\"caption\":\"pellervo\"},\"description\":\"Kuvaus\",\"url\":\"https:\\\/\\\/pellervo.fi\\\/sv\\\/author\\\/pellervo\\\/\"}]}<\/script>\n<!-- \/ Yoast SEO plugin. -->","yoast_head_json":{"title":"Valio on Suomen vastuullisin br\u00e4ndi - Kolme S-ryhm\u00e4n br\u00e4ndi\u00e4 k\u00e4rkikymmenik\u00f6ss\u00e4 - Pellervo","robots":{"index":"index","follow":"follow","max-snippet":"max-snippet:-1","max-image-preview":"max-image-preview:large","max-video-preview":"max-video-preview:-1"},"canonical":"https:\/\/pellervo.fi\/uutiset\/2017\/04\/03\/valio-suomen-vastuullisin-brandi-kolme-s-ryhman-brandia-karkikymmenikossa\/","og_locale":"sv_SE","og_type":"article","og_title":"Valio on Suomen vastuullisin br\u00e4ndi - Kolme S-ryhm\u00e4n br\u00e4ndi\u00e4 k\u00e4rkikymmenik\u00f6ss\u00e4 - Pellervo","og_description":"Suomalaiset pit\u00e4v\u00e4t Valiota Suomen vastuullisimpana br\u00e4ndin\u00e4 jo 4. kerran per\u00e4kk\u00e4in pohjoismaiden laajimmassa tutkimuksessa, jossa selvitet\u00e4\u00e4n kansalaisten n\u00e4kemyksi\u00e4 tunnettujen yritysten vastuullisuudesta Ruotsissa, Norjassa, Tanskassa, Suomessa ja nyt t\u00e4n\u00e4 vuonna my\u00f6s Alankomaissa. My\u00f6s S-ryhm\u00e4n br\u00e4ndit menestyiv\u00e4t tutkimuksessa.","og_url":"https:\/\/pellervo.fi\/uutiset\/2017\/04\/03\/valio-suomen-vastuullisin-brandi-kolme-s-ryhman-brandia-karkikymmenikossa\/","og_site_name":"Pellervo","article_published_time":"2017-04-03T07:23:33+00:00","article_modified_time":"2017-04-03T07:24:21+00:00","og_image":[{"width":390,"height":260,"url":"https:\/\/pellervo.fi\/wp-content\/uploads\/2017\/04\/article.jpg","type":"image\/jpeg"}],"author":"pellervo","twitter_card":"summary_large_image","twitter_creator":"@PellervoFi","twitter_site":"@PellervoFi","twitter_misc":{"Skriven av":"pellervo","Ber\u00e4knad l\u00e4stid":"1 minut"},"schema":{"@context":"https:\/\/schema.org","@graph":[{"@type":"Article","@id":"https:\/\/pellervo.fi\/uutiset\/2017\/04\/03\/valio-suomen-vastuullisin-brandi-kolme-s-ryhman-brandia-karkikymmenikossa\/#article","isPartOf":{"@id":"https:\/\/pellervo.fi\/uutiset\/2017\/04\/03\/valio-suomen-vastuullisin-brandi-kolme-s-ryhman-brandia-karkikymmenikossa\/"},"author":{"name":"pellervo","@id":"https:\/\/pellervo.fi\/#\/schema\/person\/4b74d40956937d1367ade81899997e71"},"headline":"Valio on Suomen vastuullisin br\u00e4ndi &#8211; Kolme S-ryhm\u00e4n br\u00e4ndi\u00e4 k\u00e4rkikymmenik\u00f6ss\u00e4","datePublished":"2017-04-03T07:23:33+00:00","dateModified":"2017-04-03T07:24:21+00:00","mainEntityOfPage":{"@id":"https:\/\/pellervo.fi\/uutiset\/2017\/04\/03\/valio-suomen-vastuullisin-brandi-kolme-s-ryhman-brandia-karkikymmenikossa\/"},"wordCount":253,"commentCount":0,"publisher":{"@id":"https:\/\/pellervo.fi\/#organization"},"image":{"@id":"https:\/\/pellervo.fi\/uutiset\/2017\/04\/03\/valio-suomen-vastuullisin-brandi-kolme-s-ryhman-brandia-karkikymmenikossa\/#primaryimage"},"thumbnailUrl":"https:\/\/pellervo.fi\/wp-content\/uploads\/2017\/04\/article.jpg","articleSection":["Uutiset"],"inLanguage":"sv-SE","potentialAction":[{"@type":"CommentAction","name":"Comment","target":["https:\/\/pellervo.fi\/uutiset\/2017\/04\/03\/valio-suomen-vastuullisin-brandi-kolme-s-ryhman-brandia-karkikymmenikossa\/#respond"]}]},{"@type":"WebPage","@id":"https:\/\/pellervo.fi\/uutiset\/2017\/04\/03\/valio-suomen-vastuullisin-brandi-kolme-s-ryhman-brandia-karkikymmenikossa\/","url":"https:\/\/pellervo.fi\/uutiset\/2017\/04\/03\/valio-suomen-vastuullisin-brandi-kolme-s-ryhman-brandia-karkikymmenikossa\/","name":"Valio on Suomen vastuullisin br\u00e4ndi - Kolme S-ryhm\u00e4n br\u00e4ndi\u00e4 k\u00e4rkikymmenik\u00f6ss\u00e4 - Pellervo","isPartOf":{"@id":"https:\/\/pellervo.fi\/#website"},"primaryImageOfPage":{"@id":"https:\/\/pellervo.fi\/uutiset\/2017\/04\/03\/valio-suomen-vastuullisin-brandi-kolme-s-ryhman-brandia-karkikymmenikossa\/#primaryimage"},"image":{"@id":"https:\/\/pellervo.fi\/uutiset\/2017\/04\/03\/valio-suomen-vastuullisin-brandi-kolme-s-ryhman-brandia-karkikymmenikossa\/#primaryimage"},"thumbnailUrl":"https:\/\/pellervo.fi\/wp-content\/uploads\/2017\/04\/article.jpg","datePublished":"2017-04-03T07:23:33+00:00","dateModified":"2017-04-03T07:24:21+00:00","breadcrumb":{"@id":"https:\/\/pellervo.fi\/uutiset\/2017\/04\/03\/valio-suomen-vastuullisin-brandi-kolme-s-ryhman-brandia-karkikymmenikossa\/#breadcrumb"},"inLanguage":"sv-SE","potentialAction":[{"@type":"ReadAction","target":["https:\/\/pellervo.fi\/uutiset\/2017\/04\/03\/valio-suomen-vastuullisin-brandi-kolme-s-ryhman-brandia-karkikymmenikossa\/"]}]},{"@type":"ImageObject","inLanguage":"sv-SE","@id":"https:\/\/pellervo.fi\/uutiset\/2017\/04\/03\/valio-suomen-vastuullisin-brandi-kolme-s-ryhman-brandia-karkikymmenikossa\/#primaryimage","url":"https:\/\/pellervo.fi\/wp-content\/uploads\/2017\/04\/article.jpg","contentUrl":"https:\/\/pellervo.fi\/wp-content\/uploads\/2017\/04\/article.jpg","width":390,"height":260},{"@type":"BreadcrumbList","@id":"https:\/\/pellervo.fi\/uutiset\/2017\/04\/03\/valio-suomen-vastuullisin-brandi-kolme-s-ryhman-brandia-karkikymmenikossa\/#breadcrumb","itemListElement":[{"@type":"ListItem","position":1,"name":"Koti","item":"https:\/\/pellervo.fi\/sv\/"},{"@type":"ListItem","position":2,"name":"Valio on Suomen vastuullisin br\u00e4ndi &#8211; Kolme S-ryhm\u00e4n br\u00e4ndi\u00e4 k\u00e4rkikymmenik\u00f6ss\u00e4"}]},{"@type":"WebSite","@id":"https:\/\/pellervo.fi\/#website","url":"https:\/\/pellervo.fi\/","name":"Pellervo","description":"Osuuskuntien keskusj\u00e4rjest\u00f6","publisher":{"@id":"https:\/\/pellervo.fi\/#organization"},"potentialAction":[{"@type":"SearchAction","target":{"@type":"EntryPoint","urlTemplate":"https:\/\/pellervo.fi\/?s={search_term_string}"},"query-input":{"@type":"PropertyValueSpecification","valueRequired":true,"valueName":"search_term_string"}}],"inLanguage":"sv-SE"},{"@type":"Organization","@id":"https:\/\/pellervo.fi\/#organization","name":"Osuustoimintakeskus Pellervo ry","url":"https:\/\/pellervo.fi\/","logo":{"@type":"ImageObject","inLanguage":"sv-SE","@id":"https:\/\/pellervo.fi\/#\/schema\/logo\/image\/","url":"https:\/\/pellervo.fi\/wp-content\/uploads\/2020\/05\/Pellervo_logo.png","contentUrl":"https:\/\/pellervo.fi\/wp-content\/uploads\/2020\/05\/Pellervo_logo.png","width":1335,"height":376,"caption":"Osuustoimintakeskus Pellervo ry"},"image":{"@id":"https:\/\/pellervo.fi\/#\/schema\/logo\/image\/"},"sameAs":["https:\/\/x.com\/PellervoFi"]},{"@type":"Person","@id":"https:\/\/pellervo.fi\/#\/schema\/person\/4b74d40956937d1367ade81899997e71","name":"pellervo","image":{"@type":"ImageObject","inLanguage":"sv-SE","@id":"https:\/\/pellervo.fi\/wp-content\/uploads\/2013\/11\/pellervo_avatar_1384522134-96x96.jpg","url":"https:\/\/pellervo.fi\/wp-content\/uploads\/2013\/11\/pellervo_avatar_1384522134-96x96.jpg","contentUrl":"https:\/\/pellervo.fi\/wp-content\/uploads\/2013\/11\/pellervo_avatar_1384522134-96x96.jpg","caption":"pellervo"},"description":"Kuvaus","url":"https:\/\/pellervo.fi\/sv\/author\/pellervo\/"}]}},"_links":{"self":[{"href":"https:\/\/pellervo.fi\/sv\/wp-json\/wp\/v2\/posts\/656651","targetHints":{"allow":["GET"]}}],"collection":[{"href":"https:\/\/pellervo.fi\/sv\/wp-json\/wp\/v2\/posts"}],"about":[{"href":"https:\/\/pellervo.fi\/sv\/wp-json\/wp\/v2\/types\/post"}],"author":[{"embeddable":true,"href":"https:\/\/pellervo.fi\/sv\/wp-json\/wp\/v2\/users\/5"}],"replies":[{"embeddable":true,"href":"https:\/\/pellervo.fi\/sv\/wp-json\/wp\/v2\/comments?post=656651"}],"version-history":[{"count":3,"href":"https:\/\/pellervo.fi\/sv\/wp-json\/wp\/v2\/posts\/656651\/revisions"}],"predecessor-version":[{"id":656655,"href":"https:\/\/pellervo.fi\/sv\/wp-json\/wp\/v2\/posts\/656651\/revisions\/656655"}],"wp:featuredmedia":[{"embeddable":true,"href":"https:\/\/pellervo.fi\/sv\/wp-json\/wp\/v2\/media\/656652"}],"wp:attachment":[{"href":"https:\/\/pellervo.fi\/sv\/wp-json\/wp\/v2\/media?parent=656651"}],"wp:term":[{"taxonomy":"category","embeddable":true,"href":"https:\/\/pellervo.fi\/sv\/wp-json\/wp\/v2\/categories?post=656651"},{"taxonomy":"post_tag","embeddable":true,"href":"https:\/\/pellervo.fi\/sv\/wp-json\/wp\/v2\/tags?post=656651"}],"curies":[{"name":"wp","href":"https:\/\/api.w.org\/{rel}","templated":true}]}}