{"id":67744,"date":"2015-02-17T13:21:42","date_gmt":"2015-02-17T11:21:42","guid":{"rendered":"http:\/\/pellervo.fi\/?p=67744"},"modified":"2020-06-30T11:50:01","modified_gmt":"2020-06-30T08:50:01","slug":"kutsu-osuuskunnat-ja-kestava-kehitys-kirjan-julkistamistilaisuus","status":"publish","type":"post","link":"https:\/\/pellervo.fi\/sv\/jarjesto\/2015\/02\/17\/kutsu-osuuskunnat-ja-kestava-kehitys-kirjan-julkistamistilaisuus\/","title":{"rendered":"Kutsu: \u201dOsuuskunnat ja kest\u00e4v\u00e4 kehitys\u201d \u2013kirjan julkistamistilaisuus"},"content":{"rendered":"<p>Tervetuloa Pellervon ja Helsingin yliopiston julkaiseman \u201dOsuuskunnat ja kest\u00e4v\u00e4 kehitys\u201d \u2013kirjan julkistamistilaisuuteen tiistaina 24.2.2015 klo 9.30-11.00 Pellervo-Seuraan osoitteeseen Simonkatu 6, Helsinki.<\/p>\n<p>Teos k\u00e4sittelee osuustoiminnan ja kest\u00e4v\u00e4n kehityksen ulottuvuuksia monista eri n\u00e4k\u00f6kulmista. Se sis\u00e4lt\u00e4\u00e4 puheenvuoroja osuustoiminnan merkityksest\u00e4 yliopisto-opetuksen, kansalaisyhteiskunnan ja ruokaturvan kannalta. Artikkeleissa k\u00e4sitell\u00e4\u00e4n osuustoiminnan historiaa ja vaikutusta maaseudun kehitykseen, osuuskuntien kilpailuetuja elintarvikealalla sek\u00e4 mahdollisuuksia yritysmuotona ja merkityst\u00e4 kehittyvien maiden kannalta. Teoksessa on mm. ulkoasiainministeri <strong>Erkki Tuomiojan<\/strong>, Helsingin yliopiston rehtori <strong>Jukka Kolan<\/strong> ja kansliap\u00e4\u00e4llikk\u00f6 <strong>Jaana Husu-Kallion<\/strong> artikkelit.<\/p>\n<p><strong>Kirjan tiedot:<\/strong><\/p>\n<p>Osuuskunnat ja kest\u00e4v\u00e4 kehitys, toim. <strong>Shimelles Tenaw, Visa Heinonen, Sami Karhu, Petri Ollila. <\/strong>Pellervo-Seura ja Helsingin yliopisto 2015. 160 sivua.<\/p>\n<p>Lis\u00e4tietoja Pellervosta: Sami Karhu, 0400 545\u00a0989, <a href=\"mailto:sami.karhu@pellervo.fi\">sami.karhu@pellervo.fi<\/a><\/p>\n<p>Ilmoittautuminen perjantaihin 20.2.2015 menness\u00e4: Outi Pajunen, Taloustieteen laitos, HY (e-mail. <a href=\"mailto:outi.o.pajunen@helsinki.fi\">outi.o.pajunen@helsinki.fi<\/a>; puh. 050\u00a0415 1225)<\/p>\n<p>&nbsp;<\/p>\n<h2>Ohjelma<\/h2>\n<p>Tiistai 24.2.2015 klo 9.30-11.00<br \/>\nPellervo-Seura ry, Simonkatu 6, Helsinki<\/p>\n<p>Kahvitarjoilu<\/p>\n<p>Avaus<br \/>\ntoimitusjohtaja Sami Karhu, Pellervo<\/p>\n<p>\u201dOsuuskunnat ja kest\u00e4v\u00e4 kehitys\u201d -kirjan esittely<br \/>\nprofessori Visa Heinonen, Helsingin yliopisto<\/p>\n<p>Kommenttipuheenvuoro<\/p>\n<p>Keskustelu kirjan teemasta<br \/>\nJohdattelijana professori Petri Ollila, Helsingin yliopisto<\/p>\n<p>Loppupuheenvuoro<br \/>\nTutkija Shimelles Tenaw, kirjan toimituskunta<\/p>\n<p>&nbsp;  <\/p>\n","protected":false},"excerpt":{"rendered":"<p>Tervetuloa Pellervon ja Helsingin yliopiston julkaiseman \u201dOsuuskunnat ja kest\u00e4v\u00e4 kehitys\u201d \u2013kirjan julkistamistilaisuuteen tiistaina 24.2.2015 klo 9.30-11.00 Pellervo-Seuraan.<\/p>\n","protected":false},"author":5,"featured_media":0,"comment_status":"open","ping_status":"open","sticky":false,"template":"","format":"standard","meta":{"inline_featured_image":false,"_monsterinsights_skip_tracking":false,"_monsterinsights_sitenote_active":false,"_monsterinsights_sitenote_note":"","_monsterinsights_sitenote_category":0,"site-sidebar-layout":"default","site-content-layout":"","ast-site-content-layout":"default","site-content-style":"default","site-sidebar-style":"default","ast-global-header-display":"","ast-banner-title-visibility":"","ast-main-header-display":"","ast-hfb-above-header-display":"","ast-hfb-below-header-display":"","ast-hfb-mobile-header-display":"","site-post-title":"","ast-breadcrumbs-content":"","ast-featured-img":"","footer-sml-layout":"","ast-disable-related-posts":"","theme-transparent-header-meta":"","adv-header-id-meta":"","stick-header-meta":"","header-above-stick-meta":"","header-main-stick-meta":"","header-below-stick-meta":"","astra-migrate-meta-layouts":"default","ast-page-background-enabled":"default","ast-page-background-meta":{"desktop":{"background-color":"","background-image":"","background-repeat":"repeat","background-position":"center center","background-size":"auto","background-attachment":"scroll","background-type":"","background-media":"","overlay-type":"","overlay-color":"","overlay-opacity":"","overlay-gradient":""},"tablet":{"background-color":"","background-image":"","background-repeat":"repeat","background-position":"center center","background-size":"auto","background-attachment":"scroll","background-type":"","background-media":"","overlay-type":"","overlay-color":"","overlay-opacity":"","overlay-gradient":""},"mobile":{"background-color":"","background-image":"","background-repeat":"repeat","background-position":"center center","background-size":"auto","background-attachment":"scroll","background-type":"","background-media":"","overlay-type":"","overlay-color":"","overlay-opacity":"","overlay-gradient":""}},"ast-content-background-meta":{"desktop":{"background-color":"var(--ast-global-color-5)","background-image":"","background-repeat":"repeat","background-position":"center center","background-size":"auto","background-attachment":"scroll","background-type":"","background-media":"","overlay-type":"","overlay-color":"","overlay-opacity":"","overlay-gradient":""},"tablet":{"background-color":"var(--ast-global-color-5)","background-image":"","background-repeat":"repeat","background-position":"center center","background-size":"auto","background-attachment":"scroll","background-type":"","background-media":"","overlay-type":"","overlay-color":"","overlay-opacity":"","overlay-gradient":""},"mobile":{"background-color":"var(--ast-global-color-5)","background-image":"","background-repeat":"repeat","background-position":"center center","background-size":"auto","background-attachment":"scroll","background-type":"","background-media":"","overlay-type":"","overlay-color":"","overlay-opacity":"","overlay-gradient":""}},"_FSMCFIC_featured_image_caption":"","_FSMCFIC_featured_image_nocaption":"","_FSMCFIC_featured_image_hide":"","footnotes":""},"categories":[71],"tags":[],"class_list":["post-67744","post","type-post","status-publish","format-standard","hentry","category-jarjesto"],"yoast_head":"<!-- This site is optimized with the Yoast SEO plugin v27.4 - https:\/\/yoast.com\/product\/yoast-seo-wordpress\/ -->\n<title>Kutsu: \u201dOsuuskunnat ja kest\u00e4v\u00e4 kehitys\u201d \u2013kirjan julkistamistilaisuus - Pellervo<\/title>\n<meta name=\"robots\" content=\"index, follow, max-snippet:-1, max-image-preview:large, max-video-preview:-1\" \/>\n<link rel=\"canonical\" href=\"https:\/\/pellervo.fi\/en\/jarjesto\/2015\/02\/17\/kutsu-osuuskunnat-ja-kestava-kehitys-kirjan-julkistamistilaisuus\/\" \/>\n<meta property=\"og:locale\" content=\"sv_SE\" \/>\n<meta property=\"og:type\" content=\"article\" \/>\n<meta property=\"og:title\" content=\"Kutsu: \u201dOsuuskunnat ja kest\u00e4v\u00e4 kehitys\u201d \u2013kirjan julkistamistilaisuus - Pellervo\" \/>\n<meta property=\"og:description\" content=\"Tervetuloa Pellervon ja Helsingin yliopiston julkaiseman \u201dOsuuskunnat ja kest\u00e4v\u00e4 kehitys\u201d \u2013kirjan julkistamistilaisuuteen tiistaina 24.2.2015 klo 9.30-11.00 Pellervo-Seuraan.\" \/>\n<meta property=\"og:url\" content=\"https:\/\/pellervo.fi\/en\/jarjesto\/2015\/02\/17\/kutsu-osuuskunnat-ja-kestava-kehitys-kirjan-julkistamistilaisuus\/\" \/>\n<meta property=\"og:site_name\" content=\"Pellervo\" \/>\n<meta property=\"article:published_time\" content=\"2015-02-17T11:21:42+00:00\" \/>\n<meta property=\"article:modified_time\" content=\"2020-06-30T08:50:01+00:00\" \/>\n<meta property=\"og:image\" content=\"https:\/\/pellervo.fi\/wp-content\/uploads\/2020\/04\/pallo2020.jpg\" \/>\n\t<meta property=\"og:image:width\" content=\"850\" \/>\n\t<meta property=\"og:image:height\" content=\"560\" \/>\n\t<meta property=\"og:image:type\" content=\"image\/jpeg\" \/>\n<meta name=\"author\" content=\"pellervo\" \/>\n<meta name=\"twitter:card\" content=\"summary_large_image\" \/>\n<meta name=\"twitter:creator\" content=\"@PellervoFi\" \/>\n<meta name=\"twitter:site\" content=\"@PellervoFi\" \/>\n<meta name=\"twitter:label1\" content=\"Skriven av\" \/>\n\t<meta name=\"twitter:data1\" content=\"pellervo\" \/>\n\t<meta name=\"twitter:label2\" content=\"Ber\u00e4knad l\u00e4stid\" \/>\n\t<meta name=\"twitter:data2\" content=\"1 minut\" \/>\n<script type=\"application\/ld+json\" class=\"yoast-schema-graph\">{\"@context\":\"https:\\\/\\\/schema.org\",\"@graph\":[{\"@type\":\"Article\",\"@id\":\"https:\\\/\\\/pellervo.fi\\\/en\\\/jarjesto\\\/2015\\\/02\\\/17\\\/kutsu-osuuskunnat-ja-kestava-kehitys-kirjan-julkistamistilaisuus\\\/#article\",\"isPartOf\":{\"@id\":\"https:\\\/\\\/pellervo.fi\\\/en\\\/jarjesto\\\/2015\\\/02\\\/17\\\/kutsu-osuuskunnat-ja-kestava-kehitys-kirjan-julkistamistilaisuus\\\/\"},\"author\":{\"name\":\"pellervo\",\"@id\":\"https:\\\/\\\/pellervo.fi\\\/#\\\/schema\\\/person\\\/4b74d40956937d1367ade81899997e71\"},\"headline\":\"Kutsu: \u201dOsuuskunnat ja kest\u00e4v\u00e4 kehitys\u201d \u2013kirjan julkistamistilaisuus\",\"datePublished\":\"2015-02-17T11:21:42+00:00\",\"dateModified\":\"2020-06-30T08:50:01+00:00\",\"mainEntityOfPage\":{\"@id\":\"https:\\\/\\\/pellervo.fi\\\/en\\\/jarjesto\\\/2015\\\/02\\\/17\\\/kutsu-osuuskunnat-ja-kestava-kehitys-kirjan-julkistamistilaisuus\\\/\"},\"wordCount\":181,\"commentCount\":0,\"publisher\":{\"@id\":\"https:\\\/\\\/pellervo.fi\\\/#organization\"},\"articleSection\":[\"J\u00e4rjest\u00f6\"],\"inLanguage\":\"sv-SE\",\"potentialAction\":[{\"@type\":\"CommentAction\",\"name\":\"Comment\",\"target\":[\"https:\\\/\\\/pellervo.fi\\\/en\\\/jarjesto\\\/2015\\\/02\\\/17\\\/kutsu-osuuskunnat-ja-kestava-kehitys-kirjan-julkistamistilaisuus\\\/#respond\"]}]},{\"@type\":\"WebPage\",\"@id\":\"https:\\\/\\\/pellervo.fi\\\/en\\\/jarjesto\\\/2015\\\/02\\\/17\\\/kutsu-osuuskunnat-ja-kestava-kehitys-kirjan-julkistamistilaisuus\\\/\",\"url\":\"https:\\\/\\\/pellervo.fi\\\/en\\\/jarjesto\\\/2015\\\/02\\\/17\\\/kutsu-osuuskunnat-ja-kestava-kehitys-kirjan-julkistamistilaisuus\\\/\",\"name\":\"Kutsu: \u201dOsuuskunnat ja kest\u00e4v\u00e4 kehitys\u201d \u2013kirjan julkistamistilaisuus - Pellervo\",\"isPartOf\":{\"@id\":\"https:\\\/\\\/pellervo.fi\\\/#website\"},\"datePublished\":\"2015-02-17T11:21:42+00:00\",\"dateModified\":\"2020-06-30T08:50:01+00:00\",\"breadcrumb\":{\"@id\":\"https:\\\/\\\/pellervo.fi\\\/en\\\/jarjesto\\\/2015\\\/02\\\/17\\\/kutsu-osuuskunnat-ja-kestava-kehitys-kirjan-julkistamistilaisuus\\\/#breadcrumb\"},\"inLanguage\":\"sv-SE\",\"potentialAction\":[{\"@type\":\"ReadAction\",\"target\":[\"https:\\\/\\\/pellervo.fi\\\/en\\\/jarjesto\\\/2015\\\/02\\\/17\\\/kutsu-osuuskunnat-ja-kestava-kehitys-kirjan-julkistamistilaisuus\\\/\"]}]},{\"@type\":\"BreadcrumbList\",\"@id\":\"https:\\\/\\\/pellervo.fi\\\/en\\\/jarjesto\\\/2015\\\/02\\\/17\\\/kutsu-osuuskunnat-ja-kestava-kehitys-kirjan-julkistamistilaisuus\\\/#breadcrumb\",\"itemListElement\":[{\"@type\":\"ListItem\",\"position\":1,\"name\":\"Koti\",\"item\":\"https:\\\/\\\/pellervo.fi\\\/sv\\\/\"},{\"@type\":\"ListItem\",\"position\":2,\"name\":\"Kutsu: \u201dOsuuskunnat ja kest\u00e4v\u00e4 kehitys\u201d \u2013kirjan julkistamistilaisuus\"}]},{\"@type\":\"WebSite\",\"@id\":\"https:\\\/\\\/pellervo.fi\\\/#website\",\"url\":\"https:\\\/\\\/pellervo.fi\\\/\",\"name\":\"Pellervo\",\"description\":\"Osuuskuntien keskusj\u00e4rjest\u00f6\",\"publisher\":{\"@id\":\"https:\\\/\\\/pellervo.fi\\\/#organization\"},\"potentialAction\":[{\"@type\":\"SearchAction\",\"target\":{\"@type\":\"EntryPoint\",\"urlTemplate\":\"https:\\\/\\\/pellervo.fi\\\/?s={search_term_string}\"},\"query-input\":{\"@type\":\"PropertyValueSpecification\",\"valueRequired\":true,\"valueName\":\"search_term_string\"}}],\"inLanguage\":\"sv-SE\"},{\"@type\":\"Organization\",\"@id\":\"https:\\\/\\\/pellervo.fi\\\/#organization\",\"name\":\"Osuustoimintakeskus Pellervo ry\",\"url\":\"https:\\\/\\\/pellervo.fi\\\/\",\"logo\":{\"@type\":\"ImageObject\",\"inLanguage\":\"sv-SE\",\"@id\":\"https:\\\/\\\/pellervo.fi\\\/#\\\/schema\\\/logo\\\/image\\\/\",\"url\":\"https:\\\/\\\/pellervo.fi\\\/wp-content\\\/uploads\\\/2020\\\/05\\\/Pellervo_logo.png\",\"contentUrl\":\"https:\\\/\\\/pellervo.fi\\\/wp-content\\\/uploads\\\/2020\\\/05\\\/Pellervo_logo.png\",\"width\":1335,\"height\":376,\"caption\":\"Osuustoimintakeskus Pellervo ry\"},\"image\":{\"@id\":\"https:\\\/\\\/pellervo.fi\\\/#\\\/schema\\\/logo\\\/image\\\/\"},\"sameAs\":[\"https:\\\/\\\/x.com\\\/PellervoFi\"]},{\"@type\":\"Person\",\"@id\":\"https:\\\/\\\/pellervo.fi\\\/#\\\/schema\\\/person\\\/4b74d40956937d1367ade81899997e71\",\"name\":\"pellervo\",\"image\":{\"@type\":\"ImageObject\",\"inLanguage\":\"sv-SE\",\"@id\":\"https:\\\/\\\/pellervo.fi\\\/wp-content\\\/uploads\\\/2013\\\/11\\\/pellervo_avatar_1384522134-96x96.jpg\",\"url\":\"https:\\\/\\\/pellervo.fi\\\/wp-content\\\/uploads\\\/2013\\\/11\\\/pellervo_avatar_1384522134-96x96.jpg\",\"contentUrl\":\"https:\\\/\\\/pellervo.fi\\\/wp-content\\\/uploads\\\/2013\\\/11\\\/pellervo_avatar_1384522134-96x96.jpg\",\"caption\":\"pellervo\"},\"description\":\"Kuvaus\",\"url\":\"https:\\\/\\\/pellervo.fi\\\/sv\\\/author\\\/pellervo\\\/\"}]}<\/script>\n<!-- \/ Yoast SEO plugin. -->","yoast_head_json":{"title":"Kutsu: \u201dOsuuskunnat ja kest\u00e4v\u00e4 kehitys\u201d \u2013kirjan julkistamistilaisuus - Pellervo","robots":{"index":"index","follow":"follow","max-snippet":"max-snippet:-1","max-image-preview":"max-image-preview:large","max-video-preview":"max-video-preview:-1"},"canonical":"https:\/\/pellervo.fi\/en\/jarjesto\/2015\/02\/17\/kutsu-osuuskunnat-ja-kestava-kehitys-kirjan-julkistamistilaisuus\/","og_locale":"sv_SE","og_type":"article","og_title":"Kutsu: \u201dOsuuskunnat ja kest\u00e4v\u00e4 kehitys\u201d \u2013kirjan julkistamistilaisuus - Pellervo","og_description":"Tervetuloa Pellervon ja Helsingin yliopiston julkaiseman \u201dOsuuskunnat ja kest\u00e4v\u00e4 kehitys\u201d \u2013kirjan julkistamistilaisuuteen tiistaina 24.2.2015 klo 9.30-11.00 Pellervo-Seuraan.","og_url":"https:\/\/pellervo.fi\/en\/jarjesto\/2015\/02\/17\/kutsu-osuuskunnat-ja-kestava-kehitys-kirjan-julkistamistilaisuus\/","og_site_name":"Pellervo","article_published_time":"2015-02-17T11:21:42+00:00","article_modified_time":"2020-06-30T08:50:01+00:00","og_image":[{"width":850,"height":560,"url":"https:\/\/pellervo.fi\/wp-content\/uploads\/2020\/04\/pallo2020.jpg","type":"image\/jpeg"}],"author":"pellervo","twitter_card":"summary_large_image","twitter_creator":"@PellervoFi","twitter_site":"@PellervoFi","twitter_misc":{"Skriven av":"pellervo","Ber\u00e4knad l\u00e4stid":"1 minut"},"schema":{"@context":"https:\/\/schema.org","@graph":[{"@type":"Article","@id":"https:\/\/pellervo.fi\/en\/jarjesto\/2015\/02\/17\/kutsu-osuuskunnat-ja-kestava-kehitys-kirjan-julkistamistilaisuus\/#article","isPartOf":{"@id":"https:\/\/pellervo.fi\/en\/jarjesto\/2015\/02\/17\/kutsu-osuuskunnat-ja-kestava-kehitys-kirjan-julkistamistilaisuus\/"},"author":{"name":"pellervo","@id":"https:\/\/pellervo.fi\/#\/schema\/person\/4b74d40956937d1367ade81899997e71"},"headline":"Kutsu: \u201dOsuuskunnat ja kest\u00e4v\u00e4 kehitys\u201d \u2013kirjan julkistamistilaisuus","datePublished":"2015-02-17T11:21:42+00:00","dateModified":"2020-06-30T08:50:01+00:00","mainEntityOfPage":{"@id":"https:\/\/pellervo.fi\/en\/jarjesto\/2015\/02\/17\/kutsu-osuuskunnat-ja-kestava-kehitys-kirjan-julkistamistilaisuus\/"},"wordCount":181,"commentCount":0,"publisher":{"@id":"https:\/\/pellervo.fi\/#organization"},"articleSection":["J\u00e4rjest\u00f6"],"inLanguage":"sv-SE","potentialAction":[{"@type":"CommentAction","name":"Comment","target":["https:\/\/pellervo.fi\/en\/jarjesto\/2015\/02\/17\/kutsu-osuuskunnat-ja-kestava-kehitys-kirjan-julkistamistilaisuus\/#respond"]}]},{"@type":"WebPage","@id":"https:\/\/pellervo.fi\/en\/jarjesto\/2015\/02\/17\/kutsu-osuuskunnat-ja-kestava-kehitys-kirjan-julkistamistilaisuus\/","url":"https:\/\/pellervo.fi\/en\/jarjesto\/2015\/02\/17\/kutsu-osuuskunnat-ja-kestava-kehitys-kirjan-julkistamistilaisuus\/","name":"Kutsu: \u201dOsuuskunnat ja kest\u00e4v\u00e4 kehitys\u201d \u2013kirjan julkistamistilaisuus - Pellervo","isPartOf":{"@id":"https:\/\/pellervo.fi\/#website"},"datePublished":"2015-02-17T11:21:42+00:00","dateModified":"2020-06-30T08:50:01+00:00","breadcrumb":{"@id":"https:\/\/pellervo.fi\/en\/jarjesto\/2015\/02\/17\/kutsu-osuuskunnat-ja-kestava-kehitys-kirjan-julkistamistilaisuus\/#breadcrumb"},"inLanguage":"sv-SE","potentialAction":[{"@type":"ReadAction","target":["https:\/\/pellervo.fi\/en\/jarjesto\/2015\/02\/17\/kutsu-osuuskunnat-ja-kestava-kehitys-kirjan-julkistamistilaisuus\/"]}]},{"@type":"BreadcrumbList","@id":"https:\/\/pellervo.fi\/en\/jarjesto\/2015\/02\/17\/kutsu-osuuskunnat-ja-kestava-kehitys-kirjan-julkistamistilaisuus\/#breadcrumb","itemListElement":[{"@type":"ListItem","position":1,"name":"Koti","item":"https:\/\/pellervo.fi\/sv\/"},{"@type":"ListItem","position":2,"name":"Kutsu: \u201dOsuuskunnat ja kest\u00e4v\u00e4 kehitys\u201d \u2013kirjan julkistamistilaisuus"}]},{"@type":"WebSite","@id":"https:\/\/pellervo.fi\/#website","url":"https:\/\/pellervo.fi\/","name":"Pellervo","description":"Osuuskuntien keskusj\u00e4rjest\u00f6","publisher":{"@id":"https:\/\/pellervo.fi\/#organization"},"potentialAction":[{"@type":"SearchAction","target":{"@type":"EntryPoint","urlTemplate":"https:\/\/pellervo.fi\/?s={search_term_string}"},"query-input":{"@type":"PropertyValueSpecification","valueRequired":true,"valueName":"search_term_string"}}],"inLanguage":"sv-SE"},{"@type":"Organization","@id":"https:\/\/pellervo.fi\/#organization","name":"Osuustoimintakeskus Pellervo ry","url":"https:\/\/pellervo.fi\/","logo":{"@type":"ImageObject","inLanguage":"sv-SE","@id":"https:\/\/pellervo.fi\/#\/schema\/logo\/image\/","url":"https:\/\/pellervo.fi\/wp-content\/uploads\/2020\/05\/Pellervo_logo.png","contentUrl":"https:\/\/pellervo.fi\/wp-content\/uploads\/2020\/05\/Pellervo_logo.png","width":1335,"height":376,"caption":"Osuustoimintakeskus Pellervo ry"},"image":{"@id":"https:\/\/pellervo.fi\/#\/schema\/logo\/image\/"},"sameAs":["https:\/\/x.com\/PellervoFi"]},{"@type":"Person","@id":"https:\/\/pellervo.fi\/#\/schema\/person\/4b74d40956937d1367ade81899997e71","name":"pellervo","image":{"@type":"ImageObject","inLanguage":"sv-SE","@id":"https:\/\/pellervo.fi\/wp-content\/uploads\/2013\/11\/pellervo_avatar_1384522134-96x96.jpg","url":"https:\/\/pellervo.fi\/wp-content\/uploads\/2013\/11\/pellervo_avatar_1384522134-96x96.jpg","contentUrl":"https:\/\/pellervo.fi\/wp-content\/uploads\/2013\/11\/pellervo_avatar_1384522134-96x96.jpg","caption":"pellervo"},"description":"Kuvaus","url":"https:\/\/pellervo.fi\/sv\/author\/pellervo\/"}]}},"_links":{"self":[{"href":"https:\/\/pellervo.fi\/sv\/wp-json\/wp\/v2\/posts\/67744","targetHints":{"allow":["GET"]}}],"collection":[{"href":"https:\/\/pellervo.fi\/sv\/wp-json\/wp\/v2\/posts"}],"about":[{"href":"https:\/\/pellervo.fi\/sv\/wp-json\/wp\/v2\/types\/post"}],"author":[{"embeddable":true,"href":"https:\/\/pellervo.fi\/sv\/wp-json\/wp\/v2\/users\/5"}],"replies":[{"embeddable":true,"href":"https:\/\/pellervo.fi\/sv\/wp-json\/wp\/v2\/comments?post=67744"}],"version-history":[{"count":2,"href":"https:\/\/pellervo.fi\/sv\/wp-json\/wp\/v2\/posts\/67744\/revisions"}],"predecessor-version":[{"id":67748,"href":"https:\/\/pellervo.fi\/sv\/wp-json\/wp\/v2\/posts\/67744\/revisions\/67748"}],"wp:attachment":[{"href":"https:\/\/pellervo.fi\/sv\/wp-json\/wp\/v2\/media?parent=67744"}],"wp:term":[{"taxonomy":"category","embeddable":true,"href":"https:\/\/pellervo.fi\/sv\/wp-json\/wp\/v2\/categories?post=67744"},{"taxonomy":"post_tag","embeddable":true,"href":"https:\/\/pellervo.fi\/sv\/wp-json\/wp\/v2\/tags?post=67744"}],"curies":[{"name":"wp","href":"https:\/\/api.w.org\/{rel}","templated":true}]}}