{"id":72638,"date":"2015-02-24T12:38:59","date_gmt":"2015-02-24T10:38:59","guid":{"rendered":"http:\/\/pellervo.fi\/?p=72638"},"modified":"2020-06-30T11:49:55","modified_gmt":"2020-06-30T08:49:55","slug":"erkki-tuomioja-uutuuskirjassa-osuuskuntien-asemaa-ei-pida-tietoisesti-heikentaa","status":"publish","type":"post","link":"https:\/\/pellervo.fi\/sv\/jarjesto\/2015\/02\/24\/erkki-tuomioja-uutuuskirjassa-osuuskuntien-asemaa-ei-pida-tietoisesti-heikentaa\/","title":{"rendered":"Erkki Tuomioja uutuuskirjassa: \u201dOsuuskuntien asemaa ei pid\u00e4 tietoisesti heikent\u00e4\u00e4\u201d"},"content":{"rendered":"<p>Pellervo-Seura ry<\/p>\n<p>TIEDOTE 24.2.2015<br \/>\nJulkaistavissa 24.2.2015 klo 9.30<\/p>\n<p><strong>Nykyajan kvartaalitaloudessa lyhyen aikav\u00e4lin edun tavoittelu sivuuttaa monesti pitk\u00e4n aikav\u00e4lin ekologisen tasapainon edellytt\u00e4m\u00e4t rajoitteet.<\/strong><\/p>\n<p>Osuuskunnissa on mahdollista yhdist\u00e4\u00e4 ekologinen, sosiaalinen ja taloudellinen kest\u00e4vyys. <em>Osuuskunnat ja kest\u00e4v\u00e4 kehitys<\/em> \u2013julkaisu k\u00e4sittelee osuustoiminnan ja kest\u00e4v\u00e4n kehityksen ulottuvuuksia monista eri n\u00e4k\u00f6kulmista. Julkaisun artikkeleissa ovat esill\u00e4 osuuskuntien kehitys ja kilpailuedut yritysmuotona.<\/p>\n<p>Valtaosa maailman elintarvikkeiden jalostuksesta tapahtuu tuottajaosuuskuntien kautta. Euroopassa yli 60 prosenttia maataloustuotteista jalostetaan osuuskunnissa. Useissa kehitysmaissa osuuskunnat ovat merkitt\u00e4v\u00e4ss\u00e4 asemassa k\u00f6yhyyden v\u00e4hent\u00e4misess\u00e4 ja kansalaisyhteiskunnan rakentamisessa.<\/p>\n<p>\u201dEU:n sis\u00e4markkinaperiaatteita on sovellettava tavalla, joka ei johda osuustoiminnan aseman tietoiseen tai tahattomaan heikent\u00e4miseen. T\u00e4m\u00e4 tulee ottaa huomioon sek\u00e4 Suomessa ett\u00e4 Euroopan unionissa elinkeinoel\u00e4m\u00e4\u00e4 ohjaavassa lains\u00e4\u00e4d\u00e4nn\u00f6ss\u00e4 ja kilpailupolitiikan soveltamisessa\u201d, ulkoministeri <strong>Erkki Tuomioja<\/strong> (sd.) toteaa artikkelissaan.<\/p>\n<p>Tuomiojan mukaan ylti\u00f6liberalistisen markkinalogiikan vierastamien osuustoimintaperiaatteiden soveltamiselle on oltava tunnustettu asema.<\/p>\n<p>\u201dAito vapaaehtoinen yhteisty\u00f6 ja siihen perustuva keskin\u00e4isyys ei voi olla kielletty\u00e4\u201d, muistuttaa Tuomioja.<\/p>\n<p>Osuuskuntien merkitys yhti\u00f6muotona EU:n taloudessa on huomattava. Ne ty\u00f6llist\u00e4v\u00e4t yli 5 miljoonaa ihmist\u00e4 ja noin yksi kolmesta EU-kansalaisesta on osuuskunnan j\u00e4sen.<\/p>\n<p>Osuuskunnan j\u00e4senist\u00f6 voi asettaa etusijalle t\u00e4rkeiksi katsomansa asiat, vaikka ne eiv\u00e4t olisi markkinatalouden n\u00e4k\u00f6kulmasta kaikkein kannattavimpia lyhyell\u00e4 aikav\u00e4lill\u00e4.<\/p>\n<h3>Osuuskunnat edist\u00e4v\u00e4t<br \/>\nruokaturvaa kehitysmaissa<\/h3>\n<p>\u201dOsuustoimintaa ei pid\u00e4 erist\u00e4\u00e4 muusta taloudesta ja yhteiskunnasta irralliseksi teemaksi, joka ei saavuttaisi laajaa kiinnostusta. Selv\u00e4\u00e4 on esimerkiksi se, ett\u00e4 liiketaloustieteen oppikirjoissa tulisi k\u00e4sitell\u00e4 my\u00f6s osuustoimintaa\u201d, Helsingin yliopiston rehtori <strong>Jukka Kola<\/strong> kirjoittaa.<\/p>\n<p>Liiketaloustieteen oppikirjoissa tulisi h\u00e4nen mielest\u00e4\u00e4n k\u00e4sitell\u00e4 my\u00f6s osuustoimintaa ja pohtia, miten osuustoiminnalliset yritykset toimivat ja mit\u00e4 ne voisivat tarjota nykyisess\u00e4 taloustilanteessa.<\/p>\n<p>\u201dMaatalousosuuskunnat tarjoavat hyv\u00e4n organisatorisen pohjan ruokaturvan edist\u00e4miselle ja kehitt\u00e4miselle maissa, joissa yhteistoiminta viel\u00e4 hakee muotoaan\u201d, arvioi maa- ja mets\u00e4talousministeri\u00f6n kansliap\u00e4\u00e4llikk\u00f6 <strong>Jaana Husu-Kallio<\/strong>.<\/p>\n<p>Suomessa osuustoiminnalla on pitk\u00e4 ja kunniakas historia. Se on ollut osa paitsi maaseudun my\u00f6s kaupunkien el\u00e4m\u00e4\u00e4 yli sata vuotta.<\/p>\n<p>Se on Husu-Kallion mukaan osaltaan edist\u00e4nyt Suomen vastuunkantoa omasta ruokahuollosta. Samalla olemme olleet osallisina maailman ruokaturvan varmistamisessa.<\/p>\n<p>\u201dT\u00e4ss\u00e4 suomalaisten osaamista ja kokemusta tarvitaan edelleenkin.\u201d<\/p>\n<p><em>Osuuskunnat ja kest\u00e4v\u00e4 kehitys<\/em> \u2013kirjan kirjoittajina ovat Helsingin yliopiston rehtori Jukka Kola, ulkoministeri Erkki Tuomioja, MMM:n kansliap\u00e4\u00e4llikk\u00f6 Jaana Husu-Kallio, professorit <strong>Visa Heinonen<\/strong>, <strong>Tapani K\u00f6pp\u00e4<\/strong>, <strong>Petri Ollila<\/strong> ja <strong>John Sumelius<\/strong>, Pellervo-Seuran toimitusjohtaja <strong>Sami Karhu<\/strong> sek\u00e4 tutkijat <strong>Sara Lindberg<\/strong>, <strong>Shimelles Tenaw<\/strong>, <strong>Pekka Hytinkoski<\/strong> ja <strong>Eliisa Troberg<\/strong>. Kirjan julkaisijoina toimivat Pellervo-Seura ja Helsingin yliopiston taloustieteen laitos. Kirja sopii yliopisto- ja korkeakoulukurssien materiaaliksi.<\/p>\n<p>Lis\u00e4tietoja: toimitusjohtaja Sami Karhu <a href=\"mailto:sami.karhu@pellervo.fi\">sami.karhu@pellervo.fi<\/a>, puh. 0400 545\u00a0989.  <\/p>\n","protected":false},"excerpt":{"rendered":"<p> Nykyajan kvartaalitaloudessa lyhyen aikav\u00e4lin edun tavoittelu sivuuttaa monesti pitk\u00e4n aikav\u00e4lin ekologisen tasapainon edellytt\u00e4m\u00e4t rajoitteet.<\/p>\n","protected":false},"author":5,"featured_media":0,"comment_status":"open","ping_status":"open","sticky":false,"template":"","format":"standard","meta":{"inline_featured_image":false,"_monsterinsights_skip_tracking":false,"_monsterinsights_sitenote_active":false,"_monsterinsights_sitenote_note":"","_monsterinsights_sitenote_category":0,"site-sidebar-layout":"default","site-content-layout":"","ast-site-content-layout":"default","site-content-style":"default","site-sidebar-style":"default","ast-global-header-display":"","ast-banner-title-visibility":"","ast-main-header-display":"","ast-hfb-above-header-display":"","ast-hfb-below-header-display":"","ast-hfb-mobile-header-display":"","site-post-title":"","ast-breadcrumbs-content":"","ast-featured-img":"","footer-sml-layout":"","ast-disable-related-posts":"","theme-transparent-header-meta":"","adv-header-id-meta":"","stick-header-meta":"","header-above-stick-meta":"","header-main-stick-meta":"","header-below-stick-meta":"","astra-migrate-meta-layouts":"default","ast-page-background-enabled":"default","ast-page-background-meta":{"desktop":{"background-color":"","background-image":"","background-repeat":"repeat","background-position":"center center","background-size":"auto","background-attachment":"scroll","background-type":"","background-media":"","overlay-type":"","overlay-color":"","overlay-opacity":"","overlay-gradient":""},"tablet":{"background-color":"","background-image":"","background-repeat":"repeat","background-position":"center center","background-size":"auto","background-attachment":"scroll","background-type":"","background-media":"","overlay-type":"","overlay-color":"","overlay-opacity":"","overlay-gradient":""},"mobile":{"background-color":"","background-image":"","background-repeat":"repeat","background-position":"center center","background-size":"auto","background-attachment":"scroll","background-type":"","background-media":"","overlay-type":"","overlay-color":"","overlay-opacity":"","overlay-gradient":""}},"ast-content-background-meta":{"desktop":{"background-color":"var(--ast-global-color-5)","background-image":"","background-repeat":"repeat","background-position":"center center","background-size":"auto","background-attachment":"scroll","background-type":"","background-media":"","overlay-type":"","overlay-color":"","overlay-opacity":"","overlay-gradient":""},"tablet":{"background-color":"var(--ast-global-color-5)","background-image":"","background-repeat":"repeat","background-position":"center center","background-size":"auto","background-attachment":"scroll","background-type":"","background-media":"","overlay-type":"","overlay-color":"","overlay-opacity":"","overlay-gradient":""},"mobile":{"background-color":"var(--ast-global-color-5)","background-image":"","background-repeat":"repeat","background-position":"center center","background-size":"auto","background-attachment":"scroll","background-type":"","background-media":"","overlay-type":"","overlay-color":"","overlay-opacity":"","overlay-gradient":""}},"_FSMCFIC_featured_image_caption":"","_FSMCFIC_featured_image_nocaption":"","_FSMCFIC_featured_image_hide":"","footnotes":""},"categories":[71],"tags":[],"class_list":["post-72638","post","type-post","status-publish","format-standard","hentry","category-jarjesto"],"yoast_head":"<!-- This site is optimized with the Yoast SEO plugin v27.4 - https:\/\/yoast.com\/product\/yoast-seo-wordpress\/ -->\n<title>Erkki Tuomioja uutuuskirjassa: \u201dOsuuskuntien asemaa ei pid\u00e4 tietoisesti heikent\u00e4\u00e4\u201d - Pellervo<\/title>\n<meta name=\"robots\" content=\"index, follow, max-snippet:-1, max-image-preview:large, max-video-preview:-1\" \/>\n<link rel=\"canonical\" href=\"https:\/\/pellervo.fi\/jarjesto\/2015\/02\/24\/erkki-tuomioja-uutuuskirjassa-osuuskuntien-asemaa-ei-pida-tietoisesti-heikentaa\/\" \/>\n<meta property=\"og:locale\" content=\"sv_SE\" \/>\n<meta property=\"og:type\" content=\"article\" \/>\n<meta property=\"og:title\" content=\"Erkki Tuomioja uutuuskirjassa: \u201dOsuuskuntien asemaa ei pid\u00e4 tietoisesti heikent\u00e4\u00e4\u201d - Pellervo\" \/>\n<meta property=\"og:description\" content=\"Nykyajan kvartaalitaloudessa lyhyen aikav\u00e4lin edun tavoittelu sivuuttaa monesti pitk\u00e4n aikav\u00e4lin ekologisen tasapainon edellytt\u00e4m\u00e4t rajoitteet.\" \/>\n<meta property=\"og:url\" content=\"https:\/\/pellervo.fi\/jarjesto\/2015\/02\/24\/erkki-tuomioja-uutuuskirjassa-osuuskuntien-asemaa-ei-pida-tietoisesti-heikentaa\/\" \/>\n<meta property=\"og:site_name\" content=\"Pellervo\" \/>\n<meta property=\"article:published_time\" content=\"2015-02-24T10:38:59+00:00\" \/>\n<meta property=\"article:modified_time\" content=\"2020-06-30T08:49:55+00:00\" \/>\n<meta property=\"og:image\" content=\"https:\/\/pellervo.fi\/wp-content\/uploads\/2020\/04\/pallo2020.jpg\" \/>\n\t<meta property=\"og:image:width\" content=\"850\" \/>\n\t<meta property=\"og:image:height\" content=\"560\" \/>\n\t<meta property=\"og:image:type\" content=\"image\/jpeg\" \/>\n<meta name=\"author\" content=\"pellervo\" \/>\n<meta name=\"twitter:card\" content=\"summary_large_image\" \/>\n<meta name=\"twitter:creator\" content=\"@PellervoFi\" \/>\n<meta name=\"twitter:site\" content=\"@PellervoFi\" \/>\n<meta name=\"twitter:label1\" content=\"Skriven av\" \/>\n\t<meta name=\"twitter:data1\" content=\"pellervo\" \/>\n\t<meta name=\"twitter:label2\" content=\"Ber\u00e4knad l\u00e4stid\" \/>\n\t<meta name=\"twitter:data2\" content=\"2 minuter\" \/>\n<script type=\"application\/ld+json\" class=\"yoast-schema-graph\">{\"@context\":\"https:\\\/\\\/schema.org\",\"@graph\":[{\"@type\":\"Article\",\"@id\":\"https:\\\/\\\/pellervo.fi\\\/jarjesto\\\/2015\\\/02\\\/24\\\/erkki-tuomioja-uutuuskirjassa-osuuskuntien-asemaa-ei-pida-tietoisesti-heikentaa\\\/#article\",\"isPartOf\":{\"@id\":\"https:\\\/\\\/pellervo.fi\\\/jarjesto\\\/2015\\\/02\\\/24\\\/erkki-tuomioja-uutuuskirjassa-osuuskuntien-asemaa-ei-pida-tietoisesti-heikentaa\\\/\"},\"author\":{\"name\":\"pellervo\",\"@id\":\"https:\\\/\\\/pellervo.fi\\\/#\\\/schema\\\/person\\\/4b74d40956937d1367ade81899997e71\"},\"headline\":\"Erkki Tuomioja uutuuskirjassa: \u201dOsuuskuntien asemaa ei pid\u00e4 tietoisesti heikent\u00e4\u00e4\u201d\",\"datePublished\":\"2015-02-24T10:38:59+00:00\",\"dateModified\":\"2020-06-30T08:49:55+00:00\",\"mainEntityOfPage\":{\"@id\":\"https:\\\/\\\/pellervo.fi\\\/jarjesto\\\/2015\\\/02\\\/24\\\/erkki-tuomioja-uutuuskirjassa-osuuskuntien-asemaa-ei-pida-tietoisesti-heikentaa\\\/\"},\"wordCount\":433,\"commentCount\":0,\"publisher\":{\"@id\":\"https:\\\/\\\/pellervo.fi\\\/#organization\"},\"articleSection\":[\"J\u00e4rjest\u00f6\"],\"inLanguage\":\"sv-SE\",\"potentialAction\":[{\"@type\":\"CommentAction\",\"name\":\"Comment\",\"target\":[\"https:\\\/\\\/pellervo.fi\\\/jarjesto\\\/2015\\\/02\\\/24\\\/erkki-tuomioja-uutuuskirjassa-osuuskuntien-asemaa-ei-pida-tietoisesti-heikentaa\\\/#respond\"]}]},{\"@type\":\"WebPage\",\"@id\":\"https:\\\/\\\/pellervo.fi\\\/jarjesto\\\/2015\\\/02\\\/24\\\/erkki-tuomioja-uutuuskirjassa-osuuskuntien-asemaa-ei-pida-tietoisesti-heikentaa\\\/\",\"url\":\"https:\\\/\\\/pellervo.fi\\\/jarjesto\\\/2015\\\/02\\\/24\\\/erkki-tuomioja-uutuuskirjassa-osuuskuntien-asemaa-ei-pida-tietoisesti-heikentaa\\\/\",\"name\":\"Erkki Tuomioja uutuuskirjassa: \u201dOsuuskuntien asemaa ei pid\u00e4 tietoisesti heikent\u00e4\u00e4\u201d - Pellervo\",\"isPartOf\":{\"@id\":\"https:\\\/\\\/pellervo.fi\\\/#website\"},\"datePublished\":\"2015-02-24T10:38:59+00:00\",\"dateModified\":\"2020-06-30T08:49:55+00:00\",\"breadcrumb\":{\"@id\":\"https:\\\/\\\/pellervo.fi\\\/jarjesto\\\/2015\\\/02\\\/24\\\/erkki-tuomioja-uutuuskirjassa-osuuskuntien-asemaa-ei-pida-tietoisesti-heikentaa\\\/#breadcrumb\"},\"inLanguage\":\"sv-SE\",\"potentialAction\":[{\"@type\":\"ReadAction\",\"target\":[\"https:\\\/\\\/pellervo.fi\\\/jarjesto\\\/2015\\\/02\\\/24\\\/erkki-tuomioja-uutuuskirjassa-osuuskuntien-asemaa-ei-pida-tietoisesti-heikentaa\\\/\"]}]},{\"@type\":\"BreadcrumbList\",\"@id\":\"https:\\\/\\\/pellervo.fi\\\/jarjesto\\\/2015\\\/02\\\/24\\\/erkki-tuomioja-uutuuskirjassa-osuuskuntien-asemaa-ei-pida-tietoisesti-heikentaa\\\/#breadcrumb\",\"itemListElement\":[{\"@type\":\"ListItem\",\"position\":1,\"name\":\"Koti\",\"item\":\"https:\\\/\\\/pellervo.fi\\\/sv\\\/\"},{\"@type\":\"ListItem\",\"position\":2,\"name\":\"Erkki Tuomioja uutuuskirjassa: \u201dOsuuskuntien asemaa ei pid\u00e4 tietoisesti heikent\u00e4\u00e4\u201d\"}]},{\"@type\":\"WebSite\",\"@id\":\"https:\\\/\\\/pellervo.fi\\\/#website\",\"url\":\"https:\\\/\\\/pellervo.fi\\\/\",\"name\":\"Pellervo\",\"description\":\"Osuuskuntien keskusj\u00e4rjest\u00f6\",\"publisher\":{\"@id\":\"https:\\\/\\\/pellervo.fi\\\/#organization\"},\"potentialAction\":[{\"@type\":\"SearchAction\",\"target\":{\"@type\":\"EntryPoint\",\"urlTemplate\":\"https:\\\/\\\/pellervo.fi\\\/?s={search_term_string}\"},\"query-input\":{\"@type\":\"PropertyValueSpecification\",\"valueRequired\":true,\"valueName\":\"search_term_string\"}}],\"inLanguage\":\"sv-SE\"},{\"@type\":\"Organization\",\"@id\":\"https:\\\/\\\/pellervo.fi\\\/#organization\",\"name\":\"Osuustoimintakeskus Pellervo ry\",\"url\":\"https:\\\/\\\/pellervo.fi\\\/\",\"logo\":{\"@type\":\"ImageObject\",\"inLanguage\":\"sv-SE\",\"@id\":\"https:\\\/\\\/pellervo.fi\\\/#\\\/schema\\\/logo\\\/image\\\/\",\"url\":\"https:\\\/\\\/pellervo.fi\\\/wp-content\\\/uploads\\\/2020\\\/05\\\/Pellervo_logo.png\",\"contentUrl\":\"https:\\\/\\\/pellervo.fi\\\/wp-content\\\/uploads\\\/2020\\\/05\\\/Pellervo_logo.png\",\"width\":1335,\"height\":376,\"caption\":\"Osuustoimintakeskus Pellervo ry\"},\"image\":{\"@id\":\"https:\\\/\\\/pellervo.fi\\\/#\\\/schema\\\/logo\\\/image\\\/\"},\"sameAs\":[\"https:\\\/\\\/x.com\\\/PellervoFi\"]},{\"@type\":\"Person\",\"@id\":\"https:\\\/\\\/pellervo.fi\\\/#\\\/schema\\\/person\\\/4b74d40956937d1367ade81899997e71\",\"name\":\"pellervo\",\"image\":{\"@type\":\"ImageObject\",\"inLanguage\":\"sv-SE\",\"@id\":\"https:\\\/\\\/pellervo.fi\\\/wp-content\\\/uploads\\\/2013\\\/11\\\/pellervo_avatar_1384522134-96x96.jpg\",\"url\":\"https:\\\/\\\/pellervo.fi\\\/wp-content\\\/uploads\\\/2013\\\/11\\\/pellervo_avatar_1384522134-96x96.jpg\",\"contentUrl\":\"https:\\\/\\\/pellervo.fi\\\/wp-content\\\/uploads\\\/2013\\\/11\\\/pellervo_avatar_1384522134-96x96.jpg\",\"caption\":\"pellervo\"},\"description\":\"Kuvaus\",\"url\":\"https:\\\/\\\/pellervo.fi\\\/sv\\\/author\\\/pellervo\\\/\"}]}<\/script>\n<!-- \/ Yoast SEO plugin. -->","yoast_head_json":{"title":"Erkki Tuomioja uutuuskirjassa: \u201dOsuuskuntien asemaa ei pid\u00e4 tietoisesti heikent\u00e4\u00e4\u201d - Pellervo","robots":{"index":"index","follow":"follow","max-snippet":"max-snippet:-1","max-image-preview":"max-image-preview:large","max-video-preview":"max-video-preview:-1"},"canonical":"https:\/\/pellervo.fi\/jarjesto\/2015\/02\/24\/erkki-tuomioja-uutuuskirjassa-osuuskuntien-asemaa-ei-pida-tietoisesti-heikentaa\/","og_locale":"sv_SE","og_type":"article","og_title":"Erkki Tuomioja uutuuskirjassa: \u201dOsuuskuntien asemaa ei pid\u00e4 tietoisesti heikent\u00e4\u00e4\u201d - Pellervo","og_description":"Nykyajan kvartaalitaloudessa lyhyen aikav\u00e4lin edun tavoittelu sivuuttaa monesti pitk\u00e4n aikav\u00e4lin ekologisen tasapainon edellytt\u00e4m\u00e4t rajoitteet.","og_url":"https:\/\/pellervo.fi\/jarjesto\/2015\/02\/24\/erkki-tuomioja-uutuuskirjassa-osuuskuntien-asemaa-ei-pida-tietoisesti-heikentaa\/","og_site_name":"Pellervo","article_published_time":"2015-02-24T10:38:59+00:00","article_modified_time":"2020-06-30T08:49:55+00:00","og_image":[{"width":850,"height":560,"url":"https:\/\/pellervo.fi\/wp-content\/uploads\/2020\/04\/pallo2020.jpg","type":"image\/jpeg"}],"author":"pellervo","twitter_card":"summary_large_image","twitter_creator":"@PellervoFi","twitter_site":"@PellervoFi","twitter_misc":{"Skriven av":"pellervo","Ber\u00e4knad l\u00e4stid":"2 minuter"},"schema":{"@context":"https:\/\/schema.org","@graph":[{"@type":"Article","@id":"https:\/\/pellervo.fi\/jarjesto\/2015\/02\/24\/erkki-tuomioja-uutuuskirjassa-osuuskuntien-asemaa-ei-pida-tietoisesti-heikentaa\/#article","isPartOf":{"@id":"https:\/\/pellervo.fi\/jarjesto\/2015\/02\/24\/erkki-tuomioja-uutuuskirjassa-osuuskuntien-asemaa-ei-pida-tietoisesti-heikentaa\/"},"author":{"name":"pellervo","@id":"https:\/\/pellervo.fi\/#\/schema\/person\/4b74d40956937d1367ade81899997e71"},"headline":"Erkki Tuomioja uutuuskirjassa: \u201dOsuuskuntien asemaa ei pid\u00e4 tietoisesti heikent\u00e4\u00e4\u201d","datePublished":"2015-02-24T10:38:59+00:00","dateModified":"2020-06-30T08:49:55+00:00","mainEntityOfPage":{"@id":"https:\/\/pellervo.fi\/jarjesto\/2015\/02\/24\/erkki-tuomioja-uutuuskirjassa-osuuskuntien-asemaa-ei-pida-tietoisesti-heikentaa\/"},"wordCount":433,"commentCount":0,"publisher":{"@id":"https:\/\/pellervo.fi\/#organization"},"articleSection":["J\u00e4rjest\u00f6"],"inLanguage":"sv-SE","potentialAction":[{"@type":"CommentAction","name":"Comment","target":["https:\/\/pellervo.fi\/jarjesto\/2015\/02\/24\/erkki-tuomioja-uutuuskirjassa-osuuskuntien-asemaa-ei-pida-tietoisesti-heikentaa\/#respond"]}]},{"@type":"WebPage","@id":"https:\/\/pellervo.fi\/jarjesto\/2015\/02\/24\/erkki-tuomioja-uutuuskirjassa-osuuskuntien-asemaa-ei-pida-tietoisesti-heikentaa\/","url":"https:\/\/pellervo.fi\/jarjesto\/2015\/02\/24\/erkki-tuomioja-uutuuskirjassa-osuuskuntien-asemaa-ei-pida-tietoisesti-heikentaa\/","name":"Erkki Tuomioja uutuuskirjassa: \u201dOsuuskuntien asemaa ei pid\u00e4 tietoisesti heikent\u00e4\u00e4\u201d - Pellervo","isPartOf":{"@id":"https:\/\/pellervo.fi\/#website"},"datePublished":"2015-02-24T10:38:59+00:00","dateModified":"2020-06-30T08:49:55+00:00","breadcrumb":{"@id":"https:\/\/pellervo.fi\/jarjesto\/2015\/02\/24\/erkki-tuomioja-uutuuskirjassa-osuuskuntien-asemaa-ei-pida-tietoisesti-heikentaa\/#breadcrumb"},"inLanguage":"sv-SE","potentialAction":[{"@type":"ReadAction","target":["https:\/\/pellervo.fi\/jarjesto\/2015\/02\/24\/erkki-tuomioja-uutuuskirjassa-osuuskuntien-asemaa-ei-pida-tietoisesti-heikentaa\/"]}]},{"@type":"BreadcrumbList","@id":"https:\/\/pellervo.fi\/jarjesto\/2015\/02\/24\/erkki-tuomioja-uutuuskirjassa-osuuskuntien-asemaa-ei-pida-tietoisesti-heikentaa\/#breadcrumb","itemListElement":[{"@type":"ListItem","position":1,"name":"Koti","item":"https:\/\/pellervo.fi\/sv\/"},{"@type":"ListItem","position":2,"name":"Erkki Tuomioja uutuuskirjassa: \u201dOsuuskuntien asemaa ei pid\u00e4 tietoisesti heikent\u00e4\u00e4\u201d"}]},{"@type":"WebSite","@id":"https:\/\/pellervo.fi\/#website","url":"https:\/\/pellervo.fi\/","name":"Pellervo","description":"Osuuskuntien keskusj\u00e4rjest\u00f6","publisher":{"@id":"https:\/\/pellervo.fi\/#organization"},"potentialAction":[{"@type":"SearchAction","target":{"@type":"EntryPoint","urlTemplate":"https:\/\/pellervo.fi\/?s={search_term_string}"},"query-input":{"@type":"PropertyValueSpecification","valueRequired":true,"valueName":"search_term_string"}}],"inLanguage":"sv-SE"},{"@type":"Organization","@id":"https:\/\/pellervo.fi\/#organization","name":"Osuustoimintakeskus Pellervo ry","url":"https:\/\/pellervo.fi\/","logo":{"@type":"ImageObject","inLanguage":"sv-SE","@id":"https:\/\/pellervo.fi\/#\/schema\/logo\/image\/","url":"https:\/\/pellervo.fi\/wp-content\/uploads\/2020\/05\/Pellervo_logo.png","contentUrl":"https:\/\/pellervo.fi\/wp-content\/uploads\/2020\/05\/Pellervo_logo.png","width":1335,"height":376,"caption":"Osuustoimintakeskus Pellervo ry"},"image":{"@id":"https:\/\/pellervo.fi\/#\/schema\/logo\/image\/"},"sameAs":["https:\/\/x.com\/PellervoFi"]},{"@type":"Person","@id":"https:\/\/pellervo.fi\/#\/schema\/person\/4b74d40956937d1367ade81899997e71","name":"pellervo","image":{"@type":"ImageObject","inLanguage":"sv-SE","@id":"https:\/\/pellervo.fi\/wp-content\/uploads\/2013\/11\/pellervo_avatar_1384522134-96x96.jpg","url":"https:\/\/pellervo.fi\/wp-content\/uploads\/2013\/11\/pellervo_avatar_1384522134-96x96.jpg","contentUrl":"https:\/\/pellervo.fi\/wp-content\/uploads\/2013\/11\/pellervo_avatar_1384522134-96x96.jpg","caption":"pellervo"},"description":"Kuvaus","url":"https:\/\/pellervo.fi\/sv\/author\/pellervo\/"}]}},"_links":{"self":[{"href":"https:\/\/pellervo.fi\/sv\/wp-json\/wp\/v2\/posts\/72638","targetHints":{"allow":["GET"]}}],"collection":[{"href":"https:\/\/pellervo.fi\/sv\/wp-json\/wp\/v2\/posts"}],"about":[{"href":"https:\/\/pellervo.fi\/sv\/wp-json\/wp\/v2\/types\/post"}],"author":[{"embeddable":true,"href":"https:\/\/pellervo.fi\/sv\/wp-json\/wp\/v2\/users\/5"}],"replies":[{"embeddable":true,"href":"https:\/\/pellervo.fi\/sv\/wp-json\/wp\/v2\/comments?post=72638"}],"version-history":[{"count":1,"href":"https:\/\/pellervo.fi\/sv\/wp-json\/wp\/v2\/posts\/72638\/revisions"}],"predecessor-version":[{"id":72639,"href":"https:\/\/pellervo.fi\/sv\/wp-json\/wp\/v2\/posts\/72638\/revisions\/72639"}],"wp:attachment":[{"href":"https:\/\/pellervo.fi\/sv\/wp-json\/wp\/v2\/media?parent=72638"}],"wp:term":[{"taxonomy":"category","embeddable":true,"href":"https:\/\/pellervo.fi\/sv\/wp-json\/wp\/v2\/categories?post=72638"},{"taxonomy":"post_tag","embeddable":true,"href":"https:\/\/pellervo.fi\/sv\/wp-json\/wp\/v2\/tags?post=72638"}],"curies":[{"name":"wp","href":"https:\/\/api.w.org\/{rel}","templated":true}]}}