{"id":879727,"date":"2017-11-21T13:56:05","date_gmt":"2017-11-21T11:56:05","guid":{"rendered":"http:\/\/pellervo.fi\/?p=879727"},"modified":"2020-06-30T11:56:56","modified_gmt":"2020-06-30T08:56:56","slug":"sami-karhun-puhe-hirvijarven-osuusmeijerin-110-vuotisjuhlassa","status":"publish","type":"post","link":"https:\/\/pellervo.fi\/sv\/nakokulma\/2017\/11\/21\/sami-karhun-puhe-hirvijarven-osuusmeijerin-110-vuotisjuhlassa\/","title":{"rendered":"Sami Karhun puhe Hirvij\u00e4rven Osuusmeijerin 110-vuotisjuhlassa"},"content":{"rendered":"<p>Pellervo-Seura ry<br \/>\nJuhlapuhe<\/p>\n<p>&nbsp;<\/p>\n<p>Toimitusjohtaja Sami Karhu, Pellervo-Seura ry<\/p>\n<p>Hirvij\u00e4rven Osuusmeijeri 110 vuotta<br \/>\nKurikan Jalasj\u00e4rvi lauantaina 18. marraskuuta 2017<\/p>\n<p>&nbsp;<\/p>\n<p>Arvoisa Hirvij\u00e4rven Osuusmeijerin juhlav\u00e4ki<\/p>\n<p>Onnittelen omasta ja Pellervo-Seura ry:n puolesta 110 vuotta t\u00e4ytt\u00e4v\u00e4\u00e4 Hirvij\u00e4rven Osuusmeijeri\u00e4. Oikein paljon onnea ja menestyst\u00e4 my\u00f6s tulevaan!<\/p>\n<p>Luin Leena Valkaman minulle toimittamasta Hirvij\u00e4rven Osuusmeijerin historiasta, ett\u00e4 yrityksenne on vain harkiten liittynyt eri yhdistyksiin ja muihin rientoihin. On siksi erityisen mieluisa todeta, ett\u00e4 olette ollut Pellervon j\u00e4sen vuodesta 1949. Lehti\u00e4mme, Pellervoa ja Osuustoimintaa, on luettu jo vuosisadan alusta. Toivon, ett\u00e4 jatkatte valitsemallanne tiell\u00e4!<\/p>\n<p>Osuustoiminnalla on suuri merkitys maaseudulle. T\u00e4m\u00e4 saattaa tuntua liturgialta, koska se usein todetaan, mutta se on t\u00e4ytt\u00e4 asiaa. Olen alun perin taloushistorioitsija ja olin kirjoittamassa 1990-luvulla pellervolaisen osuustoiminnan historiakirjaa. Luin siis mielenkiinnolla l\u00e4pi my\u00f6s Hirvij\u00e4rven Osuusmeijerin historian. Minulle nousi siit\u00e4 p\u00e4\u00e4llimm\u00e4isen\u00e4 kolme asiaa.<\/p>\n<p>Ensimm\u00e4inen silmiinpist\u00e4v\u00e4 on se, ett\u00e4 itse asiassa yrityksenne on saanut alkunsa jo Hirvij\u00e4rven Yleisest\u00e4 Meijeri-Yhti\u00f6st\u00e4 vuonna 1889. Koska ei ollut osuuskuntalakia, yhti\u00f6meijeri sovelsi, miten taisi, osuustoimintaperiaatteita. Kun Pellervo perustettiin 1899 ja sen ty\u00f6n tuloksena osuuskuntalaki astui voimaan Suuriruhtinas Nikolai II:n vahvistamana, meijeri oli toiminut jo 12 vuotta. Kun yritys muutettiin osuuskuntamuotoiseksi trendikk\u00e4\u00e4sti ajan yleisess\u00e4 huumassa, vaihto oli mit\u00e4 sujuvin. Kirja kuvaa kuinka hallituksen p\u00f6yt\u00e4kirjasarjaa jatkettiin kuin mit\u00e4\u00e4n erityist\u00e4 ei olisi tapahtunut. Ei tainnut lopulta tapahtuakaan. T\u00e4st\u00e4 n\u00e4k\u00f6kulmasta olemme 128-vuotisjuhlissa. Juuri kell\u00e4\u00e4n ei ole Suomen osuustoiminnassa esitt\u00e4\u00e4 yht\u00e4 pitk\u00e4\u00e4 toiminta-aikaa.<\/p>\n<p>Toinen seikka ajatuksissani on, ett\u00e4 Hirvij\u00e4rven Osuusmeijeri on valinnut oman tien. Historiakirjassa kuvataan, kuinka t\u00e4m\u00e4 tie on ollut vaativa kulkea, kun yritysrakenteiden ja kaupallisten ryhmittymien liittosuhteiden kehitys ymp\u00e4rill\u00e4 on ollut usein nopeaa ja k\u00e4\u00e4nteet yll\u00e4tt\u00e4vi\u00e4. On ollut suorastaan tiukkoja paikkoja, joissa ymp\u00e4rist\u00f6n paineet ovat olleet kovia ja varmaan tunteet pinnassa ja osaamisen ty\u00f6kalupakista kaikki v\u00e4lineet k\u00e4yt\u00f6ss\u00e4. Tekstist\u00e4 heijastuu, ett\u00e4 ty\u00f6 on vaatinut kovaa vastuuntuntoa ja uskallusta. Osuustoiminta on ennen kaikkea johtamiskysymys. Sit\u00e4 teill\u00e4 on todella harjoitettu. Teill\u00e4 on ollut selv\u00e4sti pitk\u00e4n linjan vahvoja hallintohenkil\u00f6it\u00e4.<\/p>\n<p>Kun sitten seuraa yhteisty\u00f6suhteen kehittymist\u00e4 Juustoportti Oy:n kanssa, huomio kiinnittyy sen pitk\u00e4\u00e4n liittolaisuuteen vuodesta 1989. Tulkitsen, ett\u00e4 harjoitatte kumppaninne kanssa erilaistavan ja erikoituneen toimijan strategiaa. Uutta tulee. Siin\u00e4 on ideaa. Ymm\u00e4rt\u00e4\u00e4kseni yritt\u00e4jyys- ja maakuntahenki ovat olleet vahvoja.<\/p>\n<p>Kolmas asia, joka nousee esiin, on laatu. T\u00e4m\u00e4 l\u00e4htee kaikesta, eniten tilalta. Onneksi laatu on koko suomalaisen maitotalouden ydin 1900-luvun alusta. Tuntuu hyv\u00e4lt\u00e4.<\/p>\n<p>Hyv\u00e4t kuulijat,<\/p>\n<p>Maailma on ollut muutoksen tilassa aina ennenkin. Vakaat ajat eiv\u00e4t ole useinkaan olleet niin vakaat, kun mielell\u00e4mme j\u00e4lkik\u00e4teen muistelemme. Valtaosa meist\u00e4 on kylm\u00e4n sodan nuoria. Ei ollut herkkua sek\u00e4\u00e4n. Tosin Suomi oli silloin enemm\u00e4n l\u00e4\u00e4k\u00e4ri kuin tuomari, joten kaikki kriisit eiv\u00e4t ihan kohta olleet portailla. Nyt ajattelutavat ovat hieman muuttuneet ja riski olla kriisien osapuoli on kasvanut. Se lis\u00e4\u00e4 toimintaymp\u00e4rist\u00f6mme hektisyytt\u00e4.<\/p>\n<p>Maailman iso py\u00f6r\u00e4 py\u00f6rii ja me sen mukana. Yhteiskunnalliset muutospaineet ja markkinoiden muutokset ovat osuustoiminnan toimintaymp\u00e4rist\u00f6\u00e4. Niihin on paitsi reagoitava oltava my\u00f6s ennakoiva, aloitteellinen ja tarjota valikoimiaan kehitt\u00e4v\u00e4lle kaupalle ja kokeilutahtoiselle kuluttajille vaihtoehtoja.<\/p>\n<p>Milt\u00e4 n\u00e4ytt\u00e4\u00e4 tiemme eteenp\u00e4in? Haarukoin kysymyst\u00e4 nelj\u00e4n toisiinsa liittyv\u00e4n n\u00e4k\u00f6kulman kautta: Mit\u00e4 on meid\u00e4n Brysselin toimiston tutkakuvassa? Mit\u00e4 Osuustoiminta-lehden analyytikot ajattelevat? Ent\u00e4 Pellervo-lehden tiimi? Mit\u00e4 PTT sanoo? My\u00f6s muutama ajatus EU-Naftan Washingtonin kokouksen n\u00e4k\u00f6kulmasta presidentti Donald Trumpin hallintoon ja kansainv\u00e4liseen kauppasopimusj\u00e4rjestelm\u00e4\u00e4n. Kaikki kuvaavat alati muuttuvaa maailmaa, joka meihin vaikuttaa.<\/p>\n<p>Ensin Brysselin tutka. Ven\u00e4j\u00e4 on yll\u00e4tt\u00e4v\u00e4n hyvin saanut elintarviketuotannon k\u00e4yntiin. N\u00e4in ilmeisesti on tapahtunut my\u00f6s maidontuotannon kanssa lihan ja siipikarjan rinnalla. Sik\u00e4l\u00e4isten elintarvikkeiden valikoima on hyv\u00e4, vaikka laatu ei ole tuonnin veroista. On turha kumistella toiveiden tynnyri\u00e4 it\u00e4markkinoiden eldoradosta. Tilanne on muuttunut. Ven\u00e4j\u00e4 on tehnyt valinnan omavaraisuuden puolesta. Kansainv\u00e4list\u00e4 kriisi\u00e4 on osattu k\u00e4ytt\u00e4\u00e4 hyv\u00e4ksi. Pakotteet ja vastapakotteet n\u00e4ytt\u00e4v\u00e4t jatkuvan, jos ihmeit\u00e4 ei tapahdu.<\/p>\n<p>Irlannin elintarviketuotanto on iso asia eurooppalaisilla foorumeilla. Irlannin tuotanto on edelleen liev\u00e4ss\u00e4 kasvussa, mutta ep\u00e4varmuus Brexitin ymp\u00e4rill\u00e4 hillitsee tunnelmia. Vienti Britanniaan on irlantilaisille avain, mutta viel\u00e4 ei tiedet\u00e4 kaupan esteist\u00e4, tullipolitiikasta eik\u00e4 hintamekanismin kehityksest\u00e4. Varmaa on, ett\u00e4 markkinoille k\u00e4rkkyv\u00e4t muut maat ja sinne my\u00f6s uusin voimin tulevat. Brexit on siis edelleen auki my\u00f6s elintarviketalouden osalta.<\/p>\n<p>Euroopan tuottajaosuuskuntien j\u00e4rjest\u00f6n Cogegan hallituksen Pellervon edustava j\u00e4sen Tiina Linnainmaa on verrannut Irlannin tilannetta Suomen tilanteeseen kolme vuotta sitten. Meill\u00e4 Ven\u00e4j\u00e4n kauppa katkesi yhdess\u00e4 y\u00f6ss\u00e4, mutt a irlantilaiset saavat sent\u00e4\u00e4n hakea ratkaisuja ja sopeuttaa toimintoja vuosia etuk\u00e4teen. T\u00e4\u00e4ll\u00e4 EU:n pohjoisella it\u00e4rajalla on pieni\u00e4 kansoja, joten meid\u00e4n \u00e4\u00e4ni kyll\u00e4 kuuluu, kun puhuu. Meid\u00e4n poliittinen voima ei tosin ole maksimaalinen. Se ei tosin ole kenellek\u00e4\u00e4n uutinen.<\/p>\n<p>Maidon hinta on k\u00e4\u00e4ntynyt nousuun kaikkialla Euroopassa. Nousu on Suomessa maltillisempaa. Kun laskussa meijerit uhrasivat puskuria, nyt koitetaan ker\u00e4t\u00e4 voimia takaisin. Maitojauhekysymys on merkitt\u00e4v\u00e4. Sit\u00e4 on EU:n varastoissa 380 miljoonaa tonnia. Kun varastoja puretaan &#8211; menk\u00f6\u00f6n kehitysapuun tai el\u00e4inten rehuksi &#8211; se syrj\u00e4ytt\u00e4\u00e4 jotakin. Varastojen purkamisella on aina jokin markkinavaikutus.<\/p>\n<p>Maatilan Pellervon joukkue l\u00e4hett\u00e4\u00e4 my\u00f6s terveisi\u00e4. Maidon merkitys on suuri maataloudelle. Se pit\u00e4\u00e4 elinvoimaa yll\u00e4. Maidontuotanto ja muu kotiel\u00e4intuotanto ovat edelleen vankka runko tehd\u00e4 my\u00f6s maatilan ammattilehte\u00e4. Mainospalana viestitt\u00e4v\u00e4t, ett\u00e4 Maatilan Pellervoa tehd\u00e4\u00e4n kaikille tiloille, pienille ja suurille, kotiel\u00e4intiloille ja kasvinviljelytiloille. Sein\u00e4joen seudulla on taajaan lukijoita. Kisaatte tiukasti Kiuruveden ja Nivalan seudun kanssa.<\/p>\n<p>Mutta asiaa, mitk\u00e4 ovat kehitystrendit lehden tekij\u00f6iden n\u00e4k\u00f6kulmasta? Laajentavat tilat laajentavat edelleen, joten tilakoko, palkkaty\u00f6voiman k\u00e4ytt\u00f6, koneistus ja automaatio kasvavat. Yhti\u00f6muotoinen maatilatalous yleistyy.<\/p>\n<p>Koko maan lehm\u00e4m\u00e4\u00e4r\u00e4 ei kasva, mutta maidon keskituotos kasvaa. Alkionsiirtotekniikka vie jalostusta eteenp\u00e4in. My\u00f6s ruokinnan kehityksell\u00e4 on t\u00e4rke\u00e4 merkitys. Pellon merkitys on suuri, sill\u00e4 jos nurmen laatu on hyv\u00e4, tilan talous on parempi. Pellosta pit\u00e4\u00e4 saada irti kaikki optimaalinen.<\/p>\n<p>Kiertotaloudella s\u00e4\u00e4stet\u00e4\u00e4n lannoitteita. Energiatuotanto &#8211; aurinkoenergia ja biokaasu &#8211; nousee.<\/p>\n<p>Muutokset suorastaan kiehuvat. Sit\u00e4 ruokkivat taloudelliset paineet, sill\u00e4 perustuotannon tueksi tarvitaan kaikkea mahdollista. Kehityst\u00e4 ei muuta, vaan voi toki hidastaa maidon hinnan huono kehitys ja rajalliset investointimahdollisuudet ja -halut.<\/p>\n<p>PTT viestitt\u00e4\u00e4, ett\u00e4 elintarviketalouden n\u00e4kym\u00e4t ovat vakaat. Kulutus kasvaa yleisen talouskasvun vanavedess\u00e4. Kulutuksen kasvun seurauksena ketjun kasvaneet kustannukset saadaan siirretty\u00e4 kuluttajahintoihin. Kulutus siirtyy taas enemm\u00e4n lis\u00e4arvotuotteisiin, jolloin saamme lis\u00e4\u00e4 rahaa ketjuun eli kaikki voittavat. Ruuan hinnat k\u00e4\u00e4ntyv\u00e4t nousuun. Maatalouden tulojen lasku on pys\u00e4htynyt, mutta ongelmia on. Tarvitaan uusia rakenteita ja toimenpiteit\u00e4.<\/p>\n<p>Maitosektoriin p\u00e4tee sama kuin edell\u00e4, etenkin lis\u00e4arvotuotteiden kulutuksen kasvusta hy\u00f6tyy eniten juuri maitosektori. Vienti on siirtynyt teollisuustuotteista, kuten maitojauhe, kuluttajatuotteisiin, kuten juustot, ja voi. Vientihinnat ovat nousseet tasaisesti syksyst\u00e4 2016. T\u00e4ht\u00e4imess\u00e4 ovat olleet uudet vientimarkkinat. Tuottajahinnat ovat Suomessa loivassa nousussa, mutta EU:ssa jyrk\u00e4ss\u00e4 nousussa. Maltti on valttia, sill\u00e4 pidemm\u00e4n aikav\u00e4lin keskim\u00e4\u00e4r\u00e4inen hintataso Suomessa EU:n keskim\u00e4\u00e4r\u00e4ist\u00e4 parempi. Suhdannenousu on tasoittumassa ja teollisuustuotteiden hinnat ovat maailmalla jo k\u00e4\u00e4ntyneet laskuun. Hintataso silti aiempaa korkeampi.<\/p>\n<p>Tiivistettyn\u00e4 PTT:n n\u00e4kemys on, ett\u00e4 pohjat on n\u00e4hty, kysynn\u00e4n kasvu vet\u00e4\u00e4 yl\u00f6sp\u00e4in, vaikutukset n\u00e4kyv\u00e4t pikkuhiljaa.<\/p>\n<p>Osuustoiminta-lehden hyv\u00e4\u00e4 tarkoittava, mutta kriittinen analyytikkotiimi raportoi, ett\u00e4 lukujen valossa Hirvij\u00e4rven Osuusmeijerin kehitys n\u00e4ytt\u00e4\u00e4 toimivalta kokonaisuudelta. Erityisesti noteerattiin Ilmajoen Osuusmeijerin tuottajien siirtyminen Hirvij\u00e4rven Osuusmeijerille. Todettiin my\u00f6s, ett\u00e4 Juustoportti-yhteisty\u00f6 on olennaista ja tiedettiin kirjoittaa, ett\u00e4 niin on tulevaisuudessakin. Itse tied\u00e4tte parhaiten.<\/p>\n<p>My\u00f6nteist\u00e4 kehityst\u00e4 tukee suomalaisen ruokakulttuurin kehittyminen. Se antaa my\u00f6s elintarvikeketjuun puhtia kehitt\u00e4\u00e4 ja tarjota kiinnostavia tuotteita ja pyrki\u00e4 irrottautumaan laskevien hintojen n\u00e4ivett\u00e4v\u00e4st\u00e4 kierteest\u00e4. Tuoteinnovaatioiden kent\u00e4ll\u00e4 on tilaa toimia monien toimijoiden. Uskoakseni my\u00f6s maidon tuotantoketjussa ja meijeriteollisuuden kent\u00e4ll\u00e4 on kiinnostava olla t\u00f6iss\u00e4, kun voi keksi\u00e4 uutta ja tarjota sit\u00e4 markkinoille. Ja viel\u00e4 kun onnistuu. Uskoakseni teill\u00e4 on ollut Hirvij\u00e4rven Osuusmeijeriss\u00e4 ja Juustoportissa onnistumisen iloa arkisen ty\u00f6n keskell\u00e4.<\/p>\n<p>Sitten viimeinen n\u00e4k\u00f6kulma. Pellervon edustajat olivat lokakuun alussa Washington DC:ss\u00e4 EU-Nafta tuottaja ja osuustoimintakonferenssissa. Eri tahoilta saimme informaatiota Trumpin hallinnon tilasta. Toistuu kolmio: tviitti &#8211; faktojen hankinta &#8211; toimeenpanon puuroutuminen. Trump on tahtoihminen.\u00a0 Poliittinen avaus tapahtuu esimerkiksi voimallisella somettamalla. T\u00e4t\u00e4 seuraa faktojen hankinta, joka tuo ristiriitaista tietoa ja my\u00f6s omien intressiryhmien varpaille astumista. Sellainen taas johtaa toimeenpanon puuroutumiseen.<\/p>\n<p>Toinen puoli on, ett\u00e4 USA on vahva yhteiskunta. Presidentti ei m\u00e4\u00e4r\u00e4\u00e4 kaikesta. Yhteiskunta py\u00f6rii l\u00e4hes kuin ennenkin, vaikka julkikuvaa hallitsee uuden regiimin aktiviteetit. Valistuksen opit 1700-luvulla &#8211; Locke, Rousseua, Montesque vallan kolmijako-oppeineen &#8211; ovat heijastuneet Yhdysvaltain perustuslakiin. Toimeenpanovalta, tuomiovalta ja lains\u00e4\u00e4d\u00e4nt\u00f6valta on erotettu. Presidentill\u00e4kin on vallan vastapaino. T\u00e4ss\u00e4 suhteessa t\u00e4ytyy olla valppaana, ett\u00e4 l\u00e4hikuva v\u00e4\u00e4rist\u00e4\u00e4 Trumpia koko Yhdysvalloiksi.<\/p>\n<p>USA on perinteisesti ajanut avointa s\u00e4\u00e4nt\u00f6pohjaista maailmakauppaa. N\u00e4it\u00e4 j\u00e4rjestelmi\u00e4 haastetaan nyt Yhdysvallat ensin -hengess\u00e4 uuden regiimin toimesta. Perusvietti on erist\u00e4yty\u00e4, pysy\u00e4 omalla saarekkeella. Henki on ollut, ett\u00e4 vanha tuhotaan ennen kuin uutta on rakennettu.<\/p>\n<p>Kauppapolitiikassa monenkeskiset j\u00e4rjestelyt ovat pulmissa. Pohjois-Amerikan vapaakauppa-alueen sis\u00e4ll\u00e4 Meksiko ja Kanada selvitt\u00e4v\u00e4t jo omia kauppapoliittisia ratkaisujaan, jotta saavat etunsa valvottua.<\/p>\n<p>Konferenssissa todettiin, ett\u00e4 pahinta kaikille on sopimukseton tila. Kauppasopimukset ovat aina parempi vaihtoehto. T\u00e4t\u00e4 viesti\u00e4 oli kaikkien viljelij\u00e4- ja tuottajaosuustoimintaj\u00e4rjest\u00f6jen viet\u00e4v\u00e4 omien maiden hallituksille. Osuuskuntien merkityst\u00e4 korostettiin markkinahintojen stabilisoinnissa.<\/p>\n<p>Vaikuttaa kuitenkin silt\u00e4, ett\u00e4 Trumpin kausi on monella taholla tuomittu jo menetetyksi ja nyt odotetaan jo seuraavaa presidentti\u00e4 ja uutta hallintoa.<\/p>\n<p>Hyv\u00e4 juhlayleis\u00f6,<\/p>\n<p>J\u00e4i minulla kirjastanne mieleen nelj\u00e4skin asia, mutta s\u00e4\u00e4stin sen t\u00e4nne puheen loppuun. Hirvij\u00e4rvell\u00e4 nimitt\u00e4in valittiin kirjan mukaan naisia varhain mukaan yrityksenne luottamusteht\u00e4viin. Se on vallan erinomaista. En tosin l\u00f6yt\u00e4nyt naisten nimi\u00e4 juurikaan hallinnon luettelosta varhaisina vuosikymmenin\u00e4, mutta emme tee siit\u00e4 t\u00e4ss\u00e4 ongelmaa. Naisten osallistumista hallintoteht\u00e4viin painotti oppi\u00e4itimme, Pellervon perustaja, osuustoimintapioneeri Hedvig Gebhard. Miehet eiv\u00e4t ole sen kummempia kuin naisetkaan. Naiset siis mukaan siin\u00e4 kuin miehetkin!<\/p>\n<p>Viestimme on is\u00e4nmaan juhlavuonna, ett\u00e4 joukkoliikkeet, ml. osuustoimintaliike, kasvattivat suomalaisista is\u00e4nti\u00e4 ja em\u00e4nti\u00e4 omassa yhteiskunnassamme. Itsen\u00e4isen Suomen lainopilliset raamit saivat todellisen sis\u00e4ll\u00f6n, kun alamaisista kasvoi t\u00e4ysivaltalaisia kansalaisia, ihmiset oppivat hoitamaan omat asiansa eiv\u00e4tk\u00e4 olleet en\u00e4\u00e4 kenenk\u00e4\u00e4n yhteiskunnallisen holhouksen alaisia. Osuustoiminta laajana kansanliikkeen\u00e4 on ollut kansalaiskoulu vailla vertaa.<\/p>\n<p>Haluan lainata t\u00e4h\u00e4n sankarimme Hedvig Gebhardin lausumaa vuonna 1949, kun osuustoiminta ja Pellervo t\u00e4yttiv\u00e4t 50 vuotta.<\/p>\n<p>\u201d Mit\u00e4\u00e4n suurta aatetta ei voi ajaa ilman innostusta. Mit\u00e4\u00e4n suurta teht\u00e4v\u00e4\u00e4 ei voi ajaa ilman sitke\u00e4\u00e4 ty\u00f6t\u00e4 ja antautumista, ei my\u00f6sk\u00e4\u00e4n ilman uhrautumista. Me vanhat veteraanit emme ole koskaan n\u00e4hneet (osuustoiminta)aatetta yksinomaan taloudellisten etujen ja hyvinvoinnin saavuttamiseksi. Me olemme n\u00e4hneet sen my\u00f6skin tien\u00e4 kansan henkisen ja siveellisen tason kohottamiseksi.\u201d<\/p>\n<p>Pyyd\u00e4n, ett\u00e4 katsotte Pellervon verkkosivuilta h\u00e4nest\u00e4 kertovan lyhytdokumentin. Marraskuun lopussa ilmestyv\u00e4n Osuustoiminta-lehden mukana tulee Hedvig-sarjakuva. Osuustoiminta-lehden 2\/2017 teemana oli kev\u00e4\u00e4ll\u00e4 Hedvig. Pumpatkaamme itseemme ja my\u00f6s suvun nuoriin edelleen yhdess\u00e4 tekemisen ja luottamuksen henke\u00e4. T\u00e4m\u00e4 on Suomessa hienoa.<\/p>\n<p>Hyv\u00e4t kuulijat,<\/p>\n<p>Pieni tiedotus ennen viimeisi\u00e4 lauseita. Voimme tavata my\u00f6s ensi vuoden alussa. Pellervon alueellinen seminaarin on Kurikassa iltap\u00e4iv\u00e4ll\u00e4 13. helmikuuta 2018. Sinne kutsumme Etel\u00e4-Pohjanmaan osuustoimintav\u00e4ke\u00e4 ja sidosryhmi\u00e4 yli toimialarajojen. Paikalla on my\u00f6s Pellervon hallintojohto. Tarkoitus on puhua asiaa, mutta my\u00f6s tutustua tupailtahengess\u00e4. Toivon, ett\u00e4 tulette!<\/p>\n<p>Viel\u00e4 kerran onnea ja menestyst\u00e4 teille kaikille. Niin Hirvij\u00e4rven Osuusmeijerin j\u00e4senille kuin ty\u00f6ntekij\u00f6ille ja kumppaneille. P\u00e4rj\u00e4\u00e4mme, kun touhuamme porukalla miehet ja naiset oikeita asioita riitt\u00e4v\u00e4ll\u00e4 joutuisuudella ja pid\u00e4mme yll\u00e4 yhteisty\u00f6n henke\u00e4 niin auringonpaisteessa, poudalla kuin sateella. Kiitos.  <\/p>\n","protected":false},"excerpt":{"rendered":"<p>Pellervo-Seura ry Juhlapuhe &nbsp; Toimitusjohtaja Sami Karhu, Pellervo-Seura ry Hirvij\u00e4rven Osuusmeijeri 110 vuotta Kurikan Jalasj\u00e4rvi lauantaina 18. marraskuuta 2017 &nbsp; Arvoisa Hirvij\u00e4rven Osuusmeijerin juhlav\u00e4ki Onnittelen omasta ja Pellervo-Seura ry:n puolesta 110 vuotta t\u00e4ytt\u00e4v\u00e4\u00e4 Hirvij\u00e4rven Osuusmeijeri\u00e4. Oikein paljon onnea ja menestyst\u00e4 my\u00f6s tulevaan! Luin Leena Valkaman minulle toimittamasta Hirvij\u00e4rven Osuusmeijerin historiasta, ett\u00e4 yrityksenne on vain harkiten<\/p>\n","protected":false},"author":5,"featured_media":0,"comment_status":"open","ping_status":"open","sticky":false,"template":"","format":"standard","meta":{"inline_featured_image":false,"_monsterinsights_skip_tracking":false,"_monsterinsights_sitenote_active":false,"_monsterinsights_sitenote_note":"","_monsterinsights_sitenote_category":0,"site-sidebar-layout":"default","site-content-layout":"","ast-site-content-layout":"default","site-content-style":"default","site-sidebar-style":"default","ast-global-header-display":"","ast-banner-title-visibility":"","ast-main-header-display":"","ast-hfb-above-header-display":"","ast-hfb-below-header-display":"","ast-hfb-mobile-header-display":"","site-post-title":"","ast-breadcrumbs-content":"","ast-featured-img":"","footer-sml-layout":"","ast-disable-related-posts":"","theme-transparent-header-meta":"","adv-header-id-meta":"","stick-header-meta":"","header-above-stick-meta":"","header-main-stick-meta":"","header-below-stick-meta":"","astra-migrate-meta-layouts":"default","ast-page-background-enabled":"default","ast-page-background-meta":{"desktop":{"background-color":"","background-image":"","background-repeat":"repeat","background-position":"center center","background-size":"auto","background-attachment":"scroll","background-type":"","background-media":"","overlay-type":"","overlay-color":"","overlay-opacity":"","overlay-gradient":""},"tablet":{"background-color":"","background-image":"","background-repeat":"repeat","background-position":"center center","background-size":"auto","background-attachment":"scroll","background-type":"","background-media":"","overlay-type":"","overlay-color":"","overlay-opacity":"","overlay-gradient":""},"mobile":{"background-color":"","background-image":"","background-repeat":"repeat","background-position":"center center","background-size":"auto","background-attachment":"scroll","background-type":"","background-media":"","overlay-type":"","overlay-color":"","overlay-opacity":"","overlay-gradient":""}},"ast-content-background-meta":{"desktop":{"background-color":"var(--ast-global-color-5)","background-image":"","background-repeat":"repeat","background-position":"center center","background-size":"auto","background-attachment":"scroll","background-type":"","background-media":"","overlay-type":"","overlay-color":"","overlay-opacity":"","overlay-gradient":""},"tablet":{"background-color":"var(--ast-global-color-5)","background-image":"","background-repeat":"repeat","background-position":"center center","background-size":"auto","background-attachment":"scroll","background-type":"","background-media":"","overlay-type":"","overlay-color":"","overlay-opacity":"","overlay-gradient":""},"mobile":{"background-color":"var(--ast-global-color-5)","background-image":"","background-repeat":"repeat","background-position":"center center","background-size":"auto","background-attachment":"scroll","background-type":"","background-media":"","overlay-type":"","overlay-color":"","overlay-opacity":"","overlay-gradient":""}},"_FSMCFIC_featured_image_caption":"","_FSMCFIC_featured_image_nocaption":"","_FSMCFIC_featured_image_hide":"","footnotes":""},"categories":[21],"tags":[],"class_list":["post-879727","post","type-post","status-publish","format-standard","hentry","category-nakokulma"],"yoast_head":"<!-- This site is optimized with the Yoast SEO plugin v27.4 - https:\/\/yoast.com\/product\/yoast-seo-wordpress\/ -->\n<title>Sami Karhun puhe Hirvij\u00e4rven Osuusmeijerin 110-vuotisjuhlassa - Pellervo<\/title>\n<meta name=\"robots\" content=\"index, follow, max-snippet:-1, max-image-preview:large, max-video-preview:-1\" \/>\n<link rel=\"canonical\" href=\"https:\/\/pellervo.fi\/sv\/nakokulma\/2017\/11\/21\/sami-karhun-puhe-hirvijarven-osuusmeijerin-110-vuotisjuhlassa\/\" \/>\n<meta property=\"og:locale\" content=\"sv_SE\" \/>\n<meta property=\"og:type\" content=\"article\" \/>\n<meta property=\"og:title\" content=\"Sami Karhun puhe Hirvij\u00e4rven Osuusmeijerin 110-vuotisjuhlassa - Pellervo\" \/>\n<meta property=\"og:description\" content=\"Pellervo-Seura ry Juhlapuhe &nbsp; Toimitusjohtaja Sami Karhu, Pellervo-Seura ry Hirvij\u00e4rven Osuusmeijeri 110 vuotta Kurikan Jalasj\u00e4rvi lauantaina 18. marraskuuta 2017 &nbsp; Arvoisa Hirvij\u00e4rven Osuusmeijerin juhlav\u00e4ki Onnittelen omasta ja Pellervo-Seura ry:n puolesta 110 vuotta t\u00e4ytt\u00e4v\u00e4\u00e4 Hirvij\u00e4rven Osuusmeijeri\u00e4. Oikein paljon onnea ja menestyst\u00e4 my\u00f6s tulevaan! Luin Leena Valkaman minulle toimittamasta Hirvij\u00e4rven Osuusmeijerin historiasta, ett\u00e4 yrityksenne on vain harkiten\" \/>\n<meta property=\"og:url\" content=\"https:\/\/pellervo.fi\/sv\/nakokulma\/2017\/11\/21\/sami-karhun-puhe-hirvijarven-osuusmeijerin-110-vuotisjuhlassa\/\" \/>\n<meta property=\"og:site_name\" content=\"Pellervo\" \/>\n<meta property=\"article:published_time\" content=\"2017-11-21T11:56:05+00:00\" \/>\n<meta property=\"article:modified_time\" content=\"2020-06-30T08:56:56+00:00\" \/>\n<meta property=\"og:image\" content=\"https:\/\/pellervo.fi\/wp-content\/uploads\/2020\/04\/pallo2020.jpg\" \/>\n\t<meta property=\"og:image:width\" content=\"850\" \/>\n\t<meta property=\"og:image:height\" content=\"560\" \/>\n\t<meta property=\"og:image:type\" content=\"image\/jpeg\" \/>\n<meta name=\"author\" content=\"pellervo\" \/>\n<meta name=\"twitter:card\" content=\"summary_large_image\" \/>\n<meta name=\"twitter:creator\" content=\"@PellervoFi\" \/>\n<meta name=\"twitter:site\" content=\"@PellervoFi\" \/>\n<meta name=\"twitter:label1\" content=\"Skriven av\" \/>\n\t<meta name=\"twitter:data1\" content=\"pellervo\" \/>\n\t<meta name=\"twitter:label2\" content=\"Ber\u00e4knad l\u00e4stid\" \/>\n\t<meta name=\"twitter:data2\" content=\"10 minuter\" \/>\n<script type=\"application\/ld+json\" class=\"yoast-schema-graph\">{\"@context\":\"https:\\\/\\\/schema.org\",\"@graph\":[{\"@type\":\"Article\",\"@id\":\"https:\\\/\\\/pellervo.fi\\\/sv\\\/nakokulma\\\/2017\\\/11\\\/21\\\/sami-karhun-puhe-hirvijarven-osuusmeijerin-110-vuotisjuhlassa\\\/#article\",\"isPartOf\":{\"@id\":\"https:\\\/\\\/pellervo.fi\\\/sv\\\/nakokulma\\\/2017\\\/11\\\/21\\\/sami-karhun-puhe-hirvijarven-osuusmeijerin-110-vuotisjuhlassa\\\/\"},\"author\":{\"name\":\"pellervo\",\"@id\":\"https:\\\/\\\/pellervo.fi\\\/#\\\/schema\\\/person\\\/4b74d40956937d1367ade81899997e71\"},\"headline\":\"Sami Karhun puhe Hirvij\u00e4rven Osuusmeijerin 110-vuotisjuhlassa\",\"datePublished\":\"2017-11-21T11:56:05+00:00\",\"dateModified\":\"2020-06-30T08:56:56+00:00\",\"mainEntityOfPage\":{\"@id\":\"https:\\\/\\\/pellervo.fi\\\/sv\\\/nakokulma\\\/2017\\\/11\\\/21\\\/sami-karhun-puhe-hirvijarven-osuusmeijerin-110-vuotisjuhlassa\\\/\"},\"wordCount\":1940,\"commentCount\":0,\"publisher\":{\"@id\":\"https:\\\/\\\/pellervo.fi\\\/#organization\"},\"articleSection\":[\"N\u00e4k\u00f6kulma\"],\"inLanguage\":\"sv-SE\",\"potentialAction\":[{\"@type\":\"CommentAction\",\"name\":\"Comment\",\"target\":[\"https:\\\/\\\/pellervo.fi\\\/sv\\\/nakokulma\\\/2017\\\/11\\\/21\\\/sami-karhun-puhe-hirvijarven-osuusmeijerin-110-vuotisjuhlassa\\\/#respond\"]}]},{\"@type\":\"WebPage\",\"@id\":\"https:\\\/\\\/pellervo.fi\\\/sv\\\/nakokulma\\\/2017\\\/11\\\/21\\\/sami-karhun-puhe-hirvijarven-osuusmeijerin-110-vuotisjuhlassa\\\/\",\"url\":\"https:\\\/\\\/pellervo.fi\\\/sv\\\/nakokulma\\\/2017\\\/11\\\/21\\\/sami-karhun-puhe-hirvijarven-osuusmeijerin-110-vuotisjuhlassa\\\/\",\"name\":\"Sami Karhun puhe Hirvij\u00e4rven Osuusmeijerin 110-vuotisjuhlassa - Pellervo\",\"isPartOf\":{\"@id\":\"https:\\\/\\\/pellervo.fi\\\/#website\"},\"datePublished\":\"2017-11-21T11:56:05+00:00\",\"dateModified\":\"2020-06-30T08:56:56+00:00\",\"breadcrumb\":{\"@id\":\"https:\\\/\\\/pellervo.fi\\\/sv\\\/nakokulma\\\/2017\\\/11\\\/21\\\/sami-karhun-puhe-hirvijarven-osuusmeijerin-110-vuotisjuhlassa\\\/#breadcrumb\"},\"inLanguage\":\"sv-SE\",\"potentialAction\":[{\"@type\":\"ReadAction\",\"target\":[\"https:\\\/\\\/pellervo.fi\\\/sv\\\/nakokulma\\\/2017\\\/11\\\/21\\\/sami-karhun-puhe-hirvijarven-osuusmeijerin-110-vuotisjuhlassa\\\/\"]}]},{\"@type\":\"BreadcrumbList\",\"@id\":\"https:\\\/\\\/pellervo.fi\\\/sv\\\/nakokulma\\\/2017\\\/11\\\/21\\\/sami-karhun-puhe-hirvijarven-osuusmeijerin-110-vuotisjuhlassa\\\/#breadcrumb\",\"itemListElement\":[{\"@type\":\"ListItem\",\"position\":1,\"name\":\"Koti\",\"item\":\"https:\\\/\\\/pellervo.fi\\\/sv\\\/\"},{\"@type\":\"ListItem\",\"position\":2,\"name\":\"Sami Karhun puhe Hirvij\u00e4rven Osuusmeijerin 110-vuotisjuhlassa\"}]},{\"@type\":\"WebSite\",\"@id\":\"https:\\\/\\\/pellervo.fi\\\/#website\",\"url\":\"https:\\\/\\\/pellervo.fi\\\/\",\"name\":\"Pellervo\",\"description\":\"Osuuskuntien keskusj\u00e4rjest\u00f6\",\"publisher\":{\"@id\":\"https:\\\/\\\/pellervo.fi\\\/#organization\"},\"potentialAction\":[{\"@type\":\"SearchAction\",\"target\":{\"@type\":\"EntryPoint\",\"urlTemplate\":\"https:\\\/\\\/pellervo.fi\\\/?s={search_term_string}\"},\"query-input\":{\"@type\":\"PropertyValueSpecification\",\"valueRequired\":true,\"valueName\":\"search_term_string\"}}],\"inLanguage\":\"sv-SE\"},{\"@type\":\"Organization\",\"@id\":\"https:\\\/\\\/pellervo.fi\\\/#organization\",\"name\":\"Osuustoimintakeskus Pellervo ry\",\"url\":\"https:\\\/\\\/pellervo.fi\\\/\",\"logo\":{\"@type\":\"ImageObject\",\"inLanguage\":\"sv-SE\",\"@id\":\"https:\\\/\\\/pellervo.fi\\\/#\\\/schema\\\/logo\\\/image\\\/\",\"url\":\"https:\\\/\\\/pellervo.fi\\\/wp-content\\\/uploads\\\/2020\\\/05\\\/Pellervo_logo.png\",\"contentUrl\":\"https:\\\/\\\/pellervo.fi\\\/wp-content\\\/uploads\\\/2020\\\/05\\\/Pellervo_logo.png\",\"width\":1335,\"height\":376,\"caption\":\"Osuustoimintakeskus Pellervo ry\"},\"image\":{\"@id\":\"https:\\\/\\\/pellervo.fi\\\/#\\\/schema\\\/logo\\\/image\\\/\"},\"sameAs\":[\"https:\\\/\\\/x.com\\\/PellervoFi\"]},{\"@type\":\"Person\",\"@id\":\"https:\\\/\\\/pellervo.fi\\\/#\\\/schema\\\/person\\\/4b74d40956937d1367ade81899997e71\",\"name\":\"pellervo\",\"image\":{\"@type\":\"ImageObject\",\"inLanguage\":\"sv-SE\",\"@id\":\"https:\\\/\\\/pellervo.fi\\\/wp-content\\\/uploads\\\/2013\\\/11\\\/pellervo_avatar_1384522134-96x96.jpg\",\"url\":\"https:\\\/\\\/pellervo.fi\\\/wp-content\\\/uploads\\\/2013\\\/11\\\/pellervo_avatar_1384522134-96x96.jpg\",\"contentUrl\":\"https:\\\/\\\/pellervo.fi\\\/wp-content\\\/uploads\\\/2013\\\/11\\\/pellervo_avatar_1384522134-96x96.jpg\",\"caption\":\"pellervo\"},\"description\":\"Kuvaus\",\"url\":\"https:\\\/\\\/pellervo.fi\\\/sv\\\/author\\\/pellervo\\\/\"}]}<\/script>\n<!-- \/ Yoast SEO plugin. -->","yoast_head_json":{"title":"Sami Karhun puhe Hirvij\u00e4rven Osuusmeijerin 110-vuotisjuhlassa - Pellervo","robots":{"index":"index","follow":"follow","max-snippet":"max-snippet:-1","max-image-preview":"max-image-preview:large","max-video-preview":"max-video-preview:-1"},"canonical":"https:\/\/pellervo.fi\/sv\/nakokulma\/2017\/11\/21\/sami-karhun-puhe-hirvijarven-osuusmeijerin-110-vuotisjuhlassa\/","og_locale":"sv_SE","og_type":"article","og_title":"Sami Karhun puhe Hirvij\u00e4rven Osuusmeijerin 110-vuotisjuhlassa - Pellervo","og_description":"Pellervo-Seura ry Juhlapuhe &nbsp; Toimitusjohtaja Sami Karhu, Pellervo-Seura ry Hirvij\u00e4rven Osuusmeijeri 110 vuotta Kurikan Jalasj\u00e4rvi lauantaina 18. marraskuuta 2017 &nbsp; Arvoisa Hirvij\u00e4rven Osuusmeijerin juhlav\u00e4ki Onnittelen omasta ja Pellervo-Seura ry:n puolesta 110 vuotta t\u00e4ytt\u00e4v\u00e4\u00e4 Hirvij\u00e4rven Osuusmeijeri\u00e4. Oikein paljon onnea ja menestyst\u00e4 my\u00f6s tulevaan! Luin Leena Valkaman minulle toimittamasta Hirvij\u00e4rven Osuusmeijerin historiasta, ett\u00e4 yrityksenne on vain harkiten","og_url":"https:\/\/pellervo.fi\/sv\/nakokulma\/2017\/11\/21\/sami-karhun-puhe-hirvijarven-osuusmeijerin-110-vuotisjuhlassa\/","og_site_name":"Pellervo","article_published_time":"2017-11-21T11:56:05+00:00","article_modified_time":"2020-06-30T08:56:56+00:00","og_image":[{"width":850,"height":560,"url":"https:\/\/pellervo.fi\/wp-content\/uploads\/2020\/04\/pallo2020.jpg","type":"image\/jpeg"}],"author":"pellervo","twitter_card":"summary_large_image","twitter_creator":"@PellervoFi","twitter_site":"@PellervoFi","twitter_misc":{"Skriven av":"pellervo","Ber\u00e4knad l\u00e4stid":"10 minuter"},"schema":{"@context":"https:\/\/schema.org","@graph":[{"@type":"Article","@id":"https:\/\/pellervo.fi\/sv\/nakokulma\/2017\/11\/21\/sami-karhun-puhe-hirvijarven-osuusmeijerin-110-vuotisjuhlassa\/#article","isPartOf":{"@id":"https:\/\/pellervo.fi\/sv\/nakokulma\/2017\/11\/21\/sami-karhun-puhe-hirvijarven-osuusmeijerin-110-vuotisjuhlassa\/"},"author":{"name":"pellervo","@id":"https:\/\/pellervo.fi\/#\/schema\/person\/4b74d40956937d1367ade81899997e71"},"headline":"Sami Karhun puhe Hirvij\u00e4rven Osuusmeijerin 110-vuotisjuhlassa","datePublished":"2017-11-21T11:56:05+00:00","dateModified":"2020-06-30T08:56:56+00:00","mainEntityOfPage":{"@id":"https:\/\/pellervo.fi\/sv\/nakokulma\/2017\/11\/21\/sami-karhun-puhe-hirvijarven-osuusmeijerin-110-vuotisjuhlassa\/"},"wordCount":1940,"commentCount":0,"publisher":{"@id":"https:\/\/pellervo.fi\/#organization"},"articleSection":["N\u00e4k\u00f6kulma"],"inLanguage":"sv-SE","potentialAction":[{"@type":"CommentAction","name":"Comment","target":["https:\/\/pellervo.fi\/sv\/nakokulma\/2017\/11\/21\/sami-karhun-puhe-hirvijarven-osuusmeijerin-110-vuotisjuhlassa\/#respond"]}]},{"@type":"WebPage","@id":"https:\/\/pellervo.fi\/sv\/nakokulma\/2017\/11\/21\/sami-karhun-puhe-hirvijarven-osuusmeijerin-110-vuotisjuhlassa\/","url":"https:\/\/pellervo.fi\/sv\/nakokulma\/2017\/11\/21\/sami-karhun-puhe-hirvijarven-osuusmeijerin-110-vuotisjuhlassa\/","name":"Sami Karhun puhe Hirvij\u00e4rven Osuusmeijerin 110-vuotisjuhlassa - Pellervo","isPartOf":{"@id":"https:\/\/pellervo.fi\/#website"},"datePublished":"2017-11-21T11:56:05+00:00","dateModified":"2020-06-30T08:56:56+00:00","breadcrumb":{"@id":"https:\/\/pellervo.fi\/sv\/nakokulma\/2017\/11\/21\/sami-karhun-puhe-hirvijarven-osuusmeijerin-110-vuotisjuhlassa\/#breadcrumb"},"inLanguage":"sv-SE","potentialAction":[{"@type":"ReadAction","target":["https:\/\/pellervo.fi\/sv\/nakokulma\/2017\/11\/21\/sami-karhun-puhe-hirvijarven-osuusmeijerin-110-vuotisjuhlassa\/"]}]},{"@type":"BreadcrumbList","@id":"https:\/\/pellervo.fi\/sv\/nakokulma\/2017\/11\/21\/sami-karhun-puhe-hirvijarven-osuusmeijerin-110-vuotisjuhlassa\/#breadcrumb","itemListElement":[{"@type":"ListItem","position":1,"name":"Koti","item":"https:\/\/pellervo.fi\/sv\/"},{"@type":"ListItem","position":2,"name":"Sami Karhun puhe Hirvij\u00e4rven Osuusmeijerin 110-vuotisjuhlassa"}]},{"@type":"WebSite","@id":"https:\/\/pellervo.fi\/#website","url":"https:\/\/pellervo.fi\/","name":"Pellervo","description":"Osuuskuntien keskusj\u00e4rjest\u00f6","publisher":{"@id":"https:\/\/pellervo.fi\/#organization"},"potentialAction":[{"@type":"SearchAction","target":{"@type":"EntryPoint","urlTemplate":"https:\/\/pellervo.fi\/?s={search_term_string}"},"query-input":{"@type":"PropertyValueSpecification","valueRequired":true,"valueName":"search_term_string"}}],"inLanguage":"sv-SE"},{"@type":"Organization","@id":"https:\/\/pellervo.fi\/#organization","name":"Osuustoimintakeskus Pellervo ry","url":"https:\/\/pellervo.fi\/","logo":{"@type":"ImageObject","inLanguage":"sv-SE","@id":"https:\/\/pellervo.fi\/#\/schema\/logo\/image\/","url":"https:\/\/pellervo.fi\/wp-content\/uploads\/2020\/05\/Pellervo_logo.png","contentUrl":"https:\/\/pellervo.fi\/wp-content\/uploads\/2020\/05\/Pellervo_logo.png","width":1335,"height":376,"caption":"Osuustoimintakeskus Pellervo ry"},"image":{"@id":"https:\/\/pellervo.fi\/#\/schema\/logo\/image\/"},"sameAs":["https:\/\/x.com\/PellervoFi"]},{"@type":"Person","@id":"https:\/\/pellervo.fi\/#\/schema\/person\/4b74d40956937d1367ade81899997e71","name":"pellervo","image":{"@type":"ImageObject","inLanguage":"sv-SE","@id":"https:\/\/pellervo.fi\/wp-content\/uploads\/2013\/11\/pellervo_avatar_1384522134-96x96.jpg","url":"https:\/\/pellervo.fi\/wp-content\/uploads\/2013\/11\/pellervo_avatar_1384522134-96x96.jpg","contentUrl":"https:\/\/pellervo.fi\/wp-content\/uploads\/2013\/11\/pellervo_avatar_1384522134-96x96.jpg","caption":"pellervo"},"description":"Kuvaus","url":"https:\/\/pellervo.fi\/sv\/author\/pellervo\/"}]}},"_links":{"self":[{"href":"https:\/\/pellervo.fi\/sv\/wp-json\/wp\/v2\/posts\/879727","targetHints":{"allow":["GET"]}}],"collection":[{"href":"https:\/\/pellervo.fi\/sv\/wp-json\/wp\/v2\/posts"}],"about":[{"href":"https:\/\/pellervo.fi\/sv\/wp-json\/wp\/v2\/types\/post"}],"author":[{"embeddable":true,"href":"https:\/\/pellervo.fi\/sv\/wp-json\/wp\/v2\/users\/5"}],"replies":[{"embeddable":true,"href":"https:\/\/pellervo.fi\/sv\/wp-json\/wp\/v2\/comments?post=879727"}],"version-history":[{"count":1,"href":"https:\/\/pellervo.fi\/sv\/wp-json\/wp\/v2\/posts\/879727\/revisions"}],"predecessor-version":[{"id":879728,"href":"https:\/\/pellervo.fi\/sv\/wp-json\/wp\/v2\/posts\/879727\/revisions\/879728"}],"wp:attachment":[{"href":"https:\/\/pellervo.fi\/sv\/wp-json\/wp\/v2\/media?parent=879727"}],"wp:term":[{"taxonomy":"category","embeddable":true,"href":"https:\/\/pellervo.fi\/sv\/wp-json\/wp\/v2\/categories?post=879727"},{"taxonomy":"post_tag","embeddable":true,"href":"https:\/\/pellervo.fi\/sv\/wp-json\/wp\/v2\/tags?post=879727"}],"curies":[{"name":"wp","href":"https:\/\/api.w.org\/{rel}","templated":true}]}}