{"id":883620,"date":"2018-01-02T09:57:26","date_gmt":"2018-01-02T07:57:26","guid":{"rendered":"http:\/\/pellervo.fi\/?p=883620"},"modified":"2020-06-30T11:41:41","modified_gmt":"2020-06-30T08:41:41","slug":"uusi-strategia-voimaan-osuustoimintakeskus-pellervo-nimi-kayttoon","status":"publish","type":"post","link":"https:\/\/pellervo.fi\/sv\/jarjesto\/2018\/01\/02\/uusi-strategia-voimaan-osuustoimintakeskus-pellervo-nimi-kayttoon\/","title":{"rendered":"Uusi strategia voimaan &#8211; Osuustoimintakeskus Pellervo -nimi k\u00e4ytt\u00f6\u00f6n"},"content":{"rendered":"<div class=\"ast-oembed-container \" style=\"height: 100%;\"><iframe loading=\"lazy\" title=\"Osuustoimintakeskus Pellervon strategia 2022\" width=\"500\" height=\"281\" src=\"https:\/\/www.youtube.com\/embed\/7-fWmMS3XkU?feature=oembed\" frameborder=\"0\" allow=\"accelerometer; autoplay; clipboard-write; encrypted-media; gyroscope; picture-in-picture; web-share\" referrerpolicy=\"strict-origin-when-cross-origin\" allowfullscreen><\/iframe><\/div>\n<p><em>Pellervon hallituksen puheenjohtajan Petri Pitk\u00e4sen ajatuksia uudesta strategiasta. Jos video ei aukea, klikkaa t\u00e4st\u00e4\u00a0<a href=\"https:\/\/youtu.be\/7-fWmMS3XkU\" target=\"_blank\" rel=\"noopener noreferrer\">https:\/\/youtu.be\/7-fWmMS3XkU<\/a>.<\/em><\/p>\n<p>Pellervon kalevalainen varsin vahvaa traditiota kantava nimi s\u00e4ilyy yhdistyksell\u00e4mme jatkossakin. Nimess\u00e4mme halutaan kuitenkin aiempaa vahvemmin tuoda esiin, ett\u00e4 olemme osuustoimintaj\u00e4rjest\u00f6. Uusi nimi, jota k\u00e4yt\u00e4mme jatkossa on <em>Osuustoimintakeskus Pellervo<\/em>. Kansainv\u00e4lisesti toimii nimi <em>Pellervo Coop Center.<\/em><\/p>\n<p>Pellervon valtuuskunta hyv\u00e4ksyi yhdistykselle uuden strategian kokouksessaan 8. joulukuuta 2017. Uuden strategian valmistelu tapahtui my\u00f6nteisiss\u00e4 merkeiss\u00e4 vuoden 2017 mittaan ja siihen osallistui laaja joukko osuustoiminnan edustajia. Pellervo on viime aikoina saanut j\u00e4senekseen l\u00e4hes koko suomalaisen osuustoiminnan. Strategia painottaa osuustoiminnan yhteist\u00e4 edunvalvontaa ja j\u00e4senten yhteisty\u00f6t\u00e4 osuustoiminnallisen ja keskin\u00e4isen liiketoimintamallin tunnetuksi tekemisess\u00e4 laajasti yhteiskunnassa.<\/p>\n<p>Pellervo kehitt\u00e4\u00e4 toimintaansa my\u00f6s osuustoiminnan laaja-alaisena palvelu- ja kehityskeskuksena. T\u00e4m\u00e4 pit\u00e4\u00e4 sis\u00e4ll\u00e4\u00e4n uusien osuuskuntien palvelut.<\/p>\n<p><a href=\"https:\/\/pellervo.fi\/osuustoimintakeskus-pellervo\/toiminta\/strategia\/\">Lue lis\u00e4\u00e4 strategiasta vuosille 2018-2022 t\u00e4st\u00e4.<\/a><\/p>\n<p>&nbsp;  <\/p>\n","protected":false},"excerpt":{"rendered":"<p>Pellervon kalevalainen varsin vahvaa traditiota kantava nimi s\u00e4ilyy yhdistyksell\u00e4mme jatkossakin. Nimess\u00e4mme halutaan kuitenkin aiempaa vahvemmin tuoda esiin, ett\u00e4 olemme osuustoimintaj\u00e4rjest\u00f6. Uusi nimi, jota k\u00e4yt\u00e4mme jatkossa on Osuustoimintakeskus Pellervo. Kansainv\u00e4lisesti toimii nimi Pellervo Coop Center.<\/p>\n","protected":false},"author":5,"featured_media":883604,"comment_status":"open","ping_status":"open","sticky":false,"template":"","format":"standard","meta":{"inline_featured_image":false,"_monsterinsights_skip_tracking":false,"_monsterinsights_sitenote_active":false,"_monsterinsights_sitenote_note":"","_monsterinsights_sitenote_category":0,"site-sidebar-layout":"default","site-content-layout":"","ast-site-content-layout":"default","site-content-style":"default","site-sidebar-style":"default","ast-global-header-display":"","ast-banner-title-visibility":"","ast-main-header-display":"","ast-hfb-above-header-display":"","ast-hfb-below-header-display":"","ast-hfb-mobile-header-display":"","site-post-title":"","ast-breadcrumbs-content":"","ast-featured-img":"","footer-sml-layout":"","ast-disable-related-posts":"","theme-transparent-header-meta":"","adv-header-id-meta":"","stick-header-meta":"","header-above-stick-meta":"","header-main-stick-meta":"","header-below-stick-meta":"","astra-migrate-meta-layouts":"default","ast-page-background-enabled":"default","ast-page-background-meta":{"desktop":{"background-color":"","background-image":"","background-repeat":"repeat","background-position":"center center","background-size":"auto","background-attachment":"scroll","background-type":"","background-media":"","overlay-type":"","overlay-color":"","overlay-opacity":"","overlay-gradient":""},"tablet":{"background-color":"","background-image":"","background-repeat":"repeat","background-position":"center center","background-size":"auto","background-attachment":"scroll","background-type":"","background-media":"","overlay-type":"","overlay-color":"","overlay-opacity":"","overlay-gradient":""},"mobile":{"background-color":"","background-image":"","background-repeat":"repeat","background-position":"center center","background-size":"auto","background-attachment":"scroll","background-type":"","background-media":"","overlay-type":"","overlay-color":"","overlay-opacity":"","overlay-gradient":""}},"ast-content-background-meta":{"desktop":{"background-color":"var(--ast-global-color-5)","background-image":"","background-repeat":"repeat","background-position":"center center","background-size":"auto","background-attachment":"scroll","background-type":"","background-media":"","overlay-type":"","overlay-color":"","overlay-opacity":"","overlay-gradient":""},"tablet":{"background-color":"var(--ast-global-color-5)","background-image":"","background-repeat":"repeat","background-position":"center center","background-size":"auto","background-attachment":"scroll","background-type":"","background-media":"","overlay-type":"","overlay-color":"","overlay-opacity":"","overlay-gradient":""},"mobile":{"background-color":"var(--ast-global-color-5)","background-image":"","background-repeat":"repeat","background-position":"center center","background-size":"auto","background-attachment":"scroll","background-type":"","background-media":"","overlay-type":"","overlay-color":"","overlay-opacity":"","overlay-gradient":""}},"_FSMCFIC_featured_image_caption":"","_FSMCFIC_featured_image_nocaption":"","_FSMCFIC_featured_image_hide":"","footnotes":""},"categories":[71],"tags":[],"class_list":["post-883620","post","type-post","status-publish","format-standard","has-post-thumbnail","hentry","category-jarjesto"],"yoast_head":"<!-- This site is optimized with the Yoast SEO plugin v27.5 - https:\/\/yoast.com\/product\/yoast-seo-wordpress\/ -->\n<title>Uusi strategia voimaan - Osuustoimintakeskus Pellervo -nimi k\u00e4ytt\u00f6\u00f6n - Pellervo<\/title>\n<meta name=\"robots\" content=\"index, follow, max-snippet:-1, max-image-preview:large, max-video-preview:-1\" \/>\n<link rel=\"canonical\" href=\"https:\/\/pellervo.fi\/sv\/jarjesto\/2018\/01\/02\/uusi-strategia-voimaan-osuustoimintakeskus-pellervo-nimi-kayttoon\/\" \/>\n<meta property=\"og:locale\" content=\"sv_SE\" \/>\n<meta property=\"og:type\" content=\"article\" \/>\n<meta property=\"og:title\" content=\"Uusi strategia voimaan - Osuustoimintakeskus Pellervo -nimi k\u00e4ytt\u00f6\u00f6n - Pellervo\" \/>\n<meta property=\"og:description\" content=\"Pellervon kalevalainen varsin vahvaa traditiota kantava nimi s\u00e4ilyy yhdistyksell\u00e4mme jatkossakin. Nimess\u00e4mme halutaan kuitenkin aiempaa vahvemmin tuoda esiin, ett\u00e4 olemme osuustoimintaj\u00e4rjest\u00f6. Uusi nimi, jota k\u00e4yt\u00e4mme jatkossa on Osuustoimintakeskus Pellervo. Kansainv\u00e4lisesti toimii nimi Pellervo Coop Center.\" \/>\n<meta property=\"og:url\" content=\"https:\/\/pellervo.fi\/sv\/jarjesto\/2018\/01\/02\/uusi-strategia-voimaan-osuustoimintakeskus-pellervo-nimi-kayttoon\/\" \/>\n<meta property=\"og:site_name\" content=\"Pellervo\" \/>\n<meta property=\"article:published_time\" content=\"2018-01-02T07:57:26+00:00\" \/>\n<meta property=\"article:modified_time\" content=\"2020-06-30T08:41:41+00:00\" \/>\n<meta property=\"og:image\" content=\"https:\/\/pellervo.fi\/wp-content\/uploads\/2017\/12\/strategia.jpg\" \/>\n\t<meta property=\"og:image:width\" content=\"850\" \/>\n\t<meta property=\"og:image:height\" content=\"600\" \/>\n\t<meta property=\"og:image:type\" content=\"image\/jpeg\" \/>\n<meta name=\"author\" content=\"pellervo\" \/>\n<meta name=\"twitter:card\" content=\"summary_large_image\" \/>\n<meta name=\"twitter:creator\" content=\"@PellervoFi\" \/>\n<meta name=\"twitter:site\" content=\"@PellervoFi\" \/>\n<meta name=\"twitter:label1\" content=\"Skriven av\" \/>\n\t<meta name=\"twitter:data1\" content=\"pellervo\" \/>\n\t<meta name=\"twitter:label2\" content=\"Ber\u00e4knad l\u00e4stid\" \/>\n\t<meta name=\"twitter:data2\" content=\"1 minut\" \/>\n<script type=\"application\/ld+json\" class=\"yoast-schema-graph\">{\"@context\":\"https:\\\/\\\/schema.org\",\"@graph\":[{\"@type\":\"Article\",\"@id\":\"https:\\\/\\\/pellervo.fi\\\/sv\\\/jarjesto\\\/2018\\\/01\\\/02\\\/uusi-strategia-voimaan-osuustoimintakeskus-pellervo-nimi-kayttoon\\\/#article\",\"isPartOf\":{\"@id\":\"https:\\\/\\\/pellervo.fi\\\/sv\\\/jarjesto\\\/2018\\\/01\\\/02\\\/uusi-strategia-voimaan-osuustoimintakeskus-pellervo-nimi-kayttoon\\\/\"},\"author\":{\"name\":\"pellervo\",\"@id\":\"https:\\\/\\\/pellervo.fi\\\/#\\\/schema\\\/person\\\/4b74d40956937d1367ade81899997e71\"},\"headline\":\"Uusi strategia voimaan &#8211; Osuustoimintakeskus Pellervo -nimi k\u00e4ytt\u00f6\u00f6n\",\"datePublished\":\"2018-01-02T07:57:26+00:00\",\"dateModified\":\"2020-06-30T08:41:41+00:00\",\"mainEntityOfPage\":{\"@id\":\"https:\\\/\\\/pellervo.fi\\\/sv\\\/jarjesto\\\/2018\\\/01\\\/02\\\/uusi-strategia-voimaan-osuustoimintakeskus-pellervo-nimi-kayttoon\\\/\"},\"wordCount\":160,\"commentCount\":0,\"publisher\":{\"@id\":\"https:\\\/\\\/pellervo.fi\\\/#organization\"},\"image\":{\"@id\":\"https:\\\/\\\/pellervo.fi\\\/sv\\\/jarjesto\\\/2018\\\/01\\\/02\\\/uusi-strategia-voimaan-osuustoimintakeskus-pellervo-nimi-kayttoon\\\/#primaryimage\"},\"thumbnailUrl\":\"https:\\\/\\\/pellervo.fi\\\/wp-content\\\/uploads\\\/2017\\\/12\\\/strategia.jpg\",\"articleSection\":[\"J\u00e4rjest\u00f6\"],\"inLanguage\":\"sv-SE\",\"potentialAction\":[{\"@type\":\"CommentAction\",\"name\":\"Comment\",\"target\":[\"https:\\\/\\\/pellervo.fi\\\/sv\\\/jarjesto\\\/2018\\\/01\\\/02\\\/uusi-strategia-voimaan-osuustoimintakeskus-pellervo-nimi-kayttoon\\\/#respond\"]}]},{\"@type\":\"WebPage\",\"@id\":\"https:\\\/\\\/pellervo.fi\\\/sv\\\/jarjesto\\\/2018\\\/01\\\/02\\\/uusi-strategia-voimaan-osuustoimintakeskus-pellervo-nimi-kayttoon\\\/\",\"url\":\"https:\\\/\\\/pellervo.fi\\\/sv\\\/jarjesto\\\/2018\\\/01\\\/02\\\/uusi-strategia-voimaan-osuustoimintakeskus-pellervo-nimi-kayttoon\\\/\",\"name\":\"Uusi strategia voimaan - Osuustoimintakeskus Pellervo -nimi k\u00e4ytt\u00f6\u00f6n - Pellervo\",\"isPartOf\":{\"@id\":\"https:\\\/\\\/pellervo.fi\\\/#website\"},\"primaryImageOfPage\":{\"@id\":\"https:\\\/\\\/pellervo.fi\\\/sv\\\/jarjesto\\\/2018\\\/01\\\/02\\\/uusi-strategia-voimaan-osuustoimintakeskus-pellervo-nimi-kayttoon\\\/#primaryimage\"},\"image\":{\"@id\":\"https:\\\/\\\/pellervo.fi\\\/sv\\\/jarjesto\\\/2018\\\/01\\\/02\\\/uusi-strategia-voimaan-osuustoimintakeskus-pellervo-nimi-kayttoon\\\/#primaryimage\"},\"thumbnailUrl\":\"https:\\\/\\\/pellervo.fi\\\/wp-content\\\/uploads\\\/2017\\\/12\\\/strategia.jpg\",\"datePublished\":\"2018-01-02T07:57:26+00:00\",\"dateModified\":\"2020-06-30T08:41:41+00:00\",\"breadcrumb\":{\"@id\":\"https:\\\/\\\/pellervo.fi\\\/sv\\\/jarjesto\\\/2018\\\/01\\\/02\\\/uusi-strategia-voimaan-osuustoimintakeskus-pellervo-nimi-kayttoon\\\/#breadcrumb\"},\"inLanguage\":\"sv-SE\",\"potentialAction\":[{\"@type\":\"ReadAction\",\"target\":[\"https:\\\/\\\/pellervo.fi\\\/sv\\\/jarjesto\\\/2018\\\/01\\\/02\\\/uusi-strategia-voimaan-osuustoimintakeskus-pellervo-nimi-kayttoon\\\/\"]}]},{\"@type\":\"ImageObject\",\"inLanguage\":\"sv-SE\",\"@id\":\"https:\\\/\\\/pellervo.fi\\\/sv\\\/jarjesto\\\/2018\\\/01\\\/02\\\/uusi-strategia-voimaan-osuustoimintakeskus-pellervo-nimi-kayttoon\\\/#primaryimage\",\"url\":\"https:\\\/\\\/pellervo.fi\\\/wp-content\\\/uploads\\\/2017\\\/12\\\/strategia.jpg\",\"contentUrl\":\"https:\\\/\\\/pellervo.fi\\\/wp-content\\\/uploads\\\/2017\\\/12\\\/strategia.jpg\",\"width\":850,\"height\":600},{\"@type\":\"BreadcrumbList\",\"@id\":\"https:\\\/\\\/pellervo.fi\\\/sv\\\/jarjesto\\\/2018\\\/01\\\/02\\\/uusi-strategia-voimaan-osuustoimintakeskus-pellervo-nimi-kayttoon\\\/#breadcrumb\",\"itemListElement\":[{\"@type\":\"ListItem\",\"position\":1,\"name\":\"Koti\",\"item\":\"https:\\\/\\\/pellervo.fi\\\/sv\\\/\"},{\"@type\":\"ListItem\",\"position\":2,\"name\":\"Uusi strategia voimaan &#8211; Osuustoimintakeskus Pellervo -nimi k\u00e4ytt\u00f6\u00f6n\"}]},{\"@type\":\"WebSite\",\"@id\":\"https:\\\/\\\/pellervo.fi\\\/#website\",\"url\":\"https:\\\/\\\/pellervo.fi\\\/\",\"name\":\"Pellervo\",\"description\":\"Osuuskuntien keskusj\u00e4rjest\u00f6\",\"publisher\":{\"@id\":\"https:\\\/\\\/pellervo.fi\\\/#organization\"},\"potentialAction\":[{\"@type\":\"SearchAction\",\"target\":{\"@type\":\"EntryPoint\",\"urlTemplate\":\"https:\\\/\\\/pellervo.fi\\\/?s={search_term_string}\"},\"query-input\":{\"@type\":\"PropertyValueSpecification\",\"valueRequired\":true,\"valueName\":\"search_term_string\"}}],\"inLanguage\":\"sv-SE\"},{\"@type\":\"Organization\",\"@id\":\"https:\\\/\\\/pellervo.fi\\\/#organization\",\"name\":\"Osuustoimintakeskus Pellervo ry\",\"url\":\"https:\\\/\\\/pellervo.fi\\\/\",\"logo\":{\"@type\":\"ImageObject\",\"inLanguage\":\"sv-SE\",\"@id\":\"https:\\\/\\\/pellervo.fi\\\/#\\\/schema\\\/logo\\\/image\\\/\",\"url\":\"https:\\\/\\\/pellervo.fi\\\/wp-content\\\/uploads\\\/2020\\\/05\\\/Pellervo_logo.png\",\"contentUrl\":\"https:\\\/\\\/pellervo.fi\\\/wp-content\\\/uploads\\\/2020\\\/05\\\/Pellervo_logo.png\",\"width\":1335,\"height\":376,\"caption\":\"Osuustoimintakeskus Pellervo ry\"},\"image\":{\"@id\":\"https:\\\/\\\/pellervo.fi\\\/#\\\/schema\\\/logo\\\/image\\\/\"},\"sameAs\":[\"https:\\\/\\\/x.com\\\/PellervoFi\"]},{\"@type\":\"Person\",\"@id\":\"https:\\\/\\\/pellervo.fi\\\/#\\\/schema\\\/person\\\/4b74d40956937d1367ade81899997e71\",\"name\":\"pellervo\",\"image\":{\"@type\":\"ImageObject\",\"inLanguage\":\"sv-SE\",\"@id\":\"https:\\\/\\\/pellervo.fi\\\/wp-content\\\/uploads\\\/2013\\\/11\\\/pellervo_avatar_1384522134-96x96.jpg\",\"url\":\"https:\\\/\\\/pellervo.fi\\\/wp-content\\\/uploads\\\/2013\\\/11\\\/pellervo_avatar_1384522134-96x96.jpg\",\"contentUrl\":\"https:\\\/\\\/pellervo.fi\\\/wp-content\\\/uploads\\\/2013\\\/11\\\/pellervo_avatar_1384522134-96x96.jpg\",\"caption\":\"pellervo\"},\"description\":\"Kuvaus\",\"url\":\"https:\\\/\\\/pellervo.fi\\\/sv\\\/author\\\/pellervo\\\/\"}]}<\/script>\n<!-- \/ Yoast SEO plugin. -->","yoast_head_json":{"title":"Uusi strategia voimaan - Osuustoimintakeskus Pellervo -nimi k\u00e4ytt\u00f6\u00f6n - Pellervo","robots":{"index":"index","follow":"follow","max-snippet":"max-snippet:-1","max-image-preview":"max-image-preview:large","max-video-preview":"max-video-preview:-1"},"canonical":"https:\/\/pellervo.fi\/sv\/jarjesto\/2018\/01\/02\/uusi-strategia-voimaan-osuustoimintakeskus-pellervo-nimi-kayttoon\/","og_locale":"sv_SE","og_type":"article","og_title":"Uusi strategia voimaan - Osuustoimintakeskus Pellervo -nimi k\u00e4ytt\u00f6\u00f6n - Pellervo","og_description":"Pellervon kalevalainen varsin vahvaa traditiota kantava nimi s\u00e4ilyy yhdistyksell\u00e4mme jatkossakin. Nimess\u00e4mme halutaan kuitenkin aiempaa vahvemmin tuoda esiin, ett\u00e4 olemme osuustoimintaj\u00e4rjest\u00f6. Uusi nimi, jota k\u00e4yt\u00e4mme jatkossa on Osuustoimintakeskus Pellervo. Kansainv\u00e4lisesti toimii nimi Pellervo Coop Center.","og_url":"https:\/\/pellervo.fi\/sv\/jarjesto\/2018\/01\/02\/uusi-strategia-voimaan-osuustoimintakeskus-pellervo-nimi-kayttoon\/","og_site_name":"Pellervo","article_published_time":"2018-01-02T07:57:26+00:00","article_modified_time":"2020-06-30T08:41:41+00:00","og_image":[{"width":850,"height":600,"url":"https:\/\/pellervo.fi\/wp-content\/uploads\/2017\/12\/strategia.jpg","type":"image\/jpeg"}],"author":"pellervo","twitter_card":"summary_large_image","twitter_creator":"@PellervoFi","twitter_site":"@PellervoFi","twitter_misc":{"Skriven av":"pellervo","Ber\u00e4knad l\u00e4stid":"1 minut"},"schema":{"@context":"https:\/\/schema.org","@graph":[{"@type":"Article","@id":"https:\/\/pellervo.fi\/sv\/jarjesto\/2018\/01\/02\/uusi-strategia-voimaan-osuustoimintakeskus-pellervo-nimi-kayttoon\/#article","isPartOf":{"@id":"https:\/\/pellervo.fi\/sv\/jarjesto\/2018\/01\/02\/uusi-strategia-voimaan-osuustoimintakeskus-pellervo-nimi-kayttoon\/"},"author":{"name":"pellervo","@id":"https:\/\/pellervo.fi\/#\/schema\/person\/4b74d40956937d1367ade81899997e71"},"headline":"Uusi strategia voimaan &#8211; Osuustoimintakeskus Pellervo -nimi k\u00e4ytt\u00f6\u00f6n","datePublished":"2018-01-02T07:57:26+00:00","dateModified":"2020-06-30T08:41:41+00:00","mainEntityOfPage":{"@id":"https:\/\/pellervo.fi\/sv\/jarjesto\/2018\/01\/02\/uusi-strategia-voimaan-osuustoimintakeskus-pellervo-nimi-kayttoon\/"},"wordCount":160,"commentCount":0,"publisher":{"@id":"https:\/\/pellervo.fi\/#organization"},"image":{"@id":"https:\/\/pellervo.fi\/sv\/jarjesto\/2018\/01\/02\/uusi-strategia-voimaan-osuustoimintakeskus-pellervo-nimi-kayttoon\/#primaryimage"},"thumbnailUrl":"https:\/\/pellervo.fi\/wp-content\/uploads\/2017\/12\/strategia.jpg","articleSection":["J\u00e4rjest\u00f6"],"inLanguage":"sv-SE","potentialAction":[{"@type":"CommentAction","name":"Comment","target":["https:\/\/pellervo.fi\/sv\/jarjesto\/2018\/01\/02\/uusi-strategia-voimaan-osuustoimintakeskus-pellervo-nimi-kayttoon\/#respond"]}]},{"@type":"WebPage","@id":"https:\/\/pellervo.fi\/sv\/jarjesto\/2018\/01\/02\/uusi-strategia-voimaan-osuustoimintakeskus-pellervo-nimi-kayttoon\/","url":"https:\/\/pellervo.fi\/sv\/jarjesto\/2018\/01\/02\/uusi-strategia-voimaan-osuustoimintakeskus-pellervo-nimi-kayttoon\/","name":"Uusi strategia voimaan - Osuustoimintakeskus Pellervo -nimi k\u00e4ytt\u00f6\u00f6n - Pellervo","isPartOf":{"@id":"https:\/\/pellervo.fi\/#website"},"primaryImageOfPage":{"@id":"https:\/\/pellervo.fi\/sv\/jarjesto\/2018\/01\/02\/uusi-strategia-voimaan-osuustoimintakeskus-pellervo-nimi-kayttoon\/#primaryimage"},"image":{"@id":"https:\/\/pellervo.fi\/sv\/jarjesto\/2018\/01\/02\/uusi-strategia-voimaan-osuustoimintakeskus-pellervo-nimi-kayttoon\/#primaryimage"},"thumbnailUrl":"https:\/\/pellervo.fi\/wp-content\/uploads\/2017\/12\/strategia.jpg","datePublished":"2018-01-02T07:57:26+00:00","dateModified":"2020-06-30T08:41:41+00:00","breadcrumb":{"@id":"https:\/\/pellervo.fi\/sv\/jarjesto\/2018\/01\/02\/uusi-strategia-voimaan-osuustoimintakeskus-pellervo-nimi-kayttoon\/#breadcrumb"},"inLanguage":"sv-SE","potentialAction":[{"@type":"ReadAction","target":["https:\/\/pellervo.fi\/sv\/jarjesto\/2018\/01\/02\/uusi-strategia-voimaan-osuustoimintakeskus-pellervo-nimi-kayttoon\/"]}]},{"@type":"ImageObject","inLanguage":"sv-SE","@id":"https:\/\/pellervo.fi\/sv\/jarjesto\/2018\/01\/02\/uusi-strategia-voimaan-osuustoimintakeskus-pellervo-nimi-kayttoon\/#primaryimage","url":"https:\/\/pellervo.fi\/wp-content\/uploads\/2017\/12\/strategia.jpg","contentUrl":"https:\/\/pellervo.fi\/wp-content\/uploads\/2017\/12\/strategia.jpg","width":850,"height":600},{"@type":"BreadcrumbList","@id":"https:\/\/pellervo.fi\/sv\/jarjesto\/2018\/01\/02\/uusi-strategia-voimaan-osuustoimintakeskus-pellervo-nimi-kayttoon\/#breadcrumb","itemListElement":[{"@type":"ListItem","position":1,"name":"Koti","item":"https:\/\/pellervo.fi\/sv\/"},{"@type":"ListItem","position":2,"name":"Uusi strategia voimaan &#8211; Osuustoimintakeskus Pellervo -nimi k\u00e4ytt\u00f6\u00f6n"}]},{"@type":"WebSite","@id":"https:\/\/pellervo.fi\/#website","url":"https:\/\/pellervo.fi\/","name":"Pellervo","description":"Osuuskuntien keskusj\u00e4rjest\u00f6","publisher":{"@id":"https:\/\/pellervo.fi\/#organization"},"potentialAction":[{"@type":"SearchAction","target":{"@type":"EntryPoint","urlTemplate":"https:\/\/pellervo.fi\/?s={search_term_string}"},"query-input":{"@type":"PropertyValueSpecification","valueRequired":true,"valueName":"search_term_string"}}],"inLanguage":"sv-SE"},{"@type":"Organization","@id":"https:\/\/pellervo.fi\/#organization","name":"Osuustoimintakeskus Pellervo ry","url":"https:\/\/pellervo.fi\/","logo":{"@type":"ImageObject","inLanguage":"sv-SE","@id":"https:\/\/pellervo.fi\/#\/schema\/logo\/image\/","url":"https:\/\/pellervo.fi\/wp-content\/uploads\/2020\/05\/Pellervo_logo.png","contentUrl":"https:\/\/pellervo.fi\/wp-content\/uploads\/2020\/05\/Pellervo_logo.png","width":1335,"height":376,"caption":"Osuustoimintakeskus Pellervo ry"},"image":{"@id":"https:\/\/pellervo.fi\/#\/schema\/logo\/image\/"},"sameAs":["https:\/\/x.com\/PellervoFi"]},{"@type":"Person","@id":"https:\/\/pellervo.fi\/#\/schema\/person\/4b74d40956937d1367ade81899997e71","name":"pellervo","image":{"@type":"ImageObject","inLanguage":"sv-SE","@id":"https:\/\/pellervo.fi\/wp-content\/uploads\/2013\/11\/pellervo_avatar_1384522134-96x96.jpg","url":"https:\/\/pellervo.fi\/wp-content\/uploads\/2013\/11\/pellervo_avatar_1384522134-96x96.jpg","contentUrl":"https:\/\/pellervo.fi\/wp-content\/uploads\/2013\/11\/pellervo_avatar_1384522134-96x96.jpg","caption":"pellervo"},"description":"Kuvaus","url":"https:\/\/pellervo.fi\/sv\/author\/pellervo\/"}]}},"_links":{"self":[{"href":"https:\/\/pellervo.fi\/sv\/wp-json\/wp\/v2\/posts\/883620","targetHints":{"allow":["GET"]}}],"collection":[{"href":"https:\/\/pellervo.fi\/sv\/wp-json\/wp\/v2\/posts"}],"about":[{"href":"https:\/\/pellervo.fi\/sv\/wp-json\/wp\/v2\/types\/post"}],"author":[{"embeddable":true,"href":"https:\/\/pellervo.fi\/sv\/wp-json\/wp\/v2\/users\/5"}],"replies":[{"embeddable":true,"href":"https:\/\/pellervo.fi\/sv\/wp-json\/wp\/v2\/comments?post=883620"}],"version-history":[{"count":5,"href":"https:\/\/pellervo.fi\/sv\/wp-json\/wp\/v2\/posts\/883620\/revisions"}],"predecessor-version":[{"id":887154,"href":"https:\/\/pellervo.fi\/sv\/wp-json\/wp\/v2\/posts\/883620\/revisions\/887154"}],"wp:featuredmedia":[{"embeddable":true,"href":"https:\/\/pellervo.fi\/sv\/wp-json\/wp\/v2\/media\/883604"}],"wp:attachment":[{"href":"https:\/\/pellervo.fi\/sv\/wp-json\/wp\/v2\/media?parent=883620"}],"wp:term":[{"taxonomy":"category","embeddable":true,"href":"https:\/\/pellervo.fi\/sv\/wp-json\/wp\/v2\/categories?post=883620"},{"taxonomy":"post_tag","embeddable":true,"href":"https:\/\/pellervo.fi\/sv\/wp-json\/wp\/v2\/tags?post=883620"}],"curies":[{"name":"wp","href":"https:\/\/api.w.org\/{rel}","templated":true}]}}