{"id":884988,"date":"2019-02-14T15:50:19","date_gmt":"2019-02-14T13:50:19","guid":{"rendered":"https:\/\/pellervo.fi\/?p=884988"},"modified":"2019-02-14T15:50:21","modified_gmt":"2019-02-14T13:50:21","slug":"valtakunnallinen-metsanomistajatutkimus-kaynnissa","status":"publish","type":"post","link":"https:\/\/pellervo.fi\/sv\/uutiset\/2019\/02\/14\/valtakunnallinen-metsanomistajatutkimus-kaynnissa\/","title":{"rendered":"Valtakunnallinen mets\u00e4nomistajatutkimus k\u00e4ynniss\u00e4"},"content":{"rendered":"\n<p><em>Mets\u00e4t ovat t\u00e4rke\u00e4 osa Suomen taloudellista ja henkist\u00e4\nhyvinvointia. Suurimman osan metsist\u00e4 omistavat tavalliset perheet. Millaisia\nperhemets\u00e4nomistajat ovat? Mit\u00e4 he metsist\u00e4\u00e4n ajattelevat? Miten he metsi\u00e4\u00e4n\nk\u00e4ytt\u00e4v\u00e4t? Mets\u00e4nomistaja 2020 \u2013tutkimus pyrkii vastaamaan n\u00e4ihin kysymyksiin. <\/em><\/p>\n\n\n\n<p>Kolme tasakymmeniin py\u00f6ristetty\u00e4 lukua kuvaa\nyksityismets\u00e4nomistajien merkityst\u00e4: he omistavat mets\u00e4maasta 60 %, puuston\nkasvusta 70 % ja myyv\u00e4t teollisuudelle 80 % sen tarvitsemasta kotimaisesta\npuusta. Perhemets\u00e4tiloja on noin 350&nbsp;000. Omistajia n\u00e4ill\u00e4 tiloilla on\nkuitenkin kaksinkertainen m\u00e4\u00e4r\u00e4, yli 600&nbsp;000, sill\u00e4 osan tiloista\nomistavat puolisot yhdess\u00e4 ja osa on yhteisomistuksessa joko kuolinpesin\u00e4 tai\nyhtymin\u00e4. <\/p>\n\n\n\n<p>Mets\u00e4nomistajakunnan muutoksen nykytilasta ja sen vaikutuksista\nei ole saatavilla ajantasaista tietoa. Erityisesti muutosvauhti on aikaisemmin p\u00e4\u00e4ssyt\nyll\u00e4tt\u00e4m\u00e4\u00e4n. Uusi laaja tutkimus Suomen mets\u00e4nomistajista, <strong><a href=\"https:\/\/www.luke.fi\/projektit\/mo2020\/\">Mets\u00e4nomistaja 2020<\/a>,<\/strong> on k\u00e4ynnistynyt. <\/p>\n\n\n\n<h3 class=\"wp-block-heading\">Mets\u00e4nomistajakysely tulossa <\/h3>\n\n\n\n<p>Helmikuussa n. 16\u00a0000 mets\u00e4nomistajan postilaatikkoon kolahtaa kysely. Sin\u00e4 selvitet\u00e4\u00e4n muun muassa mets\u00e4nomistajien k\u00e4sityksi\u00e4 siit\u00e4, millaisia palveluja he haluavat, mit\u00e4 mielt\u00e4 he ovat erilaisista mets\u00e4n k\u00e4sittelymenetelmist\u00e4 tai millaisia yleishy\u00f6dyllisi\u00e4 palveluja heid\u00e4n mets\u00e4ns\u00e4 puun lis\u00e4ksi tuottavat. Kyselyn kautta mets\u00e4nomistajan \u00e4\u00e4ni tulee kuuluviin. \u00a0Tuloksia on luvassa vuonna 2020. <\/p>\n\n\n\n<p>Hankkeen yleisen\u00e4 tavoitteena on tarkastella\nmets\u00e4nomistuksen rakenne- ja tavoitemuutosten vaikutuksia mets\u00e4taloudelliseen\nk\u00e4ytt\u00e4ytymiseen. Hankkeessa lis\u00e4ksi selvitet\u00e4\u00e4n mets\u00e4talouden tilakohtaisen\nkannattavuuden mittaamista ja parantamista.&nbsp;\nHanke tuottaa tietoa, jonka pohjalta voidaan kehitt\u00e4\u00e4 raakapuumarkkinoita\nja parantaa puuraaka-aineen saatavuutta, lis\u00e4t\u00e4 metsien k\u00e4sittelyn ja k\u00e4yt\u00f6n\nhyv\u00e4ksytt\u00e4vyytt\u00e4, kehitt\u00e4\u00e4 mets\u00e4palveluja mets\u00e4nomistajille, suunnitella\nmetsien eri hy\u00f6tyjen yhteensovittamista, parantaa mets\u00e4politiikan keinojen\nvaikuttavuutta ja yritysm\u00e4isen mets\u00e4talouden harjoittamisen edellytyksi\u00e4. <\/p>\n\n\n\n<p>Tutkimuksessa on mukana nelj\u00e4 tutkimusorganisaatiota:\nHelsingin yliopisto, Luonnonvarakeskus, Pellervon taloustutkimus ja\nTy\u00f6tehoseura. Rahoitusta on saatu lis\u00e4ksi Maa- ja mets\u00e4talousministeri\u00f6lt\u00e4,\nSuomen Mets\u00e4s\u00e4\u00e4ti\u00f6lt\u00e4 ja Mets\u00e4miesten S\u00e4\u00e4ti\u00f6lt\u00e4. Viestinn\u00e4n tukena on\nPohjoisranta BCW.<\/p>\n","protected":false},"excerpt":{"rendered":"<p>\ufeffMets\u00e4t ovat t\u00e4rke\u00e4 osa Suomen taloudellista ja henkist\u00e4 hyvinvointia. Suurimman osan metsist\u00e4 omistavat tavalliset perheet. Millaisia perhemets\u00e4nomistajat ovat? Mit\u00e4 he metsist\u00e4\u00e4n ajattelevat? Miten he metsi\u00e4\u00e4n k\u00e4ytt\u00e4v\u00e4t? Mets\u00e4nomistaja 2020 \u2013tutkimus pyrkii vastaamaan n\u00e4ihin kysymyksiin. <\/p>\n","protected":false},"author":5,"featured_media":884989,"comment_status":"open","ping_status":"open","sticky":false,"template":"","format":"standard","meta":{"inline_featured_image":false,"_monsterinsights_skip_tracking":false,"_monsterinsights_sitenote_active":false,"_monsterinsights_sitenote_note":"","_monsterinsights_sitenote_category":0,"site-sidebar-layout":"default","site-content-layout":"","ast-site-content-layout":"default","site-content-style":"default","site-sidebar-style":"default","ast-global-header-display":"","ast-banner-title-visibility":"","ast-main-header-display":"","ast-hfb-above-header-display":"","ast-hfb-below-header-display":"","ast-hfb-mobile-header-display":"","site-post-title":"","ast-breadcrumbs-content":"","ast-featured-img":"","footer-sml-layout":"","ast-disable-related-posts":"","theme-transparent-header-meta":"","adv-header-id-meta":"","stick-header-meta":"","header-above-stick-meta":"","header-main-stick-meta":"","header-below-stick-meta":"","astra-migrate-meta-layouts":"default","ast-page-background-enabled":"default","ast-page-background-meta":{"desktop":{"background-color":"","background-image":"","background-repeat":"repeat","background-position":"center center","background-size":"auto","background-attachment":"scroll","background-type":"","background-media":"","overlay-type":"","overlay-color":"","overlay-opacity":"","overlay-gradient":""},"tablet":{"background-color":"","background-image":"","background-repeat":"repeat","background-position":"center center","background-size":"auto","background-attachment":"scroll","background-type":"","background-media":"","overlay-type":"","overlay-color":"","overlay-opacity":"","overlay-gradient":""},"mobile":{"background-color":"","background-image":"","background-repeat":"repeat","background-position":"center center","background-size":"auto","background-attachment":"scroll","background-type":"","background-media":"","overlay-type":"","overlay-color":"","overlay-opacity":"","overlay-gradient":""}},"ast-content-background-meta":{"desktop":{"background-color":"var(--ast-global-color-5)","background-image":"","background-repeat":"repeat","background-position":"center center","background-size":"auto","background-attachment":"scroll","background-type":"","background-media":"","overlay-type":"","overlay-color":"","overlay-opacity":"","overlay-gradient":""},"tablet":{"background-color":"var(--ast-global-color-5)","background-image":"","background-repeat":"repeat","background-position":"center center","background-size":"auto","background-attachment":"scroll","background-type":"","background-media":"","overlay-type":"","overlay-color":"","overlay-opacity":"","overlay-gradient":""},"mobile":{"background-color":"var(--ast-global-color-5)","background-image":"","background-repeat":"repeat","background-position":"center center","background-size":"auto","background-attachment":"scroll","background-type":"","background-media":"","overlay-type":"","overlay-color":"","overlay-opacity":"","overlay-gradient":""}},"_FSMCFIC_featured_image_caption":"","_FSMCFIC_featured_image_nocaption":"","_FSMCFIC_featured_image_hide":"","footnotes":""},"categories":[22],"tags":[],"class_list":["post-884988","post","type-post","status-publish","format-standard","has-post-thumbnail","hentry","category-uutiset"],"yoast_head":"<!-- This site is optimized with the Yoast SEO plugin v27.5 - https:\/\/yoast.com\/product\/yoast-seo-wordpress\/ -->\n<title>Valtakunnallinen mets\u00e4nomistajatutkimus k\u00e4ynniss\u00e4 - Pellervo<\/title>\n<meta name=\"robots\" content=\"index, follow, max-snippet:-1, max-image-preview:large, max-video-preview:-1\" \/>\n<link rel=\"canonical\" href=\"https:\/\/pellervo.fi\/sv\/uutiset\/2019\/02\/14\/valtakunnallinen-metsanomistajatutkimus-kaynnissa\/\" \/>\n<meta property=\"og:locale\" content=\"sv_SE\" \/>\n<meta property=\"og:type\" content=\"article\" \/>\n<meta property=\"og:title\" content=\"Valtakunnallinen mets\u00e4nomistajatutkimus k\u00e4ynniss\u00e4 - Pellervo\" \/>\n<meta property=\"og:description\" content=\"\ufeffMets\u00e4t ovat t\u00e4rke\u00e4 osa Suomen taloudellista ja henkist\u00e4 hyvinvointia. Suurimman osan metsist\u00e4 omistavat tavalliset perheet. Millaisia perhemets\u00e4nomistajat ovat? Mit\u00e4 he metsist\u00e4\u00e4n ajattelevat? Miten he metsi\u00e4\u00e4n k\u00e4ytt\u00e4v\u00e4t? Mets\u00e4nomistaja 2020 \u2013tutkimus pyrkii vastaamaan n\u00e4ihin kysymyksiin.\" \/>\n<meta property=\"og:url\" content=\"https:\/\/pellervo.fi\/sv\/uutiset\/2019\/02\/14\/valtakunnallinen-metsanomistajatutkimus-kaynnissa\/\" \/>\n<meta property=\"og:site_name\" content=\"Pellervo\" \/>\n<meta property=\"article:published_time\" content=\"2019-02-14T13:50:19+00:00\" \/>\n<meta property=\"article:modified_time\" content=\"2019-02-14T13:50:21+00:00\" \/>\n<meta property=\"og:image\" content=\"https:\/\/pellervo.fi\/wp-content\/uploads\/2019\/02\/lake-3355444_1280.jpg\" \/>\n\t<meta property=\"og:image:width\" content=\"1280\" \/>\n\t<meta property=\"og:image:height\" content=\"853\" \/>\n\t<meta property=\"og:image:type\" content=\"image\/jpeg\" \/>\n<meta name=\"author\" content=\"pellervo\" \/>\n<meta name=\"twitter:card\" content=\"summary_large_image\" \/>\n<meta name=\"twitter:creator\" content=\"@PellervoFi\" \/>\n<meta name=\"twitter:site\" content=\"@PellervoFi\" \/>\n<meta name=\"twitter:label1\" content=\"Skriven av\" \/>\n\t<meta name=\"twitter:data1\" content=\"pellervo\" \/>\n\t<meta name=\"twitter:label2\" content=\"Ber\u00e4knad l\u00e4stid\" \/>\n\t<meta name=\"twitter:data2\" content=\"2 minuter\" \/>\n<script type=\"application\/ld+json\" class=\"yoast-schema-graph\">{\"@context\":\"https:\\\/\\\/schema.org\",\"@graph\":[{\"@type\":\"Article\",\"@id\":\"https:\\\/\\\/pellervo.fi\\\/sv\\\/uutiset\\\/2019\\\/02\\\/14\\\/valtakunnallinen-metsanomistajatutkimus-kaynnissa\\\/#article\",\"isPartOf\":{\"@id\":\"https:\\\/\\\/pellervo.fi\\\/sv\\\/uutiset\\\/2019\\\/02\\\/14\\\/valtakunnallinen-metsanomistajatutkimus-kaynnissa\\\/\"},\"author\":{\"name\":\"pellervo\",\"@id\":\"https:\\\/\\\/pellervo.fi\\\/#\\\/schema\\\/person\\\/4b74d40956937d1367ade81899997e71\"},\"headline\":\"Valtakunnallinen mets\u00e4nomistajatutkimus k\u00e4ynniss\u00e4\",\"datePublished\":\"2019-02-14T13:50:19+00:00\",\"dateModified\":\"2019-02-14T13:50:21+00:00\",\"mainEntityOfPage\":{\"@id\":\"https:\\\/\\\/pellervo.fi\\\/sv\\\/uutiset\\\/2019\\\/02\\\/14\\\/valtakunnallinen-metsanomistajatutkimus-kaynnissa\\\/\"},\"wordCount\":306,\"commentCount\":0,\"publisher\":{\"@id\":\"https:\\\/\\\/pellervo.fi\\\/#organization\"},\"image\":{\"@id\":\"https:\\\/\\\/pellervo.fi\\\/sv\\\/uutiset\\\/2019\\\/02\\\/14\\\/valtakunnallinen-metsanomistajatutkimus-kaynnissa\\\/#primaryimage\"},\"thumbnailUrl\":\"https:\\\/\\\/pellervo.fi\\\/wp-content\\\/uploads\\\/2019\\\/02\\\/lake-3355444_1280.jpg\",\"articleSection\":[\"Uutiset\"],\"inLanguage\":\"sv-SE\",\"potentialAction\":[{\"@type\":\"CommentAction\",\"name\":\"Comment\",\"target\":[\"https:\\\/\\\/pellervo.fi\\\/sv\\\/uutiset\\\/2019\\\/02\\\/14\\\/valtakunnallinen-metsanomistajatutkimus-kaynnissa\\\/#respond\"]}]},{\"@type\":\"WebPage\",\"@id\":\"https:\\\/\\\/pellervo.fi\\\/sv\\\/uutiset\\\/2019\\\/02\\\/14\\\/valtakunnallinen-metsanomistajatutkimus-kaynnissa\\\/\",\"url\":\"https:\\\/\\\/pellervo.fi\\\/sv\\\/uutiset\\\/2019\\\/02\\\/14\\\/valtakunnallinen-metsanomistajatutkimus-kaynnissa\\\/\",\"name\":\"Valtakunnallinen mets\u00e4nomistajatutkimus k\u00e4ynniss\u00e4 - Pellervo\",\"isPartOf\":{\"@id\":\"https:\\\/\\\/pellervo.fi\\\/#website\"},\"primaryImageOfPage\":{\"@id\":\"https:\\\/\\\/pellervo.fi\\\/sv\\\/uutiset\\\/2019\\\/02\\\/14\\\/valtakunnallinen-metsanomistajatutkimus-kaynnissa\\\/#primaryimage\"},\"image\":{\"@id\":\"https:\\\/\\\/pellervo.fi\\\/sv\\\/uutiset\\\/2019\\\/02\\\/14\\\/valtakunnallinen-metsanomistajatutkimus-kaynnissa\\\/#primaryimage\"},\"thumbnailUrl\":\"https:\\\/\\\/pellervo.fi\\\/wp-content\\\/uploads\\\/2019\\\/02\\\/lake-3355444_1280.jpg\",\"datePublished\":\"2019-02-14T13:50:19+00:00\",\"dateModified\":\"2019-02-14T13:50:21+00:00\",\"breadcrumb\":{\"@id\":\"https:\\\/\\\/pellervo.fi\\\/sv\\\/uutiset\\\/2019\\\/02\\\/14\\\/valtakunnallinen-metsanomistajatutkimus-kaynnissa\\\/#breadcrumb\"},\"inLanguage\":\"sv-SE\",\"potentialAction\":[{\"@type\":\"ReadAction\",\"target\":[\"https:\\\/\\\/pellervo.fi\\\/sv\\\/uutiset\\\/2019\\\/02\\\/14\\\/valtakunnallinen-metsanomistajatutkimus-kaynnissa\\\/\"]}]},{\"@type\":\"ImageObject\",\"inLanguage\":\"sv-SE\",\"@id\":\"https:\\\/\\\/pellervo.fi\\\/sv\\\/uutiset\\\/2019\\\/02\\\/14\\\/valtakunnallinen-metsanomistajatutkimus-kaynnissa\\\/#primaryimage\",\"url\":\"https:\\\/\\\/pellervo.fi\\\/wp-content\\\/uploads\\\/2019\\\/02\\\/lake-3355444_1280.jpg\",\"contentUrl\":\"https:\\\/\\\/pellervo.fi\\\/wp-content\\\/uploads\\\/2019\\\/02\\\/lake-3355444_1280.jpg\",\"width\":1280,\"height\":853},{\"@type\":\"BreadcrumbList\",\"@id\":\"https:\\\/\\\/pellervo.fi\\\/sv\\\/uutiset\\\/2019\\\/02\\\/14\\\/valtakunnallinen-metsanomistajatutkimus-kaynnissa\\\/#breadcrumb\",\"itemListElement\":[{\"@type\":\"ListItem\",\"position\":1,\"name\":\"Koti\",\"item\":\"https:\\\/\\\/pellervo.fi\\\/sv\\\/\"},{\"@type\":\"ListItem\",\"position\":2,\"name\":\"Valtakunnallinen mets\u00e4nomistajatutkimus k\u00e4ynniss\u00e4\"}]},{\"@type\":\"WebSite\",\"@id\":\"https:\\\/\\\/pellervo.fi\\\/#website\",\"url\":\"https:\\\/\\\/pellervo.fi\\\/\",\"name\":\"Pellervo\",\"description\":\"Osuuskuntien keskusj\u00e4rjest\u00f6\",\"publisher\":{\"@id\":\"https:\\\/\\\/pellervo.fi\\\/#organization\"},\"potentialAction\":[{\"@type\":\"SearchAction\",\"target\":{\"@type\":\"EntryPoint\",\"urlTemplate\":\"https:\\\/\\\/pellervo.fi\\\/?s={search_term_string}\"},\"query-input\":{\"@type\":\"PropertyValueSpecification\",\"valueRequired\":true,\"valueName\":\"search_term_string\"}}],\"inLanguage\":\"sv-SE\"},{\"@type\":\"Organization\",\"@id\":\"https:\\\/\\\/pellervo.fi\\\/#organization\",\"name\":\"Osuustoimintakeskus Pellervo ry\",\"url\":\"https:\\\/\\\/pellervo.fi\\\/\",\"logo\":{\"@type\":\"ImageObject\",\"inLanguage\":\"sv-SE\",\"@id\":\"https:\\\/\\\/pellervo.fi\\\/#\\\/schema\\\/logo\\\/image\\\/\",\"url\":\"https:\\\/\\\/pellervo.fi\\\/wp-content\\\/uploads\\\/2020\\\/05\\\/Pellervo_logo.png\",\"contentUrl\":\"https:\\\/\\\/pellervo.fi\\\/wp-content\\\/uploads\\\/2020\\\/05\\\/Pellervo_logo.png\",\"width\":1335,\"height\":376,\"caption\":\"Osuustoimintakeskus Pellervo ry\"},\"image\":{\"@id\":\"https:\\\/\\\/pellervo.fi\\\/#\\\/schema\\\/logo\\\/image\\\/\"},\"sameAs\":[\"https:\\\/\\\/x.com\\\/PellervoFi\"]},{\"@type\":\"Person\",\"@id\":\"https:\\\/\\\/pellervo.fi\\\/#\\\/schema\\\/person\\\/4b74d40956937d1367ade81899997e71\",\"name\":\"pellervo\",\"image\":{\"@type\":\"ImageObject\",\"inLanguage\":\"sv-SE\",\"@id\":\"https:\\\/\\\/pellervo.fi\\\/wp-content\\\/uploads\\\/2013\\\/11\\\/pellervo_avatar_1384522134-96x96.jpg\",\"url\":\"https:\\\/\\\/pellervo.fi\\\/wp-content\\\/uploads\\\/2013\\\/11\\\/pellervo_avatar_1384522134-96x96.jpg\",\"contentUrl\":\"https:\\\/\\\/pellervo.fi\\\/wp-content\\\/uploads\\\/2013\\\/11\\\/pellervo_avatar_1384522134-96x96.jpg\",\"caption\":\"pellervo\"},\"description\":\"Kuvaus\",\"url\":\"https:\\\/\\\/pellervo.fi\\\/sv\\\/author\\\/pellervo\\\/\"}]}<\/script>\n<!-- \/ Yoast SEO plugin. -->","yoast_head_json":{"title":"Valtakunnallinen mets\u00e4nomistajatutkimus k\u00e4ynniss\u00e4 - Pellervo","robots":{"index":"index","follow":"follow","max-snippet":"max-snippet:-1","max-image-preview":"max-image-preview:large","max-video-preview":"max-video-preview:-1"},"canonical":"https:\/\/pellervo.fi\/sv\/uutiset\/2019\/02\/14\/valtakunnallinen-metsanomistajatutkimus-kaynnissa\/","og_locale":"sv_SE","og_type":"article","og_title":"Valtakunnallinen mets\u00e4nomistajatutkimus k\u00e4ynniss\u00e4 - Pellervo","og_description":"\ufeffMets\u00e4t ovat t\u00e4rke\u00e4 osa Suomen taloudellista ja henkist\u00e4 hyvinvointia. Suurimman osan metsist\u00e4 omistavat tavalliset perheet. Millaisia perhemets\u00e4nomistajat ovat? Mit\u00e4 he metsist\u00e4\u00e4n ajattelevat? Miten he metsi\u00e4\u00e4n k\u00e4ytt\u00e4v\u00e4t? Mets\u00e4nomistaja 2020 \u2013tutkimus pyrkii vastaamaan n\u00e4ihin kysymyksiin.","og_url":"https:\/\/pellervo.fi\/sv\/uutiset\/2019\/02\/14\/valtakunnallinen-metsanomistajatutkimus-kaynnissa\/","og_site_name":"Pellervo","article_published_time":"2019-02-14T13:50:19+00:00","article_modified_time":"2019-02-14T13:50:21+00:00","og_image":[{"width":1280,"height":853,"url":"https:\/\/pellervo.fi\/wp-content\/uploads\/2019\/02\/lake-3355444_1280.jpg","type":"image\/jpeg"}],"author":"pellervo","twitter_card":"summary_large_image","twitter_creator":"@PellervoFi","twitter_site":"@PellervoFi","twitter_misc":{"Skriven av":"pellervo","Ber\u00e4knad l\u00e4stid":"2 minuter"},"schema":{"@context":"https:\/\/schema.org","@graph":[{"@type":"Article","@id":"https:\/\/pellervo.fi\/sv\/uutiset\/2019\/02\/14\/valtakunnallinen-metsanomistajatutkimus-kaynnissa\/#article","isPartOf":{"@id":"https:\/\/pellervo.fi\/sv\/uutiset\/2019\/02\/14\/valtakunnallinen-metsanomistajatutkimus-kaynnissa\/"},"author":{"name":"pellervo","@id":"https:\/\/pellervo.fi\/#\/schema\/person\/4b74d40956937d1367ade81899997e71"},"headline":"Valtakunnallinen mets\u00e4nomistajatutkimus k\u00e4ynniss\u00e4","datePublished":"2019-02-14T13:50:19+00:00","dateModified":"2019-02-14T13:50:21+00:00","mainEntityOfPage":{"@id":"https:\/\/pellervo.fi\/sv\/uutiset\/2019\/02\/14\/valtakunnallinen-metsanomistajatutkimus-kaynnissa\/"},"wordCount":306,"commentCount":0,"publisher":{"@id":"https:\/\/pellervo.fi\/#organization"},"image":{"@id":"https:\/\/pellervo.fi\/sv\/uutiset\/2019\/02\/14\/valtakunnallinen-metsanomistajatutkimus-kaynnissa\/#primaryimage"},"thumbnailUrl":"https:\/\/pellervo.fi\/wp-content\/uploads\/2019\/02\/lake-3355444_1280.jpg","articleSection":["Uutiset"],"inLanguage":"sv-SE","potentialAction":[{"@type":"CommentAction","name":"Comment","target":["https:\/\/pellervo.fi\/sv\/uutiset\/2019\/02\/14\/valtakunnallinen-metsanomistajatutkimus-kaynnissa\/#respond"]}]},{"@type":"WebPage","@id":"https:\/\/pellervo.fi\/sv\/uutiset\/2019\/02\/14\/valtakunnallinen-metsanomistajatutkimus-kaynnissa\/","url":"https:\/\/pellervo.fi\/sv\/uutiset\/2019\/02\/14\/valtakunnallinen-metsanomistajatutkimus-kaynnissa\/","name":"Valtakunnallinen mets\u00e4nomistajatutkimus k\u00e4ynniss\u00e4 - Pellervo","isPartOf":{"@id":"https:\/\/pellervo.fi\/#website"},"primaryImageOfPage":{"@id":"https:\/\/pellervo.fi\/sv\/uutiset\/2019\/02\/14\/valtakunnallinen-metsanomistajatutkimus-kaynnissa\/#primaryimage"},"image":{"@id":"https:\/\/pellervo.fi\/sv\/uutiset\/2019\/02\/14\/valtakunnallinen-metsanomistajatutkimus-kaynnissa\/#primaryimage"},"thumbnailUrl":"https:\/\/pellervo.fi\/wp-content\/uploads\/2019\/02\/lake-3355444_1280.jpg","datePublished":"2019-02-14T13:50:19+00:00","dateModified":"2019-02-14T13:50:21+00:00","breadcrumb":{"@id":"https:\/\/pellervo.fi\/sv\/uutiset\/2019\/02\/14\/valtakunnallinen-metsanomistajatutkimus-kaynnissa\/#breadcrumb"},"inLanguage":"sv-SE","potentialAction":[{"@type":"ReadAction","target":["https:\/\/pellervo.fi\/sv\/uutiset\/2019\/02\/14\/valtakunnallinen-metsanomistajatutkimus-kaynnissa\/"]}]},{"@type":"ImageObject","inLanguage":"sv-SE","@id":"https:\/\/pellervo.fi\/sv\/uutiset\/2019\/02\/14\/valtakunnallinen-metsanomistajatutkimus-kaynnissa\/#primaryimage","url":"https:\/\/pellervo.fi\/wp-content\/uploads\/2019\/02\/lake-3355444_1280.jpg","contentUrl":"https:\/\/pellervo.fi\/wp-content\/uploads\/2019\/02\/lake-3355444_1280.jpg","width":1280,"height":853},{"@type":"BreadcrumbList","@id":"https:\/\/pellervo.fi\/sv\/uutiset\/2019\/02\/14\/valtakunnallinen-metsanomistajatutkimus-kaynnissa\/#breadcrumb","itemListElement":[{"@type":"ListItem","position":1,"name":"Koti","item":"https:\/\/pellervo.fi\/sv\/"},{"@type":"ListItem","position":2,"name":"Valtakunnallinen mets\u00e4nomistajatutkimus k\u00e4ynniss\u00e4"}]},{"@type":"WebSite","@id":"https:\/\/pellervo.fi\/#website","url":"https:\/\/pellervo.fi\/","name":"Pellervo","description":"Osuuskuntien keskusj\u00e4rjest\u00f6","publisher":{"@id":"https:\/\/pellervo.fi\/#organization"},"potentialAction":[{"@type":"SearchAction","target":{"@type":"EntryPoint","urlTemplate":"https:\/\/pellervo.fi\/?s={search_term_string}"},"query-input":{"@type":"PropertyValueSpecification","valueRequired":true,"valueName":"search_term_string"}}],"inLanguage":"sv-SE"},{"@type":"Organization","@id":"https:\/\/pellervo.fi\/#organization","name":"Osuustoimintakeskus Pellervo ry","url":"https:\/\/pellervo.fi\/","logo":{"@type":"ImageObject","inLanguage":"sv-SE","@id":"https:\/\/pellervo.fi\/#\/schema\/logo\/image\/","url":"https:\/\/pellervo.fi\/wp-content\/uploads\/2020\/05\/Pellervo_logo.png","contentUrl":"https:\/\/pellervo.fi\/wp-content\/uploads\/2020\/05\/Pellervo_logo.png","width":1335,"height":376,"caption":"Osuustoimintakeskus Pellervo ry"},"image":{"@id":"https:\/\/pellervo.fi\/#\/schema\/logo\/image\/"},"sameAs":["https:\/\/x.com\/PellervoFi"]},{"@type":"Person","@id":"https:\/\/pellervo.fi\/#\/schema\/person\/4b74d40956937d1367ade81899997e71","name":"pellervo","image":{"@type":"ImageObject","inLanguage":"sv-SE","@id":"https:\/\/pellervo.fi\/wp-content\/uploads\/2013\/11\/pellervo_avatar_1384522134-96x96.jpg","url":"https:\/\/pellervo.fi\/wp-content\/uploads\/2013\/11\/pellervo_avatar_1384522134-96x96.jpg","contentUrl":"https:\/\/pellervo.fi\/wp-content\/uploads\/2013\/11\/pellervo_avatar_1384522134-96x96.jpg","caption":"pellervo"},"description":"Kuvaus","url":"https:\/\/pellervo.fi\/sv\/author\/pellervo\/"}]}},"_links":{"self":[{"href":"https:\/\/pellervo.fi\/sv\/wp-json\/wp\/v2\/posts\/884988","targetHints":{"allow":["GET"]}}],"collection":[{"href":"https:\/\/pellervo.fi\/sv\/wp-json\/wp\/v2\/posts"}],"about":[{"href":"https:\/\/pellervo.fi\/sv\/wp-json\/wp\/v2\/types\/post"}],"author":[{"embeddable":true,"href":"https:\/\/pellervo.fi\/sv\/wp-json\/wp\/v2\/users\/5"}],"replies":[{"embeddable":true,"href":"https:\/\/pellervo.fi\/sv\/wp-json\/wp\/v2\/comments?post=884988"}],"version-history":[{"count":1,"href":"https:\/\/pellervo.fi\/sv\/wp-json\/wp\/v2\/posts\/884988\/revisions"}],"predecessor-version":[{"id":884990,"href":"https:\/\/pellervo.fi\/sv\/wp-json\/wp\/v2\/posts\/884988\/revisions\/884990"}],"wp:featuredmedia":[{"embeddable":true,"href":"https:\/\/pellervo.fi\/sv\/wp-json\/wp\/v2\/media\/884989"}],"wp:attachment":[{"href":"https:\/\/pellervo.fi\/sv\/wp-json\/wp\/v2\/media?parent=884988"}],"wp:term":[{"taxonomy":"category","embeddable":true,"href":"https:\/\/pellervo.fi\/sv\/wp-json\/wp\/v2\/categories?post=884988"},{"taxonomy":"post_tag","embeddable":true,"href":"https:\/\/pellervo.fi\/sv\/wp-json\/wp\/v2\/tags?post=884988"}],"curies":[{"name":"wp","href":"https:\/\/api.w.org\/{rel}","templated":true}]}}