{"id":885159,"date":"2019-03-26T07:57:41","date_gmt":"2019-03-26T05:57:41","guid":{"rendered":"https:\/\/pellervo.fi\/?p=885159"},"modified":"2019-03-25T14:46:03","modified_gmt":"2019-03-25T12:46:03","slug":"reilu-kauppa-20-vuotta-suomessa","status":"publish","type":"post","link":"https:\/\/pellervo.fi\/sv\/uutiset\/2019\/03\/26\/reilu-kauppa-20-vuotta-suomessa\/","title":{"rendered":"Reilu kauppa 20 vuotta Suomessa"},"content":{"rendered":"\n<p><strong>Reilu kauppa juhlii t\u00e4ll\u00e4 viikolla 20-vuotista taivaltaan Suomessa. Asukaslukuun suhteutettuna Suomesta on kasvanut yksi suurimmista Reilun kaupan tuotteiden markkinoista, vaikka Reilun kaupan tuotteita myyd\u00e4\u00e4n jo yli 140 maassa.<\/strong><\/p>\n\n\n\n<p>Reilu kauppa viett\u00e4\u00e4 py\u00f6reit\u00e4 vuosia nousukiidossa. Reilu kauppa ry:n tiedotteen mukaan vuonna 2018 Suomessa myytiin Reilun kaupan tuotteita 263 miljoonalla eurolla, ja tuotteiden myynnin arvo kasvoi 12,7 prosenttia verrattuna edellisvuoteen. P\u00e4ivitt\u00e4istavarakaupan yleinen myynnin kehitys oli samaan aikaan 3,4 prosenttia.<\/p>\n\n\n\n<p>Suomen suosituimmat Reilun kaupan tuotteet ovat kahvi, banaani ja leikkokukat. Reiluja banaaneja myytiin viime vuonna 12,9 miljoonaa kiloa, ja kasvua oli 9 prosenttia verrattuna edellisvuoteen. Reilua kahvia myytiin 1,8 miljoonaa kiloa, mik\u00e4 on 16 prosenttia enemm\u00e4n kuin vuonna 2017. Reilun kaupan kukkien myynti pysyi ennallaan ja niit\u00e4 suomalaiset ostivat noin 50 miljoonaa vartta. Suomessa myydyist\u00e4 ruusuista jo joka kolmas on Reilun kaupan ruusu.<\/p>\n\n\n\n<p>Ensimm\u00e4isist\u00e4 norsutunnuksella merkityist\u00e4 kahvi- ja teepaketeista tuotevalikoima on laajentunut 20 vuodessa niin, ett\u00e4 Suomessa on myynniss\u00e4 jo yli 1200 Reilun kaupan tuotetta. Reilun kaupan tunnetuin kriteeri on, ett\u00e4 tuottajille on maksettava myymist\u00e4\u00e4n tuotteista v\u00e4hint\u00e4\u00e4n Reilun kaupan takuuhintaa, joka kattaa kest\u00e4v\u00e4n tuotannon kustannukset. Takuuhinnan lis\u00e4ksi tuottajille maksetaan Reilun kaupan lis\u00e4\u00e4, jonka tuottajat k\u00e4ytt\u00e4v\u00e4t joko tuotannon kehitt\u00e4miseen tai koko yhteis\u00f6\u00e4 hy\u00f6dytt\u00e4viin hankkeisiin kuten terveydenhuoltoon ja koulutukseen.<\/p>\n\n\n\n<p>&#8221;20 vuotta sitten Reilu kauppa oli k\u00e4ynnist\u00e4m\u00e4ss\u00e4 keskustelua eettisest\u00e4 kuluttamisesta, ja esimerkill\u00e4\u00e4n se on nostanut vastuullisuuden marginaalista valtavirtaan. Yritysten kiinnostus tuotteen alkuper\u00e4\u00e4 kohtaan on kasvanut valtavasti, sill\u00e4 kuluttajat vahtivat t\u00e4n\u00e4 p\u00e4iv\u00e4n\u00e4 ostamiensa tuotteiden alkuper\u00e4\u00e4 huomattavasti hanakammin kuin ennen&#8221;, sanoo Reilu kauppa ry:n toiminnanjohtaja <strong>Janne Sivonen<\/strong>.<\/p>\n\n\n\n<p>Reilun kaupan 20 vuotta jatkuneen kasvun voi n\u00e4hd\u00e4 vastatrendin\u00e4 sille, ett\u00e4 elintarvikemenojen osuus kotitalouksien koko kulutuksesta on laskenut tasaisesti jo useita kymmeni\u00e4 vuosia. 1980-luvulla elintarvikkeet haukkasivat kotitalouksien kukkaroista noin 20 prosenttia, ja nyt en\u00e4\u00e4 noin 11 prosenttia. Ruokakaupan hintakilpailun kiristyminen pienent\u00e4nee osuutta my\u00f6s tulevina vuosina.<\/p>\n\n\n\n<p>Reilu kauppa ry:n taustalla on 33 j\u00e4rjest\u00f6n muodostama yhdistys, joka edist\u00e4\u00e4 Reilua kauppaa Suomessa. Sen j\u00e4senj\u00e4rjest\u00f6in\u00e4 on muun muassa kehitysj\u00e4rjest\u00f6j\u00e4, ammattiliittoja, kuluttajaj\u00e4rjest\u00f6j\u00e4, kirkollisia j\u00e4rjest\u00f6j\u00e4 ja puolueiden nuorisoj\u00e4rjest\u00f6j\u00e4. Reilua kauppaa edistet\u00e4\u00e4n my\u00f6s 15 Reilun kaupan kaupungissa, yli 120 Reilun kaupan seurakunnassa sek\u00e4 useissa Reilun kaupan arvonimen saaneissa kouluissa ja korkeakouluissa. <\/p>\n\n\n\n<p>My\u00f6s Osuustoimintakeskus Pellervo ry on Reilun kauppa ry:n j\u00e4sen.<\/p>\n","protected":false},"excerpt":{"rendered":"<p>Reilu kauppa juhlii t\u00e4ll\u00e4 viikolla 20-vuotista taivaltaan Suomessa. Asukaslukuun suhteutettuna Suomesta on kasvanut yksi suurimmista Reilun kaupan tuotteiden markkinoista, vaikka Reilun kaupan tuotteita myyd\u00e4\u00e4n jo yli 140 maassa.<\/p>\n","protected":false},"author":5,"featured_media":885160,"comment_status":"open","ping_status":"open","sticky":false,"template":"","format":"standard","meta":{"inline_featured_image":false,"_monsterinsights_skip_tracking":false,"_monsterinsights_sitenote_active":false,"_monsterinsights_sitenote_note":"","_monsterinsights_sitenote_category":0,"site-sidebar-layout":"default","site-content-layout":"","ast-site-content-layout":"default","site-content-style":"default","site-sidebar-style":"default","ast-global-header-display":"","ast-banner-title-visibility":"","ast-main-header-display":"","ast-hfb-above-header-display":"","ast-hfb-below-header-display":"","ast-hfb-mobile-header-display":"","site-post-title":"","ast-breadcrumbs-content":"","ast-featured-img":"","footer-sml-layout":"","ast-disable-related-posts":"","theme-transparent-header-meta":"","adv-header-id-meta":"","stick-header-meta":"","header-above-stick-meta":"","header-main-stick-meta":"","header-below-stick-meta":"","astra-migrate-meta-layouts":"default","ast-page-background-enabled":"default","ast-page-background-meta":{"desktop":{"background-color":"","background-image":"","background-repeat":"repeat","background-position":"center center","background-size":"auto","background-attachment":"scroll","background-type":"","background-media":"","overlay-type":"","overlay-color":"","overlay-opacity":"","overlay-gradient":""},"tablet":{"background-color":"","background-image":"","background-repeat":"repeat","background-position":"center center","background-size":"auto","background-attachment":"scroll","background-type":"","background-media":"","overlay-type":"","overlay-color":"","overlay-opacity":"","overlay-gradient":""},"mobile":{"background-color":"","background-image":"","background-repeat":"repeat","background-position":"center center","background-size":"auto","background-attachment":"scroll","background-type":"","background-media":"","overlay-type":"","overlay-color":"","overlay-opacity":"","overlay-gradient":""}},"ast-content-background-meta":{"desktop":{"background-color":"var(--ast-global-color-5)","background-image":"","background-repeat":"repeat","background-position":"center center","background-size":"auto","background-attachment":"scroll","background-type":"","background-media":"","overlay-type":"","overlay-color":"","overlay-opacity":"","overlay-gradient":""},"tablet":{"background-color":"var(--ast-global-color-5)","background-image":"","background-repeat":"repeat","background-position":"center center","background-size":"auto","background-attachment":"scroll","background-type":"","background-media":"","overlay-type":"","overlay-color":"","overlay-opacity":"","overlay-gradient":""},"mobile":{"background-color":"var(--ast-global-color-5)","background-image":"","background-repeat":"repeat","background-position":"center center","background-size":"auto","background-attachment":"scroll","background-type":"","background-media":"","overlay-type":"","overlay-color":"","overlay-opacity":"","overlay-gradient":""}},"_FSMCFIC_featured_image_caption":"","_FSMCFIC_featured_image_nocaption":"","_FSMCFIC_featured_image_hide":"","footnotes":""},"categories":[22],"tags":[],"class_list":["post-885159","post","type-post","status-publish","format-standard","has-post-thumbnail","hentry","category-uutiset"],"yoast_head":"<!-- This site is optimized with the Yoast SEO plugin v27.5 - https:\/\/yoast.com\/product\/yoast-seo-wordpress\/ -->\n<title>Reilu kauppa 20 vuotta Suomessa - Pellervo<\/title>\n<meta name=\"robots\" content=\"index, follow, max-snippet:-1, max-image-preview:large, max-video-preview:-1\" \/>\n<link rel=\"canonical\" href=\"https:\/\/pellervo.fi\/uutiset\/2019\/03\/26\/reilu-kauppa-20-vuotta-suomessa\/\" \/>\n<meta property=\"og:locale\" content=\"sv_SE\" \/>\n<meta property=\"og:type\" content=\"article\" \/>\n<meta property=\"og:title\" content=\"Reilu kauppa 20 vuotta Suomessa - Pellervo\" \/>\n<meta property=\"og:description\" content=\"Reilu kauppa juhlii t\u00e4ll\u00e4 viikolla 20-vuotista taivaltaan Suomessa. Asukaslukuun suhteutettuna Suomesta on kasvanut yksi suurimmista Reilun kaupan tuotteiden markkinoista, vaikka Reilun kaupan tuotteita myyd\u00e4\u00e4n jo yli 140 maassa.\" \/>\n<meta property=\"og:url\" content=\"https:\/\/pellervo.fi\/uutiset\/2019\/03\/26\/reilu-kauppa-20-vuotta-suomessa\/\" \/>\n<meta property=\"og:site_name\" content=\"Pellervo\" \/>\n<meta property=\"article:published_time\" content=\"2019-03-26T05:57:41+00:00\" \/>\n<meta property=\"og:image\" content=\"https:\/\/pellervo.fi\/wp-content\/uploads\/2019\/03\/reilukauppa20.jpg\" \/>\n\t<meta property=\"og:image:width\" content=\"850\" \/>\n\t<meta property=\"og:image:height\" content=\"550\" \/>\n\t<meta property=\"og:image:type\" content=\"image\/jpeg\" \/>\n<meta name=\"author\" content=\"pellervo\" \/>\n<meta name=\"twitter:card\" content=\"summary_large_image\" \/>\n<meta name=\"twitter:creator\" content=\"@PellervoFi\" \/>\n<meta name=\"twitter:site\" content=\"@PellervoFi\" \/>\n<meta name=\"twitter:label1\" content=\"Skriven av\" \/>\n\t<meta name=\"twitter:data1\" content=\"pellervo\" \/>\n\t<meta name=\"twitter:label2\" content=\"Ber\u00e4knad l\u00e4stid\" \/>\n\t<meta name=\"twitter:data2\" content=\"2 minuter\" \/>\n<script type=\"application\/ld+json\" class=\"yoast-schema-graph\">{\"@context\":\"https:\\\/\\\/schema.org\",\"@graph\":[{\"@type\":\"Article\",\"@id\":\"https:\\\/\\\/pellervo.fi\\\/uutiset\\\/2019\\\/03\\\/26\\\/reilu-kauppa-20-vuotta-suomessa\\\/#article\",\"isPartOf\":{\"@id\":\"https:\\\/\\\/pellervo.fi\\\/uutiset\\\/2019\\\/03\\\/26\\\/reilu-kauppa-20-vuotta-suomessa\\\/\"},\"author\":{\"name\":\"pellervo\",\"@id\":\"https:\\\/\\\/pellervo.fi\\\/#\\\/schema\\\/person\\\/4b74d40956937d1367ade81899997e71\"},\"headline\":\"Reilu kauppa 20 vuotta Suomessa\",\"datePublished\":\"2019-03-26T05:57:41+00:00\",\"mainEntityOfPage\":{\"@id\":\"https:\\\/\\\/pellervo.fi\\\/uutiset\\\/2019\\\/03\\\/26\\\/reilu-kauppa-20-vuotta-suomessa\\\/\"},\"wordCount\":376,\"commentCount\":0,\"publisher\":{\"@id\":\"https:\\\/\\\/pellervo.fi\\\/#organization\"},\"image\":{\"@id\":\"https:\\\/\\\/pellervo.fi\\\/uutiset\\\/2019\\\/03\\\/26\\\/reilu-kauppa-20-vuotta-suomessa\\\/#primaryimage\"},\"thumbnailUrl\":\"https:\\\/\\\/pellervo.fi\\\/wp-content\\\/uploads\\\/2019\\\/03\\\/reilukauppa20.jpg\",\"articleSection\":[\"Uutiset\"],\"inLanguage\":\"sv-SE\",\"potentialAction\":[{\"@type\":\"CommentAction\",\"name\":\"Comment\",\"target\":[\"https:\\\/\\\/pellervo.fi\\\/uutiset\\\/2019\\\/03\\\/26\\\/reilu-kauppa-20-vuotta-suomessa\\\/#respond\"]}]},{\"@type\":\"WebPage\",\"@id\":\"https:\\\/\\\/pellervo.fi\\\/uutiset\\\/2019\\\/03\\\/26\\\/reilu-kauppa-20-vuotta-suomessa\\\/\",\"url\":\"https:\\\/\\\/pellervo.fi\\\/uutiset\\\/2019\\\/03\\\/26\\\/reilu-kauppa-20-vuotta-suomessa\\\/\",\"name\":\"Reilu kauppa 20 vuotta Suomessa - Pellervo\",\"isPartOf\":{\"@id\":\"https:\\\/\\\/pellervo.fi\\\/#website\"},\"primaryImageOfPage\":{\"@id\":\"https:\\\/\\\/pellervo.fi\\\/uutiset\\\/2019\\\/03\\\/26\\\/reilu-kauppa-20-vuotta-suomessa\\\/#primaryimage\"},\"image\":{\"@id\":\"https:\\\/\\\/pellervo.fi\\\/uutiset\\\/2019\\\/03\\\/26\\\/reilu-kauppa-20-vuotta-suomessa\\\/#primaryimage\"},\"thumbnailUrl\":\"https:\\\/\\\/pellervo.fi\\\/wp-content\\\/uploads\\\/2019\\\/03\\\/reilukauppa20.jpg\",\"datePublished\":\"2019-03-26T05:57:41+00:00\",\"breadcrumb\":{\"@id\":\"https:\\\/\\\/pellervo.fi\\\/uutiset\\\/2019\\\/03\\\/26\\\/reilu-kauppa-20-vuotta-suomessa\\\/#breadcrumb\"},\"inLanguage\":\"sv-SE\",\"potentialAction\":[{\"@type\":\"ReadAction\",\"target\":[\"https:\\\/\\\/pellervo.fi\\\/uutiset\\\/2019\\\/03\\\/26\\\/reilu-kauppa-20-vuotta-suomessa\\\/\"]}]},{\"@type\":\"ImageObject\",\"inLanguage\":\"sv-SE\",\"@id\":\"https:\\\/\\\/pellervo.fi\\\/uutiset\\\/2019\\\/03\\\/26\\\/reilu-kauppa-20-vuotta-suomessa\\\/#primaryimage\",\"url\":\"https:\\\/\\\/pellervo.fi\\\/wp-content\\\/uploads\\\/2019\\\/03\\\/reilukauppa20.jpg\",\"contentUrl\":\"https:\\\/\\\/pellervo.fi\\\/wp-content\\\/uploads\\\/2019\\\/03\\\/reilukauppa20.jpg\",\"width\":850,\"height\":550},{\"@type\":\"BreadcrumbList\",\"@id\":\"https:\\\/\\\/pellervo.fi\\\/uutiset\\\/2019\\\/03\\\/26\\\/reilu-kauppa-20-vuotta-suomessa\\\/#breadcrumb\",\"itemListElement\":[{\"@type\":\"ListItem\",\"position\":1,\"name\":\"Koti\",\"item\":\"https:\\\/\\\/pellervo.fi\\\/sv\\\/\"},{\"@type\":\"ListItem\",\"position\":2,\"name\":\"Reilu kauppa 20 vuotta Suomessa\"}]},{\"@type\":\"WebSite\",\"@id\":\"https:\\\/\\\/pellervo.fi\\\/#website\",\"url\":\"https:\\\/\\\/pellervo.fi\\\/\",\"name\":\"Pellervo\",\"description\":\"Osuuskuntien keskusj\u00e4rjest\u00f6\",\"publisher\":{\"@id\":\"https:\\\/\\\/pellervo.fi\\\/#organization\"},\"potentialAction\":[{\"@type\":\"SearchAction\",\"target\":{\"@type\":\"EntryPoint\",\"urlTemplate\":\"https:\\\/\\\/pellervo.fi\\\/?s={search_term_string}\"},\"query-input\":{\"@type\":\"PropertyValueSpecification\",\"valueRequired\":true,\"valueName\":\"search_term_string\"}}],\"inLanguage\":\"sv-SE\"},{\"@type\":\"Organization\",\"@id\":\"https:\\\/\\\/pellervo.fi\\\/#organization\",\"name\":\"Osuustoimintakeskus Pellervo ry\",\"url\":\"https:\\\/\\\/pellervo.fi\\\/\",\"logo\":{\"@type\":\"ImageObject\",\"inLanguage\":\"sv-SE\",\"@id\":\"https:\\\/\\\/pellervo.fi\\\/#\\\/schema\\\/logo\\\/image\\\/\",\"url\":\"https:\\\/\\\/pellervo.fi\\\/wp-content\\\/uploads\\\/2020\\\/05\\\/Pellervo_logo.png\",\"contentUrl\":\"https:\\\/\\\/pellervo.fi\\\/wp-content\\\/uploads\\\/2020\\\/05\\\/Pellervo_logo.png\",\"width\":1335,\"height\":376,\"caption\":\"Osuustoimintakeskus Pellervo ry\"},\"image\":{\"@id\":\"https:\\\/\\\/pellervo.fi\\\/#\\\/schema\\\/logo\\\/image\\\/\"},\"sameAs\":[\"https:\\\/\\\/x.com\\\/PellervoFi\"]},{\"@type\":\"Person\",\"@id\":\"https:\\\/\\\/pellervo.fi\\\/#\\\/schema\\\/person\\\/4b74d40956937d1367ade81899997e71\",\"name\":\"pellervo\",\"image\":{\"@type\":\"ImageObject\",\"inLanguage\":\"sv-SE\",\"@id\":\"https:\\\/\\\/pellervo.fi\\\/wp-content\\\/uploads\\\/2013\\\/11\\\/pellervo_avatar_1384522134-96x96.jpg\",\"url\":\"https:\\\/\\\/pellervo.fi\\\/wp-content\\\/uploads\\\/2013\\\/11\\\/pellervo_avatar_1384522134-96x96.jpg\",\"contentUrl\":\"https:\\\/\\\/pellervo.fi\\\/wp-content\\\/uploads\\\/2013\\\/11\\\/pellervo_avatar_1384522134-96x96.jpg\",\"caption\":\"pellervo\"},\"description\":\"Kuvaus\",\"url\":\"https:\\\/\\\/pellervo.fi\\\/sv\\\/author\\\/pellervo\\\/\"}]}<\/script>\n<!-- \/ Yoast SEO plugin. -->","yoast_head_json":{"title":"Reilu kauppa 20 vuotta Suomessa - Pellervo","robots":{"index":"index","follow":"follow","max-snippet":"max-snippet:-1","max-image-preview":"max-image-preview:large","max-video-preview":"max-video-preview:-1"},"canonical":"https:\/\/pellervo.fi\/uutiset\/2019\/03\/26\/reilu-kauppa-20-vuotta-suomessa\/","og_locale":"sv_SE","og_type":"article","og_title":"Reilu kauppa 20 vuotta Suomessa - Pellervo","og_description":"Reilu kauppa juhlii t\u00e4ll\u00e4 viikolla 20-vuotista taivaltaan Suomessa. Asukaslukuun suhteutettuna Suomesta on kasvanut yksi suurimmista Reilun kaupan tuotteiden markkinoista, vaikka Reilun kaupan tuotteita myyd\u00e4\u00e4n jo yli 140 maassa.","og_url":"https:\/\/pellervo.fi\/uutiset\/2019\/03\/26\/reilu-kauppa-20-vuotta-suomessa\/","og_site_name":"Pellervo","article_published_time":"2019-03-26T05:57:41+00:00","og_image":[{"width":850,"height":550,"url":"https:\/\/pellervo.fi\/wp-content\/uploads\/2019\/03\/reilukauppa20.jpg","type":"image\/jpeg"}],"author":"pellervo","twitter_card":"summary_large_image","twitter_creator":"@PellervoFi","twitter_site":"@PellervoFi","twitter_misc":{"Skriven av":"pellervo","Ber\u00e4knad l\u00e4stid":"2 minuter"},"schema":{"@context":"https:\/\/schema.org","@graph":[{"@type":"Article","@id":"https:\/\/pellervo.fi\/uutiset\/2019\/03\/26\/reilu-kauppa-20-vuotta-suomessa\/#article","isPartOf":{"@id":"https:\/\/pellervo.fi\/uutiset\/2019\/03\/26\/reilu-kauppa-20-vuotta-suomessa\/"},"author":{"name":"pellervo","@id":"https:\/\/pellervo.fi\/#\/schema\/person\/4b74d40956937d1367ade81899997e71"},"headline":"Reilu kauppa 20 vuotta Suomessa","datePublished":"2019-03-26T05:57:41+00:00","mainEntityOfPage":{"@id":"https:\/\/pellervo.fi\/uutiset\/2019\/03\/26\/reilu-kauppa-20-vuotta-suomessa\/"},"wordCount":376,"commentCount":0,"publisher":{"@id":"https:\/\/pellervo.fi\/#organization"},"image":{"@id":"https:\/\/pellervo.fi\/uutiset\/2019\/03\/26\/reilu-kauppa-20-vuotta-suomessa\/#primaryimage"},"thumbnailUrl":"https:\/\/pellervo.fi\/wp-content\/uploads\/2019\/03\/reilukauppa20.jpg","articleSection":["Uutiset"],"inLanguage":"sv-SE","potentialAction":[{"@type":"CommentAction","name":"Comment","target":["https:\/\/pellervo.fi\/uutiset\/2019\/03\/26\/reilu-kauppa-20-vuotta-suomessa\/#respond"]}]},{"@type":"WebPage","@id":"https:\/\/pellervo.fi\/uutiset\/2019\/03\/26\/reilu-kauppa-20-vuotta-suomessa\/","url":"https:\/\/pellervo.fi\/uutiset\/2019\/03\/26\/reilu-kauppa-20-vuotta-suomessa\/","name":"Reilu kauppa 20 vuotta Suomessa - Pellervo","isPartOf":{"@id":"https:\/\/pellervo.fi\/#website"},"primaryImageOfPage":{"@id":"https:\/\/pellervo.fi\/uutiset\/2019\/03\/26\/reilu-kauppa-20-vuotta-suomessa\/#primaryimage"},"image":{"@id":"https:\/\/pellervo.fi\/uutiset\/2019\/03\/26\/reilu-kauppa-20-vuotta-suomessa\/#primaryimage"},"thumbnailUrl":"https:\/\/pellervo.fi\/wp-content\/uploads\/2019\/03\/reilukauppa20.jpg","datePublished":"2019-03-26T05:57:41+00:00","breadcrumb":{"@id":"https:\/\/pellervo.fi\/uutiset\/2019\/03\/26\/reilu-kauppa-20-vuotta-suomessa\/#breadcrumb"},"inLanguage":"sv-SE","potentialAction":[{"@type":"ReadAction","target":["https:\/\/pellervo.fi\/uutiset\/2019\/03\/26\/reilu-kauppa-20-vuotta-suomessa\/"]}]},{"@type":"ImageObject","inLanguage":"sv-SE","@id":"https:\/\/pellervo.fi\/uutiset\/2019\/03\/26\/reilu-kauppa-20-vuotta-suomessa\/#primaryimage","url":"https:\/\/pellervo.fi\/wp-content\/uploads\/2019\/03\/reilukauppa20.jpg","contentUrl":"https:\/\/pellervo.fi\/wp-content\/uploads\/2019\/03\/reilukauppa20.jpg","width":850,"height":550},{"@type":"BreadcrumbList","@id":"https:\/\/pellervo.fi\/uutiset\/2019\/03\/26\/reilu-kauppa-20-vuotta-suomessa\/#breadcrumb","itemListElement":[{"@type":"ListItem","position":1,"name":"Koti","item":"https:\/\/pellervo.fi\/sv\/"},{"@type":"ListItem","position":2,"name":"Reilu kauppa 20 vuotta Suomessa"}]},{"@type":"WebSite","@id":"https:\/\/pellervo.fi\/#website","url":"https:\/\/pellervo.fi\/","name":"Pellervo","description":"Osuuskuntien keskusj\u00e4rjest\u00f6","publisher":{"@id":"https:\/\/pellervo.fi\/#organization"},"potentialAction":[{"@type":"SearchAction","target":{"@type":"EntryPoint","urlTemplate":"https:\/\/pellervo.fi\/?s={search_term_string}"},"query-input":{"@type":"PropertyValueSpecification","valueRequired":true,"valueName":"search_term_string"}}],"inLanguage":"sv-SE"},{"@type":"Organization","@id":"https:\/\/pellervo.fi\/#organization","name":"Osuustoimintakeskus Pellervo ry","url":"https:\/\/pellervo.fi\/","logo":{"@type":"ImageObject","inLanguage":"sv-SE","@id":"https:\/\/pellervo.fi\/#\/schema\/logo\/image\/","url":"https:\/\/pellervo.fi\/wp-content\/uploads\/2020\/05\/Pellervo_logo.png","contentUrl":"https:\/\/pellervo.fi\/wp-content\/uploads\/2020\/05\/Pellervo_logo.png","width":1335,"height":376,"caption":"Osuustoimintakeskus Pellervo ry"},"image":{"@id":"https:\/\/pellervo.fi\/#\/schema\/logo\/image\/"},"sameAs":["https:\/\/x.com\/PellervoFi"]},{"@type":"Person","@id":"https:\/\/pellervo.fi\/#\/schema\/person\/4b74d40956937d1367ade81899997e71","name":"pellervo","image":{"@type":"ImageObject","inLanguage":"sv-SE","@id":"https:\/\/pellervo.fi\/wp-content\/uploads\/2013\/11\/pellervo_avatar_1384522134-96x96.jpg","url":"https:\/\/pellervo.fi\/wp-content\/uploads\/2013\/11\/pellervo_avatar_1384522134-96x96.jpg","contentUrl":"https:\/\/pellervo.fi\/wp-content\/uploads\/2013\/11\/pellervo_avatar_1384522134-96x96.jpg","caption":"pellervo"},"description":"Kuvaus","url":"https:\/\/pellervo.fi\/sv\/author\/pellervo\/"}]}},"_links":{"self":[{"href":"https:\/\/pellervo.fi\/sv\/wp-json\/wp\/v2\/posts\/885159","targetHints":{"allow":["GET"]}}],"collection":[{"href":"https:\/\/pellervo.fi\/sv\/wp-json\/wp\/v2\/posts"}],"about":[{"href":"https:\/\/pellervo.fi\/sv\/wp-json\/wp\/v2\/types\/post"}],"author":[{"embeddable":true,"href":"https:\/\/pellervo.fi\/sv\/wp-json\/wp\/v2\/users\/5"}],"replies":[{"embeddable":true,"href":"https:\/\/pellervo.fi\/sv\/wp-json\/wp\/v2\/comments?post=885159"}],"version-history":[{"count":1,"href":"https:\/\/pellervo.fi\/sv\/wp-json\/wp\/v2\/posts\/885159\/revisions"}],"predecessor-version":[{"id":885161,"href":"https:\/\/pellervo.fi\/sv\/wp-json\/wp\/v2\/posts\/885159\/revisions\/885161"}],"wp:featuredmedia":[{"embeddable":true,"href":"https:\/\/pellervo.fi\/sv\/wp-json\/wp\/v2\/media\/885160"}],"wp:attachment":[{"href":"https:\/\/pellervo.fi\/sv\/wp-json\/wp\/v2\/media?parent=885159"}],"wp:term":[{"taxonomy":"category","embeddable":true,"href":"https:\/\/pellervo.fi\/sv\/wp-json\/wp\/v2\/categories?post=885159"},{"taxonomy":"post_tag","embeddable":true,"href":"https:\/\/pellervo.fi\/sv\/wp-json\/wp\/v2\/tags?post=885159"}],"curies":[{"name":"wp","href":"https:\/\/api.w.org\/{rel}","templated":true}]}}