{"id":885555,"date":"2019-09-30T09:30:49","date_gmt":"2019-09-30T06:30:49","guid":{"rendered":"https:\/\/pellervo.fi\/?p=885555"},"modified":"2020-09-03T13:05:53","modified_gmt":"2020-09-03T10:05:53","slug":"osuuskunta-lilith-pellervon-jaseneksi","status":"publish","type":"post","link":"https:\/\/pellervo.fi\/sv\/jarjesto\/2019\/09\/30\/osuuskunta-lilith-pellervon-jaseneksi\/","title":{"rendered":"Osuuskunta Lilith Pellervon j\u00e4seneksi"},"content":{"rendered":"\n<div>\n<p>Osuustoimintakeskus Pellervon hallitus <span xml:lang=\"FI-FI\" data-contrast=\"auto\">hyv\u00e4ksyi perjantaina 27. syyskuuta j\u00e4seneksi Osuuskunta Lilithin, joka on luovien alojen <\/span><span xml:lang=\"FI-FI\" data-contrast=\"auto\">arvopohjainen ty\u00f6osuuskunta<\/span><span xml:lang=\"FI-FI\" data-contrast=\"auto\">.\u00a0<\/span><\/p>\n<p><span xml:lang=\"FI-FI\" data-contrast=\"auto\">Se on alallaan Suomen suurin, j\u00e4seni\u00e4 on yli 400 ja liikevaihtoa 3,5 M \u20ac.\u00a0<\/span><span xml:lang=\"FI-FI\" data-contrast=\"auto\">Mukana<\/span><span xml:lang=\"FI-FI\" data-contrast=\"auto\">\u00a0on graafisia suunnittelijoita, valokuvaajia, esiintyji\u00e4 ja kouluttajia, journalisteja, audiovisuaalisen tuotannon tekij\u00f6it\u00e4 ja\u00a0<\/span><span xml:lang=\"FI-FI\" data-contrast=\"auto\">monenlaisia\u00a0<\/span><span xml:lang=\"FI-FI\" data-contrast=\"auto\">muita ammattilaisia.<\/span><span data-ccp-props=\"{&quot;201341983&quot;:0,&quot;335559739&quot;:160,&quot;335559740&quot;:259}\">\u00a0<\/span><\/p>\n<\/div>\n<div>\n<p><span xml:lang=\"FI-FI\" data-contrast=\"auto\">\u2013 Keskeisen\u00e4 teht\u00e4v\u00e4n\u00e4mme on toimia j\u00e4sentemme ty\u00f6llist\u00e4j\u00e4n\u00e4\u00a0<\/span><span xml:lang=\"FI-FI\" data-contrast=\"auto\">ja tarjota heille etuja\u00a0<\/span><span xml:lang=\"FI-FI\" data-contrast=\"auto\">sek\u00e4\u00a0<\/span><span xml:lang=\"FI-FI\" data-contrast=\"auto\">laadukkaasti<\/span><span xml:lang=\"FI-FI\" data-contrast=\"auto\">\u00a0ett\u00e4 edullisesti<\/span><span xml:lang=\"FI-FI\" data-contrast=\"auto\">.<\/span><span xml:lang=\"FI-FI\" data-contrast=\"auto\">\u00a0<\/span><span xml:lang=\"FI-FI\" data-contrast=\"auto\">Kehit\u00e4mme palveluita, jotka tuovat yh\u00e4 projektimaisemmaksi muuttuvien ty\u00f6n rakenteiden \u00e4\u00e4rell\u00e4\u00a0<\/span><span xml:lang=\"FI-FI\" data-contrast=\"auto\">turvaa, v\u00e4litt\u00e4mist\u00e4 ja toisaalta dynaamista muokkautuvuutta, kertoo\u00a0<\/span><span xml:lang=\"FI-FI\" data-contrast=\"auto\">Lilithin<\/span><span xml:lang=\"FI-FI\" data-contrast=\"auto\">\u00a0toimitusjohtaja\u00a0<\/span><strong><span xml:lang=\"FI-FI\" data-contrast=\"auto\">Tommi Viitamies<\/span><\/strong><span xml:lang=\"FI-FI\" data-contrast=\"auto\">.<\/span><span xml:lang=\"FI-FI\" data-contrast=\"auto\">\u00a0<\/span><span data-ccp-props=\"{&quot;201341983&quot;:0,&quot;335559739&quot;:160,&quot;335559740&quot;:259}\">\u00a0<\/span><\/p>\n<\/div>\n<div>\n<p><span xml:lang=\"FI-FI\" data-contrast=\"auto\">Lilith on yhdess\u00e4 j\u00e4sentens\u00e4 kanssa kehitt\u00e4nyt osuustoiminnan mallin<\/span><span xml:lang=\"FI-FI\" data-contrast=\"auto\">, jonka se uskoo parhaiten vastaavan my\u00f6s tulevaisuuden ty\u00f6el\u00e4m\u00e4n tarpeisiin.\u00a0<\/span><span xml:lang=\"FI-FI\" data-contrast=\"auto\">Viitamiehen mukaan Lilith haluaa olla suunnann\u00e4ytt\u00e4j\u00e4\u00a0<\/span><span xml:lang=\"FI-FI\" data-contrast=\"auto\">luovien alojen ammattien\u00a0yhteisyritt\u00e4jyyden\u00a0kehitt\u00e4misess\u00e4. <\/span><\/p>\n<p><strong><span xml:lang=\"FI-FI\" data-contrast=\"auto\">Lis\u00e4tiedot<\/span><\/strong><span xml:lang=\"FI-FI\" data-contrast=\"auto\"><strong>:<\/strong>\u00a0<br \/>Sami Karhu, toimitusjohtaja,\u00a0Osuustoimintakeskus Pellervo<\/span><span xml:lang=\"FI-FI\" data-contrast=\"auto\">\u00a0ry<\/span><span xml:lang=\"FI-FI\" data-contrast=\"auto\">,<\/span><span xml:lang=\"FI-FI\" data-contrast=\"auto\">\u00a0<\/span><span xml:lang=\"FI-FI\" data-contrast=\"auto\">p. 040\u202f054<\/span><span xml:lang=\"FI-FI\" data-contrast=\"auto\">5989<\/span><span xml:lang=\"FI-FI\" data-contrast=\"auto\">,\u00a0<\/span><a href=\"mailto:sami.karhu@pellervo.fi\" target=\"_blank\" rel=\"noopener noreferrer\"><span xml:lang=\"FI-FI\" data-contrast=\"none\">sami.karhu@pellervo.fi<\/span><\/a>\u00a0<br \/><span xml:lang=\"FI-FI\" data-contrast=\"auto\">Tommi Viitamies,\u00a0<\/span><span xml:lang=\"FI-FI\" data-contrast=\"auto\">toimitusjohtaja, O<\/span><span xml:lang=\"FI-FI\" data-contrast=\"auto\">suus<\/span><span xml:lang=\"FI-FI\" data-contrast=\"auto\">kunta Lilith, <\/span><span xml:lang=\"FI-FI\" data-contrast=\"auto\">p.\u00a0<\/span><span xml:lang=\"FI-FI\" data-contrast=\"auto\">045<\/span><span xml:lang=\"FI-FI\" data-contrast=\"auto\">\u00a0<\/span><span xml:lang=\"FI-FI\" data-contrast=\"auto\">617<\/span><span xml:lang=\"FI-FI\" data-contrast=\"auto\">4114, <\/span><a href=\"mailto:tommi.viitamies@lilith.fi\" target=\"_blank\" rel=\"noopener noreferrer\"><span xml:lang=\"FI-FI\" data-contrast=\"none\">tommi.viitamies@lilith.fi<\/span>\u00a0<\/a><\/p>\n<\/div>\n","protected":false},"excerpt":{"rendered":"<p>Osuustoimintakeskus Pellervon hallitus hyv\u00e4ksyi perjantaina 27. lokakuuta j\u00e4seneksi Osuuskunta Lilithin, joka on luovien alojen arvopohjainen ty\u00f6osuuskunta.\u00a0<\/p>\n","protected":false},"author":5,"featured_media":885556,"comment_status":"open","ping_status":"open","sticky":false,"template":"","format":"standard","meta":{"inline_featured_image":false,"_monsterinsights_skip_tracking":false,"_monsterinsights_sitenote_active":false,"_monsterinsights_sitenote_note":"","_monsterinsights_sitenote_category":0,"site-sidebar-layout":"default","site-content-layout":"","ast-site-content-layout":"default","site-content-style":"default","site-sidebar-style":"default","ast-global-header-display":"","ast-banner-title-visibility":"","ast-main-header-display":"","ast-hfb-above-header-display":"","ast-hfb-below-header-display":"","ast-hfb-mobile-header-display":"","site-post-title":"","ast-breadcrumbs-content":"","ast-featured-img":"","footer-sml-layout":"","ast-disable-related-posts":"","theme-transparent-header-meta":"","adv-header-id-meta":"","stick-header-meta":"","header-above-stick-meta":"","header-main-stick-meta":"","header-below-stick-meta":"","astra-migrate-meta-layouts":"default","ast-page-background-enabled":"default","ast-page-background-meta":{"desktop":{"background-color":"","background-image":"","background-repeat":"repeat","background-position":"center center","background-size":"auto","background-attachment":"scroll","background-type":"","background-media":"","overlay-type":"","overlay-color":"","overlay-opacity":"","overlay-gradient":""},"tablet":{"background-color":"","background-image":"","background-repeat":"repeat","background-position":"center center","background-size":"auto","background-attachment":"scroll","background-type":"","background-media":"","overlay-type":"","overlay-color":"","overlay-opacity":"","overlay-gradient":""},"mobile":{"background-color":"","background-image":"","background-repeat":"repeat","background-position":"center center","background-size":"auto","background-attachment":"scroll","background-type":"","background-media":"","overlay-type":"","overlay-color":"","overlay-opacity":"","overlay-gradient":""}},"ast-content-background-meta":{"desktop":{"background-color":"var(--ast-global-color-5)","background-image":"","background-repeat":"repeat","background-position":"center center","background-size":"auto","background-attachment":"scroll","background-type":"","background-media":"","overlay-type":"","overlay-color":"","overlay-opacity":"","overlay-gradient":""},"tablet":{"background-color":"var(--ast-global-color-5)","background-image":"","background-repeat":"repeat","background-position":"center center","background-size":"auto","background-attachment":"scroll","background-type":"","background-media":"","overlay-type":"","overlay-color":"","overlay-opacity":"","overlay-gradient":""},"mobile":{"background-color":"var(--ast-global-color-5)","background-image":"","background-repeat":"repeat","background-position":"center center","background-size":"auto","background-attachment":"scroll","background-type":"","background-media":"","overlay-type":"","overlay-color":"","overlay-opacity":"","overlay-gradient":""}},"_FSMCFIC_featured_image_caption":"","_FSMCFIC_featured_image_nocaption":"","_FSMCFIC_featured_image_hide":"","footnotes":""},"categories":[71],"tags":[],"class_list":["post-885555","post","type-post","status-publish","format-standard","has-post-thumbnail","hentry","category-jarjesto"],"yoast_head":"<!-- This site is optimized with the Yoast SEO plugin v27.4 - https:\/\/yoast.com\/product\/yoast-seo-wordpress\/ -->\n<title>Osuuskunta Lilith Pellervon j\u00e4seneksi - Pellervo<\/title>\n<meta name=\"robots\" content=\"index, follow, max-snippet:-1, max-image-preview:large, max-video-preview:-1\" \/>\n<link rel=\"canonical\" href=\"https:\/\/pellervo.fi\/sv\/jarjesto\/2019\/09\/30\/osuuskunta-lilith-pellervon-jaseneksi\/\" \/>\n<meta property=\"og:locale\" content=\"sv_SE\" \/>\n<meta property=\"og:type\" content=\"article\" \/>\n<meta property=\"og:title\" content=\"Osuuskunta Lilith Pellervon j\u00e4seneksi - Pellervo\" \/>\n<meta property=\"og:description\" content=\"Osuustoimintakeskus Pellervon hallitus hyv\u00e4ksyi perjantaina 27. lokakuuta j\u00e4seneksi Osuuskunta Lilithin, joka on luovien alojen arvopohjainen ty\u00f6osuuskunta.\u00a0\" \/>\n<meta property=\"og:url\" content=\"https:\/\/pellervo.fi\/sv\/jarjesto\/2019\/09\/30\/osuuskunta-lilith-pellervon-jaseneksi\/\" \/>\n<meta property=\"og:site_name\" content=\"Pellervo\" \/>\n<meta property=\"article:published_time\" content=\"2019-09-30T06:30:49+00:00\" \/>\n<meta property=\"article:modified_time\" content=\"2020-09-03T10:05:53+00:00\" \/>\n<meta property=\"og:image\" content=\"https:\/\/pellervo.fi\/wp-content\/uploads\/2019\/09\/lilith1-kuvaaja-mikko-tormanen.jpg\" \/>\n\t<meta property=\"og:image:width\" content=\"850\" \/>\n\t<meta property=\"og:image:height\" content=\"567\" \/>\n\t<meta property=\"og:image:type\" content=\"image\/jpeg\" \/>\n<meta name=\"author\" content=\"pellervo\" \/>\n<meta name=\"twitter:card\" content=\"summary_large_image\" \/>\n<meta name=\"twitter:creator\" content=\"@PellervoFi\" \/>\n<meta name=\"twitter:site\" content=\"@PellervoFi\" \/>\n<meta name=\"twitter:label1\" content=\"Skriven av\" \/>\n\t<meta name=\"twitter:data1\" content=\"pellervo\" \/>\n\t<meta name=\"twitter:label2\" content=\"Ber\u00e4knad l\u00e4stid\" \/>\n\t<meta name=\"twitter:data2\" content=\"1 minut\" \/>\n<script type=\"application\/ld+json\" class=\"yoast-schema-graph\">{\"@context\":\"https:\\\/\\\/schema.org\",\"@graph\":[{\"@type\":\"Article\",\"@id\":\"https:\\\/\\\/pellervo.fi\\\/sv\\\/jarjesto\\\/2019\\\/09\\\/30\\\/osuuskunta-lilith-pellervon-jaseneksi\\\/#article\",\"isPartOf\":{\"@id\":\"https:\\\/\\\/pellervo.fi\\\/sv\\\/jarjesto\\\/2019\\\/09\\\/30\\\/osuuskunta-lilith-pellervon-jaseneksi\\\/\"},\"author\":{\"name\":\"pellervo\",\"@id\":\"https:\\\/\\\/pellervo.fi\\\/#\\\/schema\\\/person\\\/4b74d40956937d1367ade81899997e71\"},\"headline\":\"Osuuskunta Lilith Pellervon j\u00e4seneksi\",\"datePublished\":\"2019-09-30T06:30:49+00:00\",\"dateModified\":\"2020-09-03T10:05:53+00:00\",\"mainEntityOfPage\":{\"@id\":\"https:\\\/\\\/pellervo.fi\\\/sv\\\/jarjesto\\\/2019\\\/09\\\/30\\\/osuuskunta-lilith-pellervon-jaseneksi\\\/\"},\"wordCount\":161,\"commentCount\":0,\"publisher\":{\"@id\":\"https:\\\/\\\/pellervo.fi\\\/#organization\"},\"image\":{\"@id\":\"https:\\\/\\\/pellervo.fi\\\/sv\\\/jarjesto\\\/2019\\\/09\\\/30\\\/osuuskunta-lilith-pellervon-jaseneksi\\\/#primaryimage\"},\"thumbnailUrl\":\"https:\\\/\\\/pellervo.fi\\\/wp-content\\\/uploads\\\/2019\\\/09\\\/lilith1-kuvaaja-mikko-tormanen.jpg\",\"articleSection\":[\"J\u00e4rjest\u00f6\"],\"inLanguage\":\"sv-SE\",\"potentialAction\":[{\"@type\":\"CommentAction\",\"name\":\"Comment\",\"target\":[\"https:\\\/\\\/pellervo.fi\\\/sv\\\/jarjesto\\\/2019\\\/09\\\/30\\\/osuuskunta-lilith-pellervon-jaseneksi\\\/#respond\"]}]},{\"@type\":\"WebPage\",\"@id\":\"https:\\\/\\\/pellervo.fi\\\/sv\\\/jarjesto\\\/2019\\\/09\\\/30\\\/osuuskunta-lilith-pellervon-jaseneksi\\\/\",\"url\":\"https:\\\/\\\/pellervo.fi\\\/sv\\\/jarjesto\\\/2019\\\/09\\\/30\\\/osuuskunta-lilith-pellervon-jaseneksi\\\/\",\"name\":\"Osuuskunta Lilith Pellervon j\u00e4seneksi - Pellervo\",\"isPartOf\":{\"@id\":\"https:\\\/\\\/pellervo.fi\\\/#website\"},\"primaryImageOfPage\":{\"@id\":\"https:\\\/\\\/pellervo.fi\\\/sv\\\/jarjesto\\\/2019\\\/09\\\/30\\\/osuuskunta-lilith-pellervon-jaseneksi\\\/#primaryimage\"},\"image\":{\"@id\":\"https:\\\/\\\/pellervo.fi\\\/sv\\\/jarjesto\\\/2019\\\/09\\\/30\\\/osuuskunta-lilith-pellervon-jaseneksi\\\/#primaryimage\"},\"thumbnailUrl\":\"https:\\\/\\\/pellervo.fi\\\/wp-content\\\/uploads\\\/2019\\\/09\\\/lilith1-kuvaaja-mikko-tormanen.jpg\",\"datePublished\":\"2019-09-30T06:30:49+00:00\",\"dateModified\":\"2020-09-03T10:05:53+00:00\",\"breadcrumb\":{\"@id\":\"https:\\\/\\\/pellervo.fi\\\/sv\\\/jarjesto\\\/2019\\\/09\\\/30\\\/osuuskunta-lilith-pellervon-jaseneksi\\\/#breadcrumb\"},\"inLanguage\":\"sv-SE\",\"potentialAction\":[{\"@type\":\"ReadAction\",\"target\":[\"https:\\\/\\\/pellervo.fi\\\/sv\\\/jarjesto\\\/2019\\\/09\\\/30\\\/osuuskunta-lilith-pellervon-jaseneksi\\\/\"]}]},{\"@type\":\"ImageObject\",\"inLanguage\":\"sv-SE\",\"@id\":\"https:\\\/\\\/pellervo.fi\\\/sv\\\/jarjesto\\\/2019\\\/09\\\/30\\\/osuuskunta-lilith-pellervon-jaseneksi\\\/#primaryimage\",\"url\":\"https:\\\/\\\/pellervo.fi\\\/wp-content\\\/uploads\\\/2019\\\/09\\\/lilith1-kuvaaja-mikko-tormanen.jpg\",\"contentUrl\":\"https:\\\/\\\/pellervo.fi\\\/wp-content\\\/uploads\\\/2019\\\/09\\\/lilith1-kuvaaja-mikko-tormanen.jpg\",\"width\":850,\"height\":567},{\"@type\":\"BreadcrumbList\",\"@id\":\"https:\\\/\\\/pellervo.fi\\\/sv\\\/jarjesto\\\/2019\\\/09\\\/30\\\/osuuskunta-lilith-pellervon-jaseneksi\\\/#breadcrumb\",\"itemListElement\":[{\"@type\":\"ListItem\",\"position\":1,\"name\":\"Koti\",\"item\":\"https:\\\/\\\/pellervo.fi\\\/sv\\\/\"},{\"@type\":\"ListItem\",\"position\":2,\"name\":\"Osuuskunta Lilith Pellervon j\u00e4seneksi\"}]},{\"@type\":\"WebSite\",\"@id\":\"https:\\\/\\\/pellervo.fi\\\/#website\",\"url\":\"https:\\\/\\\/pellervo.fi\\\/\",\"name\":\"Pellervo\",\"description\":\"Osuuskuntien keskusj\u00e4rjest\u00f6\",\"publisher\":{\"@id\":\"https:\\\/\\\/pellervo.fi\\\/#organization\"},\"potentialAction\":[{\"@type\":\"SearchAction\",\"target\":{\"@type\":\"EntryPoint\",\"urlTemplate\":\"https:\\\/\\\/pellervo.fi\\\/?s={search_term_string}\"},\"query-input\":{\"@type\":\"PropertyValueSpecification\",\"valueRequired\":true,\"valueName\":\"search_term_string\"}}],\"inLanguage\":\"sv-SE\"},{\"@type\":\"Organization\",\"@id\":\"https:\\\/\\\/pellervo.fi\\\/#organization\",\"name\":\"Osuustoimintakeskus Pellervo ry\",\"url\":\"https:\\\/\\\/pellervo.fi\\\/\",\"logo\":{\"@type\":\"ImageObject\",\"inLanguage\":\"sv-SE\",\"@id\":\"https:\\\/\\\/pellervo.fi\\\/#\\\/schema\\\/logo\\\/image\\\/\",\"url\":\"https:\\\/\\\/pellervo.fi\\\/wp-content\\\/uploads\\\/2020\\\/05\\\/Pellervo_logo.png\",\"contentUrl\":\"https:\\\/\\\/pellervo.fi\\\/wp-content\\\/uploads\\\/2020\\\/05\\\/Pellervo_logo.png\",\"width\":1335,\"height\":376,\"caption\":\"Osuustoimintakeskus Pellervo ry\"},\"image\":{\"@id\":\"https:\\\/\\\/pellervo.fi\\\/#\\\/schema\\\/logo\\\/image\\\/\"},\"sameAs\":[\"https:\\\/\\\/x.com\\\/PellervoFi\"]},{\"@type\":\"Person\",\"@id\":\"https:\\\/\\\/pellervo.fi\\\/#\\\/schema\\\/person\\\/4b74d40956937d1367ade81899997e71\",\"name\":\"pellervo\",\"image\":{\"@type\":\"ImageObject\",\"inLanguage\":\"sv-SE\",\"@id\":\"https:\\\/\\\/pellervo.fi\\\/wp-content\\\/uploads\\\/2013\\\/11\\\/pellervo_avatar_1384522134-96x96.jpg\",\"url\":\"https:\\\/\\\/pellervo.fi\\\/wp-content\\\/uploads\\\/2013\\\/11\\\/pellervo_avatar_1384522134-96x96.jpg\",\"contentUrl\":\"https:\\\/\\\/pellervo.fi\\\/wp-content\\\/uploads\\\/2013\\\/11\\\/pellervo_avatar_1384522134-96x96.jpg\",\"caption\":\"pellervo\"},\"description\":\"Kuvaus\",\"url\":\"https:\\\/\\\/pellervo.fi\\\/sv\\\/author\\\/pellervo\\\/\"}]}<\/script>\n<!-- \/ Yoast SEO plugin. -->","yoast_head_json":{"title":"Osuuskunta Lilith Pellervon j\u00e4seneksi - Pellervo","robots":{"index":"index","follow":"follow","max-snippet":"max-snippet:-1","max-image-preview":"max-image-preview:large","max-video-preview":"max-video-preview:-1"},"canonical":"https:\/\/pellervo.fi\/sv\/jarjesto\/2019\/09\/30\/osuuskunta-lilith-pellervon-jaseneksi\/","og_locale":"sv_SE","og_type":"article","og_title":"Osuuskunta Lilith Pellervon j\u00e4seneksi - Pellervo","og_description":"Osuustoimintakeskus Pellervon hallitus hyv\u00e4ksyi perjantaina 27. lokakuuta j\u00e4seneksi Osuuskunta Lilithin, joka on luovien alojen arvopohjainen ty\u00f6osuuskunta.\u00a0","og_url":"https:\/\/pellervo.fi\/sv\/jarjesto\/2019\/09\/30\/osuuskunta-lilith-pellervon-jaseneksi\/","og_site_name":"Pellervo","article_published_time":"2019-09-30T06:30:49+00:00","article_modified_time":"2020-09-03T10:05:53+00:00","og_image":[{"width":850,"height":567,"url":"https:\/\/pellervo.fi\/wp-content\/uploads\/2019\/09\/lilith1-kuvaaja-mikko-tormanen.jpg","type":"image\/jpeg"}],"author":"pellervo","twitter_card":"summary_large_image","twitter_creator":"@PellervoFi","twitter_site":"@PellervoFi","twitter_misc":{"Skriven av":"pellervo","Ber\u00e4knad l\u00e4stid":"1 minut"},"schema":{"@context":"https:\/\/schema.org","@graph":[{"@type":"Article","@id":"https:\/\/pellervo.fi\/sv\/jarjesto\/2019\/09\/30\/osuuskunta-lilith-pellervon-jaseneksi\/#article","isPartOf":{"@id":"https:\/\/pellervo.fi\/sv\/jarjesto\/2019\/09\/30\/osuuskunta-lilith-pellervon-jaseneksi\/"},"author":{"name":"pellervo","@id":"https:\/\/pellervo.fi\/#\/schema\/person\/4b74d40956937d1367ade81899997e71"},"headline":"Osuuskunta Lilith Pellervon j\u00e4seneksi","datePublished":"2019-09-30T06:30:49+00:00","dateModified":"2020-09-03T10:05:53+00:00","mainEntityOfPage":{"@id":"https:\/\/pellervo.fi\/sv\/jarjesto\/2019\/09\/30\/osuuskunta-lilith-pellervon-jaseneksi\/"},"wordCount":161,"commentCount":0,"publisher":{"@id":"https:\/\/pellervo.fi\/#organization"},"image":{"@id":"https:\/\/pellervo.fi\/sv\/jarjesto\/2019\/09\/30\/osuuskunta-lilith-pellervon-jaseneksi\/#primaryimage"},"thumbnailUrl":"https:\/\/pellervo.fi\/wp-content\/uploads\/2019\/09\/lilith1-kuvaaja-mikko-tormanen.jpg","articleSection":["J\u00e4rjest\u00f6"],"inLanguage":"sv-SE","potentialAction":[{"@type":"CommentAction","name":"Comment","target":["https:\/\/pellervo.fi\/sv\/jarjesto\/2019\/09\/30\/osuuskunta-lilith-pellervon-jaseneksi\/#respond"]}]},{"@type":"WebPage","@id":"https:\/\/pellervo.fi\/sv\/jarjesto\/2019\/09\/30\/osuuskunta-lilith-pellervon-jaseneksi\/","url":"https:\/\/pellervo.fi\/sv\/jarjesto\/2019\/09\/30\/osuuskunta-lilith-pellervon-jaseneksi\/","name":"Osuuskunta Lilith Pellervon j\u00e4seneksi - Pellervo","isPartOf":{"@id":"https:\/\/pellervo.fi\/#website"},"primaryImageOfPage":{"@id":"https:\/\/pellervo.fi\/sv\/jarjesto\/2019\/09\/30\/osuuskunta-lilith-pellervon-jaseneksi\/#primaryimage"},"image":{"@id":"https:\/\/pellervo.fi\/sv\/jarjesto\/2019\/09\/30\/osuuskunta-lilith-pellervon-jaseneksi\/#primaryimage"},"thumbnailUrl":"https:\/\/pellervo.fi\/wp-content\/uploads\/2019\/09\/lilith1-kuvaaja-mikko-tormanen.jpg","datePublished":"2019-09-30T06:30:49+00:00","dateModified":"2020-09-03T10:05:53+00:00","breadcrumb":{"@id":"https:\/\/pellervo.fi\/sv\/jarjesto\/2019\/09\/30\/osuuskunta-lilith-pellervon-jaseneksi\/#breadcrumb"},"inLanguage":"sv-SE","potentialAction":[{"@type":"ReadAction","target":["https:\/\/pellervo.fi\/sv\/jarjesto\/2019\/09\/30\/osuuskunta-lilith-pellervon-jaseneksi\/"]}]},{"@type":"ImageObject","inLanguage":"sv-SE","@id":"https:\/\/pellervo.fi\/sv\/jarjesto\/2019\/09\/30\/osuuskunta-lilith-pellervon-jaseneksi\/#primaryimage","url":"https:\/\/pellervo.fi\/wp-content\/uploads\/2019\/09\/lilith1-kuvaaja-mikko-tormanen.jpg","contentUrl":"https:\/\/pellervo.fi\/wp-content\/uploads\/2019\/09\/lilith1-kuvaaja-mikko-tormanen.jpg","width":850,"height":567},{"@type":"BreadcrumbList","@id":"https:\/\/pellervo.fi\/sv\/jarjesto\/2019\/09\/30\/osuuskunta-lilith-pellervon-jaseneksi\/#breadcrumb","itemListElement":[{"@type":"ListItem","position":1,"name":"Koti","item":"https:\/\/pellervo.fi\/sv\/"},{"@type":"ListItem","position":2,"name":"Osuuskunta Lilith Pellervon j\u00e4seneksi"}]},{"@type":"WebSite","@id":"https:\/\/pellervo.fi\/#website","url":"https:\/\/pellervo.fi\/","name":"Pellervo","description":"Osuuskuntien keskusj\u00e4rjest\u00f6","publisher":{"@id":"https:\/\/pellervo.fi\/#organization"},"potentialAction":[{"@type":"SearchAction","target":{"@type":"EntryPoint","urlTemplate":"https:\/\/pellervo.fi\/?s={search_term_string}"},"query-input":{"@type":"PropertyValueSpecification","valueRequired":true,"valueName":"search_term_string"}}],"inLanguage":"sv-SE"},{"@type":"Organization","@id":"https:\/\/pellervo.fi\/#organization","name":"Osuustoimintakeskus Pellervo ry","url":"https:\/\/pellervo.fi\/","logo":{"@type":"ImageObject","inLanguage":"sv-SE","@id":"https:\/\/pellervo.fi\/#\/schema\/logo\/image\/","url":"https:\/\/pellervo.fi\/wp-content\/uploads\/2020\/05\/Pellervo_logo.png","contentUrl":"https:\/\/pellervo.fi\/wp-content\/uploads\/2020\/05\/Pellervo_logo.png","width":1335,"height":376,"caption":"Osuustoimintakeskus Pellervo ry"},"image":{"@id":"https:\/\/pellervo.fi\/#\/schema\/logo\/image\/"},"sameAs":["https:\/\/x.com\/PellervoFi"]},{"@type":"Person","@id":"https:\/\/pellervo.fi\/#\/schema\/person\/4b74d40956937d1367ade81899997e71","name":"pellervo","image":{"@type":"ImageObject","inLanguage":"sv-SE","@id":"https:\/\/pellervo.fi\/wp-content\/uploads\/2013\/11\/pellervo_avatar_1384522134-96x96.jpg","url":"https:\/\/pellervo.fi\/wp-content\/uploads\/2013\/11\/pellervo_avatar_1384522134-96x96.jpg","contentUrl":"https:\/\/pellervo.fi\/wp-content\/uploads\/2013\/11\/pellervo_avatar_1384522134-96x96.jpg","caption":"pellervo"},"description":"Kuvaus","url":"https:\/\/pellervo.fi\/sv\/author\/pellervo\/"}]}},"_links":{"self":[{"href":"https:\/\/pellervo.fi\/sv\/wp-json\/wp\/v2\/posts\/885555","targetHints":{"allow":["GET"]}}],"collection":[{"href":"https:\/\/pellervo.fi\/sv\/wp-json\/wp\/v2\/posts"}],"about":[{"href":"https:\/\/pellervo.fi\/sv\/wp-json\/wp\/v2\/types\/post"}],"author":[{"embeddable":true,"href":"https:\/\/pellervo.fi\/sv\/wp-json\/wp\/v2\/users\/5"}],"replies":[{"embeddable":true,"href":"https:\/\/pellervo.fi\/sv\/wp-json\/wp\/v2\/comments?post=885555"}],"version-history":[{"count":5,"href":"https:\/\/pellervo.fi\/sv\/wp-json\/wp\/v2\/posts\/885555\/revisions"}],"predecessor-version":[{"id":885570,"href":"https:\/\/pellervo.fi\/sv\/wp-json\/wp\/v2\/posts\/885555\/revisions\/885570"}],"wp:featuredmedia":[{"embeddable":true,"href":"https:\/\/pellervo.fi\/sv\/wp-json\/wp\/v2\/media\/885556"}],"wp:attachment":[{"href":"https:\/\/pellervo.fi\/sv\/wp-json\/wp\/v2\/media?parent=885555"}],"wp:term":[{"taxonomy":"category","embeddable":true,"href":"https:\/\/pellervo.fi\/sv\/wp-json\/wp\/v2\/categories?post=885555"},{"taxonomy":"post_tag","embeddable":true,"href":"https:\/\/pellervo.fi\/sv\/wp-json\/wp\/v2\/tags?post=885555"}],"curies":[{"name":"wp","href":"https:\/\/api.w.org\/{rel}","templated":true}]}}