{"id":885571,"date":"2019-10-02T08:39:00","date_gmt":"2019-10-02T05:39:00","guid":{"rendered":"https:\/\/pellervo.fi\/?p=885571"},"modified":"2020-09-03T13:24:50","modified_gmt":"2020-09-03T10:24:50","slug":"pellervo-syntyi-2-lokakuuta-120-vuotta-sitten","status":"publish","type":"post","link":"https:\/\/pellervo.fi\/sv\/uutiset\/2019\/10\/02\/pellervo-syntyi-2-lokakuuta-120-vuotta-sitten\/","title":{"rendered":"Pellervo syntyi 2. lokakuuta 120 vuotta sitten"},"content":{"rendered":"\n<p>Suomalaisen osuustoimintaliike perustettiin lokakuisena maanantaip\u00e4iv\u00e4n\u00e4 vuonna 1899 Helsingin Vanhalla ylioppilastalolla. Maanviljelyksen, kansantalouden ja tilastotieteen dosenttina Helsingin yliopistossa tuolloin toiminut <strong>Hannes Gebhard<\/strong> oli kutsunut tilaisuuteen koko joukon suomalaista sivistyneist\u00f6\u00e4: muun muassa 25 professoria, 11 entist\u00e4 tai nykyist\u00e4 senaattoria, huippuvirkamiehi\u00e4 ja suurliikemiehi\u00e4, yhteens\u00e4 80 henke\u00e4.<\/p>\n<p>Tavoitteena oli parantaa maalaisv\u00e4est\u00f6n \u2013 jota tuolloin suurin osa suomalaisista oli \u2013 sosiaalista ja taloudellista asemaa. Osuustoiminta oli jo saavuttanut menestyst\u00e4 muualla Euroopassa. Siisp\u00e4 suomalaisen yhteiskunnan eliitti n\u00e4ki sen mahdollisuudet my\u00f6s t\u00e4\u00e4ll\u00e4 keinona vakauttaa yhteiskuntaa ja lis\u00e4t\u00e4 kansan sivistyksen tasoa.<\/p>\n<p>Merkitt\u00e4v\u00e4n\u00e4 kimmokkeena ajattelulle toimi saman vuoden helmikuussa julkaistu Ven\u00e4j\u00e4n manifesti, jonka seurauksena pel\u00e4ttiin itsehallinnon ja kansallisen erityisaseman menetyst\u00e4. N\u00e4htiin, ett\u00e4 vain kansakunnan rivej\u00e4 tiivist\u00e4m\u00e4ll\u00e4 voitaisiin torjua suomalaisten suistuminen osaksi mahtavan imperiumin kansojen valtamerta.<\/p>\n<p>Maan asiaa arveltiin parhaiten edistett\u00e4v\u00e4n rohkaisemalla yhteistoimintaan perustuvaa yritteli\u00e4isyytt\u00e4. Se ei my\u00f6sk\u00e4\u00e4n olisi kovin helposti ven\u00e4l\u00e4isten nujerrettavissa.<\/p>\n<h3>Pellervo syntyi 2. lokakuuta 120 vuotta sitten<\/h3>\n<p>Hannes Gebhard oli kiert\u00e4nyt Euroopassa tutustumassa osuustoiminnan periaatteisiin muun muassa Saksassa, Ranskassa ja Englanniksi. H\u00e4n puki ajatuksensa sanoiksi Mikael Soiniselle, tavatessaan h\u00e4net Hattulassa jo helmikuussa:<\/p>\n<p>\u201dOsuustoiminnallinen j\u00e4rjest\u00f6 liitt\u00e4\u00e4 ensiksi yksil\u00f6t yhteen paikkakunnittain. Sitten t\u00e4ytyy paikallisosuuskuntain, voidakseen menesty\u00e4, luoda koko maata k\u00e4sitt\u00e4vi\u00e4 yhteisi\u00e4 keskusliikkeit\u00e4, jotka vuorostaan voimakkaina taloudellisina laitoksina vaikuttavat paikallisosuuskuntiin. \u201d<\/p>\n<p>\u201dOsuustoiminta on sit\u00e4 paitsi taloudellinen j\u00e4rjest\u00f6, jota ei mik\u00e4\u00e4n valtiomahti voi hajottaa ja joka saa juurensa kasvamaan niin lujasti, ettei siit\u00e4 voi irrottautua\u2026Se on siis sek\u00e4 taloudellisesti ett\u00e4 yhteiskunnallisesti uudesti luova liike, vaikka t\u00e4m\u00e4 uudestiluominen tapahtuu hiljaisesti ja v\u00e4hitellen.\u201d<\/p>\n<h3>Pellervon missio on s\u00e4ilynyt samana<\/h3>\n<p>Lokakuun 2. p\u00e4iv\u00e4 syntyneen yhdistyksen nimeksi vakiintui Pellervo-Seura. Sen teht\u00e4v\u00e4ksi tuli toteuttaa osuustoimintaa tekem\u00e4ll\u00e4 aatetta tunnetuksi suomalaisessa yhteiskunnassa. Missio on s\u00e4ilynyt halki vuosikymmenien, eik\u00e4 ole viel\u00e4k\u00e4\u00e4n vanhentunut. Hallituksia ja erilaisia talouspolitiikan linjauksia on Suomessa tullut ja mennyt, mutta osuustoiminnalla on ollut ja on oma paikkansa yhteiskunnan lujittajana.<\/p>\n<p>T\u00e4ll\u00e4 hetkell\u00e4 suomalaisista aikuisista 90 % on omistajana jossakin osuustoimintaperiaatteella toimivassa yrityksess\u00e4. N\u00e4iden yhteenlaskettu liikevaihto oli viime vuonna yli 30 miljardia euroa.\u00a0<\/p>\n<p>Seura-p\u00e4\u00e4tteest\u00e4 luovuttiin Pellervon nimess\u00e4 2017. Uudelle vuosikymmenelle kohta siirrytt\u00e4ess\u00e4 osuustoiminnan arvopohjalle on edelleen suomalaisessa yhteiskunnassa tilausta. Osuustoiminnan tunnettuuden puolesta riitt\u00e4\u00e4 edelleen teht\u00e4v\u00e4\u00e4.<\/p>\n<blockquote>\n<h2><em>\u201dKaikesta p\u00e4\u00e4tt\u00e4en oli aate tervetullut\u201d <\/em><\/h2>\n<h2><em>&#8211; <\/em>Pellervon perustavan kokouksen p\u00f6yt\u00e4kirja 2.10.1899<\/h2>\n<p>P\u00f6yt\u00e4kirja, laadittu Pellervon, Suomen maalaisv\u00e4est\u00f6n osuustoiminnan edist\u00e4misseuran, perustavassa kokouksessa 2 p\u00e4iv\u00e4n\u00e4 lokakuuta v. 1899. L\u00e4sn\u00e4 oli noin 80 henkil\u00f6\u00e4, osittain maalaisia.<\/p>\n<p>1 \u00a7<\/p>\n<p>Kokouksen avasi v\u00e4liaikaisen johtokunnan puolesta Tohtori Hannes Gebhard. Huomautettuaan kuinka kev\u00e4ttalvella muutamain yhteiskunnallisia kysymyksi\u00e4 harrastavain henkil\u00f6iden kesken oli syntynyt ajatus saada meill\u00e4kin kooperatiivinen aate levi\u00e4m\u00e4\u00e4n maalaisten keskuuteen, teki puhuja selkoa siit\u00e4, mit\u00e4 t\u00e4m\u00e4n ajatuksen toteuttamiseksi t\u00e4h\u00e4n asti oli tehty. Kev\u00e4\u00e4ll\u00e4 oli j\u00e4tetty v\u00e4liaikaiselle johtokunnalle toimeksi laatia s\u00e4\u00e4nt\u00f6ehdotus seuraa varten, joka ohjelmakseen ottaisi osuustoiminnan aatteen levitt\u00e4misen ja olisi maalaisille apuna erilaista yhteistoimintaa yritett\u00e4ess\u00e4. Kes\u00e4ll\u00e4 oli ehdotus saanut asianomaisen vahvistuksen ja seura, jonka nimeksi oli annettu \u201dPellervo\u201d, alkanut valmistaviin toimenpiteisiin ryhty\u00e4. Aatetta oli kes\u00e4n kuluessa levitetty osittain kirjasten ja mallis\u00e4\u00e4nt\u00f6jen, osittain esitelmien ja persoonallisten keskusteluiden kautta. Kaikesta p\u00e4\u00e4tt\u00e4en oli aate tervetullut. Sen n\u00e4kyv\u00e4n\u00e4 merkkin\u00e4 on pidett\u00e4v\u00e4 se, ett\u00e4 jo 140 maamiesseuraa oli saatu alulle. Puhuja lopetti toivomuksella, ett\u00e4 Pellervon ty\u00f6 olisi Suomelle samanlaiseksi siunaukseksi kuin samantapaisten yritysten vaikutus ulkomailla oli ollut.<\/p>\n<p>2 \u00a7<\/p>\n<p>Kokouksen avaajan ehdotuksesta valittiin kokouksessa puhetta johtamaan Maanviljelyshallituksen Ylitireht\u00f6\u00f6ri Nils Grotenfelt. P\u00f6yt\u00e4kirjurina toimi agronoomi V\u00e4in\u00f6 Axelson.<\/p>\n<p>3 \u00a7<\/p>\n<p>Agronoomi V\u00e4in\u00f6 Axelson piti esitelm\u00e4n, jossa selitti Seuran tarkoituksen ja teki selkoa niist\u00e4 menestymisen edellytyksist\u00e4, joita Pellervolla ja sen ajamalla aattella meid\u00e4n oloissamme on p\u00e4\u00e4tt\u00e4en viime kes\u00e4isist\u00e4 kokouksista eri puolilla maata.<\/p>\n<p>4 \u00a7<\/p>\n<p>Seuran johtokunnan j\u00e4seniksi valittiin:<\/p>\n<p>Bergbom, J. G. Maanviljelysneuvos<\/p>\n<p>Gygnaeus, J. fil. maisteri, Laborin toimitusjohtaja<\/p>\n<p>Forssell, Theodor, Maanviljelyshallituksen sihteeri<\/p>\n<p>Gebhard, Hannes, fil. tohtori, dosentti<\/p>\n<p>Grotenfelt, G\u00f6sta, fil. tohtori, Mustialan opiston johtaja<\/p>\n<p>Kihlman, A. Osw., professori<\/p>\n<p>Pullinen, Erkki, agronoomi, Suomalainen Maanviljelyskauppa Osakeyhti\u00f6n toimitusjohtaja, Viipuri<\/p>\n<p>Tudeer, O. E. professori<\/p>\n<p>Wrede, R. A. vapaaherra, professori<\/p>\n<p>5 \u00a7<\/p>\n<p>Seuran tilintarkastajaksi valittiin:<\/p>\n<p>Brander, K. A. fil. tohtori<\/p>\n<p>af H\u00e4llstr\u00f6m, E. fil. maisteri, tilanomistaja sek\u00e4 heid\u00e4n varamiehikseen<\/p>\n<p>Jernstr\u00f6m, J. agronoomi<\/p>\n<p>Yrj\u00f6-Koskinen, Y. K. vapaaherra, fil. tohtori<\/p>\n<p>6 \u00a7<\/p>\n<p>Esitettiin ja hyv\u00e4ksyttiin Seuralle seuraava toimintaohjelma l\u00e4hint\u00e4 tulevaisuutta varten:<\/p>\n<p>Pellervo-Seuran tarkoituksena on ennen osuuskuntalain saamista<\/p>\n<ul>\n<li>levitt\u00e4\u00e4 kooperatiivista (osuustoiminta-) aatetta;<\/li>\n<li>Yhdess\u00e4 maanviljelysseurain kanssa koettaa aikaansaada maamiesseuroja, jos mahdollista joka kuntaan, pit\u00e4\u00e4 huolta niiden ohjelmasta ja niiden kautta kasvattaa maalaisv\u00e4est\u00f6\u00e4 erilaista osuustoimintaa varten;<\/li>\n<li>edist\u00e4\u00e4 vapaata osuustoimintaa maatalouden eri aloilla, niin kuin yhteisostoa, yhteismyynti\u00e4, (marjain, munain, perunain, halkojen ym. myynti; hankintaurakat) yhteisomaisuutta (koneyhdyskunnat, sonniyhdistykset, karjanjalostusyhdistykset jne.);<\/li>\n<li>ottaa selkoa kokemuksista osuusmeijerien alalla eri osissa maata ja valmistaa kysymyst\u00e4 miten t\u00e4t\u00e4 liikett\u00e4 on t\u00e4st\u00e4 l\u00e4htien kehitett\u00e4v\u00e4; sek\u00e4<\/li>\n<li>valmistaa kysymyst\u00e4 osuuslainarahastosta.<\/li>\n<\/ul>\n<p>\u00a0<\/p>\n<p>T\u00e4t\u00e4 varten Seura yll\u00e4pit\u00e4\u00e4<\/p>\n<ol>\n<li>toimistoa Helsingiss\u00e4, joka on kirjeenvaihdossa eri osuustoimintayhdistysten kanssa saattaen ne yhteyteen toistensa kanssa ja, mik\u00e4li mahdollista, liikemaailman kanssa; kokoo tietoja ja vastaa kysymyksiin ja neuvonpyynt\u00f6ihin;<\/li>\n<li>matkustavia neuvojia, jotka yksiss\u00e4 neuvoin maanviljelysseurain kanssa edist\u00e4v\u00e4t maamiesseurojen perustamista, j\u00e4rjest\u00e4v\u00e4t osuustoiminta yrityksi\u00e4, pit\u00e4v\u00e4t esitelmi\u00e4, alustuksia jne.<\/li>\n<li>aikakauskirjaa, jossa ajetaan yhteistoiminta-asiaa, levitet\u00e4\u00e4n ammattisivistyst\u00e4 ja tietoja ajanmukaisista viljelytavoista pikkuviljelij\u00f6ille, yll\u00e4pit\u00e4\u00e4 vuorovaikutusta eri maamiesseurain ja muitten yhteistoimintayritysten v\u00e4lill\u00e4;<\/li>\n<li>sek\u00e4 kustantaa ja levitt\u00e4\u00e4 kirjasia, mallis\u00e4\u00e4nt\u00f6j\u00e4, hankkii esitelm\u00e4npit\u00e4ji\u00e4, luennoitsijoita ym.<\/li>\n<\/ol>\n<p>7 \u00a7<\/p>\n<p>Sittenkun sihteeri oli lukenut maaseudulta kokoukselle saapuneet onnittelus\u00e4hk\u00f6sanomat, lopetti puheenjohtaja kokouksen toivottamalla \u00e4sken perustetulle seuralle menestyst\u00e4 huomauttaen kuinka vuoden 1868:n kato oli antanut voimakasta yllykett\u00e4 maitotalouden kehitykseen Suomessa, toivoi puhuja vuoden 1899:n aikaansaavan yht\u00e4 suurta vilkkautta maalaisv\u00e4est\u00f6n taloudellisen tilan parantamisessa yhteistoiminnan kautta.<\/p>\n<p>Kokouksen puolesta:<\/p>\n<p>Nils Grotenfelt\u00a0\u00a0 V\u00e4in\u00f6 Axelson<\/p>\n<p>Tarkastettu ja oikeaksi havaittu:<\/p>\n<p>Hjalmar Okerblom\u00a0 U. Brander<\/p>\n<p>\u00a0<\/p>\n<\/blockquote>\n","protected":false},"excerpt":{"rendered":"<p>Suomalaisen osuustoimintaliike perustettiin lokakuisena maanantaip\u00e4iv\u00e4n\u00e4 vuonna 1899 Helsingin Vanhalla ylioppilastalolla. <\/p>\n","protected":false},"author":5,"featured_media":885574,"comment_status":"open","ping_status":"open","sticky":false,"template":"","format":"standard","meta":{"inline_featured_image":false,"_monsterinsights_skip_tracking":false,"_monsterinsights_sitenote_active":false,"_monsterinsights_sitenote_note":"","_monsterinsights_sitenote_category":0,"site-sidebar-layout":"default","site-content-layout":"","ast-site-content-layout":"default","site-content-style":"default","site-sidebar-style":"default","ast-global-header-display":"","ast-banner-title-visibility":"","ast-main-header-display":"","ast-hfb-above-header-display":"","ast-hfb-below-header-display":"","ast-hfb-mobile-header-display":"","site-post-title":"","ast-breadcrumbs-content":"","ast-featured-img":"","footer-sml-layout":"","ast-disable-related-posts":"","theme-transparent-header-meta":"","adv-header-id-meta":"","stick-header-meta":"","header-above-stick-meta":"","header-main-stick-meta":"","header-below-stick-meta":"","astra-migrate-meta-layouts":"default","ast-page-background-enabled":"default","ast-page-background-meta":{"desktop":{"background-color":"","background-image":"","background-repeat":"repeat","background-position":"center center","background-size":"auto","background-attachment":"scroll","background-type":"","background-media":"","overlay-type":"","overlay-color":"","overlay-opacity":"","overlay-gradient":""},"tablet":{"background-color":"","background-image":"","background-repeat":"repeat","background-position":"center center","background-size":"auto","background-attachment":"scroll","background-type":"","background-media":"","overlay-type":"","overlay-color":"","overlay-opacity":"","overlay-gradient":""},"mobile":{"background-color":"","background-image":"","background-repeat":"repeat","background-position":"center center","background-size":"auto","background-attachment":"scroll","background-type":"","background-media":"","overlay-type":"","overlay-color":"","overlay-opacity":"","overlay-gradient":""}},"ast-content-background-meta":{"desktop":{"background-color":"var(--ast-global-color-5)","background-image":"","background-repeat":"repeat","background-position":"center center","background-size":"auto","background-attachment":"scroll","background-type":"","background-media":"","overlay-type":"","overlay-color":"","overlay-opacity":"","overlay-gradient":""},"tablet":{"background-color":"var(--ast-global-color-5)","background-image":"","background-repeat":"repeat","background-position":"center center","background-size":"auto","background-attachment":"scroll","background-type":"","background-media":"","overlay-type":"","overlay-color":"","overlay-opacity":"","overlay-gradient":""},"mobile":{"background-color":"var(--ast-global-color-5)","background-image":"","background-repeat":"repeat","background-position":"center center","background-size":"auto","background-attachment":"scroll","background-type":"","background-media":"","overlay-type":"","overlay-color":"","overlay-opacity":"","overlay-gradient":""}},"_FSMCFIC_featured_image_caption":"","_FSMCFIC_featured_image_nocaption":"","_FSMCFIC_featured_image_hide":"","footnotes":""},"categories":[22],"tags":[],"class_list":["post-885571","post","type-post","status-publish","format-standard","has-post-thumbnail","hentry","category-uutiset"],"yoast_head":"<!-- This site is optimized with the Yoast SEO plugin v27.4 - https:\/\/yoast.com\/product\/yoast-seo-wordpress\/ -->\n<title>Pellervo syntyi 2. lokakuuta 120 vuotta sitten - Pellervo<\/title>\n<meta name=\"robots\" content=\"index, follow, max-snippet:-1, max-image-preview:large, max-video-preview:-1\" \/>\n<link rel=\"canonical\" href=\"https:\/\/pellervo.fi\/en\/uutiset\/2019\/10\/02\/pellervo-syntyi-2-lokakuuta-120-vuotta-sitten\/\" \/>\n<meta property=\"og:locale\" content=\"sv_SE\" \/>\n<meta property=\"og:type\" content=\"article\" \/>\n<meta property=\"og:title\" content=\"Pellervo syntyi 2. lokakuuta 120 vuotta sitten - Pellervo\" \/>\n<meta property=\"og:description\" content=\"Suomalaisen osuustoimintaliike perustettiin lokakuisena maanantaip\u00e4iv\u00e4n\u00e4 vuonna 1899 Helsingin Vanhalla ylioppilastalolla.\" \/>\n<meta property=\"og:url\" content=\"https:\/\/pellervo.fi\/en\/uutiset\/2019\/10\/02\/pellervo-syntyi-2-lokakuuta-120-vuotta-sitten\/\" \/>\n<meta property=\"og:site_name\" content=\"Pellervo\" \/>\n<meta property=\"article:published_time\" content=\"2019-10-02T05:39:00+00:00\" \/>\n<meta property=\"article:modified_time\" content=\"2020-09-03T10:24:50+00:00\" \/>\n<meta property=\"og:image\" content=\"https:\/\/pellervo.fi\/wp-content\/uploads\/2019\/10\/MG_1308-4.jpg\" \/>\n\t<meta property=\"og:image:width\" content=\"850\" \/>\n\t<meta property=\"og:image:height\" content=\"567\" \/>\n\t<meta property=\"og:image:type\" content=\"image\/jpeg\" \/>\n<meta name=\"author\" content=\"pellervo\" \/>\n<meta name=\"twitter:card\" content=\"summary_large_image\" \/>\n<meta name=\"twitter:creator\" content=\"@PellervoFi\" \/>\n<meta name=\"twitter:site\" content=\"@PellervoFi\" \/>\n<meta name=\"twitter:label1\" content=\"Skriven av\" \/>\n\t<meta name=\"twitter:data1\" content=\"pellervo\" \/>\n\t<meta name=\"twitter:label2\" content=\"Ber\u00e4knad l\u00e4stid\" \/>\n\t<meta name=\"twitter:data2\" content=\"5 minuter\" \/>\n<script type=\"application\/ld+json\" class=\"yoast-schema-graph\">{\"@context\":\"https:\\\/\\\/schema.org\",\"@graph\":[{\"@type\":\"Article\",\"@id\":\"https:\\\/\\\/pellervo.fi\\\/en\\\/uutiset\\\/2019\\\/10\\\/02\\\/pellervo-syntyi-2-lokakuuta-120-vuotta-sitten\\\/#article\",\"isPartOf\":{\"@id\":\"https:\\\/\\\/pellervo.fi\\\/en\\\/uutiset\\\/2019\\\/10\\\/02\\\/pellervo-syntyi-2-lokakuuta-120-vuotta-sitten\\\/\"},\"author\":{\"name\":\"pellervo\",\"@id\":\"https:\\\/\\\/pellervo.fi\\\/#\\\/schema\\\/person\\\/4b74d40956937d1367ade81899997e71\"},\"headline\":\"Pellervo syntyi 2. lokakuuta 120 vuotta sitten\",\"datePublished\":\"2019-10-02T05:39:00+00:00\",\"dateModified\":\"2020-09-03T10:24:50+00:00\",\"mainEntityOfPage\":{\"@id\":\"https:\\\/\\\/pellervo.fi\\\/en\\\/uutiset\\\/2019\\\/10\\\/02\\\/pellervo-syntyi-2-lokakuuta-120-vuotta-sitten\\\/\"},\"wordCount\":949,\"commentCount\":0,\"publisher\":{\"@id\":\"https:\\\/\\\/pellervo.fi\\\/#organization\"},\"image\":{\"@id\":\"https:\\\/\\\/pellervo.fi\\\/en\\\/uutiset\\\/2019\\\/10\\\/02\\\/pellervo-syntyi-2-lokakuuta-120-vuotta-sitten\\\/#primaryimage\"},\"thumbnailUrl\":\"https:\\\/\\\/pellervo.fi\\\/wp-content\\\/uploads\\\/2019\\\/10\\\/MG_1308-4.jpg\",\"articleSection\":[\"Uutiset\"],\"inLanguage\":\"sv-SE\",\"potentialAction\":[{\"@type\":\"CommentAction\",\"name\":\"Comment\",\"target\":[\"https:\\\/\\\/pellervo.fi\\\/en\\\/uutiset\\\/2019\\\/10\\\/02\\\/pellervo-syntyi-2-lokakuuta-120-vuotta-sitten\\\/#respond\"]}]},{\"@type\":\"WebPage\",\"@id\":\"https:\\\/\\\/pellervo.fi\\\/en\\\/uutiset\\\/2019\\\/10\\\/02\\\/pellervo-syntyi-2-lokakuuta-120-vuotta-sitten\\\/\",\"url\":\"https:\\\/\\\/pellervo.fi\\\/en\\\/uutiset\\\/2019\\\/10\\\/02\\\/pellervo-syntyi-2-lokakuuta-120-vuotta-sitten\\\/\",\"name\":\"Pellervo syntyi 2. lokakuuta 120 vuotta sitten - Pellervo\",\"isPartOf\":{\"@id\":\"https:\\\/\\\/pellervo.fi\\\/#website\"},\"primaryImageOfPage\":{\"@id\":\"https:\\\/\\\/pellervo.fi\\\/en\\\/uutiset\\\/2019\\\/10\\\/02\\\/pellervo-syntyi-2-lokakuuta-120-vuotta-sitten\\\/#primaryimage\"},\"image\":{\"@id\":\"https:\\\/\\\/pellervo.fi\\\/en\\\/uutiset\\\/2019\\\/10\\\/02\\\/pellervo-syntyi-2-lokakuuta-120-vuotta-sitten\\\/#primaryimage\"},\"thumbnailUrl\":\"https:\\\/\\\/pellervo.fi\\\/wp-content\\\/uploads\\\/2019\\\/10\\\/MG_1308-4.jpg\",\"datePublished\":\"2019-10-02T05:39:00+00:00\",\"dateModified\":\"2020-09-03T10:24:50+00:00\",\"breadcrumb\":{\"@id\":\"https:\\\/\\\/pellervo.fi\\\/en\\\/uutiset\\\/2019\\\/10\\\/02\\\/pellervo-syntyi-2-lokakuuta-120-vuotta-sitten\\\/#breadcrumb\"},\"inLanguage\":\"sv-SE\",\"potentialAction\":[{\"@type\":\"ReadAction\",\"target\":[\"https:\\\/\\\/pellervo.fi\\\/en\\\/uutiset\\\/2019\\\/10\\\/02\\\/pellervo-syntyi-2-lokakuuta-120-vuotta-sitten\\\/\"]}]},{\"@type\":\"ImageObject\",\"inLanguage\":\"sv-SE\",\"@id\":\"https:\\\/\\\/pellervo.fi\\\/en\\\/uutiset\\\/2019\\\/10\\\/02\\\/pellervo-syntyi-2-lokakuuta-120-vuotta-sitten\\\/#primaryimage\",\"url\":\"https:\\\/\\\/pellervo.fi\\\/wp-content\\\/uploads\\\/2019\\\/10\\\/MG_1308-4.jpg\",\"contentUrl\":\"https:\\\/\\\/pellervo.fi\\\/wp-content\\\/uploads\\\/2019\\\/10\\\/MG_1308-4.jpg\",\"width\":850,\"height\":567},{\"@type\":\"BreadcrumbList\",\"@id\":\"https:\\\/\\\/pellervo.fi\\\/en\\\/uutiset\\\/2019\\\/10\\\/02\\\/pellervo-syntyi-2-lokakuuta-120-vuotta-sitten\\\/#breadcrumb\",\"itemListElement\":[{\"@type\":\"ListItem\",\"position\":1,\"name\":\"Koti\",\"item\":\"https:\\\/\\\/pellervo.fi\\\/sv\\\/\"},{\"@type\":\"ListItem\",\"position\":2,\"name\":\"Pellervo syntyi 2. lokakuuta 120 vuotta sitten\"}]},{\"@type\":\"WebSite\",\"@id\":\"https:\\\/\\\/pellervo.fi\\\/#website\",\"url\":\"https:\\\/\\\/pellervo.fi\\\/\",\"name\":\"Pellervo\",\"description\":\"Osuuskuntien keskusj\u00e4rjest\u00f6\",\"publisher\":{\"@id\":\"https:\\\/\\\/pellervo.fi\\\/#organization\"},\"potentialAction\":[{\"@type\":\"SearchAction\",\"target\":{\"@type\":\"EntryPoint\",\"urlTemplate\":\"https:\\\/\\\/pellervo.fi\\\/?s={search_term_string}\"},\"query-input\":{\"@type\":\"PropertyValueSpecification\",\"valueRequired\":true,\"valueName\":\"search_term_string\"}}],\"inLanguage\":\"sv-SE\"},{\"@type\":\"Organization\",\"@id\":\"https:\\\/\\\/pellervo.fi\\\/#organization\",\"name\":\"Osuustoimintakeskus Pellervo ry\",\"url\":\"https:\\\/\\\/pellervo.fi\\\/\",\"logo\":{\"@type\":\"ImageObject\",\"inLanguage\":\"sv-SE\",\"@id\":\"https:\\\/\\\/pellervo.fi\\\/#\\\/schema\\\/logo\\\/image\\\/\",\"url\":\"https:\\\/\\\/pellervo.fi\\\/wp-content\\\/uploads\\\/2020\\\/05\\\/Pellervo_logo.png\",\"contentUrl\":\"https:\\\/\\\/pellervo.fi\\\/wp-content\\\/uploads\\\/2020\\\/05\\\/Pellervo_logo.png\",\"width\":1335,\"height\":376,\"caption\":\"Osuustoimintakeskus Pellervo ry\"},\"image\":{\"@id\":\"https:\\\/\\\/pellervo.fi\\\/#\\\/schema\\\/logo\\\/image\\\/\"},\"sameAs\":[\"https:\\\/\\\/x.com\\\/PellervoFi\"]},{\"@type\":\"Person\",\"@id\":\"https:\\\/\\\/pellervo.fi\\\/#\\\/schema\\\/person\\\/4b74d40956937d1367ade81899997e71\",\"name\":\"pellervo\",\"image\":{\"@type\":\"ImageObject\",\"inLanguage\":\"sv-SE\",\"@id\":\"https:\\\/\\\/pellervo.fi\\\/wp-content\\\/uploads\\\/2013\\\/11\\\/pellervo_avatar_1384522134-96x96.jpg\",\"url\":\"https:\\\/\\\/pellervo.fi\\\/wp-content\\\/uploads\\\/2013\\\/11\\\/pellervo_avatar_1384522134-96x96.jpg\",\"contentUrl\":\"https:\\\/\\\/pellervo.fi\\\/wp-content\\\/uploads\\\/2013\\\/11\\\/pellervo_avatar_1384522134-96x96.jpg\",\"caption\":\"pellervo\"},\"description\":\"Kuvaus\",\"url\":\"https:\\\/\\\/pellervo.fi\\\/sv\\\/author\\\/pellervo\\\/\"}]}<\/script>\n<!-- \/ Yoast SEO plugin. -->","yoast_head_json":{"title":"Pellervo syntyi 2. lokakuuta 120 vuotta sitten - Pellervo","robots":{"index":"index","follow":"follow","max-snippet":"max-snippet:-1","max-image-preview":"max-image-preview:large","max-video-preview":"max-video-preview:-1"},"canonical":"https:\/\/pellervo.fi\/en\/uutiset\/2019\/10\/02\/pellervo-syntyi-2-lokakuuta-120-vuotta-sitten\/","og_locale":"sv_SE","og_type":"article","og_title":"Pellervo syntyi 2. lokakuuta 120 vuotta sitten - Pellervo","og_description":"Suomalaisen osuustoimintaliike perustettiin lokakuisena maanantaip\u00e4iv\u00e4n\u00e4 vuonna 1899 Helsingin Vanhalla ylioppilastalolla.","og_url":"https:\/\/pellervo.fi\/en\/uutiset\/2019\/10\/02\/pellervo-syntyi-2-lokakuuta-120-vuotta-sitten\/","og_site_name":"Pellervo","article_published_time":"2019-10-02T05:39:00+00:00","article_modified_time":"2020-09-03T10:24:50+00:00","og_image":[{"width":850,"height":567,"url":"https:\/\/pellervo.fi\/wp-content\/uploads\/2019\/10\/MG_1308-4.jpg","type":"image\/jpeg"}],"author":"pellervo","twitter_card":"summary_large_image","twitter_creator":"@PellervoFi","twitter_site":"@PellervoFi","twitter_misc":{"Skriven av":"pellervo","Ber\u00e4knad l\u00e4stid":"5 minuter"},"schema":{"@context":"https:\/\/schema.org","@graph":[{"@type":"Article","@id":"https:\/\/pellervo.fi\/en\/uutiset\/2019\/10\/02\/pellervo-syntyi-2-lokakuuta-120-vuotta-sitten\/#article","isPartOf":{"@id":"https:\/\/pellervo.fi\/en\/uutiset\/2019\/10\/02\/pellervo-syntyi-2-lokakuuta-120-vuotta-sitten\/"},"author":{"name":"pellervo","@id":"https:\/\/pellervo.fi\/#\/schema\/person\/4b74d40956937d1367ade81899997e71"},"headline":"Pellervo syntyi 2. lokakuuta 120 vuotta sitten","datePublished":"2019-10-02T05:39:00+00:00","dateModified":"2020-09-03T10:24:50+00:00","mainEntityOfPage":{"@id":"https:\/\/pellervo.fi\/en\/uutiset\/2019\/10\/02\/pellervo-syntyi-2-lokakuuta-120-vuotta-sitten\/"},"wordCount":949,"commentCount":0,"publisher":{"@id":"https:\/\/pellervo.fi\/#organization"},"image":{"@id":"https:\/\/pellervo.fi\/en\/uutiset\/2019\/10\/02\/pellervo-syntyi-2-lokakuuta-120-vuotta-sitten\/#primaryimage"},"thumbnailUrl":"https:\/\/pellervo.fi\/wp-content\/uploads\/2019\/10\/MG_1308-4.jpg","articleSection":["Uutiset"],"inLanguage":"sv-SE","potentialAction":[{"@type":"CommentAction","name":"Comment","target":["https:\/\/pellervo.fi\/en\/uutiset\/2019\/10\/02\/pellervo-syntyi-2-lokakuuta-120-vuotta-sitten\/#respond"]}]},{"@type":"WebPage","@id":"https:\/\/pellervo.fi\/en\/uutiset\/2019\/10\/02\/pellervo-syntyi-2-lokakuuta-120-vuotta-sitten\/","url":"https:\/\/pellervo.fi\/en\/uutiset\/2019\/10\/02\/pellervo-syntyi-2-lokakuuta-120-vuotta-sitten\/","name":"Pellervo syntyi 2. lokakuuta 120 vuotta sitten - Pellervo","isPartOf":{"@id":"https:\/\/pellervo.fi\/#website"},"primaryImageOfPage":{"@id":"https:\/\/pellervo.fi\/en\/uutiset\/2019\/10\/02\/pellervo-syntyi-2-lokakuuta-120-vuotta-sitten\/#primaryimage"},"image":{"@id":"https:\/\/pellervo.fi\/en\/uutiset\/2019\/10\/02\/pellervo-syntyi-2-lokakuuta-120-vuotta-sitten\/#primaryimage"},"thumbnailUrl":"https:\/\/pellervo.fi\/wp-content\/uploads\/2019\/10\/MG_1308-4.jpg","datePublished":"2019-10-02T05:39:00+00:00","dateModified":"2020-09-03T10:24:50+00:00","breadcrumb":{"@id":"https:\/\/pellervo.fi\/en\/uutiset\/2019\/10\/02\/pellervo-syntyi-2-lokakuuta-120-vuotta-sitten\/#breadcrumb"},"inLanguage":"sv-SE","potentialAction":[{"@type":"ReadAction","target":["https:\/\/pellervo.fi\/en\/uutiset\/2019\/10\/02\/pellervo-syntyi-2-lokakuuta-120-vuotta-sitten\/"]}]},{"@type":"ImageObject","inLanguage":"sv-SE","@id":"https:\/\/pellervo.fi\/en\/uutiset\/2019\/10\/02\/pellervo-syntyi-2-lokakuuta-120-vuotta-sitten\/#primaryimage","url":"https:\/\/pellervo.fi\/wp-content\/uploads\/2019\/10\/MG_1308-4.jpg","contentUrl":"https:\/\/pellervo.fi\/wp-content\/uploads\/2019\/10\/MG_1308-4.jpg","width":850,"height":567},{"@type":"BreadcrumbList","@id":"https:\/\/pellervo.fi\/en\/uutiset\/2019\/10\/02\/pellervo-syntyi-2-lokakuuta-120-vuotta-sitten\/#breadcrumb","itemListElement":[{"@type":"ListItem","position":1,"name":"Koti","item":"https:\/\/pellervo.fi\/sv\/"},{"@type":"ListItem","position":2,"name":"Pellervo syntyi 2. lokakuuta 120 vuotta sitten"}]},{"@type":"WebSite","@id":"https:\/\/pellervo.fi\/#website","url":"https:\/\/pellervo.fi\/","name":"Pellervo","description":"Osuuskuntien keskusj\u00e4rjest\u00f6","publisher":{"@id":"https:\/\/pellervo.fi\/#organization"},"potentialAction":[{"@type":"SearchAction","target":{"@type":"EntryPoint","urlTemplate":"https:\/\/pellervo.fi\/?s={search_term_string}"},"query-input":{"@type":"PropertyValueSpecification","valueRequired":true,"valueName":"search_term_string"}}],"inLanguage":"sv-SE"},{"@type":"Organization","@id":"https:\/\/pellervo.fi\/#organization","name":"Osuustoimintakeskus Pellervo ry","url":"https:\/\/pellervo.fi\/","logo":{"@type":"ImageObject","inLanguage":"sv-SE","@id":"https:\/\/pellervo.fi\/#\/schema\/logo\/image\/","url":"https:\/\/pellervo.fi\/wp-content\/uploads\/2020\/05\/Pellervo_logo.png","contentUrl":"https:\/\/pellervo.fi\/wp-content\/uploads\/2020\/05\/Pellervo_logo.png","width":1335,"height":376,"caption":"Osuustoimintakeskus Pellervo ry"},"image":{"@id":"https:\/\/pellervo.fi\/#\/schema\/logo\/image\/"},"sameAs":["https:\/\/x.com\/PellervoFi"]},{"@type":"Person","@id":"https:\/\/pellervo.fi\/#\/schema\/person\/4b74d40956937d1367ade81899997e71","name":"pellervo","image":{"@type":"ImageObject","inLanguage":"sv-SE","@id":"https:\/\/pellervo.fi\/wp-content\/uploads\/2013\/11\/pellervo_avatar_1384522134-96x96.jpg","url":"https:\/\/pellervo.fi\/wp-content\/uploads\/2013\/11\/pellervo_avatar_1384522134-96x96.jpg","contentUrl":"https:\/\/pellervo.fi\/wp-content\/uploads\/2013\/11\/pellervo_avatar_1384522134-96x96.jpg","caption":"pellervo"},"description":"Kuvaus","url":"https:\/\/pellervo.fi\/sv\/author\/pellervo\/"}]}},"_links":{"self":[{"href":"https:\/\/pellervo.fi\/sv\/wp-json\/wp\/v2\/posts\/885571","targetHints":{"allow":["GET"]}}],"collection":[{"href":"https:\/\/pellervo.fi\/sv\/wp-json\/wp\/v2\/posts"}],"about":[{"href":"https:\/\/pellervo.fi\/sv\/wp-json\/wp\/v2\/types\/post"}],"author":[{"embeddable":true,"href":"https:\/\/pellervo.fi\/sv\/wp-json\/wp\/v2\/users\/5"}],"replies":[{"embeddable":true,"href":"https:\/\/pellervo.fi\/sv\/wp-json\/wp\/v2\/comments?post=885571"}],"version-history":[{"count":7,"href":"https:\/\/pellervo.fi\/sv\/wp-json\/wp\/v2\/posts\/885571\/revisions"}],"predecessor-version":[{"id":885599,"href":"https:\/\/pellervo.fi\/sv\/wp-json\/wp\/v2\/posts\/885571\/revisions\/885599"}],"wp:featuredmedia":[{"embeddable":true,"href":"https:\/\/pellervo.fi\/sv\/wp-json\/wp\/v2\/media\/885574"}],"wp:attachment":[{"href":"https:\/\/pellervo.fi\/sv\/wp-json\/wp\/v2\/media?parent=885571"}],"wp:term":[{"taxonomy":"category","embeddable":true,"href":"https:\/\/pellervo.fi\/sv\/wp-json\/wp\/v2\/categories?post=885571"},{"taxonomy":"post_tag","embeddable":true,"href":"https:\/\/pellervo.fi\/sv\/wp-json\/wp\/v2\/tags?post=885571"}],"curies":[{"name":"wp","href":"https:\/\/api.w.org\/{rel}","templated":true}]}}