{"id":885783,"date":"2019-11-20T14:21:36","date_gmt":"2019-11-20T12:21:36","guid":{"rendered":"https:\/\/pellervo.fi\/?p=885783"},"modified":"2020-09-03T13:01:52","modified_gmt":"2020-09-03T10:01:52","slug":"miten-selvita-ilmastomuutoksesta-reilun-kaupan-osuuskunnat-tukevat-pienviljelijoita","status":"publish","type":"post","link":"https:\/\/pellervo.fi\/sv\/nakokulma\/2019\/11\/20\/miten-selvita-ilmastomuutoksesta-reilun-kaupan-osuuskunnat-tukevat-pienviljelijoita\/","title":{"rendered":"Miten selvit\u00e4 ilmastomuutoksesta? Reilun kaupan osuuskunnat tukevat pienviljelij\u00f6it\u00e4"},"content":{"rendered":"\n<p><em>\u00c4\u00e4rimm\u00e4inen kuivuus, tulvat, kasvitaudit ja lyhentyneet sadonkorjuuajat. N\u00e4m\u00e4 ovat esimerkkej\u00e4 vaikeuksista, joita ilmastonmuutos on jo tuonut monien kehittyvien maiden viljelij\u00f6iden el\u00e4m\u00e4\u00e4n.<\/em><\/p>\n<p>Haasteille ei n\u00e4yt\u00e4 tulevan loppua.<\/p>\n<p>Esimerkiksi kahvinviljelyyn sopivan maa-alan pel\u00e4t\u00e4\u00e4n puolittuvan vuoteen 2050 menness\u00e4 ja my\u00f6s kaakaon tuotannon tulevaisuus on vaakalaudalla. Molempien tuotteiden parissa ty\u00f6skentelee miljoonia ihmisi\u00e4. Jonain p\u00e4iv\u00e4n\u00e4 heid\u00e4n on todenn\u00e4k\u00f6isesti haettava elantonsa muualta.<\/p>\n<p>T\u00e4st\u00e4 syyst\u00e4 Reilu kauppa ry on mukana ilmastotalkoissa \u2013 ja tutkitusti vaikuttavilla tavoilla\u00b9. Ty\u00f6n ytimess\u00e4 on viljelij\u00f6iden osuustoiminta.<\/p>\n<h3>Osuuskunnat vahvistavat viljelij\u00f6iden asemaa<\/h3>\n<p>Reilu kauppa ry:n edellytt\u00e4\u00e4, ett\u00e4 kaikki viljelij\u00e4t j\u00e4rjest\u00e4ytyv\u00e4t osuuskuntiin.<\/p>\n<p>Ne kasvattavat viljelij\u00f6iden neuvotteluvoimaa kaupanteossa. He voivat yhdess\u00e4 hankkia tuotannontekij\u00f6it\u00e4 suurissa eriss\u00e4 ja hyvill\u00e4 hinnoilla, mik\u00e4 edesauttaa tuottavuuden yll\u00e4pit\u00e4mist\u00e4 ja kasvua. Osuuskuntien yhteiset hankinnat ovat esimerkiksi nostaneet tuloja ja tuottavuutta Reilun kaupan kaakaotiloilla Ghanassa\u00b2.<\/p>\n<p>J\u00e4rjest\u00e4ytyminen lis\u00e4\u00e4 my\u00f6s viljelij\u00f6iden sananvaltaa ilmastopoliittisessa p\u00e4\u00e4t\u00f6ksenteossa.<\/p>\n<p>Suomen Reilu kauppa ry esimerkiksi tukee Latinalaisessa Amerikassa kehitysyhteisty\u00f6hanketta, jossa vahvistetaan osuuskuntien vaikuttamisty\u00f6t\u00e4. Tavoitteena on parantaa viljelij\u00f6iden valmiuksia osallistua ilmastokeskusteluihin, vaikuttaa p\u00e4\u00e4t\u00f6ksentekoon ja levitt\u00e4\u00e4 tietoa ilmastonmuutoksesta.<\/p>\n<h3>Koulutukset auttavat selviytym\u00e4\u00e4n muuttuvassa ilmastossa<\/h3>\n<p>Koulutukset ovat t\u00e4rke\u00e4 ty\u00f6kalu Reilun kaupan ilmastoty\u00f6ss\u00e4.<\/p>\n<p>Reilun kaupan paikalliset ty\u00f6ntekij\u00e4t Afrikassa, Aasiassa ja Latinalaisessa Amerikassa j\u00e4rjest\u00e4v\u00e4t osuuskunnille ty\u00f6pajoja ja koulutusta ilmastoyst\u00e4v\u00e4llisten toimintatapojen l\u00f6yt\u00e4miseksi. Viljelij\u00f6it\u00e4 tuetaan kevent\u00e4m\u00e4\u00e4n ilmastovaikutuksiaan, kuten suojelemaan mets\u00e4\u00e4 ja v\u00e4hent\u00e4m\u00e4\u00e4n keinolannoitteiden ja energian k\u00e4ytt\u00f6\u00e4.<\/p>\n<p>Tavoitteena on l\u00f6yt\u00e4\u00e4 sek\u00e4 taloudellisesti ett\u00e4 ekologisesti kannattavia toimintatapoja \u2013 t\u00e4llaiset ideat levi\u00e4v\u00e4t usein puskaradion kautta. Ty\u00f6 on ollut tuloksellista: Reilun kaupan s\u00e4\u00e4nn\u00f6llisill\u00e4 koulutuksilla on todettu olevan merkitt\u00e4v\u00e4 vaikutus pienviljelij\u00f6iden ymp\u00e4rist\u00f6tietoisuuteen ja -toimiin\u00b2.<\/p>\n<p>Osuustoiminta edist\u00e4\u00e4 ilmastoyst\u00e4v\u00e4llisten tuotantotapojen levi\u00e4mist\u00e4\u00b3. Esimerkiksi Ruandan kahvisektorilla \u201cosuuskuntiin kuuluvien viljelij\u00f6iden keskuudessa peltomets\u00e4viljely ja luonnonmukaisten lannoitteiden k\u00e4ytt\u00f6 on kolme kertaa todenn\u00e4k\u00f6isemp\u00e4\u00e4 kuin muiden viljelij\u00f6iden joukossa\u201d<sup>4<\/sup>.<\/p>\n<p>Reilu kauppa -sertifioinnin saamisen ja s\u00e4ilytt\u00e4misen vaatimat toimet ovat my\u00f6s tutkitusti edist\u00e4neet luonnon monimuotoisuutta<sup>4<\/sup>.<\/p>\n<h3>Taloudellinen turvaverkko mahdollistaa ymp\u00e4rist\u00f6toimet<\/h3>\n<p>Kun osuuskunnat tuottavat ja myyv\u00e4t satonsa Reilun kaupan ehdoin, ne saavat sadosta v\u00e4hint\u00e4\u00e4n Reilun kaupan lis\u00e4\u00e4 ja takuuhintaa.<\/p>\n<p>Tuotteen myyntihinnan p\u00e4\u00e4lle maksettava Reilun kaupan lis\u00e4 mahdollistaa tuotantoa tai koko yhteis\u00f6\u00e4 hy\u00f6dytt\u00e4v\u00e4t investoinnit. Useimmat osuuskunnat k\u00e4ytt\u00e4v\u00e4t lisi\u00e4 ymp\u00e4rist\u00f6toimiin, kuten metsitysohjelmiin, koulutukseen ja vesivarojen hallinnan kehitt\u00e4miseen.<sup>3 <\/sup>Esimerkiksi Sireet OEP -teeosuuskunta Keniassa istutti vuosina 2016\u20132017 yli 150 000 puuta.<\/p>\n<p>Takuuhinta antaa pienviljelij\u00f6ille pitk\u00e4n aikav\u00e4lin hintatakuun: Kun markkinahinta heilahtaa matalalle, viljelij\u00e4 saa sadostaan takuuhinnan. T\u00e4m\u00e4 turvaa viljelij\u00f6iden toimeentuloa ja rohkaisee elinkeinon kehitt\u00e4miseen. Hintatakuulla on suuri merkitys esimerkiksi kahvinviljelij\u00f6ille, koska kahvin maailmanmarkkinahinta heilahtelee villisti, New Yorkin p\u00f6rssin kahvijohdannaiskaupan mukana.<\/p>\n<p>Toimeentulon turva on avainasemassa, jotta pienviljelij\u00e4t pystyv\u00e4t kehitt\u00e4m\u00e4\u00e4n pitk\u00e4n aikav\u00e4lin ratkaisuja ilmastonmuutoksen haasteisiin.<\/p>\n<h3>Valinnoillasi on merkityst\u00e4<\/h3>\n<p>Reilu kauppa tukee viljelij\u00f6it\u00e4 ja heid\u00e4n osuuskuntiaan ilmastonmuutokseen sopeutumisessa ja ilmastop\u00e4\u00e4st\u00f6jen v\u00e4hent\u00e4misess\u00e4.<\/p>\n<p>Ty\u00f6h\u00f6n tarvitaan kuitenkin lis\u00e4\u00e4 apujoukkoja.<\/p>\n<p>Reilun kaupan j\u00e4senj\u00e4rjest\u00f6n\u00e4 Pellervo on mukana maailmanlaajuisessa liikkeess\u00e4 oikeudenmukaisemman ja ilmastoyst\u00e4v\u00e4llisemm\u00e4n kaupan puolesta. Emme voi j\u00e4tt\u00e4\u00e4 kehittyvien maiden viljelij\u00f6it\u00e4 yksin ottamaan vastaan ilmastonmuutoksen iskuja.<\/p>\n<p>My\u00f6s sinun valinnoillasi on merkityst\u00e4. Jos ostat, osta Reilun kaupan tuote.<\/p>\n<p>\u00a0<\/p>\n<p>\u00a0<img loading=\"lazy\" decoding=\"async\" class=\"alignnone  wp-image-885785\" src=\"https:\/\/pellervo.fi\/wp-content\/uploads\/2019\/11\/salla-kettunen.jpg\" alt=\"\" width=\"202\" height=\"225\" \/><\/p>\n<p><strong>Salla Kettunen<\/strong><em><br \/><\/em><em>Kirjoittaja ty\u00f6skenteli Reilu kauppa ry:ll\u00e4 korkeakouluharjoittelijana. <\/em><\/p>\n<h3>L\u00e4hteet:<\/h3>\n<ol>\n<li>Overseas Development Institute (ODI), 2017. The Impact of Fairtrade; Saarlandin yliopiston CEval evaluointikeskus, 2018. Follow up Study: Assessing the Impact of Fairtrade on Poverty Reduction through Rural Development.<\/li>\n<li>CEVAL, 2018. Follow up Study: Assessing the Impact of Fairtrade on Poverty Reduction through Rural Development. Sivut 67\u201368 ja 118.<\/li>\n<li>Overseas Development Institute (2017), The Impact of Fairtrade.<\/li>\n<li>Elder, Zerriffi ja Le Billon, 2013. Is Fairtrade Certification Greening Agricultural Practices? J. of Rural Studies, 32:264-274.<\/li>\n<\/ol>\n<blockquote>\n<h2><strong><em>Mik\u00e4 on Reilu kauppa ry?<\/em><\/strong><\/h2>\n<p><em>Suomen Reilu kauppa ry on osa kansainv\u00e4list\u00e4 verkostoa, johon kuuluu Aasian, Afrikan sek\u00e4 Latinalaisen Amerikan ja Karibian alueen tuottajaverkostot, kaikkialla maailmassa toimivia Reilun kaupan j\u00e4rjest\u00f6j\u00e4 ja n\u00e4iden kaikkien kattoj\u00e4rjest\u00f6 Fairtrade International.<\/em><\/p>\n<p><em>Reilun kaupan tuotteita viljell\u00e4\u00e4n 75 maassa ja myyd\u00e4\u00e4n yli 140 maassa.<\/em><\/p>\n<p><em>Suomessa se on 33 j\u00e4rjest\u00f6n perustama yhdistys. Tarkoituksena on tehd\u00e4 eettisten, luotettavasti valvottujen tuotteiden valitseminen kuluttajille helpoksi sek\u00e4 viesti\u00e4 Reilun kaupan merkkij\u00e4rjestelm\u00e4st\u00e4. <\/em><\/p>\n<p><em>Reilun kaupan tavoitteena on v\u00e4hent\u00e4\u00e4 k\u00f6yhyytt\u00e4 kehittyviss\u00e4 maissa reilujen kaupank\u00e4ynnin ehtojen avulla. Reilu kauppa -sertifioinnin piiriss\u00e4 on 1,6 miljoonaa viljelij\u00e4\u00e4 ja suurtilojen ty\u00f6ntekij\u00e4\u00e4. Eniten sertifioidaan kahvia, teet\u00e4, kaakaota, sokeria, banaaneja, kukkia ja puuvillaa. Suomessa Reilun kaupan tuotteiden myynti kasvaa yli 10 prosentilla vuodessa, viime vuonna 12,7 prosentilla. <\/em><\/p>\n<p><em>Sertifioinnin lis\u00e4ksi Reilu kauppa tukee ja kouluttaa pienviljelij\u00f6it\u00e4 ja maatalousty\u00f6ntekij\u00f6it\u00e4, kannustaa ihmisi\u00e4 vastuullisempaan kuluttamiseen ja tekee poliittista vaikuttamisty\u00f6t\u00e4 kest\u00e4v\u00e4mpien kauppas\u00e4\u00e4nt\u00f6jen puolesta.<\/em><\/p>\n<\/blockquote>\n","protected":false},"excerpt":{"rendered":"<p>Salla Kettunen Reilu kauppa ry:st\u00e4 kertoo blogitekstiss\u00e4\u00e4n osuuskuntien merkityksest\u00e4 Reilussa kaupassa.<\/p>\n","protected":false},"author":40,"featured_media":885784,"comment_status":"open","ping_status":"open","sticky":false,"template":"","format":"standard","meta":{"inline_featured_image":false,"_monsterinsights_skip_tracking":false,"_monsterinsights_sitenote_active":false,"_monsterinsights_sitenote_note":"","_monsterinsights_sitenote_category":0,"site-sidebar-layout":"default","site-content-layout":"","ast-site-content-layout":"default","site-content-style":"default","site-sidebar-style":"default","ast-global-header-display":"","ast-banner-title-visibility":"","ast-main-header-display":"","ast-hfb-above-header-display":"","ast-hfb-below-header-display":"","ast-hfb-mobile-header-display":"","site-post-title":"","ast-breadcrumbs-content":"","ast-featured-img":"","footer-sml-layout":"","ast-disable-related-posts":"","theme-transparent-header-meta":"","adv-header-id-meta":"","stick-header-meta":"","header-above-stick-meta":"","header-main-stick-meta":"","header-below-stick-meta":"","astra-migrate-meta-layouts":"default","ast-page-background-enabled":"default","ast-page-background-meta":{"desktop":{"background-color":"","background-image":"","background-repeat":"repeat","background-position":"center center","background-size":"auto","background-attachment":"scroll","background-type":"","background-media":"","overlay-type":"","overlay-color":"","overlay-opacity":"","overlay-gradient":""},"tablet":{"background-color":"","background-image":"","background-repeat":"repeat","background-position":"center center","background-size":"auto","background-attachment":"scroll","background-type":"","background-media":"","overlay-type":"","overlay-color":"","overlay-opacity":"","overlay-gradient":""},"mobile":{"background-color":"","background-image":"","background-repeat":"repeat","background-position":"center center","background-size":"auto","background-attachment":"scroll","background-type":"","background-media":"","overlay-type":"","overlay-color":"","overlay-opacity":"","overlay-gradient":""}},"ast-content-background-meta":{"desktop":{"background-color":"var(--ast-global-color-5)","background-image":"","background-repeat":"repeat","background-position":"center center","background-size":"auto","background-attachment":"scroll","background-type":"","background-media":"","overlay-type":"","overlay-color":"","overlay-opacity":"","overlay-gradient":""},"tablet":{"background-color":"var(--ast-global-color-5)","background-image":"","background-repeat":"repeat","background-position":"center center","background-size":"auto","background-attachment":"scroll","background-type":"","background-media":"","overlay-type":"","overlay-color":"","overlay-opacity":"","overlay-gradient":""},"mobile":{"background-color":"var(--ast-global-color-5)","background-image":"","background-repeat":"repeat","background-position":"center center","background-size":"auto","background-attachment":"scroll","background-type":"","background-media":"","overlay-type":"","overlay-color":"","overlay-opacity":"","overlay-gradient":""}},"_FSMCFIC_featured_image_caption":"","_FSMCFIC_featured_image_nocaption":"","_FSMCFIC_featured_image_hide":"","footnotes":""},"categories":[21],"tags":[],"class_list":["post-885783","post","type-post","status-publish","format-standard","has-post-thumbnail","hentry","category-nakokulma"],"yoast_head":"<!-- This site is optimized with the Yoast SEO plugin v27.5 - https:\/\/yoast.com\/product\/yoast-seo-wordpress\/ -->\n<title>Miten selvit\u00e4 ilmastomuutoksesta? Reilun kaupan osuuskunnat tukevat pienviljelij\u00f6it\u00e4 - Pellervo<\/title>\n<meta name=\"robots\" content=\"index, follow, max-snippet:-1, max-image-preview:large, max-video-preview:-1\" \/>\n<link rel=\"canonical\" href=\"https:\/\/pellervo.fi\/sv\/nakokulma\/2019\/11\/20\/miten-selvita-ilmastomuutoksesta-reilun-kaupan-osuuskunnat-tukevat-pienviljelijoita\/\" \/>\n<meta property=\"og:locale\" content=\"sv_SE\" \/>\n<meta property=\"og:type\" content=\"article\" \/>\n<meta property=\"og:title\" content=\"Miten selvit\u00e4 ilmastomuutoksesta? Reilun kaupan osuuskunnat tukevat pienviljelij\u00f6it\u00e4 - Pellervo\" \/>\n<meta property=\"og:description\" content=\"Salla Kettunen Reilu kauppa ry:st\u00e4 kertoo blogitekstiss\u00e4\u00e4n osuuskuntien merkityksest\u00e4 Reilussa kaupassa.\" \/>\n<meta property=\"og:url\" content=\"https:\/\/pellervo.fi\/sv\/nakokulma\/2019\/11\/20\/miten-selvita-ilmastomuutoksesta-reilun-kaupan-osuuskunnat-tukevat-pienviljelijoita\/\" \/>\n<meta property=\"og:site_name\" content=\"Pellervo\" \/>\n<meta property=\"article:published_time\" content=\"2019-11-20T12:21:36+00:00\" \/>\n<meta property=\"article:modified_time\" content=\"2020-09-03T10:01:52+00:00\" \/>\n<meta property=\"og:image\" content=\"https:\/\/pellervo.fi\/wp-content\/uploads\/2019\/11\/fairtrade.jpg\" \/>\n\t<meta property=\"og:image:width\" content=\"850\" \/>\n\t<meta property=\"og:image:height\" content=\"567\" \/>\n\t<meta property=\"og:image:type\" content=\"image\/jpeg\" \/>\n<meta name=\"author\" content=\"Salla Kettunen\" \/>\n<meta name=\"twitter:card\" content=\"summary_large_image\" \/>\n<meta name=\"twitter:creator\" content=\"@PellervoFi\" \/>\n<meta name=\"twitter:site\" content=\"@PellervoFi\" \/>\n<meta name=\"twitter:label1\" content=\"Skriven av\" \/>\n\t<meta name=\"twitter:data1\" content=\"Salla Kettunen\" \/>\n\t<meta name=\"twitter:label2\" content=\"Ber\u00e4knad l\u00e4stid\" \/>\n\t<meta name=\"twitter:data2\" content=\"4 minuter\" \/>\n<script type=\"application\/ld+json\" class=\"yoast-schema-graph\">{\"@context\":\"https:\\\/\\\/schema.org\",\"@graph\":[{\"@type\":\"Article\",\"@id\":\"https:\\\/\\\/pellervo.fi\\\/sv\\\/nakokulma\\\/2019\\\/11\\\/20\\\/miten-selvita-ilmastomuutoksesta-reilun-kaupan-osuuskunnat-tukevat-pienviljelijoita\\\/#article\",\"isPartOf\":{\"@id\":\"https:\\\/\\\/pellervo.fi\\\/sv\\\/nakokulma\\\/2019\\\/11\\\/20\\\/miten-selvita-ilmastomuutoksesta-reilun-kaupan-osuuskunnat-tukevat-pienviljelijoita\\\/\"},\"author\":{\"name\":\"Salla Kettunen\",\"@id\":\"https:\\\/\\\/pellervo.fi\\\/#\\\/schema\\\/person\\\/0ceb60b299ed8a87cc867eccd1168946\"},\"headline\":\"Miten selvit\u00e4 ilmastomuutoksesta? Reilun kaupan osuuskunnat tukevat pienviljelij\u00f6it\u00e4\",\"datePublished\":\"2019-11-20T12:21:36+00:00\",\"dateModified\":\"2020-09-03T10:01:52+00:00\",\"mainEntityOfPage\":{\"@id\":\"https:\\\/\\\/pellervo.fi\\\/sv\\\/nakokulma\\\/2019\\\/11\\\/20\\\/miten-selvita-ilmastomuutoksesta-reilun-kaupan-osuuskunnat-tukevat-pienviljelijoita\\\/\"},\"wordCount\":799,\"commentCount\":0,\"publisher\":{\"@id\":\"https:\\\/\\\/pellervo.fi\\\/#organization\"},\"image\":{\"@id\":\"https:\\\/\\\/pellervo.fi\\\/sv\\\/nakokulma\\\/2019\\\/11\\\/20\\\/miten-selvita-ilmastomuutoksesta-reilun-kaupan-osuuskunnat-tukevat-pienviljelijoita\\\/#primaryimage\"},\"thumbnailUrl\":\"https:\\\/\\\/pellervo.fi\\\/wp-content\\\/uploads\\\/2019\\\/11\\\/fairtrade.jpg\",\"articleSection\":[\"N\u00e4k\u00f6kulma\"],\"inLanguage\":\"sv-SE\",\"potentialAction\":[{\"@type\":\"CommentAction\",\"name\":\"Comment\",\"target\":[\"https:\\\/\\\/pellervo.fi\\\/sv\\\/nakokulma\\\/2019\\\/11\\\/20\\\/miten-selvita-ilmastomuutoksesta-reilun-kaupan-osuuskunnat-tukevat-pienviljelijoita\\\/#respond\"]}]},{\"@type\":\"WebPage\",\"@id\":\"https:\\\/\\\/pellervo.fi\\\/sv\\\/nakokulma\\\/2019\\\/11\\\/20\\\/miten-selvita-ilmastomuutoksesta-reilun-kaupan-osuuskunnat-tukevat-pienviljelijoita\\\/\",\"url\":\"https:\\\/\\\/pellervo.fi\\\/sv\\\/nakokulma\\\/2019\\\/11\\\/20\\\/miten-selvita-ilmastomuutoksesta-reilun-kaupan-osuuskunnat-tukevat-pienviljelijoita\\\/\",\"name\":\"Miten selvit\u00e4 ilmastomuutoksesta? Reilun kaupan osuuskunnat tukevat pienviljelij\u00f6it\u00e4 - Pellervo\",\"isPartOf\":{\"@id\":\"https:\\\/\\\/pellervo.fi\\\/#website\"},\"primaryImageOfPage\":{\"@id\":\"https:\\\/\\\/pellervo.fi\\\/sv\\\/nakokulma\\\/2019\\\/11\\\/20\\\/miten-selvita-ilmastomuutoksesta-reilun-kaupan-osuuskunnat-tukevat-pienviljelijoita\\\/#primaryimage\"},\"image\":{\"@id\":\"https:\\\/\\\/pellervo.fi\\\/sv\\\/nakokulma\\\/2019\\\/11\\\/20\\\/miten-selvita-ilmastomuutoksesta-reilun-kaupan-osuuskunnat-tukevat-pienviljelijoita\\\/#primaryimage\"},\"thumbnailUrl\":\"https:\\\/\\\/pellervo.fi\\\/wp-content\\\/uploads\\\/2019\\\/11\\\/fairtrade.jpg\",\"datePublished\":\"2019-11-20T12:21:36+00:00\",\"dateModified\":\"2020-09-03T10:01:52+00:00\",\"breadcrumb\":{\"@id\":\"https:\\\/\\\/pellervo.fi\\\/sv\\\/nakokulma\\\/2019\\\/11\\\/20\\\/miten-selvita-ilmastomuutoksesta-reilun-kaupan-osuuskunnat-tukevat-pienviljelijoita\\\/#breadcrumb\"},\"inLanguage\":\"sv-SE\",\"potentialAction\":[{\"@type\":\"ReadAction\",\"target\":[\"https:\\\/\\\/pellervo.fi\\\/sv\\\/nakokulma\\\/2019\\\/11\\\/20\\\/miten-selvita-ilmastomuutoksesta-reilun-kaupan-osuuskunnat-tukevat-pienviljelijoita\\\/\"]}]},{\"@type\":\"ImageObject\",\"inLanguage\":\"sv-SE\",\"@id\":\"https:\\\/\\\/pellervo.fi\\\/sv\\\/nakokulma\\\/2019\\\/11\\\/20\\\/miten-selvita-ilmastomuutoksesta-reilun-kaupan-osuuskunnat-tukevat-pienviljelijoita\\\/#primaryimage\",\"url\":\"https:\\\/\\\/pellervo.fi\\\/wp-content\\\/uploads\\\/2019\\\/11\\\/fairtrade.jpg\",\"contentUrl\":\"https:\\\/\\\/pellervo.fi\\\/wp-content\\\/uploads\\\/2019\\\/11\\\/fairtrade.jpg\",\"width\":850,\"height\":567},{\"@type\":\"BreadcrumbList\",\"@id\":\"https:\\\/\\\/pellervo.fi\\\/sv\\\/nakokulma\\\/2019\\\/11\\\/20\\\/miten-selvita-ilmastomuutoksesta-reilun-kaupan-osuuskunnat-tukevat-pienviljelijoita\\\/#breadcrumb\",\"itemListElement\":[{\"@type\":\"ListItem\",\"position\":1,\"name\":\"Koti\",\"item\":\"https:\\\/\\\/pellervo.fi\\\/sv\\\/\"},{\"@type\":\"ListItem\",\"position\":2,\"name\":\"Miten selvit\u00e4 ilmastomuutoksesta? Reilun kaupan osuuskunnat tukevat pienviljelij\u00f6it\u00e4\"}]},{\"@type\":\"WebSite\",\"@id\":\"https:\\\/\\\/pellervo.fi\\\/#website\",\"url\":\"https:\\\/\\\/pellervo.fi\\\/\",\"name\":\"Pellervo\",\"description\":\"Osuuskuntien keskusj\u00e4rjest\u00f6\",\"publisher\":{\"@id\":\"https:\\\/\\\/pellervo.fi\\\/#organization\"},\"potentialAction\":[{\"@type\":\"SearchAction\",\"target\":{\"@type\":\"EntryPoint\",\"urlTemplate\":\"https:\\\/\\\/pellervo.fi\\\/?s={search_term_string}\"},\"query-input\":{\"@type\":\"PropertyValueSpecification\",\"valueRequired\":true,\"valueName\":\"search_term_string\"}}],\"inLanguage\":\"sv-SE\"},{\"@type\":\"Organization\",\"@id\":\"https:\\\/\\\/pellervo.fi\\\/#organization\",\"name\":\"Osuustoimintakeskus Pellervo ry\",\"url\":\"https:\\\/\\\/pellervo.fi\\\/\",\"logo\":{\"@type\":\"ImageObject\",\"inLanguage\":\"sv-SE\",\"@id\":\"https:\\\/\\\/pellervo.fi\\\/#\\\/schema\\\/logo\\\/image\\\/\",\"url\":\"https:\\\/\\\/pellervo.fi\\\/wp-content\\\/uploads\\\/2020\\\/05\\\/Pellervo_logo.png\",\"contentUrl\":\"https:\\\/\\\/pellervo.fi\\\/wp-content\\\/uploads\\\/2020\\\/05\\\/Pellervo_logo.png\",\"width\":1335,\"height\":376,\"caption\":\"Osuustoimintakeskus Pellervo ry\"},\"image\":{\"@id\":\"https:\\\/\\\/pellervo.fi\\\/#\\\/schema\\\/logo\\\/image\\\/\"},\"sameAs\":[\"https:\\\/\\\/x.com\\\/PellervoFi\"]},{\"@type\":\"Person\",\"@id\":\"https:\\\/\\\/pellervo.fi\\\/#\\\/schema\\\/person\\\/0ceb60b299ed8a87cc867eccd1168946\",\"name\":\"Salla Kettunen\",\"image\":{\"@type\":\"ImageObject\",\"inLanguage\":\"sv-SE\",\"@id\":\"https:\\\/\\\/pellervo.fi\\\/wp-content\\\/uploads\\\/2019\\\/11\\\/salla-kettunen-96x96.jpg\",\"url\":\"https:\\\/\\\/pellervo.fi\\\/wp-content\\\/uploads\\\/2019\\\/11\\\/salla-kettunen-96x96.jpg\",\"contentUrl\":\"https:\\\/\\\/pellervo.fi\\\/wp-content\\\/uploads\\\/2019\\\/11\\\/salla-kettunen-96x96.jpg\",\"caption\":\"Salla Kettunen\"},\"description\":\"Kirjoittaja ty\u00f6skenteli Reilu kauppa ry:ll\u00e4 korkeakouluharjoittelijana.\",\"sameAs\":[\"http:\\\/\\\/www.reilukauppa.fi\"],\"url\":\"https:\\\/\\\/pellervo.fi\\\/sv\\\/author\\\/sallakettunen\\\/\"}]}<\/script>\n<!-- \/ Yoast SEO plugin. -->","yoast_head_json":{"title":"Miten selvit\u00e4 ilmastomuutoksesta? Reilun kaupan osuuskunnat tukevat pienviljelij\u00f6it\u00e4 - Pellervo","robots":{"index":"index","follow":"follow","max-snippet":"max-snippet:-1","max-image-preview":"max-image-preview:large","max-video-preview":"max-video-preview:-1"},"canonical":"https:\/\/pellervo.fi\/sv\/nakokulma\/2019\/11\/20\/miten-selvita-ilmastomuutoksesta-reilun-kaupan-osuuskunnat-tukevat-pienviljelijoita\/","og_locale":"sv_SE","og_type":"article","og_title":"Miten selvit\u00e4 ilmastomuutoksesta? Reilun kaupan osuuskunnat tukevat pienviljelij\u00f6it\u00e4 - Pellervo","og_description":"Salla Kettunen Reilu kauppa ry:st\u00e4 kertoo blogitekstiss\u00e4\u00e4n osuuskuntien merkityksest\u00e4 Reilussa kaupassa.","og_url":"https:\/\/pellervo.fi\/sv\/nakokulma\/2019\/11\/20\/miten-selvita-ilmastomuutoksesta-reilun-kaupan-osuuskunnat-tukevat-pienviljelijoita\/","og_site_name":"Pellervo","article_published_time":"2019-11-20T12:21:36+00:00","article_modified_time":"2020-09-03T10:01:52+00:00","og_image":[{"width":850,"height":567,"url":"https:\/\/pellervo.fi\/wp-content\/uploads\/2019\/11\/fairtrade.jpg","type":"image\/jpeg"}],"author":"Salla Kettunen","twitter_card":"summary_large_image","twitter_creator":"@PellervoFi","twitter_site":"@PellervoFi","twitter_misc":{"Skriven av":"Salla Kettunen","Ber\u00e4knad l\u00e4stid":"4 minuter"},"schema":{"@context":"https:\/\/schema.org","@graph":[{"@type":"Article","@id":"https:\/\/pellervo.fi\/sv\/nakokulma\/2019\/11\/20\/miten-selvita-ilmastomuutoksesta-reilun-kaupan-osuuskunnat-tukevat-pienviljelijoita\/#article","isPartOf":{"@id":"https:\/\/pellervo.fi\/sv\/nakokulma\/2019\/11\/20\/miten-selvita-ilmastomuutoksesta-reilun-kaupan-osuuskunnat-tukevat-pienviljelijoita\/"},"author":{"name":"Salla Kettunen","@id":"https:\/\/pellervo.fi\/#\/schema\/person\/0ceb60b299ed8a87cc867eccd1168946"},"headline":"Miten selvit\u00e4 ilmastomuutoksesta? Reilun kaupan osuuskunnat tukevat pienviljelij\u00f6it\u00e4","datePublished":"2019-11-20T12:21:36+00:00","dateModified":"2020-09-03T10:01:52+00:00","mainEntityOfPage":{"@id":"https:\/\/pellervo.fi\/sv\/nakokulma\/2019\/11\/20\/miten-selvita-ilmastomuutoksesta-reilun-kaupan-osuuskunnat-tukevat-pienviljelijoita\/"},"wordCount":799,"commentCount":0,"publisher":{"@id":"https:\/\/pellervo.fi\/#organization"},"image":{"@id":"https:\/\/pellervo.fi\/sv\/nakokulma\/2019\/11\/20\/miten-selvita-ilmastomuutoksesta-reilun-kaupan-osuuskunnat-tukevat-pienviljelijoita\/#primaryimage"},"thumbnailUrl":"https:\/\/pellervo.fi\/wp-content\/uploads\/2019\/11\/fairtrade.jpg","articleSection":["N\u00e4k\u00f6kulma"],"inLanguage":"sv-SE","potentialAction":[{"@type":"CommentAction","name":"Comment","target":["https:\/\/pellervo.fi\/sv\/nakokulma\/2019\/11\/20\/miten-selvita-ilmastomuutoksesta-reilun-kaupan-osuuskunnat-tukevat-pienviljelijoita\/#respond"]}]},{"@type":"WebPage","@id":"https:\/\/pellervo.fi\/sv\/nakokulma\/2019\/11\/20\/miten-selvita-ilmastomuutoksesta-reilun-kaupan-osuuskunnat-tukevat-pienviljelijoita\/","url":"https:\/\/pellervo.fi\/sv\/nakokulma\/2019\/11\/20\/miten-selvita-ilmastomuutoksesta-reilun-kaupan-osuuskunnat-tukevat-pienviljelijoita\/","name":"Miten selvit\u00e4 ilmastomuutoksesta? Reilun kaupan osuuskunnat tukevat pienviljelij\u00f6it\u00e4 - Pellervo","isPartOf":{"@id":"https:\/\/pellervo.fi\/#website"},"primaryImageOfPage":{"@id":"https:\/\/pellervo.fi\/sv\/nakokulma\/2019\/11\/20\/miten-selvita-ilmastomuutoksesta-reilun-kaupan-osuuskunnat-tukevat-pienviljelijoita\/#primaryimage"},"image":{"@id":"https:\/\/pellervo.fi\/sv\/nakokulma\/2019\/11\/20\/miten-selvita-ilmastomuutoksesta-reilun-kaupan-osuuskunnat-tukevat-pienviljelijoita\/#primaryimage"},"thumbnailUrl":"https:\/\/pellervo.fi\/wp-content\/uploads\/2019\/11\/fairtrade.jpg","datePublished":"2019-11-20T12:21:36+00:00","dateModified":"2020-09-03T10:01:52+00:00","breadcrumb":{"@id":"https:\/\/pellervo.fi\/sv\/nakokulma\/2019\/11\/20\/miten-selvita-ilmastomuutoksesta-reilun-kaupan-osuuskunnat-tukevat-pienviljelijoita\/#breadcrumb"},"inLanguage":"sv-SE","potentialAction":[{"@type":"ReadAction","target":["https:\/\/pellervo.fi\/sv\/nakokulma\/2019\/11\/20\/miten-selvita-ilmastomuutoksesta-reilun-kaupan-osuuskunnat-tukevat-pienviljelijoita\/"]}]},{"@type":"ImageObject","inLanguage":"sv-SE","@id":"https:\/\/pellervo.fi\/sv\/nakokulma\/2019\/11\/20\/miten-selvita-ilmastomuutoksesta-reilun-kaupan-osuuskunnat-tukevat-pienviljelijoita\/#primaryimage","url":"https:\/\/pellervo.fi\/wp-content\/uploads\/2019\/11\/fairtrade.jpg","contentUrl":"https:\/\/pellervo.fi\/wp-content\/uploads\/2019\/11\/fairtrade.jpg","width":850,"height":567},{"@type":"BreadcrumbList","@id":"https:\/\/pellervo.fi\/sv\/nakokulma\/2019\/11\/20\/miten-selvita-ilmastomuutoksesta-reilun-kaupan-osuuskunnat-tukevat-pienviljelijoita\/#breadcrumb","itemListElement":[{"@type":"ListItem","position":1,"name":"Koti","item":"https:\/\/pellervo.fi\/sv\/"},{"@type":"ListItem","position":2,"name":"Miten selvit\u00e4 ilmastomuutoksesta? Reilun kaupan osuuskunnat tukevat pienviljelij\u00f6it\u00e4"}]},{"@type":"WebSite","@id":"https:\/\/pellervo.fi\/#website","url":"https:\/\/pellervo.fi\/","name":"Pellervo","description":"Osuuskuntien keskusj\u00e4rjest\u00f6","publisher":{"@id":"https:\/\/pellervo.fi\/#organization"},"potentialAction":[{"@type":"SearchAction","target":{"@type":"EntryPoint","urlTemplate":"https:\/\/pellervo.fi\/?s={search_term_string}"},"query-input":{"@type":"PropertyValueSpecification","valueRequired":true,"valueName":"search_term_string"}}],"inLanguage":"sv-SE"},{"@type":"Organization","@id":"https:\/\/pellervo.fi\/#organization","name":"Osuustoimintakeskus Pellervo ry","url":"https:\/\/pellervo.fi\/","logo":{"@type":"ImageObject","inLanguage":"sv-SE","@id":"https:\/\/pellervo.fi\/#\/schema\/logo\/image\/","url":"https:\/\/pellervo.fi\/wp-content\/uploads\/2020\/05\/Pellervo_logo.png","contentUrl":"https:\/\/pellervo.fi\/wp-content\/uploads\/2020\/05\/Pellervo_logo.png","width":1335,"height":376,"caption":"Osuustoimintakeskus Pellervo ry"},"image":{"@id":"https:\/\/pellervo.fi\/#\/schema\/logo\/image\/"},"sameAs":["https:\/\/x.com\/PellervoFi"]},{"@type":"Person","@id":"https:\/\/pellervo.fi\/#\/schema\/person\/0ceb60b299ed8a87cc867eccd1168946","name":"Salla Kettunen","image":{"@type":"ImageObject","inLanguage":"sv-SE","@id":"https:\/\/pellervo.fi\/wp-content\/uploads\/2019\/11\/salla-kettunen-96x96.jpg","url":"https:\/\/pellervo.fi\/wp-content\/uploads\/2019\/11\/salla-kettunen-96x96.jpg","contentUrl":"https:\/\/pellervo.fi\/wp-content\/uploads\/2019\/11\/salla-kettunen-96x96.jpg","caption":"Salla Kettunen"},"description":"Kirjoittaja ty\u00f6skenteli Reilu kauppa ry:ll\u00e4 korkeakouluharjoittelijana.","sameAs":["http:\/\/www.reilukauppa.fi"],"url":"https:\/\/pellervo.fi\/sv\/author\/sallakettunen\/"}]}},"_links":{"self":[{"href":"https:\/\/pellervo.fi\/sv\/wp-json\/wp\/v2\/posts\/885783","targetHints":{"allow":["GET"]}}],"collection":[{"href":"https:\/\/pellervo.fi\/sv\/wp-json\/wp\/v2\/posts"}],"about":[{"href":"https:\/\/pellervo.fi\/sv\/wp-json\/wp\/v2\/types\/post"}],"author":[{"embeddable":true,"href":"https:\/\/pellervo.fi\/sv\/wp-json\/wp\/v2\/users\/40"}],"replies":[{"embeddable":true,"href":"https:\/\/pellervo.fi\/sv\/wp-json\/wp\/v2\/comments?post=885783"}],"version-history":[{"count":3,"href":"https:\/\/pellervo.fi\/sv\/wp-json\/wp\/v2\/posts\/885783\/revisions"}],"predecessor-version":[{"id":885788,"href":"https:\/\/pellervo.fi\/sv\/wp-json\/wp\/v2\/posts\/885783\/revisions\/885788"}],"wp:featuredmedia":[{"embeddable":true,"href":"https:\/\/pellervo.fi\/sv\/wp-json\/wp\/v2\/media\/885784"}],"wp:attachment":[{"href":"https:\/\/pellervo.fi\/sv\/wp-json\/wp\/v2\/media?parent=885783"}],"wp:term":[{"taxonomy":"category","embeddable":true,"href":"https:\/\/pellervo.fi\/sv\/wp-json\/wp\/v2\/categories?post=885783"},{"taxonomy":"post_tag","embeddable":true,"href":"https:\/\/pellervo.fi\/sv\/wp-json\/wp\/v2\/tags?post=885783"}],"curies":[{"name":"wp","href":"https:\/\/api.w.org\/{rel}","templated":true}]}}