{"id":886881,"date":"2020-08-28T15:30:00","date_gmt":"2020-08-28T12:30:00","guid":{"rendered":"https:\/\/pellervo.fi\/?p=886881"},"modified":"2020-09-04T08:06:59","modified_gmt":"2020-09-04T05:06:59","slug":"paasikivi-talousmiehena-seminaari-perjantaina-28-8-j-k-paasikivi-oli-myos-osuustoiminnan-vahva-edistaja","status":"publish","type":"post","link":"https:\/\/pellervo.fi\/sv\/uutiset\/2020\/08\/28\/paasikivi-talousmiehena-seminaari-perjantaina-28-8-j-k-paasikivi-oli-myos-osuustoiminnan-vahva-edistaja\/","title":{"rendered":"Paasikivi talousmiehen\u00e4 -seminaari perjantaina 28.8.: J.K. Paasikivi oli my\u00f6s osuustoiminnan vahva edist\u00e4j\u00e4"},"content":{"rendered":"\n<div>\u00a0<\/div>\n<div>\n<p><strong>Juho Kusti Paasikiven syntym\u00e4st\u00e4 on t\u00e4n\u00e4 vuonna kulunut 150 vuotta. H\u00e4net muistetaan kolminkertaisena p\u00e4\u00e4ministerin\u00e4 ja Suomen id\u00e4npolitiikan vakauttaneena presidenttin\u00e4. Paasikivi oli kuitenkin monessa muussakin mukana. Talousmiehen\u00e4 oli viem\u00e4ss\u00e4 eteenp\u00e4in niin osuustoimintaliikett\u00e4 kuin perustamassa Osuuspankki-ryhm\u00e4\u00e4, jonka hallinnossa h\u00e4n toimi pitk\u00e4\u00e4n.\u00a0\u00a0\u00a0<\/strong><\/p>\n<p><strong>Osuustoimintakeskus Pellervon, Paasikiven Nuoriskyl\u00e4n S\u00e4\u00e4ti\u00f6n ja Keravan kaupungin j\u00e4rjest\u00e4m\u00e4ss\u00e4 juhlaseminaarissa tuotiin perjantaina esille h\u00e4nen v\u00e4hemm\u00e4n tunnettua vaikutustaan Suomen taloudelliseen menestykseen.\u00a0<\/strong><\/p>\n<\/div>\n<div>\n<p><span xml:lang=\"FI-FI\" data-contrast=\"auto\">&#8211; Paasikivi on suomalaisen osuustoiminnan pioneeri liikkeen alkur\u00e4j\u00e4hdyksen vuosilta<\/span><span xml:lang=\"FI-FI\" data-contrast=\"auto\">\u00a0eli<\/span><span xml:lang=\"FI-FI\" data-contrast=\"auto\">\u00a01900-luvun alusta.\u00a0<\/span><span xml:lang=\"FI-FI\" data-contrast=\"auto\">H\u00e4n oli keskeisess\u00e4 roolissa siin\u00e4, ett\u00e4 Suomeen saatiin<\/span><span xml:lang=\"FI-FI\" data-contrast=\"auto\">\u00a0osuuskuntalaki ja yritystoiminnan muut kelvolliset puitteet<\/span><span xml:lang=\"FI-FI\" data-contrast=\"auto\">,\u00a0<\/span><span xml:lang=\"FI-FI\" data-contrast=\"auto\">kertoo<\/span><span xml:lang=\"FI-FI\" data-contrast=\"auto\">\u00a0<\/span><span xml:lang=\"FI-FI\" data-contrast=\"auto\">Osuustoimintakeskus Pellervon toimitusjohtaja\u00a0<\/span><strong><span xml:lang=\"FI-FI\" data-contrast=\"auto\">Sami Karhu<\/span><\/strong><span xml:lang=\"FI-FI\" data-contrast=\"auto\">.\u00a0<\/span><span data-ccp-props=\"{&quot;201341983&quot;:0,&quot;335551550&quot;:6,&quot;335551620&quot;:6,&quot;335559739&quot;:160,&quot;335559740&quot;:259}\">\u00a0<\/span><\/p>\n<\/div>\n<div>\n<p><span style=\"font-size: 14pt;\"><strong><span xml:lang=\"FI-FI\" data-contrast=\"auto\">Pellervon ensimm\u00e4inen lakimies<\/span>\u00a0<\/strong><\/span><\/p>\n<\/div>\n<div>\n<p><span xml:lang=\"FI-FI\" data-contrast=\"auto\">V\u00e4hemm\u00e4n tunnettua on, ett\u00e4\u00a0<\/span><span xml:lang=\"FI-FI\" data-contrast=\"auto\">Paasikivi oli\u00a0<\/span><span xml:lang=\"FI-FI\" data-contrast=\"auto\">vahvasti organisoimassa<\/span><span xml:lang=\"FI-FI\" data-contrast=\"auto\">\u00a0osuustoimintaj\u00e4rjest\u00f6 Pellervo<\/span><span xml:lang=\"FI-FI\" data-contrast=\"auto\">n toiminnan k\u00e4ynnistymist\u00e4<\/span><span xml:lang=\"FI-FI\" data-contrast=\"auto\">.\u00a0<\/span><span xml:lang=\"FI-FI\" data-contrast=\"auto\">H\u00e4n oli uudistaja, joka <\/span><span xml:lang=\"FI-FI\" data-contrast=\"auto\">n\u00e4ki\u00a0<\/span><span xml:lang=\"FI-FI\" data-contrast=\"auto\">osuustoimintamallin<\/span><span xml:lang=\"FI-FI\" data-contrast=\"auto\">\u00a0tuovan<\/span><span xml:lang=\"FI-FI\" data-contrast=\"auto\">\u00a0<\/span><span xml:lang=\"FI-FI\" data-contrast=\"auto\">merkitt\u00e4v\u00e4sti\u00a0<\/span><span xml:lang=\"FI-FI\" data-contrast=\"auto\">taloudellista hyvinvointia kansalle<\/span><span xml:lang=\"FI-FI\" data-contrast=\"auto\">.<\/span><span xml:lang=\"FI-FI\" data-contrast=\"auto\">\u00a0<\/span><span xml:lang=\"FI-FI\" data-contrast=\"auto\">Suomesta piti saada k<\/span><span xml:lang=\"FI-FI\" data-contrast=\"auto\">ulutuskykyinen yhteiskunta<\/span><span xml:lang=\"FI-FI\" data-contrast=\"auto\">.<\/span><span xml:lang=\"FI-FI\" data-contrast=\"auto\">\u00a0<\/span><span xml:lang=\"FI-FI\" data-contrast=\"auto\">Paasikivi<\/span><span xml:lang=\"FI-FI\" data-contrast=\"auto\">\u00a0<\/span><span xml:lang=\"FI-FI\" data-contrast=\"auto\">aloitti 1901<\/span><span xml:lang=\"FI-FI\" data-contrast=\"auto\">\u00a0<\/span><span xml:lang=\"FI-FI\" data-contrast=\"auto\">Pellervon<\/span><span xml:lang=\"FI-FI\" data-contrast=\"auto\">\u00a0<\/span><span xml:lang=\"FI-FI\" data-contrast=\"auto\">historian\u00a0<\/span><span xml:lang=\"FI-FI\" data-contrast=\"auto\">ensimm\u00e4isen\u00e4\u00a0<\/span><span xml:lang=\"FI-FI\" data-contrast=\"auto\">palkattuna lakimiehen\u00e4<\/span><span xml:lang=\"FI-FI\" data-contrast=\"auto\">\u00a0ja<\/span><span xml:lang=\"FI-FI\" data-contrast=\"auto\">\u00a0johtokunnan sihteerin\u00e4,\u00a0<\/span><span xml:lang=\"FI-FI\" data-contrast=\"auto\">ja<\/span><span xml:lang=\"FI-FI\" data-contrast=\"auto\">\u00a0<\/span><span xml:lang=\"FI-FI\" data-contrast=\"auto\">ty\u00f6ss\u00e4\u00e4n h\u00e4n<\/span><span xml:lang=\"FI-FI\" data-contrast=\"auto\">\u00a0avitt<\/span><span xml:lang=\"FI-FI\" data-contrast=\"auto\">i<\/span><span xml:lang=\"FI-FI\" data-contrast=\"auto\">\u00a0lukuis<\/span><span xml:lang=\"FI-FI\" data-contrast=\"auto\">ten<\/span><span xml:lang=\"FI-FI\" data-contrast=\"auto\">\u00a0osuuskuntien perustamista.\u00a0<\/span><span data-ccp-props=\"{&quot;201341983&quot;:0,&quot;335551550&quot;:6,&quot;335551620&quot;:6,&quot;335559739&quot;:160,&quot;335559740&quot;:259}\">\u00a0<\/span><\/p>\n<\/div>\n<div>\n<p><span xml:lang=\"FI-FI\" data-contrast=\"auto\">M<\/span><span xml:lang=\"FI-FI\" data-contrast=\"auto\">y\u00f6s my\u00f6hemmill\u00e4 vuosillaan\u00a0<\/span><span xml:lang=\"FI-FI\" data-contrast=\"auto\">Paasikivi oli\u00a0<\/span><span xml:lang=\"FI-FI\" data-contrast=\"auto\">suomalaisen osuuskuntaliikkeen symboli.\u00a0\u00a0<\/span><span xml:lang=\"FI-FI\" data-contrast=\"auto\">H\u00e4n oli koko ik\u00e4ns\u00e4 Pellervon henkil\u00f6j\u00e4sen.\u00a0<\/span><span xml:lang=\"FI-FI\" data-contrast=\"auto\">Kansallis-Osake-Pankin p\u00e4\u00e4johtajana\u00a0<\/span><span xml:lang=\"FI-FI\" data-contrast=\"auto\">h\u00e4n oli<\/span><span xml:lang=\"FI-FI\" data-contrast=\"auto\">\u00a0<\/span><span xml:lang=\"FI-FI\" data-contrast=\"auto\">aktiivisesti tukemassa lainoja\u00a0<\/span><span xml:lang=\"FI-FI\" data-contrast=\"auto\">monenkokoisille<\/span><span xml:lang=\"FI-FI\" data-contrast=\"auto\">\u00a0osuuskunnille ja toimi hyvin n\u00e4kyv\u00e4sti osuus<\/span><span xml:lang=\"FI-FI\" data-contrast=\"auto\">liike<\/span><span xml:lang=\"FI-FI\" data-contrast=\"auto\">\u00a0Ela<\/span><span xml:lang=\"FI-FI\" data-contrast=\"auto\">nnossa.\u00a0<\/span><span data-ccp-props=\"{&quot;201341983&quot;:0,&quot;335551550&quot;:6,&quot;335551620&quot;:6,&quot;335559739&quot;:160,&quot;335559740&quot;:259}\">\u00a0<\/span><\/p>\n<\/div>\n<div>\n<p><span xml:lang=\"FI-FI\" data-contrast=\"auto\">&#8211;<\/span><span xml:lang=\"FI-FI\" data-contrast=\"auto\">\u00a0<\/span><span xml:lang=\"FI-FI\" data-contrast=\"auto\">Paasikive\u00e4 lainatakseni, meist\u00e4 kansalaisista itsest\u00e4mme riippuu, miten osallistumme ja toimimme. Nyky\u00e4\u00e4n 90 prosenttia suomalaisista on mukana<\/span><span xml:lang=\"FI-FI\" data-contrast=\"auto\">\u00a0osuustoiminnassa<\/span><span xml:lang=\"FI-FI\" data-contrast=\"auto\">. Uudet mahdollisuudet siint\u00e4v\u00e4t edess\u00e4mme.<\/span><span xml:lang=\"FI-FI\" data-contrast=\"auto\">\u00a0<\/span><span xml:lang=\"FI-FI\" data-contrast=\"auto\">Paasikiven perint\u00f6<\/span><span xml:lang=\"FI-FI\" data-contrast=\"auto\">\u00a0t<\/span><span xml:lang=\"FI-FI\" data-contrast=\"auto\">uo toivoa nyky-yhteiskuntaankin<\/span><span xml:lang=\"FI-FI\" data-contrast=\"auto\">, totesi Karhu puheessaan.\u00a0<\/span><\/p>\n<\/div>\n<div>\n<p><span style=\"font-size: 14pt;\"><strong><span xml:lang=\"FI-FI\" data-contrast=\"auto\">Osuustoiminta rakentaa hyvinvointia<\/span><span xml:lang=\"FI-FI\" data-contrast=\"auto\">\u00a0<\/span>\u00a0<\/strong><\/span><\/p>\n<\/div>\n<div>\n<p><span xml:lang=\"FI-FI\" data-contrast=\"auto\">Samoilla linjoilla oli juhlaesitelm\u00e4ss\u00e4\u00e4n my\u00f6s OP-ryhm\u00e4n p\u00e4\u00e4johtaja\u00a0<\/span><strong><span xml:lang=\"FI-FI\" data-contrast=\"auto\">Timo\u00a0<\/span><span xml:lang=\"FI-FI\" data-contrast=\"auto\">Ritakallio<\/span><\/strong><span xml:lang=\"FI-FI\" data-contrast=\"auto\">. H\u00e4n muistutti, ett\u00e4\u00a0<\/span><span xml:lang=\"FI-FI\" data-contrast=\"auto\">Suomen t\u00e4ll\u00e4 hetkell\u00e4 selke\u00e4sti suurin pankkikonserni\u00a0<\/span><span xml:lang=\"FI-FI\" data-contrast=\"auto\">on menestynyt ja menestyy yht\u00e4 hyvin kuin Suomi kansakuntana<\/span><span xml:lang=\"FI-FI\" data-contrast=\"auto\">\u00a0menestyy.\u00a0<\/span><span xml:lang=\"FI-FI\" data-contrast=\"auto\">Osuustoimintamalli on yhteiseksi hy\u00f6dyksi.\u00a0<\/span><span data-ccp-props=\"{&quot;201341983&quot;:0,&quot;335551550&quot;:6,&quot;335551620&quot;:6,&quot;335559739&quot;:160,&quot;335559740&quot;:259}\">\u00a0<\/span><\/p>\n<\/div>\n<div>\n<p><span xml:lang=\"FI-FI\" data-contrast=\"auto\">Talousseminaarissa puhuivat my\u00f6s professori\u00a0<\/span><strong><span xml:lang=\"FI-FI\" data-contrast=\"auto\">Anu Puusa<\/span><\/strong><span xml:lang=\"FI-FI\" data-contrast=\"auto\">, valtiotieteen tohtori\u00a0<\/span><strong><span xml:lang=\"FI-FI\" data-contrast=\"auto\">Erkki Liikanen<\/span><\/strong><span xml:lang=\"FI-FI\" data-contrast=\"auto\">\u00a0ja<\/span><span xml:lang=\"FI-FI\" data-contrast=\"auto\">\u00a0<\/span><span xml:lang=\"FI-FI\" data-contrast=\"auto\">Valtiokonttorin apulaisjohtaja\u00a0<\/span><strong><span xml:lang=\"FI-FI\" data-contrast=\"auto\">Mika Arola<\/span><\/strong><span xml:lang=\"FI-FI\" data-contrast=\"auto\">.<\/span><span data-ccp-props=\"{&quot;201341983&quot;:0,&quot;335551550&quot;:6,&quot;335551620&quot;:6,&quot;335559739&quot;:160,&quot;335559740&quot;:259}\">\u00a0<\/span><\/p>\n<\/div>\n<div>\n<p><span xml:lang=\"FI-FI\" data-contrast=\"auto\">Lis\u00e4tietoja:<\/span><span xml:lang=\"FI-FI\" data-contrast=\"auto\">\u00a0<\/span><span xml:lang=\"FI-FI\" data-contrast=\"auto\">Sami Karhu, toimitusjohtaja<\/span><span xml:lang=\"FI-FI\" data-contrast=\"auto\">,\u00a0<\/span><span xml:lang=\"FI-FI\" data-contrast=\"auto\">Osuustoimintakeskus Pellervo<\/span><span xml:lang=\"FI-FI\" data-contrast=\"auto\">,<\/span><span xml:lang=\"FI-FI\" data-contrast=\"auto\">\u00a0<\/span><span xml:lang=\"FI-FI\" data-contrast=\"auto\">p.\u00a0<\/span><span xml:lang=\"FI-FI\" data-contrast=\"auto\">0400 545 989<\/span><span xml:lang=\"FI-FI\" data-contrast=\"auto\">\u00a0<\/span><span data-ccp-props=\"{&quot;201341983&quot;:0,&quot;335551550&quot;:6,&quot;335551620&quot;:6,&quot;335559739&quot;:160,&quot;335559740&quot;:259}\">\u00a0<\/span><\/p>\n<\/div>\n<div>\n<p><span xml:lang=\"FI-FI\" data-contrast=\"auto\">Seminaaritallenne:<\/span><span xml:lang=\"FI-FI\" data-contrast=\"auto\">\u00a0<\/span><a href=\"https:\/\/pellervo.fi\/paasikivi150-talousseminaari\/\" target=\"_blank\" rel=\"noreferrer noopener\"><span xml:lang=\"FI-FI\" data-contrast=\"none\"><span data-ccp-charstyle=\"Hyperlink\">https:\/\/pellervo.fi\/paasikivi150-talousseminaari\/<\/span><\/span><\/a><span data-ccp-props=\"{&quot;201341983&quot;:0,&quot;335551550&quot;:6,&quot;335551620&quot;:6,&quot;335559739&quot;:160,&quot;335559740&quot;:259}\">\u00a0<\/span><\/p>\n<\/div>\n<div>\n<p><span xml:lang=\"FI-FI\" data-contrast=\"auto\">Paasikivi osuustoiminnan tienraivaajana<\/span><span xml:lang=\"FI-FI\" data-contrast=\"auto\">\u00a0-katsaus<\/span><span xml:lang=\"FI-FI\" data-contrast=\"auto\">\u00a0ja muuta historiaa<\/span><span xml:lang=\"FI-FI\" data-contrast=\"auto\">:\u00a0<\/span><a href=\"http:\/\/jkpaasikivi.fi\/\" target=\"_blank\" rel=\"noreferrer noopener\"><span xml:lang=\"FI-FI\" data-contrast=\"none\"><span data-ccp-charstyle=\"Hyperlink\">jkpaasikivi.fi<\/span><\/span><\/a><span data-ccp-props=\"{&quot;201341983&quot;:0,&quot;335551550&quot;:6,&quot;335551620&quot;:6,&quot;335559739&quot;:160,&quot;335559740&quot;:259}\">\u00a0<\/span><\/p>\n<\/div>\n","protected":false},"excerpt":{"rendered":"<p>Juho Kusti Paasikiven syntym\u00e4st\u00e4 on t\u00e4n\u00e4 vuonna kulunut 150 vuotta. H\u00e4net muistetaan kolminkertaisena p\u00e4\u00e4ministerin\u00e4 ja Suomen id\u00e4npolitiikan vakauttaneena presidenttin\u00e4. Paasikivi oli kuitenkin my\u00f6s talousmies.<\/p>\n","protected":false},"author":5,"featured_media":888114,"comment_status":"open","ping_status":"open","sticky":false,"template":"","format":"standard","meta":{"inline_featured_image":false,"_monsterinsights_skip_tracking":false,"_monsterinsights_sitenote_active":false,"_monsterinsights_sitenote_note":"","_monsterinsights_sitenote_category":0,"site-sidebar-layout":"default","site-content-layout":"default","ast-site-content-layout":"default","site-content-style":"default","site-sidebar-style":"default","ast-global-header-display":"","ast-banner-title-visibility":"","ast-main-header-display":"","ast-hfb-above-header-display":"","ast-hfb-below-header-display":"","ast-hfb-mobile-header-display":"","site-post-title":"","ast-breadcrumbs-content":"","ast-featured-img":"","footer-sml-layout":"","ast-disable-related-posts":"","theme-transparent-header-meta":"default","adv-header-id-meta":"","stick-header-meta":"","header-above-stick-meta":"","header-main-stick-meta":"","header-below-stick-meta":"","astra-migrate-meta-layouts":"default","ast-page-background-enabled":"default","ast-page-background-meta":{"desktop":{"background-color":"","background-image":"","background-repeat":"repeat","background-position":"center center","background-size":"auto","background-attachment":"scroll","background-type":"","background-media":"","overlay-type":"","overlay-color":"","overlay-opacity":"","overlay-gradient":""},"tablet":{"background-color":"","background-image":"","background-repeat":"repeat","background-position":"center center","background-size":"auto","background-attachment":"scroll","background-type":"","background-media":"","overlay-type":"","overlay-color":"","overlay-opacity":"","overlay-gradient":""},"mobile":{"background-color":"","background-image":"","background-repeat":"repeat","background-position":"center center","background-size":"auto","background-attachment":"scroll","background-type":"","background-media":"","overlay-type":"","overlay-color":"","overlay-opacity":"","overlay-gradient":""}},"ast-content-background-meta":{"desktop":{"background-color":"var(--ast-global-color-5)","background-image":"","background-repeat":"repeat","background-position":"center center","background-size":"auto","background-attachment":"scroll","background-type":"","background-media":"","overlay-type":"","overlay-color":"","overlay-opacity":"","overlay-gradient":""},"tablet":{"background-color":"var(--ast-global-color-5)","background-image":"","background-repeat":"repeat","background-position":"center center","background-size":"auto","background-attachment":"scroll","background-type":"","background-media":"","overlay-type":"","overlay-color":"","overlay-opacity":"","overlay-gradient":""},"mobile":{"background-color":"var(--ast-global-color-5)","background-image":"","background-repeat":"repeat","background-position":"center center","background-size":"auto","background-attachment":"scroll","background-type":"","background-media":"","overlay-type":"","overlay-color":"","overlay-opacity":"","overlay-gradient":""}},"_FSMCFIC_featured_image_caption":"","_FSMCFIC_featured_image_nocaption":"","_FSMCFIC_featured_image_hide":"","footnotes":""},"categories":[22],"tags":[],"class_list":["post-886881","post","type-post","status-publish","format-standard","has-post-thumbnail","hentry","category-uutiset"],"yoast_head":"<!-- This site is optimized with the Yoast SEO plugin v27.4 - https:\/\/yoast.com\/product\/yoast-seo-wordpress\/ -->\n<title>Paasikivi talousmiehen\u00e4 -seminaari perjantaina 28.8.: J.K. Paasikivi oli my\u00f6s osuustoiminnan vahva edist\u00e4j\u00e4 - Pellervo<\/title>\n<meta name=\"robots\" content=\"index, follow, max-snippet:-1, max-image-preview:large, max-video-preview:-1\" \/>\n<link rel=\"canonical\" href=\"https:\/\/pellervo.fi\/en\/uutiset\/2020\/08\/28\/paasikivi-talousmiehena-seminaari-perjantaina-28-8-j-k-paasikivi-oli-myos-osuustoiminnan-vahva-edistaja\/\" \/>\n<meta property=\"og:locale\" content=\"sv_SE\" \/>\n<meta property=\"og:type\" content=\"article\" \/>\n<meta property=\"og:title\" content=\"Paasikivi talousmiehen\u00e4 -seminaari perjantaina 28.8.: J.K. Paasikivi oli my\u00f6s osuustoiminnan vahva edist\u00e4j\u00e4 - Pellervo\" \/>\n<meta property=\"og:description\" content=\"Juho Kusti Paasikiven syntym\u00e4st\u00e4 on t\u00e4n\u00e4 vuonna kulunut 150 vuotta. H\u00e4net muistetaan kolminkertaisena p\u00e4\u00e4ministerin\u00e4 ja Suomen id\u00e4npolitiikan vakauttaneena presidenttin\u00e4. Paasikivi oli kuitenkin my\u00f6s talousmies.\" \/>\n<meta property=\"og:url\" content=\"https:\/\/pellervo.fi\/en\/uutiset\/2020\/08\/28\/paasikivi-talousmiehena-seminaari-perjantaina-28-8-j-k-paasikivi-oli-myos-osuustoiminnan-vahva-edistaja\/\" \/>\n<meta property=\"og:site_name\" content=\"Pellervo\" \/>\n<meta property=\"article:published_time\" content=\"2020-08-28T12:30:00+00:00\" \/>\n<meta property=\"article:modified_time\" content=\"2020-09-04T05:06:59+00:00\" \/>\n<meta property=\"og:image\" content=\"https:\/\/pellervo.fi\/wp-content\/uploads\/2020\/08\/jkp_aloituskuva_oikea-1.jpg\" \/>\n\t<meta property=\"og:image:width\" content=\"1920\" \/>\n\t<meta property=\"og:image:height\" content=\"997\" \/>\n\t<meta property=\"og:image:type\" content=\"image\/jpeg\" \/>\n<meta name=\"author\" content=\"pellervo\" \/>\n<meta name=\"twitter:card\" content=\"summary_large_image\" \/>\n<meta name=\"twitter:creator\" content=\"@PellervoFi\" \/>\n<meta name=\"twitter:site\" content=\"@PellervoFi\" \/>\n<meta name=\"twitter:label1\" content=\"Skriven av\" \/>\n\t<meta name=\"twitter:data1\" content=\"pellervo\" \/>\n\t<meta name=\"twitter:label2\" content=\"Ber\u00e4knad l\u00e4stid\" \/>\n\t<meta name=\"twitter:data2\" content=\"2 minuter\" \/>\n<script type=\"application\/ld+json\" class=\"yoast-schema-graph\">{\"@context\":\"https:\\\/\\\/schema.org\",\"@graph\":[{\"@type\":\"Article\",\"@id\":\"https:\\\/\\\/pellervo.fi\\\/en\\\/uutiset\\\/2020\\\/08\\\/28\\\/paasikivi-talousmiehena-seminaari-perjantaina-28-8-j-k-paasikivi-oli-myos-osuustoiminnan-vahva-edistaja\\\/#article\",\"isPartOf\":{\"@id\":\"https:\\\/\\\/pellervo.fi\\\/en\\\/uutiset\\\/2020\\\/08\\\/28\\\/paasikivi-talousmiehena-seminaari-perjantaina-28-8-j-k-paasikivi-oli-myos-osuustoiminnan-vahva-edistaja\\\/\"},\"author\":{\"name\":\"pellervo\",\"@id\":\"https:\\\/\\\/pellervo.fi\\\/#\\\/schema\\\/person\\\/4b74d40956937d1367ade81899997e71\"},\"headline\":\"Paasikivi talousmiehen\u00e4 -seminaari perjantaina 28.8.: J.K. Paasikivi oli my\u00f6s osuustoiminnan vahva edist\u00e4j\u00e4\",\"datePublished\":\"2020-08-28T12:30:00+00:00\",\"dateModified\":\"2020-09-04T05:06:59+00:00\",\"mainEntityOfPage\":{\"@id\":\"https:\\\/\\\/pellervo.fi\\\/en\\\/uutiset\\\/2020\\\/08\\\/28\\\/paasikivi-talousmiehena-seminaari-perjantaina-28-8-j-k-paasikivi-oli-myos-osuustoiminnan-vahva-edistaja\\\/\"},\"wordCount\":350,\"commentCount\":0,\"publisher\":{\"@id\":\"https:\\\/\\\/pellervo.fi\\\/#organization\"},\"image\":{\"@id\":\"https:\\\/\\\/pellervo.fi\\\/en\\\/uutiset\\\/2020\\\/08\\\/28\\\/paasikivi-talousmiehena-seminaari-perjantaina-28-8-j-k-paasikivi-oli-myos-osuustoiminnan-vahva-edistaja\\\/#primaryimage\"},\"thumbnailUrl\":\"https:\\\/\\\/pellervo.fi\\\/wp-content\\\/uploads\\\/2020\\\/08\\\/jkp_aloituskuva_oikea-1.jpg\",\"articleSection\":[\"Uutiset\"],\"inLanguage\":\"sv-SE\",\"potentialAction\":[{\"@type\":\"CommentAction\",\"name\":\"Comment\",\"target\":[\"https:\\\/\\\/pellervo.fi\\\/en\\\/uutiset\\\/2020\\\/08\\\/28\\\/paasikivi-talousmiehena-seminaari-perjantaina-28-8-j-k-paasikivi-oli-myos-osuustoiminnan-vahva-edistaja\\\/#respond\"]}]},{\"@type\":\"WebPage\",\"@id\":\"https:\\\/\\\/pellervo.fi\\\/en\\\/uutiset\\\/2020\\\/08\\\/28\\\/paasikivi-talousmiehena-seminaari-perjantaina-28-8-j-k-paasikivi-oli-myos-osuustoiminnan-vahva-edistaja\\\/\",\"url\":\"https:\\\/\\\/pellervo.fi\\\/en\\\/uutiset\\\/2020\\\/08\\\/28\\\/paasikivi-talousmiehena-seminaari-perjantaina-28-8-j-k-paasikivi-oli-myos-osuustoiminnan-vahva-edistaja\\\/\",\"name\":\"Paasikivi talousmiehen\u00e4 -seminaari perjantaina 28.8.: J.K. Paasikivi oli my\u00f6s osuustoiminnan vahva edist\u00e4j\u00e4 - Pellervo\",\"isPartOf\":{\"@id\":\"https:\\\/\\\/pellervo.fi\\\/#website\"},\"primaryImageOfPage\":{\"@id\":\"https:\\\/\\\/pellervo.fi\\\/en\\\/uutiset\\\/2020\\\/08\\\/28\\\/paasikivi-talousmiehena-seminaari-perjantaina-28-8-j-k-paasikivi-oli-myos-osuustoiminnan-vahva-edistaja\\\/#primaryimage\"},\"image\":{\"@id\":\"https:\\\/\\\/pellervo.fi\\\/en\\\/uutiset\\\/2020\\\/08\\\/28\\\/paasikivi-talousmiehena-seminaari-perjantaina-28-8-j-k-paasikivi-oli-myos-osuustoiminnan-vahva-edistaja\\\/#primaryimage\"},\"thumbnailUrl\":\"https:\\\/\\\/pellervo.fi\\\/wp-content\\\/uploads\\\/2020\\\/08\\\/jkp_aloituskuva_oikea-1.jpg\",\"datePublished\":\"2020-08-28T12:30:00+00:00\",\"dateModified\":\"2020-09-04T05:06:59+00:00\",\"breadcrumb\":{\"@id\":\"https:\\\/\\\/pellervo.fi\\\/en\\\/uutiset\\\/2020\\\/08\\\/28\\\/paasikivi-talousmiehena-seminaari-perjantaina-28-8-j-k-paasikivi-oli-myos-osuustoiminnan-vahva-edistaja\\\/#breadcrumb\"},\"inLanguage\":\"sv-SE\",\"potentialAction\":[{\"@type\":\"ReadAction\",\"target\":[\"https:\\\/\\\/pellervo.fi\\\/en\\\/uutiset\\\/2020\\\/08\\\/28\\\/paasikivi-talousmiehena-seminaari-perjantaina-28-8-j-k-paasikivi-oli-myos-osuustoiminnan-vahva-edistaja\\\/\"]}]},{\"@type\":\"ImageObject\",\"inLanguage\":\"sv-SE\",\"@id\":\"https:\\\/\\\/pellervo.fi\\\/en\\\/uutiset\\\/2020\\\/08\\\/28\\\/paasikivi-talousmiehena-seminaari-perjantaina-28-8-j-k-paasikivi-oli-myos-osuustoiminnan-vahva-edistaja\\\/#primaryimage\",\"url\":\"https:\\\/\\\/pellervo.fi\\\/wp-content\\\/uploads\\\/2020\\\/08\\\/jkp_aloituskuva_oikea-1.jpg\",\"contentUrl\":\"https:\\\/\\\/pellervo.fi\\\/wp-content\\\/uploads\\\/2020\\\/08\\\/jkp_aloituskuva_oikea-1.jpg\",\"width\":1920,\"height\":997},{\"@type\":\"BreadcrumbList\",\"@id\":\"https:\\\/\\\/pellervo.fi\\\/en\\\/uutiset\\\/2020\\\/08\\\/28\\\/paasikivi-talousmiehena-seminaari-perjantaina-28-8-j-k-paasikivi-oli-myos-osuustoiminnan-vahva-edistaja\\\/#breadcrumb\",\"itemListElement\":[{\"@type\":\"ListItem\",\"position\":1,\"name\":\"Koti\",\"item\":\"https:\\\/\\\/pellervo.fi\\\/sv\\\/\"},{\"@type\":\"ListItem\",\"position\":2,\"name\":\"Paasikivi talousmiehen\u00e4 -seminaari perjantaina 28.8.: J.K. Paasikivi oli my\u00f6s osuustoiminnan vahva edist\u00e4j\u00e4\"}]},{\"@type\":\"WebSite\",\"@id\":\"https:\\\/\\\/pellervo.fi\\\/#website\",\"url\":\"https:\\\/\\\/pellervo.fi\\\/\",\"name\":\"Pellervo\",\"description\":\"Osuuskuntien keskusj\u00e4rjest\u00f6\",\"publisher\":{\"@id\":\"https:\\\/\\\/pellervo.fi\\\/#organization\"},\"potentialAction\":[{\"@type\":\"SearchAction\",\"target\":{\"@type\":\"EntryPoint\",\"urlTemplate\":\"https:\\\/\\\/pellervo.fi\\\/?s={search_term_string}\"},\"query-input\":{\"@type\":\"PropertyValueSpecification\",\"valueRequired\":true,\"valueName\":\"search_term_string\"}}],\"inLanguage\":\"sv-SE\"},{\"@type\":\"Organization\",\"@id\":\"https:\\\/\\\/pellervo.fi\\\/#organization\",\"name\":\"Osuustoimintakeskus Pellervo ry\",\"url\":\"https:\\\/\\\/pellervo.fi\\\/\",\"logo\":{\"@type\":\"ImageObject\",\"inLanguage\":\"sv-SE\",\"@id\":\"https:\\\/\\\/pellervo.fi\\\/#\\\/schema\\\/logo\\\/image\\\/\",\"url\":\"https:\\\/\\\/pellervo.fi\\\/wp-content\\\/uploads\\\/2020\\\/05\\\/Pellervo_logo.png\",\"contentUrl\":\"https:\\\/\\\/pellervo.fi\\\/wp-content\\\/uploads\\\/2020\\\/05\\\/Pellervo_logo.png\",\"width\":1335,\"height\":376,\"caption\":\"Osuustoimintakeskus Pellervo ry\"},\"image\":{\"@id\":\"https:\\\/\\\/pellervo.fi\\\/#\\\/schema\\\/logo\\\/image\\\/\"},\"sameAs\":[\"https:\\\/\\\/x.com\\\/PellervoFi\"]},{\"@type\":\"Person\",\"@id\":\"https:\\\/\\\/pellervo.fi\\\/#\\\/schema\\\/person\\\/4b74d40956937d1367ade81899997e71\",\"name\":\"pellervo\",\"image\":{\"@type\":\"ImageObject\",\"inLanguage\":\"sv-SE\",\"@id\":\"https:\\\/\\\/pellervo.fi\\\/wp-content\\\/uploads\\\/2013\\\/11\\\/pellervo_avatar_1384522134-96x96.jpg\",\"url\":\"https:\\\/\\\/pellervo.fi\\\/wp-content\\\/uploads\\\/2013\\\/11\\\/pellervo_avatar_1384522134-96x96.jpg\",\"contentUrl\":\"https:\\\/\\\/pellervo.fi\\\/wp-content\\\/uploads\\\/2013\\\/11\\\/pellervo_avatar_1384522134-96x96.jpg\",\"caption\":\"pellervo\"},\"description\":\"Kuvaus\",\"url\":\"https:\\\/\\\/pellervo.fi\\\/sv\\\/author\\\/pellervo\\\/\"}]}<\/script>\n<!-- \/ Yoast SEO plugin. -->","yoast_head_json":{"title":"Paasikivi talousmiehen\u00e4 -seminaari perjantaina 28.8.: J.K. Paasikivi oli my\u00f6s osuustoiminnan vahva edist\u00e4j\u00e4 - Pellervo","robots":{"index":"index","follow":"follow","max-snippet":"max-snippet:-1","max-image-preview":"max-image-preview:large","max-video-preview":"max-video-preview:-1"},"canonical":"https:\/\/pellervo.fi\/en\/uutiset\/2020\/08\/28\/paasikivi-talousmiehena-seminaari-perjantaina-28-8-j-k-paasikivi-oli-myos-osuustoiminnan-vahva-edistaja\/","og_locale":"sv_SE","og_type":"article","og_title":"Paasikivi talousmiehen\u00e4 -seminaari perjantaina 28.8.: J.K. Paasikivi oli my\u00f6s osuustoiminnan vahva edist\u00e4j\u00e4 - Pellervo","og_description":"Juho Kusti Paasikiven syntym\u00e4st\u00e4 on t\u00e4n\u00e4 vuonna kulunut 150 vuotta. H\u00e4net muistetaan kolminkertaisena p\u00e4\u00e4ministerin\u00e4 ja Suomen id\u00e4npolitiikan vakauttaneena presidenttin\u00e4. Paasikivi oli kuitenkin my\u00f6s talousmies.","og_url":"https:\/\/pellervo.fi\/en\/uutiset\/2020\/08\/28\/paasikivi-talousmiehena-seminaari-perjantaina-28-8-j-k-paasikivi-oli-myos-osuustoiminnan-vahva-edistaja\/","og_site_name":"Pellervo","article_published_time":"2020-08-28T12:30:00+00:00","article_modified_time":"2020-09-04T05:06:59+00:00","og_image":[{"width":1920,"height":997,"url":"https:\/\/pellervo.fi\/wp-content\/uploads\/2020\/08\/jkp_aloituskuva_oikea-1.jpg","type":"image\/jpeg"}],"author":"pellervo","twitter_card":"summary_large_image","twitter_creator":"@PellervoFi","twitter_site":"@PellervoFi","twitter_misc":{"Skriven av":"pellervo","Ber\u00e4knad l\u00e4stid":"2 minuter"},"schema":{"@context":"https:\/\/schema.org","@graph":[{"@type":"Article","@id":"https:\/\/pellervo.fi\/en\/uutiset\/2020\/08\/28\/paasikivi-talousmiehena-seminaari-perjantaina-28-8-j-k-paasikivi-oli-myos-osuustoiminnan-vahva-edistaja\/#article","isPartOf":{"@id":"https:\/\/pellervo.fi\/en\/uutiset\/2020\/08\/28\/paasikivi-talousmiehena-seminaari-perjantaina-28-8-j-k-paasikivi-oli-myos-osuustoiminnan-vahva-edistaja\/"},"author":{"name":"pellervo","@id":"https:\/\/pellervo.fi\/#\/schema\/person\/4b74d40956937d1367ade81899997e71"},"headline":"Paasikivi talousmiehen\u00e4 -seminaari perjantaina 28.8.: J.K. Paasikivi oli my\u00f6s osuustoiminnan vahva edist\u00e4j\u00e4","datePublished":"2020-08-28T12:30:00+00:00","dateModified":"2020-09-04T05:06:59+00:00","mainEntityOfPage":{"@id":"https:\/\/pellervo.fi\/en\/uutiset\/2020\/08\/28\/paasikivi-talousmiehena-seminaari-perjantaina-28-8-j-k-paasikivi-oli-myos-osuustoiminnan-vahva-edistaja\/"},"wordCount":350,"commentCount":0,"publisher":{"@id":"https:\/\/pellervo.fi\/#organization"},"image":{"@id":"https:\/\/pellervo.fi\/en\/uutiset\/2020\/08\/28\/paasikivi-talousmiehena-seminaari-perjantaina-28-8-j-k-paasikivi-oli-myos-osuustoiminnan-vahva-edistaja\/#primaryimage"},"thumbnailUrl":"https:\/\/pellervo.fi\/wp-content\/uploads\/2020\/08\/jkp_aloituskuva_oikea-1.jpg","articleSection":["Uutiset"],"inLanguage":"sv-SE","potentialAction":[{"@type":"CommentAction","name":"Comment","target":["https:\/\/pellervo.fi\/en\/uutiset\/2020\/08\/28\/paasikivi-talousmiehena-seminaari-perjantaina-28-8-j-k-paasikivi-oli-myos-osuustoiminnan-vahva-edistaja\/#respond"]}]},{"@type":"WebPage","@id":"https:\/\/pellervo.fi\/en\/uutiset\/2020\/08\/28\/paasikivi-talousmiehena-seminaari-perjantaina-28-8-j-k-paasikivi-oli-myos-osuustoiminnan-vahva-edistaja\/","url":"https:\/\/pellervo.fi\/en\/uutiset\/2020\/08\/28\/paasikivi-talousmiehena-seminaari-perjantaina-28-8-j-k-paasikivi-oli-myos-osuustoiminnan-vahva-edistaja\/","name":"Paasikivi talousmiehen\u00e4 -seminaari perjantaina 28.8.: J.K. Paasikivi oli my\u00f6s osuustoiminnan vahva edist\u00e4j\u00e4 - Pellervo","isPartOf":{"@id":"https:\/\/pellervo.fi\/#website"},"primaryImageOfPage":{"@id":"https:\/\/pellervo.fi\/en\/uutiset\/2020\/08\/28\/paasikivi-talousmiehena-seminaari-perjantaina-28-8-j-k-paasikivi-oli-myos-osuustoiminnan-vahva-edistaja\/#primaryimage"},"image":{"@id":"https:\/\/pellervo.fi\/en\/uutiset\/2020\/08\/28\/paasikivi-talousmiehena-seminaari-perjantaina-28-8-j-k-paasikivi-oli-myos-osuustoiminnan-vahva-edistaja\/#primaryimage"},"thumbnailUrl":"https:\/\/pellervo.fi\/wp-content\/uploads\/2020\/08\/jkp_aloituskuva_oikea-1.jpg","datePublished":"2020-08-28T12:30:00+00:00","dateModified":"2020-09-04T05:06:59+00:00","breadcrumb":{"@id":"https:\/\/pellervo.fi\/en\/uutiset\/2020\/08\/28\/paasikivi-talousmiehena-seminaari-perjantaina-28-8-j-k-paasikivi-oli-myos-osuustoiminnan-vahva-edistaja\/#breadcrumb"},"inLanguage":"sv-SE","potentialAction":[{"@type":"ReadAction","target":["https:\/\/pellervo.fi\/en\/uutiset\/2020\/08\/28\/paasikivi-talousmiehena-seminaari-perjantaina-28-8-j-k-paasikivi-oli-myos-osuustoiminnan-vahva-edistaja\/"]}]},{"@type":"ImageObject","inLanguage":"sv-SE","@id":"https:\/\/pellervo.fi\/en\/uutiset\/2020\/08\/28\/paasikivi-talousmiehena-seminaari-perjantaina-28-8-j-k-paasikivi-oli-myos-osuustoiminnan-vahva-edistaja\/#primaryimage","url":"https:\/\/pellervo.fi\/wp-content\/uploads\/2020\/08\/jkp_aloituskuva_oikea-1.jpg","contentUrl":"https:\/\/pellervo.fi\/wp-content\/uploads\/2020\/08\/jkp_aloituskuva_oikea-1.jpg","width":1920,"height":997},{"@type":"BreadcrumbList","@id":"https:\/\/pellervo.fi\/en\/uutiset\/2020\/08\/28\/paasikivi-talousmiehena-seminaari-perjantaina-28-8-j-k-paasikivi-oli-myos-osuustoiminnan-vahva-edistaja\/#breadcrumb","itemListElement":[{"@type":"ListItem","position":1,"name":"Koti","item":"https:\/\/pellervo.fi\/sv\/"},{"@type":"ListItem","position":2,"name":"Paasikivi talousmiehen\u00e4 -seminaari perjantaina 28.8.: J.K. Paasikivi oli my\u00f6s osuustoiminnan vahva edist\u00e4j\u00e4"}]},{"@type":"WebSite","@id":"https:\/\/pellervo.fi\/#website","url":"https:\/\/pellervo.fi\/","name":"Pellervo","description":"Osuuskuntien keskusj\u00e4rjest\u00f6","publisher":{"@id":"https:\/\/pellervo.fi\/#organization"},"potentialAction":[{"@type":"SearchAction","target":{"@type":"EntryPoint","urlTemplate":"https:\/\/pellervo.fi\/?s={search_term_string}"},"query-input":{"@type":"PropertyValueSpecification","valueRequired":true,"valueName":"search_term_string"}}],"inLanguage":"sv-SE"},{"@type":"Organization","@id":"https:\/\/pellervo.fi\/#organization","name":"Osuustoimintakeskus Pellervo ry","url":"https:\/\/pellervo.fi\/","logo":{"@type":"ImageObject","inLanguage":"sv-SE","@id":"https:\/\/pellervo.fi\/#\/schema\/logo\/image\/","url":"https:\/\/pellervo.fi\/wp-content\/uploads\/2020\/05\/Pellervo_logo.png","contentUrl":"https:\/\/pellervo.fi\/wp-content\/uploads\/2020\/05\/Pellervo_logo.png","width":1335,"height":376,"caption":"Osuustoimintakeskus Pellervo ry"},"image":{"@id":"https:\/\/pellervo.fi\/#\/schema\/logo\/image\/"},"sameAs":["https:\/\/x.com\/PellervoFi"]},{"@type":"Person","@id":"https:\/\/pellervo.fi\/#\/schema\/person\/4b74d40956937d1367ade81899997e71","name":"pellervo","image":{"@type":"ImageObject","inLanguage":"sv-SE","@id":"https:\/\/pellervo.fi\/wp-content\/uploads\/2013\/11\/pellervo_avatar_1384522134-96x96.jpg","url":"https:\/\/pellervo.fi\/wp-content\/uploads\/2013\/11\/pellervo_avatar_1384522134-96x96.jpg","contentUrl":"https:\/\/pellervo.fi\/wp-content\/uploads\/2013\/11\/pellervo_avatar_1384522134-96x96.jpg","caption":"pellervo"},"description":"Kuvaus","url":"https:\/\/pellervo.fi\/sv\/author\/pellervo\/"}]}},"_links":{"self":[{"href":"https:\/\/pellervo.fi\/sv\/wp-json\/wp\/v2\/posts\/886881","targetHints":{"allow":["GET"]}}],"collection":[{"href":"https:\/\/pellervo.fi\/sv\/wp-json\/wp\/v2\/posts"}],"about":[{"href":"https:\/\/pellervo.fi\/sv\/wp-json\/wp\/v2\/types\/post"}],"author":[{"embeddable":true,"href":"https:\/\/pellervo.fi\/sv\/wp-json\/wp\/v2\/users\/5"}],"replies":[{"embeddable":true,"href":"https:\/\/pellervo.fi\/sv\/wp-json\/wp\/v2\/comments?post=886881"}],"version-history":[{"count":1,"href":"https:\/\/pellervo.fi\/sv\/wp-json\/wp\/v2\/posts\/886881\/revisions"}],"predecessor-version":[{"id":888187,"href":"https:\/\/pellervo.fi\/sv\/wp-json\/wp\/v2\/posts\/886881\/revisions\/888187"}],"wp:featuredmedia":[{"embeddable":true,"href":"https:\/\/pellervo.fi\/sv\/wp-json\/wp\/v2\/media\/888114"}],"wp:attachment":[{"href":"https:\/\/pellervo.fi\/sv\/wp-json\/wp\/v2\/media?parent=886881"}],"wp:term":[{"taxonomy":"category","embeddable":true,"href":"https:\/\/pellervo.fi\/sv\/wp-json\/wp\/v2\/categories?post=886881"},{"taxonomy":"post_tag","embeddable":true,"href":"https:\/\/pellervo.fi\/sv\/wp-json\/wp\/v2\/tags?post=886881"}],"curies":[{"name":"wp","href":"https:\/\/api.w.org\/{rel}","templated":true}]}}