{"id":888170,"date":"2020-06-17T08:28:15","date_gmt":"2020-06-17T05:28:15","guid":{"rendered":"https:\/\/pellervo.fi\/?p=886745"},"modified":"2020-09-03T12:56:29","modified_gmt":"2020-09-03T09:56:29","slug":"pellervon-kansainvalisyysryhma-aloitti","status":"publish","type":"post","link":"https:\/\/pellervo.fi\/sv\/uutiset\/2020\/06\/17\/pellervon-kansainvalisyysryhma-aloitti\/","title":{"rendered":"Pellervon kansainv\u00e4lisyysryhm\u00e4 aloitti"},"content":{"rendered":"\n<p>Osuustoimintakeskus Pellervon vuorovaikutusryhmien toimintaa on selkeytetty siten, ett\u00e4 kansainv\u00e4liset asiat eriytettiin omalle forumilleen. Teht\u00e4v\u00e4n\u00e4 on seurata toimintaa ja edist\u00e4\u00e4 yhteisty\u00f6t\u00e4 kansainv\u00e4lisiss\u00e4 osuustoiminnan j\u00e4rjest\u00f6iss\u00e4. Aiemmin n\u00e4m\u00e4 keskustelut on p\u00e4\u00e4osin k\u00e4yty vuonna 2011 perustetussa 2020-toimikunnassa (my\u00f6hemmin 2030-).<\/p>\n<p>Nyt taakse j\u00e4\u00e4neess\u00e4 toimikunnassa suunniteltiin ja koordinoitiin YK:n kansainv\u00e4list\u00e4 osuustoimintavuotta 2012 ja sen j\u00e4lkeen ICA:n Osuustoiminnan kehityksen vuosikymment\u00e4.<\/p>\n<p><strong>Ensimm\u00e4inen kokous keskittyi EU-asioihin<\/strong><\/p>\n<p>Uuden kansainv\u00e4lisyysryhm\u00e4n ensimm\u00e4inen kokous pidettiin maanantaina 15. kes\u00e4kuuta Teamsin v\u00e4lityksell\u00e4. Siell\u00e4 k\u00e4ytiin l\u00e4pi Kansainv\u00e4lisen osuustoimintaliitto ICA:n ajankohtaiset asiat, joista merkitt\u00e4vimp\u00e4n\u00e4, ett\u00e4 j\u00e4rjest\u00f6n yleiskokous pidet\u00e4\u00e4n 3.syyskuuta virtuaalisesti.<\/p>\n<p>My\u00f6s Cooperatives Europen yleiskokous pidet\u00e4\u00e4n verkon v\u00e4lityksell\u00e4 30. kes\u00e4kuuta. Erityisen haasteen tuo, ett\u00e4 t\u00e4ss\u00e4 j\u00e4rjest\u00f6ss\u00e4 on ensi kev\u00e4\u00e4n\u00e4 aika valita uusi hallitus. Vaality\u00f6 on virtuaalisesti haastavaa. Todenn\u00e4k\u00f6ist\u00e4 kuitenkin on, ett\u00e4 sille ei ole vaihtoehtoja: Ennen vaaleja ei j\u00e4rjestet\u00e4 kohtaamisia. ICA:n vaalit pidet\u00e4\u00e4n ensi syksyn\u00e4.<\/p>\n<p>Muissa Eurooppa-j\u00e4rjest\u00f6iss\u00e4 (EuroCoop, Cogeca) on agendalla ollut erityisesti Euroopan vihre\u00e4n kehityksen ohjelma (<em>Green Deal<\/em>) ja sen sis\u00e4lt\u00e4m\u00e4 <em>Pellolta P\u00f6yt\u00e4\u00e4n<\/em> (<em>Farm2Fork)<\/em> -strategia. \u00a0<\/p>\n<p>Viimeisen\u00e4 keskusteltiin Kansainv\u00e4lisen osuustoimintap\u00e4iv\u00e4n (4. hein\u00e4kuuta) teemasta <em>Cooperatives for Climate Action<\/em>. Pellervolla on k\u00e4ynniss\u00e4 kampanja, jossa kootaan osuuskuntien ilmastotekoja. Niist\u00e4 on tarkoitus viesti\u00e4 laajemmin hein\u00e4kuun alussa.<\/p>\n<p><strong>Uudetkin kiinnostuneet tervetulleita mukaan<\/strong><\/p>\n<p>Osuustoimintakeskus Pellervo on osuustoiminnan kansainv\u00e4linen edunvalvonta- ja palvelukeskus. Olemme mukana monessa kansainv\u00e4lisess\u00e4 j\u00e4rjest\u00f6ss\u00e4 ja on t\u00e4rke\u00e4\u00e4, ett\u00e4 meill\u00e4 on j\u00e4senillemme tarjota yhteinen foorumi, jossa muualla Euroopassa ja maailmalla ajankohtaisista asioista voi kuulla ja niist\u00e4 keskustella.<\/p>\n<p>Kansainv\u00e4lisyysryhm\u00e4ss\u00e4 ovat teht\u00e4viens\u00e4 puolesta mukana kansainv\u00e4lisen osuustoimintaliitto ICA:n hallituksessa istuva <strong>Marjaana Saarikoski<\/strong> (SOK), Cooperatives Europen hallituksen j\u00e4sen <strong>Anu Puusa<\/strong> (Pellervo, It\u00e4-Suomen yliopisto), maatalousosuustoiminnan edunvalvontaa Brysseliss\u00e4 hoitavan Cogecan varapuheenjohtaja <strong>Tiina Linnainmaa<\/strong> (Pellervo, Osuuskunta L\u00e4nsi-Maito) sek\u00e4 Brysselin asiamies <strong>Rauli-Jan Albert<\/strong> (1.9.2020 alkaen).<\/p>\n<p>Mukaan ryhm\u00e4n keskusteluihin ovat tervetulleita kaikki sellaiset Pellervon j\u00e4senten edustajat, joilla on kiinnostusta seurata kansainv\u00e4lisi\u00e4 osuustoiminnan trendej\u00e4 ja kehityskulkuja. My\u00f6s tutkijat otetaan mieluusti mukaan!\u00a0\u00a0<\/p>\n<p>Ryhm\u00e4 kokoontuu muutaman kerran vuodessa, seuraavan kerran syksyll\u00e4.<\/p>\n<p>Lis\u00e4tietoja: vastuullisuusasiantuntija Hanna Muukka, <a href=\"mailto:hanna.muukka@pellervo.fi\">hanna.muukka@pellervo.fi<\/a><\/p>\n","protected":false},"excerpt":{"rendered":"<p>Kansainv\u00e4lisyysryhm\u00e4n teht\u00e4v\u00e4n\u00e4 on seurata toimintaa ja edist\u00e4\u00e4 yhteisty\u00f6t\u00e4 kansainv\u00e4lisiss\u00e4 osuustoiminnan j\u00e4rjest\u00f6iss\u00e4.<\/p>\n","protected":false},"author":6,"featured_media":886746,"comment_status":"open","ping_status":"open","sticky":false,"template":"","format":"standard","meta":{"inline_featured_image":false,"_monsterinsights_skip_tracking":false,"_monsterinsights_sitenote_active":false,"_monsterinsights_sitenote_note":"","_monsterinsights_sitenote_category":0,"site-sidebar-layout":"default","site-content-layout":"","ast-site-content-layout":"default","site-content-style":"default","site-sidebar-style":"default","ast-global-header-display":"","ast-banner-title-visibility":"","ast-main-header-display":"","ast-hfb-above-header-display":"","ast-hfb-below-header-display":"","ast-hfb-mobile-header-display":"","site-post-title":"","ast-breadcrumbs-content":"","ast-featured-img":"","footer-sml-layout":"","ast-disable-related-posts":"","theme-transparent-header-meta":"","adv-header-id-meta":"","stick-header-meta":"","header-above-stick-meta":"","header-main-stick-meta":"","header-below-stick-meta":"","astra-migrate-meta-layouts":"default","ast-page-background-enabled":"default","ast-page-background-meta":{"desktop":{"background-color":"","background-image":"","background-repeat":"repeat","background-position":"center center","background-size":"auto","background-attachment":"scroll","background-type":"","background-media":"","overlay-type":"","overlay-color":"","overlay-opacity":"","overlay-gradient":""},"tablet":{"background-color":"","background-image":"","background-repeat":"repeat","background-position":"center center","background-size":"auto","background-attachment":"scroll","background-type":"","background-media":"","overlay-type":"","overlay-color":"","overlay-opacity":"","overlay-gradient":""},"mobile":{"background-color":"","background-image":"","background-repeat":"repeat","background-position":"center center","background-size":"auto","background-attachment":"scroll","background-type":"","background-media":"","overlay-type":"","overlay-color":"","overlay-opacity":"","overlay-gradient":""}},"ast-content-background-meta":{"desktop":{"background-color":"var(--ast-global-color-5)","background-image":"","background-repeat":"repeat","background-position":"center center","background-size":"auto","background-attachment":"scroll","background-type":"","background-media":"","overlay-type":"","overlay-color":"","overlay-opacity":"","overlay-gradient":""},"tablet":{"background-color":"var(--ast-global-color-5)","background-image":"","background-repeat":"repeat","background-position":"center center","background-size":"auto","background-attachment":"scroll","background-type":"","background-media":"","overlay-type":"","overlay-color":"","overlay-opacity":"","overlay-gradient":""},"mobile":{"background-color":"var(--ast-global-color-5)","background-image":"","background-repeat":"repeat","background-position":"center center","background-size":"auto","background-attachment":"scroll","background-type":"","background-media":"","overlay-type":"","overlay-color":"","overlay-opacity":"","overlay-gradient":""}},"_FSMCFIC_featured_image_caption":"","_FSMCFIC_featured_image_nocaption":"","_FSMCFIC_featured_image_hide":"","footnotes":""},"categories":[22],"tags":[],"class_list":["post-888170","post","type-post","status-publish","format-standard","has-post-thumbnail","hentry","category-uutiset"],"yoast_head":"<!-- This site is optimized with the Yoast SEO plugin v27.5 - https:\/\/yoast.com\/product\/yoast-seo-wordpress\/ -->\n<title>Pellervon kansainv\u00e4lisyysryhm\u00e4 aloitti - Pellervo<\/title>\n<meta name=\"robots\" content=\"index, follow, max-snippet:-1, max-image-preview:large, max-video-preview:-1\" \/>\n<link rel=\"canonical\" href=\"https:\/\/pellervo.fi\/en\/uutiset\/2020\/06\/17\/pellervon-kansainvalisyysryhma-aloitti\/\" \/>\n<meta property=\"og:locale\" content=\"sv_SE\" \/>\n<meta property=\"og:type\" content=\"article\" \/>\n<meta property=\"og:title\" content=\"Pellervon kansainv\u00e4lisyysryhm\u00e4 aloitti - Pellervo\" \/>\n<meta property=\"og:description\" content=\"Kansainv\u00e4lisyysryhm\u00e4n teht\u00e4v\u00e4n\u00e4 on seurata toimintaa ja edist\u00e4\u00e4 yhteisty\u00f6t\u00e4 kansainv\u00e4lisiss\u00e4 osuustoiminnan j\u00e4rjest\u00f6iss\u00e4.\" \/>\n<meta property=\"og:url\" content=\"https:\/\/pellervo.fi\/en\/uutiset\/2020\/06\/17\/pellervon-kansainvalisyysryhma-aloitti\/\" \/>\n<meta property=\"og:site_name\" content=\"Pellervo\" \/>\n<meta property=\"article:published_time\" content=\"2020-06-17T05:28:15+00:00\" \/>\n<meta property=\"article:modified_time\" content=\"2020-09-03T09:56:29+00:00\" \/>\n<meta property=\"og:image\" content=\"https:\/\/pellervo.fi\/wp-content\/uploads\/2020\/04\/pallo2020.jpg\" \/>\n\t<meta property=\"og:image:width\" content=\"850\" \/>\n\t<meta property=\"og:image:height\" content=\"560\" \/>\n\t<meta property=\"og:image:type\" content=\"image\/jpeg\" \/>\n<meta name=\"author\" content=\"Hanna Muukka\" \/>\n<meta name=\"twitter:card\" content=\"summary_large_image\" \/>\n<meta name=\"twitter:creator\" content=\"@PellervoFi\" \/>\n<meta name=\"twitter:site\" content=\"@PellervoFi\" \/>\n<meta name=\"twitter:label1\" content=\"Skriven av\" \/>\n\t<meta name=\"twitter:data1\" content=\"Hanna Muukka\" \/>\n\t<meta name=\"twitter:label2\" content=\"Ber\u00e4knad l\u00e4stid\" \/>\n\t<meta name=\"twitter:data2\" content=\"2 minuter\" \/>\n<script type=\"application\/ld+json\" class=\"yoast-schema-graph\">{\"@context\":\"https:\\\/\\\/schema.org\",\"@graph\":[{\"@type\":\"Article\",\"@id\":\"https:\\\/\\\/pellervo.fi\\\/en\\\/uutiset\\\/2020\\\/06\\\/17\\\/pellervon-kansainvalisyysryhma-aloitti\\\/#article\",\"isPartOf\":{\"@id\":\"https:\\\/\\\/pellervo.fi\\\/en\\\/uutiset\\\/2020\\\/06\\\/17\\\/pellervon-kansainvalisyysryhma-aloitti\\\/\"},\"author\":{\"name\":\"Hanna Muukka\",\"@id\":\"https:\\\/\\\/pellervo.fi\\\/#\\\/schema\\\/person\\\/f001b7c670bab10e5236b09672d9e6a3\"},\"headline\":\"Pellervon kansainv\u00e4lisyysryhm\u00e4 aloitti\",\"datePublished\":\"2020-06-17T05:28:15+00:00\",\"dateModified\":\"2020-09-03T09:56:29+00:00\",\"mainEntityOfPage\":{\"@id\":\"https:\\\/\\\/pellervo.fi\\\/en\\\/uutiset\\\/2020\\\/06\\\/17\\\/pellervon-kansainvalisyysryhma-aloitti\\\/\"},\"wordCount\":368,\"commentCount\":0,\"publisher\":{\"@id\":\"https:\\\/\\\/pellervo.fi\\\/#organization\"},\"image\":{\"@id\":\"https:\\\/\\\/pellervo.fi\\\/en\\\/uutiset\\\/2020\\\/06\\\/17\\\/pellervon-kansainvalisyysryhma-aloitti\\\/#primaryimage\"},\"thumbnailUrl\":\"\",\"articleSection\":[\"Uutiset\"],\"inLanguage\":\"sv-SE\",\"potentialAction\":[{\"@type\":\"CommentAction\",\"name\":\"Comment\",\"target\":[\"https:\\\/\\\/pellervo.fi\\\/en\\\/uutiset\\\/2020\\\/06\\\/17\\\/pellervon-kansainvalisyysryhma-aloitti\\\/#respond\"]}]},{\"@type\":\"WebPage\",\"@id\":\"https:\\\/\\\/pellervo.fi\\\/en\\\/uutiset\\\/2020\\\/06\\\/17\\\/pellervon-kansainvalisyysryhma-aloitti\\\/\",\"url\":\"https:\\\/\\\/pellervo.fi\\\/en\\\/uutiset\\\/2020\\\/06\\\/17\\\/pellervon-kansainvalisyysryhma-aloitti\\\/\",\"name\":\"Pellervon kansainv\u00e4lisyysryhm\u00e4 aloitti - Pellervo\",\"isPartOf\":{\"@id\":\"https:\\\/\\\/pellervo.fi\\\/#website\"},\"primaryImageOfPage\":{\"@id\":\"https:\\\/\\\/pellervo.fi\\\/en\\\/uutiset\\\/2020\\\/06\\\/17\\\/pellervon-kansainvalisyysryhma-aloitti\\\/#primaryimage\"},\"image\":{\"@id\":\"https:\\\/\\\/pellervo.fi\\\/en\\\/uutiset\\\/2020\\\/06\\\/17\\\/pellervon-kansainvalisyysryhma-aloitti\\\/#primaryimage\"},\"thumbnailUrl\":\"\",\"datePublished\":\"2020-06-17T05:28:15+00:00\",\"dateModified\":\"2020-09-03T09:56:29+00:00\",\"breadcrumb\":{\"@id\":\"https:\\\/\\\/pellervo.fi\\\/en\\\/uutiset\\\/2020\\\/06\\\/17\\\/pellervon-kansainvalisyysryhma-aloitti\\\/#breadcrumb\"},\"inLanguage\":\"sv-SE\",\"potentialAction\":[{\"@type\":\"ReadAction\",\"target\":[\"https:\\\/\\\/pellervo.fi\\\/en\\\/uutiset\\\/2020\\\/06\\\/17\\\/pellervon-kansainvalisyysryhma-aloitti\\\/\"]}]},{\"@type\":\"ImageObject\",\"inLanguage\":\"sv-SE\",\"@id\":\"https:\\\/\\\/pellervo.fi\\\/en\\\/uutiset\\\/2020\\\/06\\\/17\\\/pellervon-kansainvalisyysryhma-aloitti\\\/#primaryimage\",\"url\":\"\",\"contentUrl\":\"\"},{\"@type\":\"BreadcrumbList\",\"@id\":\"https:\\\/\\\/pellervo.fi\\\/en\\\/uutiset\\\/2020\\\/06\\\/17\\\/pellervon-kansainvalisyysryhma-aloitti\\\/#breadcrumb\",\"itemListElement\":[{\"@type\":\"ListItem\",\"position\":1,\"name\":\"Koti\",\"item\":\"https:\\\/\\\/pellervo.fi\\\/sv\\\/\"},{\"@type\":\"ListItem\",\"position\":2,\"name\":\"Pellervon kansainv\u00e4lisyysryhm\u00e4 aloitti\"}]},{\"@type\":\"WebSite\",\"@id\":\"https:\\\/\\\/pellervo.fi\\\/#website\",\"url\":\"https:\\\/\\\/pellervo.fi\\\/\",\"name\":\"Pellervo\",\"description\":\"Osuuskuntien keskusj\u00e4rjest\u00f6\",\"publisher\":{\"@id\":\"https:\\\/\\\/pellervo.fi\\\/#organization\"},\"potentialAction\":[{\"@type\":\"SearchAction\",\"target\":{\"@type\":\"EntryPoint\",\"urlTemplate\":\"https:\\\/\\\/pellervo.fi\\\/?s={search_term_string}\"},\"query-input\":{\"@type\":\"PropertyValueSpecification\",\"valueRequired\":true,\"valueName\":\"search_term_string\"}}],\"inLanguage\":\"sv-SE\"},{\"@type\":\"Organization\",\"@id\":\"https:\\\/\\\/pellervo.fi\\\/#organization\",\"name\":\"Osuustoimintakeskus Pellervo ry\",\"url\":\"https:\\\/\\\/pellervo.fi\\\/\",\"logo\":{\"@type\":\"ImageObject\",\"inLanguage\":\"sv-SE\",\"@id\":\"https:\\\/\\\/pellervo.fi\\\/#\\\/schema\\\/logo\\\/image\\\/\",\"url\":\"https:\\\/\\\/pellervo.fi\\\/wp-content\\\/uploads\\\/2020\\\/05\\\/Pellervo_logo.png\",\"contentUrl\":\"https:\\\/\\\/pellervo.fi\\\/wp-content\\\/uploads\\\/2020\\\/05\\\/Pellervo_logo.png\",\"width\":1335,\"height\":376,\"caption\":\"Osuustoimintakeskus Pellervo ry\"},\"image\":{\"@id\":\"https:\\\/\\\/pellervo.fi\\\/#\\\/schema\\\/logo\\\/image\\\/\"},\"sameAs\":[\"https:\\\/\\\/x.com\\\/PellervoFi\"]},{\"@type\":\"Person\",\"@id\":\"https:\\\/\\\/pellervo.fi\\\/#\\\/schema\\\/person\\\/f001b7c670bab10e5236b09672d9e6a3\",\"name\":\"Hanna Muukka\",\"image\":{\"@type\":\"ImageObject\",\"inLanguage\":\"sv-SE\",\"@id\":\"https:\\\/\\\/pellervo.fi\\\/wp-content\\\/uploads\\\/2014\\\/02\\\/Hanna-Muukka_avatar_1393417732-96x96.jpg\",\"url\":\"https:\\\/\\\/pellervo.fi\\\/wp-content\\\/uploads\\\/2014\\\/02\\\/Hanna-Muukka_avatar_1393417732-96x96.jpg\",\"contentUrl\":\"https:\\\/\\\/pellervo.fi\\\/wp-content\\\/uploads\\\/2014\\\/02\\\/Hanna-Muukka_avatar_1393417732-96x96.jpg\",\"caption\":\"Hanna Muukka\"},\"description\":\"Kirjoittaja ty\u00f6skentelee Osuustoimintakeskus Pellervossa vastuullisuusasiantuntijana.\",\"url\":\"https:\\\/\\\/pellervo.fi\\\/sv\\\/author\\\/hannamuu\\\/\"}]}<\/script>\n<!-- \/ Yoast SEO plugin. -->","yoast_head_json":{"title":"Pellervon kansainv\u00e4lisyysryhm\u00e4 aloitti - Pellervo","robots":{"index":"index","follow":"follow","max-snippet":"max-snippet:-1","max-image-preview":"max-image-preview:large","max-video-preview":"max-video-preview:-1"},"canonical":"https:\/\/pellervo.fi\/en\/uutiset\/2020\/06\/17\/pellervon-kansainvalisyysryhma-aloitti\/","og_locale":"sv_SE","og_type":"article","og_title":"Pellervon kansainv\u00e4lisyysryhm\u00e4 aloitti - Pellervo","og_description":"Kansainv\u00e4lisyysryhm\u00e4n teht\u00e4v\u00e4n\u00e4 on seurata toimintaa ja edist\u00e4\u00e4 yhteisty\u00f6t\u00e4 kansainv\u00e4lisiss\u00e4 osuustoiminnan j\u00e4rjest\u00f6iss\u00e4.","og_url":"https:\/\/pellervo.fi\/en\/uutiset\/2020\/06\/17\/pellervon-kansainvalisyysryhma-aloitti\/","og_site_name":"Pellervo","article_published_time":"2020-06-17T05:28:15+00:00","article_modified_time":"2020-09-03T09:56:29+00:00","og_image":[{"width":850,"height":560,"url":"https:\/\/pellervo.fi\/wp-content\/uploads\/2020\/04\/pallo2020.jpg","type":"image\/jpeg"}],"author":"Hanna Muukka","twitter_card":"summary_large_image","twitter_creator":"@PellervoFi","twitter_site":"@PellervoFi","twitter_misc":{"Skriven av":"Hanna Muukka","Ber\u00e4knad l\u00e4stid":"2 minuter"},"schema":{"@context":"https:\/\/schema.org","@graph":[{"@type":"Article","@id":"https:\/\/pellervo.fi\/en\/uutiset\/2020\/06\/17\/pellervon-kansainvalisyysryhma-aloitti\/#article","isPartOf":{"@id":"https:\/\/pellervo.fi\/en\/uutiset\/2020\/06\/17\/pellervon-kansainvalisyysryhma-aloitti\/"},"author":{"name":"Hanna Muukka","@id":"https:\/\/pellervo.fi\/#\/schema\/person\/f001b7c670bab10e5236b09672d9e6a3"},"headline":"Pellervon kansainv\u00e4lisyysryhm\u00e4 aloitti","datePublished":"2020-06-17T05:28:15+00:00","dateModified":"2020-09-03T09:56:29+00:00","mainEntityOfPage":{"@id":"https:\/\/pellervo.fi\/en\/uutiset\/2020\/06\/17\/pellervon-kansainvalisyysryhma-aloitti\/"},"wordCount":368,"commentCount":0,"publisher":{"@id":"https:\/\/pellervo.fi\/#organization"},"image":{"@id":"https:\/\/pellervo.fi\/en\/uutiset\/2020\/06\/17\/pellervon-kansainvalisyysryhma-aloitti\/#primaryimage"},"thumbnailUrl":"","articleSection":["Uutiset"],"inLanguage":"sv-SE","potentialAction":[{"@type":"CommentAction","name":"Comment","target":["https:\/\/pellervo.fi\/en\/uutiset\/2020\/06\/17\/pellervon-kansainvalisyysryhma-aloitti\/#respond"]}]},{"@type":"WebPage","@id":"https:\/\/pellervo.fi\/en\/uutiset\/2020\/06\/17\/pellervon-kansainvalisyysryhma-aloitti\/","url":"https:\/\/pellervo.fi\/en\/uutiset\/2020\/06\/17\/pellervon-kansainvalisyysryhma-aloitti\/","name":"Pellervon kansainv\u00e4lisyysryhm\u00e4 aloitti - Pellervo","isPartOf":{"@id":"https:\/\/pellervo.fi\/#website"},"primaryImageOfPage":{"@id":"https:\/\/pellervo.fi\/en\/uutiset\/2020\/06\/17\/pellervon-kansainvalisyysryhma-aloitti\/#primaryimage"},"image":{"@id":"https:\/\/pellervo.fi\/en\/uutiset\/2020\/06\/17\/pellervon-kansainvalisyysryhma-aloitti\/#primaryimage"},"thumbnailUrl":"","datePublished":"2020-06-17T05:28:15+00:00","dateModified":"2020-09-03T09:56:29+00:00","breadcrumb":{"@id":"https:\/\/pellervo.fi\/en\/uutiset\/2020\/06\/17\/pellervon-kansainvalisyysryhma-aloitti\/#breadcrumb"},"inLanguage":"sv-SE","potentialAction":[{"@type":"ReadAction","target":["https:\/\/pellervo.fi\/en\/uutiset\/2020\/06\/17\/pellervon-kansainvalisyysryhma-aloitti\/"]}]},{"@type":"ImageObject","inLanguage":"sv-SE","@id":"https:\/\/pellervo.fi\/en\/uutiset\/2020\/06\/17\/pellervon-kansainvalisyysryhma-aloitti\/#primaryimage","url":"","contentUrl":""},{"@type":"BreadcrumbList","@id":"https:\/\/pellervo.fi\/en\/uutiset\/2020\/06\/17\/pellervon-kansainvalisyysryhma-aloitti\/#breadcrumb","itemListElement":[{"@type":"ListItem","position":1,"name":"Koti","item":"https:\/\/pellervo.fi\/sv\/"},{"@type":"ListItem","position":2,"name":"Pellervon kansainv\u00e4lisyysryhm\u00e4 aloitti"}]},{"@type":"WebSite","@id":"https:\/\/pellervo.fi\/#website","url":"https:\/\/pellervo.fi\/","name":"Pellervo","description":"Osuuskuntien keskusj\u00e4rjest\u00f6","publisher":{"@id":"https:\/\/pellervo.fi\/#organization"},"potentialAction":[{"@type":"SearchAction","target":{"@type":"EntryPoint","urlTemplate":"https:\/\/pellervo.fi\/?s={search_term_string}"},"query-input":{"@type":"PropertyValueSpecification","valueRequired":true,"valueName":"search_term_string"}}],"inLanguage":"sv-SE"},{"@type":"Organization","@id":"https:\/\/pellervo.fi\/#organization","name":"Osuustoimintakeskus Pellervo ry","url":"https:\/\/pellervo.fi\/","logo":{"@type":"ImageObject","inLanguage":"sv-SE","@id":"https:\/\/pellervo.fi\/#\/schema\/logo\/image\/","url":"https:\/\/pellervo.fi\/wp-content\/uploads\/2020\/05\/Pellervo_logo.png","contentUrl":"https:\/\/pellervo.fi\/wp-content\/uploads\/2020\/05\/Pellervo_logo.png","width":1335,"height":376,"caption":"Osuustoimintakeskus Pellervo ry"},"image":{"@id":"https:\/\/pellervo.fi\/#\/schema\/logo\/image\/"},"sameAs":["https:\/\/x.com\/PellervoFi"]},{"@type":"Person","@id":"https:\/\/pellervo.fi\/#\/schema\/person\/f001b7c670bab10e5236b09672d9e6a3","name":"Hanna Muukka","image":{"@type":"ImageObject","inLanguage":"sv-SE","@id":"https:\/\/pellervo.fi\/wp-content\/uploads\/2014\/02\/Hanna-Muukka_avatar_1393417732-96x96.jpg","url":"https:\/\/pellervo.fi\/wp-content\/uploads\/2014\/02\/Hanna-Muukka_avatar_1393417732-96x96.jpg","contentUrl":"https:\/\/pellervo.fi\/wp-content\/uploads\/2014\/02\/Hanna-Muukka_avatar_1393417732-96x96.jpg","caption":"Hanna Muukka"},"description":"Kirjoittaja ty\u00f6skentelee Osuustoimintakeskus Pellervossa vastuullisuusasiantuntijana.","url":"https:\/\/pellervo.fi\/sv\/author\/hannamuu\/"}]}},"_links":{"self":[{"href":"https:\/\/pellervo.fi\/sv\/wp-json\/wp\/v2\/posts\/888170","targetHints":{"allow":["GET"]}}],"collection":[{"href":"https:\/\/pellervo.fi\/sv\/wp-json\/wp\/v2\/posts"}],"about":[{"href":"https:\/\/pellervo.fi\/sv\/wp-json\/wp\/v2\/types\/post"}],"author":[{"embeddable":true,"href":"https:\/\/pellervo.fi\/sv\/wp-json\/wp\/v2\/users\/6"}],"replies":[{"embeddable":true,"href":"https:\/\/pellervo.fi\/sv\/wp-json\/wp\/v2\/comments?post=888170"}],"version-history":[{"count":1,"href":"https:\/\/pellervo.fi\/sv\/wp-json\/wp\/v2\/posts\/888170\/revisions"}],"predecessor-version":[{"id":888199,"href":"https:\/\/pellervo.fi\/sv\/wp-json\/wp\/v2\/posts\/888170\/revisions\/888199"}],"wp:featuredmedia":[{"embeddable":true,"href":"https:\/\/pellervo.fi\/sv\/wp-json\/"}],"wp:attachment":[{"href":"https:\/\/pellervo.fi\/sv\/wp-json\/wp\/v2\/media?parent=888170"}],"wp:term":[{"taxonomy":"category","embeddable":true,"href":"https:\/\/pellervo.fi\/sv\/wp-json\/wp\/v2\/categories?post=888170"},{"taxonomy":"post_tag","embeddable":true,"href":"https:\/\/pellervo.fi\/sv\/wp-json\/wp\/v2\/tags?post=888170"}],"curies":[{"name":"wp","href":"https:\/\/api.w.org\/{rel}","templated":true}]}}