{"id":888580,"date":"2020-09-29T08:57:19","date_gmt":"2020-09-29T05:57:19","guid":{"rendered":"https:\/\/pellervo.fi\/?p=888580"},"modified":"2020-09-29T09:13:32","modified_gmt":"2020-09-29T06:13:32","slug":"s-ryhma-tuplasi-aurinkovoimansa-vuodessa","status":"publish","type":"post","link":"https:\/\/pellervo.fi\/sv\/vastuullisuus\/2020\/09\/29\/s-ryhma-tuplasi-aurinkovoimansa-vuodessa\/","title":{"rendered":"S-ryhm\u00e4 tuplasi aurinkovoimansa vuodessa"},"content":{"rendered":"\n<p><strong>S-ryhm\u00e4 on nostanut viimeisen vuoden aikana aurinkoenergian tuotantokapasiteettinsa kaksinkertaiseksi. Nyt aurinkopaneeleja on kaupparyhm\u00e4n katoille asennettuna noin 70 000, mik\u00e4 tekee ryhm\u00e4st\u00e4 selv\u00e4sti Suomen suurimman aurinkos\u00e4hk\u00f6n tuottajan.<\/strong><\/p>\n\n\n\n<p>Aurinkopaneelien m\u00e4\u00e4r\u00e4 nousee viel\u00e4 vuoden loppuun menness\u00e4 76 000:een. Tuolloin yli 130 toimipaikan katolle asennettujen paneelien kokonaiskapasiteetti on noin 23 000 kilowattia.<\/p>\n\n\n\n<p>&#8211; Aurinkoisina p\u00e4ivin\u00e4 joissakin myym\u00e4l\u00f6iss\u00e4 voidaan jo koko s\u00e4hk\u00f6ntarve kattaa aurinkos\u00e4hk\u00f6ll\u00e4. Vuositasolla toimipaikkakohtainen tuotanto voi kattaa parhaimmillaan 20 prosenttia tarpeesta, toimitusjohtaja <strong>Mikko Halonen<\/strong> S-Voimasta kertoo.<\/p>\n\n\n\n<p>Aurinkovoiman tuotanto on suurimmillaan juuri silloin kuin kulutuskin on korkeimmalla, siis aurinkoisina kes\u00e4p\u00e4ivin\u00e4, jolloin myym\u00e4l\u00f6iden kylm\u00e4laitteet ja j\u00e4\u00e4hdytys viev\u00e4t paljon s\u00e4hk\u00f6\u00e4. T\u00e4n\u00e4 vuonna t\u00e4m\u00e4 on n\u00e4kynyt erityisesti kes\u00e4kuussa ja elokuussa, jolloin aurinkoisia p\u00e4ivi\u00e4 on ollut paljon.<\/p>\n\n\n\n<p>&#8211; Aurinkos\u00e4hk\u00f6j\u00e4rjestelmien asentaminen jatkuu S-ryhm\u00e4ss\u00e4 tulevina vuosina. Yhdess\u00e4 tuulivoimatuotannon kanssa ne takaavat sen, ett\u00e4 p\u00e4\u00e4semme tavoitteeseemme k\u00e4ytt\u00e4\u00e4 vain uusiutuvalla energial\u00e4hteill\u00e4 tuotettua s\u00e4hk\u00f6\u00e4 vuoden 2030 j\u00e4lkeen, Halonen linjaa.<\/p>\n\n\n\n<p>Uusiutuvan energian tavoite on osa S-ryhm\u00e4n viime kev\u00e4\u00e4n\u00e4 hyv\u00e4ksym\u00e4\u00e4 Suomen kunnianhimoisinta ilmastolinjausta. Sen mukaan ryhm\u00e4 on ilmastonegatiivinen oman toimintansa osalta vuoden 2025 loppuun menness\u00e4. Tuolloin kaupparyhm\u00e4 siis poistaa ilmasta enemm\u00e4n hiilt\u00e4 kuin tuottaa sinne.<\/p>\n","protected":false},"excerpt":{"rendered":"<p>S-ryhm\u00e4ll\u00e4 on asennettuna aurinkopaneeleja kaupparyhm\u00e4n katoille noin 70 000, mik\u00e4 tekee ryhm\u00e4st\u00e4 selv\u00e4sti Suomen suurimman aurinkos\u00e4hk\u00f6n tuottajan.<\/p>\n","protected":false},"author":6,"featured_media":888581,"comment_status":"closed","ping_status":"closed","sticky":false,"template":"","format":"standard","meta":{"inline_featured_image":false,"_monsterinsights_skip_tracking":false,"_monsterinsights_sitenote_active":false,"_monsterinsights_sitenote_note":"","_monsterinsights_sitenote_category":0,"site-sidebar-layout":"default","site-content-layout":"default","ast-site-content-layout":"default","site-content-style":"default","site-sidebar-style":"default","ast-global-header-display":"","ast-banner-title-visibility":"","ast-main-header-display":"","ast-hfb-above-header-display":"","ast-hfb-below-header-display":"","ast-hfb-mobile-header-display":"","site-post-title":"","ast-breadcrumbs-content":"","ast-featured-img":"","footer-sml-layout":"","ast-disable-related-posts":"","theme-transparent-header-meta":"default","adv-header-id-meta":"","stick-header-meta":"","header-above-stick-meta":"","header-main-stick-meta":"","header-below-stick-meta":"","astra-migrate-meta-layouts":"default","ast-page-background-enabled":"default","ast-page-background-meta":{"desktop":{"background-color":"","background-image":"","background-repeat":"repeat","background-position":"center center","background-size":"auto","background-attachment":"scroll","background-type":"","background-media":"","overlay-type":"","overlay-color":"","overlay-opacity":"","overlay-gradient":""},"tablet":{"background-color":"","background-image":"","background-repeat":"repeat","background-position":"center center","background-size":"auto","background-attachment":"scroll","background-type":"","background-media":"","overlay-type":"","overlay-color":"","overlay-opacity":"","overlay-gradient":""},"mobile":{"background-color":"","background-image":"","background-repeat":"repeat","background-position":"center center","background-size":"auto","background-attachment":"scroll","background-type":"","background-media":"","overlay-type":"","overlay-color":"","overlay-opacity":"","overlay-gradient":""}},"ast-content-background-meta":{"desktop":{"background-color":"var(--ast-global-color-5)","background-image":"","background-repeat":"repeat","background-position":"center center","background-size":"auto","background-attachment":"scroll","background-type":"","background-media":"","overlay-type":"","overlay-color":"","overlay-opacity":"","overlay-gradient":""},"tablet":{"background-color":"var(--ast-global-color-5)","background-image":"","background-repeat":"repeat","background-position":"center center","background-size":"auto","background-attachment":"scroll","background-type":"","background-media":"","overlay-type":"","overlay-color":"","overlay-opacity":"","overlay-gradient":""},"mobile":{"background-color":"var(--ast-global-color-5)","background-image":"","background-repeat":"repeat","background-position":"center center","background-size":"auto","background-attachment":"scroll","background-type":"","background-media":"","overlay-type":"","overlay-color":"","overlay-opacity":"","overlay-gradient":""}},"_FSMCFIC_featured_image_caption":"","_FSMCFIC_featured_image_nocaption":"","_FSMCFIC_featured_image_hide":"","footnotes":""},"categories":[224],"tags":[],"class_list":["post-888580","post","type-post","status-publish","format-standard","has-post-thumbnail","hentry","category-vastuullisuus"],"yoast_head":"<!-- This site is optimized with the Yoast SEO plugin v27.4 - https:\/\/yoast.com\/product\/yoast-seo-wordpress\/ -->\n<title>S-ryhm\u00e4 tuplasi aurinkovoimansa vuodessa - Pellervo<\/title>\n<meta name=\"robots\" content=\"index, follow, max-snippet:-1, max-image-preview:large, max-video-preview:-1\" \/>\n<link rel=\"canonical\" href=\"https:\/\/pellervo.fi\/vastuullisuus\/2020\/09\/29\/s-ryhma-tuplasi-aurinkovoimansa-vuodessa\/\" \/>\n<meta property=\"og:locale\" content=\"sv_SE\" \/>\n<meta property=\"og:type\" content=\"article\" \/>\n<meta property=\"og:title\" content=\"S-ryhm\u00e4 tuplasi aurinkovoimansa vuodessa - Pellervo\" \/>\n<meta property=\"og:description\" content=\"S-ryhm\u00e4ll\u00e4 on asennettuna aurinkopaneeleja kaupparyhm\u00e4n katoille noin 70 000, mik\u00e4 tekee ryhm\u00e4st\u00e4 selv\u00e4sti Suomen suurimman aurinkos\u00e4hk\u00f6n tuottajan.\" \/>\n<meta property=\"og:url\" content=\"https:\/\/pellervo.fi\/vastuullisuus\/2020\/09\/29\/s-ryhma-tuplasi-aurinkovoimansa-vuodessa\/\" \/>\n<meta property=\"og:site_name\" content=\"Pellervo\" \/>\n<meta property=\"article:published_time\" content=\"2020-09-29T05:57:19+00:00\" \/>\n<meta property=\"article:modified_time\" content=\"2020-09-29T06:13:32+00:00\" \/>\n<meta property=\"og:image\" content=\"https:\/\/pellervo.fi\/wp-content\/uploads\/2020\/09\/ABC_aurinkompaneelit_kuva_Hannes_Ojala_Fortum-scaled.jpg\" \/>\n\t<meta property=\"og:image:width\" content=\"2560\" \/>\n\t<meta property=\"og:image:height\" content=\"1707\" \/>\n\t<meta property=\"og:image:type\" content=\"image\/jpeg\" \/>\n<meta name=\"author\" content=\"Hanna Muukka\" \/>\n<meta name=\"twitter:card\" content=\"summary_large_image\" \/>\n<meta name=\"twitter:creator\" content=\"@PellervoFi\" \/>\n<meta name=\"twitter:site\" content=\"@PellervoFi\" \/>\n<meta name=\"twitter:label1\" content=\"Skriven av\" \/>\n\t<meta name=\"twitter:data1\" content=\"Hanna Muukka\" \/>\n\t<meta name=\"twitter:label2\" content=\"Ber\u00e4knad l\u00e4stid\" \/>\n\t<meta name=\"twitter:data2\" content=\"1 minut\" \/>\n<script type=\"application\/ld+json\" class=\"yoast-schema-graph\">{\"@context\":\"https:\\\/\\\/schema.org\",\"@graph\":[{\"@type\":\"Article\",\"@id\":\"https:\\\/\\\/pellervo.fi\\\/vastuullisuus\\\/2020\\\/09\\\/29\\\/s-ryhma-tuplasi-aurinkovoimansa-vuodessa\\\/#article\",\"isPartOf\":{\"@id\":\"https:\\\/\\\/pellervo.fi\\\/vastuullisuus\\\/2020\\\/09\\\/29\\\/s-ryhma-tuplasi-aurinkovoimansa-vuodessa\\\/\"},\"author\":{\"name\":\"Hanna Muukka\",\"@id\":\"https:\\\/\\\/pellervo.fi\\\/#\\\/schema\\\/person\\\/f001b7c670bab10e5236b09672d9e6a3\"},\"headline\":\"S-ryhm\u00e4 tuplasi aurinkovoimansa vuodessa\",\"datePublished\":\"2020-09-29T05:57:19+00:00\",\"dateModified\":\"2020-09-29T06:13:32+00:00\",\"mainEntityOfPage\":{\"@id\":\"https:\\\/\\\/pellervo.fi\\\/vastuullisuus\\\/2020\\\/09\\\/29\\\/s-ryhma-tuplasi-aurinkovoimansa-vuodessa\\\/\"},\"wordCount\":204,\"publisher\":{\"@id\":\"https:\\\/\\\/pellervo.fi\\\/#organization\"},\"image\":{\"@id\":\"https:\\\/\\\/pellervo.fi\\\/vastuullisuus\\\/2020\\\/09\\\/29\\\/s-ryhma-tuplasi-aurinkovoimansa-vuodessa\\\/#primaryimage\"},\"thumbnailUrl\":\"https:\\\/\\\/pellervo.fi\\\/wp-content\\\/uploads\\\/2020\\\/09\\\/ABC_aurinkompaneelit_kuva_Hannes_Ojala_Fortum-scaled.jpg\",\"articleSection\":[\"Vastuullisuus\"],\"inLanguage\":\"sv-SE\"},{\"@type\":\"WebPage\",\"@id\":\"https:\\\/\\\/pellervo.fi\\\/vastuullisuus\\\/2020\\\/09\\\/29\\\/s-ryhma-tuplasi-aurinkovoimansa-vuodessa\\\/\",\"url\":\"https:\\\/\\\/pellervo.fi\\\/vastuullisuus\\\/2020\\\/09\\\/29\\\/s-ryhma-tuplasi-aurinkovoimansa-vuodessa\\\/\",\"name\":\"S-ryhm\u00e4 tuplasi aurinkovoimansa vuodessa - Pellervo\",\"isPartOf\":{\"@id\":\"https:\\\/\\\/pellervo.fi\\\/#website\"},\"primaryImageOfPage\":{\"@id\":\"https:\\\/\\\/pellervo.fi\\\/vastuullisuus\\\/2020\\\/09\\\/29\\\/s-ryhma-tuplasi-aurinkovoimansa-vuodessa\\\/#primaryimage\"},\"image\":{\"@id\":\"https:\\\/\\\/pellervo.fi\\\/vastuullisuus\\\/2020\\\/09\\\/29\\\/s-ryhma-tuplasi-aurinkovoimansa-vuodessa\\\/#primaryimage\"},\"thumbnailUrl\":\"https:\\\/\\\/pellervo.fi\\\/wp-content\\\/uploads\\\/2020\\\/09\\\/ABC_aurinkompaneelit_kuva_Hannes_Ojala_Fortum-scaled.jpg\",\"datePublished\":\"2020-09-29T05:57:19+00:00\",\"dateModified\":\"2020-09-29T06:13:32+00:00\",\"breadcrumb\":{\"@id\":\"https:\\\/\\\/pellervo.fi\\\/vastuullisuus\\\/2020\\\/09\\\/29\\\/s-ryhma-tuplasi-aurinkovoimansa-vuodessa\\\/#breadcrumb\"},\"inLanguage\":\"sv-SE\",\"potentialAction\":[{\"@type\":\"ReadAction\",\"target\":[\"https:\\\/\\\/pellervo.fi\\\/vastuullisuus\\\/2020\\\/09\\\/29\\\/s-ryhma-tuplasi-aurinkovoimansa-vuodessa\\\/\"]}]},{\"@type\":\"ImageObject\",\"inLanguage\":\"sv-SE\",\"@id\":\"https:\\\/\\\/pellervo.fi\\\/vastuullisuus\\\/2020\\\/09\\\/29\\\/s-ryhma-tuplasi-aurinkovoimansa-vuodessa\\\/#primaryimage\",\"url\":\"https:\\\/\\\/pellervo.fi\\\/wp-content\\\/uploads\\\/2020\\\/09\\\/ABC_aurinkompaneelit_kuva_Hannes_Ojala_Fortum-scaled.jpg\",\"contentUrl\":\"https:\\\/\\\/pellervo.fi\\\/wp-content\\\/uploads\\\/2020\\\/09\\\/ABC_aurinkompaneelit_kuva_Hannes_Ojala_Fortum-scaled.jpg\",\"width\":2560,\"height\":1707,\"caption\":\"default\"},{\"@type\":\"BreadcrumbList\",\"@id\":\"https:\\\/\\\/pellervo.fi\\\/vastuullisuus\\\/2020\\\/09\\\/29\\\/s-ryhma-tuplasi-aurinkovoimansa-vuodessa\\\/#breadcrumb\",\"itemListElement\":[{\"@type\":\"ListItem\",\"position\":1,\"name\":\"Koti\",\"item\":\"https:\\\/\\\/pellervo.fi\\\/sv\\\/\"},{\"@type\":\"ListItem\",\"position\":2,\"name\":\"S-ryhm\u00e4 tuplasi aurinkovoimansa vuodessa\"}]},{\"@type\":\"WebSite\",\"@id\":\"https:\\\/\\\/pellervo.fi\\\/#website\",\"url\":\"https:\\\/\\\/pellervo.fi\\\/\",\"name\":\"Pellervo\",\"description\":\"Osuuskuntien keskusj\u00e4rjest\u00f6\",\"publisher\":{\"@id\":\"https:\\\/\\\/pellervo.fi\\\/#organization\"},\"potentialAction\":[{\"@type\":\"SearchAction\",\"target\":{\"@type\":\"EntryPoint\",\"urlTemplate\":\"https:\\\/\\\/pellervo.fi\\\/?s={search_term_string}\"},\"query-input\":{\"@type\":\"PropertyValueSpecification\",\"valueRequired\":true,\"valueName\":\"search_term_string\"}}],\"inLanguage\":\"sv-SE\"},{\"@type\":\"Organization\",\"@id\":\"https:\\\/\\\/pellervo.fi\\\/#organization\",\"name\":\"Osuustoimintakeskus Pellervo ry\",\"url\":\"https:\\\/\\\/pellervo.fi\\\/\",\"logo\":{\"@type\":\"ImageObject\",\"inLanguage\":\"sv-SE\",\"@id\":\"https:\\\/\\\/pellervo.fi\\\/#\\\/schema\\\/logo\\\/image\\\/\",\"url\":\"https:\\\/\\\/pellervo.fi\\\/wp-content\\\/uploads\\\/2020\\\/05\\\/Pellervo_logo.png\",\"contentUrl\":\"https:\\\/\\\/pellervo.fi\\\/wp-content\\\/uploads\\\/2020\\\/05\\\/Pellervo_logo.png\",\"width\":1335,\"height\":376,\"caption\":\"Osuustoimintakeskus Pellervo ry\"},\"image\":{\"@id\":\"https:\\\/\\\/pellervo.fi\\\/#\\\/schema\\\/logo\\\/image\\\/\"},\"sameAs\":[\"https:\\\/\\\/x.com\\\/PellervoFi\"]},{\"@type\":\"Person\",\"@id\":\"https:\\\/\\\/pellervo.fi\\\/#\\\/schema\\\/person\\\/f001b7c670bab10e5236b09672d9e6a3\",\"name\":\"Hanna Muukka\",\"image\":{\"@type\":\"ImageObject\",\"inLanguage\":\"sv-SE\",\"@id\":\"https:\\\/\\\/pellervo.fi\\\/wp-content\\\/uploads\\\/2014\\\/02\\\/Hanna-Muukka_avatar_1393417732-96x96.jpg\",\"url\":\"https:\\\/\\\/pellervo.fi\\\/wp-content\\\/uploads\\\/2014\\\/02\\\/Hanna-Muukka_avatar_1393417732-96x96.jpg\",\"contentUrl\":\"https:\\\/\\\/pellervo.fi\\\/wp-content\\\/uploads\\\/2014\\\/02\\\/Hanna-Muukka_avatar_1393417732-96x96.jpg\",\"caption\":\"Hanna Muukka\"},\"description\":\"Kirjoittaja ty\u00f6skentelee Osuustoimintakeskus Pellervossa vastuullisuusasiantuntijana.\",\"url\":\"https:\\\/\\\/pellervo.fi\\\/sv\\\/author\\\/hannamuu\\\/\"}]}<\/script>\n<!-- \/ Yoast SEO plugin. -->","yoast_head_json":{"title":"S-ryhm\u00e4 tuplasi aurinkovoimansa vuodessa - Pellervo","robots":{"index":"index","follow":"follow","max-snippet":"max-snippet:-1","max-image-preview":"max-image-preview:large","max-video-preview":"max-video-preview:-1"},"canonical":"https:\/\/pellervo.fi\/vastuullisuus\/2020\/09\/29\/s-ryhma-tuplasi-aurinkovoimansa-vuodessa\/","og_locale":"sv_SE","og_type":"article","og_title":"S-ryhm\u00e4 tuplasi aurinkovoimansa vuodessa - Pellervo","og_description":"S-ryhm\u00e4ll\u00e4 on asennettuna aurinkopaneeleja kaupparyhm\u00e4n katoille noin 70 000, mik\u00e4 tekee ryhm\u00e4st\u00e4 selv\u00e4sti Suomen suurimman aurinkos\u00e4hk\u00f6n tuottajan.","og_url":"https:\/\/pellervo.fi\/vastuullisuus\/2020\/09\/29\/s-ryhma-tuplasi-aurinkovoimansa-vuodessa\/","og_site_name":"Pellervo","article_published_time":"2020-09-29T05:57:19+00:00","article_modified_time":"2020-09-29T06:13:32+00:00","og_image":[{"width":2560,"height":1707,"url":"https:\/\/pellervo.fi\/wp-content\/uploads\/2020\/09\/ABC_aurinkompaneelit_kuva_Hannes_Ojala_Fortum-scaled.jpg","type":"image\/jpeg"}],"author":"Hanna Muukka","twitter_card":"summary_large_image","twitter_creator":"@PellervoFi","twitter_site":"@PellervoFi","twitter_misc":{"Skriven av":"Hanna Muukka","Ber\u00e4knad l\u00e4stid":"1 minut"},"schema":{"@context":"https:\/\/schema.org","@graph":[{"@type":"Article","@id":"https:\/\/pellervo.fi\/vastuullisuus\/2020\/09\/29\/s-ryhma-tuplasi-aurinkovoimansa-vuodessa\/#article","isPartOf":{"@id":"https:\/\/pellervo.fi\/vastuullisuus\/2020\/09\/29\/s-ryhma-tuplasi-aurinkovoimansa-vuodessa\/"},"author":{"name":"Hanna Muukka","@id":"https:\/\/pellervo.fi\/#\/schema\/person\/f001b7c670bab10e5236b09672d9e6a3"},"headline":"S-ryhm\u00e4 tuplasi aurinkovoimansa vuodessa","datePublished":"2020-09-29T05:57:19+00:00","dateModified":"2020-09-29T06:13:32+00:00","mainEntityOfPage":{"@id":"https:\/\/pellervo.fi\/vastuullisuus\/2020\/09\/29\/s-ryhma-tuplasi-aurinkovoimansa-vuodessa\/"},"wordCount":204,"publisher":{"@id":"https:\/\/pellervo.fi\/#organization"},"image":{"@id":"https:\/\/pellervo.fi\/vastuullisuus\/2020\/09\/29\/s-ryhma-tuplasi-aurinkovoimansa-vuodessa\/#primaryimage"},"thumbnailUrl":"https:\/\/pellervo.fi\/wp-content\/uploads\/2020\/09\/ABC_aurinkompaneelit_kuva_Hannes_Ojala_Fortum-scaled.jpg","articleSection":["Vastuullisuus"],"inLanguage":"sv-SE"},{"@type":"WebPage","@id":"https:\/\/pellervo.fi\/vastuullisuus\/2020\/09\/29\/s-ryhma-tuplasi-aurinkovoimansa-vuodessa\/","url":"https:\/\/pellervo.fi\/vastuullisuus\/2020\/09\/29\/s-ryhma-tuplasi-aurinkovoimansa-vuodessa\/","name":"S-ryhm\u00e4 tuplasi aurinkovoimansa vuodessa - Pellervo","isPartOf":{"@id":"https:\/\/pellervo.fi\/#website"},"primaryImageOfPage":{"@id":"https:\/\/pellervo.fi\/vastuullisuus\/2020\/09\/29\/s-ryhma-tuplasi-aurinkovoimansa-vuodessa\/#primaryimage"},"image":{"@id":"https:\/\/pellervo.fi\/vastuullisuus\/2020\/09\/29\/s-ryhma-tuplasi-aurinkovoimansa-vuodessa\/#primaryimage"},"thumbnailUrl":"https:\/\/pellervo.fi\/wp-content\/uploads\/2020\/09\/ABC_aurinkompaneelit_kuva_Hannes_Ojala_Fortum-scaled.jpg","datePublished":"2020-09-29T05:57:19+00:00","dateModified":"2020-09-29T06:13:32+00:00","breadcrumb":{"@id":"https:\/\/pellervo.fi\/vastuullisuus\/2020\/09\/29\/s-ryhma-tuplasi-aurinkovoimansa-vuodessa\/#breadcrumb"},"inLanguage":"sv-SE","potentialAction":[{"@type":"ReadAction","target":["https:\/\/pellervo.fi\/vastuullisuus\/2020\/09\/29\/s-ryhma-tuplasi-aurinkovoimansa-vuodessa\/"]}]},{"@type":"ImageObject","inLanguage":"sv-SE","@id":"https:\/\/pellervo.fi\/vastuullisuus\/2020\/09\/29\/s-ryhma-tuplasi-aurinkovoimansa-vuodessa\/#primaryimage","url":"https:\/\/pellervo.fi\/wp-content\/uploads\/2020\/09\/ABC_aurinkompaneelit_kuva_Hannes_Ojala_Fortum-scaled.jpg","contentUrl":"https:\/\/pellervo.fi\/wp-content\/uploads\/2020\/09\/ABC_aurinkompaneelit_kuva_Hannes_Ojala_Fortum-scaled.jpg","width":2560,"height":1707,"caption":"default"},{"@type":"BreadcrumbList","@id":"https:\/\/pellervo.fi\/vastuullisuus\/2020\/09\/29\/s-ryhma-tuplasi-aurinkovoimansa-vuodessa\/#breadcrumb","itemListElement":[{"@type":"ListItem","position":1,"name":"Koti","item":"https:\/\/pellervo.fi\/sv\/"},{"@type":"ListItem","position":2,"name":"S-ryhm\u00e4 tuplasi aurinkovoimansa vuodessa"}]},{"@type":"WebSite","@id":"https:\/\/pellervo.fi\/#website","url":"https:\/\/pellervo.fi\/","name":"Pellervo","description":"Osuuskuntien keskusj\u00e4rjest\u00f6","publisher":{"@id":"https:\/\/pellervo.fi\/#organization"},"potentialAction":[{"@type":"SearchAction","target":{"@type":"EntryPoint","urlTemplate":"https:\/\/pellervo.fi\/?s={search_term_string}"},"query-input":{"@type":"PropertyValueSpecification","valueRequired":true,"valueName":"search_term_string"}}],"inLanguage":"sv-SE"},{"@type":"Organization","@id":"https:\/\/pellervo.fi\/#organization","name":"Osuustoimintakeskus Pellervo ry","url":"https:\/\/pellervo.fi\/","logo":{"@type":"ImageObject","inLanguage":"sv-SE","@id":"https:\/\/pellervo.fi\/#\/schema\/logo\/image\/","url":"https:\/\/pellervo.fi\/wp-content\/uploads\/2020\/05\/Pellervo_logo.png","contentUrl":"https:\/\/pellervo.fi\/wp-content\/uploads\/2020\/05\/Pellervo_logo.png","width":1335,"height":376,"caption":"Osuustoimintakeskus Pellervo ry"},"image":{"@id":"https:\/\/pellervo.fi\/#\/schema\/logo\/image\/"},"sameAs":["https:\/\/x.com\/PellervoFi"]},{"@type":"Person","@id":"https:\/\/pellervo.fi\/#\/schema\/person\/f001b7c670bab10e5236b09672d9e6a3","name":"Hanna Muukka","image":{"@type":"ImageObject","inLanguage":"sv-SE","@id":"https:\/\/pellervo.fi\/wp-content\/uploads\/2014\/02\/Hanna-Muukka_avatar_1393417732-96x96.jpg","url":"https:\/\/pellervo.fi\/wp-content\/uploads\/2014\/02\/Hanna-Muukka_avatar_1393417732-96x96.jpg","contentUrl":"https:\/\/pellervo.fi\/wp-content\/uploads\/2014\/02\/Hanna-Muukka_avatar_1393417732-96x96.jpg","caption":"Hanna Muukka"},"description":"Kirjoittaja ty\u00f6skentelee Osuustoimintakeskus Pellervossa vastuullisuusasiantuntijana.","url":"https:\/\/pellervo.fi\/sv\/author\/hannamuu\/"}]}},"_links":{"self":[{"href":"https:\/\/pellervo.fi\/sv\/wp-json\/wp\/v2\/posts\/888580","targetHints":{"allow":["GET"]}}],"collection":[{"href":"https:\/\/pellervo.fi\/sv\/wp-json\/wp\/v2\/posts"}],"about":[{"href":"https:\/\/pellervo.fi\/sv\/wp-json\/wp\/v2\/types\/post"}],"author":[{"embeddable":true,"href":"https:\/\/pellervo.fi\/sv\/wp-json\/wp\/v2\/users\/6"}],"replies":[{"embeddable":true,"href":"https:\/\/pellervo.fi\/sv\/wp-json\/wp\/v2\/comments?post=888580"}],"version-history":[{"count":5,"href":"https:\/\/pellervo.fi\/sv\/wp-json\/wp\/v2\/posts\/888580\/revisions"}],"predecessor-version":[{"id":888589,"href":"https:\/\/pellervo.fi\/sv\/wp-json\/wp\/v2\/posts\/888580\/revisions\/888589"}],"wp:featuredmedia":[{"embeddable":true,"href":"https:\/\/pellervo.fi\/sv\/wp-json\/wp\/v2\/media\/888581"}],"wp:attachment":[{"href":"https:\/\/pellervo.fi\/sv\/wp-json\/wp\/v2\/media?parent=888580"}],"wp:term":[{"taxonomy":"category","embeddable":true,"href":"https:\/\/pellervo.fi\/sv\/wp-json\/wp\/v2\/categories?post=888580"},{"taxonomy":"post_tag","embeddable":true,"href":"https:\/\/pellervo.fi\/sv\/wp-json\/wp\/v2\/tags?post=888580"}],"curies":[{"name":"wp","href":"https:\/\/api.w.org\/{rel}","templated":true}]}}