{"id":888659,"date":"2020-10-05T15:35:00","date_gmt":"2020-10-05T12:35:00","guid":{"rendered":"https:\/\/pellervo.fi\/?p=888659"},"modified":"2024-07-17T13:13:57","modified_gmt":"2024-07-17T10:13:57","slug":"pellervo-nyt-nakokulma-perttu-puro","status":"publish","type":"post","link":"https:\/\/pellervo.fi\/sv\/videot\/2020\/10\/05\/pellervo-nyt-nakokulma-perttu-puro\/","title":{"rendered":"Uusi videoblogi Pellervo NYT. N\u00e4k\u00f6kulma: Perttu Puro"},"content":{"rendered":"\n<p>Mit\u00e4 Pellervolle kuuluu ja milt\u00e4 tulevaisuus n\u00e4ytt\u00e4\u00e4? Mihin pit\u00e4\u00e4 satsata, miss\u00e4 ollaan jo hyv\u00e4ll\u00e4 tiell\u00e4? Mit\u00e4 Tradeka toivoo Pellervolta? Ent\u00e4p\u00e4 muilta osuustoiminnallisilta yrityksilt\u00e4? Katso Pellervon hallituksen j\u00e4sen, Osuuskunta Tradekan toimitusjohtaja <b>Perttu Puron <\/b>ajankohtainen videoblogi.\u00a0<\/p>\n<p>Kuvaus: Matti Ketola\/Pellervo<\/p>\n<p>Jos video ei avaudu yl\u00e4puolella olevasta ikkunasta, l\u00f6ytyy se my\u00f6s osoitteesta <a href=\"https:\/\/youtu.be\/ydMPsljYymA\" target=\"_blank\" rel=\"noopener noreferrer\" data-cke-saved-href=\"https:\/\/youtu.be\/ydMPsljYymA\"><span style=\"text-decoration: underline;\">https:\/\/youtu.be\/ydMPsljYymA<\/span><\/a>.<\/p>\n","protected":false},"excerpt":{"rendered":"<p>Mit\u00e4 Pellervolle kuuluu ja milt\u00e4 tulevaisuus n\u00e4ytt\u00e4\u00e4? Mihin pit\u00e4\u00e4 satsata, miss\u00e4 ollaan jo hyv\u00e4ll\u00e4 tiell\u00e4? Mit\u00e4 Tradeka toivoo Pellervolta? Ent\u00e4p\u00e4 muilta osuustoiminnallisilta yrityksilt\u00e4? Katso Pellervon hallituksen j\u00e4sen, Osuuskunta Tradekan toimitusjohtaja Perttu Puron ajankohtainen videoblogi.\u00a0Kesto 4 min 13 s.<\/p>\n","protected":false},"author":5,"featured_media":0,"comment_status":"closed","ping_status":"closed","sticky":false,"template":"","format":"standard","meta":{"inline_featured_image":false,"_monsterinsights_skip_tracking":false,"_monsterinsights_sitenote_active":false,"_monsterinsights_sitenote_note":"","_monsterinsights_sitenote_category":0,"site-sidebar-layout":"default","site-content-layout":"default","ast-site-content-layout":"default","site-content-style":"default","site-sidebar-style":"default","ast-global-header-display":"","ast-banner-title-visibility":"","ast-main-header-display":"","ast-hfb-above-header-display":"","ast-hfb-below-header-display":"","ast-hfb-mobile-header-display":"","site-post-title":"","ast-breadcrumbs-content":"","ast-featured-img":"","footer-sml-layout":"","ast-disable-related-posts":"","theme-transparent-header-meta":"default","adv-header-id-meta":"","stick-header-meta":"","header-above-stick-meta":"","header-main-stick-meta":"","header-below-stick-meta":"","astra-migrate-meta-layouts":"set","ast-page-background-enabled":"default","ast-page-background-meta":{"desktop":{"background-color":"","background-image":"","background-repeat":"repeat","background-position":"center center","background-size":"auto","background-attachment":"scroll","background-type":"","background-media":"","overlay-type":"","overlay-color":"","overlay-opacity":"","overlay-gradient":""},"tablet":{"background-color":"","background-image":"","background-repeat":"repeat","background-position":"center center","background-size":"auto","background-attachment":"scroll","background-type":"","background-media":"","overlay-type":"","overlay-color":"","overlay-opacity":"","overlay-gradient":""},"mobile":{"background-color":"","background-image":"","background-repeat":"repeat","background-position":"center center","background-size":"auto","background-attachment":"scroll","background-type":"","background-media":"","overlay-type":"","overlay-color":"","overlay-opacity":"","overlay-gradient":""}},"ast-content-background-meta":{"desktop":{"background-color":"var(--ast-global-color-5)","background-image":"","background-repeat":"repeat","background-position":"center center","background-size":"auto","background-attachment":"scroll","background-type":"","background-media":"","overlay-type":"","overlay-color":"","overlay-opacity":"","overlay-gradient":""},"tablet":{"background-color":"var(--ast-global-color-5)","background-image":"","background-repeat":"repeat","background-position":"center center","background-size":"auto","background-attachment":"scroll","background-type":"","background-media":"","overlay-type":"","overlay-color":"","overlay-opacity":"","overlay-gradient":""},"mobile":{"background-color":"var(--ast-global-color-5)","background-image":"","background-repeat":"repeat","background-position":"center center","background-size":"auto","background-attachment":"scroll","background-type":"","background-media":"","overlay-type":"","overlay-color":"","overlay-opacity":"","overlay-gradient":""}},"_FSMCFIC_featured_image_caption":"","_FSMCFIC_featured_image_nocaption":"","_FSMCFIC_featured_image_hide":"","footnotes":""},"categories":[250],"tags":[257],"class_list":["post-888659","post","type-post","status-publish","format-standard","hentry","category-videot","tag-nakokulma","rsfv-has-video"],"yoast_head":"<!-- This site is optimized with the Yoast SEO plugin v27.5 - https:\/\/yoast.com\/product\/yoast-seo-wordpress\/ -->\n<title>Uusi videoblogi Pellervo NYT. N\u00e4k\u00f6kulma: Perttu Puro - Pellervo<\/title>\n<meta name=\"robots\" content=\"index, follow, max-snippet:-1, max-image-preview:large, max-video-preview:-1\" \/>\n<link rel=\"canonical\" href=\"https:\/\/pellervo.fi\/videot\/2020\/10\/05\/pellervo-nyt-nakokulma-perttu-puro\/\" \/>\n<meta property=\"og:locale\" content=\"sv_SE\" \/>\n<meta property=\"og:type\" content=\"article\" \/>\n<meta property=\"og:title\" content=\"Uusi videoblogi Pellervo NYT. N\u00e4k\u00f6kulma: Perttu Puro - Pellervo\" \/>\n<meta property=\"og:description\" content=\"Mit\u00e4 Pellervolle kuuluu ja milt\u00e4 tulevaisuus n\u00e4ytt\u00e4\u00e4? Mihin pit\u00e4\u00e4 satsata, miss\u00e4 ollaan jo hyv\u00e4ll\u00e4 tiell\u00e4? Mit\u00e4 Tradeka toivoo Pellervolta? Ent\u00e4p\u00e4 muilta osuustoiminnallisilta yrityksilt\u00e4? Katso Pellervon hallituksen j\u00e4sen, Osuuskunta Tradekan toimitusjohtaja Perttu Puron ajankohtainen videoblogi.\u00a0Kesto 4 min 13 s.\" \/>\n<meta property=\"og:url\" content=\"https:\/\/pellervo.fi\/videot\/2020\/10\/05\/pellervo-nyt-nakokulma-perttu-puro\/\" \/>\n<meta property=\"og:site_name\" content=\"Pellervo\" \/>\n<meta property=\"article:published_time\" content=\"2020-10-05T12:35:00+00:00\" \/>\n<meta property=\"article:modified_time\" content=\"2024-07-17T10:13:57+00:00\" \/>\n<meta property=\"og:image\" content=\"https:\/\/pellervo.fi\/wp-content\/uploads\/2020\/10\/Pellervo-NYT.-N\u00e4k\u00f6kulma-Perttu-Puro.jpeg\" \/>\n\t<meta property=\"og:image:width\" content=\"480\" \/>\n\t<meta property=\"og:image:height\" content=\"360\" \/>\n\t<meta property=\"og:image:type\" content=\"image\/jpeg\" \/>\n<meta name=\"author\" content=\"pellervo\" \/>\n<meta name=\"twitter:card\" content=\"summary_large_image\" \/>\n<meta name=\"twitter:creator\" content=\"@PellervoFi\" \/>\n<meta name=\"twitter:site\" content=\"@PellervoFi\" \/>\n<meta name=\"twitter:label1\" content=\"Skriven av\" \/>\n\t<meta name=\"twitter:data1\" content=\"pellervo\" \/>\n\t<meta name=\"twitter:label2\" content=\"Ber\u00e4knad l\u00e4stid\" \/>\n\t<meta name=\"twitter:data2\" content=\"1 minut\" \/>\n<script type=\"application\/ld+json\" class=\"yoast-schema-graph\">{\"@context\":\"https:\\\/\\\/schema.org\",\"@graph\":[{\"@type\":\"Article\",\"@id\":\"https:\\\/\\\/pellervo.fi\\\/videot\\\/2020\\\/10\\\/05\\\/pellervo-nyt-nakokulma-perttu-puro\\\/#article\",\"isPartOf\":{\"@id\":\"https:\\\/\\\/pellervo.fi\\\/videot\\\/2020\\\/10\\\/05\\\/pellervo-nyt-nakokulma-perttu-puro\\\/\"},\"author\":{\"name\":\"pellervo\",\"@id\":\"https:\\\/\\\/pellervo.fi\\\/#\\\/schema\\\/person\\\/4b74d40956937d1367ade81899997e71\"},\"headline\":\"Uusi videoblogi Pellervo NYT. N\u00e4k\u00f6kulma: Perttu Puro\",\"datePublished\":\"2020-10-05T12:35:00+00:00\",\"dateModified\":\"2024-07-17T10:13:57+00:00\",\"mainEntityOfPage\":{\"@id\":\"https:\\\/\\\/pellervo.fi\\\/videot\\\/2020\\\/10\\\/05\\\/pellervo-nyt-nakokulma-perttu-puro\\\/\"},\"wordCount\":69,\"publisher\":{\"@id\":\"https:\\\/\\\/pellervo.fi\\\/#organization\"},\"keywords\":[\"n\u00e4k\u00f6kulma\"],\"articleSection\":[\"Videot\"],\"inLanguage\":\"sv-SE\"},{\"@type\":\"WebPage\",\"@id\":\"https:\\\/\\\/pellervo.fi\\\/videot\\\/2020\\\/10\\\/05\\\/pellervo-nyt-nakokulma-perttu-puro\\\/\",\"url\":\"https:\\\/\\\/pellervo.fi\\\/videot\\\/2020\\\/10\\\/05\\\/pellervo-nyt-nakokulma-perttu-puro\\\/\",\"name\":\"Uusi videoblogi Pellervo NYT. N\u00e4k\u00f6kulma: Perttu Puro - Pellervo\",\"isPartOf\":{\"@id\":\"https:\\\/\\\/pellervo.fi\\\/#website\"},\"datePublished\":\"2020-10-05T12:35:00+00:00\",\"dateModified\":\"2024-07-17T10:13:57+00:00\",\"breadcrumb\":{\"@id\":\"https:\\\/\\\/pellervo.fi\\\/videot\\\/2020\\\/10\\\/05\\\/pellervo-nyt-nakokulma-perttu-puro\\\/#breadcrumb\"},\"inLanguage\":\"sv-SE\",\"potentialAction\":[{\"@type\":\"ReadAction\",\"target\":[\"https:\\\/\\\/pellervo.fi\\\/videot\\\/2020\\\/10\\\/05\\\/pellervo-nyt-nakokulma-perttu-puro\\\/\"]}]},{\"@type\":\"BreadcrumbList\",\"@id\":\"https:\\\/\\\/pellervo.fi\\\/videot\\\/2020\\\/10\\\/05\\\/pellervo-nyt-nakokulma-perttu-puro\\\/#breadcrumb\",\"itemListElement\":[{\"@type\":\"ListItem\",\"position\":1,\"name\":\"Koti\",\"item\":\"https:\\\/\\\/pellervo.fi\\\/sv\\\/\"},{\"@type\":\"ListItem\",\"position\":2,\"name\":\"Uusi videoblogi Pellervo NYT. N\u00e4k\u00f6kulma: Perttu Puro\"}]},{\"@type\":\"WebSite\",\"@id\":\"https:\\\/\\\/pellervo.fi\\\/#website\",\"url\":\"https:\\\/\\\/pellervo.fi\\\/\",\"name\":\"Pellervo\",\"description\":\"Osuuskuntien keskusj\u00e4rjest\u00f6\",\"publisher\":{\"@id\":\"https:\\\/\\\/pellervo.fi\\\/#organization\"},\"potentialAction\":[{\"@type\":\"SearchAction\",\"target\":{\"@type\":\"EntryPoint\",\"urlTemplate\":\"https:\\\/\\\/pellervo.fi\\\/?s={search_term_string}\"},\"query-input\":{\"@type\":\"PropertyValueSpecification\",\"valueRequired\":true,\"valueName\":\"search_term_string\"}}],\"inLanguage\":\"sv-SE\"},{\"@type\":\"Organization\",\"@id\":\"https:\\\/\\\/pellervo.fi\\\/#organization\",\"name\":\"Osuustoimintakeskus Pellervo ry\",\"url\":\"https:\\\/\\\/pellervo.fi\\\/\",\"logo\":{\"@type\":\"ImageObject\",\"inLanguage\":\"sv-SE\",\"@id\":\"https:\\\/\\\/pellervo.fi\\\/#\\\/schema\\\/logo\\\/image\\\/\",\"url\":\"https:\\\/\\\/pellervo.fi\\\/wp-content\\\/uploads\\\/2020\\\/05\\\/Pellervo_logo.png\",\"contentUrl\":\"https:\\\/\\\/pellervo.fi\\\/wp-content\\\/uploads\\\/2020\\\/05\\\/Pellervo_logo.png\",\"width\":1335,\"height\":376,\"caption\":\"Osuustoimintakeskus Pellervo ry\"},\"image\":{\"@id\":\"https:\\\/\\\/pellervo.fi\\\/#\\\/schema\\\/logo\\\/image\\\/\"},\"sameAs\":[\"https:\\\/\\\/x.com\\\/PellervoFi\"]},{\"@type\":\"Person\",\"@id\":\"https:\\\/\\\/pellervo.fi\\\/#\\\/schema\\\/person\\\/4b74d40956937d1367ade81899997e71\",\"name\":\"pellervo\",\"image\":{\"@type\":\"ImageObject\",\"inLanguage\":\"sv-SE\",\"@id\":\"https:\\\/\\\/pellervo.fi\\\/wp-content\\\/uploads\\\/2013\\\/11\\\/pellervo_avatar_1384522134-96x96.jpg\",\"url\":\"https:\\\/\\\/pellervo.fi\\\/wp-content\\\/uploads\\\/2013\\\/11\\\/pellervo_avatar_1384522134-96x96.jpg\",\"contentUrl\":\"https:\\\/\\\/pellervo.fi\\\/wp-content\\\/uploads\\\/2013\\\/11\\\/pellervo_avatar_1384522134-96x96.jpg\",\"caption\":\"pellervo\"},\"description\":\"Kuvaus\",\"url\":\"https:\\\/\\\/pellervo.fi\\\/sv\\\/author\\\/pellervo\\\/\"}]}<\/script>\n<!-- \/ Yoast SEO plugin. -->","yoast_head_json":{"title":"Uusi videoblogi Pellervo NYT. N\u00e4k\u00f6kulma: Perttu Puro - Pellervo","robots":{"index":"index","follow":"follow","max-snippet":"max-snippet:-1","max-image-preview":"max-image-preview:large","max-video-preview":"max-video-preview:-1"},"canonical":"https:\/\/pellervo.fi\/videot\/2020\/10\/05\/pellervo-nyt-nakokulma-perttu-puro\/","og_locale":"sv_SE","og_type":"article","og_title":"Uusi videoblogi Pellervo NYT. N\u00e4k\u00f6kulma: Perttu Puro - Pellervo","og_description":"Mit\u00e4 Pellervolle kuuluu ja milt\u00e4 tulevaisuus n\u00e4ytt\u00e4\u00e4? Mihin pit\u00e4\u00e4 satsata, miss\u00e4 ollaan jo hyv\u00e4ll\u00e4 tiell\u00e4? Mit\u00e4 Tradeka toivoo Pellervolta? Ent\u00e4p\u00e4 muilta osuustoiminnallisilta yrityksilt\u00e4? Katso Pellervon hallituksen j\u00e4sen, Osuuskunta Tradekan toimitusjohtaja Perttu Puron ajankohtainen videoblogi.\u00a0Kesto 4 min 13 s.","og_url":"https:\/\/pellervo.fi\/videot\/2020\/10\/05\/pellervo-nyt-nakokulma-perttu-puro\/","og_site_name":"Pellervo","article_published_time":"2020-10-05T12:35:00+00:00","article_modified_time":"2024-07-17T10:13:57+00:00","og_image":[{"width":480,"height":360,"url":"https:\/\/pellervo.fi\/wp-content\/uploads\/2020\/10\/Pellervo-NYT.-N\u00e4k\u00f6kulma-Perttu-Puro.jpeg","type":"image\/jpeg"}],"author":"pellervo","twitter_card":"summary_large_image","twitter_creator":"@PellervoFi","twitter_site":"@PellervoFi","twitter_misc":{"Skriven av":"pellervo","Ber\u00e4knad l\u00e4stid":"1 minut"},"schema":{"@context":"https:\/\/schema.org","@graph":[{"@type":"Article","@id":"https:\/\/pellervo.fi\/videot\/2020\/10\/05\/pellervo-nyt-nakokulma-perttu-puro\/#article","isPartOf":{"@id":"https:\/\/pellervo.fi\/videot\/2020\/10\/05\/pellervo-nyt-nakokulma-perttu-puro\/"},"author":{"name":"pellervo","@id":"https:\/\/pellervo.fi\/#\/schema\/person\/4b74d40956937d1367ade81899997e71"},"headline":"Uusi videoblogi Pellervo NYT. N\u00e4k\u00f6kulma: Perttu Puro","datePublished":"2020-10-05T12:35:00+00:00","dateModified":"2024-07-17T10:13:57+00:00","mainEntityOfPage":{"@id":"https:\/\/pellervo.fi\/videot\/2020\/10\/05\/pellervo-nyt-nakokulma-perttu-puro\/"},"wordCount":69,"publisher":{"@id":"https:\/\/pellervo.fi\/#organization"},"keywords":["n\u00e4k\u00f6kulma"],"articleSection":["Videot"],"inLanguage":"sv-SE"},{"@type":"WebPage","@id":"https:\/\/pellervo.fi\/videot\/2020\/10\/05\/pellervo-nyt-nakokulma-perttu-puro\/","url":"https:\/\/pellervo.fi\/videot\/2020\/10\/05\/pellervo-nyt-nakokulma-perttu-puro\/","name":"Uusi videoblogi Pellervo NYT. N\u00e4k\u00f6kulma: Perttu Puro - Pellervo","isPartOf":{"@id":"https:\/\/pellervo.fi\/#website"},"datePublished":"2020-10-05T12:35:00+00:00","dateModified":"2024-07-17T10:13:57+00:00","breadcrumb":{"@id":"https:\/\/pellervo.fi\/videot\/2020\/10\/05\/pellervo-nyt-nakokulma-perttu-puro\/#breadcrumb"},"inLanguage":"sv-SE","potentialAction":[{"@type":"ReadAction","target":["https:\/\/pellervo.fi\/videot\/2020\/10\/05\/pellervo-nyt-nakokulma-perttu-puro\/"]}]},{"@type":"BreadcrumbList","@id":"https:\/\/pellervo.fi\/videot\/2020\/10\/05\/pellervo-nyt-nakokulma-perttu-puro\/#breadcrumb","itemListElement":[{"@type":"ListItem","position":1,"name":"Koti","item":"https:\/\/pellervo.fi\/sv\/"},{"@type":"ListItem","position":2,"name":"Uusi videoblogi Pellervo NYT. N\u00e4k\u00f6kulma: Perttu Puro"}]},{"@type":"WebSite","@id":"https:\/\/pellervo.fi\/#website","url":"https:\/\/pellervo.fi\/","name":"Pellervo","description":"Osuuskuntien keskusj\u00e4rjest\u00f6","publisher":{"@id":"https:\/\/pellervo.fi\/#organization"},"potentialAction":[{"@type":"SearchAction","target":{"@type":"EntryPoint","urlTemplate":"https:\/\/pellervo.fi\/?s={search_term_string}"},"query-input":{"@type":"PropertyValueSpecification","valueRequired":true,"valueName":"search_term_string"}}],"inLanguage":"sv-SE"},{"@type":"Organization","@id":"https:\/\/pellervo.fi\/#organization","name":"Osuustoimintakeskus Pellervo ry","url":"https:\/\/pellervo.fi\/","logo":{"@type":"ImageObject","inLanguage":"sv-SE","@id":"https:\/\/pellervo.fi\/#\/schema\/logo\/image\/","url":"https:\/\/pellervo.fi\/wp-content\/uploads\/2020\/05\/Pellervo_logo.png","contentUrl":"https:\/\/pellervo.fi\/wp-content\/uploads\/2020\/05\/Pellervo_logo.png","width":1335,"height":376,"caption":"Osuustoimintakeskus Pellervo ry"},"image":{"@id":"https:\/\/pellervo.fi\/#\/schema\/logo\/image\/"},"sameAs":["https:\/\/x.com\/PellervoFi"]},{"@type":"Person","@id":"https:\/\/pellervo.fi\/#\/schema\/person\/4b74d40956937d1367ade81899997e71","name":"pellervo","image":{"@type":"ImageObject","inLanguage":"sv-SE","@id":"https:\/\/pellervo.fi\/wp-content\/uploads\/2013\/11\/pellervo_avatar_1384522134-96x96.jpg","url":"https:\/\/pellervo.fi\/wp-content\/uploads\/2013\/11\/pellervo_avatar_1384522134-96x96.jpg","contentUrl":"https:\/\/pellervo.fi\/wp-content\/uploads\/2013\/11\/pellervo_avatar_1384522134-96x96.jpg","caption":"pellervo"},"description":"Kuvaus","url":"https:\/\/pellervo.fi\/sv\/author\/pellervo\/"}]}},"_links":{"self":[{"href":"https:\/\/pellervo.fi\/sv\/wp-json\/wp\/v2\/posts\/888659","targetHints":{"allow":["GET"]}}],"collection":[{"href":"https:\/\/pellervo.fi\/sv\/wp-json\/wp\/v2\/posts"}],"about":[{"href":"https:\/\/pellervo.fi\/sv\/wp-json\/wp\/v2\/types\/post"}],"author":[{"embeddable":true,"href":"https:\/\/pellervo.fi\/sv\/wp-json\/wp\/v2\/users\/5"}],"replies":[{"embeddable":true,"href":"https:\/\/pellervo.fi\/sv\/wp-json\/wp\/v2\/comments?post=888659"}],"version-history":[{"count":10,"href":"https:\/\/pellervo.fi\/sv\/wp-json\/wp\/v2\/posts\/888659\/revisions"}],"predecessor-version":[{"id":898592,"href":"https:\/\/pellervo.fi\/sv\/wp-json\/wp\/v2\/posts\/888659\/revisions\/898592"}],"wp:attachment":[{"href":"https:\/\/pellervo.fi\/sv\/wp-json\/wp\/v2\/media?parent=888659"}],"wp:term":[{"taxonomy":"category","embeddable":true,"href":"https:\/\/pellervo.fi\/sv\/wp-json\/wp\/v2\/categories?post=888659"},{"taxonomy":"post_tag","embeddable":true,"href":"https:\/\/pellervo.fi\/sv\/wp-json\/wp\/v2\/tags?post=888659"}],"curies":[{"name":"wp","href":"https:\/\/api.w.org\/{rel}","templated":true}]}}