{"id":889049,"date":"2020-12-01T08:30:03","date_gmt":"2020-12-01T06:30:03","guid":{"rendered":"https:\/\/pellervo.fi\/?p=889049"},"modified":"2020-12-01T08:30:06","modified_gmt":"2020-12-01T06:30:06","slug":"valiolaisen-maitotilan-hiilijalanjalki-pienenee-merkittavasti-omalla-biokaasulaitoksella","status":"publish","type":"post","link":"https:\/\/pellervo.fi\/sv\/vastuullisuus\/2020\/12\/01\/valiolaisen-maitotilan-hiilijalanjalki-pienenee-merkittavasti-omalla-biokaasulaitoksella\/","title":{"rendered":"Valiolaisen maitotilan hiilijalanj\u00e4lki pienenee merkitt\u00e4v\u00e4sti omalla biokaasulaitoksella"},"content":{"rendered":"\n<section class=\"WidgetZoneWrapper-sc-1vjh8q4 kSYklD widget-zone widget-zone--main undefined\">\n<div id=\"a-63f4852f-2fc4-4bdb-a787-3991691ef3ba\" class=\"ArticleTextWrapper-sc-1e211bj iziZQP text-wrapper lead-text\">\n<div>\n<p><strong><a href=\"https:\/\/www.valio.fi\/yritys\/media\/uutiset\/biokaasua-tankkiin-vuorenmaan-maitotilalta\/\">Vuorenmaan maitotilalta Haapavedelt\u00e4 voi tankata lehm\u00e4n lannasta tehty\u00e4 biokaasua<\/a>. Sit\u00e4 riitt\u00e4\u00e4 maitoauton lis\u00e4ksi ohikulkeville kaasuautoilijoille, ja sit\u00e4 voi ostaa tavallisesta kaasumittarista. Lehm\u00e4n lannasta tehdyn paineistetun biokaasun k\u00e4ytt\u00f6 liikenteess\u00e4 on aivan uutta Suomessa. Biokaasulla on tulevaisuudessa t\u00e4rke\u00e4 rooli liikenteen p\u00e4\u00e4st\u00f6jen pienent\u00e4j\u00e4n\u00e4, sill\u00e4 se korvaa fossiilisia polttoaineita eli dieseli\u00e4 ja bensiini\u00e4. Samalla maitotilan hiilijalanj\u00e4lki pienenee merkitt\u00e4v\u00e4sti. Biokaasun hy\u00f6dynt\u00e4minen liikenteen polttoaineeksi on osa ohjelmaa, jolla Valio t\u00e4ht\u00e4\u00e4 maidon hiilijalanj\u00e4ljen nollaamiseen vuonna 2035. \u00a0<\/strong><\/p>\n<\/div>\n<\/div>\n<div id=\"a-6b3a298d-02b3-44f6-8d17-f0038eee16a9\" class=\"ArticleTextWrapper-sc-1e211bj iziZQP text-wrapper normal\">\n<div>\n<p>Veljekset <strong>Janne ja Ville Vuorenmaa<\/strong> perheineen py\u00f6ritt\u00e4v\u00e4t Haapavedell\u00e4 180 lypsylehm\u00e4n maitotilaa. Valion Haapaveden juustolassa Vuorenmaan maidosta syntyy Valio Oltermanni\u00ae juustoa.<\/p>\n<p>Vuorenmaan maitotilan oma biokaasulaitos tuottaa noin 1 200 MWh biokaasua vuodessa. Biokaasulla on jo aiemmin tuotettu maatilan tarvitsema s\u00e4hk\u00f6- ja l\u00e4mp\u00f6energia. Nyt biokaasulaitosta on laajennettu. Aluksi kaasusta noin puolet jalostetaan liikenteeseen sopivaksi biometaaniksi. Tankkausasema valmistuu vuoden loppuun menness\u00e4, jolloin maitoauto aloittaa tankkaukset tilalla. Alkuvaiheessa kaasua riitt\u00e4\u00e4 henkil\u00f6autoihin rajallisesti. Kysynn\u00e4n lis\u00e4\u00e4ntyess\u00e4 jalostuskapasiteettia voidaan kasvattaa. Jos kaikki kaasu menisi henkil\u00f6auton tankkiin, 85 autoa ajelisi sill\u00e4 20 000 kilometri\u00e4 vuodessa*.<\/p>\n<p>\u201dMeill\u00e4 on ollut oma biokaasulaitos 15 vuotta. Aiemmin saimme lehm\u00e4n lannasta l\u00e4mp\u00f6\u00e4 ja s\u00e4hk\u00f6\u00e4 oman tilan tarpeisiin. Kun tuli aika uusia laitteistoa, mietimme ett\u00e4 voisimme saman tien laajentaa ja tuottaa kaasua my\u00f6s liikenteeseen. Maitoauto alkaa tankata tilalla loppuvuodesta. Samoihin aikoihin t\u00e4ss\u00e4 Virtalan tien varressa aukeaa my\u00f6s kaikille avoin tankkausasema\u201d, Janne Vuorenmaa kertoo.<\/p>\n<p>Valion tavoitteena on nollata maidon hiilijalanj\u00e4lki vuoteen 2035 menness\u00e4. Se tehd\u00e4\u00e4n v\u00e4hent\u00e4m\u00e4ll\u00e4 p\u00e4\u00e4st\u00f6j\u00e4 maitotiloilla, kuljetuksissa ja tehtailla sek\u00e4 lis\u00e4\u00e4m\u00e4ll\u00e4 peltojen hiilinieluja niin sanotulla hiiliviljelyll\u00e4, johon Valio on kouluttanut maitotiloja yhdess\u00e4 Baltic Sea Action Groupin kanssa. Vuorenmaan tila on yksi hiiliviljelij\u00e4tiloista.<\/p>\n<p>\u201dVuorenmaan maitotila on hieno esimerkki siit\u00e4, miten suomalaiset maanviljelij\u00e4t ratkovat ilmastohaastetta. Samalla tiloille syntyy uutta liiketoimintaa. Lannan hy\u00f6dynt\u00e4minen biokaasuksi pienent\u00e4\u00e4 tilan tuottaman maidon hiilijalanj\u00e4lke\u00e4 laskentatavasta riippuen nelj\u00e4s- tai viidesosan\u201d, Valion hiilineutraalin maitoketjun johtaja <strong>Juha Nousiainen<\/strong> sanoo.<\/p>\n<p>Biokaasun k\u00e4yt\u00f6ll\u00e4 voidaan v\u00e4hent\u00e4\u00e4 jopa 85 prosenttia polttoaineen elinkaaren aikana syntyvi\u00e4 kasvihuonekaasup\u00e4\u00e4st\u00f6j\u00e4 verrattuna dieseliin.<\/p>\n<p><strong>Lanta on hy\u00f6dynt\u00e4m\u00e4t\u00f6n aarre<\/strong><\/p>\n<p>Lantaa syntyy Suomessa vuodessa noin 15 miljoonaa tonnia. Useimmille sen tuoksu on tuttu kev\u00e4isilt\u00e4 pelloilta. Biokaasuprosessissa lannan haju v\u00e4henee merkitt\u00e4v\u00e4sti. My\u00f6s lannan ravinteet muuttuvat paremmin liukenevaan muotoon, jolloin lannoitevaikutus on parempi ja tarve ostolannoitteille v\u00e4h\u00e4isempi. Samalla ravinnevalumat vesist\u00f6ihin v\u00e4henev\u00e4t.<\/p>\n<p>\u201dVuorenmaan maitotilan ymp\u00e4rille on syntynyt useamman paikallisen toimijan verkosto. Tila sijaitsee sopivan l\u00e4hell\u00e4 Haapaveden juustolaa, joten maitoauton tankkaus onnistuu k\u00e4tev\u00e4sti reitin varrella. Biolaitoksen toimittaja Demeca on haapavetinen yritys, samoin kuljetusliike H. V\u00e4h\u00e4aho Oy, jonka uudella autolla maito haetaan. T\u00e4m\u00e4 on paikallista yhteisty\u00f6t\u00e4 parhaimmillaan, kertoo Osuuskunta Pohjolan Maidon toimitusjohtaja <strong>Marko Puhto. <\/strong><\/p>\n<p>\u201dHaluamme luoda maanviljelij\u00f6ille uusia liiketoimintamahdollisuuksia ja nostaa toimialan arvostusta. Teht\u00e4v\u00e4mme on parantaa maatilojen kannattavuutta sek\u00e4 ihmisten ja el\u00e4inten hyvinvointia. Koronaviruspandemian yhteydess\u00e4 on puhuttu paljon Suomen huoltovarmuudesta. T\u00e4ss\u00e4 meill\u00e4 on yksi tapa nostaa polttoaineomavaraisuutta. T\u00e4ll\u00e4 hetkell\u00e4 suurin osa liikenteen polttoaineista on tuontitavaraa. Demecan teknologia on kehitetty perheemme omalla maitotilalla t\u00e4ss\u00e4 Haapavedell\u00e4. Yksi suuri unelmani toteutuu, kun voin jatkossa tankata oman kaasuautoni kotikyl\u00e4ll\u00e4, asiakkaani maatilalla ja raha j\u00e4\u00e4 viljelij\u00f6ille ilman v\u00e4lik\u00e4si\u00e4, myyntijohtaja <strong>Sami Vinkki <\/strong>Demecalta sanoo.<\/p>\n<p>\u201dMeill\u00e4 koko ty\u00f6porukka innostui kaasuautoprojektista. Ensimm\u00e4inen maitoautomme l\u00e4hti liikenteeseen tasan 60 vuotta sitten. On hienoa olla edelleen mukana kehitt\u00e4m\u00e4ss\u00e4 alaa\u201d, Kuljetusliike H. V\u00e4h\u00e4aho Oy:n <strong>Sami V\u00e4h\u00e4aho<\/strong> kertoo.<br \/><br \/><strong><em>*<\/em><\/strong><em>Jos kaikki kaasu k\u00e4ytett\u00e4isiin henkil\u00f6autoihin, henkil\u00f6auton keskikulutuksella m\u00e4\u00e4r\u00e4 riitt\u00e4isi noin 1,67 miljoonaan kilometriin, eli 20 000 km:n ajom\u00e4\u00e4r\u00e4ll\u00e4 vuodessa 85\u00a0henkil\u00f6autoon.<\/em><br \/><br \/>Biokaasulaitos on suunniteltu osaksi maatilan normaalia ravinnekiertoa. Se kasvattaa tilan energiaomavaraisuutta, tehostaa ravinnek\u00e4ytt\u00f6\u00e4 ja pienent\u00e4\u00e4 ravinteiden ymp\u00e4rist\u00f6vaikutuksia.<\/p>\n<p>Lue lis\u00e4\u00e4 biokaasun tuotannosta maitotilalla<a href=\"https:\/\/demeca.fi\/biokaasu\/\" target=\"_blank\" rel=\"noopener noreferrer\"><u> Demecan sivuilta<\/u><\/a><br \/><br \/><img decoding=\"async\" src=\"https:\/\/mb.cision.com\/Public\/15507\/3110264\/91382390c04be06a_800x800ar.jpg\" alt=\"\" \/><br \/>\u00a0<\/p>\n<ul>\n<li>Vajaa kolmasosa lehm\u00e4n sy\u00f6m\u00e4n nurmen sis\u00e4lt\u00e4m\u00e4st\u00e4 energiasta p\u00e4\u00e4tyy lantaan. Siit\u00e4 voidaan tehd\u00e4 biokaasua korvaamaan liikenteen fossiilisia polttoaineita. Lannassa on my\u00f6s kasvien tarvitsemia arvokkaita ravinteita, typpe\u00e4 ja fosforia.<br \/>\u00a0<\/li>\n<li>Valiolaisilla maitotiloilla on t\u00e4ll\u00e4 hetkell\u00e4 noin 20 biokaasulaitosta. Toistaiseksi niiden tuottama energia k\u00e4ytet\u00e4\u00e4n p\u00e4\u00e4asiassa maatilojen omaa s\u00e4hk\u00f6n- ja l\u00e4mm\u00f6nk\u00e4ytt\u00f6\u00f6n. T\u00f6pselist\u00e4 tuleva s\u00e4hk\u00f6 on Suomessa pitk\u00e4lti v\u00e4h\u00e4p\u00e4\u00e4st\u00f6ist\u00e4 ydinvoimaa, vesivoimaa ja bioenergiaa. Kun biokaasull korvataan liikenteen fossiilisia polttoaineita, on p\u00e4\u00e4st\u00f6v\u00e4hennys suurempi.<\/li>\n<\/ul>\n<\/div>\n<\/div>\n\u00a0L\u00e4hde: <a href=\"https:\/\/www.valio.fi\/yritys\/media\/uutiset\/biokaasua-tankkiin-vuorenmaan-maitotilalta\/\">Valio<\/a><\/section>\n","protected":false},"excerpt":{"rendered":"<p>Vuorenmaan maitotilalta Haapavedelt\u00e4 voi tankata lehm\u00e4n lannasta tehty\u00e4 biokaasua. Sit\u00e4 riitt\u00e4\u00e4 maitoauton lis\u00e4ksi ohikulkeville kaasuautoilijoille.<\/p>\n","protected":false},"author":6,"featured_media":883649,"comment_status":"closed","ping_status":"closed","sticky":false,"template":"","format":"standard","meta":{"inline_featured_image":false,"_monsterinsights_skip_tracking":false,"_monsterinsights_sitenote_active":false,"_monsterinsights_sitenote_note":"","_monsterinsights_sitenote_category":0,"site-sidebar-layout":"default","site-content-layout":"default","ast-site-content-layout":"default","site-content-style":"default","site-sidebar-style":"default","ast-global-header-display":"","ast-banner-title-visibility":"","ast-main-header-display":"","ast-hfb-above-header-display":"","ast-hfb-below-header-display":"","ast-hfb-mobile-header-display":"","site-post-title":"","ast-breadcrumbs-content":"","ast-featured-img":"","footer-sml-layout":"","ast-disable-related-posts":"","theme-transparent-header-meta":"default","adv-header-id-meta":"","stick-header-meta":"","header-above-stick-meta":"","header-main-stick-meta":"","header-below-stick-meta":"","astra-migrate-meta-layouts":"default","ast-page-background-enabled":"default","ast-page-background-meta":{"desktop":{"background-color":"","background-image":"","background-repeat":"repeat","background-position":"center center","background-size":"auto","background-attachment":"scroll","background-type":"","background-media":"","overlay-type":"","overlay-color":"","overlay-opacity":"","overlay-gradient":""},"tablet":{"background-color":"","background-image":"","background-repeat":"repeat","background-position":"center center","background-size":"auto","background-attachment":"scroll","background-type":"","background-media":"","overlay-type":"","overlay-color":"","overlay-opacity":"","overlay-gradient":""},"mobile":{"background-color":"","background-image":"","background-repeat":"repeat","background-position":"center center","background-size":"auto","background-attachment":"scroll","background-type":"","background-media":"","overlay-type":"","overlay-color":"","overlay-opacity":"","overlay-gradient":""}},"ast-content-background-meta":{"desktop":{"background-color":"var(--ast-global-color-5)","background-image":"","background-repeat":"repeat","background-position":"center center","background-size":"auto","background-attachment":"scroll","background-type":"","background-media":"","overlay-type":"","overlay-color":"","overlay-opacity":"","overlay-gradient":""},"tablet":{"background-color":"var(--ast-global-color-5)","background-image":"","background-repeat":"repeat","background-position":"center center","background-size":"auto","background-attachment":"scroll","background-type":"","background-media":"","overlay-type":"","overlay-color":"","overlay-opacity":"","overlay-gradient":""},"mobile":{"background-color":"var(--ast-global-color-5)","background-image":"","background-repeat":"repeat","background-position":"center center","background-size":"auto","background-attachment":"scroll","background-type":"","background-media":"","overlay-type":"","overlay-color":"","overlay-opacity":"","overlay-gradient":""}},"_FSMCFIC_featured_image_caption":"","_FSMCFIC_featured_image_nocaption":"","_FSMCFIC_featured_image_hide":"","footnotes":""},"categories":[224],"tags":[],"class_list":["post-889049","post","type-post","status-publish","format-standard","has-post-thumbnail","hentry","category-vastuullisuus"],"yoast_head":"<!-- This site is optimized with the Yoast SEO plugin v27.5 - https:\/\/yoast.com\/product\/yoast-seo-wordpress\/ -->\n<title>Valiolaisen maitotilan hiilijalanj\u00e4lki pienenee merkitt\u00e4v\u00e4sti omalla biokaasulaitoksella - Pellervo<\/title>\n<meta name=\"robots\" content=\"index, follow, max-snippet:-1, max-image-preview:large, max-video-preview:-1\" \/>\n<link rel=\"canonical\" href=\"https:\/\/pellervo.fi\/en\/vastuullisuus\/2020\/12\/01\/valiolaisen-maitotilan-hiilijalanjalki-pienenee-merkittavasti-omalla-biokaasulaitoksella\/\" \/>\n<meta property=\"og:locale\" content=\"sv_SE\" \/>\n<meta property=\"og:type\" content=\"article\" \/>\n<meta property=\"og:title\" content=\"Valiolaisen maitotilan hiilijalanj\u00e4lki pienenee merkitt\u00e4v\u00e4sti omalla biokaasulaitoksella - Pellervo\" \/>\n<meta property=\"og:description\" content=\"Vuorenmaan maitotilalta Haapavedelt\u00e4 voi tankata lehm\u00e4n lannasta tehty\u00e4 biokaasua. Sit\u00e4 riitt\u00e4\u00e4 maitoauton lis\u00e4ksi ohikulkeville kaasuautoilijoille.\" \/>\n<meta property=\"og:url\" content=\"https:\/\/pellervo.fi\/en\/vastuullisuus\/2020\/12\/01\/valiolaisen-maitotilan-hiilijalanjalki-pienenee-merkittavasti-omalla-biokaasulaitoksella\/\" \/>\n<meta property=\"og:site_name\" content=\"Pellervo\" \/>\n<meta property=\"article:published_time\" content=\"2020-12-01T06:30:03+00:00\" \/>\n<meta property=\"article:modified_time\" content=\"2020-12-01T06:30:06+00:00\" \/>\n<meta property=\"og:image\" content=\"https:\/\/pellervo.fi\/wp-content\/uploads\/2018\/01\/lehmat.png\" \/>\n\t<meta property=\"og:image:width\" content=\"850\" \/>\n\t<meta property=\"og:image:height\" content=\"618\" \/>\n\t<meta property=\"og:image:type\" content=\"image\/png\" \/>\n<meta name=\"author\" content=\"Hanna Muukka\" \/>\n<meta name=\"twitter:card\" content=\"summary_large_image\" \/>\n<meta name=\"twitter:creator\" content=\"@PellervoFi\" \/>\n<meta name=\"twitter:site\" content=\"@PellervoFi\" \/>\n<meta name=\"twitter:label1\" content=\"Skriven av\" \/>\n\t<meta name=\"twitter:data1\" content=\"Hanna Muukka\" \/>\n\t<meta name=\"twitter:label2\" content=\"Ber\u00e4knad l\u00e4stid\" \/>\n\t<meta name=\"twitter:data2\" content=\"4 minuter\" \/>\n<script type=\"application\/ld+json\" class=\"yoast-schema-graph\">{\"@context\":\"https:\\\/\\\/schema.org\",\"@graph\":[{\"@type\":\"Article\",\"@id\":\"https:\\\/\\\/pellervo.fi\\\/en\\\/vastuullisuus\\\/2020\\\/12\\\/01\\\/valiolaisen-maitotilan-hiilijalanjalki-pienenee-merkittavasti-omalla-biokaasulaitoksella\\\/#article\",\"isPartOf\":{\"@id\":\"https:\\\/\\\/pellervo.fi\\\/en\\\/vastuullisuus\\\/2020\\\/12\\\/01\\\/valiolaisen-maitotilan-hiilijalanjalki-pienenee-merkittavasti-omalla-biokaasulaitoksella\\\/\"},\"author\":{\"name\":\"Hanna Muukka\",\"@id\":\"https:\\\/\\\/pellervo.fi\\\/#\\\/schema\\\/person\\\/f001b7c670bab10e5236b09672d9e6a3\"},\"headline\":\"Valiolaisen maitotilan hiilijalanj\u00e4lki pienenee merkitt\u00e4v\u00e4sti omalla biokaasulaitoksella\",\"datePublished\":\"2020-12-01T06:30:03+00:00\",\"dateModified\":\"2020-12-01T06:30:06+00:00\",\"mainEntityOfPage\":{\"@id\":\"https:\\\/\\\/pellervo.fi\\\/en\\\/vastuullisuus\\\/2020\\\/12\\\/01\\\/valiolaisen-maitotilan-hiilijalanjalki-pienenee-merkittavasti-omalla-biokaasulaitoksella\\\/\"},\"wordCount\":737,\"publisher\":{\"@id\":\"https:\\\/\\\/pellervo.fi\\\/#organization\"},\"image\":{\"@id\":\"https:\\\/\\\/pellervo.fi\\\/en\\\/vastuullisuus\\\/2020\\\/12\\\/01\\\/valiolaisen-maitotilan-hiilijalanjalki-pienenee-merkittavasti-omalla-biokaasulaitoksella\\\/#primaryimage\"},\"thumbnailUrl\":\"https:\\\/\\\/pellervo.fi\\\/wp-content\\\/uploads\\\/2018\\\/01\\\/lehmat.png\",\"articleSection\":[\"Vastuullisuus\"],\"inLanguage\":\"sv-SE\"},{\"@type\":\"WebPage\",\"@id\":\"https:\\\/\\\/pellervo.fi\\\/en\\\/vastuullisuus\\\/2020\\\/12\\\/01\\\/valiolaisen-maitotilan-hiilijalanjalki-pienenee-merkittavasti-omalla-biokaasulaitoksella\\\/\",\"url\":\"https:\\\/\\\/pellervo.fi\\\/en\\\/vastuullisuus\\\/2020\\\/12\\\/01\\\/valiolaisen-maitotilan-hiilijalanjalki-pienenee-merkittavasti-omalla-biokaasulaitoksella\\\/\",\"name\":\"Valiolaisen maitotilan hiilijalanj\u00e4lki pienenee merkitt\u00e4v\u00e4sti omalla biokaasulaitoksella - Pellervo\",\"isPartOf\":{\"@id\":\"https:\\\/\\\/pellervo.fi\\\/#website\"},\"primaryImageOfPage\":{\"@id\":\"https:\\\/\\\/pellervo.fi\\\/en\\\/vastuullisuus\\\/2020\\\/12\\\/01\\\/valiolaisen-maitotilan-hiilijalanjalki-pienenee-merkittavasti-omalla-biokaasulaitoksella\\\/#primaryimage\"},\"image\":{\"@id\":\"https:\\\/\\\/pellervo.fi\\\/en\\\/vastuullisuus\\\/2020\\\/12\\\/01\\\/valiolaisen-maitotilan-hiilijalanjalki-pienenee-merkittavasti-omalla-biokaasulaitoksella\\\/#primaryimage\"},\"thumbnailUrl\":\"https:\\\/\\\/pellervo.fi\\\/wp-content\\\/uploads\\\/2018\\\/01\\\/lehmat.png\",\"datePublished\":\"2020-12-01T06:30:03+00:00\",\"dateModified\":\"2020-12-01T06:30:06+00:00\",\"breadcrumb\":{\"@id\":\"https:\\\/\\\/pellervo.fi\\\/en\\\/vastuullisuus\\\/2020\\\/12\\\/01\\\/valiolaisen-maitotilan-hiilijalanjalki-pienenee-merkittavasti-omalla-biokaasulaitoksella\\\/#breadcrumb\"},\"inLanguage\":\"sv-SE\",\"potentialAction\":[{\"@type\":\"ReadAction\",\"target\":[\"https:\\\/\\\/pellervo.fi\\\/en\\\/vastuullisuus\\\/2020\\\/12\\\/01\\\/valiolaisen-maitotilan-hiilijalanjalki-pienenee-merkittavasti-omalla-biokaasulaitoksella\\\/\"]}]},{\"@type\":\"ImageObject\",\"inLanguage\":\"sv-SE\",\"@id\":\"https:\\\/\\\/pellervo.fi\\\/en\\\/vastuullisuus\\\/2020\\\/12\\\/01\\\/valiolaisen-maitotilan-hiilijalanjalki-pienenee-merkittavasti-omalla-biokaasulaitoksella\\\/#primaryimage\",\"url\":\"https:\\\/\\\/pellervo.fi\\\/wp-content\\\/uploads\\\/2018\\\/01\\\/lehmat.png\",\"contentUrl\":\"https:\\\/\\\/pellervo.fi\\\/wp-content\\\/uploads\\\/2018\\\/01\\\/lehmat.png\",\"width\":850,\"height\":618,\"caption\":\"Kuvassa lehmi\u00e4 ulkoilemassa.\"},{\"@type\":\"BreadcrumbList\",\"@id\":\"https:\\\/\\\/pellervo.fi\\\/en\\\/vastuullisuus\\\/2020\\\/12\\\/01\\\/valiolaisen-maitotilan-hiilijalanjalki-pienenee-merkittavasti-omalla-biokaasulaitoksella\\\/#breadcrumb\",\"itemListElement\":[{\"@type\":\"ListItem\",\"position\":1,\"name\":\"Koti\",\"item\":\"https:\\\/\\\/pellervo.fi\\\/sv\\\/\"},{\"@type\":\"ListItem\",\"position\":2,\"name\":\"Valiolaisen maitotilan hiilijalanj\u00e4lki pienenee merkitt\u00e4v\u00e4sti omalla biokaasulaitoksella\"}]},{\"@type\":\"WebSite\",\"@id\":\"https:\\\/\\\/pellervo.fi\\\/#website\",\"url\":\"https:\\\/\\\/pellervo.fi\\\/\",\"name\":\"Pellervo\",\"description\":\"Osuuskuntien keskusj\u00e4rjest\u00f6\",\"publisher\":{\"@id\":\"https:\\\/\\\/pellervo.fi\\\/#organization\"},\"potentialAction\":[{\"@type\":\"SearchAction\",\"target\":{\"@type\":\"EntryPoint\",\"urlTemplate\":\"https:\\\/\\\/pellervo.fi\\\/?s={search_term_string}\"},\"query-input\":{\"@type\":\"PropertyValueSpecification\",\"valueRequired\":true,\"valueName\":\"search_term_string\"}}],\"inLanguage\":\"sv-SE\"},{\"@type\":\"Organization\",\"@id\":\"https:\\\/\\\/pellervo.fi\\\/#organization\",\"name\":\"Osuustoimintakeskus Pellervo ry\",\"url\":\"https:\\\/\\\/pellervo.fi\\\/\",\"logo\":{\"@type\":\"ImageObject\",\"inLanguage\":\"sv-SE\",\"@id\":\"https:\\\/\\\/pellervo.fi\\\/#\\\/schema\\\/logo\\\/image\\\/\",\"url\":\"https:\\\/\\\/pellervo.fi\\\/wp-content\\\/uploads\\\/2020\\\/05\\\/Pellervo_logo.png\",\"contentUrl\":\"https:\\\/\\\/pellervo.fi\\\/wp-content\\\/uploads\\\/2020\\\/05\\\/Pellervo_logo.png\",\"width\":1335,\"height\":376,\"caption\":\"Osuustoimintakeskus Pellervo ry\"},\"image\":{\"@id\":\"https:\\\/\\\/pellervo.fi\\\/#\\\/schema\\\/logo\\\/image\\\/\"},\"sameAs\":[\"https:\\\/\\\/x.com\\\/PellervoFi\"]},{\"@type\":\"Person\",\"@id\":\"https:\\\/\\\/pellervo.fi\\\/#\\\/schema\\\/person\\\/f001b7c670bab10e5236b09672d9e6a3\",\"name\":\"Hanna Muukka\",\"image\":{\"@type\":\"ImageObject\",\"inLanguage\":\"sv-SE\",\"@id\":\"https:\\\/\\\/pellervo.fi\\\/wp-content\\\/uploads\\\/2014\\\/02\\\/Hanna-Muukka_avatar_1393417732-96x96.jpg\",\"url\":\"https:\\\/\\\/pellervo.fi\\\/wp-content\\\/uploads\\\/2014\\\/02\\\/Hanna-Muukka_avatar_1393417732-96x96.jpg\",\"contentUrl\":\"https:\\\/\\\/pellervo.fi\\\/wp-content\\\/uploads\\\/2014\\\/02\\\/Hanna-Muukka_avatar_1393417732-96x96.jpg\",\"caption\":\"Hanna Muukka\"},\"description\":\"Kirjoittaja ty\u00f6skentelee Osuustoimintakeskus Pellervossa vastuullisuusasiantuntijana.\",\"url\":\"https:\\\/\\\/pellervo.fi\\\/sv\\\/author\\\/hannamuu\\\/\"}]}<\/script>\n<!-- \/ Yoast SEO plugin. -->","yoast_head_json":{"title":"Valiolaisen maitotilan hiilijalanj\u00e4lki pienenee merkitt\u00e4v\u00e4sti omalla biokaasulaitoksella - Pellervo","robots":{"index":"index","follow":"follow","max-snippet":"max-snippet:-1","max-image-preview":"max-image-preview:large","max-video-preview":"max-video-preview:-1"},"canonical":"https:\/\/pellervo.fi\/en\/vastuullisuus\/2020\/12\/01\/valiolaisen-maitotilan-hiilijalanjalki-pienenee-merkittavasti-omalla-biokaasulaitoksella\/","og_locale":"sv_SE","og_type":"article","og_title":"Valiolaisen maitotilan hiilijalanj\u00e4lki pienenee merkitt\u00e4v\u00e4sti omalla biokaasulaitoksella - Pellervo","og_description":"Vuorenmaan maitotilalta Haapavedelt\u00e4 voi tankata lehm\u00e4n lannasta tehty\u00e4 biokaasua. Sit\u00e4 riitt\u00e4\u00e4 maitoauton lis\u00e4ksi ohikulkeville kaasuautoilijoille.","og_url":"https:\/\/pellervo.fi\/en\/vastuullisuus\/2020\/12\/01\/valiolaisen-maitotilan-hiilijalanjalki-pienenee-merkittavasti-omalla-biokaasulaitoksella\/","og_site_name":"Pellervo","article_published_time":"2020-12-01T06:30:03+00:00","article_modified_time":"2020-12-01T06:30:06+00:00","og_image":[{"width":850,"height":618,"url":"https:\/\/pellervo.fi\/wp-content\/uploads\/2018\/01\/lehmat.png","type":"image\/png"}],"author":"Hanna Muukka","twitter_card":"summary_large_image","twitter_creator":"@PellervoFi","twitter_site":"@PellervoFi","twitter_misc":{"Skriven av":"Hanna Muukka","Ber\u00e4knad l\u00e4stid":"4 minuter"},"schema":{"@context":"https:\/\/schema.org","@graph":[{"@type":"Article","@id":"https:\/\/pellervo.fi\/en\/vastuullisuus\/2020\/12\/01\/valiolaisen-maitotilan-hiilijalanjalki-pienenee-merkittavasti-omalla-biokaasulaitoksella\/#article","isPartOf":{"@id":"https:\/\/pellervo.fi\/en\/vastuullisuus\/2020\/12\/01\/valiolaisen-maitotilan-hiilijalanjalki-pienenee-merkittavasti-omalla-biokaasulaitoksella\/"},"author":{"name":"Hanna Muukka","@id":"https:\/\/pellervo.fi\/#\/schema\/person\/f001b7c670bab10e5236b09672d9e6a3"},"headline":"Valiolaisen maitotilan hiilijalanj\u00e4lki pienenee merkitt\u00e4v\u00e4sti omalla biokaasulaitoksella","datePublished":"2020-12-01T06:30:03+00:00","dateModified":"2020-12-01T06:30:06+00:00","mainEntityOfPage":{"@id":"https:\/\/pellervo.fi\/en\/vastuullisuus\/2020\/12\/01\/valiolaisen-maitotilan-hiilijalanjalki-pienenee-merkittavasti-omalla-biokaasulaitoksella\/"},"wordCount":737,"publisher":{"@id":"https:\/\/pellervo.fi\/#organization"},"image":{"@id":"https:\/\/pellervo.fi\/en\/vastuullisuus\/2020\/12\/01\/valiolaisen-maitotilan-hiilijalanjalki-pienenee-merkittavasti-omalla-biokaasulaitoksella\/#primaryimage"},"thumbnailUrl":"https:\/\/pellervo.fi\/wp-content\/uploads\/2018\/01\/lehmat.png","articleSection":["Vastuullisuus"],"inLanguage":"sv-SE"},{"@type":"WebPage","@id":"https:\/\/pellervo.fi\/en\/vastuullisuus\/2020\/12\/01\/valiolaisen-maitotilan-hiilijalanjalki-pienenee-merkittavasti-omalla-biokaasulaitoksella\/","url":"https:\/\/pellervo.fi\/en\/vastuullisuus\/2020\/12\/01\/valiolaisen-maitotilan-hiilijalanjalki-pienenee-merkittavasti-omalla-biokaasulaitoksella\/","name":"Valiolaisen maitotilan hiilijalanj\u00e4lki pienenee merkitt\u00e4v\u00e4sti omalla biokaasulaitoksella - Pellervo","isPartOf":{"@id":"https:\/\/pellervo.fi\/#website"},"primaryImageOfPage":{"@id":"https:\/\/pellervo.fi\/en\/vastuullisuus\/2020\/12\/01\/valiolaisen-maitotilan-hiilijalanjalki-pienenee-merkittavasti-omalla-biokaasulaitoksella\/#primaryimage"},"image":{"@id":"https:\/\/pellervo.fi\/en\/vastuullisuus\/2020\/12\/01\/valiolaisen-maitotilan-hiilijalanjalki-pienenee-merkittavasti-omalla-biokaasulaitoksella\/#primaryimage"},"thumbnailUrl":"https:\/\/pellervo.fi\/wp-content\/uploads\/2018\/01\/lehmat.png","datePublished":"2020-12-01T06:30:03+00:00","dateModified":"2020-12-01T06:30:06+00:00","breadcrumb":{"@id":"https:\/\/pellervo.fi\/en\/vastuullisuus\/2020\/12\/01\/valiolaisen-maitotilan-hiilijalanjalki-pienenee-merkittavasti-omalla-biokaasulaitoksella\/#breadcrumb"},"inLanguage":"sv-SE","potentialAction":[{"@type":"ReadAction","target":["https:\/\/pellervo.fi\/en\/vastuullisuus\/2020\/12\/01\/valiolaisen-maitotilan-hiilijalanjalki-pienenee-merkittavasti-omalla-biokaasulaitoksella\/"]}]},{"@type":"ImageObject","inLanguage":"sv-SE","@id":"https:\/\/pellervo.fi\/en\/vastuullisuus\/2020\/12\/01\/valiolaisen-maitotilan-hiilijalanjalki-pienenee-merkittavasti-omalla-biokaasulaitoksella\/#primaryimage","url":"https:\/\/pellervo.fi\/wp-content\/uploads\/2018\/01\/lehmat.png","contentUrl":"https:\/\/pellervo.fi\/wp-content\/uploads\/2018\/01\/lehmat.png","width":850,"height":618,"caption":"Kuvassa lehmi\u00e4 ulkoilemassa."},{"@type":"BreadcrumbList","@id":"https:\/\/pellervo.fi\/en\/vastuullisuus\/2020\/12\/01\/valiolaisen-maitotilan-hiilijalanjalki-pienenee-merkittavasti-omalla-biokaasulaitoksella\/#breadcrumb","itemListElement":[{"@type":"ListItem","position":1,"name":"Koti","item":"https:\/\/pellervo.fi\/sv\/"},{"@type":"ListItem","position":2,"name":"Valiolaisen maitotilan hiilijalanj\u00e4lki pienenee merkitt\u00e4v\u00e4sti omalla biokaasulaitoksella"}]},{"@type":"WebSite","@id":"https:\/\/pellervo.fi\/#website","url":"https:\/\/pellervo.fi\/","name":"Pellervo","description":"Osuuskuntien keskusj\u00e4rjest\u00f6","publisher":{"@id":"https:\/\/pellervo.fi\/#organization"},"potentialAction":[{"@type":"SearchAction","target":{"@type":"EntryPoint","urlTemplate":"https:\/\/pellervo.fi\/?s={search_term_string}"},"query-input":{"@type":"PropertyValueSpecification","valueRequired":true,"valueName":"search_term_string"}}],"inLanguage":"sv-SE"},{"@type":"Organization","@id":"https:\/\/pellervo.fi\/#organization","name":"Osuustoimintakeskus Pellervo ry","url":"https:\/\/pellervo.fi\/","logo":{"@type":"ImageObject","inLanguage":"sv-SE","@id":"https:\/\/pellervo.fi\/#\/schema\/logo\/image\/","url":"https:\/\/pellervo.fi\/wp-content\/uploads\/2020\/05\/Pellervo_logo.png","contentUrl":"https:\/\/pellervo.fi\/wp-content\/uploads\/2020\/05\/Pellervo_logo.png","width":1335,"height":376,"caption":"Osuustoimintakeskus Pellervo ry"},"image":{"@id":"https:\/\/pellervo.fi\/#\/schema\/logo\/image\/"},"sameAs":["https:\/\/x.com\/PellervoFi"]},{"@type":"Person","@id":"https:\/\/pellervo.fi\/#\/schema\/person\/f001b7c670bab10e5236b09672d9e6a3","name":"Hanna Muukka","image":{"@type":"ImageObject","inLanguage":"sv-SE","@id":"https:\/\/pellervo.fi\/wp-content\/uploads\/2014\/02\/Hanna-Muukka_avatar_1393417732-96x96.jpg","url":"https:\/\/pellervo.fi\/wp-content\/uploads\/2014\/02\/Hanna-Muukka_avatar_1393417732-96x96.jpg","contentUrl":"https:\/\/pellervo.fi\/wp-content\/uploads\/2014\/02\/Hanna-Muukka_avatar_1393417732-96x96.jpg","caption":"Hanna Muukka"},"description":"Kirjoittaja ty\u00f6skentelee Osuustoimintakeskus Pellervossa vastuullisuusasiantuntijana.","url":"https:\/\/pellervo.fi\/sv\/author\/hannamuu\/"}]}},"_links":{"self":[{"href":"https:\/\/pellervo.fi\/sv\/wp-json\/wp\/v2\/posts\/889049","targetHints":{"allow":["GET"]}}],"collection":[{"href":"https:\/\/pellervo.fi\/sv\/wp-json\/wp\/v2\/posts"}],"about":[{"href":"https:\/\/pellervo.fi\/sv\/wp-json\/wp\/v2\/types\/post"}],"author":[{"embeddable":true,"href":"https:\/\/pellervo.fi\/sv\/wp-json\/wp\/v2\/users\/6"}],"replies":[{"embeddable":true,"href":"https:\/\/pellervo.fi\/sv\/wp-json\/wp\/v2\/comments?post=889049"}],"version-history":[{"count":1,"href":"https:\/\/pellervo.fi\/sv\/wp-json\/wp\/v2\/posts\/889049\/revisions"}],"predecessor-version":[{"id":889052,"href":"https:\/\/pellervo.fi\/sv\/wp-json\/wp\/v2\/posts\/889049\/revisions\/889052"}],"wp:featuredmedia":[{"embeddable":true,"href":"https:\/\/pellervo.fi\/sv\/wp-json\/wp\/v2\/media\/883649"}],"wp:attachment":[{"href":"https:\/\/pellervo.fi\/sv\/wp-json\/wp\/v2\/media?parent=889049"}],"wp:term":[{"taxonomy":"category","embeddable":true,"href":"https:\/\/pellervo.fi\/sv\/wp-json\/wp\/v2\/categories?post=889049"},{"taxonomy":"post_tag","embeddable":true,"href":"https:\/\/pellervo.fi\/sv\/wp-json\/wp\/v2\/tags?post=889049"}],"curies":[{"name":"wp","href":"https:\/\/api.w.org\/{rel}","templated":true}]}}