{"id":889102,"date":"2020-12-07T13:41:34","date_gmt":"2020-12-07T11:41:34","guid":{"rendered":"https:\/\/pellervo.fi\/?p=889102"},"modified":"2020-12-07T15:39:31","modified_gmt":"2020-12-07T13:39:31","slug":"metsaliiton-jussi-linnaranta-uudeksi-hallituksen-jaseneksi","status":"publish","type":"post","link":"https:\/\/pellervo.fi\/sv\/jarjesto\/2020\/12\/07\/metsaliiton-jussi-linnaranta-uudeksi-hallituksen-jaseneksi\/","title":{"rendered":"Mets\u00e4liiton Jussi Linnaranta uudeksi hallituksen j\u00e4seneksi"},"content":{"rendered":"\n\n\n<p>Osuustoimintakeskus Pellervon valtuuskunta teki joulukuun 4. p\u00e4iv\u00e4n kokouksessaan seuraavat valinnat: Hallituksen j\u00e4senist\u00e4 valittiin kolmivuotiselle toimikaudelle jatkamaan johtaja <strong>Petri Pitk\u00e4nen<\/strong> L\u00e4hiTapiolasta, professori <strong>Anu Puusa<\/strong> It\u00e4-Suomen yliopistosta ja Pohjois-Karjalan Osuuskaupan hallituksesta sek\u00e4 ruotsinkielisen osuustoimintaj\u00e4rjest\u00f6n Finlands Svenska Andelsf\u00f6rbundin puheenjohtaja <strong>Stefan Saaristo<\/strong>.<\/p>\n<p>Yli vuosikymmenen Pellervon hallinnossa mukana ollut Timo Saukkonen Mets\u00e4liitto Osuuskunnasta j\u00e4i pois ja h\u00e4nen tilalleen hallituksen j\u00e4seneksi valittiin maatalous- ja mets\u00e4tieteiden maisteri, agronomi<strong> Jussi Linnaranta. <\/strong>Linnaranta aloitti t\u00e4n\u00e4 vuonna Mets\u00e4liitto Osuuskunnan hallituksen puheenjohtajana.<\/p>\n<h3>Sama puheenjohtajisto jatkaa<\/h3>\n<p>Pellervon hallinnon puheenjohtajisto valittiin jatkamaan teht\u00e4viss\u00e4\u00e4n: Petri Pitk\u00e4nen hallituksen puheenjohtajana ja L\u00e4nsi-Maidon hallituksen j\u00e4sen sek\u00e4 L\u00e4hiTapiola Pirkanmaan hallintoneuvoston puheenjohtaja <strong>Tiina Linnainmaa<\/strong> varapuheenjohtajana sek\u00e4 Pellervon lakiasiainjohtaja <strong>Anne Kontkanen<\/strong>\u00a0sihteerin\u00e4.<\/p>\n<p>Valtuuskunnan johdossa jatkaa <strong>Ilkka Uusitalo<\/strong>. H\u00e4n toimii LSO:n ja OP Kantrisalon hallituksissa sek\u00e4 Mets\u00e4liiton hallintoneuvostossa. Varapuheenjohtajana jatkaa puolestaan <strong>Matti Pikkarainen<\/strong>, joka toimii SOK:n ja Osuuskauppa Arinan hallintoneuvostojen puheenjohtajana.<\/p>\n<p><em>Osuustoimintakeskus Pellervo ry on keskusj\u00e4rjest\u00f6, jonka tavoitteena edist\u00e4\u00e4 osuustoimintaa yritt\u00e4mismallina ja osuuskuntaa kilpailukykyisen\u00e4 yritysmuotona.<\/em><\/p>\n<p><em>MIssiomme on lis\u00e4t\u00e4 hyvinvointia, palveluita ja yritt\u00e4mist\u00e4 Suomessa. J\u00e4senen\u00e4mme on noin 240 yrityst\u00e4 ja yhteis\u00f6\u00e4 &#8211; j\u00e4senist\u00f6lt\u00e4\u00e4n suurimpina ryhmin\u00e4 S-ryhm\u00e4, L\u00e4hiTapiola, Tradeka, Mets\u00e4liitto Osuuskunta ja osuuspankit. Mukana ovat my\u00f6s mm. Valio ja Atriassa sek\u00e4 HK Scanissa m\u00e4\u00e4r\u00e4ysvallan omistavat\u00a0 tuottajaosuuskunnat. Yhteens\u00e4 osuustoiminnalliset yritykset maksoivat Suomessa vuonna 2019 tuloveroa 437 miljoonaa euroa ja niiden liikevaihto oli l\u00e4hes 26 miljardia euroa.\u00a0<\/em><\/p>\n<p><em>Vaikutamme yritt\u00e4misen puitteita koskevaan lains\u00e4\u00e4d\u00e4nt\u00f6ty\u00f6h\u00f6n sek\u00e4 talous- ja elinkeinopolitiikkaan niin, ett\u00e4 osuuskunnat tulevat niiss\u00e4 riitt\u00e4v\u00e4sti huomioiduksi.\u00a0<\/em><em>Keskeisen\u00e4 ty\u00f6n\u00e4 on my\u00f6s lis\u00e4t\u00e4 osuustoimintamuotoisen yritt\u00e4misen yleist\u00e4 tunnettuutta ja yritysmuodolle my\u00f6nteist\u00e4 ilmapiiri\u00e4. <\/em><em>Kauppa- ja kilpailupolitiikan sek\u00e4 verotuksen lis\u00e4ksi t\u00e4rkeit\u00e4 Pellervon kehitt\u00e4miskohteita ovat muun muassa osuustoiminnan opetus ja tutkimus.<\/em><\/p>\n<p>\u00a0<\/p>\n<p>\u00a0<\/p>\n<p>\u00a0<\/p>\n","protected":false},"excerpt":{"rendered":"<p>Pellervon valtuuskunta teki joulikuun 4. p\u00e4iv\u00e4 my\u00f6s henkil\u00f6valintoja. Uutena j\u00e4senen\u00e4 hallitukseen nousi Mets\u00e4liitto Osuuskunnan hallituksen puheenjohtaja Jussi Linnaranta. <\/p>\n","protected":false},"author":5,"featured_media":889087,"comment_status":"closed","ping_status":"closed","sticky":false,"template":"","format":"standard","meta":{"inline_featured_image":false,"_monsterinsights_skip_tracking":false,"_monsterinsights_sitenote_active":false,"_monsterinsights_sitenote_note":"","_monsterinsights_sitenote_category":0,"site-sidebar-layout":"default","site-content-layout":"default","ast-site-content-layout":"default","site-content-style":"default","site-sidebar-style":"default","ast-global-header-display":"","ast-banner-title-visibility":"","ast-main-header-display":"","ast-hfb-above-header-display":"","ast-hfb-below-header-display":"","ast-hfb-mobile-header-display":"","site-post-title":"","ast-breadcrumbs-content":"","ast-featured-img":"","footer-sml-layout":"","ast-disable-related-posts":"","theme-transparent-header-meta":"default","adv-header-id-meta":"","stick-header-meta":"","header-above-stick-meta":"","header-main-stick-meta":"","header-below-stick-meta":"","astra-migrate-meta-layouts":"default","ast-page-background-enabled":"default","ast-page-background-meta":{"desktop":{"background-color":"","background-image":"","background-repeat":"repeat","background-position":"center center","background-size":"auto","background-attachment":"scroll","background-type":"","background-media":"","overlay-type":"","overlay-color":"","overlay-opacity":"","overlay-gradient":""},"tablet":{"background-color":"","background-image":"","background-repeat":"repeat","background-position":"center center","background-size":"auto","background-attachment":"scroll","background-type":"","background-media":"","overlay-type":"","overlay-color":"","overlay-opacity":"","overlay-gradient":""},"mobile":{"background-color":"","background-image":"","background-repeat":"repeat","background-position":"center center","background-size":"auto","background-attachment":"scroll","background-type":"","background-media":"","overlay-type":"","overlay-color":"","overlay-opacity":"","overlay-gradient":""}},"ast-content-background-meta":{"desktop":{"background-color":"var(--ast-global-color-5)","background-image":"","background-repeat":"repeat","background-position":"center center","background-size":"auto","background-attachment":"scroll","background-type":"","background-media":"","overlay-type":"","overlay-color":"","overlay-opacity":"","overlay-gradient":""},"tablet":{"background-color":"var(--ast-global-color-5)","background-image":"","background-repeat":"repeat","background-position":"center center","background-size":"auto","background-attachment":"scroll","background-type":"","background-media":"","overlay-type":"","overlay-color":"","overlay-opacity":"","overlay-gradient":""},"mobile":{"background-color":"var(--ast-global-color-5)","background-image":"","background-repeat":"repeat","background-position":"center center","background-size":"auto","background-attachment":"scroll","background-type":"","background-media":"","overlay-type":"","overlay-color":"","overlay-opacity":"","overlay-gradient":""}},"_FSMCFIC_featured_image_caption":"","_FSMCFIC_featured_image_nocaption":"","_FSMCFIC_featured_image_hide":"","footnotes":""},"categories":[71],"tags":[309,310],"class_list":["post-889102","post","type-post","status-publish","format-standard","has-post-thumbnail","hentry","category-jarjesto","tag-hallitus","tag-jussi-linnaranta"],"yoast_head":"<!-- This site is optimized with the Yoast SEO plugin v27.4 - https:\/\/yoast.com\/product\/yoast-seo-wordpress\/ -->\n<title>Mets\u00e4liiton Jussi Linnaranta uudeksi hallituksen j\u00e4seneksi - Pellervo<\/title>\n<meta name=\"robots\" content=\"index, follow, max-snippet:-1, max-image-preview:large, max-video-preview:-1\" \/>\n<link rel=\"canonical\" href=\"https:\/\/pellervo.fi\/sv\/jarjesto\/2020\/12\/07\/metsaliiton-jussi-linnaranta-uudeksi-hallituksen-jaseneksi\/\" \/>\n<meta property=\"og:locale\" content=\"sv_SE\" \/>\n<meta property=\"og:type\" content=\"article\" \/>\n<meta property=\"og:title\" content=\"Mets\u00e4liiton Jussi Linnaranta uudeksi hallituksen j\u00e4seneksi - Pellervo\" \/>\n<meta property=\"og:description\" content=\"Pellervon valtuuskunta teki joulikuun 4. p\u00e4iv\u00e4 my\u00f6s henkil\u00f6valintoja. Uutena j\u00e4senen\u00e4 hallitukseen nousi Mets\u00e4liitto Osuuskunnan hallituksen puheenjohtaja Jussi Linnaranta.\" \/>\n<meta property=\"og:url\" content=\"https:\/\/pellervo.fi\/sv\/jarjesto\/2020\/12\/07\/metsaliiton-jussi-linnaranta-uudeksi-hallituksen-jaseneksi\/\" \/>\n<meta property=\"og:site_name\" content=\"Pellervo\" \/>\n<meta property=\"article:published_time\" content=\"2020-12-07T11:41:34+00:00\" \/>\n<meta property=\"article:modified_time\" content=\"2020-12-07T13:39:31+00:00\" \/>\n<meta property=\"og:image\" content=\"https:\/\/pellervo.fi\/wp-content\/uploads\/2020\/12\/jussi-linnaranta.jpg\" \/>\n\t<meta property=\"og:image:width\" content=\"850\" \/>\n\t<meta property=\"og:image:height\" content=\"549\" \/>\n\t<meta property=\"og:image:type\" content=\"image\/jpeg\" \/>\n<meta name=\"author\" content=\"pellervo\" \/>\n<meta name=\"twitter:card\" content=\"summary_large_image\" \/>\n<meta name=\"twitter:creator\" content=\"@PellervoFi\" \/>\n<meta name=\"twitter:site\" content=\"@PellervoFi\" \/>\n<meta name=\"twitter:label1\" content=\"Skriven av\" \/>\n\t<meta name=\"twitter:data1\" content=\"pellervo\" \/>\n\t<meta name=\"twitter:label2\" content=\"Ber\u00e4knad l\u00e4stid\" \/>\n\t<meta name=\"twitter:data2\" content=\"1 minut\" \/>\n<script type=\"application\/ld+json\" class=\"yoast-schema-graph\">{\"@context\":\"https:\\\/\\\/schema.org\",\"@graph\":[{\"@type\":\"Article\",\"@id\":\"https:\\\/\\\/pellervo.fi\\\/sv\\\/jarjesto\\\/2020\\\/12\\\/07\\\/metsaliiton-jussi-linnaranta-uudeksi-hallituksen-jaseneksi\\\/#article\",\"isPartOf\":{\"@id\":\"https:\\\/\\\/pellervo.fi\\\/sv\\\/jarjesto\\\/2020\\\/12\\\/07\\\/metsaliiton-jussi-linnaranta-uudeksi-hallituksen-jaseneksi\\\/\"},\"author\":{\"name\":\"pellervo\",\"@id\":\"https:\\\/\\\/pellervo.fi\\\/#\\\/schema\\\/person\\\/4b74d40956937d1367ade81899997e71\"},\"headline\":\"Mets\u00e4liiton Jussi Linnaranta uudeksi hallituksen j\u00e4seneksi\",\"datePublished\":\"2020-12-07T11:41:34+00:00\",\"dateModified\":\"2020-12-07T13:39:31+00:00\",\"mainEntityOfPage\":{\"@id\":\"https:\\\/\\\/pellervo.fi\\\/sv\\\/jarjesto\\\/2020\\\/12\\\/07\\\/metsaliiton-jussi-linnaranta-uudeksi-hallituksen-jaseneksi\\\/\"},\"wordCount\":307,\"publisher\":{\"@id\":\"https:\\\/\\\/pellervo.fi\\\/#organization\"},\"image\":{\"@id\":\"https:\\\/\\\/pellervo.fi\\\/sv\\\/jarjesto\\\/2020\\\/12\\\/07\\\/metsaliiton-jussi-linnaranta-uudeksi-hallituksen-jaseneksi\\\/#primaryimage\"},\"thumbnailUrl\":\"https:\\\/\\\/pellervo.fi\\\/wp-content\\\/uploads\\\/2020\\\/12\\\/jussi-linnaranta.jpg\",\"keywords\":[\"Hallitus\",\"Jussi Linnaranta\"],\"articleSection\":[\"J\u00e4rjest\u00f6\"],\"inLanguage\":\"sv-SE\"},{\"@type\":\"WebPage\",\"@id\":\"https:\\\/\\\/pellervo.fi\\\/sv\\\/jarjesto\\\/2020\\\/12\\\/07\\\/metsaliiton-jussi-linnaranta-uudeksi-hallituksen-jaseneksi\\\/\",\"url\":\"https:\\\/\\\/pellervo.fi\\\/sv\\\/jarjesto\\\/2020\\\/12\\\/07\\\/metsaliiton-jussi-linnaranta-uudeksi-hallituksen-jaseneksi\\\/\",\"name\":\"Mets\u00e4liiton Jussi Linnaranta uudeksi hallituksen j\u00e4seneksi - Pellervo\",\"isPartOf\":{\"@id\":\"https:\\\/\\\/pellervo.fi\\\/#website\"},\"primaryImageOfPage\":{\"@id\":\"https:\\\/\\\/pellervo.fi\\\/sv\\\/jarjesto\\\/2020\\\/12\\\/07\\\/metsaliiton-jussi-linnaranta-uudeksi-hallituksen-jaseneksi\\\/#primaryimage\"},\"image\":{\"@id\":\"https:\\\/\\\/pellervo.fi\\\/sv\\\/jarjesto\\\/2020\\\/12\\\/07\\\/metsaliiton-jussi-linnaranta-uudeksi-hallituksen-jaseneksi\\\/#primaryimage\"},\"thumbnailUrl\":\"https:\\\/\\\/pellervo.fi\\\/wp-content\\\/uploads\\\/2020\\\/12\\\/jussi-linnaranta.jpg\",\"datePublished\":\"2020-12-07T11:41:34+00:00\",\"dateModified\":\"2020-12-07T13:39:31+00:00\",\"breadcrumb\":{\"@id\":\"https:\\\/\\\/pellervo.fi\\\/sv\\\/jarjesto\\\/2020\\\/12\\\/07\\\/metsaliiton-jussi-linnaranta-uudeksi-hallituksen-jaseneksi\\\/#breadcrumb\"},\"inLanguage\":\"sv-SE\",\"potentialAction\":[{\"@type\":\"ReadAction\",\"target\":[\"https:\\\/\\\/pellervo.fi\\\/sv\\\/jarjesto\\\/2020\\\/12\\\/07\\\/metsaliiton-jussi-linnaranta-uudeksi-hallituksen-jaseneksi\\\/\"]}]},{\"@type\":\"ImageObject\",\"inLanguage\":\"sv-SE\",\"@id\":\"https:\\\/\\\/pellervo.fi\\\/sv\\\/jarjesto\\\/2020\\\/12\\\/07\\\/metsaliiton-jussi-linnaranta-uudeksi-hallituksen-jaseneksi\\\/#primaryimage\",\"url\":\"https:\\\/\\\/pellervo.fi\\\/wp-content\\\/uploads\\\/2020\\\/12\\\/jussi-linnaranta.jpg\",\"contentUrl\":\"https:\\\/\\\/pellervo.fi\\\/wp-content\\\/uploads\\\/2020\\\/12\\\/jussi-linnaranta.jpg\",\"width\":850,\"height\":549,\"caption\":\"Jussi Linnaranta\"},{\"@type\":\"BreadcrumbList\",\"@id\":\"https:\\\/\\\/pellervo.fi\\\/sv\\\/jarjesto\\\/2020\\\/12\\\/07\\\/metsaliiton-jussi-linnaranta-uudeksi-hallituksen-jaseneksi\\\/#breadcrumb\",\"itemListElement\":[{\"@type\":\"ListItem\",\"position\":1,\"name\":\"Koti\",\"item\":\"https:\\\/\\\/pellervo.fi\\\/sv\\\/\"},{\"@type\":\"ListItem\",\"position\":2,\"name\":\"Mets\u00e4liiton Jussi Linnaranta uudeksi hallituksen j\u00e4seneksi\"}]},{\"@type\":\"WebSite\",\"@id\":\"https:\\\/\\\/pellervo.fi\\\/#website\",\"url\":\"https:\\\/\\\/pellervo.fi\\\/\",\"name\":\"Pellervo\",\"description\":\"Osuuskuntien keskusj\u00e4rjest\u00f6\",\"publisher\":{\"@id\":\"https:\\\/\\\/pellervo.fi\\\/#organization\"},\"potentialAction\":[{\"@type\":\"SearchAction\",\"target\":{\"@type\":\"EntryPoint\",\"urlTemplate\":\"https:\\\/\\\/pellervo.fi\\\/?s={search_term_string}\"},\"query-input\":{\"@type\":\"PropertyValueSpecification\",\"valueRequired\":true,\"valueName\":\"search_term_string\"}}],\"inLanguage\":\"sv-SE\"},{\"@type\":\"Organization\",\"@id\":\"https:\\\/\\\/pellervo.fi\\\/#organization\",\"name\":\"Osuustoimintakeskus Pellervo ry\",\"url\":\"https:\\\/\\\/pellervo.fi\\\/\",\"logo\":{\"@type\":\"ImageObject\",\"inLanguage\":\"sv-SE\",\"@id\":\"https:\\\/\\\/pellervo.fi\\\/#\\\/schema\\\/logo\\\/image\\\/\",\"url\":\"https:\\\/\\\/pellervo.fi\\\/wp-content\\\/uploads\\\/2020\\\/05\\\/Pellervo_logo.png\",\"contentUrl\":\"https:\\\/\\\/pellervo.fi\\\/wp-content\\\/uploads\\\/2020\\\/05\\\/Pellervo_logo.png\",\"width\":1335,\"height\":376,\"caption\":\"Osuustoimintakeskus Pellervo ry\"},\"image\":{\"@id\":\"https:\\\/\\\/pellervo.fi\\\/#\\\/schema\\\/logo\\\/image\\\/\"},\"sameAs\":[\"https:\\\/\\\/x.com\\\/PellervoFi\"]},{\"@type\":\"Person\",\"@id\":\"https:\\\/\\\/pellervo.fi\\\/#\\\/schema\\\/person\\\/4b74d40956937d1367ade81899997e71\",\"name\":\"pellervo\",\"image\":{\"@type\":\"ImageObject\",\"inLanguage\":\"sv-SE\",\"@id\":\"https:\\\/\\\/pellervo.fi\\\/wp-content\\\/uploads\\\/2013\\\/11\\\/pellervo_avatar_1384522134-96x96.jpg\",\"url\":\"https:\\\/\\\/pellervo.fi\\\/wp-content\\\/uploads\\\/2013\\\/11\\\/pellervo_avatar_1384522134-96x96.jpg\",\"contentUrl\":\"https:\\\/\\\/pellervo.fi\\\/wp-content\\\/uploads\\\/2013\\\/11\\\/pellervo_avatar_1384522134-96x96.jpg\",\"caption\":\"pellervo\"},\"description\":\"Kuvaus\",\"url\":\"https:\\\/\\\/pellervo.fi\\\/sv\\\/author\\\/pellervo\\\/\"}]}<\/script>\n<!-- \/ Yoast SEO plugin. -->","yoast_head_json":{"title":"Mets\u00e4liiton Jussi Linnaranta uudeksi hallituksen j\u00e4seneksi - Pellervo","robots":{"index":"index","follow":"follow","max-snippet":"max-snippet:-1","max-image-preview":"max-image-preview:large","max-video-preview":"max-video-preview:-1"},"canonical":"https:\/\/pellervo.fi\/sv\/jarjesto\/2020\/12\/07\/metsaliiton-jussi-linnaranta-uudeksi-hallituksen-jaseneksi\/","og_locale":"sv_SE","og_type":"article","og_title":"Mets\u00e4liiton Jussi Linnaranta uudeksi hallituksen j\u00e4seneksi - Pellervo","og_description":"Pellervon valtuuskunta teki joulikuun 4. p\u00e4iv\u00e4 my\u00f6s henkil\u00f6valintoja. Uutena j\u00e4senen\u00e4 hallitukseen nousi Mets\u00e4liitto Osuuskunnan hallituksen puheenjohtaja Jussi Linnaranta.","og_url":"https:\/\/pellervo.fi\/sv\/jarjesto\/2020\/12\/07\/metsaliiton-jussi-linnaranta-uudeksi-hallituksen-jaseneksi\/","og_site_name":"Pellervo","article_published_time":"2020-12-07T11:41:34+00:00","article_modified_time":"2020-12-07T13:39:31+00:00","og_image":[{"width":850,"height":549,"url":"https:\/\/pellervo.fi\/wp-content\/uploads\/2020\/12\/jussi-linnaranta.jpg","type":"image\/jpeg"}],"author":"pellervo","twitter_card":"summary_large_image","twitter_creator":"@PellervoFi","twitter_site":"@PellervoFi","twitter_misc":{"Skriven av":"pellervo","Ber\u00e4knad l\u00e4stid":"1 minut"},"schema":{"@context":"https:\/\/schema.org","@graph":[{"@type":"Article","@id":"https:\/\/pellervo.fi\/sv\/jarjesto\/2020\/12\/07\/metsaliiton-jussi-linnaranta-uudeksi-hallituksen-jaseneksi\/#article","isPartOf":{"@id":"https:\/\/pellervo.fi\/sv\/jarjesto\/2020\/12\/07\/metsaliiton-jussi-linnaranta-uudeksi-hallituksen-jaseneksi\/"},"author":{"name":"pellervo","@id":"https:\/\/pellervo.fi\/#\/schema\/person\/4b74d40956937d1367ade81899997e71"},"headline":"Mets\u00e4liiton Jussi Linnaranta uudeksi hallituksen j\u00e4seneksi","datePublished":"2020-12-07T11:41:34+00:00","dateModified":"2020-12-07T13:39:31+00:00","mainEntityOfPage":{"@id":"https:\/\/pellervo.fi\/sv\/jarjesto\/2020\/12\/07\/metsaliiton-jussi-linnaranta-uudeksi-hallituksen-jaseneksi\/"},"wordCount":307,"publisher":{"@id":"https:\/\/pellervo.fi\/#organization"},"image":{"@id":"https:\/\/pellervo.fi\/sv\/jarjesto\/2020\/12\/07\/metsaliiton-jussi-linnaranta-uudeksi-hallituksen-jaseneksi\/#primaryimage"},"thumbnailUrl":"https:\/\/pellervo.fi\/wp-content\/uploads\/2020\/12\/jussi-linnaranta.jpg","keywords":["Hallitus","Jussi Linnaranta"],"articleSection":["J\u00e4rjest\u00f6"],"inLanguage":"sv-SE"},{"@type":"WebPage","@id":"https:\/\/pellervo.fi\/sv\/jarjesto\/2020\/12\/07\/metsaliiton-jussi-linnaranta-uudeksi-hallituksen-jaseneksi\/","url":"https:\/\/pellervo.fi\/sv\/jarjesto\/2020\/12\/07\/metsaliiton-jussi-linnaranta-uudeksi-hallituksen-jaseneksi\/","name":"Mets\u00e4liiton Jussi Linnaranta uudeksi hallituksen j\u00e4seneksi - Pellervo","isPartOf":{"@id":"https:\/\/pellervo.fi\/#website"},"primaryImageOfPage":{"@id":"https:\/\/pellervo.fi\/sv\/jarjesto\/2020\/12\/07\/metsaliiton-jussi-linnaranta-uudeksi-hallituksen-jaseneksi\/#primaryimage"},"image":{"@id":"https:\/\/pellervo.fi\/sv\/jarjesto\/2020\/12\/07\/metsaliiton-jussi-linnaranta-uudeksi-hallituksen-jaseneksi\/#primaryimage"},"thumbnailUrl":"https:\/\/pellervo.fi\/wp-content\/uploads\/2020\/12\/jussi-linnaranta.jpg","datePublished":"2020-12-07T11:41:34+00:00","dateModified":"2020-12-07T13:39:31+00:00","breadcrumb":{"@id":"https:\/\/pellervo.fi\/sv\/jarjesto\/2020\/12\/07\/metsaliiton-jussi-linnaranta-uudeksi-hallituksen-jaseneksi\/#breadcrumb"},"inLanguage":"sv-SE","potentialAction":[{"@type":"ReadAction","target":["https:\/\/pellervo.fi\/sv\/jarjesto\/2020\/12\/07\/metsaliiton-jussi-linnaranta-uudeksi-hallituksen-jaseneksi\/"]}]},{"@type":"ImageObject","inLanguage":"sv-SE","@id":"https:\/\/pellervo.fi\/sv\/jarjesto\/2020\/12\/07\/metsaliiton-jussi-linnaranta-uudeksi-hallituksen-jaseneksi\/#primaryimage","url":"https:\/\/pellervo.fi\/wp-content\/uploads\/2020\/12\/jussi-linnaranta.jpg","contentUrl":"https:\/\/pellervo.fi\/wp-content\/uploads\/2020\/12\/jussi-linnaranta.jpg","width":850,"height":549,"caption":"Jussi Linnaranta"},{"@type":"BreadcrumbList","@id":"https:\/\/pellervo.fi\/sv\/jarjesto\/2020\/12\/07\/metsaliiton-jussi-linnaranta-uudeksi-hallituksen-jaseneksi\/#breadcrumb","itemListElement":[{"@type":"ListItem","position":1,"name":"Koti","item":"https:\/\/pellervo.fi\/sv\/"},{"@type":"ListItem","position":2,"name":"Mets\u00e4liiton Jussi Linnaranta uudeksi hallituksen j\u00e4seneksi"}]},{"@type":"WebSite","@id":"https:\/\/pellervo.fi\/#website","url":"https:\/\/pellervo.fi\/","name":"Pellervo","description":"Osuuskuntien keskusj\u00e4rjest\u00f6","publisher":{"@id":"https:\/\/pellervo.fi\/#organization"},"potentialAction":[{"@type":"SearchAction","target":{"@type":"EntryPoint","urlTemplate":"https:\/\/pellervo.fi\/?s={search_term_string}"},"query-input":{"@type":"PropertyValueSpecification","valueRequired":true,"valueName":"search_term_string"}}],"inLanguage":"sv-SE"},{"@type":"Organization","@id":"https:\/\/pellervo.fi\/#organization","name":"Osuustoimintakeskus Pellervo ry","url":"https:\/\/pellervo.fi\/","logo":{"@type":"ImageObject","inLanguage":"sv-SE","@id":"https:\/\/pellervo.fi\/#\/schema\/logo\/image\/","url":"https:\/\/pellervo.fi\/wp-content\/uploads\/2020\/05\/Pellervo_logo.png","contentUrl":"https:\/\/pellervo.fi\/wp-content\/uploads\/2020\/05\/Pellervo_logo.png","width":1335,"height":376,"caption":"Osuustoimintakeskus Pellervo ry"},"image":{"@id":"https:\/\/pellervo.fi\/#\/schema\/logo\/image\/"},"sameAs":["https:\/\/x.com\/PellervoFi"]},{"@type":"Person","@id":"https:\/\/pellervo.fi\/#\/schema\/person\/4b74d40956937d1367ade81899997e71","name":"pellervo","image":{"@type":"ImageObject","inLanguage":"sv-SE","@id":"https:\/\/pellervo.fi\/wp-content\/uploads\/2013\/11\/pellervo_avatar_1384522134-96x96.jpg","url":"https:\/\/pellervo.fi\/wp-content\/uploads\/2013\/11\/pellervo_avatar_1384522134-96x96.jpg","contentUrl":"https:\/\/pellervo.fi\/wp-content\/uploads\/2013\/11\/pellervo_avatar_1384522134-96x96.jpg","caption":"pellervo"},"description":"Kuvaus","url":"https:\/\/pellervo.fi\/sv\/author\/pellervo\/"}]}},"_links":{"self":[{"href":"https:\/\/pellervo.fi\/sv\/wp-json\/wp\/v2\/posts\/889102","targetHints":{"allow":["GET"]}}],"collection":[{"href":"https:\/\/pellervo.fi\/sv\/wp-json\/wp\/v2\/posts"}],"about":[{"href":"https:\/\/pellervo.fi\/sv\/wp-json\/wp\/v2\/types\/post"}],"author":[{"embeddable":true,"href":"https:\/\/pellervo.fi\/sv\/wp-json\/wp\/v2\/users\/5"}],"replies":[{"embeddable":true,"href":"https:\/\/pellervo.fi\/sv\/wp-json\/wp\/v2\/comments?post=889102"}],"version-history":[{"count":8,"href":"https:\/\/pellervo.fi\/sv\/wp-json\/wp\/v2\/posts\/889102\/revisions"}],"predecessor-version":[{"id":889114,"href":"https:\/\/pellervo.fi\/sv\/wp-json\/wp\/v2\/posts\/889102\/revisions\/889114"}],"wp:featuredmedia":[{"embeddable":true,"href":"https:\/\/pellervo.fi\/sv\/wp-json\/wp\/v2\/media\/889087"}],"wp:attachment":[{"href":"https:\/\/pellervo.fi\/sv\/wp-json\/wp\/v2\/media?parent=889102"}],"wp:term":[{"taxonomy":"category","embeddable":true,"href":"https:\/\/pellervo.fi\/sv\/wp-json\/wp\/v2\/categories?post=889102"},{"taxonomy":"post_tag","embeddable":true,"href":"https:\/\/pellervo.fi\/sv\/wp-json\/wp\/v2\/tags?post=889102"}],"curies":[{"name":"wp","href":"https:\/\/api.w.org\/{rel}","templated":true}]}}