{"id":889143,"date":"2020-12-09T12:59:50","date_gmt":"2020-12-09T10:59:50","guid":{"rendered":"https:\/\/pellervo.fi\/?p=889143"},"modified":"2021-01-22T12:27:23","modified_gmt":"2021-01-22T10:27:23","slug":"mep-nakokulma-elsi-katainen-osuuskunta-on-yritysmuotojen-vintagea","status":"publish","type":"post","link":"https:\/\/pellervo.fi\/sv\/nakokulma\/2020\/12\/09\/mep-nakokulma-elsi-katainen-osuuskunta-on-yritysmuotojen-vintagea\/","title":{"rendered":"MEP N\u00e4k\u00f6kulma: Elsi Katainen \u2013 Osuuskunta on yritysmuotojen vintagea"},"content":{"rendered":"\n<p><strong>Pandemia koettelee nyt yhteiskuntaamme \u2013 ihmisi\u00e4, ty\u00f6paikkoja, yrityksi\u00e4 ja terveydenhuoltoj\u00e4rjestelm\u00e4\u00e4mme. Osuuskunnat n\u00e4ytt\u00e4ytyv\u00e4t myllerryksess\u00e4 vakaina, kest\u00e4vin\u00e4 ja sosiaalisesti oikeudenmukaisina korona-ajan vakauttajina. Kyseess\u00e4 on hyvinvointia luova yritysmuoto, joka antaa mahdollisuuden matalan riskin yritt\u00e4miseen erityisesti nyt, kun olosuhteet ovat poikkeuksellisen ep\u00e4vakaat ja vaikeat.<\/strong><\/p>\n<p>Omassa arjessani osuuskuntatoiminta on ollut aina l\u00e4sn\u00e4. Tilamme tuotteiden tien suomalaisten ruokap\u00f6yt\u00e4\u00e4n on mahdollistanut osuuskuntatoiminta, is\u00e4ni toimi aikoinaan mm. meijerin hallintoneuvoston puheenjohtajana ja nyt jo poikamme tilan pihapiiriss\u00e4 on kovassa k\u00e4yt\u00f6ss\u00e4 rakennus, jonka kyltiss\u00e4 seisoo &#8221;Venetm\u00e4en kuivuri-osk&#8221;, osoituksena kyl\u00e4l\u00e4isten m\u00e4\u00e4r\u00e4tietoisesta yhteisty\u00f6st\u00e4. Osuuskuntatoiminnalla on Suomessa pitk\u00e4 historia. Sen vaikutukset ulottuvat laajasti arkiel\u00e4m\u00e4\u00e4n pankki- ja vakuutusasioinnista aina arjen perushy\u00f6dykkeiden hankintaan asti. Varsinkin kriisiaikoina osuuskuntien rooli yhteiskunnan perustana ja talouden vakauttajana korostuu.<\/p>\n<p>Suomalaisista 90 prosenttia on j\u00e4senen\u00e4 ainakin yhdess\u00e4 osuuskunnassa. T\u00e4m\u00e4 on kansainv\u00e4lisesti vertailtuna poikkeuksellisen korkea luku. Voisiko osuuskuntia j\u00e4senineen olla viel\u00e4kin enemm\u00e4n? Tunnetaanko eurooppalaisessa p\u00e4\u00e4t\u00f6ksenteossa osuuskuntien toimintatavat ja ansiot? Kannustan osuuskuntia viestim\u00e4\u00e4n nykyist\u00e4 rohkeammin ja selke\u00e4mmin asiakkailleen sek\u00e4 p\u00e4\u00e4tt\u00e4jille kotimaassa ja Euroopassa osuuskuntien toimintaperiaatteesta ja vankasta historiasta. Onko osuuskuntien koon kasvu ja laajentaminen h\u00e4m\u00e4rt\u00e4nyt tavallisen kansalaisen ymm\u00e4rryksen siit\u00e4, mihin toiminta perustuu? Aiemmin l\u00e4hes jokainen tiesi jonkun, joka toimi osuuskunnan p\u00e4\u00e4tt\u00e4viss\u00e4 elimiss\u00e4. T\u00e4n\u00e4\u00e4n tuskin osattaisiin nimet\u00e4 ket\u00e4\u00e4n. Osuuskunnan eron muihin yritysmuotoihin joutuu usein avaamaan perin pohjin.<\/p>\n<p>Pohja yritysmaailman perusteiden, mm. eri yritysmuotojen tuntemiseen, soisi syntyv\u00e4n jo perusopinnoissa ja vahvistuvan my\u00f6hemmiss\u00e4 opinnoissa l\u00e4pi Euroopan unionin. Osuuskunnille yhteisty\u00f6 kaikkien eri koulutusasteiden ja my\u00f6s aikuiskoulutuksen kanssa voi tuottaa hedelm\u00e4\u00e4 my\u00f6s taloudellisesti. T\u00e4t\u00e4 kautta nuoret saavat tietoa yritystoiminnasta varhaisessa vaiheessa ja kynnys osallistua osuuskuntatoimintaan pienenee. Monille kynnys yksityisyritt\u00e4jyyteen voi olla suuri, mutta osuustoiminnan kautta yritt\u00e4jyytt\u00e4 harkitsevalle osuustoiminnan yhteis\u00f6llisyys, hallinnon ketteryys ja joustavuus sek\u00e4 riskien jakautuminen voivat toimia kannustimena. Kaikkien osuustoimintayritysten ei pid\u00e4 olla suuria, my\u00f6s pienemmille toimijoille on tarvetta.<\/p>\n<p>Kunnissa paikallisten yritt\u00e4jien yhteisty\u00f6 osuuskuntatoiminnan kautta voi olla osa ratkaisua alueiden elinvoiman s\u00e4ilytt\u00e4miseen ja vahvistamiseen. Kunnissa on mahdollista rakentaa yhteisty\u00f6t\u00e4, joka aukaisee yhteisty\u00f6n kanavat kuntalaisiin. My\u00f6s kuntien elinkeinoel\u00e4m\u00e4n kehitt\u00e4jien tieto-taito ja luottamus osuuskunta-aatetta kohtaan on t\u00e4rke\u00e4\u00e4.<\/p>\n<p>Euroopassa osuuskunnat tunnetaan erityisesti maataloudessa, mutta ne ovat j\u00e4\u00e4neet v\u00e4hemm\u00e4lle huomiolle esimerkiksi EU:n sis\u00e4markkinoiden kehitt\u00e4mist\u00e4 elvytys- ja kilpailupolitiikkaa koskevissa keskusteluissa. Kannustan suomalaista osuuskuntaliikett\u00e4 avaamaan palkeet ja tuomaan esille Brysselin instituutioille, komissiosta aina neuvostoon ja parlamenttiin saakka, yritysmuodon erityispiirteet ja hy\u00f6dyt. Koronasta toipuvassa ja uuteen digitaalisempaan ja vihre\u00e4mp\u00e4\u00e4n Eurooppaan t\u00e4ht\u00e4\u00e4v\u00e4ss\u00e4 ajassa osuuskuntaliikkeell\u00e4 on paljon annettavaa. Perinteisyydest\u00e4 huolimatta tai ehk\u00e4p\u00e4 juuri siksi, osuuskunnilla on valmius vastata nykyp\u00e4iv\u00e4n kysynt\u00e4\u00e4n kest\u00e4v\u00e4st\u00e4 sosiaalisesta yritt\u00e4jyydest\u00e4.<\/p>\n<p><strong>Elsi Katainen<br \/><\/strong>Europarlamentaarikko<\/p>\n<p><em>Kirjoittaja on Keskustan ja Renew Europe -ryhm\u00e4n europarlamentaarikko.<\/em><\/p>\n<p><em>Teksti on osa Euroopan parlamentin suomalaisj\u00e4senten <span style=\"text-decoration: underline;\"><a href=\"https:\/\/pellervo.fi\/tag\/mep-nakokulma\/\">vierasblogisarjaa<\/a> <\/span>Pellervon verkkosivuilla.<\/em><\/p>\n","protected":false},"excerpt":{"rendered":"<p>Pandemia koettelee nyt yhteiskuntaamme \u2013 ihmisi\u00e4, ty\u00f6paikkoja, yrityksi\u00e4 ja terveydenhuoltoj\u00e4rjestelm\u00e4\u00e4mme. Osuuskunnat n\u00e4ytt\u00e4ytyv\u00e4t myllerryksess\u00e4 vakaina, kest\u00e4vin\u00e4 ja sosiaalisesti oikeudenmukaisina korona-ajan vakauttajina. Kyseess\u00e4 on hyvinvointia luova yritysmuoto, joka antaa mahdollisuuden matalan riskin yritt\u00e4miseen erityisesti nyt, kun olosuhteet ovat poikkeuksellisen ep\u00e4vakaat ja vaikeat.<\/p>\n","protected":false},"author":5,"featured_media":889145,"comment_status":"closed","ping_status":"closed","sticky":false,"template":"","format":"standard","meta":{"inline_featured_image":false,"_monsterinsights_skip_tracking":false,"_monsterinsights_sitenote_active":false,"_monsterinsights_sitenote_note":"","_monsterinsights_sitenote_category":0,"site-sidebar-layout":"default","site-content-layout":"default","ast-site-content-layout":"default","site-content-style":"default","site-sidebar-style":"default","ast-global-header-display":"","ast-banner-title-visibility":"","ast-main-header-display":"","ast-hfb-above-header-display":"","ast-hfb-below-header-display":"","ast-hfb-mobile-header-display":"","site-post-title":"","ast-breadcrumbs-content":"","ast-featured-img":"","footer-sml-layout":"","ast-disable-related-posts":"","theme-transparent-header-meta":"default","adv-header-id-meta":"","stick-header-meta":"","header-above-stick-meta":"","header-main-stick-meta":"","header-below-stick-meta":"","astra-migrate-meta-layouts":"default","ast-page-background-enabled":"default","ast-page-background-meta":{"desktop":{"background-color":"","background-image":"","background-repeat":"repeat","background-position":"center center","background-size":"auto","background-attachment":"scroll","background-type":"","background-media":"","overlay-type":"","overlay-color":"","overlay-opacity":"","overlay-gradient":""},"tablet":{"background-color":"","background-image":"","background-repeat":"repeat","background-position":"center center","background-size":"auto","background-attachment":"scroll","background-type":"","background-media":"","overlay-type":"","overlay-color":"","overlay-opacity":"","overlay-gradient":""},"mobile":{"background-color":"","background-image":"","background-repeat":"repeat","background-position":"center center","background-size":"auto","background-attachment":"scroll","background-type":"","background-media":"","overlay-type":"","overlay-color":"","overlay-opacity":"","overlay-gradient":""}},"ast-content-background-meta":{"desktop":{"background-color":"var(--ast-global-color-5)","background-image":"","background-repeat":"repeat","background-position":"center center","background-size":"auto","background-attachment":"scroll","background-type":"","background-media":"","overlay-type":"","overlay-color":"","overlay-opacity":"","overlay-gradient":""},"tablet":{"background-color":"var(--ast-global-color-5)","background-image":"","background-repeat":"repeat","background-position":"center center","background-size":"auto","background-attachment":"scroll","background-type":"","background-media":"","overlay-type":"","overlay-color":"","overlay-opacity":"","overlay-gradient":""},"mobile":{"background-color":"var(--ast-global-color-5)","background-image":"","background-repeat":"repeat","background-position":"center center","background-size":"auto","background-attachment":"scroll","background-type":"","background-media":"","overlay-type":"","overlay-color":"","overlay-opacity":"","overlay-gradient":""}},"_FSMCFIC_featured_image_caption":"","_FSMCFIC_featured_image_nocaption":"","_FSMCFIC_featured_image_hide":"","footnotes":""},"categories":[21],"tags":[311],"class_list":["post-889143","post","type-post","status-publish","format-standard","has-post-thumbnail","hentry","category-nakokulma","tag-mep-nakokulma"],"yoast_head":"<!-- This site is optimized with the Yoast SEO plugin v27.4 - https:\/\/yoast.com\/product\/yoast-seo-wordpress\/ -->\n<title>MEP N\u00e4k\u00f6kulma: Elsi Katainen \u2013 Osuuskunta on yritysmuotojen vintagea - Pellervo<\/title>\n<meta name=\"robots\" content=\"index, follow, max-snippet:-1, max-image-preview:large, max-video-preview:-1\" \/>\n<link rel=\"canonical\" href=\"https:\/\/pellervo.fi\/sv\/nakokulma\/2020\/12\/09\/mep-nakokulma-elsi-katainen-osuuskunta-on-yritysmuotojen-vintagea\/\" \/>\n<meta property=\"og:locale\" content=\"sv_SE\" \/>\n<meta property=\"og:type\" content=\"article\" \/>\n<meta property=\"og:title\" content=\"MEP N\u00e4k\u00f6kulma: Elsi Katainen \u2013 Osuuskunta on yritysmuotojen vintagea - Pellervo\" \/>\n<meta property=\"og:description\" content=\"Pandemia koettelee nyt yhteiskuntaamme \u2013 ihmisi\u00e4, ty\u00f6paikkoja, yrityksi\u00e4 ja terveydenhuoltoj\u00e4rjestelm\u00e4\u00e4mme. Osuuskunnat n\u00e4ytt\u00e4ytyv\u00e4t myllerryksess\u00e4 vakaina, kest\u00e4vin\u00e4 ja sosiaalisesti oikeudenmukaisina korona-ajan vakauttajina. Kyseess\u00e4 on hyvinvointia luova yritysmuoto, joka antaa mahdollisuuden matalan riskin yritt\u00e4miseen erityisesti nyt, kun olosuhteet ovat poikkeuksellisen ep\u00e4vakaat ja vaikeat.\" \/>\n<meta property=\"og:url\" content=\"https:\/\/pellervo.fi\/sv\/nakokulma\/2020\/12\/09\/mep-nakokulma-elsi-katainen-osuuskunta-on-yritysmuotojen-vintagea\/\" \/>\n<meta property=\"og:site_name\" content=\"Pellervo\" \/>\n<meta property=\"article:published_time\" content=\"2020-12-09T10:59:50+00:00\" \/>\n<meta property=\"article:modified_time\" content=\"2021-01-22T10:27:23+00:00\" \/>\n<meta property=\"og:image\" content=\"https:\/\/pellervo.fi\/wp-content\/uploads\/2020\/12\/elsi-katainen.jpg\" \/>\n\t<meta property=\"og:image:width\" content=\"850\" \/>\n\t<meta property=\"og:image:height\" content=\"567\" \/>\n\t<meta property=\"og:image:type\" content=\"image\/jpeg\" \/>\n<meta name=\"author\" content=\"pellervo\" \/>\n<meta name=\"twitter:card\" content=\"summary_large_image\" \/>\n<meta name=\"twitter:creator\" content=\"@PellervoFi\" \/>\n<meta name=\"twitter:site\" content=\"@PellervoFi\" \/>\n<meta name=\"twitter:label1\" content=\"Skriven av\" \/>\n\t<meta name=\"twitter:data1\" content=\"pellervo\" \/>\n\t<meta name=\"twitter:label2\" content=\"Ber\u00e4knad l\u00e4stid\" \/>\n\t<meta name=\"twitter:data2\" content=\"2 minuter\" \/>\n<script type=\"application\/ld+json\" class=\"yoast-schema-graph\">{\"@context\":\"https:\\\/\\\/schema.org\",\"@graph\":[{\"@type\":\"Article\",\"@id\":\"https:\\\/\\\/pellervo.fi\\\/sv\\\/nakokulma\\\/2020\\\/12\\\/09\\\/mep-nakokulma-elsi-katainen-osuuskunta-on-yritysmuotojen-vintagea\\\/#article\",\"isPartOf\":{\"@id\":\"https:\\\/\\\/pellervo.fi\\\/sv\\\/nakokulma\\\/2020\\\/12\\\/09\\\/mep-nakokulma-elsi-katainen-osuuskunta-on-yritysmuotojen-vintagea\\\/\"},\"author\":{\"name\":\"pellervo\",\"@id\":\"https:\\\/\\\/pellervo.fi\\\/#\\\/schema\\\/person\\\/4b74d40956937d1367ade81899997e71\"},\"headline\":\"MEP N\u00e4k\u00f6kulma: Elsi Katainen \u2013 Osuuskunta on yritysmuotojen vintagea\",\"datePublished\":\"2020-12-09T10:59:50+00:00\",\"dateModified\":\"2021-01-22T10:27:23+00:00\",\"mainEntityOfPage\":{\"@id\":\"https:\\\/\\\/pellervo.fi\\\/sv\\\/nakokulma\\\/2020\\\/12\\\/09\\\/mep-nakokulma-elsi-katainen-osuuskunta-on-yritysmuotojen-vintagea\\\/\"},\"wordCount\":492,\"publisher\":{\"@id\":\"https:\\\/\\\/pellervo.fi\\\/#organization\"},\"image\":{\"@id\":\"https:\\\/\\\/pellervo.fi\\\/sv\\\/nakokulma\\\/2020\\\/12\\\/09\\\/mep-nakokulma-elsi-katainen-osuuskunta-on-yritysmuotojen-vintagea\\\/#primaryimage\"},\"thumbnailUrl\":\"https:\\\/\\\/pellervo.fi\\\/wp-content\\\/uploads\\\/2020\\\/12\\\/elsi-katainen.jpg\",\"keywords\":[\"MEP N\u00e4k\u00f6kulma\"],\"articleSection\":[\"N\u00e4k\u00f6kulma\"],\"inLanguage\":\"sv-SE\"},{\"@type\":\"WebPage\",\"@id\":\"https:\\\/\\\/pellervo.fi\\\/sv\\\/nakokulma\\\/2020\\\/12\\\/09\\\/mep-nakokulma-elsi-katainen-osuuskunta-on-yritysmuotojen-vintagea\\\/\",\"url\":\"https:\\\/\\\/pellervo.fi\\\/sv\\\/nakokulma\\\/2020\\\/12\\\/09\\\/mep-nakokulma-elsi-katainen-osuuskunta-on-yritysmuotojen-vintagea\\\/\",\"name\":\"MEP N\u00e4k\u00f6kulma: Elsi Katainen \u2013 Osuuskunta on yritysmuotojen vintagea - Pellervo\",\"isPartOf\":{\"@id\":\"https:\\\/\\\/pellervo.fi\\\/#website\"},\"primaryImageOfPage\":{\"@id\":\"https:\\\/\\\/pellervo.fi\\\/sv\\\/nakokulma\\\/2020\\\/12\\\/09\\\/mep-nakokulma-elsi-katainen-osuuskunta-on-yritysmuotojen-vintagea\\\/#primaryimage\"},\"image\":{\"@id\":\"https:\\\/\\\/pellervo.fi\\\/sv\\\/nakokulma\\\/2020\\\/12\\\/09\\\/mep-nakokulma-elsi-katainen-osuuskunta-on-yritysmuotojen-vintagea\\\/#primaryimage\"},\"thumbnailUrl\":\"https:\\\/\\\/pellervo.fi\\\/wp-content\\\/uploads\\\/2020\\\/12\\\/elsi-katainen.jpg\",\"datePublished\":\"2020-12-09T10:59:50+00:00\",\"dateModified\":\"2021-01-22T10:27:23+00:00\",\"breadcrumb\":{\"@id\":\"https:\\\/\\\/pellervo.fi\\\/sv\\\/nakokulma\\\/2020\\\/12\\\/09\\\/mep-nakokulma-elsi-katainen-osuuskunta-on-yritysmuotojen-vintagea\\\/#breadcrumb\"},\"inLanguage\":\"sv-SE\",\"potentialAction\":[{\"@type\":\"ReadAction\",\"target\":[\"https:\\\/\\\/pellervo.fi\\\/sv\\\/nakokulma\\\/2020\\\/12\\\/09\\\/mep-nakokulma-elsi-katainen-osuuskunta-on-yritysmuotojen-vintagea\\\/\"]}]},{\"@type\":\"ImageObject\",\"inLanguage\":\"sv-SE\",\"@id\":\"https:\\\/\\\/pellervo.fi\\\/sv\\\/nakokulma\\\/2020\\\/12\\\/09\\\/mep-nakokulma-elsi-katainen-osuuskunta-on-yritysmuotojen-vintagea\\\/#primaryimage\",\"url\":\"https:\\\/\\\/pellervo.fi\\\/wp-content\\\/uploads\\\/2020\\\/12\\\/elsi-katainen.jpg\",\"contentUrl\":\"https:\\\/\\\/pellervo.fi\\\/wp-content\\\/uploads\\\/2020\\\/12\\\/elsi-katainen.jpg\",\"width\":850,\"height\":567},{\"@type\":\"BreadcrumbList\",\"@id\":\"https:\\\/\\\/pellervo.fi\\\/sv\\\/nakokulma\\\/2020\\\/12\\\/09\\\/mep-nakokulma-elsi-katainen-osuuskunta-on-yritysmuotojen-vintagea\\\/#breadcrumb\",\"itemListElement\":[{\"@type\":\"ListItem\",\"position\":1,\"name\":\"Koti\",\"item\":\"https:\\\/\\\/pellervo.fi\\\/sv\\\/\"},{\"@type\":\"ListItem\",\"position\":2,\"name\":\"MEP N\u00e4k\u00f6kulma: Elsi Katainen \u2013 Osuuskunta on yritysmuotojen vintagea\"}]},{\"@type\":\"WebSite\",\"@id\":\"https:\\\/\\\/pellervo.fi\\\/#website\",\"url\":\"https:\\\/\\\/pellervo.fi\\\/\",\"name\":\"Pellervo\",\"description\":\"Osuuskuntien keskusj\u00e4rjest\u00f6\",\"publisher\":{\"@id\":\"https:\\\/\\\/pellervo.fi\\\/#organization\"},\"potentialAction\":[{\"@type\":\"SearchAction\",\"target\":{\"@type\":\"EntryPoint\",\"urlTemplate\":\"https:\\\/\\\/pellervo.fi\\\/?s={search_term_string}\"},\"query-input\":{\"@type\":\"PropertyValueSpecification\",\"valueRequired\":true,\"valueName\":\"search_term_string\"}}],\"inLanguage\":\"sv-SE\"},{\"@type\":\"Organization\",\"@id\":\"https:\\\/\\\/pellervo.fi\\\/#organization\",\"name\":\"Osuustoimintakeskus Pellervo ry\",\"url\":\"https:\\\/\\\/pellervo.fi\\\/\",\"logo\":{\"@type\":\"ImageObject\",\"inLanguage\":\"sv-SE\",\"@id\":\"https:\\\/\\\/pellervo.fi\\\/#\\\/schema\\\/logo\\\/image\\\/\",\"url\":\"https:\\\/\\\/pellervo.fi\\\/wp-content\\\/uploads\\\/2020\\\/05\\\/Pellervo_logo.png\",\"contentUrl\":\"https:\\\/\\\/pellervo.fi\\\/wp-content\\\/uploads\\\/2020\\\/05\\\/Pellervo_logo.png\",\"width\":1335,\"height\":376,\"caption\":\"Osuustoimintakeskus Pellervo ry\"},\"image\":{\"@id\":\"https:\\\/\\\/pellervo.fi\\\/#\\\/schema\\\/logo\\\/image\\\/\"},\"sameAs\":[\"https:\\\/\\\/x.com\\\/PellervoFi\"]},{\"@type\":\"Person\",\"@id\":\"https:\\\/\\\/pellervo.fi\\\/#\\\/schema\\\/person\\\/4b74d40956937d1367ade81899997e71\",\"name\":\"pellervo\",\"image\":{\"@type\":\"ImageObject\",\"inLanguage\":\"sv-SE\",\"@id\":\"https:\\\/\\\/pellervo.fi\\\/wp-content\\\/uploads\\\/2013\\\/11\\\/pellervo_avatar_1384522134-96x96.jpg\",\"url\":\"https:\\\/\\\/pellervo.fi\\\/wp-content\\\/uploads\\\/2013\\\/11\\\/pellervo_avatar_1384522134-96x96.jpg\",\"contentUrl\":\"https:\\\/\\\/pellervo.fi\\\/wp-content\\\/uploads\\\/2013\\\/11\\\/pellervo_avatar_1384522134-96x96.jpg\",\"caption\":\"pellervo\"},\"description\":\"Kuvaus\",\"url\":\"https:\\\/\\\/pellervo.fi\\\/sv\\\/author\\\/pellervo\\\/\"}]}<\/script>\n<!-- \/ Yoast SEO plugin. -->","yoast_head_json":{"title":"MEP N\u00e4k\u00f6kulma: Elsi Katainen \u2013 Osuuskunta on yritysmuotojen vintagea - Pellervo","robots":{"index":"index","follow":"follow","max-snippet":"max-snippet:-1","max-image-preview":"max-image-preview:large","max-video-preview":"max-video-preview:-1"},"canonical":"https:\/\/pellervo.fi\/sv\/nakokulma\/2020\/12\/09\/mep-nakokulma-elsi-katainen-osuuskunta-on-yritysmuotojen-vintagea\/","og_locale":"sv_SE","og_type":"article","og_title":"MEP N\u00e4k\u00f6kulma: Elsi Katainen \u2013 Osuuskunta on yritysmuotojen vintagea - Pellervo","og_description":"Pandemia koettelee nyt yhteiskuntaamme \u2013 ihmisi\u00e4, ty\u00f6paikkoja, yrityksi\u00e4 ja terveydenhuoltoj\u00e4rjestelm\u00e4\u00e4mme. Osuuskunnat n\u00e4ytt\u00e4ytyv\u00e4t myllerryksess\u00e4 vakaina, kest\u00e4vin\u00e4 ja sosiaalisesti oikeudenmukaisina korona-ajan vakauttajina. Kyseess\u00e4 on hyvinvointia luova yritysmuoto, joka antaa mahdollisuuden matalan riskin yritt\u00e4miseen erityisesti nyt, kun olosuhteet ovat poikkeuksellisen ep\u00e4vakaat ja vaikeat.","og_url":"https:\/\/pellervo.fi\/sv\/nakokulma\/2020\/12\/09\/mep-nakokulma-elsi-katainen-osuuskunta-on-yritysmuotojen-vintagea\/","og_site_name":"Pellervo","article_published_time":"2020-12-09T10:59:50+00:00","article_modified_time":"2021-01-22T10:27:23+00:00","og_image":[{"width":850,"height":567,"url":"https:\/\/pellervo.fi\/wp-content\/uploads\/2020\/12\/elsi-katainen.jpg","type":"image\/jpeg"}],"author":"pellervo","twitter_card":"summary_large_image","twitter_creator":"@PellervoFi","twitter_site":"@PellervoFi","twitter_misc":{"Skriven av":"pellervo","Ber\u00e4knad l\u00e4stid":"2 minuter"},"schema":{"@context":"https:\/\/schema.org","@graph":[{"@type":"Article","@id":"https:\/\/pellervo.fi\/sv\/nakokulma\/2020\/12\/09\/mep-nakokulma-elsi-katainen-osuuskunta-on-yritysmuotojen-vintagea\/#article","isPartOf":{"@id":"https:\/\/pellervo.fi\/sv\/nakokulma\/2020\/12\/09\/mep-nakokulma-elsi-katainen-osuuskunta-on-yritysmuotojen-vintagea\/"},"author":{"name":"pellervo","@id":"https:\/\/pellervo.fi\/#\/schema\/person\/4b74d40956937d1367ade81899997e71"},"headline":"MEP N\u00e4k\u00f6kulma: Elsi Katainen \u2013 Osuuskunta on yritysmuotojen vintagea","datePublished":"2020-12-09T10:59:50+00:00","dateModified":"2021-01-22T10:27:23+00:00","mainEntityOfPage":{"@id":"https:\/\/pellervo.fi\/sv\/nakokulma\/2020\/12\/09\/mep-nakokulma-elsi-katainen-osuuskunta-on-yritysmuotojen-vintagea\/"},"wordCount":492,"publisher":{"@id":"https:\/\/pellervo.fi\/#organization"},"image":{"@id":"https:\/\/pellervo.fi\/sv\/nakokulma\/2020\/12\/09\/mep-nakokulma-elsi-katainen-osuuskunta-on-yritysmuotojen-vintagea\/#primaryimage"},"thumbnailUrl":"https:\/\/pellervo.fi\/wp-content\/uploads\/2020\/12\/elsi-katainen.jpg","keywords":["MEP N\u00e4k\u00f6kulma"],"articleSection":["N\u00e4k\u00f6kulma"],"inLanguage":"sv-SE"},{"@type":"WebPage","@id":"https:\/\/pellervo.fi\/sv\/nakokulma\/2020\/12\/09\/mep-nakokulma-elsi-katainen-osuuskunta-on-yritysmuotojen-vintagea\/","url":"https:\/\/pellervo.fi\/sv\/nakokulma\/2020\/12\/09\/mep-nakokulma-elsi-katainen-osuuskunta-on-yritysmuotojen-vintagea\/","name":"MEP N\u00e4k\u00f6kulma: Elsi Katainen \u2013 Osuuskunta on yritysmuotojen vintagea - Pellervo","isPartOf":{"@id":"https:\/\/pellervo.fi\/#website"},"primaryImageOfPage":{"@id":"https:\/\/pellervo.fi\/sv\/nakokulma\/2020\/12\/09\/mep-nakokulma-elsi-katainen-osuuskunta-on-yritysmuotojen-vintagea\/#primaryimage"},"image":{"@id":"https:\/\/pellervo.fi\/sv\/nakokulma\/2020\/12\/09\/mep-nakokulma-elsi-katainen-osuuskunta-on-yritysmuotojen-vintagea\/#primaryimage"},"thumbnailUrl":"https:\/\/pellervo.fi\/wp-content\/uploads\/2020\/12\/elsi-katainen.jpg","datePublished":"2020-12-09T10:59:50+00:00","dateModified":"2021-01-22T10:27:23+00:00","breadcrumb":{"@id":"https:\/\/pellervo.fi\/sv\/nakokulma\/2020\/12\/09\/mep-nakokulma-elsi-katainen-osuuskunta-on-yritysmuotojen-vintagea\/#breadcrumb"},"inLanguage":"sv-SE","potentialAction":[{"@type":"ReadAction","target":["https:\/\/pellervo.fi\/sv\/nakokulma\/2020\/12\/09\/mep-nakokulma-elsi-katainen-osuuskunta-on-yritysmuotojen-vintagea\/"]}]},{"@type":"ImageObject","inLanguage":"sv-SE","@id":"https:\/\/pellervo.fi\/sv\/nakokulma\/2020\/12\/09\/mep-nakokulma-elsi-katainen-osuuskunta-on-yritysmuotojen-vintagea\/#primaryimage","url":"https:\/\/pellervo.fi\/wp-content\/uploads\/2020\/12\/elsi-katainen.jpg","contentUrl":"https:\/\/pellervo.fi\/wp-content\/uploads\/2020\/12\/elsi-katainen.jpg","width":850,"height":567},{"@type":"BreadcrumbList","@id":"https:\/\/pellervo.fi\/sv\/nakokulma\/2020\/12\/09\/mep-nakokulma-elsi-katainen-osuuskunta-on-yritysmuotojen-vintagea\/#breadcrumb","itemListElement":[{"@type":"ListItem","position":1,"name":"Koti","item":"https:\/\/pellervo.fi\/sv\/"},{"@type":"ListItem","position":2,"name":"MEP N\u00e4k\u00f6kulma: Elsi Katainen \u2013 Osuuskunta on yritysmuotojen vintagea"}]},{"@type":"WebSite","@id":"https:\/\/pellervo.fi\/#website","url":"https:\/\/pellervo.fi\/","name":"Pellervo","description":"Osuuskuntien keskusj\u00e4rjest\u00f6","publisher":{"@id":"https:\/\/pellervo.fi\/#organization"},"potentialAction":[{"@type":"SearchAction","target":{"@type":"EntryPoint","urlTemplate":"https:\/\/pellervo.fi\/?s={search_term_string}"},"query-input":{"@type":"PropertyValueSpecification","valueRequired":true,"valueName":"search_term_string"}}],"inLanguage":"sv-SE"},{"@type":"Organization","@id":"https:\/\/pellervo.fi\/#organization","name":"Osuustoimintakeskus Pellervo ry","url":"https:\/\/pellervo.fi\/","logo":{"@type":"ImageObject","inLanguage":"sv-SE","@id":"https:\/\/pellervo.fi\/#\/schema\/logo\/image\/","url":"https:\/\/pellervo.fi\/wp-content\/uploads\/2020\/05\/Pellervo_logo.png","contentUrl":"https:\/\/pellervo.fi\/wp-content\/uploads\/2020\/05\/Pellervo_logo.png","width":1335,"height":376,"caption":"Osuustoimintakeskus Pellervo ry"},"image":{"@id":"https:\/\/pellervo.fi\/#\/schema\/logo\/image\/"},"sameAs":["https:\/\/x.com\/PellervoFi"]},{"@type":"Person","@id":"https:\/\/pellervo.fi\/#\/schema\/person\/4b74d40956937d1367ade81899997e71","name":"pellervo","image":{"@type":"ImageObject","inLanguage":"sv-SE","@id":"https:\/\/pellervo.fi\/wp-content\/uploads\/2013\/11\/pellervo_avatar_1384522134-96x96.jpg","url":"https:\/\/pellervo.fi\/wp-content\/uploads\/2013\/11\/pellervo_avatar_1384522134-96x96.jpg","contentUrl":"https:\/\/pellervo.fi\/wp-content\/uploads\/2013\/11\/pellervo_avatar_1384522134-96x96.jpg","caption":"pellervo"},"description":"Kuvaus","url":"https:\/\/pellervo.fi\/sv\/author\/pellervo\/"}]}},"_links":{"self":[{"href":"https:\/\/pellervo.fi\/sv\/wp-json\/wp\/v2\/posts\/889143","targetHints":{"allow":["GET"]}}],"collection":[{"href":"https:\/\/pellervo.fi\/sv\/wp-json\/wp\/v2\/posts"}],"about":[{"href":"https:\/\/pellervo.fi\/sv\/wp-json\/wp\/v2\/types\/post"}],"author":[{"embeddable":true,"href":"https:\/\/pellervo.fi\/sv\/wp-json\/wp\/v2\/users\/5"}],"replies":[{"embeddable":true,"href":"https:\/\/pellervo.fi\/sv\/wp-json\/wp\/v2\/comments?post=889143"}],"version-history":[{"count":6,"href":"https:\/\/pellervo.fi\/sv\/wp-json\/wp\/v2\/posts\/889143\/revisions"}],"predecessor-version":[{"id":889526,"href":"https:\/\/pellervo.fi\/sv\/wp-json\/wp\/v2\/posts\/889143\/revisions\/889526"}],"wp:featuredmedia":[{"embeddable":true,"href":"https:\/\/pellervo.fi\/sv\/wp-json\/wp\/v2\/media\/889145"}],"wp:attachment":[{"href":"https:\/\/pellervo.fi\/sv\/wp-json\/wp\/v2\/media?parent=889143"}],"wp:term":[{"taxonomy":"category","embeddable":true,"href":"https:\/\/pellervo.fi\/sv\/wp-json\/wp\/v2\/categories?post=889143"},{"taxonomy":"post_tag","embeddable":true,"href":"https:\/\/pellervo.fi\/sv\/wp-json\/wp\/v2\/tags?post=889143"}],"curies":[{"name":"wp","href":"https:\/\/api.w.org\/{rel}","templated":true}]}}