{"id":890022,"date":"2021-03-04T13:04:33","date_gmt":"2021-03-04T11:04:33","guid":{"rendered":"https:\/\/pellervo.fi\/?p=890022"},"modified":"2021-03-04T13:06:22","modified_gmt":"2021-03-04T11:06:22","slug":"soks-nya-koncernchef-hannu-krook-till-pellervos-styrelse","status":"publish","type":"post","link":"https:\/\/pellervo.fi\/sv\/svenska-2\/2021\/03\/04\/soks-nya-koncernchef-hannu-krook-till-pellervos-styrelse\/","title":{"rendered":"SOK:s nya koncernchef Hannu Krook till Pellervos styrelse"},"content":{"rendered":"\n<p><b><span data-contrast=\"none\">Kooperationens<\/span><\/b><b><span data-contrast=\"none\">\u00a0centralorgan<\/span><\/b><b><span data-contrast=\"none\">is<\/span><\/b><b><span data-contrast=\"none\">ation Pellervo har valt\u00a0<\/span><\/b><b><span data-contrast=\"none\">koncernchef Hannu Krook till ny ledamot i styrelsen.\u00a0<\/span><\/b><b><span data-contrast=\"none\">Pellervo<\/span><\/b><b><span data-contrast=\"none\">s \u00e4ndam\u00e5l \u00e4r\u00a0<\/span><\/b><b><span data-contrast=\"none\">att\u00a0<\/span><\/b><b><span data-contrast=\"none\">g\u00f6ra\u00a0<\/span><\/b><b><span data-contrast=\"none\">kooperationen<\/span><\/b><b><span data-contrast=\"none\">\u00a0<\/span><\/b><b><span data-contrast=\"none\">k\u00e4nd som f\u00f6retagsform och att fr\u00e4mja\u00a0<\/span><\/b><b><span data-contrast=\"none\">aff\u00e4rsverksamhets<\/span><\/b><b><span data-contrast=\"none\">f\u00f6ruts\u00e4ttningarna f\u00f6r finl\u00e4ndska\u00a0<\/span><\/b><b><span data-contrast=\"none\">andelslag, banker och \u00f6msesidiga f\u00f6rs\u00e4kringsbolag.\u00a0<\/span><\/b><b><span data-contrast=\"none\">Dessa f\u00f6retag hade i fjol en sammanlagd oms\u00e4ttning p\u00e5 \u00f6ver 33 miljarder euro och de sysselsatte sammanlagt<\/span><\/b><b><span data-contrast=\"none\">\u00a093<\/span><\/b><b><span data-contrast=\"none\">\u202f000<\/span><\/b><b><span data-contrast=\"none\">\u00a0<\/span><\/b><b><span data-contrast=\"none\">personer<\/span><\/b><b><span data-contrast=\"none\">.<\/span><\/b><span data-ccp-props=\"{&quot;201341983&quot;:0,&quot;335551550&quot;:6,&quot;335551620&quot;:6,&quot;335559739&quot;:160,&quot;335559740&quot;:259}\">\u00a0<\/span><\/p>\n<p><span data-contrast=\"auto\">\u201dDen exceptionella tid vi lever i, understryker kooperativens betydelse. En v\u00e4rdegrund som vilar p\u00e5 m\u00e5ttlighet, en bred\u00a0<\/span><span data-contrast=\"auto\">\u00e4garbas<\/span><span data-contrast=\"auto\">\u00a0och satsningar p\u00e5 l\u00e5ngsiktig, h\u00e5llbar tillv\u00e4xt uppskattas idag och i framtiden. Det \u00e4r ett privilegium att fr\u00e5n en styrelseplats f\u00e5 delta i arbetet f\u00f6r att g\u00f6ra framtidens f\u00f6retagsform b\u00e4ttre k\u00e4nd\u201d<\/span><span data-contrast=\"auto\">,\u00a0<\/span><b><span data-contrast=\"auto\">Hannu Krook<\/span><\/b><span data-contrast=\"auto\">\u00a0s\u00e4ger.\u00a0<\/span><span data-ccp-props=\"{&quot;134233117&quot;:true,&quot;134233118&quot;:true,&quot;201341983&quot;:0,&quot;335559739&quot;:160,&quot;335559740&quot;:259}\">\u00a0<\/span><\/p>\n<p><span data-contrast=\"none\">De kooperativa f\u00f6retagen<\/span><span data-contrast=\"none\">\u00a0finns till f\u00f6r att producera s\u00e5dana tj\u00e4nster som\u00a0<\/span><span data-contrast=\"none\">\u00e4garna beh\u00f6ver. En f\u00f6ruts\u00e4ttning f\u00f6r framg\u00e5ng \u00e4r\u00a0<\/span><span data-contrast=\"none\">livskraftig aff\u00e4rsverksamhet, vars \u00e4garstyrning verkst\u00e4lls enligt demokratiska principer<\/span><span data-contrast=\"none\">.<\/span><span data-ccp-props=\"{&quot;201341983&quot;:0,&quot;335551550&quot;:6,&quot;335551620&quot;:6,&quot;335559739&quot;:160,&quot;335559740&quot;:259}\">\u00a0<\/span><\/p>\n<p><span data-contrast=\"none\">\u201d<\/span><span data-contrast=\"none\">Dessa f\u00f6retag skapar\u00a0<\/span><span data-contrast=\"none\">ett slags ankarf\u00f6rm\u00f6genhet p\u00e5 sitt verksamhetsomr\u00e5de och utg\u00e5ende fr\u00e5n den \u00e4r det naturligt att g\u00f6ra\u00a0<\/span><span data-contrast=\"none\">ansvarsfulla val och b\u00e4ra sitt samh\u00e4llsansvar ocks\u00e5 under kriser<\/span><span data-contrast=\"none\">,\u201d\u00a0<\/span><span data-contrast=\"none\">konstaterar Pellervos verkst\u00e4llande direkt\u00f6r<\/span><span data-contrast=\"none\">\u00a0<\/span><b><span data-contrast=\"none\">Sami Karhu<\/span><\/b><span data-contrast=\"none\">.<\/span><span data-ccp-props=\"{&quot;201341983&quot;:0,&quot;335551550&quot;:6,&quot;335551620&quot;:6,&quot;335559739&quot;:160,&quot;335559740&quot;:259}\">\u00a0<\/span><\/p>\n<p><b><span data-contrast=\"none\">S<\/span><\/b><b><span data-contrast=\"none\">-Gruppen<\/span><\/b><b><span data-contrast=\"none\">\u00a0<\/span><\/b><b><span data-contrast=\"none\">\u00e4r v\u00e4rldens tionde st\u00f6rsta\u00a0<\/span><\/b><b><span data-contrast=\"none\">handelslag<\/span><\/b><span data-ccp-props=\"{&quot;201341983&quot;:0,&quot;335551550&quot;:6,&quot;335551620&quot;:6,&quot;335559739&quot;:160,&quot;335559740&quot;:259}\">\u00a0<\/span><\/p>\n<p><span data-contrast=\"none\">Beslutet om att v\u00e4lja\u00a0<\/span><span data-contrast=\"none\">Hannu Krook<\/span><span data-contrast=\"none\">\u00a0<\/span><span data-contrast=\"none\">till ledamot i styrelsen fattades av Pellervos\u00a0<\/span><span data-contrast=\"none\">delegation<\/span><span data-contrast=\"none\">\u00a0med 29 medlemmar<\/span><span data-contrast=\"none\">, vilke<\/span><span data-contrast=\"none\">n<\/span><span data-contrast=\"none\">\u00a0sammantr\u00e4dde p\u00e5 distans. Pellervos styrelse best\u00e5r av 10 ledam\u00f6ter\u00a0<\/span><span data-contrast=\"none\">och de representerar den h\u00f6gsta ledningen i f\u00f6reningens st\u00f6rsta\u00a0<\/span><span data-contrast=\"none\">medlemsf\u00f6retag<\/span><span data-contrast=\"none\">.<\/span><span data-ccp-props=\"{&quot;201341983&quot;:0,&quot;335551550&quot;:6,&quot;335551620&quot;:6,&quot;335559739&quot;:160,&quot;335559740&quot;:259}\">\u00a0<\/span><\/p>\n<p><span data-contrast=\"none\">\u201d<\/span><span data-contrast=\"none\">Vi \u00e4r mycket glada \u00f6ver att\u00a0<\/span><span data-contrast=\"none\">koncernchef Hannu Krooks kunnande och kontakter\u00a0<\/span><span data-contrast=\"none\">kan utnyttjas f\u00f6r fr\u00e4mjande av den kooperativa verksamheten. Samtidigt vill jag passa p\u00e5 att tacka hans f\u00f6reg\u00e5ngare<\/span><span data-contrast=\"none\">\u00a0<\/span><b><span data-contrast=\"none\">Taavi Heikkil\u00e4<\/span><\/b><span data-contrast=\"none\">\u00a0<\/span><span data-contrast=\"none\">f\u00f6r en stark insats i styrelsearbetet\u201d, konstaterar\u00a0<\/span><span data-contrast=\"none\">delegationens<\/span><span data-contrast=\"none\">\u00a0ordf\u00f6rande<\/span><span data-contrast=\"none\">\u00a0<\/span><b><span data-contrast=\"none\">Ilkka Uusitalo<\/span><\/b><span data-contrast=\"none\">.<\/span><span data-ccp-props=\"{&quot;201341983&quot;:0,&quot;335559739&quot;:160,&quot;335559740&quot;:259}\">\u00a0<\/span><\/p>\n<p><span data-contrast=\"none\">S<\/span><span data-contrast=\"none\">-Gruppen<\/span><span data-contrast=\"none\">\u00a0<\/span><span data-contrast=\"none\">\u00e4r Finlands st\u00f6rsta kooperativa f\u00f6retagsgrupp och p\u00e5 plats 39 i en global j\u00e4mf\u00f6relse.\u00a0<\/span><span data-contrast=\"none\">Inom sin egen bransch \u00e4r\u00a0<\/span><span data-contrast=\"none\">gruppen<\/span><span data-contrast=\"none\">\u00a0tionde st\u00f6rst i v\u00e4rlden.\u00a0<\/span><span data-contrast=\"none\">Hannu Krook\u00a0<\/span><span data-contrast=\"none\">tilltr\u00e4dde som koncernchef och styrelseordf\u00f6rande i januari. Han\u00a0<\/span><span data-contrast=\"none\">l\u00e4mnade d\u00e5 uppgiften som verkst\u00e4llande direkt\u00f6r f\u00f6r det nyl\u00e4ndska handelslaget\u00a0<\/span><span data-contrast=\"none\">Varuboden-Osla<\/span><span data-contrast=\"none\">.\u00a0<\/span><span data-contrast=\"none\">Tidigare har Krook gjort en\u00a0<\/span><span data-contrast=\"none\">l\u00e5ng karri\u00e4r inom olika f\u00f6retag, s\u00e5 som\u00a0<\/span><span data-contrast=\"none\">Tiimari<\/span><span data-contrast=\"none\">, Sonera<\/span><span data-contrast=\"none\">\u00a0och<\/span><span data-contrast=\"none\"> Coca-Cola<\/span><span data-contrast=\"none\">.<\/span><span data-ccp-props=\"{&quot;201341983&quot;:0,&quot;335551550&quot;:6,&quot;335551620&quot;:6,&quot;335559739&quot;:160,&quot;335559740&quot;:259}\">\u00a0<\/span><\/p>\n","protected":false},"excerpt":{"rendered":"","protected":false},"author":5,"featured_media":889208,"comment_status":"closed","ping_status":"closed","sticky":false,"template":"","format":"standard","meta":{"inline_featured_image":false,"_monsterinsights_skip_tracking":false,"_monsterinsights_sitenote_active":false,"_monsterinsights_sitenote_note":"","_monsterinsights_sitenote_category":0,"site-sidebar-layout":"default","site-content-layout":"default","ast-site-content-layout":"default","site-content-style":"default","site-sidebar-style":"default","ast-global-header-display":"","ast-banner-title-visibility":"","ast-main-header-display":"","ast-hfb-above-header-display":"","ast-hfb-below-header-display":"","ast-hfb-mobile-header-display":"","site-post-title":"","ast-breadcrumbs-content":"","ast-featured-img":"","footer-sml-layout":"","ast-disable-related-posts":"","theme-transparent-header-meta":"default","adv-header-id-meta":"","stick-header-meta":"","header-above-stick-meta":"","header-main-stick-meta":"","header-below-stick-meta":"","astra-migrate-meta-layouts":"default","ast-page-background-enabled":"default","ast-page-background-meta":{"desktop":{"background-color":"","background-image":"","background-repeat":"repeat","background-position":"center center","background-size":"auto","background-attachment":"scroll","background-type":"","background-media":"","overlay-type":"","overlay-color":"","overlay-opacity":"","overlay-gradient":""},"tablet":{"background-color":"","background-image":"","background-repeat":"repeat","background-position":"center center","background-size":"auto","background-attachment":"scroll","background-type":"","background-media":"","overlay-type":"","overlay-color":"","overlay-opacity":"","overlay-gradient":""},"mobile":{"background-color":"","background-image":"","background-repeat":"repeat","background-position":"center center","background-size":"auto","background-attachment":"scroll","background-type":"","background-media":"","overlay-type":"","overlay-color":"","overlay-opacity":"","overlay-gradient":""}},"ast-content-background-meta":{"desktop":{"background-color":"var(--ast-global-color-5)","background-image":"","background-repeat":"repeat","background-position":"center center","background-size":"auto","background-attachment":"scroll","background-type":"","background-media":"","overlay-type":"","overlay-color":"","overlay-opacity":"","overlay-gradient":""},"tablet":{"background-color":"var(--ast-global-color-5)","background-image":"","background-repeat":"repeat","background-position":"center center","background-size":"auto","background-attachment":"scroll","background-type":"","background-media":"","overlay-type":"","overlay-color":"","overlay-opacity":"","overlay-gradient":""},"mobile":{"background-color":"var(--ast-global-color-5)","background-image":"","background-repeat":"repeat","background-position":"center center","background-size":"auto","background-attachment":"scroll","background-type":"","background-media":"","overlay-type":"","overlay-color":"","overlay-opacity":"","overlay-gradient":""}},"_FSMCFIC_featured_image_caption":"","_FSMCFIC_featured_image_nocaption":"","_FSMCFIC_featured_image_hide":"","footnotes":""},"categories":[300],"tags":[],"class_list":["post-890022","post","type-post","status-publish","format-standard","has-post-thumbnail","hentry","category-svenska-2"],"yoast_head":"<!-- This site is optimized with the Yoast SEO plugin v27.5 - https:\/\/yoast.com\/product\/yoast-seo-wordpress\/ -->\n<title>SOK:s nya koncernchef Hannu Krook till Pellervos styrelse - Pellervo<\/title>\n<meta name=\"robots\" content=\"index, follow, max-snippet:-1, max-image-preview:large, max-video-preview:-1\" \/>\n<link rel=\"canonical\" href=\"https:\/\/pellervo.fi\/sv\/svenska-2\/2021\/03\/04\/soks-nya-koncernchef-hannu-krook-till-pellervos-styrelse\/\" \/>\n<meta property=\"og:locale\" content=\"sv_SE\" \/>\n<meta property=\"og:type\" content=\"article\" \/>\n<meta property=\"og:title\" content=\"SOK:s nya koncernchef Hannu Krook till Pellervos styrelse - Pellervo\" \/>\n<meta property=\"og:url\" content=\"https:\/\/pellervo.fi\/sv\/svenska-2\/2021\/03\/04\/soks-nya-koncernchef-hannu-krook-till-pellervos-styrelse\/\" \/>\n<meta property=\"og:site_name\" content=\"Pellervo\" \/>\n<meta property=\"article:published_time\" content=\"2021-03-04T11:04:33+00:00\" \/>\n<meta property=\"article:modified_time\" content=\"2021-03-04T11:06:22+00:00\" \/>\n<meta property=\"og:image\" content=\"https:\/\/pellervo.fi\/wp-content\/uploads\/2020\/12\/hannu-krook.jpg\" \/>\n\t<meta property=\"og:image:width\" content=\"850\" \/>\n\t<meta property=\"og:image:height\" content=\"567\" \/>\n\t<meta property=\"og:image:type\" content=\"image\/jpeg\" \/>\n<meta name=\"author\" content=\"pellervo\" \/>\n<meta name=\"twitter:card\" content=\"summary_large_image\" \/>\n<meta name=\"twitter:creator\" content=\"@PellervoFi\" \/>\n<meta name=\"twitter:site\" content=\"@PellervoFi\" \/>\n<meta name=\"twitter:label1\" content=\"Skriven av\" \/>\n\t<meta name=\"twitter:data1\" content=\"pellervo\" \/>\n\t<meta name=\"twitter:label2\" content=\"Ber\u00e4knad l\u00e4stid\" \/>\n\t<meta name=\"twitter:data2\" content=\"2 minuter\" \/>\n<script type=\"application\/ld+json\" class=\"yoast-schema-graph\">{\"@context\":\"https:\\\/\\\/schema.org\",\"@graph\":[{\"@type\":\"Article\",\"@id\":\"https:\\\/\\\/pellervo.fi\\\/sv\\\/svenska-2\\\/2021\\\/03\\\/04\\\/soks-nya-koncernchef-hannu-krook-till-pellervos-styrelse\\\/#article\",\"isPartOf\":{\"@id\":\"https:\\\/\\\/pellervo.fi\\\/sv\\\/svenska-2\\\/2021\\\/03\\\/04\\\/soks-nya-koncernchef-hannu-krook-till-pellervos-styrelse\\\/\"},\"author\":{\"name\":\"pellervo\",\"@id\":\"https:\\\/\\\/pellervo.fi\\\/#\\\/schema\\\/person\\\/4b74d40956937d1367ade81899997e71\"},\"headline\":\"SOK:s nya koncernchef Hannu Krook till Pellervos styrelse\",\"datePublished\":\"2021-03-04T11:04:33+00:00\",\"dateModified\":\"2021-03-04T11:06:22+00:00\",\"mainEntityOfPage\":{\"@id\":\"https:\\\/\\\/pellervo.fi\\\/sv\\\/svenska-2\\\/2021\\\/03\\\/04\\\/soks-nya-koncernchef-hannu-krook-till-pellervos-styrelse\\\/\"},\"wordCount\":399,\"publisher\":{\"@id\":\"https:\\\/\\\/pellervo.fi\\\/#organization\"},\"image\":{\"@id\":\"https:\\\/\\\/pellervo.fi\\\/sv\\\/svenska-2\\\/2021\\\/03\\\/04\\\/soks-nya-koncernchef-hannu-krook-till-pellervos-styrelse\\\/#primaryimage\"},\"thumbnailUrl\":\"https:\\\/\\\/pellervo.fi\\\/wp-content\\\/uploads\\\/2020\\\/12\\\/hannu-krook.jpg\",\"articleSection\":[\"svenska\"],\"inLanguage\":\"sv-SE\"},{\"@type\":\"WebPage\",\"@id\":\"https:\\\/\\\/pellervo.fi\\\/sv\\\/svenska-2\\\/2021\\\/03\\\/04\\\/soks-nya-koncernchef-hannu-krook-till-pellervos-styrelse\\\/\",\"url\":\"https:\\\/\\\/pellervo.fi\\\/sv\\\/svenska-2\\\/2021\\\/03\\\/04\\\/soks-nya-koncernchef-hannu-krook-till-pellervos-styrelse\\\/\",\"name\":\"SOK:s nya koncernchef Hannu Krook till Pellervos styrelse - Pellervo\",\"isPartOf\":{\"@id\":\"https:\\\/\\\/pellervo.fi\\\/#website\"},\"primaryImageOfPage\":{\"@id\":\"https:\\\/\\\/pellervo.fi\\\/sv\\\/svenska-2\\\/2021\\\/03\\\/04\\\/soks-nya-koncernchef-hannu-krook-till-pellervos-styrelse\\\/#primaryimage\"},\"image\":{\"@id\":\"https:\\\/\\\/pellervo.fi\\\/sv\\\/svenska-2\\\/2021\\\/03\\\/04\\\/soks-nya-koncernchef-hannu-krook-till-pellervos-styrelse\\\/#primaryimage\"},\"thumbnailUrl\":\"https:\\\/\\\/pellervo.fi\\\/wp-content\\\/uploads\\\/2020\\\/12\\\/hannu-krook.jpg\",\"datePublished\":\"2021-03-04T11:04:33+00:00\",\"dateModified\":\"2021-03-04T11:06:22+00:00\",\"breadcrumb\":{\"@id\":\"https:\\\/\\\/pellervo.fi\\\/sv\\\/svenska-2\\\/2021\\\/03\\\/04\\\/soks-nya-koncernchef-hannu-krook-till-pellervos-styrelse\\\/#breadcrumb\"},\"inLanguage\":\"sv-SE\",\"potentialAction\":[{\"@type\":\"ReadAction\",\"target\":[\"https:\\\/\\\/pellervo.fi\\\/sv\\\/svenska-2\\\/2021\\\/03\\\/04\\\/soks-nya-koncernchef-hannu-krook-till-pellervos-styrelse\\\/\"]}]},{\"@type\":\"ImageObject\",\"inLanguage\":\"sv-SE\",\"@id\":\"https:\\\/\\\/pellervo.fi\\\/sv\\\/svenska-2\\\/2021\\\/03\\\/04\\\/soks-nya-koncernchef-hannu-krook-till-pellervos-styrelse\\\/#primaryimage\",\"url\":\"https:\\\/\\\/pellervo.fi\\\/wp-content\\\/uploads\\\/2020\\\/12\\\/hannu-krook.jpg\",\"contentUrl\":\"https:\\\/\\\/pellervo.fi\\\/wp-content\\\/uploads\\\/2020\\\/12\\\/hannu-krook.jpg\",\"width\":850,\"height\":567},{\"@type\":\"BreadcrumbList\",\"@id\":\"https:\\\/\\\/pellervo.fi\\\/sv\\\/svenska-2\\\/2021\\\/03\\\/04\\\/soks-nya-koncernchef-hannu-krook-till-pellervos-styrelse\\\/#breadcrumb\",\"itemListElement\":[{\"@type\":\"ListItem\",\"position\":1,\"name\":\"Koti\",\"item\":\"https:\\\/\\\/pellervo.fi\\\/sv\\\/\"},{\"@type\":\"ListItem\",\"position\":2,\"name\":\"SOK:s nya koncernchef Hannu Krook till Pellervos styrelse\"}]},{\"@type\":\"WebSite\",\"@id\":\"https:\\\/\\\/pellervo.fi\\\/#website\",\"url\":\"https:\\\/\\\/pellervo.fi\\\/\",\"name\":\"Pellervo\",\"description\":\"Osuuskuntien keskusj\u00e4rjest\u00f6\",\"publisher\":{\"@id\":\"https:\\\/\\\/pellervo.fi\\\/#organization\"},\"potentialAction\":[{\"@type\":\"SearchAction\",\"target\":{\"@type\":\"EntryPoint\",\"urlTemplate\":\"https:\\\/\\\/pellervo.fi\\\/?s={search_term_string}\"},\"query-input\":{\"@type\":\"PropertyValueSpecification\",\"valueRequired\":true,\"valueName\":\"search_term_string\"}}],\"inLanguage\":\"sv-SE\"},{\"@type\":\"Organization\",\"@id\":\"https:\\\/\\\/pellervo.fi\\\/#organization\",\"name\":\"Osuustoimintakeskus Pellervo ry\",\"url\":\"https:\\\/\\\/pellervo.fi\\\/\",\"logo\":{\"@type\":\"ImageObject\",\"inLanguage\":\"sv-SE\",\"@id\":\"https:\\\/\\\/pellervo.fi\\\/#\\\/schema\\\/logo\\\/image\\\/\",\"url\":\"https:\\\/\\\/pellervo.fi\\\/wp-content\\\/uploads\\\/2020\\\/05\\\/Pellervo_logo.png\",\"contentUrl\":\"https:\\\/\\\/pellervo.fi\\\/wp-content\\\/uploads\\\/2020\\\/05\\\/Pellervo_logo.png\",\"width\":1335,\"height\":376,\"caption\":\"Osuustoimintakeskus Pellervo ry\"},\"image\":{\"@id\":\"https:\\\/\\\/pellervo.fi\\\/#\\\/schema\\\/logo\\\/image\\\/\"},\"sameAs\":[\"https:\\\/\\\/x.com\\\/PellervoFi\"]},{\"@type\":\"Person\",\"@id\":\"https:\\\/\\\/pellervo.fi\\\/#\\\/schema\\\/person\\\/4b74d40956937d1367ade81899997e71\",\"name\":\"pellervo\",\"image\":{\"@type\":\"ImageObject\",\"inLanguage\":\"sv-SE\",\"@id\":\"https:\\\/\\\/pellervo.fi\\\/wp-content\\\/uploads\\\/2013\\\/11\\\/pellervo_avatar_1384522134-96x96.jpg\",\"url\":\"https:\\\/\\\/pellervo.fi\\\/wp-content\\\/uploads\\\/2013\\\/11\\\/pellervo_avatar_1384522134-96x96.jpg\",\"contentUrl\":\"https:\\\/\\\/pellervo.fi\\\/wp-content\\\/uploads\\\/2013\\\/11\\\/pellervo_avatar_1384522134-96x96.jpg\",\"caption\":\"pellervo\"},\"description\":\"Kuvaus\",\"url\":\"https:\\\/\\\/pellervo.fi\\\/sv\\\/author\\\/pellervo\\\/\"}]}<\/script>\n<!-- \/ Yoast SEO plugin. -->","yoast_head_json":{"title":"SOK:s nya koncernchef Hannu Krook till Pellervos styrelse - Pellervo","robots":{"index":"index","follow":"follow","max-snippet":"max-snippet:-1","max-image-preview":"max-image-preview:large","max-video-preview":"max-video-preview:-1"},"canonical":"https:\/\/pellervo.fi\/sv\/svenska-2\/2021\/03\/04\/soks-nya-koncernchef-hannu-krook-till-pellervos-styrelse\/","og_locale":"sv_SE","og_type":"article","og_title":"SOK:s nya koncernchef Hannu Krook till Pellervos styrelse - Pellervo","og_url":"https:\/\/pellervo.fi\/sv\/svenska-2\/2021\/03\/04\/soks-nya-koncernchef-hannu-krook-till-pellervos-styrelse\/","og_site_name":"Pellervo","article_published_time":"2021-03-04T11:04:33+00:00","article_modified_time":"2021-03-04T11:06:22+00:00","og_image":[{"width":850,"height":567,"url":"https:\/\/pellervo.fi\/wp-content\/uploads\/2020\/12\/hannu-krook.jpg","type":"image\/jpeg"}],"author":"pellervo","twitter_card":"summary_large_image","twitter_creator":"@PellervoFi","twitter_site":"@PellervoFi","twitter_misc":{"Skriven av":"pellervo","Ber\u00e4knad l\u00e4stid":"2 minuter"},"schema":{"@context":"https:\/\/schema.org","@graph":[{"@type":"Article","@id":"https:\/\/pellervo.fi\/sv\/svenska-2\/2021\/03\/04\/soks-nya-koncernchef-hannu-krook-till-pellervos-styrelse\/#article","isPartOf":{"@id":"https:\/\/pellervo.fi\/sv\/svenska-2\/2021\/03\/04\/soks-nya-koncernchef-hannu-krook-till-pellervos-styrelse\/"},"author":{"name":"pellervo","@id":"https:\/\/pellervo.fi\/#\/schema\/person\/4b74d40956937d1367ade81899997e71"},"headline":"SOK:s nya koncernchef Hannu Krook till Pellervos styrelse","datePublished":"2021-03-04T11:04:33+00:00","dateModified":"2021-03-04T11:06:22+00:00","mainEntityOfPage":{"@id":"https:\/\/pellervo.fi\/sv\/svenska-2\/2021\/03\/04\/soks-nya-koncernchef-hannu-krook-till-pellervos-styrelse\/"},"wordCount":399,"publisher":{"@id":"https:\/\/pellervo.fi\/#organization"},"image":{"@id":"https:\/\/pellervo.fi\/sv\/svenska-2\/2021\/03\/04\/soks-nya-koncernchef-hannu-krook-till-pellervos-styrelse\/#primaryimage"},"thumbnailUrl":"https:\/\/pellervo.fi\/wp-content\/uploads\/2020\/12\/hannu-krook.jpg","articleSection":["svenska"],"inLanguage":"sv-SE"},{"@type":"WebPage","@id":"https:\/\/pellervo.fi\/sv\/svenska-2\/2021\/03\/04\/soks-nya-koncernchef-hannu-krook-till-pellervos-styrelse\/","url":"https:\/\/pellervo.fi\/sv\/svenska-2\/2021\/03\/04\/soks-nya-koncernchef-hannu-krook-till-pellervos-styrelse\/","name":"SOK:s nya koncernchef Hannu Krook till Pellervos styrelse - Pellervo","isPartOf":{"@id":"https:\/\/pellervo.fi\/#website"},"primaryImageOfPage":{"@id":"https:\/\/pellervo.fi\/sv\/svenska-2\/2021\/03\/04\/soks-nya-koncernchef-hannu-krook-till-pellervos-styrelse\/#primaryimage"},"image":{"@id":"https:\/\/pellervo.fi\/sv\/svenska-2\/2021\/03\/04\/soks-nya-koncernchef-hannu-krook-till-pellervos-styrelse\/#primaryimage"},"thumbnailUrl":"https:\/\/pellervo.fi\/wp-content\/uploads\/2020\/12\/hannu-krook.jpg","datePublished":"2021-03-04T11:04:33+00:00","dateModified":"2021-03-04T11:06:22+00:00","breadcrumb":{"@id":"https:\/\/pellervo.fi\/sv\/svenska-2\/2021\/03\/04\/soks-nya-koncernchef-hannu-krook-till-pellervos-styrelse\/#breadcrumb"},"inLanguage":"sv-SE","potentialAction":[{"@type":"ReadAction","target":["https:\/\/pellervo.fi\/sv\/svenska-2\/2021\/03\/04\/soks-nya-koncernchef-hannu-krook-till-pellervos-styrelse\/"]}]},{"@type":"ImageObject","inLanguage":"sv-SE","@id":"https:\/\/pellervo.fi\/sv\/svenska-2\/2021\/03\/04\/soks-nya-koncernchef-hannu-krook-till-pellervos-styrelse\/#primaryimage","url":"https:\/\/pellervo.fi\/wp-content\/uploads\/2020\/12\/hannu-krook.jpg","contentUrl":"https:\/\/pellervo.fi\/wp-content\/uploads\/2020\/12\/hannu-krook.jpg","width":850,"height":567},{"@type":"BreadcrumbList","@id":"https:\/\/pellervo.fi\/sv\/svenska-2\/2021\/03\/04\/soks-nya-koncernchef-hannu-krook-till-pellervos-styrelse\/#breadcrumb","itemListElement":[{"@type":"ListItem","position":1,"name":"Koti","item":"https:\/\/pellervo.fi\/sv\/"},{"@type":"ListItem","position":2,"name":"SOK:s nya koncernchef Hannu Krook till Pellervos styrelse"}]},{"@type":"WebSite","@id":"https:\/\/pellervo.fi\/#website","url":"https:\/\/pellervo.fi\/","name":"Pellervo","description":"Osuuskuntien keskusj\u00e4rjest\u00f6","publisher":{"@id":"https:\/\/pellervo.fi\/#organization"},"potentialAction":[{"@type":"SearchAction","target":{"@type":"EntryPoint","urlTemplate":"https:\/\/pellervo.fi\/?s={search_term_string}"},"query-input":{"@type":"PropertyValueSpecification","valueRequired":true,"valueName":"search_term_string"}}],"inLanguage":"sv-SE"},{"@type":"Organization","@id":"https:\/\/pellervo.fi\/#organization","name":"Osuustoimintakeskus Pellervo ry","url":"https:\/\/pellervo.fi\/","logo":{"@type":"ImageObject","inLanguage":"sv-SE","@id":"https:\/\/pellervo.fi\/#\/schema\/logo\/image\/","url":"https:\/\/pellervo.fi\/wp-content\/uploads\/2020\/05\/Pellervo_logo.png","contentUrl":"https:\/\/pellervo.fi\/wp-content\/uploads\/2020\/05\/Pellervo_logo.png","width":1335,"height":376,"caption":"Osuustoimintakeskus Pellervo ry"},"image":{"@id":"https:\/\/pellervo.fi\/#\/schema\/logo\/image\/"},"sameAs":["https:\/\/x.com\/PellervoFi"]},{"@type":"Person","@id":"https:\/\/pellervo.fi\/#\/schema\/person\/4b74d40956937d1367ade81899997e71","name":"pellervo","image":{"@type":"ImageObject","inLanguage":"sv-SE","@id":"https:\/\/pellervo.fi\/wp-content\/uploads\/2013\/11\/pellervo_avatar_1384522134-96x96.jpg","url":"https:\/\/pellervo.fi\/wp-content\/uploads\/2013\/11\/pellervo_avatar_1384522134-96x96.jpg","contentUrl":"https:\/\/pellervo.fi\/wp-content\/uploads\/2013\/11\/pellervo_avatar_1384522134-96x96.jpg","caption":"pellervo"},"description":"Kuvaus","url":"https:\/\/pellervo.fi\/sv\/author\/pellervo\/"}]}},"_links":{"self":[{"href":"https:\/\/pellervo.fi\/sv\/wp-json\/wp\/v2\/posts\/890022","targetHints":{"allow":["GET"]}}],"collection":[{"href":"https:\/\/pellervo.fi\/sv\/wp-json\/wp\/v2\/posts"}],"about":[{"href":"https:\/\/pellervo.fi\/sv\/wp-json\/wp\/v2\/types\/post"}],"author":[{"embeddable":true,"href":"https:\/\/pellervo.fi\/sv\/wp-json\/wp\/v2\/users\/5"}],"replies":[{"embeddable":true,"href":"https:\/\/pellervo.fi\/sv\/wp-json\/wp\/v2\/comments?post=890022"}],"version-history":[{"count":1,"href":"https:\/\/pellervo.fi\/sv\/wp-json\/wp\/v2\/posts\/890022\/revisions"}],"predecessor-version":[{"id":890023,"href":"https:\/\/pellervo.fi\/sv\/wp-json\/wp\/v2\/posts\/890022\/revisions\/890023"}],"wp:featuredmedia":[{"embeddable":true,"href":"https:\/\/pellervo.fi\/sv\/wp-json\/wp\/v2\/media\/889208"}],"wp:attachment":[{"href":"https:\/\/pellervo.fi\/sv\/wp-json\/wp\/v2\/media?parent=890022"}],"wp:term":[{"taxonomy":"category","embeddable":true,"href":"https:\/\/pellervo.fi\/sv\/wp-json\/wp\/v2\/categories?post=890022"},{"taxonomy":"post_tag","embeddable":true,"href":"https:\/\/pellervo.fi\/sv\/wp-json\/wp\/v2\/tags?post=890022"}],"curies":[{"name":"wp","href":"https:\/\/api.w.org\/{rel}","templated":true}]}}