{"id":890064,"date":"2021-03-08T14:07:56","date_gmt":"2021-03-08T12:07:56","guid":{"rendered":"https:\/\/pellervo.fi\/?p=890064"},"modified":"2021-03-09T09:57:30","modified_gmt":"2021-03-09T07:57:30","slug":"euroopan-yhteisotalouden-webinaari-25-3-kiertotalous-kaytannossa-kuluttajaosuustoiminnan-rooli","status":"publish","type":"post","link":"https:\/\/pellervo.fi\/sv\/tapahtuma\/2021\/03\/08\/euroopan-yhteisotalouden-webinaari-25-3-kiertotalous-kaytannossa-kuluttajaosuustoiminnan-rooli\/","title":{"rendered":"Euroopan yhteis\u00f6talouden webinaari 25.3.: Kiertotalous k\u00e4yt\u00e4nn\u00f6ss\u00e4 \u2013 kuluttajaosuustoiminnan rooli"},"content":{"rendered":"\n<p><strong>EU-komissio j\u00e4rjest\u00e4\u00e4 25. maaliskuuta 2021 klo 11-16.30 webinaarin teemalla <em>kest\u00e4v\u00e4 kulutus ja kiertotalous<\/em>. <a href=\"https:\/\/www.euses2020.eu\/\">Euroopan yhteis\u00f6talouden huippukokous<\/a> (The European Social Economy Summit) on komission j\u00e4rjest\u00e4m\u00e4 korkean tason konferenssi, jonka tarkoituksena on kertoa yhteis\u00f6talouden merkityksest\u00e4 Eurooppassa.<\/strong><\/p>\n<p>Konferenssi j\u00e4rjestet\u00e4\u00e4n nyt toista kertaa, ensimm\u00e4inen huippukokous pidettiin vuonna 2014. Koronan vuoksi tapahtuma j\u00e4rjestet\u00e4\u00e4n kokonaan verkossa. P\u00e4\u00e4konferenssi on 26.-27.5. ja sit\u00e4 ennen j\u00e4rjestet\u00e4\u00e4n kahdeksan temaattista tapahtumaa (roadmap event). Maaliskuun tapahtuman teemana on kest\u00e4v\u00e4 kulutus ja kiertotalous.<\/p>\n<p>Euroopan kuluttajaosuuskuntien j\u00e4rjest\u00f6<a href=\"https:\/\/www.eurocoop.coop\/\"> Euro Coop<\/a> on vastuussa yhdest\u00e4 webinaarin sessiosta. <em>Kiertotalous k\u00e4yt\u00e4nn\u00f6ss\u00e4 \u2013 kuluttajaosuustoiminnan rooli<\/em> -keskustelutilaisuudessa keskityt\u00e4\u00e4n kuluttajaosuuskuntien rooliin kiertotalouden periaatteiden toteuttamisessa ja EU komission Pellolta p\u00f6yt\u00e4\u00e4n -strategian sek\u00e4 YK: n kest\u00e4v\u00e4n kehityksen tavoitte nro 12 asettamien tavoitteiden saavuttamisessa.<\/p>\n<p>Euro Coopin ohjelmaosiossa teemoina ovat ruokah\u00e4vikin torjunta, pakkausten optimointi, tuotemerkinn\u00e4t, kest\u00e4v\u00e4 luonnonvarojen hallinta, kuluttajien vaikutusmahdollisuuksien lis\u00e4\u00e4minen kest\u00e4v\u00e4\u00e4 kulutusta ja terveellisi\u00e4 el\u00e4m\u00e4ntapoja koskevan tietoisuuden ja koulutuksen avulla sek\u00e4 j\u00e4tteiden k\u00e4ytt\u00f6 energiana.<\/p>\n<p>Suomesta mukana on S-ryhm\u00e4 ja sen esimerkist\u00e4 on kertomassa vastuullisuusjohtaja <strong>Nina Elomaa<\/strong>. Muina keskustelijoina ovat <strong>Mike Pickering<\/strong> &#8211; Corporate Social Responsibility Manager, Midcounties Co-operative, <strong>Charlotta Szczepanowski <\/strong>&#8211; Head of Sustainability &amp; Quality, Coop, <strong>Chiara Faenza &#8211; <\/strong>Sustainability &amp; Values Innovation Manager, Coop, <strong>Carmen Redondo Borge &#8211; <\/strong>Director of Institutional Relations, HISPACOOP sek\u00e4 <strong>Todor Ivanov <\/strong>&#8211; Euro Coopin p\u00e4\u00e4sihteeri.<br \/><br \/><strong>Webinaari 25. maaliskuuta 2021 klo 11-16.30:<\/strong><br \/>Lue <a href=\"https:\/\/www.euses2020.eu\/\">lis\u00e4\u00e4 <\/a>\u00a0ja <a href=\"https:\/\/hopin.com\/events\/sustainable-consumption-and-circular-economy\">ilmoittaudu mukaan<\/a> (maksuton).<br \/><br \/><\/p>\n","protected":false},"excerpt":{"rendered":"","protected":false},"author":6,"featured_media":890065,"comment_status":"closed","ping_status":"closed","sticky":false,"template":"","format":"standard","meta":{"inline_featured_image":false,"_monsterinsights_skip_tracking":false,"_monsterinsights_sitenote_active":false,"_monsterinsights_sitenote_note":"","_monsterinsights_sitenote_category":0,"site-sidebar-layout":"default","site-content-layout":"default","ast-site-content-layout":"default","site-content-style":"default","site-sidebar-style":"default","ast-global-header-display":"","ast-banner-title-visibility":"","ast-main-header-display":"","ast-hfb-above-header-display":"","ast-hfb-below-header-display":"","ast-hfb-mobile-header-display":"","site-post-title":"","ast-breadcrumbs-content":"","ast-featured-img":"","footer-sml-layout":"","ast-disable-related-posts":"","theme-transparent-header-meta":"default","adv-header-id-meta":"","stick-header-meta":"","header-above-stick-meta":"","header-main-stick-meta":"","header-below-stick-meta":"","astra-migrate-meta-layouts":"default","ast-page-background-enabled":"default","ast-page-background-meta":{"desktop":{"background-color":"","background-image":"","background-repeat":"repeat","background-position":"center center","background-size":"auto","background-attachment":"scroll","background-type":"","background-media":"","overlay-type":"","overlay-color":"","overlay-opacity":"","overlay-gradient":""},"tablet":{"background-color":"","background-image":"","background-repeat":"repeat","background-position":"center center","background-size":"auto","background-attachment":"scroll","background-type":"","background-media":"","overlay-type":"","overlay-color":"","overlay-opacity":"","overlay-gradient":""},"mobile":{"background-color":"","background-image":"","background-repeat":"repeat","background-position":"center center","background-size":"auto","background-attachment":"scroll","background-type":"","background-media":"","overlay-type":"","overlay-color":"","overlay-opacity":"","overlay-gradient":""}},"ast-content-background-meta":{"desktop":{"background-color":"var(--ast-global-color-5)","background-image":"","background-repeat":"repeat","background-position":"center center","background-size":"auto","background-attachment":"scroll","background-type":"","background-media":"","overlay-type":"","overlay-color":"","overlay-opacity":"","overlay-gradient":""},"tablet":{"background-color":"var(--ast-global-color-5)","background-image":"","background-repeat":"repeat","background-position":"center center","background-size":"auto","background-attachment":"scroll","background-type":"","background-media":"","overlay-type":"","overlay-color":"","overlay-opacity":"","overlay-gradient":""},"mobile":{"background-color":"var(--ast-global-color-5)","background-image":"","background-repeat":"repeat","background-position":"center center","background-size":"auto","background-attachment":"scroll","background-type":"","background-media":"","overlay-type":"","overlay-color":"","overlay-opacity":"","overlay-gradient":""}},"_FSMCFIC_featured_image_caption":"","_FSMCFIC_featured_image_nocaption":"","_FSMCFIC_featured_image_hide":"","footnotes":""},"categories":[249,22],"tags":[],"class_list":["post-890064","post","type-post","status-publish","format-standard","has-post-thumbnail","hentry","category-tapahtuma","category-uutiset"],"yoast_head":"<!-- This site is optimized with the Yoast SEO plugin v27.5 - https:\/\/yoast.com\/product\/yoast-seo-wordpress\/ -->\n<title>Euroopan yhteis\u00f6talouden webinaari 25.3.: Kiertotalous k\u00e4yt\u00e4nn\u00f6ss\u00e4 \u2013 kuluttajaosuustoiminnan rooli - Pellervo<\/title>\n<meta name=\"robots\" content=\"index, follow, max-snippet:-1, max-image-preview:large, max-video-preview:-1\" \/>\n<link rel=\"canonical\" href=\"https:\/\/pellervo.fi\/en\/tapahtuma\/2021\/03\/08\/euroopan-yhteisotalouden-webinaari-25-3-kiertotalous-kaytannossa-kuluttajaosuustoiminnan-rooli\/\" \/>\n<meta property=\"og:locale\" content=\"sv_SE\" \/>\n<meta property=\"og:type\" content=\"article\" \/>\n<meta property=\"og:title\" content=\"Euroopan yhteis\u00f6talouden webinaari 25.3.: Kiertotalous k\u00e4yt\u00e4nn\u00f6ss\u00e4 \u2013 kuluttajaosuustoiminnan rooli - Pellervo\" \/>\n<meta property=\"og:url\" content=\"https:\/\/pellervo.fi\/en\/tapahtuma\/2021\/03\/08\/euroopan-yhteisotalouden-webinaari-25-3-kiertotalous-kaytannossa-kuluttajaosuustoiminnan-rooli\/\" \/>\n<meta property=\"og:site_name\" content=\"Pellervo\" \/>\n<meta property=\"article:published_time\" content=\"2021-03-08T12:07:56+00:00\" \/>\n<meta property=\"article:modified_time\" content=\"2021-03-09T07:57:30+00:00\" \/>\n<meta property=\"og:image\" content=\"https:\/\/pellervo.fi\/wp-content\/uploads\/2021\/03\/EUSES_2021.png\" \/>\n\t<meta property=\"og:image:width\" content=\"1064\" \/>\n\t<meta property=\"og:image:height\" content=\"574\" \/>\n\t<meta property=\"og:image:type\" content=\"image\/png\" \/>\n<meta name=\"author\" content=\"Hanna Muukka\" \/>\n<meta name=\"twitter:card\" content=\"summary_large_image\" \/>\n<meta name=\"twitter:creator\" content=\"@PellervoFi\" \/>\n<meta name=\"twitter:site\" content=\"@PellervoFi\" \/>\n<meta name=\"twitter:label1\" content=\"Skriven av\" \/>\n\t<meta name=\"twitter:data1\" content=\"Hanna Muukka\" \/>\n\t<meta name=\"twitter:label2\" content=\"Ber\u00e4knad l\u00e4stid\" \/>\n\t<meta name=\"twitter:data2\" content=\"1 minut\" \/>\n<script type=\"application\/ld+json\" class=\"yoast-schema-graph\">{\"@context\":\"https:\\\/\\\/schema.org\",\"@graph\":[{\"@type\":\"Article\",\"@id\":\"https:\\\/\\\/pellervo.fi\\\/en\\\/tapahtuma\\\/2021\\\/03\\\/08\\\/euroopan-yhteisotalouden-webinaari-25-3-kiertotalous-kaytannossa-kuluttajaosuustoiminnan-rooli\\\/#article\",\"isPartOf\":{\"@id\":\"https:\\\/\\\/pellervo.fi\\\/en\\\/tapahtuma\\\/2021\\\/03\\\/08\\\/euroopan-yhteisotalouden-webinaari-25-3-kiertotalous-kaytannossa-kuluttajaosuustoiminnan-rooli\\\/\"},\"author\":{\"name\":\"Hanna Muukka\",\"@id\":\"https:\\\/\\\/pellervo.fi\\\/#\\\/schema\\\/person\\\/f001b7c670bab10e5236b09672d9e6a3\"},\"headline\":\"Euroopan yhteis\u00f6talouden webinaari 25.3.: Kiertotalous k\u00e4yt\u00e4nn\u00f6ss\u00e4 \u2013 kuluttajaosuustoiminnan rooli\",\"datePublished\":\"2021-03-08T12:07:56+00:00\",\"dateModified\":\"2021-03-09T07:57:30+00:00\",\"mainEntityOfPage\":{\"@id\":\"https:\\\/\\\/pellervo.fi\\\/en\\\/tapahtuma\\\/2021\\\/03\\\/08\\\/euroopan-yhteisotalouden-webinaari-25-3-kiertotalous-kaytannossa-kuluttajaosuustoiminnan-rooli\\\/\"},\"wordCount\":247,\"publisher\":{\"@id\":\"https:\\\/\\\/pellervo.fi\\\/#organization\"},\"image\":{\"@id\":\"https:\\\/\\\/pellervo.fi\\\/en\\\/tapahtuma\\\/2021\\\/03\\\/08\\\/euroopan-yhteisotalouden-webinaari-25-3-kiertotalous-kaytannossa-kuluttajaosuustoiminnan-rooli\\\/#primaryimage\"},\"thumbnailUrl\":\"https:\\\/\\\/pellervo.fi\\\/wp-content\\\/uploads\\\/2021\\\/03\\\/EUSES_2021.png\",\"articleSection\":[\"Tapahtuma\",\"Uutiset\"],\"inLanguage\":\"sv-SE\"},{\"@type\":\"WebPage\",\"@id\":\"https:\\\/\\\/pellervo.fi\\\/en\\\/tapahtuma\\\/2021\\\/03\\\/08\\\/euroopan-yhteisotalouden-webinaari-25-3-kiertotalous-kaytannossa-kuluttajaosuustoiminnan-rooli\\\/\",\"url\":\"https:\\\/\\\/pellervo.fi\\\/en\\\/tapahtuma\\\/2021\\\/03\\\/08\\\/euroopan-yhteisotalouden-webinaari-25-3-kiertotalous-kaytannossa-kuluttajaosuustoiminnan-rooli\\\/\",\"name\":\"Euroopan yhteis\u00f6talouden webinaari 25.3.: Kiertotalous k\u00e4yt\u00e4nn\u00f6ss\u00e4 \u2013 kuluttajaosuustoiminnan rooli - Pellervo\",\"isPartOf\":{\"@id\":\"https:\\\/\\\/pellervo.fi\\\/#website\"},\"primaryImageOfPage\":{\"@id\":\"https:\\\/\\\/pellervo.fi\\\/en\\\/tapahtuma\\\/2021\\\/03\\\/08\\\/euroopan-yhteisotalouden-webinaari-25-3-kiertotalous-kaytannossa-kuluttajaosuustoiminnan-rooli\\\/#primaryimage\"},\"image\":{\"@id\":\"https:\\\/\\\/pellervo.fi\\\/en\\\/tapahtuma\\\/2021\\\/03\\\/08\\\/euroopan-yhteisotalouden-webinaari-25-3-kiertotalous-kaytannossa-kuluttajaosuustoiminnan-rooli\\\/#primaryimage\"},\"thumbnailUrl\":\"https:\\\/\\\/pellervo.fi\\\/wp-content\\\/uploads\\\/2021\\\/03\\\/EUSES_2021.png\",\"datePublished\":\"2021-03-08T12:07:56+00:00\",\"dateModified\":\"2021-03-09T07:57:30+00:00\",\"breadcrumb\":{\"@id\":\"https:\\\/\\\/pellervo.fi\\\/en\\\/tapahtuma\\\/2021\\\/03\\\/08\\\/euroopan-yhteisotalouden-webinaari-25-3-kiertotalous-kaytannossa-kuluttajaosuustoiminnan-rooli\\\/#breadcrumb\"},\"inLanguage\":\"sv-SE\",\"potentialAction\":[{\"@type\":\"ReadAction\",\"target\":[\"https:\\\/\\\/pellervo.fi\\\/en\\\/tapahtuma\\\/2021\\\/03\\\/08\\\/euroopan-yhteisotalouden-webinaari-25-3-kiertotalous-kaytannossa-kuluttajaosuustoiminnan-rooli\\\/\"]}]},{\"@type\":\"ImageObject\",\"inLanguage\":\"sv-SE\",\"@id\":\"https:\\\/\\\/pellervo.fi\\\/en\\\/tapahtuma\\\/2021\\\/03\\\/08\\\/euroopan-yhteisotalouden-webinaari-25-3-kiertotalous-kaytannossa-kuluttajaosuustoiminnan-rooli\\\/#primaryimage\",\"url\":\"https:\\\/\\\/pellervo.fi\\\/wp-content\\\/uploads\\\/2021\\\/03\\\/EUSES_2021.png\",\"contentUrl\":\"https:\\\/\\\/pellervo.fi\\\/wp-content\\\/uploads\\\/2021\\\/03\\\/EUSES_2021.png\",\"width\":1064,\"height\":574,\"caption\":\"Kuvituskuva: harmaa kuva, jossa erilaisia j\u00e4tteit\u00e4 ja taustalla meren ranta. P\u00e4\u00e4ll\u00e4 teksti: Sustainable Consumption & Circular Economy\"},{\"@type\":\"BreadcrumbList\",\"@id\":\"https:\\\/\\\/pellervo.fi\\\/en\\\/tapahtuma\\\/2021\\\/03\\\/08\\\/euroopan-yhteisotalouden-webinaari-25-3-kiertotalous-kaytannossa-kuluttajaosuustoiminnan-rooli\\\/#breadcrumb\",\"itemListElement\":[{\"@type\":\"ListItem\",\"position\":1,\"name\":\"Koti\",\"item\":\"https:\\\/\\\/pellervo.fi\\\/sv\\\/\"},{\"@type\":\"ListItem\",\"position\":2,\"name\":\"Euroopan yhteis\u00f6talouden webinaari 25.3.: Kiertotalous k\u00e4yt\u00e4nn\u00f6ss\u00e4 \u2013 kuluttajaosuustoiminnan rooli\"}]},{\"@type\":\"WebSite\",\"@id\":\"https:\\\/\\\/pellervo.fi\\\/#website\",\"url\":\"https:\\\/\\\/pellervo.fi\\\/\",\"name\":\"Pellervo\",\"description\":\"Osuuskuntien keskusj\u00e4rjest\u00f6\",\"publisher\":{\"@id\":\"https:\\\/\\\/pellervo.fi\\\/#organization\"},\"potentialAction\":[{\"@type\":\"SearchAction\",\"target\":{\"@type\":\"EntryPoint\",\"urlTemplate\":\"https:\\\/\\\/pellervo.fi\\\/?s={search_term_string}\"},\"query-input\":{\"@type\":\"PropertyValueSpecification\",\"valueRequired\":true,\"valueName\":\"search_term_string\"}}],\"inLanguage\":\"sv-SE\"},{\"@type\":\"Organization\",\"@id\":\"https:\\\/\\\/pellervo.fi\\\/#organization\",\"name\":\"Osuustoimintakeskus Pellervo ry\",\"url\":\"https:\\\/\\\/pellervo.fi\\\/\",\"logo\":{\"@type\":\"ImageObject\",\"inLanguage\":\"sv-SE\",\"@id\":\"https:\\\/\\\/pellervo.fi\\\/#\\\/schema\\\/logo\\\/image\\\/\",\"url\":\"https:\\\/\\\/pellervo.fi\\\/wp-content\\\/uploads\\\/2020\\\/05\\\/Pellervo_logo.png\",\"contentUrl\":\"https:\\\/\\\/pellervo.fi\\\/wp-content\\\/uploads\\\/2020\\\/05\\\/Pellervo_logo.png\",\"width\":1335,\"height\":376,\"caption\":\"Osuustoimintakeskus Pellervo ry\"},\"image\":{\"@id\":\"https:\\\/\\\/pellervo.fi\\\/#\\\/schema\\\/logo\\\/image\\\/\"},\"sameAs\":[\"https:\\\/\\\/x.com\\\/PellervoFi\"]},{\"@type\":\"Person\",\"@id\":\"https:\\\/\\\/pellervo.fi\\\/#\\\/schema\\\/person\\\/f001b7c670bab10e5236b09672d9e6a3\",\"name\":\"Hanna Muukka\",\"image\":{\"@type\":\"ImageObject\",\"inLanguage\":\"sv-SE\",\"@id\":\"https:\\\/\\\/pellervo.fi\\\/wp-content\\\/uploads\\\/2014\\\/02\\\/Hanna-Muukka_avatar_1393417732-96x96.jpg\",\"url\":\"https:\\\/\\\/pellervo.fi\\\/wp-content\\\/uploads\\\/2014\\\/02\\\/Hanna-Muukka_avatar_1393417732-96x96.jpg\",\"contentUrl\":\"https:\\\/\\\/pellervo.fi\\\/wp-content\\\/uploads\\\/2014\\\/02\\\/Hanna-Muukka_avatar_1393417732-96x96.jpg\",\"caption\":\"Hanna Muukka\"},\"description\":\"Kirjoittaja ty\u00f6skentelee Osuustoimintakeskus Pellervossa vastuullisuusasiantuntijana.\",\"url\":\"https:\\\/\\\/pellervo.fi\\\/sv\\\/author\\\/hannamuu\\\/\"}]}<\/script>\n<!-- \/ Yoast SEO plugin. -->","yoast_head_json":{"title":"Euroopan yhteis\u00f6talouden webinaari 25.3.: Kiertotalous k\u00e4yt\u00e4nn\u00f6ss\u00e4 \u2013 kuluttajaosuustoiminnan rooli - Pellervo","robots":{"index":"index","follow":"follow","max-snippet":"max-snippet:-1","max-image-preview":"max-image-preview:large","max-video-preview":"max-video-preview:-1"},"canonical":"https:\/\/pellervo.fi\/en\/tapahtuma\/2021\/03\/08\/euroopan-yhteisotalouden-webinaari-25-3-kiertotalous-kaytannossa-kuluttajaosuustoiminnan-rooli\/","og_locale":"sv_SE","og_type":"article","og_title":"Euroopan yhteis\u00f6talouden webinaari 25.3.: Kiertotalous k\u00e4yt\u00e4nn\u00f6ss\u00e4 \u2013 kuluttajaosuustoiminnan rooli - Pellervo","og_url":"https:\/\/pellervo.fi\/en\/tapahtuma\/2021\/03\/08\/euroopan-yhteisotalouden-webinaari-25-3-kiertotalous-kaytannossa-kuluttajaosuustoiminnan-rooli\/","og_site_name":"Pellervo","article_published_time":"2021-03-08T12:07:56+00:00","article_modified_time":"2021-03-09T07:57:30+00:00","og_image":[{"width":1064,"height":574,"url":"https:\/\/pellervo.fi\/wp-content\/uploads\/2021\/03\/EUSES_2021.png","type":"image\/png"}],"author":"Hanna Muukka","twitter_card":"summary_large_image","twitter_creator":"@PellervoFi","twitter_site":"@PellervoFi","twitter_misc":{"Skriven av":"Hanna Muukka","Ber\u00e4knad l\u00e4stid":"1 minut"},"schema":{"@context":"https:\/\/schema.org","@graph":[{"@type":"Article","@id":"https:\/\/pellervo.fi\/en\/tapahtuma\/2021\/03\/08\/euroopan-yhteisotalouden-webinaari-25-3-kiertotalous-kaytannossa-kuluttajaosuustoiminnan-rooli\/#article","isPartOf":{"@id":"https:\/\/pellervo.fi\/en\/tapahtuma\/2021\/03\/08\/euroopan-yhteisotalouden-webinaari-25-3-kiertotalous-kaytannossa-kuluttajaosuustoiminnan-rooli\/"},"author":{"name":"Hanna Muukka","@id":"https:\/\/pellervo.fi\/#\/schema\/person\/f001b7c670bab10e5236b09672d9e6a3"},"headline":"Euroopan yhteis\u00f6talouden webinaari 25.3.: Kiertotalous k\u00e4yt\u00e4nn\u00f6ss\u00e4 \u2013 kuluttajaosuustoiminnan rooli","datePublished":"2021-03-08T12:07:56+00:00","dateModified":"2021-03-09T07:57:30+00:00","mainEntityOfPage":{"@id":"https:\/\/pellervo.fi\/en\/tapahtuma\/2021\/03\/08\/euroopan-yhteisotalouden-webinaari-25-3-kiertotalous-kaytannossa-kuluttajaosuustoiminnan-rooli\/"},"wordCount":247,"publisher":{"@id":"https:\/\/pellervo.fi\/#organization"},"image":{"@id":"https:\/\/pellervo.fi\/en\/tapahtuma\/2021\/03\/08\/euroopan-yhteisotalouden-webinaari-25-3-kiertotalous-kaytannossa-kuluttajaosuustoiminnan-rooli\/#primaryimage"},"thumbnailUrl":"https:\/\/pellervo.fi\/wp-content\/uploads\/2021\/03\/EUSES_2021.png","articleSection":["Tapahtuma","Uutiset"],"inLanguage":"sv-SE"},{"@type":"WebPage","@id":"https:\/\/pellervo.fi\/en\/tapahtuma\/2021\/03\/08\/euroopan-yhteisotalouden-webinaari-25-3-kiertotalous-kaytannossa-kuluttajaosuustoiminnan-rooli\/","url":"https:\/\/pellervo.fi\/en\/tapahtuma\/2021\/03\/08\/euroopan-yhteisotalouden-webinaari-25-3-kiertotalous-kaytannossa-kuluttajaosuustoiminnan-rooli\/","name":"Euroopan yhteis\u00f6talouden webinaari 25.3.: Kiertotalous k\u00e4yt\u00e4nn\u00f6ss\u00e4 \u2013 kuluttajaosuustoiminnan rooli - Pellervo","isPartOf":{"@id":"https:\/\/pellervo.fi\/#website"},"primaryImageOfPage":{"@id":"https:\/\/pellervo.fi\/en\/tapahtuma\/2021\/03\/08\/euroopan-yhteisotalouden-webinaari-25-3-kiertotalous-kaytannossa-kuluttajaosuustoiminnan-rooli\/#primaryimage"},"image":{"@id":"https:\/\/pellervo.fi\/en\/tapahtuma\/2021\/03\/08\/euroopan-yhteisotalouden-webinaari-25-3-kiertotalous-kaytannossa-kuluttajaosuustoiminnan-rooli\/#primaryimage"},"thumbnailUrl":"https:\/\/pellervo.fi\/wp-content\/uploads\/2021\/03\/EUSES_2021.png","datePublished":"2021-03-08T12:07:56+00:00","dateModified":"2021-03-09T07:57:30+00:00","breadcrumb":{"@id":"https:\/\/pellervo.fi\/en\/tapahtuma\/2021\/03\/08\/euroopan-yhteisotalouden-webinaari-25-3-kiertotalous-kaytannossa-kuluttajaosuustoiminnan-rooli\/#breadcrumb"},"inLanguage":"sv-SE","potentialAction":[{"@type":"ReadAction","target":["https:\/\/pellervo.fi\/en\/tapahtuma\/2021\/03\/08\/euroopan-yhteisotalouden-webinaari-25-3-kiertotalous-kaytannossa-kuluttajaosuustoiminnan-rooli\/"]}]},{"@type":"ImageObject","inLanguage":"sv-SE","@id":"https:\/\/pellervo.fi\/en\/tapahtuma\/2021\/03\/08\/euroopan-yhteisotalouden-webinaari-25-3-kiertotalous-kaytannossa-kuluttajaosuustoiminnan-rooli\/#primaryimage","url":"https:\/\/pellervo.fi\/wp-content\/uploads\/2021\/03\/EUSES_2021.png","contentUrl":"https:\/\/pellervo.fi\/wp-content\/uploads\/2021\/03\/EUSES_2021.png","width":1064,"height":574,"caption":"Kuvituskuva: harmaa kuva, jossa erilaisia j\u00e4tteit\u00e4 ja taustalla meren ranta. P\u00e4\u00e4ll\u00e4 teksti: Sustainable Consumption & Circular Economy"},{"@type":"BreadcrumbList","@id":"https:\/\/pellervo.fi\/en\/tapahtuma\/2021\/03\/08\/euroopan-yhteisotalouden-webinaari-25-3-kiertotalous-kaytannossa-kuluttajaosuustoiminnan-rooli\/#breadcrumb","itemListElement":[{"@type":"ListItem","position":1,"name":"Koti","item":"https:\/\/pellervo.fi\/sv\/"},{"@type":"ListItem","position":2,"name":"Euroopan yhteis\u00f6talouden webinaari 25.3.: Kiertotalous k\u00e4yt\u00e4nn\u00f6ss\u00e4 \u2013 kuluttajaosuustoiminnan rooli"}]},{"@type":"WebSite","@id":"https:\/\/pellervo.fi\/#website","url":"https:\/\/pellervo.fi\/","name":"Pellervo","description":"Osuuskuntien keskusj\u00e4rjest\u00f6","publisher":{"@id":"https:\/\/pellervo.fi\/#organization"},"potentialAction":[{"@type":"SearchAction","target":{"@type":"EntryPoint","urlTemplate":"https:\/\/pellervo.fi\/?s={search_term_string}"},"query-input":{"@type":"PropertyValueSpecification","valueRequired":true,"valueName":"search_term_string"}}],"inLanguage":"sv-SE"},{"@type":"Organization","@id":"https:\/\/pellervo.fi\/#organization","name":"Osuustoimintakeskus Pellervo ry","url":"https:\/\/pellervo.fi\/","logo":{"@type":"ImageObject","inLanguage":"sv-SE","@id":"https:\/\/pellervo.fi\/#\/schema\/logo\/image\/","url":"https:\/\/pellervo.fi\/wp-content\/uploads\/2020\/05\/Pellervo_logo.png","contentUrl":"https:\/\/pellervo.fi\/wp-content\/uploads\/2020\/05\/Pellervo_logo.png","width":1335,"height":376,"caption":"Osuustoimintakeskus Pellervo ry"},"image":{"@id":"https:\/\/pellervo.fi\/#\/schema\/logo\/image\/"},"sameAs":["https:\/\/x.com\/PellervoFi"]},{"@type":"Person","@id":"https:\/\/pellervo.fi\/#\/schema\/person\/f001b7c670bab10e5236b09672d9e6a3","name":"Hanna Muukka","image":{"@type":"ImageObject","inLanguage":"sv-SE","@id":"https:\/\/pellervo.fi\/wp-content\/uploads\/2014\/02\/Hanna-Muukka_avatar_1393417732-96x96.jpg","url":"https:\/\/pellervo.fi\/wp-content\/uploads\/2014\/02\/Hanna-Muukka_avatar_1393417732-96x96.jpg","contentUrl":"https:\/\/pellervo.fi\/wp-content\/uploads\/2014\/02\/Hanna-Muukka_avatar_1393417732-96x96.jpg","caption":"Hanna Muukka"},"description":"Kirjoittaja ty\u00f6skentelee Osuustoimintakeskus Pellervossa vastuullisuusasiantuntijana.","url":"https:\/\/pellervo.fi\/sv\/author\/hannamuu\/"}]}},"_links":{"self":[{"href":"https:\/\/pellervo.fi\/sv\/wp-json\/wp\/v2\/posts\/890064","targetHints":{"allow":["GET"]}}],"collection":[{"href":"https:\/\/pellervo.fi\/sv\/wp-json\/wp\/v2\/posts"}],"about":[{"href":"https:\/\/pellervo.fi\/sv\/wp-json\/wp\/v2\/types\/post"}],"author":[{"embeddable":true,"href":"https:\/\/pellervo.fi\/sv\/wp-json\/wp\/v2\/users\/6"}],"replies":[{"embeddable":true,"href":"https:\/\/pellervo.fi\/sv\/wp-json\/wp\/v2\/comments?post=890064"}],"version-history":[{"count":5,"href":"https:\/\/pellervo.fi\/sv\/wp-json\/wp\/v2\/posts\/890064\/revisions"}],"predecessor-version":[{"id":890074,"href":"https:\/\/pellervo.fi\/sv\/wp-json\/wp\/v2\/posts\/890064\/revisions\/890074"}],"wp:featuredmedia":[{"embeddable":true,"href":"https:\/\/pellervo.fi\/sv\/wp-json\/wp\/v2\/media\/890065"}],"wp:attachment":[{"href":"https:\/\/pellervo.fi\/sv\/wp-json\/wp\/v2\/media?parent=890064"}],"wp:term":[{"taxonomy":"category","embeddable":true,"href":"https:\/\/pellervo.fi\/sv\/wp-json\/wp\/v2\/categories?post=890064"},{"taxonomy":"post_tag","embeddable":true,"href":"https:\/\/pellervo.fi\/sv\/wp-json\/wp\/v2\/tags?post=890064"}],"curies":[{"name":"wp","href":"https:\/\/api.w.org\/{rel}","templated":true}]}}