{"id":890637,"date":"2021-04-19T17:55:39","date_gmt":"2021-04-19T14:55:39","guid":{"rendered":"https:\/\/pellervo.fi\/?p=890637"},"modified":"2021-04-26T12:03:24","modified_gmt":"2021-04-26T09:03:24","slug":"pellervon-vuosikokous-pidetaan-30-9-helsingissa","status":"publish","type":"post","link":"https:\/\/pellervo.fi\/sv\/jarjesto\/2021\/04\/19\/pellervon-vuosikokous-pidetaan-30-9-helsingissa\/","title":{"rendered":"Pellervon vuosikokous pidet\u00e4\u00e4n 30.9. Helsingiss\u00e4, p\u00e4\u00e4tteksi Pellervon P\u00e4iv\u00e4n Jatkot"},"content":{"rendered":"\n<p>Osuustoimintakeskus Pellervo ry:n vuosikokous pidet\u00e4\u00e4n torstaina 30. syyskuuta Helsingiss\u00e4 hotelli Presidentiss\u00e4. Virallinen kokouskutsu l\u00e4hetet\u00e4\u00e4n my\u00f6hemmin. Kokous siirtyi jo toisena vuonna per\u00e4kk\u00e4in koronaepidemian vuoksi syksyyn. P\u00e4\u00e4t\u00f6s ajankohdasta odotti poikkeuslakia, joka teki yrityksille, osuuskunnille ja yrityksille mahdolliseksi lyk\u00e4t\u00e4 kokouksiaan tavanomaisesta ajankohdasta.\u00a0<\/p>\n<p>Vuosikokouksen j\u00e4lkeen tarjolla on Pellervon P\u00e4iv\u00e4n Jatkot &#8211; monia erilaisia osuustoimintatapahtumia yhdistelev\u00e4 kohtaaminen. Luvassa on omaa ohjelmaa sek\u00e4 isojen osuuskuntien johdolle ja luottamushenkil\u00f6ille ett\u00e4 erillinen Pienosuuskuntaforum ja lounaan j\u00e4lkeen kaikille osuustoiminnasta kiinnostuneille tai sen parissa ty\u00f6skenteleville on yhteist\u00e4 ohjelmaa. Lis\u00e4tietoa tulossa pian!\u00a0<\/p>\n","protected":false},"excerpt":{"rendered":"<p>Osuustoimintakeskus Pellervo ry:n vuosikokous pidet\u00e4\u00e4n 30. syyskuuta Helsingiss\u00e4. Virallinen kokouskutsu l\u00e4hetet\u00e4\u00e4n my\u00f6hemmin. Kokous siirtyi jo toisena vuonna per\u00e4kk\u00e4in koronaepidemian vuoksi syksyyn. P\u00e4\u00e4t\u00f6s ajankohdasta odotti poikkeuslakia, joka teki yrityksille, osuuskunnille ja yrityksille mahdolliseksi lyk\u00e4t\u00e4 kokouksiaan tavanomaisesta ajankohdasta. <\/p>\n","protected":false},"author":5,"featured_media":884345,"comment_status":"closed","ping_status":"closed","sticky":false,"template":"","format":"standard","meta":{"inline_featured_image":false,"_monsterinsights_skip_tracking":false,"_monsterinsights_sitenote_active":false,"_monsterinsights_sitenote_note":"","_monsterinsights_sitenote_category":0,"site-sidebar-layout":"default","site-content-layout":"default","ast-site-content-layout":"default","site-content-style":"default","site-sidebar-style":"default","ast-global-header-display":"","ast-banner-title-visibility":"","ast-main-header-display":"","ast-hfb-above-header-display":"","ast-hfb-below-header-display":"","ast-hfb-mobile-header-display":"","site-post-title":"","ast-breadcrumbs-content":"","ast-featured-img":"","footer-sml-layout":"","ast-disable-related-posts":"","theme-transparent-header-meta":"default","adv-header-id-meta":"","stick-header-meta":"","header-above-stick-meta":"","header-main-stick-meta":"","header-below-stick-meta":"","astra-migrate-meta-layouts":"default","ast-page-background-enabled":"default","ast-page-background-meta":{"desktop":{"background-color":"","background-image":"","background-repeat":"repeat","background-position":"center center","background-size":"auto","background-attachment":"scroll","background-type":"","background-media":"","overlay-type":"","overlay-color":"","overlay-opacity":"","overlay-gradient":""},"tablet":{"background-color":"","background-image":"","background-repeat":"repeat","background-position":"center center","background-size":"auto","background-attachment":"scroll","background-type":"","background-media":"","overlay-type":"","overlay-color":"","overlay-opacity":"","overlay-gradient":""},"mobile":{"background-color":"","background-image":"","background-repeat":"repeat","background-position":"center center","background-size":"auto","background-attachment":"scroll","background-type":"","background-media":"","overlay-type":"","overlay-color":"","overlay-opacity":"","overlay-gradient":""}},"ast-content-background-meta":{"desktop":{"background-color":"var(--ast-global-color-5)","background-image":"","background-repeat":"repeat","background-position":"center center","background-size":"auto","background-attachment":"scroll","background-type":"","background-media":"","overlay-type":"","overlay-color":"","overlay-opacity":"","overlay-gradient":""},"tablet":{"background-color":"var(--ast-global-color-5)","background-image":"","background-repeat":"repeat","background-position":"center center","background-size":"auto","background-attachment":"scroll","background-type":"","background-media":"","overlay-type":"","overlay-color":"","overlay-opacity":"","overlay-gradient":""},"mobile":{"background-color":"var(--ast-global-color-5)","background-image":"","background-repeat":"repeat","background-position":"center center","background-size":"auto","background-attachment":"scroll","background-type":"","background-media":"","overlay-type":"","overlay-color":"","overlay-opacity":"","overlay-gradient":""}},"_FSMCFIC_featured_image_caption":"","_FSMCFIC_featured_image_nocaption":"","_FSMCFIC_featured_image_hide":"","footnotes":""},"categories":[71,249],"tags":[225],"class_list":["post-890637","post","type-post","status-publish","format-standard","has-post-thumbnail","hentry","category-jarjesto","category-tapahtuma","tag-korona"],"yoast_head":"<!-- This site is optimized with the Yoast SEO plugin v27.5 - https:\/\/yoast.com\/product\/yoast-seo-wordpress\/ -->\n<title>Pellervon vuosikokous pidet\u00e4\u00e4n 30.9. Helsingiss\u00e4, p\u00e4\u00e4tteksi Pellervon P\u00e4iv\u00e4n Jatkot - Pellervo<\/title>\n<meta name=\"robots\" content=\"index, follow, max-snippet:-1, max-image-preview:large, max-video-preview:-1\" \/>\n<link rel=\"canonical\" href=\"https:\/\/pellervo.fi\/en\/jarjesto\/2021\/04\/19\/pellervon-vuosikokous-pidetaan-30-9-helsingissa\/\" \/>\n<meta property=\"og:locale\" content=\"sv_SE\" \/>\n<meta property=\"og:type\" content=\"article\" \/>\n<meta property=\"og:title\" content=\"Pellervon vuosikokous pidet\u00e4\u00e4n 30.9. Helsingiss\u00e4, p\u00e4\u00e4tteksi Pellervon P\u00e4iv\u00e4n Jatkot - Pellervo\" \/>\n<meta property=\"og:description\" content=\"Osuustoimintakeskus Pellervo ry:n vuosikokous pidet\u00e4\u00e4n 30. syyskuuta Helsingiss\u00e4. Virallinen kokouskutsu l\u00e4hetet\u00e4\u00e4n my\u00f6hemmin. Kokous siirtyi jo toisena vuonna per\u00e4kk\u00e4in koronaepidemian vuoksi syksyyn. P\u00e4\u00e4t\u00f6s ajankohdasta odotti poikkeuslakia, joka teki yrityksille, osuuskunnille ja yrityksille mahdolliseksi lyk\u00e4t\u00e4 kokouksiaan tavanomaisesta ajankohdasta.\" \/>\n<meta property=\"og:url\" content=\"https:\/\/pellervo.fi\/en\/jarjesto\/2021\/04\/19\/pellervon-vuosikokous-pidetaan-30-9-helsingissa\/\" \/>\n<meta property=\"og:site_name\" content=\"Pellervo\" \/>\n<meta property=\"article:published_time\" content=\"2021-04-19T14:55:39+00:00\" \/>\n<meta property=\"article:modified_time\" content=\"2021-04-26T09:03:24+00:00\" \/>\n<meta property=\"og:image\" content=\"https:\/\/pellervo.fi\/wp-content\/uploads\/2018\/06\/kaikki-mukaan.jpg\" \/>\n\t<meta property=\"og:image:width\" content=\"640\" \/>\n\t<meta property=\"og:image:height\" content=\"426\" \/>\n\t<meta property=\"og:image:type\" content=\"image\/jpeg\" \/>\n<meta name=\"author\" content=\"pellervo\" \/>\n<meta name=\"twitter:card\" content=\"summary_large_image\" \/>\n<meta name=\"twitter:creator\" content=\"@PellervoFi\" \/>\n<meta name=\"twitter:site\" content=\"@PellervoFi\" \/>\n<meta name=\"twitter:label1\" content=\"Skriven av\" \/>\n\t<meta name=\"twitter:data1\" content=\"pellervo\" \/>\n\t<meta name=\"twitter:label2\" content=\"Ber\u00e4knad l\u00e4stid\" \/>\n\t<meta name=\"twitter:data2\" content=\"1 minut\" \/>\n<script type=\"application\/ld+json\" class=\"yoast-schema-graph\">{\"@context\":\"https:\\\/\\\/schema.org\",\"@graph\":[{\"@type\":\"Article\",\"@id\":\"https:\\\/\\\/pellervo.fi\\\/en\\\/jarjesto\\\/2021\\\/04\\\/19\\\/pellervon-vuosikokous-pidetaan-30-9-helsingissa\\\/#article\",\"isPartOf\":{\"@id\":\"https:\\\/\\\/pellervo.fi\\\/en\\\/jarjesto\\\/2021\\\/04\\\/19\\\/pellervon-vuosikokous-pidetaan-30-9-helsingissa\\\/\"},\"author\":{\"name\":\"pellervo\",\"@id\":\"https:\\\/\\\/pellervo.fi\\\/#\\\/schema\\\/person\\\/4b74d40956937d1367ade81899997e71\"},\"headline\":\"Pellervon vuosikokous pidet\u00e4\u00e4n 30.9. Helsingiss\u00e4, p\u00e4\u00e4tteksi Pellervon P\u00e4iv\u00e4n Jatkot\",\"datePublished\":\"2021-04-19T14:55:39+00:00\",\"dateModified\":\"2021-04-26T09:03:24+00:00\",\"mainEntityOfPage\":{\"@id\":\"https:\\\/\\\/pellervo.fi\\\/en\\\/jarjesto\\\/2021\\\/04\\\/19\\\/pellervon-vuosikokous-pidetaan-30-9-helsingissa\\\/\"},\"wordCount\":109,\"publisher\":{\"@id\":\"https:\\\/\\\/pellervo.fi\\\/#organization\"},\"image\":{\"@id\":\"https:\\\/\\\/pellervo.fi\\\/en\\\/jarjesto\\\/2021\\\/04\\\/19\\\/pellervon-vuosikokous-pidetaan-30-9-helsingissa\\\/#primaryimage\"},\"thumbnailUrl\":\"https:\\\/\\\/pellervo.fi\\\/wp-content\\\/uploads\\\/2018\\\/06\\\/kaikki-mukaan.jpg\",\"keywords\":[\"Koronaepidemia\"],\"articleSection\":[\"J\u00e4rjest\u00f6\",\"Tapahtuma\"],\"inLanguage\":\"sv-SE\"},{\"@type\":\"WebPage\",\"@id\":\"https:\\\/\\\/pellervo.fi\\\/en\\\/jarjesto\\\/2021\\\/04\\\/19\\\/pellervon-vuosikokous-pidetaan-30-9-helsingissa\\\/\",\"url\":\"https:\\\/\\\/pellervo.fi\\\/en\\\/jarjesto\\\/2021\\\/04\\\/19\\\/pellervon-vuosikokous-pidetaan-30-9-helsingissa\\\/\",\"name\":\"Pellervon vuosikokous pidet\u00e4\u00e4n 30.9. Helsingiss\u00e4, p\u00e4\u00e4tteksi Pellervon P\u00e4iv\u00e4n Jatkot - Pellervo\",\"isPartOf\":{\"@id\":\"https:\\\/\\\/pellervo.fi\\\/#website\"},\"primaryImageOfPage\":{\"@id\":\"https:\\\/\\\/pellervo.fi\\\/en\\\/jarjesto\\\/2021\\\/04\\\/19\\\/pellervon-vuosikokous-pidetaan-30-9-helsingissa\\\/#primaryimage\"},\"image\":{\"@id\":\"https:\\\/\\\/pellervo.fi\\\/en\\\/jarjesto\\\/2021\\\/04\\\/19\\\/pellervon-vuosikokous-pidetaan-30-9-helsingissa\\\/#primaryimage\"},\"thumbnailUrl\":\"https:\\\/\\\/pellervo.fi\\\/wp-content\\\/uploads\\\/2018\\\/06\\\/kaikki-mukaan.jpg\",\"datePublished\":\"2021-04-19T14:55:39+00:00\",\"dateModified\":\"2021-04-26T09:03:24+00:00\",\"breadcrumb\":{\"@id\":\"https:\\\/\\\/pellervo.fi\\\/en\\\/jarjesto\\\/2021\\\/04\\\/19\\\/pellervon-vuosikokous-pidetaan-30-9-helsingissa\\\/#breadcrumb\"},\"inLanguage\":\"sv-SE\",\"potentialAction\":[{\"@type\":\"ReadAction\",\"target\":[\"https:\\\/\\\/pellervo.fi\\\/en\\\/jarjesto\\\/2021\\\/04\\\/19\\\/pellervon-vuosikokous-pidetaan-30-9-helsingissa\\\/\"]}]},{\"@type\":\"ImageObject\",\"inLanguage\":\"sv-SE\",\"@id\":\"https:\\\/\\\/pellervo.fi\\\/en\\\/jarjesto\\\/2021\\\/04\\\/19\\\/pellervon-vuosikokous-pidetaan-30-9-helsingissa\\\/#primaryimage\",\"url\":\"https:\\\/\\\/pellervo.fi\\\/wp-content\\\/uploads\\\/2018\\\/06\\\/kaikki-mukaan.jpg\",\"contentUrl\":\"https:\\\/\\\/pellervo.fi\\\/wp-content\\\/uploads\\\/2018\\\/06\\\/kaikki-mukaan.jpg\",\"width\":640,\"height\":426},{\"@type\":\"BreadcrumbList\",\"@id\":\"https:\\\/\\\/pellervo.fi\\\/en\\\/jarjesto\\\/2021\\\/04\\\/19\\\/pellervon-vuosikokous-pidetaan-30-9-helsingissa\\\/#breadcrumb\",\"itemListElement\":[{\"@type\":\"ListItem\",\"position\":1,\"name\":\"Koti\",\"item\":\"https:\\\/\\\/pellervo.fi\\\/sv\\\/\"},{\"@type\":\"ListItem\",\"position\":2,\"name\":\"Pellervon vuosikokous pidet\u00e4\u00e4n 30.9. Helsingiss\u00e4, p\u00e4\u00e4tteksi Pellervon P\u00e4iv\u00e4n Jatkot\"}]},{\"@type\":\"WebSite\",\"@id\":\"https:\\\/\\\/pellervo.fi\\\/#website\",\"url\":\"https:\\\/\\\/pellervo.fi\\\/\",\"name\":\"Pellervo\",\"description\":\"Osuuskuntien keskusj\u00e4rjest\u00f6\",\"publisher\":{\"@id\":\"https:\\\/\\\/pellervo.fi\\\/#organization\"},\"potentialAction\":[{\"@type\":\"SearchAction\",\"target\":{\"@type\":\"EntryPoint\",\"urlTemplate\":\"https:\\\/\\\/pellervo.fi\\\/?s={search_term_string}\"},\"query-input\":{\"@type\":\"PropertyValueSpecification\",\"valueRequired\":true,\"valueName\":\"search_term_string\"}}],\"inLanguage\":\"sv-SE\"},{\"@type\":\"Organization\",\"@id\":\"https:\\\/\\\/pellervo.fi\\\/#organization\",\"name\":\"Osuustoimintakeskus Pellervo ry\",\"url\":\"https:\\\/\\\/pellervo.fi\\\/\",\"logo\":{\"@type\":\"ImageObject\",\"inLanguage\":\"sv-SE\",\"@id\":\"https:\\\/\\\/pellervo.fi\\\/#\\\/schema\\\/logo\\\/image\\\/\",\"url\":\"https:\\\/\\\/pellervo.fi\\\/wp-content\\\/uploads\\\/2020\\\/05\\\/Pellervo_logo.png\",\"contentUrl\":\"https:\\\/\\\/pellervo.fi\\\/wp-content\\\/uploads\\\/2020\\\/05\\\/Pellervo_logo.png\",\"width\":1335,\"height\":376,\"caption\":\"Osuustoimintakeskus Pellervo ry\"},\"image\":{\"@id\":\"https:\\\/\\\/pellervo.fi\\\/#\\\/schema\\\/logo\\\/image\\\/\"},\"sameAs\":[\"https:\\\/\\\/x.com\\\/PellervoFi\"]},{\"@type\":\"Person\",\"@id\":\"https:\\\/\\\/pellervo.fi\\\/#\\\/schema\\\/person\\\/4b74d40956937d1367ade81899997e71\",\"name\":\"pellervo\",\"image\":{\"@type\":\"ImageObject\",\"inLanguage\":\"sv-SE\",\"@id\":\"https:\\\/\\\/pellervo.fi\\\/wp-content\\\/uploads\\\/2013\\\/11\\\/pellervo_avatar_1384522134-96x96.jpg\",\"url\":\"https:\\\/\\\/pellervo.fi\\\/wp-content\\\/uploads\\\/2013\\\/11\\\/pellervo_avatar_1384522134-96x96.jpg\",\"contentUrl\":\"https:\\\/\\\/pellervo.fi\\\/wp-content\\\/uploads\\\/2013\\\/11\\\/pellervo_avatar_1384522134-96x96.jpg\",\"caption\":\"pellervo\"},\"description\":\"Kuvaus\",\"url\":\"https:\\\/\\\/pellervo.fi\\\/sv\\\/author\\\/pellervo\\\/\"}]}<\/script>\n<!-- \/ Yoast SEO plugin. -->","yoast_head_json":{"title":"Pellervon vuosikokous pidet\u00e4\u00e4n 30.9. Helsingiss\u00e4, p\u00e4\u00e4tteksi Pellervon P\u00e4iv\u00e4n Jatkot - Pellervo","robots":{"index":"index","follow":"follow","max-snippet":"max-snippet:-1","max-image-preview":"max-image-preview:large","max-video-preview":"max-video-preview:-1"},"canonical":"https:\/\/pellervo.fi\/en\/jarjesto\/2021\/04\/19\/pellervon-vuosikokous-pidetaan-30-9-helsingissa\/","og_locale":"sv_SE","og_type":"article","og_title":"Pellervon vuosikokous pidet\u00e4\u00e4n 30.9. Helsingiss\u00e4, p\u00e4\u00e4tteksi Pellervon P\u00e4iv\u00e4n Jatkot - Pellervo","og_description":"Osuustoimintakeskus Pellervo ry:n vuosikokous pidet\u00e4\u00e4n 30. syyskuuta Helsingiss\u00e4. Virallinen kokouskutsu l\u00e4hetet\u00e4\u00e4n my\u00f6hemmin. Kokous siirtyi jo toisena vuonna per\u00e4kk\u00e4in koronaepidemian vuoksi syksyyn. P\u00e4\u00e4t\u00f6s ajankohdasta odotti poikkeuslakia, joka teki yrityksille, osuuskunnille ja yrityksille mahdolliseksi lyk\u00e4t\u00e4 kokouksiaan tavanomaisesta ajankohdasta.","og_url":"https:\/\/pellervo.fi\/en\/jarjesto\/2021\/04\/19\/pellervon-vuosikokous-pidetaan-30-9-helsingissa\/","og_site_name":"Pellervo","article_published_time":"2021-04-19T14:55:39+00:00","article_modified_time":"2021-04-26T09:03:24+00:00","og_image":[{"width":640,"height":426,"url":"https:\/\/pellervo.fi\/wp-content\/uploads\/2018\/06\/kaikki-mukaan.jpg","type":"image\/jpeg"}],"author":"pellervo","twitter_card":"summary_large_image","twitter_creator":"@PellervoFi","twitter_site":"@PellervoFi","twitter_misc":{"Skriven av":"pellervo","Ber\u00e4knad l\u00e4stid":"1 minut"},"schema":{"@context":"https:\/\/schema.org","@graph":[{"@type":"Article","@id":"https:\/\/pellervo.fi\/en\/jarjesto\/2021\/04\/19\/pellervon-vuosikokous-pidetaan-30-9-helsingissa\/#article","isPartOf":{"@id":"https:\/\/pellervo.fi\/en\/jarjesto\/2021\/04\/19\/pellervon-vuosikokous-pidetaan-30-9-helsingissa\/"},"author":{"name":"pellervo","@id":"https:\/\/pellervo.fi\/#\/schema\/person\/4b74d40956937d1367ade81899997e71"},"headline":"Pellervon vuosikokous pidet\u00e4\u00e4n 30.9. Helsingiss\u00e4, p\u00e4\u00e4tteksi Pellervon P\u00e4iv\u00e4n Jatkot","datePublished":"2021-04-19T14:55:39+00:00","dateModified":"2021-04-26T09:03:24+00:00","mainEntityOfPage":{"@id":"https:\/\/pellervo.fi\/en\/jarjesto\/2021\/04\/19\/pellervon-vuosikokous-pidetaan-30-9-helsingissa\/"},"wordCount":109,"publisher":{"@id":"https:\/\/pellervo.fi\/#organization"},"image":{"@id":"https:\/\/pellervo.fi\/en\/jarjesto\/2021\/04\/19\/pellervon-vuosikokous-pidetaan-30-9-helsingissa\/#primaryimage"},"thumbnailUrl":"https:\/\/pellervo.fi\/wp-content\/uploads\/2018\/06\/kaikki-mukaan.jpg","keywords":["Koronaepidemia"],"articleSection":["J\u00e4rjest\u00f6","Tapahtuma"],"inLanguage":"sv-SE"},{"@type":"WebPage","@id":"https:\/\/pellervo.fi\/en\/jarjesto\/2021\/04\/19\/pellervon-vuosikokous-pidetaan-30-9-helsingissa\/","url":"https:\/\/pellervo.fi\/en\/jarjesto\/2021\/04\/19\/pellervon-vuosikokous-pidetaan-30-9-helsingissa\/","name":"Pellervon vuosikokous pidet\u00e4\u00e4n 30.9. Helsingiss\u00e4, p\u00e4\u00e4tteksi Pellervon P\u00e4iv\u00e4n Jatkot - Pellervo","isPartOf":{"@id":"https:\/\/pellervo.fi\/#website"},"primaryImageOfPage":{"@id":"https:\/\/pellervo.fi\/en\/jarjesto\/2021\/04\/19\/pellervon-vuosikokous-pidetaan-30-9-helsingissa\/#primaryimage"},"image":{"@id":"https:\/\/pellervo.fi\/en\/jarjesto\/2021\/04\/19\/pellervon-vuosikokous-pidetaan-30-9-helsingissa\/#primaryimage"},"thumbnailUrl":"https:\/\/pellervo.fi\/wp-content\/uploads\/2018\/06\/kaikki-mukaan.jpg","datePublished":"2021-04-19T14:55:39+00:00","dateModified":"2021-04-26T09:03:24+00:00","breadcrumb":{"@id":"https:\/\/pellervo.fi\/en\/jarjesto\/2021\/04\/19\/pellervon-vuosikokous-pidetaan-30-9-helsingissa\/#breadcrumb"},"inLanguage":"sv-SE","potentialAction":[{"@type":"ReadAction","target":["https:\/\/pellervo.fi\/en\/jarjesto\/2021\/04\/19\/pellervon-vuosikokous-pidetaan-30-9-helsingissa\/"]}]},{"@type":"ImageObject","inLanguage":"sv-SE","@id":"https:\/\/pellervo.fi\/en\/jarjesto\/2021\/04\/19\/pellervon-vuosikokous-pidetaan-30-9-helsingissa\/#primaryimage","url":"https:\/\/pellervo.fi\/wp-content\/uploads\/2018\/06\/kaikki-mukaan.jpg","contentUrl":"https:\/\/pellervo.fi\/wp-content\/uploads\/2018\/06\/kaikki-mukaan.jpg","width":640,"height":426},{"@type":"BreadcrumbList","@id":"https:\/\/pellervo.fi\/en\/jarjesto\/2021\/04\/19\/pellervon-vuosikokous-pidetaan-30-9-helsingissa\/#breadcrumb","itemListElement":[{"@type":"ListItem","position":1,"name":"Koti","item":"https:\/\/pellervo.fi\/sv\/"},{"@type":"ListItem","position":2,"name":"Pellervon vuosikokous pidet\u00e4\u00e4n 30.9. Helsingiss\u00e4, p\u00e4\u00e4tteksi Pellervon P\u00e4iv\u00e4n Jatkot"}]},{"@type":"WebSite","@id":"https:\/\/pellervo.fi\/#website","url":"https:\/\/pellervo.fi\/","name":"Pellervo","description":"Osuuskuntien keskusj\u00e4rjest\u00f6","publisher":{"@id":"https:\/\/pellervo.fi\/#organization"},"potentialAction":[{"@type":"SearchAction","target":{"@type":"EntryPoint","urlTemplate":"https:\/\/pellervo.fi\/?s={search_term_string}"},"query-input":{"@type":"PropertyValueSpecification","valueRequired":true,"valueName":"search_term_string"}}],"inLanguage":"sv-SE"},{"@type":"Organization","@id":"https:\/\/pellervo.fi\/#organization","name":"Osuustoimintakeskus Pellervo ry","url":"https:\/\/pellervo.fi\/","logo":{"@type":"ImageObject","inLanguage":"sv-SE","@id":"https:\/\/pellervo.fi\/#\/schema\/logo\/image\/","url":"https:\/\/pellervo.fi\/wp-content\/uploads\/2020\/05\/Pellervo_logo.png","contentUrl":"https:\/\/pellervo.fi\/wp-content\/uploads\/2020\/05\/Pellervo_logo.png","width":1335,"height":376,"caption":"Osuustoimintakeskus Pellervo ry"},"image":{"@id":"https:\/\/pellervo.fi\/#\/schema\/logo\/image\/"},"sameAs":["https:\/\/x.com\/PellervoFi"]},{"@type":"Person","@id":"https:\/\/pellervo.fi\/#\/schema\/person\/4b74d40956937d1367ade81899997e71","name":"pellervo","image":{"@type":"ImageObject","inLanguage":"sv-SE","@id":"https:\/\/pellervo.fi\/wp-content\/uploads\/2013\/11\/pellervo_avatar_1384522134-96x96.jpg","url":"https:\/\/pellervo.fi\/wp-content\/uploads\/2013\/11\/pellervo_avatar_1384522134-96x96.jpg","contentUrl":"https:\/\/pellervo.fi\/wp-content\/uploads\/2013\/11\/pellervo_avatar_1384522134-96x96.jpg","caption":"pellervo"},"description":"Kuvaus","url":"https:\/\/pellervo.fi\/sv\/author\/pellervo\/"}]}},"_links":{"self":[{"href":"https:\/\/pellervo.fi\/sv\/wp-json\/wp\/v2\/posts\/890637","targetHints":{"allow":["GET"]}}],"collection":[{"href":"https:\/\/pellervo.fi\/sv\/wp-json\/wp\/v2\/posts"}],"about":[{"href":"https:\/\/pellervo.fi\/sv\/wp-json\/wp\/v2\/types\/post"}],"author":[{"embeddable":true,"href":"https:\/\/pellervo.fi\/sv\/wp-json\/wp\/v2\/users\/5"}],"replies":[{"embeddable":true,"href":"https:\/\/pellervo.fi\/sv\/wp-json\/wp\/v2\/comments?post=890637"}],"version-history":[{"count":5,"href":"https:\/\/pellervo.fi\/sv\/wp-json\/wp\/v2\/posts\/890637\/revisions"}],"predecessor-version":[{"id":890698,"href":"https:\/\/pellervo.fi\/sv\/wp-json\/wp\/v2\/posts\/890637\/revisions\/890698"}],"wp:featuredmedia":[{"embeddable":true,"href":"https:\/\/pellervo.fi\/sv\/wp-json\/wp\/v2\/media\/884345"}],"wp:attachment":[{"href":"https:\/\/pellervo.fi\/sv\/wp-json\/wp\/v2\/media?parent=890637"}],"wp:term":[{"taxonomy":"category","embeddable":true,"href":"https:\/\/pellervo.fi\/sv\/wp-json\/wp\/v2\/categories?post=890637"},{"taxonomy":"post_tag","embeddable":true,"href":"https:\/\/pellervo.fi\/sv\/wp-json\/wp\/v2\/tags?post=890637"}],"curies":[{"name":"wp","href":"https:\/\/api.w.org\/{rel}","templated":true}]}}