{"id":890865,"date":"2021-05-10T16:21:31","date_gmt":"2021-05-10T13:21:31","guid":{"rendered":"https:\/\/pellervo.fi\/?p=890865"},"modified":"2021-05-10T16:23:55","modified_gmt":"2021-05-10T13:23:55","slug":"tem-yhteiskunnallisten-yritysten-tueksi-perustetaan-osaamiskeskus-tavoitteena-on-edistaa-osatyokykyisten-tyollistamista","status":"publish","type":"post","link":"https:\/\/pellervo.fi\/sv\/uutiset\/2021\/05\/10\/tem-yhteiskunnallisten-yritysten-tueksi-perustetaan-osaamiskeskus-tavoitteena-on-edistaa-osatyokykyisten-tyollistamista\/","title":{"rendered":"TEM: Yhteiskunnallisten yritysten tueksi perustetaan osaamiskeskus \u2013 tavoitteena on edist\u00e4\u00e4 osaty\u00f6kykyisten ty\u00f6llist\u00e4mist\u00e4"},"content":{"rendered":"\n<p><strong><span style=\"text-decoration: underline;\"><a href=\"https:\/\/tem.fi\/-\/yhteiskunnallisten-yritysten-tueksi-perustetaan-osaamiskeskus-tavoitteena-on-edistaa-osatyokykyisten-tyollistamista\" target=\"_blank\" rel=\"noopener\">Ty\u00f6- ja elinkeinoministeri\u00f6 tiedotti<\/a><\/span>, ett\u00e4 hallitus on puoliv\u00e4liriihess\u00e4\u00e4n p\u00e4\u00e4tt\u00e4nyt perustaa yhteiskunnallisten yritysten syntymist\u00e4 ja kasvua tukevan asiantuntijayksik\u00f6n. Verkostomaisesti toimiva osaamiskeskus rahoitetaan osin osaty\u00f6kykyisten ty\u00f6kykyohjelmasta ja osin EU:n sosiaalirahaston varoin. Tavoitteena on j\u00e4rjest\u00e4\u00e4 hankehaku siten, ett\u00e4 osaamiskeskus voisi k\u00e4ynnist\u00e4\u00e4 toimintansa lokakuussa 2021.<\/strong><\/p>\n<p>Perustettava valtakunnallinen asiantuntijayksikk\u00f6 on yhteiskunnallisten yritysten erityisasian-tuntemusta omaava osaamiskeskus, joka verkostoituu muiden toimijoiden kanssa edist\u00e4en ja tukien eri tavoin yhteiskunnallisten yritysten k\u00e4ynnistymist\u00e4 ja liiketoiminnan edellytyksi\u00e4 kaikissa yritystoiminnan vaiheissa. Keskuksen ohjaus ja seuranta ovat ty\u00f6- ja elinkeinoministeri\u00f6n vastuulla.<\/p>\n<p>TEM:n mukaan osaamiskeskuksen teht\u00e4v\u00e4n\u00e4 on mm. rakentaa yhteiskunnallisiin yrityksiin erikoistuneet valtakunnalliset neuvonta- ja ohjauspalvelut sek\u00e4 rakentaa toimenpiteit\u00e4, joiden avulla lis\u00e4t\u00e4\u00e4n liike-toimintamallin tunnettuutta yritys- ja ty\u00f6llisyyspalveluissa ty\u00f6skentelevien asiantuntijoiden keskuudessa sek\u00e4 oppilaitosten ja korkeakoulujen yritt\u00e4jyyskasvatuksessa. Se vahvistaa yrityshautomo- ja -kiihdytt\u00e4m\u00f6toimintaa. Tavoitteena on my\u00f6s edist\u00e4\u00e4 julkisten hankintojen vaikuttavuusperusteisuutta, sosiaalisten kriteereiden k\u00e4ytt\u00f6\u00e4 ja innovatiivisia menettelyj\u00e4 sek\u00e4 arvioida uusien rahoitusmallien tarve ja laajentamismahdollisuudet.<\/p>\n<p>\u201dOsuustoimintakeskus Pellervon ja osuustoiminnan kannalta hallituksen kaavailemissa yhteiskunnallisen yritystoiminnan edist\u00e4misess\u00e4 on se suuri ja t\u00e4rke\u00e4 asia, ett\u00e4 Suomessa tunnistetaan osuustoimintamallin olevan yhteiskunnallisen yritystoiminnan alkuper\u00e4inen muoto ja oleellinen osa. On toki muitakin hyvi\u00e4 toimintamuotoja. Osuuskuntamalli on tulevaisuuden rakentamisty\u00f6ss\u00e4 nyt joka tapauksessa mukana. Olemme kiitollisia siit\u00e4 sivistyneest\u00e4 n\u00e4kemyksest\u00e4, joka on t\u00e4m\u00e4n valmistelun takana. Tulevaisuus ratkaisee, miten yhteiskunnallisen yritystoiminnan asiantuntijaty\u00f6n toiminnat jatkossa yksityiskohtaisesti organisoituvat, mutta l\u00e4ht\u00f6kohdat ovat hyv\u00e4t tulevaisuuden rakentamiseen&#8221;, kertoo hanketta valmistelevassa ty\u00f6ryhm\u00e4ss\u00e4\u00a0mukana ollut Osuustoimintakeskus Pellervon toimitusjohtaja <strong>Sami Karhu<\/strong>.<\/p>\n<h2>Lue lis\u00e4\u00e4:<\/h2>\n<p>TEMatiikkaa-blogi: Yhteiskunnalliset yritykset \u2013 miksi juuri nyt? <a href=\"https:\/\/tem.fi\/blogi\/-\/blogs\/yhteiskunnalliset-yritykset-miksi-juuri-nyt-\">https:\/\/tem.fi\/blogi\/-\/blogs\/yhteiskunnalliset-yritykset-miksi-juuri-nyt-<\/a><\/p>\n","protected":false},"excerpt":{"rendered":"","protected":false},"author":5,"featured_media":890861,"comment_status":"closed","ping_status":"closed","sticky":false,"template":"","format":"standard","meta":{"inline_featured_image":false,"_monsterinsights_skip_tracking":false,"_monsterinsights_sitenote_active":false,"_monsterinsights_sitenote_note":"","_monsterinsights_sitenote_category":0,"site-sidebar-layout":"default","site-content-layout":"default","ast-site-content-layout":"default","site-content-style":"default","site-sidebar-style":"default","ast-global-header-display":"","ast-banner-title-visibility":"","ast-main-header-display":"","ast-hfb-above-header-display":"","ast-hfb-below-header-display":"","ast-hfb-mobile-header-display":"","site-post-title":"","ast-breadcrumbs-content":"","ast-featured-img":"","footer-sml-layout":"","ast-disable-related-posts":"","theme-transparent-header-meta":"default","adv-header-id-meta":"","stick-header-meta":"","header-above-stick-meta":"","header-main-stick-meta":"","header-below-stick-meta":"","astra-migrate-meta-layouts":"default","ast-page-background-enabled":"default","ast-page-background-meta":{"desktop":{"background-color":"","background-image":"","background-repeat":"repeat","background-position":"center center","background-size":"auto","background-attachment":"scroll","background-type":"","background-media":"","overlay-type":"","overlay-color":"","overlay-opacity":"","overlay-gradient":""},"tablet":{"background-color":"","background-image":"","background-repeat":"repeat","background-position":"center center","background-size":"auto","background-attachment":"scroll","background-type":"","background-media":"","overlay-type":"","overlay-color":"","overlay-opacity":"","overlay-gradient":""},"mobile":{"background-color":"","background-image":"","background-repeat":"repeat","background-position":"center center","background-size":"auto","background-attachment":"scroll","background-type":"","background-media":"","overlay-type":"","overlay-color":"","overlay-opacity":"","overlay-gradient":""}},"ast-content-background-meta":{"desktop":{"background-color":"var(--ast-global-color-5)","background-image":"","background-repeat":"repeat","background-position":"center center","background-size":"auto","background-attachment":"scroll","background-type":"","background-media":"","overlay-type":"","overlay-color":"","overlay-opacity":"","overlay-gradient":""},"tablet":{"background-color":"var(--ast-global-color-5)","background-image":"","background-repeat":"repeat","background-position":"center center","background-size":"auto","background-attachment":"scroll","background-type":"","background-media":"","overlay-type":"","overlay-color":"","overlay-opacity":"","overlay-gradient":""},"mobile":{"background-color":"var(--ast-global-color-5)","background-image":"","background-repeat":"repeat","background-position":"center center","background-size":"auto","background-attachment":"scroll","background-type":"","background-media":"","overlay-type":"","overlay-color":"","overlay-opacity":"","overlay-gradient":""}},"_FSMCFIC_featured_image_caption":"","_FSMCFIC_featured_image_nocaption":"","_FSMCFIC_featured_image_hide":"","footnotes":""},"categories":[22],"tags":[],"class_list":["post-890865","post","type-post","status-publish","format-standard","has-post-thumbnail","hentry","category-uutiset"],"yoast_head":"<!-- This site is optimized with the Yoast SEO plugin v27.5 - https:\/\/yoast.com\/product\/yoast-seo-wordpress\/ -->\n<title>TEM: Yhteiskunnallisten yritysten tueksi perustetaan osaamiskeskus \u2013 tavoitteena on edist\u00e4\u00e4 osaty\u00f6kykyisten ty\u00f6llist\u00e4mist\u00e4 - Pellervo<\/title>\n<meta name=\"robots\" content=\"index, follow, max-snippet:-1, max-image-preview:large, max-video-preview:-1\" \/>\n<link rel=\"canonical\" href=\"https:\/\/pellervo.fi\/sv\/uutiset\/2021\/05\/10\/tem-yhteiskunnallisten-yritysten-tueksi-perustetaan-osaamiskeskus-tavoitteena-on-edistaa-osatyokykyisten-tyollistamista\/\" \/>\n<meta property=\"og:locale\" content=\"sv_SE\" \/>\n<meta property=\"og:type\" content=\"article\" \/>\n<meta property=\"og:title\" content=\"TEM: Yhteiskunnallisten yritysten tueksi perustetaan osaamiskeskus \u2013 tavoitteena on edist\u00e4\u00e4 osaty\u00f6kykyisten ty\u00f6llist\u00e4mist\u00e4 - Pellervo\" \/>\n<meta property=\"og:url\" content=\"https:\/\/pellervo.fi\/sv\/uutiset\/2021\/05\/10\/tem-yhteiskunnallisten-yritysten-tueksi-perustetaan-osaamiskeskus-tavoitteena-on-edistaa-osatyokykyisten-tyollistamista\/\" \/>\n<meta property=\"og:site_name\" content=\"Pellervo\" \/>\n<meta property=\"article:published_time\" content=\"2021-05-10T13:21:31+00:00\" \/>\n<meta property=\"article:modified_time\" content=\"2021-05-10T13:23:55+00:00\" \/>\n<meta property=\"og:image\" content=\"https:\/\/pellervo.fi\/wp-content\/uploads\/2021\/05\/tem.jpg\" \/>\n\t<meta property=\"og:image:width\" content=\"850\" \/>\n\t<meta property=\"og:image:height\" content=\"567\" \/>\n\t<meta property=\"og:image:type\" content=\"image\/jpeg\" \/>\n<meta name=\"author\" content=\"pellervo\" \/>\n<meta name=\"twitter:card\" content=\"summary_large_image\" \/>\n<meta name=\"twitter:creator\" content=\"@PellervoFi\" \/>\n<meta name=\"twitter:site\" content=\"@PellervoFi\" \/>\n<meta name=\"twitter:label1\" content=\"Skriven av\" \/>\n\t<meta name=\"twitter:data1\" content=\"pellervo\" \/>\n\t<meta name=\"twitter:label2\" content=\"Ber\u00e4knad l\u00e4stid\" \/>\n\t<meta name=\"twitter:data2\" content=\"1 minut\" \/>\n<script type=\"application\/ld+json\" class=\"yoast-schema-graph\">{\"@context\":\"https:\\\/\\\/schema.org\",\"@graph\":[{\"@type\":\"Article\",\"@id\":\"https:\\\/\\\/pellervo.fi\\\/sv\\\/uutiset\\\/2021\\\/05\\\/10\\\/tem-yhteiskunnallisten-yritysten-tueksi-perustetaan-osaamiskeskus-tavoitteena-on-edistaa-osatyokykyisten-tyollistamista\\\/#article\",\"isPartOf\":{\"@id\":\"https:\\\/\\\/pellervo.fi\\\/sv\\\/uutiset\\\/2021\\\/05\\\/10\\\/tem-yhteiskunnallisten-yritysten-tueksi-perustetaan-osaamiskeskus-tavoitteena-on-edistaa-osatyokykyisten-tyollistamista\\\/\"},\"author\":{\"name\":\"pellervo\",\"@id\":\"https:\\\/\\\/pellervo.fi\\\/#\\\/schema\\\/person\\\/4b74d40956937d1367ade81899997e71\"},\"headline\":\"TEM: Yhteiskunnallisten yritysten tueksi perustetaan osaamiskeskus \u2013 tavoitteena on edist\u00e4\u00e4 osaty\u00f6kykyisten ty\u00f6llist\u00e4mist\u00e4\",\"datePublished\":\"2021-05-10T13:21:31+00:00\",\"dateModified\":\"2021-05-10T13:23:55+00:00\",\"mainEntityOfPage\":{\"@id\":\"https:\\\/\\\/pellervo.fi\\\/sv\\\/uutiset\\\/2021\\\/05\\\/10\\\/tem-yhteiskunnallisten-yritysten-tueksi-perustetaan-osaamiskeskus-tavoitteena-on-edistaa-osatyokykyisten-tyollistamista\\\/\"},\"wordCount\":282,\"publisher\":{\"@id\":\"https:\\\/\\\/pellervo.fi\\\/#organization\"},\"image\":{\"@id\":\"https:\\\/\\\/pellervo.fi\\\/sv\\\/uutiset\\\/2021\\\/05\\\/10\\\/tem-yhteiskunnallisten-yritysten-tueksi-perustetaan-osaamiskeskus-tavoitteena-on-edistaa-osatyokykyisten-tyollistamista\\\/#primaryimage\"},\"thumbnailUrl\":\"https:\\\/\\\/pellervo.fi\\\/wp-content\\\/uploads\\\/2021\\\/05\\\/tem.jpg\",\"articleSection\":[\"Uutiset\"],\"inLanguage\":\"sv-SE\"},{\"@type\":\"WebPage\",\"@id\":\"https:\\\/\\\/pellervo.fi\\\/sv\\\/uutiset\\\/2021\\\/05\\\/10\\\/tem-yhteiskunnallisten-yritysten-tueksi-perustetaan-osaamiskeskus-tavoitteena-on-edistaa-osatyokykyisten-tyollistamista\\\/\",\"url\":\"https:\\\/\\\/pellervo.fi\\\/sv\\\/uutiset\\\/2021\\\/05\\\/10\\\/tem-yhteiskunnallisten-yritysten-tueksi-perustetaan-osaamiskeskus-tavoitteena-on-edistaa-osatyokykyisten-tyollistamista\\\/\",\"name\":\"TEM: Yhteiskunnallisten yritysten tueksi perustetaan osaamiskeskus \u2013 tavoitteena on edist\u00e4\u00e4 osaty\u00f6kykyisten ty\u00f6llist\u00e4mist\u00e4 - Pellervo\",\"isPartOf\":{\"@id\":\"https:\\\/\\\/pellervo.fi\\\/#website\"},\"primaryImageOfPage\":{\"@id\":\"https:\\\/\\\/pellervo.fi\\\/sv\\\/uutiset\\\/2021\\\/05\\\/10\\\/tem-yhteiskunnallisten-yritysten-tueksi-perustetaan-osaamiskeskus-tavoitteena-on-edistaa-osatyokykyisten-tyollistamista\\\/#primaryimage\"},\"image\":{\"@id\":\"https:\\\/\\\/pellervo.fi\\\/sv\\\/uutiset\\\/2021\\\/05\\\/10\\\/tem-yhteiskunnallisten-yritysten-tueksi-perustetaan-osaamiskeskus-tavoitteena-on-edistaa-osatyokykyisten-tyollistamista\\\/#primaryimage\"},\"thumbnailUrl\":\"https:\\\/\\\/pellervo.fi\\\/wp-content\\\/uploads\\\/2021\\\/05\\\/tem.jpg\",\"datePublished\":\"2021-05-10T13:21:31+00:00\",\"dateModified\":\"2021-05-10T13:23:55+00:00\",\"breadcrumb\":{\"@id\":\"https:\\\/\\\/pellervo.fi\\\/sv\\\/uutiset\\\/2021\\\/05\\\/10\\\/tem-yhteiskunnallisten-yritysten-tueksi-perustetaan-osaamiskeskus-tavoitteena-on-edistaa-osatyokykyisten-tyollistamista\\\/#breadcrumb\"},\"inLanguage\":\"sv-SE\",\"potentialAction\":[{\"@type\":\"ReadAction\",\"target\":[\"https:\\\/\\\/pellervo.fi\\\/sv\\\/uutiset\\\/2021\\\/05\\\/10\\\/tem-yhteiskunnallisten-yritysten-tueksi-perustetaan-osaamiskeskus-tavoitteena-on-edistaa-osatyokykyisten-tyollistamista\\\/\"]}]},{\"@type\":\"ImageObject\",\"inLanguage\":\"sv-SE\",\"@id\":\"https:\\\/\\\/pellervo.fi\\\/sv\\\/uutiset\\\/2021\\\/05\\\/10\\\/tem-yhteiskunnallisten-yritysten-tueksi-perustetaan-osaamiskeskus-tavoitteena-on-edistaa-osatyokykyisten-tyollistamista\\\/#primaryimage\",\"url\":\"https:\\\/\\\/pellervo.fi\\\/wp-content\\\/uploads\\\/2021\\\/05\\\/tem.jpg\",\"contentUrl\":\"https:\\\/\\\/pellervo.fi\\\/wp-content\\\/uploads\\\/2021\\\/05\\\/tem.jpg\",\"width\":850,\"height\":567},{\"@type\":\"BreadcrumbList\",\"@id\":\"https:\\\/\\\/pellervo.fi\\\/sv\\\/uutiset\\\/2021\\\/05\\\/10\\\/tem-yhteiskunnallisten-yritysten-tueksi-perustetaan-osaamiskeskus-tavoitteena-on-edistaa-osatyokykyisten-tyollistamista\\\/#breadcrumb\",\"itemListElement\":[{\"@type\":\"ListItem\",\"position\":1,\"name\":\"Koti\",\"item\":\"https:\\\/\\\/pellervo.fi\\\/sv\\\/\"},{\"@type\":\"ListItem\",\"position\":2,\"name\":\"TEM: Yhteiskunnallisten yritysten tueksi perustetaan osaamiskeskus \u2013 tavoitteena on edist\u00e4\u00e4 osaty\u00f6kykyisten ty\u00f6llist\u00e4mist\u00e4\"}]},{\"@type\":\"WebSite\",\"@id\":\"https:\\\/\\\/pellervo.fi\\\/#website\",\"url\":\"https:\\\/\\\/pellervo.fi\\\/\",\"name\":\"Pellervo\",\"description\":\"Osuuskuntien keskusj\u00e4rjest\u00f6\",\"publisher\":{\"@id\":\"https:\\\/\\\/pellervo.fi\\\/#organization\"},\"potentialAction\":[{\"@type\":\"SearchAction\",\"target\":{\"@type\":\"EntryPoint\",\"urlTemplate\":\"https:\\\/\\\/pellervo.fi\\\/?s={search_term_string}\"},\"query-input\":{\"@type\":\"PropertyValueSpecification\",\"valueRequired\":true,\"valueName\":\"search_term_string\"}}],\"inLanguage\":\"sv-SE\"},{\"@type\":\"Organization\",\"@id\":\"https:\\\/\\\/pellervo.fi\\\/#organization\",\"name\":\"Osuustoimintakeskus Pellervo ry\",\"url\":\"https:\\\/\\\/pellervo.fi\\\/\",\"logo\":{\"@type\":\"ImageObject\",\"inLanguage\":\"sv-SE\",\"@id\":\"https:\\\/\\\/pellervo.fi\\\/#\\\/schema\\\/logo\\\/image\\\/\",\"url\":\"https:\\\/\\\/pellervo.fi\\\/wp-content\\\/uploads\\\/2020\\\/05\\\/Pellervo_logo.png\",\"contentUrl\":\"https:\\\/\\\/pellervo.fi\\\/wp-content\\\/uploads\\\/2020\\\/05\\\/Pellervo_logo.png\",\"width\":1335,\"height\":376,\"caption\":\"Osuustoimintakeskus Pellervo ry\"},\"image\":{\"@id\":\"https:\\\/\\\/pellervo.fi\\\/#\\\/schema\\\/logo\\\/image\\\/\"},\"sameAs\":[\"https:\\\/\\\/x.com\\\/PellervoFi\"]},{\"@type\":\"Person\",\"@id\":\"https:\\\/\\\/pellervo.fi\\\/#\\\/schema\\\/person\\\/4b74d40956937d1367ade81899997e71\",\"name\":\"pellervo\",\"image\":{\"@type\":\"ImageObject\",\"inLanguage\":\"sv-SE\",\"@id\":\"https:\\\/\\\/pellervo.fi\\\/wp-content\\\/uploads\\\/2013\\\/11\\\/pellervo_avatar_1384522134-96x96.jpg\",\"url\":\"https:\\\/\\\/pellervo.fi\\\/wp-content\\\/uploads\\\/2013\\\/11\\\/pellervo_avatar_1384522134-96x96.jpg\",\"contentUrl\":\"https:\\\/\\\/pellervo.fi\\\/wp-content\\\/uploads\\\/2013\\\/11\\\/pellervo_avatar_1384522134-96x96.jpg\",\"caption\":\"pellervo\"},\"description\":\"Kuvaus\",\"url\":\"https:\\\/\\\/pellervo.fi\\\/sv\\\/author\\\/pellervo\\\/\"}]}<\/script>\n<!-- \/ Yoast SEO plugin. -->","yoast_head_json":{"title":"TEM: Yhteiskunnallisten yritysten tueksi perustetaan osaamiskeskus \u2013 tavoitteena on edist\u00e4\u00e4 osaty\u00f6kykyisten ty\u00f6llist\u00e4mist\u00e4 - Pellervo","robots":{"index":"index","follow":"follow","max-snippet":"max-snippet:-1","max-image-preview":"max-image-preview:large","max-video-preview":"max-video-preview:-1"},"canonical":"https:\/\/pellervo.fi\/sv\/uutiset\/2021\/05\/10\/tem-yhteiskunnallisten-yritysten-tueksi-perustetaan-osaamiskeskus-tavoitteena-on-edistaa-osatyokykyisten-tyollistamista\/","og_locale":"sv_SE","og_type":"article","og_title":"TEM: Yhteiskunnallisten yritysten tueksi perustetaan osaamiskeskus \u2013 tavoitteena on edist\u00e4\u00e4 osaty\u00f6kykyisten ty\u00f6llist\u00e4mist\u00e4 - Pellervo","og_url":"https:\/\/pellervo.fi\/sv\/uutiset\/2021\/05\/10\/tem-yhteiskunnallisten-yritysten-tueksi-perustetaan-osaamiskeskus-tavoitteena-on-edistaa-osatyokykyisten-tyollistamista\/","og_site_name":"Pellervo","article_published_time":"2021-05-10T13:21:31+00:00","article_modified_time":"2021-05-10T13:23:55+00:00","og_image":[{"width":850,"height":567,"url":"https:\/\/pellervo.fi\/wp-content\/uploads\/2021\/05\/tem.jpg","type":"image\/jpeg"}],"author":"pellervo","twitter_card":"summary_large_image","twitter_creator":"@PellervoFi","twitter_site":"@PellervoFi","twitter_misc":{"Skriven av":"pellervo","Ber\u00e4knad l\u00e4stid":"1 minut"},"schema":{"@context":"https:\/\/schema.org","@graph":[{"@type":"Article","@id":"https:\/\/pellervo.fi\/sv\/uutiset\/2021\/05\/10\/tem-yhteiskunnallisten-yritysten-tueksi-perustetaan-osaamiskeskus-tavoitteena-on-edistaa-osatyokykyisten-tyollistamista\/#article","isPartOf":{"@id":"https:\/\/pellervo.fi\/sv\/uutiset\/2021\/05\/10\/tem-yhteiskunnallisten-yritysten-tueksi-perustetaan-osaamiskeskus-tavoitteena-on-edistaa-osatyokykyisten-tyollistamista\/"},"author":{"name":"pellervo","@id":"https:\/\/pellervo.fi\/#\/schema\/person\/4b74d40956937d1367ade81899997e71"},"headline":"TEM: Yhteiskunnallisten yritysten tueksi perustetaan osaamiskeskus \u2013 tavoitteena on edist\u00e4\u00e4 osaty\u00f6kykyisten ty\u00f6llist\u00e4mist\u00e4","datePublished":"2021-05-10T13:21:31+00:00","dateModified":"2021-05-10T13:23:55+00:00","mainEntityOfPage":{"@id":"https:\/\/pellervo.fi\/sv\/uutiset\/2021\/05\/10\/tem-yhteiskunnallisten-yritysten-tueksi-perustetaan-osaamiskeskus-tavoitteena-on-edistaa-osatyokykyisten-tyollistamista\/"},"wordCount":282,"publisher":{"@id":"https:\/\/pellervo.fi\/#organization"},"image":{"@id":"https:\/\/pellervo.fi\/sv\/uutiset\/2021\/05\/10\/tem-yhteiskunnallisten-yritysten-tueksi-perustetaan-osaamiskeskus-tavoitteena-on-edistaa-osatyokykyisten-tyollistamista\/#primaryimage"},"thumbnailUrl":"https:\/\/pellervo.fi\/wp-content\/uploads\/2021\/05\/tem.jpg","articleSection":["Uutiset"],"inLanguage":"sv-SE"},{"@type":"WebPage","@id":"https:\/\/pellervo.fi\/sv\/uutiset\/2021\/05\/10\/tem-yhteiskunnallisten-yritysten-tueksi-perustetaan-osaamiskeskus-tavoitteena-on-edistaa-osatyokykyisten-tyollistamista\/","url":"https:\/\/pellervo.fi\/sv\/uutiset\/2021\/05\/10\/tem-yhteiskunnallisten-yritysten-tueksi-perustetaan-osaamiskeskus-tavoitteena-on-edistaa-osatyokykyisten-tyollistamista\/","name":"TEM: Yhteiskunnallisten yritysten tueksi perustetaan osaamiskeskus \u2013 tavoitteena on edist\u00e4\u00e4 osaty\u00f6kykyisten ty\u00f6llist\u00e4mist\u00e4 - Pellervo","isPartOf":{"@id":"https:\/\/pellervo.fi\/#website"},"primaryImageOfPage":{"@id":"https:\/\/pellervo.fi\/sv\/uutiset\/2021\/05\/10\/tem-yhteiskunnallisten-yritysten-tueksi-perustetaan-osaamiskeskus-tavoitteena-on-edistaa-osatyokykyisten-tyollistamista\/#primaryimage"},"image":{"@id":"https:\/\/pellervo.fi\/sv\/uutiset\/2021\/05\/10\/tem-yhteiskunnallisten-yritysten-tueksi-perustetaan-osaamiskeskus-tavoitteena-on-edistaa-osatyokykyisten-tyollistamista\/#primaryimage"},"thumbnailUrl":"https:\/\/pellervo.fi\/wp-content\/uploads\/2021\/05\/tem.jpg","datePublished":"2021-05-10T13:21:31+00:00","dateModified":"2021-05-10T13:23:55+00:00","breadcrumb":{"@id":"https:\/\/pellervo.fi\/sv\/uutiset\/2021\/05\/10\/tem-yhteiskunnallisten-yritysten-tueksi-perustetaan-osaamiskeskus-tavoitteena-on-edistaa-osatyokykyisten-tyollistamista\/#breadcrumb"},"inLanguage":"sv-SE","potentialAction":[{"@type":"ReadAction","target":["https:\/\/pellervo.fi\/sv\/uutiset\/2021\/05\/10\/tem-yhteiskunnallisten-yritysten-tueksi-perustetaan-osaamiskeskus-tavoitteena-on-edistaa-osatyokykyisten-tyollistamista\/"]}]},{"@type":"ImageObject","inLanguage":"sv-SE","@id":"https:\/\/pellervo.fi\/sv\/uutiset\/2021\/05\/10\/tem-yhteiskunnallisten-yritysten-tueksi-perustetaan-osaamiskeskus-tavoitteena-on-edistaa-osatyokykyisten-tyollistamista\/#primaryimage","url":"https:\/\/pellervo.fi\/wp-content\/uploads\/2021\/05\/tem.jpg","contentUrl":"https:\/\/pellervo.fi\/wp-content\/uploads\/2021\/05\/tem.jpg","width":850,"height":567},{"@type":"BreadcrumbList","@id":"https:\/\/pellervo.fi\/sv\/uutiset\/2021\/05\/10\/tem-yhteiskunnallisten-yritysten-tueksi-perustetaan-osaamiskeskus-tavoitteena-on-edistaa-osatyokykyisten-tyollistamista\/#breadcrumb","itemListElement":[{"@type":"ListItem","position":1,"name":"Koti","item":"https:\/\/pellervo.fi\/sv\/"},{"@type":"ListItem","position":2,"name":"TEM: Yhteiskunnallisten yritysten tueksi perustetaan osaamiskeskus \u2013 tavoitteena on edist\u00e4\u00e4 osaty\u00f6kykyisten ty\u00f6llist\u00e4mist\u00e4"}]},{"@type":"WebSite","@id":"https:\/\/pellervo.fi\/#website","url":"https:\/\/pellervo.fi\/","name":"Pellervo","description":"Osuuskuntien keskusj\u00e4rjest\u00f6","publisher":{"@id":"https:\/\/pellervo.fi\/#organization"},"potentialAction":[{"@type":"SearchAction","target":{"@type":"EntryPoint","urlTemplate":"https:\/\/pellervo.fi\/?s={search_term_string}"},"query-input":{"@type":"PropertyValueSpecification","valueRequired":true,"valueName":"search_term_string"}}],"inLanguage":"sv-SE"},{"@type":"Organization","@id":"https:\/\/pellervo.fi\/#organization","name":"Osuustoimintakeskus Pellervo ry","url":"https:\/\/pellervo.fi\/","logo":{"@type":"ImageObject","inLanguage":"sv-SE","@id":"https:\/\/pellervo.fi\/#\/schema\/logo\/image\/","url":"https:\/\/pellervo.fi\/wp-content\/uploads\/2020\/05\/Pellervo_logo.png","contentUrl":"https:\/\/pellervo.fi\/wp-content\/uploads\/2020\/05\/Pellervo_logo.png","width":1335,"height":376,"caption":"Osuustoimintakeskus Pellervo ry"},"image":{"@id":"https:\/\/pellervo.fi\/#\/schema\/logo\/image\/"},"sameAs":["https:\/\/x.com\/PellervoFi"]},{"@type":"Person","@id":"https:\/\/pellervo.fi\/#\/schema\/person\/4b74d40956937d1367ade81899997e71","name":"pellervo","image":{"@type":"ImageObject","inLanguage":"sv-SE","@id":"https:\/\/pellervo.fi\/wp-content\/uploads\/2013\/11\/pellervo_avatar_1384522134-96x96.jpg","url":"https:\/\/pellervo.fi\/wp-content\/uploads\/2013\/11\/pellervo_avatar_1384522134-96x96.jpg","contentUrl":"https:\/\/pellervo.fi\/wp-content\/uploads\/2013\/11\/pellervo_avatar_1384522134-96x96.jpg","caption":"pellervo"},"description":"Kuvaus","url":"https:\/\/pellervo.fi\/sv\/author\/pellervo\/"}]}},"_links":{"self":[{"href":"https:\/\/pellervo.fi\/sv\/wp-json\/wp\/v2\/posts\/890865","targetHints":{"allow":["GET"]}}],"collection":[{"href":"https:\/\/pellervo.fi\/sv\/wp-json\/wp\/v2\/posts"}],"about":[{"href":"https:\/\/pellervo.fi\/sv\/wp-json\/wp\/v2\/types\/post"}],"author":[{"embeddable":true,"href":"https:\/\/pellervo.fi\/sv\/wp-json\/wp\/v2\/users\/5"}],"replies":[{"embeddable":true,"href":"https:\/\/pellervo.fi\/sv\/wp-json\/wp\/v2\/comments?post=890865"}],"version-history":[{"count":5,"href":"https:\/\/pellervo.fi\/sv\/wp-json\/wp\/v2\/posts\/890865\/revisions"}],"predecessor-version":[{"id":891183,"href":"https:\/\/pellervo.fi\/sv\/wp-json\/wp\/v2\/posts\/890865\/revisions\/891183"}],"wp:featuredmedia":[{"embeddable":true,"href":"https:\/\/pellervo.fi\/sv\/wp-json\/wp\/v2\/media\/890861"}],"wp:attachment":[{"href":"https:\/\/pellervo.fi\/sv\/wp-json\/wp\/v2\/media?parent=890865"}],"wp:term":[{"taxonomy":"category","embeddable":true,"href":"https:\/\/pellervo.fi\/sv\/wp-json\/wp\/v2\/categories?post=890865"},{"taxonomy":"post_tag","embeddable":true,"href":"https:\/\/pellervo.fi\/sv\/wp-json\/wp\/v2\/tags?post=890865"}],"curies":[{"name":"wp","href":"https:\/\/api.w.org\/{rel}","templated":true}]}}