{"id":891217,"date":"2021-06-01T10:07:55","date_gmt":"2021-06-01T07:07:55","guid":{"rendered":"https:\/\/pellervo.fi\/?p=891217"},"modified":"2021-06-02T10:54:24","modified_gmt":"2021-06-02T07:54:24","slug":"uusi-tekijoita-pellervo-mediassa","status":"publish","type":"post","link":"https:\/\/pellervo.fi\/sv\/jarjesto\/2021\/06\/01\/uusi-tekijoita-pellervo-mediassa\/","title":{"rendered":"Anne Penttil\u00e4 ja Heli Nokkala aloittivat Pellervo-Mediassa"},"content":{"rendered":"\n<p><strong>Pellervo-Media on vahvistunut kahdella uudella tekij\u00e4ll\u00e4: Anne Penttil\u00e4 aloitti 1.3.2021 Maatilan Pellervon ja sen El\u00e4in-liitteen kehitt\u00e4v\u00e4n\u00e4 tuottajana ja toimii teht\u00e4v\u00e4ss\u00e4 vuoden loppuun saakka. Heli Nokkala aloitti samassa tiimiss\u00e4 graafisena suunnittelijana 20.5. Nokkala seuraa teht\u00e4v\u00e4ss\u00e4\u00e4n pian el\u00e4kkeelle siirtyv\u00e4\u00e4 Kaija Rinkist\u00e4.<\/strong><\/p>\n<p>Penttil\u00e4 on pitk\u00e4n linjan mediantekij\u00e4, joka on aikaisemmin ty\u00f6skennellyt muun muassa tuottajana Otavamedia OMAssa.<\/p>\n<p>\u201dPerinteikk\u00e4\u00e4n ammattilehden kehitt\u00e4minen yhdess\u00e4 muun toimituksen kanssa on todella mielenkiintoista ja inspiroivaa. Nyt innostaa erityisesti, kun konseptity\u00f6 alkaa v\u00e4hitellen realisoitua uusiksi lehdiksi.\u201d<\/p>\n<p>Nokkala on toiminut graafisena suunnittelijana ja AD:na niin ik\u00e4\u00e4n Otavamedia OMAssa.<\/p>\n<p>\u201dOn todella hienoa p\u00e4\u00e4st\u00e4 osaksi perinteik\u00e4st\u00e4 Pellervoa ja Pellervo-Mediaa. Odotan innolla, ett\u00e4 saan tuoda osaamistani ja uusia n\u00e4kymyksi\u00e4 graafisena suunnittelijana tiimiin ja lehtiperheeseen.\u201d<\/p>\n<p>Maatilan Pellervossa ja El\u00e4in-liitteess\u00e4 on k\u00e4ynnistynyt t\u00e4n\u00e4 kev\u00e4\u00e4n\u00e4 iso konseptiuudistus, jossa uusilla tekij\u00f6ill\u00e4 on iso rooli.<\/p>\n<p>Luvassa on paljon uutta. \u201dLukijoiden toiveista uudistuneissa lehdiss\u00e4 painottuvat jatkossa aiempaa enemm\u00e4n talous- ja johtamissis\u00e4ll\u00f6t. Lehdiss\u00e4 pyrit\u00e4\u00e4n my\u00f6s aiempaa lukijayst\u00e4v\u00e4llisemp\u00e4\u00e4n ulkoasuun\u201d, kertoo lehti\u00e4 luotsaava toimitusp\u00e4\u00e4llikk\u00f6 <strong>Sari J\u00e4rvinen<\/strong>.<\/p>\n<p>Paljosta tutustakin pidet\u00e4\u00e4n kiinni. \u201dKeskitymme jatkossakin tarjoamaan maatalousyritt\u00e4jille ty\u00f6kaluja yritystoiminnan kehitt\u00e4miseen \u2013 hy\u00f6ty, asiantuntevuus ja yritt\u00e4jien oma \u00e4\u00e4ni sek\u00e4 kokemukset edell\u00e4\u201d, jatkaa Pellervo-Median lehtiperheen vastaava p\u00e4\u00e4toimittaja <strong>Anna Malk<\/strong>.<\/p>\n<p>Ensimm\u00e4iset t\u00e4ysin uudistuneet numerot ilmestyv\u00e4t syyskuussa.<\/p>\n<p><em>Pellervo-Media Oy on Osuustoimintakeskus Pellervon omistama yhti\u00f6.. Pellervo-Median julkaisemia lehti\u00e4 Maatilan Pellervon ja El\u00e4in-liitteen lis\u00e4ksi ovat Kodin Pellervo, Oma PIHA sek\u00e4 Osuustoiminta-lehti.<\/em><\/p>\n<p>\u00a0<\/p>\n","protected":false},"excerpt":{"rendered":"","protected":false},"author":42,"featured_media":891227,"comment_status":"closed","ping_status":"closed","sticky":false,"template":"","format":"standard","meta":{"inline_featured_image":false,"_monsterinsights_skip_tracking":false,"_monsterinsights_sitenote_active":false,"_monsterinsights_sitenote_note":"","_monsterinsights_sitenote_category":0,"site-sidebar-layout":"default","site-content-layout":"default","ast-site-content-layout":"default","site-content-style":"default","site-sidebar-style":"default","ast-global-header-display":"","ast-banner-title-visibility":"","ast-main-header-display":"","ast-hfb-above-header-display":"","ast-hfb-below-header-display":"","ast-hfb-mobile-header-display":"","site-post-title":"","ast-breadcrumbs-content":"","ast-featured-img":"","footer-sml-layout":"","ast-disable-related-posts":"","theme-transparent-header-meta":"default","adv-header-id-meta":"","stick-header-meta":"","header-above-stick-meta":"","header-main-stick-meta":"","header-below-stick-meta":"","astra-migrate-meta-layouts":"default","ast-page-background-enabled":"default","ast-page-background-meta":{"desktop":{"background-color":"","background-image":"","background-repeat":"repeat","background-position":"center center","background-size":"auto","background-attachment":"scroll","background-type":"","background-media":"","overlay-type":"","overlay-color":"","overlay-opacity":"","overlay-gradient":""},"tablet":{"background-color":"","background-image":"","background-repeat":"repeat","background-position":"center center","background-size":"auto","background-attachment":"scroll","background-type":"","background-media":"","overlay-type":"","overlay-color":"","overlay-opacity":"","overlay-gradient":""},"mobile":{"background-color":"","background-image":"","background-repeat":"repeat","background-position":"center center","background-size":"auto","background-attachment":"scroll","background-type":"","background-media":"","overlay-type":"","overlay-color":"","overlay-opacity":"","overlay-gradient":""}},"ast-content-background-meta":{"desktop":{"background-color":"var(--ast-global-color-5)","background-image":"","background-repeat":"repeat","background-position":"center center","background-size":"auto","background-attachment":"scroll","background-type":"","background-media":"","overlay-type":"","overlay-color":"","overlay-opacity":"","overlay-gradient":""},"tablet":{"background-color":"var(--ast-global-color-5)","background-image":"","background-repeat":"repeat","background-position":"center center","background-size":"auto","background-attachment":"scroll","background-type":"","background-media":"","overlay-type":"","overlay-color":"","overlay-opacity":"","overlay-gradient":""},"mobile":{"background-color":"var(--ast-global-color-5)","background-image":"","background-repeat":"repeat","background-position":"center center","background-size":"auto","background-attachment":"scroll","background-type":"","background-media":"","overlay-type":"","overlay-color":"","overlay-opacity":"","overlay-gradient":""}},"_FSMCFIC_featured_image_caption":"","_FSMCFIC_featured_image_nocaption":"","_FSMCFIC_featured_image_hide":"","footnotes":""},"categories":[71],"tags":[],"class_list":["post-891217","post","type-post","status-publish","format-standard","has-post-thumbnail","hentry","category-jarjesto"],"yoast_head":"<!-- This site is optimized with the Yoast SEO plugin v27.5 - https:\/\/yoast.com\/product\/yoast-seo-wordpress\/ -->\n<title>Anne Penttil\u00e4 ja Heli Nokkala aloittivat Pellervo-Mediassa - Pellervo<\/title>\n<meta name=\"robots\" content=\"index, follow, max-snippet:-1, max-image-preview:large, max-video-preview:-1\" \/>\n<link rel=\"canonical\" href=\"https:\/\/pellervo.fi\/jarjesto\/2021\/06\/01\/uusi-tekijoita-pellervo-mediassa\/\" \/>\n<meta property=\"og:locale\" content=\"sv_SE\" \/>\n<meta property=\"og:type\" content=\"article\" \/>\n<meta property=\"og:title\" content=\"Anne Penttil\u00e4 ja Heli Nokkala aloittivat Pellervo-Mediassa - Pellervo\" \/>\n<meta property=\"og:url\" content=\"https:\/\/pellervo.fi\/jarjesto\/2021\/06\/01\/uusi-tekijoita-pellervo-mediassa\/\" \/>\n<meta property=\"og:site_name\" content=\"Pellervo\" \/>\n<meta property=\"article:published_time\" content=\"2021-06-01T07:07:55+00:00\" \/>\n<meta property=\"article:modified_time\" content=\"2021-06-02T07:54:24+00:00\" \/>\n<meta property=\"og:image\" content=\"https:\/\/pellervo.fi\/wp-content\/uploads\/2021\/06\/Anne_ja_Heli_kuva.jpg\" \/>\n\t<meta property=\"og:image:width\" content=\"400\" \/>\n\t<meta property=\"og:image:height\" content=\"188\" \/>\n\t<meta property=\"og:image:type\" content=\"image\/jpeg\" \/>\n<meta name=\"author\" content=\"Maija Niemenp\u00e4\u00e4\" \/>\n<meta name=\"twitter:card\" content=\"summary_large_image\" \/>\n<meta name=\"twitter:creator\" content=\"@PellervoFi\" \/>\n<meta name=\"twitter:site\" content=\"@PellervoFi\" \/>\n<meta name=\"twitter:label1\" content=\"Skriven av\" \/>\n\t<meta name=\"twitter:data1\" content=\"Maija Niemenp\u00e4\u00e4\" \/>\n\t<meta name=\"twitter:label2\" content=\"Ber\u00e4knad l\u00e4stid\" \/>\n\t<meta name=\"twitter:data2\" content=\"1 minut\" \/>\n<script type=\"application\/ld+json\" class=\"yoast-schema-graph\">{\"@context\":\"https:\\\/\\\/schema.org\",\"@graph\":[{\"@type\":\"Article\",\"@id\":\"https:\\\/\\\/pellervo.fi\\\/jarjesto\\\/2021\\\/06\\\/01\\\/uusi-tekijoita-pellervo-mediassa\\\/#article\",\"isPartOf\":{\"@id\":\"https:\\\/\\\/pellervo.fi\\\/jarjesto\\\/2021\\\/06\\\/01\\\/uusi-tekijoita-pellervo-mediassa\\\/\"},\"author\":{\"name\":\"Maija Niemenp\u00e4\u00e4\",\"@id\":\"https:\\\/\\\/pellervo.fi\\\/#\\\/schema\\\/person\\\/c1c8bdaa06d97f6e1fe113962dac0c4a\"},\"headline\":\"Anne Penttil\u00e4 ja Heli Nokkala aloittivat Pellervo-Mediassa\",\"datePublished\":\"2021-06-01T07:07:55+00:00\",\"dateModified\":\"2021-06-02T07:54:24+00:00\",\"mainEntityOfPage\":{\"@id\":\"https:\\\/\\\/pellervo.fi\\\/jarjesto\\\/2021\\\/06\\\/01\\\/uusi-tekijoita-pellervo-mediassa\\\/\"},\"wordCount\":259,\"publisher\":{\"@id\":\"https:\\\/\\\/pellervo.fi\\\/#organization\"},\"image\":{\"@id\":\"https:\\\/\\\/pellervo.fi\\\/jarjesto\\\/2021\\\/06\\\/01\\\/uusi-tekijoita-pellervo-mediassa\\\/#primaryimage\"},\"thumbnailUrl\":\"https:\\\/\\\/pellervo.fi\\\/wp-content\\\/uploads\\\/2021\\\/06\\\/Anne_ja_Heli_kuva.jpg\",\"articleSection\":[\"J\u00e4rjest\u00f6\"],\"inLanguage\":\"sv-SE\"},{\"@type\":\"WebPage\",\"@id\":\"https:\\\/\\\/pellervo.fi\\\/jarjesto\\\/2021\\\/06\\\/01\\\/uusi-tekijoita-pellervo-mediassa\\\/\",\"url\":\"https:\\\/\\\/pellervo.fi\\\/jarjesto\\\/2021\\\/06\\\/01\\\/uusi-tekijoita-pellervo-mediassa\\\/\",\"name\":\"Anne Penttil\u00e4 ja Heli Nokkala aloittivat Pellervo-Mediassa - Pellervo\",\"isPartOf\":{\"@id\":\"https:\\\/\\\/pellervo.fi\\\/#website\"},\"primaryImageOfPage\":{\"@id\":\"https:\\\/\\\/pellervo.fi\\\/jarjesto\\\/2021\\\/06\\\/01\\\/uusi-tekijoita-pellervo-mediassa\\\/#primaryimage\"},\"image\":{\"@id\":\"https:\\\/\\\/pellervo.fi\\\/jarjesto\\\/2021\\\/06\\\/01\\\/uusi-tekijoita-pellervo-mediassa\\\/#primaryimage\"},\"thumbnailUrl\":\"https:\\\/\\\/pellervo.fi\\\/wp-content\\\/uploads\\\/2021\\\/06\\\/Anne_ja_Heli_kuva.jpg\",\"datePublished\":\"2021-06-01T07:07:55+00:00\",\"dateModified\":\"2021-06-02T07:54:24+00:00\",\"breadcrumb\":{\"@id\":\"https:\\\/\\\/pellervo.fi\\\/jarjesto\\\/2021\\\/06\\\/01\\\/uusi-tekijoita-pellervo-mediassa\\\/#breadcrumb\"},\"inLanguage\":\"sv-SE\",\"potentialAction\":[{\"@type\":\"ReadAction\",\"target\":[\"https:\\\/\\\/pellervo.fi\\\/jarjesto\\\/2021\\\/06\\\/01\\\/uusi-tekijoita-pellervo-mediassa\\\/\"]}]},{\"@type\":\"ImageObject\",\"inLanguage\":\"sv-SE\",\"@id\":\"https:\\\/\\\/pellervo.fi\\\/jarjesto\\\/2021\\\/06\\\/01\\\/uusi-tekijoita-pellervo-mediassa\\\/#primaryimage\",\"url\":\"https:\\\/\\\/pellervo.fi\\\/wp-content\\\/uploads\\\/2021\\\/06\\\/Anne_ja_Heli_kuva.jpg\",\"contentUrl\":\"https:\\\/\\\/pellervo.fi\\\/wp-content\\\/uploads\\\/2021\\\/06\\\/Anne_ja_Heli_kuva.jpg\",\"width\":400,\"height\":188},{\"@type\":\"BreadcrumbList\",\"@id\":\"https:\\\/\\\/pellervo.fi\\\/jarjesto\\\/2021\\\/06\\\/01\\\/uusi-tekijoita-pellervo-mediassa\\\/#breadcrumb\",\"itemListElement\":[{\"@type\":\"ListItem\",\"position\":1,\"name\":\"Koti\",\"item\":\"https:\\\/\\\/pellervo.fi\\\/sv\\\/\"},{\"@type\":\"ListItem\",\"position\":2,\"name\":\"Anne Penttil\u00e4 ja Heli Nokkala aloittivat Pellervo-Mediassa\"}]},{\"@type\":\"WebSite\",\"@id\":\"https:\\\/\\\/pellervo.fi\\\/#website\",\"url\":\"https:\\\/\\\/pellervo.fi\\\/\",\"name\":\"Pellervo\",\"description\":\"Osuuskuntien keskusj\u00e4rjest\u00f6\",\"publisher\":{\"@id\":\"https:\\\/\\\/pellervo.fi\\\/#organization\"},\"potentialAction\":[{\"@type\":\"SearchAction\",\"target\":{\"@type\":\"EntryPoint\",\"urlTemplate\":\"https:\\\/\\\/pellervo.fi\\\/?s={search_term_string}\"},\"query-input\":{\"@type\":\"PropertyValueSpecification\",\"valueRequired\":true,\"valueName\":\"search_term_string\"}}],\"inLanguage\":\"sv-SE\"},{\"@type\":\"Organization\",\"@id\":\"https:\\\/\\\/pellervo.fi\\\/#organization\",\"name\":\"Osuustoimintakeskus Pellervo ry\",\"url\":\"https:\\\/\\\/pellervo.fi\\\/\",\"logo\":{\"@type\":\"ImageObject\",\"inLanguage\":\"sv-SE\",\"@id\":\"https:\\\/\\\/pellervo.fi\\\/#\\\/schema\\\/logo\\\/image\\\/\",\"url\":\"https:\\\/\\\/pellervo.fi\\\/wp-content\\\/uploads\\\/2020\\\/05\\\/Pellervo_logo.png\",\"contentUrl\":\"https:\\\/\\\/pellervo.fi\\\/wp-content\\\/uploads\\\/2020\\\/05\\\/Pellervo_logo.png\",\"width\":1335,\"height\":376,\"caption\":\"Osuustoimintakeskus Pellervo ry\"},\"image\":{\"@id\":\"https:\\\/\\\/pellervo.fi\\\/#\\\/schema\\\/logo\\\/image\\\/\"},\"sameAs\":[\"https:\\\/\\\/x.com\\\/PellervoFi\"]},{\"@type\":\"Person\",\"@id\":\"https:\\\/\\\/pellervo.fi\\\/#\\\/schema\\\/person\\\/c1c8bdaa06d97f6e1fe113962dac0c4a\",\"name\":\"Maija Niemenp\u00e4\u00e4\",\"image\":{\"@type\":\"ImageObject\",\"inLanguage\":\"sv-SE\",\"@id\":\"https:\\\/\\\/pellervo.fi\\\/wp-content\\\/litespeed\\\/avatar\\\/27dfaec723a872e3af9ecfbfbbc3202e.jpg?ver=1777289074\",\"url\":\"https:\\\/\\\/pellervo.fi\\\/wp-content\\\/litespeed\\\/avatar\\\/27dfaec723a872e3af9ecfbfbbc3202e.jpg?ver=1777289074\",\"contentUrl\":\"https:\\\/\\\/pellervo.fi\\\/wp-content\\\/litespeed\\\/avatar\\\/27dfaec723a872e3af9ecfbfbbc3202e.jpg?ver=1777289074\",\"caption\":\"Maija Niemenp\u00e4\u00e4\"},\"url\":\"https:\\\/\\\/pellervo.fi\\\/sv\\\/author\\\/maijaniemenpaa\\\/\"}]}<\/script>\n<!-- \/ Yoast SEO plugin. -->","yoast_head_json":{"title":"Anne Penttil\u00e4 ja Heli Nokkala aloittivat Pellervo-Mediassa - Pellervo","robots":{"index":"index","follow":"follow","max-snippet":"max-snippet:-1","max-image-preview":"max-image-preview:large","max-video-preview":"max-video-preview:-1"},"canonical":"https:\/\/pellervo.fi\/jarjesto\/2021\/06\/01\/uusi-tekijoita-pellervo-mediassa\/","og_locale":"sv_SE","og_type":"article","og_title":"Anne Penttil\u00e4 ja Heli Nokkala aloittivat Pellervo-Mediassa - Pellervo","og_url":"https:\/\/pellervo.fi\/jarjesto\/2021\/06\/01\/uusi-tekijoita-pellervo-mediassa\/","og_site_name":"Pellervo","article_published_time":"2021-06-01T07:07:55+00:00","article_modified_time":"2021-06-02T07:54:24+00:00","og_image":[{"width":400,"height":188,"url":"https:\/\/pellervo.fi\/wp-content\/uploads\/2021\/06\/Anne_ja_Heli_kuva.jpg","type":"image\/jpeg"}],"author":"Maija Niemenp\u00e4\u00e4","twitter_card":"summary_large_image","twitter_creator":"@PellervoFi","twitter_site":"@PellervoFi","twitter_misc":{"Skriven av":"Maija Niemenp\u00e4\u00e4","Ber\u00e4knad l\u00e4stid":"1 minut"},"schema":{"@context":"https:\/\/schema.org","@graph":[{"@type":"Article","@id":"https:\/\/pellervo.fi\/jarjesto\/2021\/06\/01\/uusi-tekijoita-pellervo-mediassa\/#article","isPartOf":{"@id":"https:\/\/pellervo.fi\/jarjesto\/2021\/06\/01\/uusi-tekijoita-pellervo-mediassa\/"},"author":{"name":"Maija Niemenp\u00e4\u00e4","@id":"https:\/\/pellervo.fi\/#\/schema\/person\/c1c8bdaa06d97f6e1fe113962dac0c4a"},"headline":"Anne Penttil\u00e4 ja Heli Nokkala aloittivat Pellervo-Mediassa","datePublished":"2021-06-01T07:07:55+00:00","dateModified":"2021-06-02T07:54:24+00:00","mainEntityOfPage":{"@id":"https:\/\/pellervo.fi\/jarjesto\/2021\/06\/01\/uusi-tekijoita-pellervo-mediassa\/"},"wordCount":259,"publisher":{"@id":"https:\/\/pellervo.fi\/#organization"},"image":{"@id":"https:\/\/pellervo.fi\/jarjesto\/2021\/06\/01\/uusi-tekijoita-pellervo-mediassa\/#primaryimage"},"thumbnailUrl":"https:\/\/pellervo.fi\/wp-content\/uploads\/2021\/06\/Anne_ja_Heli_kuva.jpg","articleSection":["J\u00e4rjest\u00f6"],"inLanguage":"sv-SE"},{"@type":"WebPage","@id":"https:\/\/pellervo.fi\/jarjesto\/2021\/06\/01\/uusi-tekijoita-pellervo-mediassa\/","url":"https:\/\/pellervo.fi\/jarjesto\/2021\/06\/01\/uusi-tekijoita-pellervo-mediassa\/","name":"Anne Penttil\u00e4 ja Heli Nokkala aloittivat Pellervo-Mediassa - Pellervo","isPartOf":{"@id":"https:\/\/pellervo.fi\/#website"},"primaryImageOfPage":{"@id":"https:\/\/pellervo.fi\/jarjesto\/2021\/06\/01\/uusi-tekijoita-pellervo-mediassa\/#primaryimage"},"image":{"@id":"https:\/\/pellervo.fi\/jarjesto\/2021\/06\/01\/uusi-tekijoita-pellervo-mediassa\/#primaryimage"},"thumbnailUrl":"https:\/\/pellervo.fi\/wp-content\/uploads\/2021\/06\/Anne_ja_Heli_kuva.jpg","datePublished":"2021-06-01T07:07:55+00:00","dateModified":"2021-06-02T07:54:24+00:00","breadcrumb":{"@id":"https:\/\/pellervo.fi\/jarjesto\/2021\/06\/01\/uusi-tekijoita-pellervo-mediassa\/#breadcrumb"},"inLanguage":"sv-SE","potentialAction":[{"@type":"ReadAction","target":["https:\/\/pellervo.fi\/jarjesto\/2021\/06\/01\/uusi-tekijoita-pellervo-mediassa\/"]}]},{"@type":"ImageObject","inLanguage":"sv-SE","@id":"https:\/\/pellervo.fi\/jarjesto\/2021\/06\/01\/uusi-tekijoita-pellervo-mediassa\/#primaryimage","url":"https:\/\/pellervo.fi\/wp-content\/uploads\/2021\/06\/Anne_ja_Heli_kuva.jpg","contentUrl":"https:\/\/pellervo.fi\/wp-content\/uploads\/2021\/06\/Anne_ja_Heli_kuva.jpg","width":400,"height":188},{"@type":"BreadcrumbList","@id":"https:\/\/pellervo.fi\/jarjesto\/2021\/06\/01\/uusi-tekijoita-pellervo-mediassa\/#breadcrumb","itemListElement":[{"@type":"ListItem","position":1,"name":"Koti","item":"https:\/\/pellervo.fi\/sv\/"},{"@type":"ListItem","position":2,"name":"Anne Penttil\u00e4 ja Heli Nokkala aloittivat Pellervo-Mediassa"}]},{"@type":"WebSite","@id":"https:\/\/pellervo.fi\/#website","url":"https:\/\/pellervo.fi\/","name":"Pellervo","description":"Osuuskuntien keskusj\u00e4rjest\u00f6","publisher":{"@id":"https:\/\/pellervo.fi\/#organization"},"potentialAction":[{"@type":"SearchAction","target":{"@type":"EntryPoint","urlTemplate":"https:\/\/pellervo.fi\/?s={search_term_string}"},"query-input":{"@type":"PropertyValueSpecification","valueRequired":true,"valueName":"search_term_string"}}],"inLanguage":"sv-SE"},{"@type":"Organization","@id":"https:\/\/pellervo.fi\/#organization","name":"Osuustoimintakeskus Pellervo ry","url":"https:\/\/pellervo.fi\/","logo":{"@type":"ImageObject","inLanguage":"sv-SE","@id":"https:\/\/pellervo.fi\/#\/schema\/logo\/image\/","url":"https:\/\/pellervo.fi\/wp-content\/uploads\/2020\/05\/Pellervo_logo.png","contentUrl":"https:\/\/pellervo.fi\/wp-content\/uploads\/2020\/05\/Pellervo_logo.png","width":1335,"height":376,"caption":"Osuustoimintakeskus Pellervo ry"},"image":{"@id":"https:\/\/pellervo.fi\/#\/schema\/logo\/image\/"},"sameAs":["https:\/\/x.com\/PellervoFi"]},{"@type":"Person","@id":"https:\/\/pellervo.fi\/#\/schema\/person\/c1c8bdaa06d97f6e1fe113962dac0c4a","name":"Maija Niemenp\u00e4\u00e4","image":{"@type":"ImageObject","inLanguage":"sv-SE","@id":"https:\/\/pellervo.fi\/wp-content\/litespeed\/avatar\/27dfaec723a872e3af9ecfbfbbc3202e.jpg?ver=1777289074","url":"https:\/\/pellervo.fi\/wp-content\/litespeed\/avatar\/27dfaec723a872e3af9ecfbfbbc3202e.jpg?ver=1777289074","contentUrl":"https:\/\/pellervo.fi\/wp-content\/litespeed\/avatar\/27dfaec723a872e3af9ecfbfbbc3202e.jpg?ver=1777289074","caption":"Maija Niemenp\u00e4\u00e4"},"url":"https:\/\/pellervo.fi\/sv\/author\/maijaniemenpaa\/"}]}},"_links":{"self":[{"href":"https:\/\/pellervo.fi\/sv\/wp-json\/wp\/v2\/posts\/891217","targetHints":{"allow":["GET"]}}],"collection":[{"href":"https:\/\/pellervo.fi\/sv\/wp-json\/wp\/v2\/posts"}],"about":[{"href":"https:\/\/pellervo.fi\/sv\/wp-json\/wp\/v2\/types\/post"}],"author":[{"embeddable":true,"href":"https:\/\/pellervo.fi\/sv\/wp-json\/wp\/v2\/users\/42"}],"replies":[{"embeddable":true,"href":"https:\/\/pellervo.fi\/sv\/wp-json\/wp\/v2\/comments?post=891217"}],"version-history":[{"count":3,"href":"https:\/\/pellervo.fi\/sv\/wp-json\/wp\/v2\/posts\/891217\/revisions"}],"predecessor-version":[{"id":891246,"href":"https:\/\/pellervo.fi\/sv\/wp-json\/wp\/v2\/posts\/891217\/revisions\/891246"}],"wp:featuredmedia":[{"embeddable":true,"href":"https:\/\/pellervo.fi\/sv\/wp-json\/wp\/v2\/media\/891227"}],"wp:attachment":[{"href":"https:\/\/pellervo.fi\/sv\/wp-json\/wp\/v2\/media?parent=891217"}],"wp:term":[{"taxonomy":"category","embeddable":true,"href":"https:\/\/pellervo.fi\/sv\/wp-json\/wp\/v2\/categories?post=891217"},{"taxonomy":"post_tag","embeddable":true,"href":"https:\/\/pellervo.fi\/sv\/wp-json\/wp\/v2\/tags?post=891217"}],"curies":[{"name":"wp","href":"https:\/\/api.w.org\/{rel}","templated":true}]}}