{"id":891793,"date":"2021-09-16T10:54:35","date_gmt":"2021-09-16T07:54:35","guid":{"rendered":"https:\/\/pellervo.fi\/?p=891793"},"modified":"2021-09-16T12:42:07","modified_gmt":"2021-09-16T09:42:07","slug":"kansainvalinen-osuustoimintaliitto-tuomitsee-afganistanin-siviileja-ja-erityisesti-naisia-vastaan-tehdyt-vakivaltaisuudet-ja-kehottaa-pikaisesti-maailmanlaajuista-yhteisoa-toimiin","status":"publish","type":"post","link":"https:\/\/pellervo.fi\/sv\/vastuullisuus\/2021\/09\/16\/kansainvalinen-osuustoimintaliitto-tuomitsee-afganistanin-siviileja-ja-erityisesti-naisia-vastaan-tehdyt-vakivaltaisuudet-ja-kehottaa-pikaisesti-maailmanlaajuista-yhteisoa-toimiin\/","title":{"rendered":"Kansainv\u00e4linen osuustoimintaliitto tuomitsee Afganistanin siviilej\u00e4 ja erityisesti naisia vastaan tehdyt v\u00e4kivaltaisuudet ja kehottaa pikaisesti maailmanlaajuista yhteis\u00f6\u00e4 toimiin"},"content":{"rendered":"\n<p>&#8221;Kest\u00e4v\u00e4n kehityksen Agenda 2030:n hyv\u00e4ksymisen my\u00f6t\u00e4 kansainv\u00e4linen yhteis\u00f6 on sitoutunut ponnistelemaan sen eteen, ett\u00e4 <em>ket\u00e4\u00e4n ei j\u00e4tet\u00e4<\/em>, ja kaikkien tulee nyt toimia yhdess\u00e4 t\u00e4m\u00e4n tavoitteen saavuttamiseksi.<\/p>\n<p>Ihmisl\u00e4ht\u00f6isten yritysten naisedustajina ilmaisemme olevamme eritt\u00e4in huolissamme naisten ja tytt\u00f6jen tulevaisuudesta Afganistanissa. Olemme sitoutuneita kansainv\u00e4lisesti sovittuihin osuustoiminta-arvoihin, kuten itseapuun, tasa-arvoon, solidaarisuuteen ja demokratiaan sek\u00e4 sen toimintaperiaatteisiin: vapaaehtoiseen ja avoimeen j\u00e4senyyteen, demokraattiseen j\u00e4senhallintoon sek\u00e4 yhteis\u00f6st\u00e4 huolehtimiseen. Jaamme Agenda 2030 n\u00e4kemyksen maailmasta, joka sis\u00e4lt\u00e4\u00e4 <em>rauhanomaiset, oikeudenmukaiset ja osallistavat yhteis\u00f6t, jotka ovat vapaita pelosta ja v\u00e4kivallasta<\/em>. Kutsumme maailmanlaajuista yhteis\u00f6\u00e4 seisomaan Afganistanin naisten rinnalla yhteisen toiminnan kautta!<\/p>\n<p>Kehotamme Yhdistyneit\u00e4 Kansakuntia ja maailmanlaajuista yhteis\u00f6\u00e4 ryhtym\u00e4\u00e4n konkreettisiin toimiin sek\u00e4 k\u00e4ytt\u00e4m\u00e4\u00e4n resursseja Afganistanista per\u00e4isin olevien naisten ja tytt\u00f6jen tukemiseksi erityisesti vastaamalla heid\u00e4n kohtaamiinsa sukupuolittuneisiin haavoittuvuuksiin ja haasteisiin.&#8221;<\/p>\n<p><strong>Mar\u00eda Eugenia P\u00e9rez Zea<\/strong>, ICA:n tasa-arvokomitean puheenjohtaja<\/p>\n","protected":false},"excerpt":{"rendered":"<p>Kansainv\u00e4lisen osuustoimintaliitto ICA:n tasa-arvokomitea tuomitsee julkilausunnossaan Afganistanin siviilej\u00e4 vastaan tehdyt v\u00e4kivaltaisuudet, erityisesti naisiin kohdistuvat julmuudet, ja kehottaa pikaisesti maailmanlaajuista yhteis\u00f6\u00e4 toimiin, joilla suojellaan ja varmistetaan, ettei naisten ihmisoikeuksia en\u00e4\u00e4 loukata. <\/p>\n","protected":false},"author":6,"featured_media":891803,"comment_status":"closed","ping_status":"closed","sticky":false,"template":"","format":"standard","meta":{"inline_featured_image":false,"_monsterinsights_skip_tracking":false,"_monsterinsights_sitenote_active":false,"_monsterinsights_sitenote_note":"","_monsterinsights_sitenote_category":0,"site-sidebar-layout":"default","site-content-layout":"default","ast-site-content-layout":"default","site-content-style":"default","site-sidebar-style":"default","ast-global-header-display":"","ast-banner-title-visibility":"","ast-main-header-display":"","ast-hfb-above-header-display":"","ast-hfb-below-header-display":"","ast-hfb-mobile-header-display":"","site-post-title":"","ast-breadcrumbs-content":"","ast-featured-img":"","footer-sml-layout":"","ast-disable-related-posts":"","theme-transparent-header-meta":"default","adv-header-id-meta":"","stick-header-meta":"","header-above-stick-meta":"","header-main-stick-meta":"","header-below-stick-meta":"","astra-migrate-meta-layouts":"default","ast-page-background-enabled":"default","ast-page-background-meta":{"desktop":{"background-color":"","background-image":"","background-repeat":"repeat","background-position":"center center","background-size":"auto","background-attachment":"scroll","background-type":"","background-media":"","overlay-type":"","overlay-color":"","overlay-opacity":"","overlay-gradient":""},"tablet":{"background-color":"","background-image":"","background-repeat":"repeat","background-position":"center center","background-size":"auto","background-attachment":"scroll","background-type":"","background-media":"","overlay-type":"","overlay-color":"","overlay-opacity":"","overlay-gradient":""},"mobile":{"background-color":"","background-image":"","background-repeat":"repeat","background-position":"center center","background-size":"auto","background-attachment":"scroll","background-type":"","background-media":"","overlay-type":"","overlay-color":"","overlay-opacity":"","overlay-gradient":""}},"ast-content-background-meta":{"desktop":{"background-color":"var(--ast-global-color-5)","background-image":"","background-repeat":"repeat","background-position":"center center","background-size":"auto","background-attachment":"scroll","background-type":"","background-media":"","overlay-type":"","overlay-color":"","overlay-opacity":"","overlay-gradient":""},"tablet":{"background-color":"var(--ast-global-color-5)","background-image":"","background-repeat":"repeat","background-position":"center center","background-size":"auto","background-attachment":"scroll","background-type":"","background-media":"","overlay-type":"","overlay-color":"","overlay-opacity":"","overlay-gradient":""},"mobile":{"background-color":"var(--ast-global-color-5)","background-image":"","background-repeat":"repeat","background-position":"center center","background-size":"auto","background-attachment":"scroll","background-type":"","background-media":"","overlay-type":"","overlay-color":"","overlay-opacity":"","overlay-gradient":""}},"_FSMCFIC_featured_image_caption":"","_FSMCFIC_featured_image_nocaption":"","_FSMCFIC_featured_image_hide":"","footnotes":""},"categories":[224],"tags":[],"class_list":["post-891793","post","type-post","status-publish","format-standard","has-post-thumbnail","hentry","category-vastuullisuus"],"yoast_head":"<!-- This site is optimized with the Yoast SEO plugin v27.5 - https:\/\/yoast.com\/product\/yoast-seo-wordpress\/ -->\n<title>Kansainv\u00e4linen osuustoimintaliitto tuomitsee Afganistanin siviilej\u00e4 ja erityisesti naisia vastaan tehdyt v\u00e4kivaltaisuudet ja kehottaa pikaisesti maailmanlaajuista yhteis\u00f6\u00e4 toimiin - Pellervo<\/title>\n<meta name=\"robots\" content=\"index, follow, max-snippet:-1, max-image-preview:large, max-video-preview:-1\" \/>\n<link rel=\"canonical\" href=\"https:\/\/pellervo.fi\/vastuullisuus\/2021\/09\/16\/kansainvalinen-osuustoimintaliitto-tuomitsee-afganistanin-siviileja-ja-erityisesti-naisia-vastaan-tehdyt-vakivaltaisuudet-ja-kehottaa-pikaisesti-maailmanlaajuista-yhteisoa-toimiin\/\" \/>\n<meta property=\"og:locale\" content=\"sv_SE\" \/>\n<meta property=\"og:type\" content=\"article\" \/>\n<meta property=\"og:title\" content=\"Kansainv\u00e4linen osuustoimintaliitto tuomitsee Afganistanin siviilej\u00e4 ja erityisesti naisia vastaan tehdyt v\u00e4kivaltaisuudet ja kehottaa pikaisesti maailmanlaajuista yhteis\u00f6\u00e4 toimiin - Pellervo\" \/>\n<meta property=\"og:description\" content=\"Kansainv\u00e4lisen osuustoimintaliitto ICA:n tasa-arvokomitea tuomitsee julkilausunnossaan Afganistanin siviilej\u00e4 vastaan tehdyt v\u00e4kivaltaisuudet, erityisesti naisiin kohdistuvat julmuudet, ja kehottaa pikaisesti maailmanlaajuista yhteis\u00f6\u00e4 toimiin, joilla suojellaan ja varmistetaan, ettei naisten ihmisoikeuksia en\u00e4\u00e4 loukata.\" \/>\n<meta property=\"og:url\" content=\"https:\/\/pellervo.fi\/vastuullisuus\/2021\/09\/16\/kansainvalinen-osuustoimintaliitto-tuomitsee-afganistanin-siviileja-ja-erityisesti-naisia-vastaan-tehdyt-vakivaltaisuudet-ja-kehottaa-pikaisesti-maailmanlaajuista-yhteisoa-toimiin\/\" \/>\n<meta property=\"og:site_name\" content=\"Pellervo\" \/>\n<meta property=\"article:published_time\" content=\"2021-09-16T07:54:35+00:00\" \/>\n<meta property=\"article:modified_time\" content=\"2021-09-16T09:42:07+00:00\" \/>\n<meta property=\"og:image\" content=\"https:\/\/pellervo.fi\/wp-content\/uploads\/2021\/09\/ica-1.jpg\" \/>\n\t<meta property=\"og:image:width\" content=\"850\" \/>\n\t<meta property=\"og:image:height\" content=\"550\" \/>\n\t<meta property=\"og:image:type\" content=\"image\/jpeg\" \/>\n<meta name=\"author\" content=\"Hanna Muukka\" \/>\n<meta name=\"twitter:card\" content=\"summary_large_image\" \/>\n<meta name=\"twitter:image\" content=\"https:\/\/pellervo.fi\/wp-content\/uploads\/2021\/09\/ica-1.jpg\" \/>\n<meta name=\"twitter:creator\" content=\"@PellervoFi\" \/>\n<meta name=\"twitter:site\" content=\"@PellervoFi\" \/>\n<meta name=\"twitter:label1\" content=\"Skriven av\" \/>\n\t<meta name=\"twitter:data1\" content=\"Hanna Muukka\" \/>\n\t<meta name=\"twitter:label2\" content=\"Ber\u00e4knad l\u00e4stid\" \/>\n\t<meta name=\"twitter:data2\" content=\"1 minut\" \/>\n<script type=\"application\/ld+json\" class=\"yoast-schema-graph\">{\"@context\":\"https:\\\/\\\/schema.org\",\"@graph\":[{\"@type\":\"Article\",\"@id\":\"https:\\\/\\\/pellervo.fi\\\/vastuullisuus\\\/2021\\\/09\\\/16\\\/kansainvalinen-osuustoimintaliitto-tuomitsee-afganistanin-siviileja-ja-erityisesti-naisia-vastaan-tehdyt-vakivaltaisuudet-ja-kehottaa-pikaisesti-maailmanlaajuista-yhteisoa-toimiin\\\/#article\",\"isPartOf\":{\"@id\":\"https:\\\/\\\/pellervo.fi\\\/vastuullisuus\\\/2021\\\/09\\\/16\\\/kansainvalinen-osuustoimintaliitto-tuomitsee-afganistanin-siviileja-ja-erityisesti-naisia-vastaan-tehdyt-vakivaltaisuudet-ja-kehottaa-pikaisesti-maailmanlaajuista-yhteisoa-toimiin\\\/\"},\"author\":{\"name\":\"Hanna Muukka\",\"@id\":\"https:\\\/\\\/pellervo.fi\\\/#\\\/schema\\\/person\\\/f001b7c670bab10e5236b09672d9e6a3\"},\"headline\":\"Kansainv\u00e4linen osuustoimintaliitto tuomitsee Afganistanin siviilej\u00e4 ja erityisesti naisia vastaan tehdyt v\u00e4kivaltaisuudet ja kehottaa pikaisesti maailmanlaajuista yhteis\u00f6\u00e4 toimiin\",\"datePublished\":\"2021-09-16T07:54:35+00:00\",\"dateModified\":\"2021-09-16T09:42:07+00:00\",\"mainEntityOfPage\":{\"@id\":\"https:\\\/\\\/pellervo.fi\\\/vastuullisuus\\\/2021\\\/09\\\/16\\\/kansainvalinen-osuustoimintaliitto-tuomitsee-afganistanin-siviileja-ja-erityisesti-naisia-vastaan-tehdyt-vakivaltaisuudet-ja-kehottaa-pikaisesti-maailmanlaajuista-yhteisoa-toimiin\\\/\"},\"wordCount\":172,\"publisher\":{\"@id\":\"https:\\\/\\\/pellervo.fi\\\/#organization\"},\"image\":{\"@id\":\"https:\\\/\\\/pellervo.fi\\\/vastuullisuus\\\/2021\\\/09\\\/16\\\/kansainvalinen-osuustoimintaliitto-tuomitsee-afganistanin-siviileja-ja-erityisesti-naisia-vastaan-tehdyt-vakivaltaisuudet-ja-kehottaa-pikaisesti-maailmanlaajuista-yhteisoa-toimiin\\\/#primaryimage\"},\"thumbnailUrl\":\"https:\\\/\\\/pellervo.fi\\\/wp-content\\\/uploads\\\/2021\\\/09\\\/ica-1.jpg\",\"articleSection\":[\"Vastuullisuus\"],\"inLanguage\":\"sv-SE\"},{\"@type\":\"WebPage\",\"@id\":\"https:\\\/\\\/pellervo.fi\\\/vastuullisuus\\\/2021\\\/09\\\/16\\\/kansainvalinen-osuustoimintaliitto-tuomitsee-afganistanin-siviileja-ja-erityisesti-naisia-vastaan-tehdyt-vakivaltaisuudet-ja-kehottaa-pikaisesti-maailmanlaajuista-yhteisoa-toimiin\\\/\",\"url\":\"https:\\\/\\\/pellervo.fi\\\/vastuullisuus\\\/2021\\\/09\\\/16\\\/kansainvalinen-osuustoimintaliitto-tuomitsee-afganistanin-siviileja-ja-erityisesti-naisia-vastaan-tehdyt-vakivaltaisuudet-ja-kehottaa-pikaisesti-maailmanlaajuista-yhteisoa-toimiin\\\/\",\"name\":\"Kansainv\u00e4linen osuustoimintaliitto tuomitsee Afganistanin siviilej\u00e4 ja erityisesti naisia vastaan tehdyt v\u00e4kivaltaisuudet ja kehottaa pikaisesti maailmanlaajuista yhteis\u00f6\u00e4 toimiin - Pellervo\",\"isPartOf\":{\"@id\":\"https:\\\/\\\/pellervo.fi\\\/#website\"},\"primaryImageOfPage\":{\"@id\":\"https:\\\/\\\/pellervo.fi\\\/vastuullisuus\\\/2021\\\/09\\\/16\\\/kansainvalinen-osuustoimintaliitto-tuomitsee-afganistanin-siviileja-ja-erityisesti-naisia-vastaan-tehdyt-vakivaltaisuudet-ja-kehottaa-pikaisesti-maailmanlaajuista-yhteisoa-toimiin\\\/#primaryimage\"},\"image\":{\"@id\":\"https:\\\/\\\/pellervo.fi\\\/vastuullisuus\\\/2021\\\/09\\\/16\\\/kansainvalinen-osuustoimintaliitto-tuomitsee-afganistanin-siviileja-ja-erityisesti-naisia-vastaan-tehdyt-vakivaltaisuudet-ja-kehottaa-pikaisesti-maailmanlaajuista-yhteisoa-toimiin\\\/#primaryimage\"},\"thumbnailUrl\":\"https:\\\/\\\/pellervo.fi\\\/wp-content\\\/uploads\\\/2021\\\/09\\\/ica-1.jpg\",\"datePublished\":\"2021-09-16T07:54:35+00:00\",\"dateModified\":\"2021-09-16T09:42:07+00:00\",\"breadcrumb\":{\"@id\":\"https:\\\/\\\/pellervo.fi\\\/vastuullisuus\\\/2021\\\/09\\\/16\\\/kansainvalinen-osuustoimintaliitto-tuomitsee-afganistanin-siviileja-ja-erityisesti-naisia-vastaan-tehdyt-vakivaltaisuudet-ja-kehottaa-pikaisesti-maailmanlaajuista-yhteisoa-toimiin\\\/#breadcrumb\"},\"inLanguage\":\"sv-SE\",\"potentialAction\":[{\"@type\":\"ReadAction\",\"target\":[\"https:\\\/\\\/pellervo.fi\\\/vastuullisuus\\\/2021\\\/09\\\/16\\\/kansainvalinen-osuustoimintaliitto-tuomitsee-afganistanin-siviileja-ja-erityisesti-naisia-vastaan-tehdyt-vakivaltaisuudet-ja-kehottaa-pikaisesti-maailmanlaajuista-yhteisoa-toimiin\\\/\"]}]},{\"@type\":\"ImageObject\",\"inLanguage\":\"sv-SE\",\"@id\":\"https:\\\/\\\/pellervo.fi\\\/vastuullisuus\\\/2021\\\/09\\\/16\\\/kansainvalinen-osuustoimintaliitto-tuomitsee-afganistanin-siviileja-ja-erityisesti-naisia-vastaan-tehdyt-vakivaltaisuudet-ja-kehottaa-pikaisesti-maailmanlaajuista-yhteisoa-toimiin\\\/#primaryimage\",\"url\":\"https:\\\/\\\/pellervo.fi\\\/wp-content\\\/uploads\\\/2021\\\/09\\\/ica-1.jpg\",\"contentUrl\":\"https:\\\/\\\/pellervo.fi\\\/wp-content\\\/uploads\\\/2021\\\/09\\\/ica-1.jpg\",\"width\":850,\"height\":550},{\"@type\":\"BreadcrumbList\",\"@id\":\"https:\\\/\\\/pellervo.fi\\\/vastuullisuus\\\/2021\\\/09\\\/16\\\/kansainvalinen-osuustoimintaliitto-tuomitsee-afganistanin-siviileja-ja-erityisesti-naisia-vastaan-tehdyt-vakivaltaisuudet-ja-kehottaa-pikaisesti-maailmanlaajuista-yhteisoa-toimiin\\\/#breadcrumb\",\"itemListElement\":[{\"@type\":\"ListItem\",\"position\":1,\"name\":\"Koti\",\"item\":\"https:\\\/\\\/pellervo.fi\\\/sv\\\/\"},{\"@type\":\"ListItem\",\"position\":2,\"name\":\"Kansainv\u00e4linen osuustoimintaliitto tuomitsee Afganistanin siviilej\u00e4 ja erityisesti naisia vastaan tehdyt v\u00e4kivaltaisuudet ja kehottaa pikaisesti maailmanlaajuista yhteis\u00f6\u00e4 toimiin\"}]},{\"@type\":\"WebSite\",\"@id\":\"https:\\\/\\\/pellervo.fi\\\/#website\",\"url\":\"https:\\\/\\\/pellervo.fi\\\/\",\"name\":\"Pellervo\",\"description\":\"Osuuskuntien keskusj\u00e4rjest\u00f6\",\"publisher\":{\"@id\":\"https:\\\/\\\/pellervo.fi\\\/#organization\"},\"potentialAction\":[{\"@type\":\"SearchAction\",\"target\":{\"@type\":\"EntryPoint\",\"urlTemplate\":\"https:\\\/\\\/pellervo.fi\\\/?s={search_term_string}\"},\"query-input\":{\"@type\":\"PropertyValueSpecification\",\"valueRequired\":true,\"valueName\":\"search_term_string\"}}],\"inLanguage\":\"sv-SE\"},{\"@type\":\"Organization\",\"@id\":\"https:\\\/\\\/pellervo.fi\\\/#organization\",\"name\":\"Osuustoimintakeskus Pellervo ry\",\"url\":\"https:\\\/\\\/pellervo.fi\\\/\",\"logo\":{\"@type\":\"ImageObject\",\"inLanguage\":\"sv-SE\",\"@id\":\"https:\\\/\\\/pellervo.fi\\\/#\\\/schema\\\/logo\\\/image\\\/\",\"url\":\"https:\\\/\\\/pellervo.fi\\\/wp-content\\\/uploads\\\/2020\\\/05\\\/Pellervo_logo.png\",\"contentUrl\":\"https:\\\/\\\/pellervo.fi\\\/wp-content\\\/uploads\\\/2020\\\/05\\\/Pellervo_logo.png\",\"width\":1335,\"height\":376,\"caption\":\"Osuustoimintakeskus Pellervo ry\"},\"image\":{\"@id\":\"https:\\\/\\\/pellervo.fi\\\/#\\\/schema\\\/logo\\\/image\\\/\"},\"sameAs\":[\"https:\\\/\\\/x.com\\\/PellervoFi\"]},{\"@type\":\"Person\",\"@id\":\"https:\\\/\\\/pellervo.fi\\\/#\\\/schema\\\/person\\\/f001b7c670bab10e5236b09672d9e6a3\",\"name\":\"Hanna Muukka\",\"image\":{\"@type\":\"ImageObject\",\"inLanguage\":\"sv-SE\",\"@id\":\"https:\\\/\\\/pellervo.fi\\\/wp-content\\\/uploads\\\/2014\\\/02\\\/Hanna-Muukka_avatar_1393417732-96x96.jpg\",\"url\":\"https:\\\/\\\/pellervo.fi\\\/wp-content\\\/uploads\\\/2014\\\/02\\\/Hanna-Muukka_avatar_1393417732-96x96.jpg\",\"contentUrl\":\"https:\\\/\\\/pellervo.fi\\\/wp-content\\\/uploads\\\/2014\\\/02\\\/Hanna-Muukka_avatar_1393417732-96x96.jpg\",\"caption\":\"Hanna Muukka\"},\"description\":\"Kirjoittaja ty\u00f6skentelee Osuustoimintakeskus Pellervossa vastuullisuusasiantuntijana.\",\"url\":\"https:\\\/\\\/pellervo.fi\\\/sv\\\/author\\\/hannamuu\\\/\"}]}<\/script>\n<!-- \/ Yoast SEO plugin. -->","yoast_head_json":{"title":"Kansainv\u00e4linen osuustoimintaliitto tuomitsee Afganistanin siviilej\u00e4 ja erityisesti naisia vastaan tehdyt v\u00e4kivaltaisuudet ja kehottaa pikaisesti maailmanlaajuista yhteis\u00f6\u00e4 toimiin - Pellervo","robots":{"index":"index","follow":"follow","max-snippet":"max-snippet:-1","max-image-preview":"max-image-preview:large","max-video-preview":"max-video-preview:-1"},"canonical":"https:\/\/pellervo.fi\/vastuullisuus\/2021\/09\/16\/kansainvalinen-osuustoimintaliitto-tuomitsee-afganistanin-siviileja-ja-erityisesti-naisia-vastaan-tehdyt-vakivaltaisuudet-ja-kehottaa-pikaisesti-maailmanlaajuista-yhteisoa-toimiin\/","og_locale":"sv_SE","og_type":"article","og_title":"Kansainv\u00e4linen osuustoimintaliitto tuomitsee Afganistanin siviilej\u00e4 ja erityisesti naisia vastaan tehdyt v\u00e4kivaltaisuudet ja kehottaa pikaisesti maailmanlaajuista yhteis\u00f6\u00e4 toimiin - Pellervo","og_description":"Kansainv\u00e4lisen osuustoimintaliitto ICA:n tasa-arvokomitea tuomitsee julkilausunnossaan Afganistanin siviilej\u00e4 vastaan tehdyt v\u00e4kivaltaisuudet, erityisesti naisiin kohdistuvat julmuudet, ja kehottaa pikaisesti maailmanlaajuista yhteis\u00f6\u00e4 toimiin, joilla suojellaan ja varmistetaan, ettei naisten ihmisoikeuksia en\u00e4\u00e4 loukata.","og_url":"https:\/\/pellervo.fi\/vastuullisuus\/2021\/09\/16\/kansainvalinen-osuustoimintaliitto-tuomitsee-afganistanin-siviileja-ja-erityisesti-naisia-vastaan-tehdyt-vakivaltaisuudet-ja-kehottaa-pikaisesti-maailmanlaajuista-yhteisoa-toimiin\/","og_site_name":"Pellervo","article_published_time":"2021-09-16T07:54:35+00:00","article_modified_time":"2021-09-16T09:42:07+00:00","og_image":[{"width":850,"height":550,"url":"https:\/\/pellervo.fi\/wp-content\/uploads\/2021\/09\/ica-1.jpg","type":"image\/jpeg"}],"author":"Hanna Muukka","twitter_card":"summary_large_image","twitter_image":"https:\/\/pellervo.fi\/wp-content\/uploads\/2021\/09\/ica-1.jpg","twitter_creator":"@PellervoFi","twitter_site":"@PellervoFi","twitter_misc":{"Skriven av":"Hanna Muukka","Ber\u00e4knad l\u00e4stid":"1 minut"},"schema":{"@context":"https:\/\/schema.org","@graph":[{"@type":"Article","@id":"https:\/\/pellervo.fi\/vastuullisuus\/2021\/09\/16\/kansainvalinen-osuustoimintaliitto-tuomitsee-afganistanin-siviileja-ja-erityisesti-naisia-vastaan-tehdyt-vakivaltaisuudet-ja-kehottaa-pikaisesti-maailmanlaajuista-yhteisoa-toimiin\/#article","isPartOf":{"@id":"https:\/\/pellervo.fi\/vastuullisuus\/2021\/09\/16\/kansainvalinen-osuustoimintaliitto-tuomitsee-afganistanin-siviileja-ja-erityisesti-naisia-vastaan-tehdyt-vakivaltaisuudet-ja-kehottaa-pikaisesti-maailmanlaajuista-yhteisoa-toimiin\/"},"author":{"name":"Hanna Muukka","@id":"https:\/\/pellervo.fi\/#\/schema\/person\/f001b7c670bab10e5236b09672d9e6a3"},"headline":"Kansainv\u00e4linen osuustoimintaliitto tuomitsee Afganistanin siviilej\u00e4 ja erityisesti naisia vastaan tehdyt v\u00e4kivaltaisuudet ja kehottaa pikaisesti maailmanlaajuista yhteis\u00f6\u00e4 toimiin","datePublished":"2021-09-16T07:54:35+00:00","dateModified":"2021-09-16T09:42:07+00:00","mainEntityOfPage":{"@id":"https:\/\/pellervo.fi\/vastuullisuus\/2021\/09\/16\/kansainvalinen-osuustoimintaliitto-tuomitsee-afganistanin-siviileja-ja-erityisesti-naisia-vastaan-tehdyt-vakivaltaisuudet-ja-kehottaa-pikaisesti-maailmanlaajuista-yhteisoa-toimiin\/"},"wordCount":172,"publisher":{"@id":"https:\/\/pellervo.fi\/#organization"},"image":{"@id":"https:\/\/pellervo.fi\/vastuullisuus\/2021\/09\/16\/kansainvalinen-osuustoimintaliitto-tuomitsee-afganistanin-siviileja-ja-erityisesti-naisia-vastaan-tehdyt-vakivaltaisuudet-ja-kehottaa-pikaisesti-maailmanlaajuista-yhteisoa-toimiin\/#primaryimage"},"thumbnailUrl":"https:\/\/pellervo.fi\/wp-content\/uploads\/2021\/09\/ica-1.jpg","articleSection":["Vastuullisuus"],"inLanguage":"sv-SE"},{"@type":"WebPage","@id":"https:\/\/pellervo.fi\/vastuullisuus\/2021\/09\/16\/kansainvalinen-osuustoimintaliitto-tuomitsee-afganistanin-siviileja-ja-erityisesti-naisia-vastaan-tehdyt-vakivaltaisuudet-ja-kehottaa-pikaisesti-maailmanlaajuista-yhteisoa-toimiin\/","url":"https:\/\/pellervo.fi\/vastuullisuus\/2021\/09\/16\/kansainvalinen-osuustoimintaliitto-tuomitsee-afganistanin-siviileja-ja-erityisesti-naisia-vastaan-tehdyt-vakivaltaisuudet-ja-kehottaa-pikaisesti-maailmanlaajuista-yhteisoa-toimiin\/","name":"Kansainv\u00e4linen osuustoimintaliitto tuomitsee Afganistanin siviilej\u00e4 ja erityisesti naisia vastaan tehdyt v\u00e4kivaltaisuudet ja kehottaa pikaisesti maailmanlaajuista yhteis\u00f6\u00e4 toimiin - Pellervo","isPartOf":{"@id":"https:\/\/pellervo.fi\/#website"},"primaryImageOfPage":{"@id":"https:\/\/pellervo.fi\/vastuullisuus\/2021\/09\/16\/kansainvalinen-osuustoimintaliitto-tuomitsee-afganistanin-siviileja-ja-erityisesti-naisia-vastaan-tehdyt-vakivaltaisuudet-ja-kehottaa-pikaisesti-maailmanlaajuista-yhteisoa-toimiin\/#primaryimage"},"image":{"@id":"https:\/\/pellervo.fi\/vastuullisuus\/2021\/09\/16\/kansainvalinen-osuustoimintaliitto-tuomitsee-afganistanin-siviileja-ja-erityisesti-naisia-vastaan-tehdyt-vakivaltaisuudet-ja-kehottaa-pikaisesti-maailmanlaajuista-yhteisoa-toimiin\/#primaryimage"},"thumbnailUrl":"https:\/\/pellervo.fi\/wp-content\/uploads\/2021\/09\/ica-1.jpg","datePublished":"2021-09-16T07:54:35+00:00","dateModified":"2021-09-16T09:42:07+00:00","breadcrumb":{"@id":"https:\/\/pellervo.fi\/vastuullisuus\/2021\/09\/16\/kansainvalinen-osuustoimintaliitto-tuomitsee-afganistanin-siviileja-ja-erityisesti-naisia-vastaan-tehdyt-vakivaltaisuudet-ja-kehottaa-pikaisesti-maailmanlaajuista-yhteisoa-toimiin\/#breadcrumb"},"inLanguage":"sv-SE","potentialAction":[{"@type":"ReadAction","target":["https:\/\/pellervo.fi\/vastuullisuus\/2021\/09\/16\/kansainvalinen-osuustoimintaliitto-tuomitsee-afganistanin-siviileja-ja-erityisesti-naisia-vastaan-tehdyt-vakivaltaisuudet-ja-kehottaa-pikaisesti-maailmanlaajuista-yhteisoa-toimiin\/"]}]},{"@type":"ImageObject","inLanguage":"sv-SE","@id":"https:\/\/pellervo.fi\/vastuullisuus\/2021\/09\/16\/kansainvalinen-osuustoimintaliitto-tuomitsee-afganistanin-siviileja-ja-erityisesti-naisia-vastaan-tehdyt-vakivaltaisuudet-ja-kehottaa-pikaisesti-maailmanlaajuista-yhteisoa-toimiin\/#primaryimage","url":"https:\/\/pellervo.fi\/wp-content\/uploads\/2021\/09\/ica-1.jpg","contentUrl":"https:\/\/pellervo.fi\/wp-content\/uploads\/2021\/09\/ica-1.jpg","width":850,"height":550},{"@type":"BreadcrumbList","@id":"https:\/\/pellervo.fi\/vastuullisuus\/2021\/09\/16\/kansainvalinen-osuustoimintaliitto-tuomitsee-afganistanin-siviileja-ja-erityisesti-naisia-vastaan-tehdyt-vakivaltaisuudet-ja-kehottaa-pikaisesti-maailmanlaajuista-yhteisoa-toimiin\/#breadcrumb","itemListElement":[{"@type":"ListItem","position":1,"name":"Koti","item":"https:\/\/pellervo.fi\/sv\/"},{"@type":"ListItem","position":2,"name":"Kansainv\u00e4linen osuustoimintaliitto tuomitsee Afganistanin siviilej\u00e4 ja erityisesti naisia vastaan tehdyt v\u00e4kivaltaisuudet ja kehottaa pikaisesti maailmanlaajuista yhteis\u00f6\u00e4 toimiin"}]},{"@type":"WebSite","@id":"https:\/\/pellervo.fi\/#website","url":"https:\/\/pellervo.fi\/","name":"Pellervo","description":"Osuuskuntien keskusj\u00e4rjest\u00f6","publisher":{"@id":"https:\/\/pellervo.fi\/#organization"},"potentialAction":[{"@type":"SearchAction","target":{"@type":"EntryPoint","urlTemplate":"https:\/\/pellervo.fi\/?s={search_term_string}"},"query-input":{"@type":"PropertyValueSpecification","valueRequired":true,"valueName":"search_term_string"}}],"inLanguage":"sv-SE"},{"@type":"Organization","@id":"https:\/\/pellervo.fi\/#organization","name":"Osuustoimintakeskus Pellervo ry","url":"https:\/\/pellervo.fi\/","logo":{"@type":"ImageObject","inLanguage":"sv-SE","@id":"https:\/\/pellervo.fi\/#\/schema\/logo\/image\/","url":"https:\/\/pellervo.fi\/wp-content\/uploads\/2020\/05\/Pellervo_logo.png","contentUrl":"https:\/\/pellervo.fi\/wp-content\/uploads\/2020\/05\/Pellervo_logo.png","width":1335,"height":376,"caption":"Osuustoimintakeskus Pellervo ry"},"image":{"@id":"https:\/\/pellervo.fi\/#\/schema\/logo\/image\/"},"sameAs":["https:\/\/x.com\/PellervoFi"]},{"@type":"Person","@id":"https:\/\/pellervo.fi\/#\/schema\/person\/f001b7c670bab10e5236b09672d9e6a3","name":"Hanna Muukka","image":{"@type":"ImageObject","inLanguage":"sv-SE","@id":"https:\/\/pellervo.fi\/wp-content\/uploads\/2014\/02\/Hanna-Muukka_avatar_1393417732-96x96.jpg","url":"https:\/\/pellervo.fi\/wp-content\/uploads\/2014\/02\/Hanna-Muukka_avatar_1393417732-96x96.jpg","contentUrl":"https:\/\/pellervo.fi\/wp-content\/uploads\/2014\/02\/Hanna-Muukka_avatar_1393417732-96x96.jpg","caption":"Hanna Muukka"},"description":"Kirjoittaja ty\u00f6skentelee Osuustoimintakeskus Pellervossa vastuullisuusasiantuntijana.","url":"https:\/\/pellervo.fi\/sv\/author\/hannamuu\/"}]}},"_links":{"self":[{"href":"https:\/\/pellervo.fi\/sv\/wp-json\/wp\/v2\/posts\/891793","targetHints":{"allow":["GET"]}}],"collection":[{"href":"https:\/\/pellervo.fi\/sv\/wp-json\/wp\/v2\/posts"}],"about":[{"href":"https:\/\/pellervo.fi\/sv\/wp-json\/wp\/v2\/types\/post"}],"author":[{"embeddable":true,"href":"https:\/\/pellervo.fi\/sv\/wp-json\/wp\/v2\/users\/6"}],"replies":[{"embeddable":true,"href":"https:\/\/pellervo.fi\/sv\/wp-json\/wp\/v2\/comments?post=891793"}],"version-history":[{"count":3,"href":"https:\/\/pellervo.fi\/sv\/wp-json\/wp\/v2\/posts\/891793\/revisions"}],"predecessor-version":[{"id":891799,"href":"https:\/\/pellervo.fi\/sv\/wp-json\/wp\/v2\/posts\/891793\/revisions\/891799"}],"wp:featuredmedia":[{"embeddable":true,"href":"https:\/\/pellervo.fi\/sv\/wp-json\/wp\/v2\/media\/891803"}],"wp:attachment":[{"href":"https:\/\/pellervo.fi\/sv\/wp-json\/wp\/v2\/media?parent=891793"}],"wp:term":[{"taxonomy":"category","embeddable":true,"href":"https:\/\/pellervo.fi\/sv\/wp-json\/wp\/v2\/categories?post=891793"},{"taxonomy":"post_tag","embeddable":true,"href":"https:\/\/pellervo.fi\/sv\/wp-json\/wp\/v2\/tags?post=891793"}],"curies":[{"name":"wp","href":"https:\/\/api.w.org\/{rel}","templated":true}]}}