{"id":891865,"date":"2021-09-24T13:30:32","date_gmt":"2021-09-24T10:30:32","guid":{"rendered":"https:\/\/pellervo.fi\/?p=891865"},"modified":"2021-09-24T15:13:27","modified_gmt":"2021-09-24T12:13:27","slug":"anu-puusa-valittiin-jatkamaan-cooperatives-europen-hallituksessa","status":"publish","type":"post","link":"https:\/\/pellervo.fi\/sv\/uutiset\/2021\/09\/24\/anu-puusa-valittiin-jatkamaan-cooperatives-europen-hallituksessa\/","title":{"rendered":"Anu\u00a0Puusa\u00a0valittiin jatkamaan\u00a0Cooperatives Europen\u00a0hallituksessa\u00a0"},"content":{"rendered":"\n<p><b><span data-contrast=\"auto\">It\u00e4-Suomen yliopiston\u00a0aineettoman p\u00e4\u00e4oman\u00a0johtamisen professori\u00a0Anu\u00a0Puusa\u00a0on valittu jatkamaan\u00a0<\/span><\/b><b>Cooperatives\u00a0Europen<\/b><b><span data-contrast=\"auto\">\u00a0hallituksen j\u00e4senen\u00e4\u00a0seuraavat\u00a0nelj\u00e4 vuotta.\u00a0Uudelleenvalinta on\u00a0eritt\u00e4in perusteltu\u00a0paitsi siksi, ett\u00e4 Suomi\u00a0on maailman osuustoiminnallisin maa yli 90 prosentin\u00a0j\u00e4senkattavudellaan,\u00a0niin my\u00f6s siksi, ett\u00e4 Anu\u00a0Puusasta\u00a0on nopeassa ajassa tullut\u00a0osuustoiminnan\u00a0globaali l\u00e4hettil\u00e4s.\u00a0H\u00e4nen\u00a0toukokuussa\u00a0julkaistua\u00a0TED\u00a0Talk\u00a0-esityst\u00e4\u00e4n\u00a0on\u00a0katsottu\u00a0jo 1\u202f033\u202f000 kertaa, jonka lis\u00e4ksi\u00a0puhe\u00a0levi\u00e4\u00e4 laajalti podcastina.\u00a0<\/span><\/b><span data-ccp-props=\"{&quot;201341983&quot;:0,&quot;335551550&quot;:6,&quot;335551620&quot;:6,&quot;335559739&quot;:160,&quot;335559740&quot;:259}\">\u00a0<\/span><\/p>\n<p><i><span data-contrast=\"auto\">Cooperatives\u00a0Europe<\/span><\/i><span data-contrast=\"auto\">\u00a0on osuustoiminnallista yritysmuotoa Euroopassa edist\u00e4v\u00e4 monialainen yhteisty\u00f6j\u00e4rjest\u00f6, joka edustaa 84 osuustoiminnallista j\u00e4senorganisaatiota 33 Euroopan maasta.\u00a0Se tekee ty\u00f6t\u00e4 noin 141 miljoonan eurooppalaisen omistajan eteen ja 176 000 osuuskuntayrityksen eteen, jotka ty\u00f6llist\u00e4v\u00e4t 4,7 miljoonaa eurooppalaista. J\u00e4rjest\u00f6n keskeisin teht\u00e4v\u00e4 on edunvalvontaty\u00f6.\u00a0Tavoitteena on my\u00f6s edist\u00e4\u00e4 osuuskuntamallin tunnettuutta sek\u00e4 lis\u00e4t\u00e4 osuuskuntien kilpailukyvyn edellytyksi\u00e4.\u00a0\u00a0<\/span><span data-ccp-props=\"{&quot;201341983&quot;:0,&quot;335551550&quot;:6,&quot;335551620&quot;:6,&quot;335559739&quot;:160,&quot;335559740&quot;:259}\">\u00a0<\/span><\/p>\n<p><span data-contrast=\"auto\">\u201dNelj\u00e4 vuotta hallituksessa on osoittanut, ett\u00e4 yhteisty\u00f6ss\u00e4 on voimaa ja yksitt\u00e4inen j\u00e4senkin pystyy vaikuttamaan asioihin. Uskon vakaasti osuustoimintakoulutuksen ja viestinn\u00e4n t\u00e4rkeyteen.\u00a0Sit\u00e4 aluetta on vuosia laajasti laiminly\u00f6ty, ja n\u00e4iss\u00e4 asioissa haluan olla mukana vaikuttamassa niin paikallisella, kansallisella kuin kansainv\u00e4lisell\u00e4kin tasolla. Hallitusty\u00f6 mahdollistaa vaikuttamisen lis\u00e4ksi oppimisen muilta samalla kun voin vied\u00e4 suomalaista osuustoimintaosaamista maailmalle muiden k\u00e4ytt\u00f6\u00f6n ja hyv\u00e4ksi\u201d, sanoo professori\u00a0Puusa\u00a0ja jatkaa:\u00a0<\/span><span data-ccp-props=\"{&quot;201341983&quot;:0,&quot;335551550&quot;:6,&quot;335551620&quot;:6,&quot;335559739&quot;:160,&quot;335559740&quot;:259}\">\u00a0<\/span><\/p>\n<p><span data-contrast=\"auto\">\u201dCE-hallitusj\u00e4senyys on hieno n\u00e4k\u00f6alapaikka ja olen ylpe\u00e4 edustaessani siell\u00e4 suomalaista osuustoimintaosaamista. Mandaattini taustalla on vahva tuki Osuustoimintakeskus Pellervolta sek\u00e4 SOK:lta, josta olen kiitollinen.\u201d<\/span><span data-ccp-props=\"{&quot;201341983&quot;:0,&quot;335551550&quot;:6,&quot;335551620&quot;:6,&quot;335559739&quot;:160,&quot;335559740&quot;:259}\">\u00a0<\/span><\/p>\n<p><span data-contrast=\"auto\">Cooperatives\u00a0Europe on osa kansainv\u00e4list\u00e4 osuustoimintaliittoa (ICA, International\u00a0Cooperative\u00a0Alliance), joka on maailman suurin ei-valtiollinen j\u00e4rjest\u00f6.<\/span><span data-ccp-props=\"{&quot;201341983&quot;:0,&quot;335551550&quot;:6,&quot;335551620&quot;:6,&quot;335559739&quot;:160,&quot;335559740&quot;:259}\">\u00a0<\/span><\/p>\n<h4>Osuustoiminta\u00a0on\u00a0paikallista\u00a0vaikuttamista\u00a0\u00a0<\/h4>\n<p><span data-contrast=\"auto\">Anu\u00a0Puusa\u00a0on\u00a0aktiivisesti edist\u00e4nyt osuustoiminnan opetusta ja tutkimusta It\u00e4-Suomen yliopistossa. Puusan ty\u00f6 osuustoiminnan opetusty\u00f6st\u00e4 on saanut kansallisen opetuspalkinnon.<\/span><span data-ccp-props=\"{&quot;201341983&quot;:0,&quot;335551550&quot;:6,&quot;335551620&quot;:6,&quot;335559739&quot;:160,&quot;335559740&quot;:259}\">\u00a0<\/span><\/p>\n<p><span data-contrast=\"auto\">H\u00e4n\u00a0toimii my\u00f6s suomalaisen osuustoiminnan keskusj\u00e4rjest\u00f6 Pellervon hallituksessa\u00a0sek\u00e4 kotiseudullaan Pohjois-Karjalan osuuskaupan hallituksessa.\u00a0Viimemainittu oli tilinp\u00e4\u00e4t\u00f6svertailujen perusteella koko Suomen parhaiten menestynyt alueosuuskauppa viime vuonna. Se k\u00e4ytti ylij\u00e4\u00e4m\u00e4\u00e4ns\u00e4 monin eri tavoin maakunnan elinvoiman parantamiseen.<\/span><span data-ccp-props=\"{&quot;201341983&quot;:0,&quot;335551550&quot;:6,&quot;335551620&quot;:6,&quot;335559739&quot;:160,&quot;335559740&quot;:259}\">\u00a0<\/span><\/p>\n<p><span data-contrast=\"auto\">\u201dUskotko, ett\u00e4 kapitalismi on rikki? Kokeile osuustoimintaa,\u201d Anu\u00a0Puusa\u00a0sanoo\u00a0ymp\u00e4ri maailmaa katsojia ker\u00e4nneell\u00e4, t\u00e4m\u00e4n vuoden huhtikuussa julkaistulla\u00a0TED\u00a0Talk\u00a0-videolla.\u00a0Esitys on tekstitetty seitsem\u00e4ll\u00e4 eri kielell\u00e4, \u00e4skett\u00e4in my\u00f6s suomeksi,\u00a0sen saaman suuren suosion vuoksi.\u00a0Puheessaan\u00a0Puusa\u00a0esittelee, miten osuuskunnat &#8211; j\u00e4senten omistamat, hoitamat ja hallitsemat yritykset &#8211; voivat sek\u00e4 tehd\u00e4 voittoa ett\u00e4 vaikuttaa positiivisesti sek\u00e4 ymp\u00e4rist\u00f6\u00f6n ett\u00e4 paikallisiin yhteis\u00f6ihin.\u00a0<\/span><span data-ccp-props=\"{&quot;201341983&quot;:0,&quot;335551550&quot;:6,&quot;335551620&quot;:6,&quot;335559739&quot;:160,&quot;335559740&quot;:259}\">\u00a0<\/span><\/p>\n<p><span data-contrast=\"auto\">\u201dOsuuskuntien avulla on mahdollista tehd\u00e4 bisnest\u00e4 ja hyv\u00e4\u00e4 samalla kertaa.\u201d<\/span><span data-ccp-props=\"{&quot;201341983&quot;:0,&quot;335551550&quot;:6,&quot;335551620&quot;:6,&quot;335559739&quot;:160,&quot;335559740&quot;:259}\">\u00a0<\/span><\/p>\n<p><span style=\"text-decoration: underline;\"><a href=\"https:\/\/www.ted.com\/talks\/anu_puusa_the_case_for_co_ops_the_invisible_giant_of_the_economy\">Anu Puusa TED Talk -video (tekstitys my\u00f6s suomeksi)<\/a><\/span><br \/><a href=\"https:\/\/coopseurope.coop\/\"><span style=\"text-decoration: underline;\">Cooperatives Europe<\/span><\/a><\/p>\n","protected":false},"excerpt":{"rendered":"<p>It\u00e4-Suomen yliopiston\u00a0aineettoman p\u00e4\u00e4oman\u00a0johtamisen professori\u00a0Anu\u00a0Puusa\u00a0on valittu jatkamaan\u00a0Cooperatives\u00a0Europen\u00a0hallituksen j\u00e4senen\u00e4\u00a0seuraavat\u00a0nelj\u00e4 vuotta.\u00a0Uudelleenvalinta on\u00a0eritt\u00e4in perusteltu\u00a0paitsi siksi, ett\u00e4 Suomi\u00a0on maailman osuustoiminnallisin maa yli 90 prosentin\u00a0j\u00e4senkattavudellaan,\u00a0niin my\u00f6s siksi, ett\u00e4 Anu\u00a0Puusasta\u00a0on nopeassa ajassa tullut\u00a0osuustoiminnan\u00a0globaali l\u00e4hettil\u00e4s.\u00a0H\u00e4nen\u00a0toukokuussa\u00a0julkaistua\u00a0TED\u00a0Talk\u00a0-esityst\u00e4\u00e4n\u00a0on\u00a0katsottu\u00a0jo 1\u202f033\u202f000 kertaa, jonka lis\u00e4ksi\u00a0puhe\u00a0levi\u00e4\u00e4 laajalti podcastina.\u00a0\u00a0<\/p>\n","protected":false},"author":5,"featured_media":669878,"comment_status":"closed","ping_status":"closed","sticky":false,"template":"","format":"standard","meta":{"inline_featured_image":false,"_monsterinsights_skip_tracking":false,"_monsterinsights_sitenote_active":false,"_monsterinsights_sitenote_note":"","_monsterinsights_sitenote_category":0,"site-sidebar-layout":"default","site-content-layout":"default","ast-site-content-layout":"default","site-content-style":"default","site-sidebar-style":"default","ast-global-header-display":"","ast-banner-title-visibility":"","ast-main-header-display":"","ast-hfb-above-header-display":"","ast-hfb-below-header-display":"","ast-hfb-mobile-header-display":"","site-post-title":"","ast-breadcrumbs-content":"","ast-featured-img":"","footer-sml-layout":"","ast-disable-related-posts":"","theme-transparent-header-meta":"default","adv-header-id-meta":"","stick-header-meta":"","header-above-stick-meta":"","header-main-stick-meta":"","header-below-stick-meta":"","astra-migrate-meta-layouts":"default","ast-page-background-enabled":"default","ast-page-background-meta":{"desktop":{"background-color":"","background-image":"","background-repeat":"repeat","background-position":"center center","background-size":"auto","background-attachment":"scroll","background-type":"","background-media":"","overlay-type":"","overlay-color":"","overlay-opacity":"","overlay-gradient":""},"tablet":{"background-color":"","background-image":"","background-repeat":"repeat","background-position":"center center","background-size":"auto","background-attachment":"scroll","background-type":"","background-media":"","overlay-type":"","overlay-color":"","overlay-opacity":"","overlay-gradient":""},"mobile":{"background-color":"","background-image":"","background-repeat":"repeat","background-position":"center center","background-size":"auto","background-attachment":"scroll","background-type":"","background-media":"","overlay-type":"","overlay-color":"","overlay-opacity":"","overlay-gradient":""}},"ast-content-background-meta":{"desktop":{"background-color":"var(--ast-global-color-5)","background-image":"","background-repeat":"repeat","background-position":"center center","background-size":"auto","background-attachment":"scroll","background-type":"","background-media":"","overlay-type":"","overlay-color":"","overlay-opacity":"","overlay-gradient":""},"tablet":{"background-color":"var(--ast-global-color-5)","background-image":"","background-repeat":"repeat","background-position":"center center","background-size":"auto","background-attachment":"scroll","background-type":"","background-media":"","overlay-type":"","overlay-color":"","overlay-opacity":"","overlay-gradient":""},"mobile":{"background-color":"var(--ast-global-color-5)","background-image":"","background-repeat":"repeat","background-position":"center center","background-size":"auto","background-attachment":"scroll","background-type":"","background-media":"","overlay-type":"","overlay-color":"","overlay-opacity":"","overlay-gradient":""}},"_FSMCFIC_featured_image_caption":"","_FSMCFIC_featured_image_nocaption":"","_FSMCFIC_featured_image_hide":"","footnotes":""},"categories":[22],"tags":[],"class_list":["post-891865","post","type-post","status-publish","format-standard","has-post-thumbnail","hentry","category-uutiset"],"yoast_head":"<!-- This site is optimized with the Yoast SEO plugin v27.5 - https:\/\/yoast.com\/product\/yoast-seo-wordpress\/ -->\n<title>Anu\u00a0Puusa\u00a0valittiin jatkamaan\u00a0Cooperatives Europen\u00a0hallituksessa\u00a0 - Pellervo<\/title>\n<meta name=\"robots\" content=\"index, follow, max-snippet:-1, max-image-preview:large, max-video-preview:-1\" \/>\n<link rel=\"canonical\" href=\"https:\/\/pellervo.fi\/uutiset\/2021\/09\/24\/anu-puusa-valittiin-jatkamaan-cooperatives-europen-hallituksessa\/\" \/>\n<meta property=\"og:locale\" content=\"sv_SE\" \/>\n<meta property=\"og:type\" content=\"article\" \/>\n<meta property=\"og:title\" content=\"Anu\u00a0Puusa\u00a0valittiin jatkamaan\u00a0Cooperatives Europen\u00a0hallituksessa\u00a0 - Pellervo\" \/>\n<meta property=\"og:description\" content=\"It\u00e4-Suomen yliopiston\u00a0aineettoman p\u00e4\u00e4oman\u00a0johtamisen professori\u00a0Anu\u00a0Puusa\u00a0on valittu jatkamaan\u00a0Cooperatives\u00a0Europen\u00a0hallituksen j\u00e4senen\u00e4\u00a0seuraavat\u00a0nelj\u00e4 vuotta.\u00a0Uudelleenvalinta on\u00a0eritt\u00e4in perusteltu\u00a0paitsi siksi, ett\u00e4 Suomi\u00a0on maailman osuustoiminnallisin maa yli 90 prosentin\u00a0j\u00e4senkattavudellaan,\u00a0niin my\u00f6s siksi, ett\u00e4 Anu\u00a0Puusasta\u00a0on nopeassa ajassa tullut\u00a0osuustoiminnan\u00a0globaali l\u00e4hettil\u00e4s.\u00a0H\u00e4nen\u00a0toukokuussa\u00a0julkaistua\u00a0TED\u00a0Talk\u00a0-esityst\u00e4\u00e4n\u00a0on\u00a0katsottu\u00a0jo 1\u202f033\u202f000 kertaa, jonka lis\u00e4ksi\u00a0puhe\u00a0levi\u00e4\u00e4 laajalti podcastina.\u00a0\u00a0\" \/>\n<meta property=\"og:url\" content=\"https:\/\/pellervo.fi\/uutiset\/2021\/09\/24\/anu-puusa-valittiin-jatkamaan-cooperatives-europen-hallituksessa\/\" \/>\n<meta property=\"og:site_name\" content=\"Pellervo\" \/>\n<meta property=\"article:published_time\" content=\"2021-09-24T10:30:32+00:00\" \/>\n<meta property=\"article:modified_time\" content=\"2021-09-24T12:13:27+00:00\" \/>\n<meta property=\"og:image\" content=\"https:\/\/pellervo.fi\/wp-content\/uploads\/2017\/04\/anu-puusa-vaaka.jpg\" \/>\n\t<meta property=\"og:image:width\" content=\"800\" \/>\n\t<meta property=\"og:image:height\" content=\"539\" \/>\n\t<meta property=\"og:image:type\" content=\"image\/jpeg\" \/>\n<meta name=\"author\" content=\"pellervo\" \/>\n<meta name=\"twitter:card\" content=\"summary_large_image\" \/>\n<meta name=\"twitter:creator\" content=\"@PellervoFi\" \/>\n<meta name=\"twitter:site\" content=\"@PellervoFi\" \/>\n<meta name=\"twitter:label1\" content=\"Skriven av\" \/>\n\t<meta name=\"twitter:data1\" content=\"pellervo\" \/>\n\t<meta name=\"twitter:label2\" content=\"Ber\u00e4knad l\u00e4stid\" \/>\n\t<meta name=\"twitter:data2\" content=\"2 minuter\" \/>\n<script type=\"application\/ld+json\" class=\"yoast-schema-graph\">{\"@context\":\"https:\\\/\\\/schema.org\",\"@graph\":[{\"@type\":\"Article\",\"@id\":\"https:\\\/\\\/pellervo.fi\\\/uutiset\\\/2021\\\/09\\\/24\\\/anu-puusa-valittiin-jatkamaan-cooperatives-europen-hallituksessa\\\/#article\",\"isPartOf\":{\"@id\":\"https:\\\/\\\/pellervo.fi\\\/uutiset\\\/2021\\\/09\\\/24\\\/anu-puusa-valittiin-jatkamaan-cooperatives-europen-hallituksessa\\\/\"},\"author\":{\"name\":\"pellervo\",\"@id\":\"https:\\\/\\\/pellervo.fi\\\/#\\\/schema\\\/person\\\/4b74d40956937d1367ade81899997e71\"},\"headline\":\"Anu\u00a0Puusa\u00a0valittiin jatkamaan\u00a0Cooperatives Europen\u00a0hallituksessa\u00a0\",\"datePublished\":\"2021-09-24T10:30:32+00:00\",\"dateModified\":\"2021-09-24T12:13:27+00:00\",\"mainEntityOfPage\":{\"@id\":\"https:\\\/\\\/pellervo.fi\\\/uutiset\\\/2021\\\/09\\\/24\\\/anu-puusa-valittiin-jatkamaan-cooperatives-europen-hallituksessa\\\/\"},\"wordCount\":418,\"publisher\":{\"@id\":\"https:\\\/\\\/pellervo.fi\\\/#organization\"},\"image\":{\"@id\":\"https:\\\/\\\/pellervo.fi\\\/uutiset\\\/2021\\\/09\\\/24\\\/anu-puusa-valittiin-jatkamaan-cooperatives-europen-hallituksessa\\\/#primaryimage\"},\"thumbnailUrl\":\"https:\\\/\\\/pellervo.fi\\\/wp-content\\\/uploads\\\/2017\\\/04\\\/anu-puusa-vaaka.jpg\",\"articleSection\":[\"Uutiset\"],\"inLanguage\":\"sv-SE\"},{\"@type\":\"WebPage\",\"@id\":\"https:\\\/\\\/pellervo.fi\\\/uutiset\\\/2021\\\/09\\\/24\\\/anu-puusa-valittiin-jatkamaan-cooperatives-europen-hallituksessa\\\/\",\"url\":\"https:\\\/\\\/pellervo.fi\\\/uutiset\\\/2021\\\/09\\\/24\\\/anu-puusa-valittiin-jatkamaan-cooperatives-europen-hallituksessa\\\/\",\"name\":\"Anu\u00a0Puusa\u00a0valittiin jatkamaan\u00a0Cooperatives Europen\u00a0hallituksessa\u00a0 - Pellervo\",\"isPartOf\":{\"@id\":\"https:\\\/\\\/pellervo.fi\\\/#website\"},\"primaryImageOfPage\":{\"@id\":\"https:\\\/\\\/pellervo.fi\\\/uutiset\\\/2021\\\/09\\\/24\\\/anu-puusa-valittiin-jatkamaan-cooperatives-europen-hallituksessa\\\/#primaryimage\"},\"image\":{\"@id\":\"https:\\\/\\\/pellervo.fi\\\/uutiset\\\/2021\\\/09\\\/24\\\/anu-puusa-valittiin-jatkamaan-cooperatives-europen-hallituksessa\\\/#primaryimage\"},\"thumbnailUrl\":\"https:\\\/\\\/pellervo.fi\\\/wp-content\\\/uploads\\\/2017\\\/04\\\/anu-puusa-vaaka.jpg\",\"datePublished\":\"2021-09-24T10:30:32+00:00\",\"dateModified\":\"2021-09-24T12:13:27+00:00\",\"breadcrumb\":{\"@id\":\"https:\\\/\\\/pellervo.fi\\\/uutiset\\\/2021\\\/09\\\/24\\\/anu-puusa-valittiin-jatkamaan-cooperatives-europen-hallituksessa\\\/#breadcrumb\"},\"inLanguage\":\"sv-SE\",\"potentialAction\":[{\"@type\":\"ReadAction\",\"target\":[\"https:\\\/\\\/pellervo.fi\\\/uutiset\\\/2021\\\/09\\\/24\\\/anu-puusa-valittiin-jatkamaan-cooperatives-europen-hallituksessa\\\/\"]}]},{\"@type\":\"ImageObject\",\"inLanguage\":\"sv-SE\",\"@id\":\"https:\\\/\\\/pellervo.fi\\\/uutiset\\\/2021\\\/09\\\/24\\\/anu-puusa-valittiin-jatkamaan-cooperatives-europen-hallituksessa\\\/#primaryimage\",\"url\":\"https:\\\/\\\/pellervo.fi\\\/wp-content\\\/uploads\\\/2017\\\/04\\\/anu-puusa-vaaka.jpg\",\"contentUrl\":\"https:\\\/\\\/pellervo.fi\\\/wp-content\\\/uploads\\\/2017\\\/04\\\/anu-puusa-vaaka.jpg\",\"width\":800,\"height\":539},{\"@type\":\"BreadcrumbList\",\"@id\":\"https:\\\/\\\/pellervo.fi\\\/uutiset\\\/2021\\\/09\\\/24\\\/anu-puusa-valittiin-jatkamaan-cooperatives-europen-hallituksessa\\\/#breadcrumb\",\"itemListElement\":[{\"@type\":\"ListItem\",\"position\":1,\"name\":\"Koti\",\"item\":\"https:\\\/\\\/pellervo.fi\\\/sv\\\/\"},{\"@type\":\"ListItem\",\"position\":2,\"name\":\"Anu\u00a0Puusa\u00a0valittiin jatkamaan\u00a0Cooperatives Europen\u00a0hallituksessa\u00a0\"}]},{\"@type\":\"WebSite\",\"@id\":\"https:\\\/\\\/pellervo.fi\\\/#website\",\"url\":\"https:\\\/\\\/pellervo.fi\\\/\",\"name\":\"Pellervo\",\"description\":\"Osuuskuntien keskusj\u00e4rjest\u00f6\",\"publisher\":{\"@id\":\"https:\\\/\\\/pellervo.fi\\\/#organization\"},\"potentialAction\":[{\"@type\":\"SearchAction\",\"target\":{\"@type\":\"EntryPoint\",\"urlTemplate\":\"https:\\\/\\\/pellervo.fi\\\/?s={search_term_string}\"},\"query-input\":{\"@type\":\"PropertyValueSpecification\",\"valueRequired\":true,\"valueName\":\"search_term_string\"}}],\"inLanguage\":\"sv-SE\"},{\"@type\":\"Organization\",\"@id\":\"https:\\\/\\\/pellervo.fi\\\/#organization\",\"name\":\"Osuustoimintakeskus Pellervo ry\",\"url\":\"https:\\\/\\\/pellervo.fi\\\/\",\"logo\":{\"@type\":\"ImageObject\",\"inLanguage\":\"sv-SE\",\"@id\":\"https:\\\/\\\/pellervo.fi\\\/#\\\/schema\\\/logo\\\/image\\\/\",\"url\":\"https:\\\/\\\/pellervo.fi\\\/wp-content\\\/uploads\\\/2020\\\/05\\\/Pellervo_logo.png\",\"contentUrl\":\"https:\\\/\\\/pellervo.fi\\\/wp-content\\\/uploads\\\/2020\\\/05\\\/Pellervo_logo.png\",\"width\":1335,\"height\":376,\"caption\":\"Osuustoimintakeskus Pellervo ry\"},\"image\":{\"@id\":\"https:\\\/\\\/pellervo.fi\\\/#\\\/schema\\\/logo\\\/image\\\/\"},\"sameAs\":[\"https:\\\/\\\/x.com\\\/PellervoFi\"]},{\"@type\":\"Person\",\"@id\":\"https:\\\/\\\/pellervo.fi\\\/#\\\/schema\\\/person\\\/4b74d40956937d1367ade81899997e71\",\"name\":\"pellervo\",\"image\":{\"@type\":\"ImageObject\",\"inLanguage\":\"sv-SE\",\"@id\":\"https:\\\/\\\/pellervo.fi\\\/wp-content\\\/uploads\\\/2013\\\/11\\\/pellervo_avatar_1384522134-96x96.jpg\",\"url\":\"https:\\\/\\\/pellervo.fi\\\/wp-content\\\/uploads\\\/2013\\\/11\\\/pellervo_avatar_1384522134-96x96.jpg\",\"contentUrl\":\"https:\\\/\\\/pellervo.fi\\\/wp-content\\\/uploads\\\/2013\\\/11\\\/pellervo_avatar_1384522134-96x96.jpg\",\"caption\":\"pellervo\"},\"description\":\"Kuvaus\",\"url\":\"https:\\\/\\\/pellervo.fi\\\/sv\\\/author\\\/pellervo\\\/\"}]}<\/script>\n<!-- \/ Yoast SEO plugin. -->","yoast_head_json":{"title":"Anu\u00a0Puusa\u00a0valittiin jatkamaan\u00a0Cooperatives Europen\u00a0hallituksessa\u00a0 - Pellervo","robots":{"index":"index","follow":"follow","max-snippet":"max-snippet:-1","max-image-preview":"max-image-preview:large","max-video-preview":"max-video-preview:-1"},"canonical":"https:\/\/pellervo.fi\/uutiset\/2021\/09\/24\/anu-puusa-valittiin-jatkamaan-cooperatives-europen-hallituksessa\/","og_locale":"sv_SE","og_type":"article","og_title":"Anu\u00a0Puusa\u00a0valittiin jatkamaan\u00a0Cooperatives Europen\u00a0hallituksessa\u00a0 - Pellervo","og_description":"It\u00e4-Suomen yliopiston\u00a0aineettoman p\u00e4\u00e4oman\u00a0johtamisen professori\u00a0Anu\u00a0Puusa\u00a0on valittu jatkamaan\u00a0Cooperatives\u00a0Europen\u00a0hallituksen j\u00e4senen\u00e4\u00a0seuraavat\u00a0nelj\u00e4 vuotta.\u00a0Uudelleenvalinta on\u00a0eritt\u00e4in perusteltu\u00a0paitsi siksi, ett\u00e4 Suomi\u00a0on maailman osuustoiminnallisin maa yli 90 prosentin\u00a0j\u00e4senkattavudellaan,\u00a0niin my\u00f6s siksi, ett\u00e4 Anu\u00a0Puusasta\u00a0on nopeassa ajassa tullut\u00a0osuustoiminnan\u00a0globaali l\u00e4hettil\u00e4s.\u00a0H\u00e4nen\u00a0toukokuussa\u00a0julkaistua\u00a0TED\u00a0Talk\u00a0-esityst\u00e4\u00e4n\u00a0on\u00a0katsottu\u00a0jo 1\u202f033\u202f000 kertaa, jonka lis\u00e4ksi\u00a0puhe\u00a0levi\u00e4\u00e4 laajalti podcastina.\u00a0\u00a0","og_url":"https:\/\/pellervo.fi\/uutiset\/2021\/09\/24\/anu-puusa-valittiin-jatkamaan-cooperatives-europen-hallituksessa\/","og_site_name":"Pellervo","article_published_time":"2021-09-24T10:30:32+00:00","article_modified_time":"2021-09-24T12:13:27+00:00","og_image":[{"width":800,"height":539,"url":"https:\/\/pellervo.fi\/wp-content\/uploads\/2017\/04\/anu-puusa-vaaka.jpg","type":"image\/jpeg"}],"author":"pellervo","twitter_card":"summary_large_image","twitter_creator":"@PellervoFi","twitter_site":"@PellervoFi","twitter_misc":{"Skriven av":"pellervo","Ber\u00e4knad l\u00e4stid":"2 minuter"},"schema":{"@context":"https:\/\/schema.org","@graph":[{"@type":"Article","@id":"https:\/\/pellervo.fi\/uutiset\/2021\/09\/24\/anu-puusa-valittiin-jatkamaan-cooperatives-europen-hallituksessa\/#article","isPartOf":{"@id":"https:\/\/pellervo.fi\/uutiset\/2021\/09\/24\/anu-puusa-valittiin-jatkamaan-cooperatives-europen-hallituksessa\/"},"author":{"name":"pellervo","@id":"https:\/\/pellervo.fi\/#\/schema\/person\/4b74d40956937d1367ade81899997e71"},"headline":"Anu\u00a0Puusa\u00a0valittiin jatkamaan\u00a0Cooperatives Europen\u00a0hallituksessa\u00a0","datePublished":"2021-09-24T10:30:32+00:00","dateModified":"2021-09-24T12:13:27+00:00","mainEntityOfPage":{"@id":"https:\/\/pellervo.fi\/uutiset\/2021\/09\/24\/anu-puusa-valittiin-jatkamaan-cooperatives-europen-hallituksessa\/"},"wordCount":418,"publisher":{"@id":"https:\/\/pellervo.fi\/#organization"},"image":{"@id":"https:\/\/pellervo.fi\/uutiset\/2021\/09\/24\/anu-puusa-valittiin-jatkamaan-cooperatives-europen-hallituksessa\/#primaryimage"},"thumbnailUrl":"https:\/\/pellervo.fi\/wp-content\/uploads\/2017\/04\/anu-puusa-vaaka.jpg","articleSection":["Uutiset"],"inLanguage":"sv-SE"},{"@type":"WebPage","@id":"https:\/\/pellervo.fi\/uutiset\/2021\/09\/24\/anu-puusa-valittiin-jatkamaan-cooperatives-europen-hallituksessa\/","url":"https:\/\/pellervo.fi\/uutiset\/2021\/09\/24\/anu-puusa-valittiin-jatkamaan-cooperatives-europen-hallituksessa\/","name":"Anu\u00a0Puusa\u00a0valittiin jatkamaan\u00a0Cooperatives Europen\u00a0hallituksessa\u00a0 - Pellervo","isPartOf":{"@id":"https:\/\/pellervo.fi\/#website"},"primaryImageOfPage":{"@id":"https:\/\/pellervo.fi\/uutiset\/2021\/09\/24\/anu-puusa-valittiin-jatkamaan-cooperatives-europen-hallituksessa\/#primaryimage"},"image":{"@id":"https:\/\/pellervo.fi\/uutiset\/2021\/09\/24\/anu-puusa-valittiin-jatkamaan-cooperatives-europen-hallituksessa\/#primaryimage"},"thumbnailUrl":"https:\/\/pellervo.fi\/wp-content\/uploads\/2017\/04\/anu-puusa-vaaka.jpg","datePublished":"2021-09-24T10:30:32+00:00","dateModified":"2021-09-24T12:13:27+00:00","breadcrumb":{"@id":"https:\/\/pellervo.fi\/uutiset\/2021\/09\/24\/anu-puusa-valittiin-jatkamaan-cooperatives-europen-hallituksessa\/#breadcrumb"},"inLanguage":"sv-SE","potentialAction":[{"@type":"ReadAction","target":["https:\/\/pellervo.fi\/uutiset\/2021\/09\/24\/anu-puusa-valittiin-jatkamaan-cooperatives-europen-hallituksessa\/"]}]},{"@type":"ImageObject","inLanguage":"sv-SE","@id":"https:\/\/pellervo.fi\/uutiset\/2021\/09\/24\/anu-puusa-valittiin-jatkamaan-cooperatives-europen-hallituksessa\/#primaryimage","url":"https:\/\/pellervo.fi\/wp-content\/uploads\/2017\/04\/anu-puusa-vaaka.jpg","contentUrl":"https:\/\/pellervo.fi\/wp-content\/uploads\/2017\/04\/anu-puusa-vaaka.jpg","width":800,"height":539},{"@type":"BreadcrumbList","@id":"https:\/\/pellervo.fi\/uutiset\/2021\/09\/24\/anu-puusa-valittiin-jatkamaan-cooperatives-europen-hallituksessa\/#breadcrumb","itemListElement":[{"@type":"ListItem","position":1,"name":"Koti","item":"https:\/\/pellervo.fi\/sv\/"},{"@type":"ListItem","position":2,"name":"Anu\u00a0Puusa\u00a0valittiin jatkamaan\u00a0Cooperatives Europen\u00a0hallituksessa\u00a0"}]},{"@type":"WebSite","@id":"https:\/\/pellervo.fi\/#website","url":"https:\/\/pellervo.fi\/","name":"Pellervo","description":"Osuuskuntien keskusj\u00e4rjest\u00f6","publisher":{"@id":"https:\/\/pellervo.fi\/#organization"},"potentialAction":[{"@type":"SearchAction","target":{"@type":"EntryPoint","urlTemplate":"https:\/\/pellervo.fi\/?s={search_term_string}"},"query-input":{"@type":"PropertyValueSpecification","valueRequired":true,"valueName":"search_term_string"}}],"inLanguage":"sv-SE"},{"@type":"Organization","@id":"https:\/\/pellervo.fi\/#organization","name":"Osuustoimintakeskus Pellervo ry","url":"https:\/\/pellervo.fi\/","logo":{"@type":"ImageObject","inLanguage":"sv-SE","@id":"https:\/\/pellervo.fi\/#\/schema\/logo\/image\/","url":"https:\/\/pellervo.fi\/wp-content\/uploads\/2020\/05\/Pellervo_logo.png","contentUrl":"https:\/\/pellervo.fi\/wp-content\/uploads\/2020\/05\/Pellervo_logo.png","width":1335,"height":376,"caption":"Osuustoimintakeskus Pellervo ry"},"image":{"@id":"https:\/\/pellervo.fi\/#\/schema\/logo\/image\/"},"sameAs":["https:\/\/x.com\/PellervoFi"]},{"@type":"Person","@id":"https:\/\/pellervo.fi\/#\/schema\/person\/4b74d40956937d1367ade81899997e71","name":"pellervo","image":{"@type":"ImageObject","inLanguage":"sv-SE","@id":"https:\/\/pellervo.fi\/wp-content\/uploads\/2013\/11\/pellervo_avatar_1384522134-96x96.jpg","url":"https:\/\/pellervo.fi\/wp-content\/uploads\/2013\/11\/pellervo_avatar_1384522134-96x96.jpg","contentUrl":"https:\/\/pellervo.fi\/wp-content\/uploads\/2013\/11\/pellervo_avatar_1384522134-96x96.jpg","caption":"pellervo"},"description":"Kuvaus","url":"https:\/\/pellervo.fi\/sv\/author\/pellervo\/"}]}},"_links":{"self":[{"href":"https:\/\/pellervo.fi\/sv\/wp-json\/wp\/v2\/posts\/891865","targetHints":{"allow":["GET"]}}],"collection":[{"href":"https:\/\/pellervo.fi\/sv\/wp-json\/wp\/v2\/posts"}],"about":[{"href":"https:\/\/pellervo.fi\/sv\/wp-json\/wp\/v2\/types\/post"}],"author":[{"embeddable":true,"href":"https:\/\/pellervo.fi\/sv\/wp-json\/wp\/v2\/users\/5"}],"replies":[{"embeddable":true,"href":"https:\/\/pellervo.fi\/sv\/wp-json\/wp\/v2\/comments?post=891865"}],"version-history":[{"count":3,"href":"https:\/\/pellervo.fi\/sv\/wp-json\/wp\/v2\/posts\/891865\/revisions"}],"predecessor-version":[{"id":891878,"href":"https:\/\/pellervo.fi\/sv\/wp-json\/wp\/v2\/posts\/891865\/revisions\/891878"}],"wp:featuredmedia":[{"embeddable":true,"href":"https:\/\/pellervo.fi\/sv\/wp-json\/wp\/v2\/media\/669878"}],"wp:attachment":[{"href":"https:\/\/pellervo.fi\/sv\/wp-json\/wp\/v2\/media?parent=891865"}],"wp:term":[{"taxonomy":"category","embeddable":true,"href":"https:\/\/pellervo.fi\/sv\/wp-json\/wp\/v2\/categories?post=891865"},{"taxonomy":"post_tag","embeddable":true,"href":"https:\/\/pellervo.fi\/sv\/wp-json\/wp\/v2\/tags?post=891865"}],"curies":[{"name":"wp","href":"https:\/\/api.w.org\/{rel}","templated":true}]}}