{"id":892005,"date":"2021-10-07T11:49:34","date_gmt":"2021-10-07T08:49:34","guid":{"rendered":"https:\/\/pellervo.fi\/?p=892005"},"modified":"2021-11-01T10:15:17","modified_gmt":"2021-11-01T08:15:17","slug":"ungdomar-som-paverkare-och-beslutsfattare-hur-ser-framtiden-ut","status":"publish","type":"post","link":"https:\/\/pellervo.fi\/sv\/svenska-2\/2021\/10\/07\/ungdomar-som-paverkare-och-beslutsfattare-hur-ser-framtiden-ut\/","title":{"rendered":"Ungdomar som p\u00e5verkare och beslutsfattare &#8211; hur ser framtiden ut?"},"content":{"rendered":"\n<p>Hur f\u00e5r man unga att engagera sig vid verksamheten i medlemsbaserade organisationer d\u00e4r existensen \u00e4r baserad p\u00e5 medlemskap och deras engagemang? I dagens samh\u00e4lle har unga m\u00e4nniskor m\u00e5nga valm\u00f6jligheter. Vad har kooperativ och f\u00f6reningar att erbjuda dem?<\/p>\n<p>Kom med i ett webbinarium d\u00e4r ungdomar och deras fr\u00e5gor st\u00e5r i centrum. Deltagande \u00e4r gratis. Vi ber om registrering senast 31.10 p\u00e5 <span style=\"text-decoration: underline;\"><a href=\"https:\/\/registration.contio.fi\/pellervo\/Registration\/Login?id=1055-T_1055-77\" target=\"_blank\" rel=\"noopener\">https:\/\/registration.contio.fi\/pellervo\/Registration\/Login?id=1055-T_1055-77<\/a><\/span><\/p>\n<p><strong>PROGRAM <\/strong><\/p>\n<p>Tid: 4.11.2021 kl. 13-15.30<\/p>\n<p>Moderator: <em>Anita Westerholm<\/em><\/p>\n<p>13.00-13.15 <br \/>V\u00e4lkommen &amp; introduktion: Hur upplever ungdomar om sina m\u00f6jligheter att delta?<br \/><em>Kari Huhtala<\/em>, Finlands Svenska Andelsf\u00f6rbund<\/p>\n<p>13.15-13.45<br \/>Vad motiverar ungdomar att engagera sig och ta ansvar?<br \/><em>Katarina Weckman<\/em>, Regional Coordinator JCI Mariehamn<\/p>\n<p>13.45-14.10<br \/>Hur hitta och uppmuntra intresserade unga \u2013 diskussion i grupper<\/p>\n<p>14.10-14.20<br \/>Paus<\/p>\n<p>14.20-14.45<br \/>Sammanfattning av gruppresultat<\/p>\n<p>14.45-15.15<br \/>Next level \u2013 L\u00e5sa upp ungdomarnas potential. \u00a0Round Table -diskussion med moderatorn<br \/>*** <em>Anton Bro\u00e4nda<\/em>, Kronoby<br \/>*** <em>Henrik Wikstr\u00f6m<\/em>, Ing\u00e5<\/p>\n<p>15.20 Avslutning, <em>Stefan Saaristo<\/em>, ordf\u00f6rande, Finlands Svenska Andelsf\u00f6rbund\u00a0<\/p>\n<p>&#8212;<\/p>\n<aside><\/aside>\n<aside>\n<p><em>Anita Westerholm<\/em> \u00e4r juridik- och ekonomistuderande som s\u00e4ger att \u201dhon g\u00e4rna tar ansvar\u201d. Hon \u00e4r styrelsemedlem vid F\u00f6rbundsarenan och stadsstyrelsens ordf\u00f6rande i Raseborg.<\/p>\n<p><em>Katarina Weckman<\/em> \u00e4r Regional Coordinator\u00a0 p\u00e5 JCI Finland &#8211; Suomen Nuorkauppakamarit ry i Mariehamn.<\/p>\n<p><em>Anton Bro\u00e4nda<\/em> \u00e4r jordbrukare fr\u00e5n Kronoby. Han \u00e4r aktiv i lantbruksproducenternas organisationer verkar ocks\u00e5 som f\u00f6rbundsstyrelsemedlem vid Svensk Ungdom.<\/p>\n<p><em>Henrik Wickstr\u00f6m<\/em> \u00e4r en p\u00e5verkare fr\u00e5n Ing\u00e5. Han verkar i kommunalpolitiken och har ocks\u00e5 kandiderat i riksdagsvalet.<\/p>\n<\/aside>\n","protected":false},"excerpt":{"rendered":"<p>Hur f\u00e5r man unga att engagera sig vid verksamheten i medlemsbaserade organisationer d\u00e4r existensen \u00e4r baserad p\u00e5 medlemskap och deras engagemang? I dagens samh\u00e4lle har unga m\u00e4nniskor m\u00e5nga valm\u00f6jligheter. Vad har kooperativ och f\u00f6reningar att erbjuda dem? Kom med i ett webbinarium d\u00e4r ungdomar och deras fr\u00e5gor st\u00e5r i centrum. Deltagande \u00e4r gratis.<\/p>\n","protected":false},"author":5,"featured_media":892026,"comment_status":"closed","ping_status":"closed","sticky":false,"template":"","format":"standard","meta":{"inline_featured_image":false,"_monsterinsights_skip_tracking":false,"_monsterinsights_sitenote_active":false,"_monsterinsights_sitenote_note":"","_monsterinsights_sitenote_category":0,"site-sidebar-layout":"default","site-content-layout":"default","ast-site-content-layout":"default","site-content-style":"default","site-sidebar-style":"default","ast-global-header-display":"","ast-banner-title-visibility":"","ast-main-header-display":"","ast-hfb-above-header-display":"","ast-hfb-below-header-display":"","ast-hfb-mobile-header-display":"","site-post-title":"","ast-breadcrumbs-content":"","ast-featured-img":"","footer-sml-layout":"","ast-disable-related-posts":"","theme-transparent-header-meta":"default","adv-header-id-meta":"","stick-header-meta":"","header-above-stick-meta":"","header-main-stick-meta":"","header-below-stick-meta":"","astra-migrate-meta-layouts":"default","ast-page-background-enabled":"default","ast-page-background-meta":{"desktop":{"background-color":"","background-image":"","background-repeat":"repeat","background-position":"center center","background-size":"auto","background-attachment":"scroll","background-type":"","background-media":"","overlay-type":"","overlay-color":"","overlay-opacity":"","overlay-gradient":""},"tablet":{"background-color":"","background-image":"","background-repeat":"repeat","background-position":"center center","background-size":"auto","background-attachment":"scroll","background-type":"","background-media":"","overlay-type":"","overlay-color":"","overlay-opacity":"","overlay-gradient":""},"mobile":{"background-color":"","background-image":"","background-repeat":"repeat","background-position":"center center","background-size":"auto","background-attachment":"scroll","background-type":"","background-media":"","overlay-type":"","overlay-color":"","overlay-opacity":"","overlay-gradient":""}},"ast-content-background-meta":{"desktop":{"background-color":"var(--ast-global-color-5)","background-image":"","background-repeat":"repeat","background-position":"center center","background-size":"auto","background-attachment":"scroll","background-type":"","background-media":"","overlay-type":"","overlay-color":"","overlay-opacity":"","overlay-gradient":""},"tablet":{"background-color":"var(--ast-global-color-5)","background-image":"","background-repeat":"repeat","background-position":"center center","background-size":"auto","background-attachment":"scroll","background-type":"","background-media":"","overlay-type":"","overlay-color":"","overlay-opacity":"","overlay-gradient":""},"mobile":{"background-color":"var(--ast-global-color-5)","background-image":"","background-repeat":"repeat","background-position":"center center","background-size":"auto","background-attachment":"scroll","background-type":"","background-media":"","overlay-type":"","overlay-color":"","overlay-opacity":"","overlay-gradient":""}},"_FSMCFIC_featured_image_caption":"","_FSMCFIC_featured_image_nocaption":"","_FSMCFIC_featured_image_hide":"","footnotes":""},"categories":[300],"tags":[],"class_list":["post-892005","post","type-post","status-publish","format-standard","has-post-thumbnail","hentry","category-svenska-2"],"yoast_head":"<!-- This site is optimized with the Yoast SEO plugin v27.5 - https:\/\/yoast.com\/product\/yoast-seo-wordpress\/ -->\n<title>Ungdomar som p\u00e5verkare och beslutsfattare - hur ser framtiden ut? - Pellervo<\/title>\n<meta name=\"robots\" content=\"index, follow, max-snippet:-1, max-image-preview:large, max-video-preview:-1\" \/>\n<link rel=\"canonical\" href=\"https:\/\/pellervo.fi\/sv\/svenska-2\/2021\/10\/07\/ungdomar-som-paverkare-och-beslutsfattare-hur-ser-framtiden-ut\/\" \/>\n<meta property=\"og:locale\" content=\"sv_SE\" \/>\n<meta property=\"og:type\" content=\"article\" \/>\n<meta property=\"og:title\" content=\"Ungdomar som p\u00e5verkare och beslutsfattare - hur ser framtiden ut? - Pellervo\" \/>\n<meta property=\"og:description\" content=\"Hur f\u00e5r man unga att engagera sig vid verksamheten i medlemsbaserade organisationer d\u00e4r existensen \u00e4r baserad p\u00e5 medlemskap och deras engagemang? I dagens samh\u00e4lle har unga m\u00e4nniskor m\u00e5nga valm\u00f6jligheter. Vad har kooperativ och f\u00f6reningar att erbjuda dem? Kom med i ett webbinarium d\u00e4r ungdomar och deras fr\u00e5gor st\u00e5r i centrum. Deltagande \u00e4r gratis.\" \/>\n<meta property=\"og:url\" content=\"https:\/\/pellervo.fi\/sv\/svenska-2\/2021\/10\/07\/ungdomar-som-paverkare-och-beslutsfattare-hur-ser-framtiden-ut\/\" \/>\n<meta property=\"og:site_name\" content=\"Pellervo\" \/>\n<meta property=\"article:published_time\" content=\"2021-10-07T08:49:34+00:00\" \/>\n<meta property=\"article:modified_time\" content=\"2021-11-01T08:15:17+00:00\" \/>\n<meta property=\"og:image\" content=\"https:\/\/pellervo.fi\/wp-content\/uploads\/2021\/10\/pyoraily.jpg\" \/>\n\t<meta property=\"og:image:width\" content=\"850\" \/>\n\t<meta property=\"og:image:height\" content=\"567\" \/>\n\t<meta property=\"og:image:type\" content=\"image\/jpeg\" \/>\n<meta name=\"author\" content=\"pellervo\" \/>\n<meta name=\"twitter:card\" content=\"summary_large_image\" \/>\n<meta name=\"twitter:creator\" content=\"@PellervoFi\" \/>\n<meta name=\"twitter:site\" content=\"@PellervoFi\" \/>\n<meta name=\"twitter:label1\" content=\"Skriven av\" \/>\n\t<meta name=\"twitter:data1\" content=\"pellervo\" \/>\n\t<meta name=\"twitter:label2\" content=\"Ber\u00e4knad l\u00e4stid\" \/>\n\t<meta name=\"twitter:data2\" content=\"1 minut\" \/>\n<script type=\"application\/ld+json\" class=\"yoast-schema-graph\">{\"@context\":\"https:\\\/\\\/schema.org\",\"@graph\":[{\"@type\":\"Article\",\"@id\":\"https:\\\/\\\/pellervo.fi\\\/sv\\\/svenska-2\\\/2021\\\/10\\\/07\\\/ungdomar-som-paverkare-och-beslutsfattare-hur-ser-framtiden-ut\\\/#article\",\"isPartOf\":{\"@id\":\"https:\\\/\\\/pellervo.fi\\\/sv\\\/svenska-2\\\/2021\\\/10\\\/07\\\/ungdomar-som-paverkare-och-beslutsfattare-hur-ser-framtiden-ut\\\/\"},\"author\":{\"name\":\"pellervo\",\"@id\":\"https:\\\/\\\/pellervo.fi\\\/#\\\/schema\\\/person\\\/4b74d40956937d1367ade81899997e71\"},\"headline\":\"Ungdomar som p\u00e5verkare och beslutsfattare &#8211; hur ser framtiden ut?\",\"datePublished\":\"2021-10-07T08:49:34+00:00\",\"dateModified\":\"2021-11-01T08:15:17+00:00\",\"mainEntityOfPage\":{\"@id\":\"https:\\\/\\\/pellervo.fi\\\/sv\\\/svenska-2\\\/2021\\\/10\\\/07\\\/ungdomar-som-paverkare-och-beslutsfattare-hur-ser-framtiden-ut\\\/\"},\"wordCount\":263,\"publisher\":{\"@id\":\"https:\\\/\\\/pellervo.fi\\\/#organization\"},\"image\":{\"@id\":\"https:\\\/\\\/pellervo.fi\\\/sv\\\/svenska-2\\\/2021\\\/10\\\/07\\\/ungdomar-som-paverkare-och-beslutsfattare-hur-ser-framtiden-ut\\\/#primaryimage\"},\"thumbnailUrl\":\"https:\\\/\\\/pellervo.fi\\\/wp-content\\\/uploads\\\/2021\\\/10\\\/pyoraily.jpg\",\"articleSection\":[\"svenska\"],\"inLanguage\":\"sv-SE\"},{\"@type\":\"WebPage\",\"@id\":\"https:\\\/\\\/pellervo.fi\\\/sv\\\/svenska-2\\\/2021\\\/10\\\/07\\\/ungdomar-som-paverkare-och-beslutsfattare-hur-ser-framtiden-ut\\\/\",\"url\":\"https:\\\/\\\/pellervo.fi\\\/sv\\\/svenska-2\\\/2021\\\/10\\\/07\\\/ungdomar-som-paverkare-och-beslutsfattare-hur-ser-framtiden-ut\\\/\",\"name\":\"Ungdomar som p\u00e5verkare och beslutsfattare - hur ser framtiden ut? - Pellervo\",\"isPartOf\":{\"@id\":\"https:\\\/\\\/pellervo.fi\\\/#website\"},\"primaryImageOfPage\":{\"@id\":\"https:\\\/\\\/pellervo.fi\\\/sv\\\/svenska-2\\\/2021\\\/10\\\/07\\\/ungdomar-som-paverkare-och-beslutsfattare-hur-ser-framtiden-ut\\\/#primaryimage\"},\"image\":{\"@id\":\"https:\\\/\\\/pellervo.fi\\\/sv\\\/svenska-2\\\/2021\\\/10\\\/07\\\/ungdomar-som-paverkare-och-beslutsfattare-hur-ser-framtiden-ut\\\/#primaryimage\"},\"thumbnailUrl\":\"https:\\\/\\\/pellervo.fi\\\/wp-content\\\/uploads\\\/2021\\\/10\\\/pyoraily.jpg\",\"datePublished\":\"2021-10-07T08:49:34+00:00\",\"dateModified\":\"2021-11-01T08:15:17+00:00\",\"breadcrumb\":{\"@id\":\"https:\\\/\\\/pellervo.fi\\\/sv\\\/svenska-2\\\/2021\\\/10\\\/07\\\/ungdomar-som-paverkare-och-beslutsfattare-hur-ser-framtiden-ut\\\/#breadcrumb\"},\"inLanguage\":\"sv-SE\",\"potentialAction\":[{\"@type\":\"ReadAction\",\"target\":[\"https:\\\/\\\/pellervo.fi\\\/sv\\\/svenska-2\\\/2021\\\/10\\\/07\\\/ungdomar-som-paverkare-och-beslutsfattare-hur-ser-framtiden-ut\\\/\"]}]},{\"@type\":\"ImageObject\",\"inLanguage\":\"sv-SE\",\"@id\":\"https:\\\/\\\/pellervo.fi\\\/sv\\\/svenska-2\\\/2021\\\/10\\\/07\\\/ungdomar-som-paverkare-och-beslutsfattare-hur-ser-framtiden-ut\\\/#primaryimage\",\"url\":\"https:\\\/\\\/pellervo.fi\\\/wp-content\\\/uploads\\\/2021\\\/10\\\/pyoraily.jpg\",\"contentUrl\":\"https:\\\/\\\/pellervo.fi\\\/wp-content\\\/uploads\\\/2021\\\/10\\\/pyoraily.jpg\",\"width\":850,\"height\":567},{\"@type\":\"BreadcrumbList\",\"@id\":\"https:\\\/\\\/pellervo.fi\\\/sv\\\/svenska-2\\\/2021\\\/10\\\/07\\\/ungdomar-som-paverkare-och-beslutsfattare-hur-ser-framtiden-ut\\\/#breadcrumb\",\"itemListElement\":[{\"@type\":\"ListItem\",\"position\":1,\"name\":\"Koti\",\"item\":\"https:\\\/\\\/pellervo.fi\\\/sv\\\/\"},{\"@type\":\"ListItem\",\"position\":2,\"name\":\"Ungdomar som p\u00e5verkare och beslutsfattare &#8211; hur ser framtiden ut?\"}]},{\"@type\":\"WebSite\",\"@id\":\"https:\\\/\\\/pellervo.fi\\\/#website\",\"url\":\"https:\\\/\\\/pellervo.fi\\\/\",\"name\":\"Pellervo\",\"description\":\"Osuuskuntien keskusj\u00e4rjest\u00f6\",\"publisher\":{\"@id\":\"https:\\\/\\\/pellervo.fi\\\/#organization\"},\"potentialAction\":[{\"@type\":\"SearchAction\",\"target\":{\"@type\":\"EntryPoint\",\"urlTemplate\":\"https:\\\/\\\/pellervo.fi\\\/?s={search_term_string}\"},\"query-input\":{\"@type\":\"PropertyValueSpecification\",\"valueRequired\":true,\"valueName\":\"search_term_string\"}}],\"inLanguage\":\"sv-SE\"},{\"@type\":\"Organization\",\"@id\":\"https:\\\/\\\/pellervo.fi\\\/#organization\",\"name\":\"Osuustoimintakeskus Pellervo ry\",\"url\":\"https:\\\/\\\/pellervo.fi\\\/\",\"logo\":{\"@type\":\"ImageObject\",\"inLanguage\":\"sv-SE\",\"@id\":\"https:\\\/\\\/pellervo.fi\\\/#\\\/schema\\\/logo\\\/image\\\/\",\"url\":\"https:\\\/\\\/pellervo.fi\\\/wp-content\\\/uploads\\\/2020\\\/05\\\/Pellervo_logo.png\",\"contentUrl\":\"https:\\\/\\\/pellervo.fi\\\/wp-content\\\/uploads\\\/2020\\\/05\\\/Pellervo_logo.png\",\"width\":1335,\"height\":376,\"caption\":\"Osuustoimintakeskus Pellervo ry\"},\"image\":{\"@id\":\"https:\\\/\\\/pellervo.fi\\\/#\\\/schema\\\/logo\\\/image\\\/\"},\"sameAs\":[\"https:\\\/\\\/x.com\\\/PellervoFi\"]},{\"@type\":\"Person\",\"@id\":\"https:\\\/\\\/pellervo.fi\\\/#\\\/schema\\\/person\\\/4b74d40956937d1367ade81899997e71\",\"name\":\"pellervo\",\"image\":{\"@type\":\"ImageObject\",\"inLanguage\":\"sv-SE\",\"@id\":\"https:\\\/\\\/pellervo.fi\\\/wp-content\\\/uploads\\\/2013\\\/11\\\/pellervo_avatar_1384522134-96x96.jpg\",\"url\":\"https:\\\/\\\/pellervo.fi\\\/wp-content\\\/uploads\\\/2013\\\/11\\\/pellervo_avatar_1384522134-96x96.jpg\",\"contentUrl\":\"https:\\\/\\\/pellervo.fi\\\/wp-content\\\/uploads\\\/2013\\\/11\\\/pellervo_avatar_1384522134-96x96.jpg\",\"caption\":\"pellervo\"},\"description\":\"Kuvaus\",\"url\":\"https:\\\/\\\/pellervo.fi\\\/sv\\\/author\\\/pellervo\\\/\"}]}<\/script>\n<!-- \/ Yoast SEO plugin. -->","yoast_head_json":{"title":"Ungdomar som p\u00e5verkare och beslutsfattare - hur ser framtiden ut? - Pellervo","robots":{"index":"index","follow":"follow","max-snippet":"max-snippet:-1","max-image-preview":"max-image-preview:large","max-video-preview":"max-video-preview:-1"},"canonical":"https:\/\/pellervo.fi\/sv\/svenska-2\/2021\/10\/07\/ungdomar-som-paverkare-och-beslutsfattare-hur-ser-framtiden-ut\/","og_locale":"sv_SE","og_type":"article","og_title":"Ungdomar som p\u00e5verkare och beslutsfattare - hur ser framtiden ut? - Pellervo","og_description":"Hur f\u00e5r man unga att engagera sig vid verksamheten i medlemsbaserade organisationer d\u00e4r existensen \u00e4r baserad p\u00e5 medlemskap och deras engagemang? I dagens samh\u00e4lle har unga m\u00e4nniskor m\u00e5nga valm\u00f6jligheter. Vad har kooperativ och f\u00f6reningar att erbjuda dem? Kom med i ett webbinarium d\u00e4r ungdomar och deras fr\u00e5gor st\u00e5r i centrum. Deltagande \u00e4r gratis.","og_url":"https:\/\/pellervo.fi\/sv\/svenska-2\/2021\/10\/07\/ungdomar-som-paverkare-och-beslutsfattare-hur-ser-framtiden-ut\/","og_site_name":"Pellervo","article_published_time":"2021-10-07T08:49:34+00:00","article_modified_time":"2021-11-01T08:15:17+00:00","og_image":[{"width":850,"height":567,"url":"https:\/\/pellervo.fi\/wp-content\/uploads\/2021\/10\/pyoraily.jpg","type":"image\/jpeg"}],"author":"pellervo","twitter_card":"summary_large_image","twitter_creator":"@PellervoFi","twitter_site":"@PellervoFi","twitter_misc":{"Skriven av":"pellervo","Ber\u00e4knad l\u00e4stid":"1 minut"},"schema":{"@context":"https:\/\/schema.org","@graph":[{"@type":"Article","@id":"https:\/\/pellervo.fi\/sv\/svenska-2\/2021\/10\/07\/ungdomar-som-paverkare-och-beslutsfattare-hur-ser-framtiden-ut\/#article","isPartOf":{"@id":"https:\/\/pellervo.fi\/sv\/svenska-2\/2021\/10\/07\/ungdomar-som-paverkare-och-beslutsfattare-hur-ser-framtiden-ut\/"},"author":{"name":"pellervo","@id":"https:\/\/pellervo.fi\/#\/schema\/person\/4b74d40956937d1367ade81899997e71"},"headline":"Ungdomar som p\u00e5verkare och beslutsfattare &#8211; hur ser framtiden ut?","datePublished":"2021-10-07T08:49:34+00:00","dateModified":"2021-11-01T08:15:17+00:00","mainEntityOfPage":{"@id":"https:\/\/pellervo.fi\/sv\/svenska-2\/2021\/10\/07\/ungdomar-som-paverkare-och-beslutsfattare-hur-ser-framtiden-ut\/"},"wordCount":263,"publisher":{"@id":"https:\/\/pellervo.fi\/#organization"},"image":{"@id":"https:\/\/pellervo.fi\/sv\/svenska-2\/2021\/10\/07\/ungdomar-som-paverkare-och-beslutsfattare-hur-ser-framtiden-ut\/#primaryimage"},"thumbnailUrl":"https:\/\/pellervo.fi\/wp-content\/uploads\/2021\/10\/pyoraily.jpg","articleSection":["svenska"],"inLanguage":"sv-SE"},{"@type":"WebPage","@id":"https:\/\/pellervo.fi\/sv\/svenska-2\/2021\/10\/07\/ungdomar-som-paverkare-och-beslutsfattare-hur-ser-framtiden-ut\/","url":"https:\/\/pellervo.fi\/sv\/svenska-2\/2021\/10\/07\/ungdomar-som-paverkare-och-beslutsfattare-hur-ser-framtiden-ut\/","name":"Ungdomar som p\u00e5verkare och beslutsfattare - hur ser framtiden ut? - Pellervo","isPartOf":{"@id":"https:\/\/pellervo.fi\/#website"},"primaryImageOfPage":{"@id":"https:\/\/pellervo.fi\/sv\/svenska-2\/2021\/10\/07\/ungdomar-som-paverkare-och-beslutsfattare-hur-ser-framtiden-ut\/#primaryimage"},"image":{"@id":"https:\/\/pellervo.fi\/sv\/svenska-2\/2021\/10\/07\/ungdomar-som-paverkare-och-beslutsfattare-hur-ser-framtiden-ut\/#primaryimage"},"thumbnailUrl":"https:\/\/pellervo.fi\/wp-content\/uploads\/2021\/10\/pyoraily.jpg","datePublished":"2021-10-07T08:49:34+00:00","dateModified":"2021-11-01T08:15:17+00:00","breadcrumb":{"@id":"https:\/\/pellervo.fi\/sv\/svenska-2\/2021\/10\/07\/ungdomar-som-paverkare-och-beslutsfattare-hur-ser-framtiden-ut\/#breadcrumb"},"inLanguage":"sv-SE","potentialAction":[{"@type":"ReadAction","target":["https:\/\/pellervo.fi\/sv\/svenska-2\/2021\/10\/07\/ungdomar-som-paverkare-och-beslutsfattare-hur-ser-framtiden-ut\/"]}]},{"@type":"ImageObject","inLanguage":"sv-SE","@id":"https:\/\/pellervo.fi\/sv\/svenska-2\/2021\/10\/07\/ungdomar-som-paverkare-och-beslutsfattare-hur-ser-framtiden-ut\/#primaryimage","url":"https:\/\/pellervo.fi\/wp-content\/uploads\/2021\/10\/pyoraily.jpg","contentUrl":"https:\/\/pellervo.fi\/wp-content\/uploads\/2021\/10\/pyoraily.jpg","width":850,"height":567},{"@type":"BreadcrumbList","@id":"https:\/\/pellervo.fi\/sv\/svenska-2\/2021\/10\/07\/ungdomar-som-paverkare-och-beslutsfattare-hur-ser-framtiden-ut\/#breadcrumb","itemListElement":[{"@type":"ListItem","position":1,"name":"Koti","item":"https:\/\/pellervo.fi\/sv\/"},{"@type":"ListItem","position":2,"name":"Ungdomar som p\u00e5verkare och beslutsfattare &#8211; hur ser framtiden ut?"}]},{"@type":"WebSite","@id":"https:\/\/pellervo.fi\/#website","url":"https:\/\/pellervo.fi\/","name":"Pellervo","description":"Osuuskuntien keskusj\u00e4rjest\u00f6","publisher":{"@id":"https:\/\/pellervo.fi\/#organization"},"potentialAction":[{"@type":"SearchAction","target":{"@type":"EntryPoint","urlTemplate":"https:\/\/pellervo.fi\/?s={search_term_string}"},"query-input":{"@type":"PropertyValueSpecification","valueRequired":true,"valueName":"search_term_string"}}],"inLanguage":"sv-SE"},{"@type":"Organization","@id":"https:\/\/pellervo.fi\/#organization","name":"Osuustoimintakeskus Pellervo ry","url":"https:\/\/pellervo.fi\/","logo":{"@type":"ImageObject","inLanguage":"sv-SE","@id":"https:\/\/pellervo.fi\/#\/schema\/logo\/image\/","url":"https:\/\/pellervo.fi\/wp-content\/uploads\/2020\/05\/Pellervo_logo.png","contentUrl":"https:\/\/pellervo.fi\/wp-content\/uploads\/2020\/05\/Pellervo_logo.png","width":1335,"height":376,"caption":"Osuustoimintakeskus Pellervo ry"},"image":{"@id":"https:\/\/pellervo.fi\/#\/schema\/logo\/image\/"},"sameAs":["https:\/\/x.com\/PellervoFi"]},{"@type":"Person","@id":"https:\/\/pellervo.fi\/#\/schema\/person\/4b74d40956937d1367ade81899997e71","name":"pellervo","image":{"@type":"ImageObject","inLanguage":"sv-SE","@id":"https:\/\/pellervo.fi\/wp-content\/uploads\/2013\/11\/pellervo_avatar_1384522134-96x96.jpg","url":"https:\/\/pellervo.fi\/wp-content\/uploads\/2013\/11\/pellervo_avatar_1384522134-96x96.jpg","contentUrl":"https:\/\/pellervo.fi\/wp-content\/uploads\/2013\/11\/pellervo_avatar_1384522134-96x96.jpg","caption":"pellervo"},"description":"Kuvaus","url":"https:\/\/pellervo.fi\/sv\/author\/pellervo\/"}]}},"_links":{"self":[{"href":"https:\/\/pellervo.fi\/sv\/wp-json\/wp\/v2\/posts\/892005","targetHints":{"allow":["GET"]}}],"collection":[{"href":"https:\/\/pellervo.fi\/sv\/wp-json\/wp\/v2\/posts"}],"about":[{"href":"https:\/\/pellervo.fi\/sv\/wp-json\/wp\/v2\/types\/post"}],"author":[{"embeddable":true,"href":"https:\/\/pellervo.fi\/sv\/wp-json\/wp\/v2\/users\/5"}],"replies":[{"embeddable":true,"href":"https:\/\/pellervo.fi\/sv\/wp-json\/wp\/v2\/comments?post=892005"}],"version-history":[{"count":8,"href":"https:\/\/pellervo.fi\/sv\/wp-json\/wp\/v2\/posts\/892005\/revisions"}],"predecessor-version":[{"id":892120,"href":"https:\/\/pellervo.fi\/sv\/wp-json\/wp\/v2\/posts\/892005\/revisions\/892120"}],"wp:featuredmedia":[{"embeddable":true,"href":"https:\/\/pellervo.fi\/sv\/wp-json\/wp\/v2\/media\/892026"}],"wp:attachment":[{"href":"https:\/\/pellervo.fi\/sv\/wp-json\/wp\/v2\/media?parent=892005"}],"wp:term":[{"taxonomy":"category","embeddable":true,"href":"https:\/\/pellervo.fi\/sv\/wp-json\/wp\/v2\/categories?post=892005"},{"taxonomy":"post_tag","embeddable":true,"href":"https:\/\/pellervo.fi\/sv\/wp-json\/wp\/v2\/tags?post=892005"}],"curies":[{"name":"wp","href":"https:\/\/api.w.org\/{rel}","templated":true}]}}