{"id":892033,"date":"2021-10-07T13:51:07","date_gmt":"2021-10-07T10:51:07","guid":{"rendered":"https:\/\/pellervo.fi\/?p=892033"},"modified":"2021-10-07T15:22:51","modified_gmt":"2021-10-07T12:22:51","slug":"tem-myonsi-maararahan-yhteiskunnallisten-yritysten-osaamiskeskus-aloittaa-tyontekijana-pellervon-jarmo-hanninen","status":"publish","type":"post","link":"https:\/\/pellervo.fi\/sv\/uutiset\/2021\/10\/07\/tem-myonsi-maararahan-yhteiskunnallisten-yritysten-osaamiskeskus-aloittaa-tyontekijana-pellervon-jarmo-hanninen\/","title":{"rendered":"TEM my\u00f6nsi m\u00e4\u00e4r\u00e4rahan: Yhteiskunnallisten yritysten osaamiskeskus aloittaa, Pellervon ty\u00f6ntekij\u00e4n\u00e4 Jarmo H\u00e4nninen"},"content":{"rendered":"\n<p class=\"xparagraph\" style=\"margin: 0cm; vertical-align: baseline;\"><strong><span class=\"xnormaltextrun\"><span style=\"font-size: 12.0pt;\">Ty\u00f6- ja elinkeinoministeri\u00f6\u00a0on my\u00f6nt\u00e4nyt kolme miljoonaa euroa valtionavustusta\u00a0\u00a0<\/span><\/span><\/strong><span style=\"font-size: 12.0pt;\"><strong><a href=\"https:\/\/eur02.safelinks.protection.outlook.com\/?url=https%3A%2F%2Ftem.fi%2F-%2Fyhteiskunnallisten-yritysten-osaamiskeskus-aloittaa-toimintansa&amp;data=04%7C01%7C%7C625b829d3c014a4e1b8608d989772127%7Cc10c53fbad1e4893a1acee30fbe7b31c%7C0%7C0%7C637691967015174982%7CUnknown%7CTWFpbGZsb3d8eyJWIjoiMC4wLjAwMDAiLCJQIjoiV2luMzIiLCJBTiI6Ik1haWwiLCJXVCI6Mn0%3D%7C1000&amp;sdata=K0IMOp9bFrOZJfzKySipcbWjubZ%2B%2FuLbigTbl16%2Fuc0%3D&amp;reserved=0\" target=\"_blank\" rel=\"noopener\"><span class=\"xnormaltextrun\"><span style=\"color: #0563c1;\">valtakunnallisen yhteiskunnallisten yritysten osaamiskeskuksen<\/span><\/span><\/a><span class=\"xnormaltextrun\"> perustamiseksi.\u00a0<\/span><\/strong><\/span><span style=\"font-size: 12.0pt;\"><span class=\"xscxw140669473\"><strong>Kyseess\u00e4 on asiantuntijayksikk\u00f6, joka tukee yhteiskunnallisten yritysten syntymist\u00e4 ja kasvua. Hankkeen taustalla on kuusi organisaatiota, joiden asiantuntijoita keskuksessa hy\u00f6dynnet\u00e4\u00e4n.\u00a0 Pellervon koordinaatiovastuulla ovat neuvonta- ja ohjauspalvelut, johon teht\u00e4v\u00e4\u00e4n on palkattu Pellervon valtuuskunnan j\u00e4sen, Coop Finland ry:n Jarmo H\u00e4nninen. H\u00e4nen ty\u00f6suhteensa ulottuu vuoden 2023 loppuun. <\/strong><\/span><\/span><\/p>\n<p class=\"xparagraph\" style=\"margin: 0cm; vertical-align: baseline;\">\u00a0<\/p>\n<p>Osaamiskeskus tarjoaa valtakunnallista neuvontaa ja ohjausta yhteiskunnallista yritystoimintaa harjoittaville tai k\u00e4ynnist\u00e4ville yritt\u00e4jille ja yhteis\u00f6ille yritysmuodosta ja toimialasta riippumatta.<\/p>\n<p>Teht\u00e4v\u00e4n\u00e4 on my\u00f6s rakentaa asiantuntijapalveluiden verkosto vahvistamaan yhteiskunnallisen yritystoiminnan toimintaedellytyksi\u00e4 ja lis\u00e4\u00e4m\u00e4\u00e4n osaty\u00f6kykyisten ty\u00f6llist\u00e4mist\u00e4.<\/p>\n<p>TEM:in m\u00e4\u00e4ritelm\u00e4n mukaan yhteiskunnallinen yritys perustetaan, kun halutaan tuoda ratkaisu johonkin yhteiskunnalliseen ongelmaan ja tuottaa yhteist\u00e4 hyv\u00e4\u00e4. Toiminta on kannattavaa, mutta ne eiv\u00e4t ensisijaisesti tavoittele voittoa omistajilleen vaan ohjaavat suurimman osan liikevoitostaan valitsemansa yhteiskunnallisen tavoitteen toteuttamiseen.<\/p>\n<h3>Neuvontaa ja verkostojen rakentamista<\/h3>\n<p>Nyt perustettava keskus on asiantuntijayksikk\u00f6, joka tukee yhteiskunnallisten yritysten syntymist\u00e4 ja kasvua. Rahoitusta sen toimintaan saadaan my\u00f6s EU:n sosiaalirahastosta. \u00a0<\/p>\n<p>Osaamiskeskus tarjoaa valtakunnallista neuvontaa ja ohjausta yhteiskunnallista yritystoimintaa harjoittaville tai k\u00e4ynnist\u00e4ville yritt\u00e4jille ja yhteis\u00f6ille yritysmuodosta ja toimialasta riippumatta.<\/p>\n<p>Teht\u00e4v\u00e4n\u00e4 on my\u00f6s rakentaa asiantuntijapalveluiden verkosto vahvistamaan yhteiskunnallisen yritystoiminnan toimintaedellytyksi\u00e4 ja lis\u00e4\u00e4m\u00e4\u00e4n osaty\u00f6kykyisten ty\u00f6llist\u00e4mist\u00e4.\u00a0\u00a0<\/p>\n<p>Osaamiskeskusaloittaa toimintansa\u00a0v\u00e4litt\u00f6m\u00e4sti ja jatkuu valtionavustuksen turvin vuoden 2023 loppuun saakka.\u00a0\u00a0<br \/>\u00a0<br \/>Valtionavustusta my\u00f6nnettiin kuuden organisaation verkostolle. Hanketta koordinoi Yhteiskunnallisten yritysten liitto Arvo ry. Mukana ovat lis\u00e4ksi Diakonia-ammattikorkeakoulu Oy, Kuntoutuss\u00e4\u00e4ti\u00f6\u00a0sr, Osuustoimintakeskus Pellervo ry, Silta-Valmennusyhdistys ry ja\u00a0Vates-s\u00e4\u00e4ti\u00f6\u00a0sr.\u00a0\u00a0<\/p>\n<h3>Marinin hallitusohjelmaan nojaava hanke<\/h3>\n<p>Ty\u00f6- ja elinkeinoministeri\u00f6n selvityksen mukaan yhteiskunnallisia yrityksi\u00e4 olisi Suomessa arviolta 1 700, ja niiss\u00e4 ty\u00f6skentelee yli 50 000 ihmist\u00e4. Yritysten yhteenlaskettu liikevaihto on l\u00e4hes 5,8 miljardia euroa. P\u00e4\u00e4osa toimii sosiaali- ja terveysalalla sek\u00e4 hyvinvointipalveluissa sek\u00e4 mm kiertotaloudessa ja ymp\u00e4rist\u00f6alalla.<\/p>\n<p>Yhteiskunnalliselle yritt\u00e4jyydelle ja uusille liiketoimintamalleille on kysynt\u00e4\u00e4 muuallakin kuin sosiaali-ja terveysalalla tai ymp\u00e4rist\u00f6kysymyksiss\u00e4. T\u00e4h\u00e4n vaikuttavat muun muassa yritt\u00e4jyyden monimuotoistuminen, kuten itsens\u00e4 ty\u00f6llist\u00e4jien kasvava joukko.<\/p>\n<p>Yhteiskunnallinen yritystoiminta on yksi p\u00e4\u00e4ministeri Sanna Marinin hallitusohjelmaan kirjatuista keinoista rakentaa luottamukseen ja tasa-arvoisuuteen perustuvia ty\u00f6markkinoita ja nostaa ty\u00f6llisyysastetta.<\/p>\n<p>Osaamiskeskuksen perustamisen taustalla on hallituksen kev\u00e4\u00e4ll\u00e4 2021 puoliv\u00e4liriihess\u00e4\u00e4n hyv\u00e4ksym\u00e4 yhteiskunnallisten yritysten strategia. Sen p\u00e4\u00e4m\u00e4\u00e4r\u00e4 on lis\u00e4t\u00e4 uusien yhteiskunnallisten yritysten m\u00e4\u00e4r\u00e4\u00e4 ja tunnettuutta sek\u00e4 kehitt\u00e4\u00e4 niiden osaamista erityisesti toiminnan vaikuttavuuden parantamiseksi. Yksi strategian keskeisist\u00e4 tavoitteista on ty\u00f6llist\u00e4\u00e4 osaty\u00f6kykyisi\u00e4 ja muuten vaikeassa ty\u00f6markkina-asemassa olevia.<\/p>\n<p>Osaamiskeskus on osa hallituksen Ty\u00f6kykyohjelmaa ja hallituksen ty\u00f6llisyystoimien kokonaisuutta.<\/p>\n<p>Ty\u00f6kykyohjelman tarkoitus on edesauttaa osaty\u00f6kykyisten ty\u00f6llistymist\u00e4 ja ty\u00f6ss\u00e4 jaksamista.<\/p>\n<h3>Osaamiskeskus hy\u00f6dynt\u00e4\u00e4 eri alojen asiantuntijoita\u00a0<\/h3>\n<p>Hankkeessa mukana olevat organisaatiot t\u00e4ydent\u00e4v\u00e4t toisiaan siten, ett\u00e4 niiden osaamisalueet kattavat koko suomalaisen yhteiskunnallisen yritystoiminnan ja yritt\u00e4jyyden kirjon.<\/p>\n<p>Kokonaisuuteen kuuluvat sosiaalisten innovaatioiden, yhteiskunnallisen vaikuttavuuden, liiketoiminnan, kest\u00e4v\u00e4n kehityksen ja osaty\u00f6kykyisten ty\u00f6llist\u00e4misen n\u00e4k\u00f6kulmat.\u00a0<\/p>\n<p>Osaamiskeskuksen neuvonta- ja ohjauspalveluista hy\u00f6tyv\u00e4t yritysten ja yhteiskunnallisesta yritt\u00e4jyydest\u00e4 kiinnostuneiden lis\u00e4ksi esimerkiksi oppilaitokset ja tutkimusyhteis\u00f6t, ELY-keskukset ja muutkin julkisia yrityspalveluja tuottavat organisaatiot.\u00a0\u00a0<\/p>\n<p>Asiantuntija-avun lis\u00e4ksi osaamiskeskus edist\u00e4\u00e4 vaikuttavuusperusteisten liiketoimintamallien\u00a0k\u00e4ytt\u00f6\u00f6nottoa, sosiaalisia innovaatioita, tutkimusta, tiedonkeruuta\u00a0sek\u00e4\u00a0koulutusta eri teemoista.\u00a0Sen ydinteht\u00e4viin kuuluu my\u00f6s hautomo- ja\u00a0kiihdytt\u00e4m\u00f6toimintaa.\u00a0<\/p>\n<p>Yritykset saavat osaamiskeskukselta tukea my\u00f6s sidosryhm\u00e4ty\u00f6n kehitt\u00e4miseen ja uusien kumppanuuksien l\u00f6yt\u00e4miseen, hallinnon j\u00e4rjest\u00e4miseen sek\u00e4 apua osaty\u00f6kykyisten ty\u00f6llist\u00e4miseen.\u00a0\u00a0<\/p>\n<p><a href=\"https:\/\/tem.fi\/-\/yhteiskunnallisten-yritysten-osaamiskeskus-aloittaa-toimintansa\">Lue lis\u00e4\u00e4: TEM<\/a><\/p>\n<p>\u00a0<\/p>\n","protected":false},"excerpt":{"rendered":"","protected":false},"author":5,"featured_media":892037,"comment_status":"closed","ping_status":"closed","sticky":false,"template":"","format":"standard","meta":{"inline_featured_image":false,"_monsterinsights_skip_tracking":false,"_monsterinsights_sitenote_active":false,"_monsterinsights_sitenote_note":"","_monsterinsights_sitenote_category":0,"site-sidebar-layout":"default","site-content-layout":"default","ast-site-content-layout":"default","site-content-style":"default","site-sidebar-style":"default","ast-global-header-display":"","ast-banner-title-visibility":"","ast-main-header-display":"","ast-hfb-above-header-display":"","ast-hfb-below-header-display":"","ast-hfb-mobile-header-display":"","site-post-title":"","ast-breadcrumbs-content":"","ast-featured-img":"","footer-sml-layout":"","ast-disable-related-posts":"","theme-transparent-header-meta":"default","adv-header-id-meta":"","stick-header-meta":"","header-above-stick-meta":"","header-main-stick-meta":"","header-below-stick-meta":"","astra-migrate-meta-layouts":"default","ast-page-background-enabled":"default","ast-page-background-meta":{"desktop":{"background-color":"","background-image":"","background-repeat":"repeat","background-position":"center center","background-size":"auto","background-attachment":"scroll","background-type":"","background-media":"","overlay-type":"","overlay-color":"","overlay-opacity":"","overlay-gradient":""},"tablet":{"background-color":"","background-image":"","background-repeat":"repeat","background-position":"center center","background-size":"auto","background-attachment":"scroll","background-type":"","background-media":"","overlay-type":"","overlay-color":"","overlay-opacity":"","overlay-gradient":""},"mobile":{"background-color":"","background-image":"","background-repeat":"repeat","background-position":"center center","background-size":"auto","background-attachment":"scroll","background-type":"","background-media":"","overlay-type":"","overlay-color":"","overlay-opacity":"","overlay-gradient":""}},"ast-content-background-meta":{"desktop":{"background-color":"var(--ast-global-color-5)","background-image":"","background-repeat":"repeat","background-position":"center center","background-size":"auto","background-attachment":"scroll","background-type":"","background-media":"","overlay-type":"","overlay-color":"","overlay-opacity":"","overlay-gradient":""},"tablet":{"background-color":"var(--ast-global-color-5)","background-image":"","background-repeat":"repeat","background-position":"center center","background-size":"auto","background-attachment":"scroll","background-type":"","background-media":"","overlay-type":"","overlay-color":"","overlay-opacity":"","overlay-gradient":""},"mobile":{"background-color":"var(--ast-global-color-5)","background-image":"","background-repeat":"repeat","background-position":"center center","background-size":"auto","background-attachment":"scroll","background-type":"","background-media":"","overlay-type":"","overlay-color":"","overlay-opacity":"","overlay-gradient":""}},"_FSMCFIC_featured_image_caption":"","_FSMCFIC_featured_image_nocaption":"","_FSMCFIC_featured_image_hide":"","footnotes":""},"categories":[22],"tags":[370,371],"class_list":["post-892033","post","type-post","status-publish","format-standard","has-post-thumbnail","hentry","category-uutiset","tag-neuvonta","tag-yhetiskunnallinen-yritys"],"yoast_head":"<!-- This site is optimized with the Yoast SEO plugin v27.4 - https:\/\/yoast.com\/product\/yoast-seo-wordpress\/ -->\n<title>TEM my\u00f6nsi m\u00e4\u00e4r\u00e4rahan: Yhteiskunnallisten yritysten osaamiskeskus aloittaa, Pellervon ty\u00f6ntekij\u00e4n\u00e4 Jarmo H\u00e4nninen - Pellervo<\/title>\n<meta name=\"description\" content=\"Ty\u00f6- ja elinkeinoministeri\u00f6\u00a0on my\u00f6nt\u00e4nyt kolme miljoonaa euroa valtionavustusta\u00a0\u00a0valtakunnallisen yhteiskunnallisten yritysten osaamiskeskuksen perustamiseksi.\u00a0Kyseess\u00e4 on asiantuntijayksikk\u00f6, joka tukee yhteiskunnallisten yritysten syntymist\u00e4 ja kasvua. Hankkeen taustalla on kuusi organisaatiota, joiden asiantuntijoita keskuksessa hy\u00f6dynnet\u00e4\u00e4n.\u00a0 Pellervon koordinaatiovastuulla ovat neuvonta- ja ohjauspalvelut, johon teht\u00e4v\u00e4\u00e4n on palkattu Pellervon valtuuskunnan j\u00e4sen, Coop Finland ry:n Jarmo H\u00e4nninen. H\u00e4nen ty\u00f6suhteensa ulottuu vuoden 2023 loppuun.\u00a0\" \/>\n<meta name=\"robots\" content=\"index, follow, max-snippet:-1, max-image-preview:large, max-video-preview:-1\" \/>\n<link rel=\"canonical\" href=\"https:\/\/pellervo.fi\/uutiset\/2021\/10\/07\/tem-myonsi-maararahan-yhteiskunnallisten-yritysten-osaamiskeskus-aloittaa-tyontekijana-pellervon-jarmo-hanninen\/\" \/>\n<meta property=\"og:locale\" content=\"sv_SE\" \/>\n<meta property=\"og:type\" content=\"article\" \/>\n<meta property=\"og:title\" content=\"TEM my\u00f6nsi m\u00e4\u00e4r\u00e4rahan: Yhteiskunnallisten yritysten osaamiskeskus aloittaa, Pellervon ty\u00f6ntekij\u00e4n\u00e4 Jarmo H\u00e4nninen - Pellervo\" \/>\n<meta property=\"og:description\" content=\"Ty\u00f6- ja elinkeinoministeri\u00f6\u00a0on my\u00f6nt\u00e4nyt kolme miljoonaa euroa valtionavustusta\u00a0\u00a0valtakunnallisen yhteiskunnallisten yritysten osaamiskeskuksen perustamiseksi.\u00a0Kyseess\u00e4 on asiantuntijayksikk\u00f6, joka tukee yhteiskunnallisten yritysten syntymist\u00e4 ja kasvua. Hankkeen taustalla on kuusi organisaatiota, joiden asiantuntijoita keskuksessa hy\u00f6dynnet\u00e4\u00e4n.\u00a0 Pellervon koordinaatiovastuulla ovat neuvonta- ja ohjauspalvelut, johon teht\u00e4v\u00e4\u00e4n on palkattu Pellervon valtuuskunnan j\u00e4sen, Coop Finland ry:n Jarmo H\u00e4nninen. H\u00e4nen ty\u00f6suhteensa ulottuu vuoden 2023 loppuun.\u00a0\" \/>\n<meta property=\"og:url\" content=\"https:\/\/pellervo.fi\/uutiset\/2021\/10\/07\/tem-myonsi-maararahan-yhteiskunnallisten-yritysten-osaamiskeskus-aloittaa-tyontekijana-pellervon-jarmo-hanninen\/\" \/>\n<meta property=\"og:site_name\" content=\"Pellervo\" \/>\n<meta property=\"article:published_time\" content=\"2021-10-07T10:51:07+00:00\" \/>\n<meta property=\"article:modified_time\" content=\"2021-10-07T12:22:51+00:00\" \/>\n<meta property=\"og:image\" content=\"https:\/\/pellervo.fi\/wp-content\/uploads\/2021\/10\/TEM_LA01_logo___fi_B3___WEB-2.jpg\" \/>\n\t<meta property=\"og:image:width\" content=\"523\" \/>\n\t<meta property=\"og:image:height\" content=\"318\" \/>\n\t<meta property=\"og:image:type\" content=\"image\/jpeg\" \/>\n<meta name=\"author\" content=\"pellervo\" \/>\n<meta name=\"twitter:card\" content=\"summary_large_image\" \/>\n<meta name=\"twitter:creator\" content=\"@PellervoFi\" \/>\n<meta name=\"twitter:site\" content=\"@PellervoFi\" \/>\n<meta name=\"twitter:label1\" content=\"Skriven av\" \/>\n\t<meta name=\"twitter:data1\" content=\"pellervo\" \/>\n\t<meta name=\"twitter:label2\" content=\"Ber\u00e4knad l\u00e4stid\" \/>\n\t<meta name=\"twitter:data2\" content=\"3 minuter\" \/>\n<script type=\"application\/ld+json\" class=\"yoast-schema-graph\">{\"@context\":\"https:\\\/\\\/schema.org\",\"@graph\":[{\"@type\":\"Article\",\"@id\":\"https:\\\/\\\/pellervo.fi\\\/uutiset\\\/2021\\\/10\\\/07\\\/tem-myonsi-maararahan-yhteiskunnallisten-yritysten-osaamiskeskus-aloittaa-tyontekijana-pellervon-jarmo-hanninen\\\/#article\",\"isPartOf\":{\"@id\":\"https:\\\/\\\/pellervo.fi\\\/uutiset\\\/2021\\\/10\\\/07\\\/tem-myonsi-maararahan-yhteiskunnallisten-yritysten-osaamiskeskus-aloittaa-tyontekijana-pellervon-jarmo-hanninen\\\/\"},\"author\":{\"name\":\"pellervo\",\"@id\":\"https:\\\/\\\/pellervo.fi\\\/#\\\/schema\\\/person\\\/4b74d40956937d1367ade81899997e71\"},\"headline\":\"TEM my\u00f6nsi m\u00e4\u00e4r\u00e4rahan: Yhteiskunnallisten yritysten osaamiskeskus aloittaa, Pellervon ty\u00f6ntekij\u00e4n\u00e4 Jarmo H\u00e4nninen\",\"datePublished\":\"2021-10-07T10:51:07+00:00\",\"dateModified\":\"2021-10-07T12:22:51+00:00\",\"mainEntityOfPage\":{\"@id\":\"https:\\\/\\\/pellervo.fi\\\/uutiset\\\/2021\\\/10\\\/07\\\/tem-myonsi-maararahan-yhteiskunnallisten-yritysten-osaamiskeskus-aloittaa-tyontekijana-pellervon-jarmo-hanninen\\\/\"},\"wordCount\":592,\"publisher\":{\"@id\":\"https:\\\/\\\/pellervo.fi\\\/#organization\"},\"image\":{\"@id\":\"https:\\\/\\\/pellervo.fi\\\/uutiset\\\/2021\\\/10\\\/07\\\/tem-myonsi-maararahan-yhteiskunnallisten-yritysten-osaamiskeskus-aloittaa-tyontekijana-pellervon-jarmo-hanninen\\\/#primaryimage\"},\"thumbnailUrl\":\"https:\\\/\\\/pellervo.fi\\\/wp-content\\\/uploads\\\/2021\\\/10\\\/TEM_LA01_logo___fi_B3___WEB-2.jpg\",\"keywords\":[\"neuvonta\",\"yhetiskunnallinen yritys\"],\"articleSection\":[\"Uutiset\"],\"inLanguage\":\"sv-SE\"},{\"@type\":\"WebPage\",\"@id\":\"https:\\\/\\\/pellervo.fi\\\/uutiset\\\/2021\\\/10\\\/07\\\/tem-myonsi-maararahan-yhteiskunnallisten-yritysten-osaamiskeskus-aloittaa-tyontekijana-pellervon-jarmo-hanninen\\\/\",\"url\":\"https:\\\/\\\/pellervo.fi\\\/uutiset\\\/2021\\\/10\\\/07\\\/tem-myonsi-maararahan-yhteiskunnallisten-yritysten-osaamiskeskus-aloittaa-tyontekijana-pellervon-jarmo-hanninen\\\/\",\"name\":\"TEM my\u00f6nsi m\u00e4\u00e4r\u00e4rahan: Yhteiskunnallisten yritysten osaamiskeskus aloittaa, Pellervon ty\u00f6ntekij\u00e4n\u00e4 Jarmo H\u00e4nninen - Pellervo\",\"isPartOf\":{\"@id\":\"https:\\\/\\\/pellervo.fi\\\/#website\"},\"primaryImageOfPage\":{\"@id\":\"https:\\\/\\\/pellervo.fi\\\/uutiset\\\/2021\\\/10\\\/07\\\/tem-myonsi-maararahan-yhteiskunnallisten-yritysten-osaamiskeskus-aloittaa-tyontekijana-pellervon-jarmo-hanninen\\\/#primaryimage\"},\"image\":{\"@id\":\"https:\\\/\\\/pellervo.fi\\\/uutiset\\\/2021\\\/10\\\/07\\\/tem-myonsi-maararahan-yhteiskunnallisten-yritysten-osaamiskeskus-aloittaa-tyontekijana-pellervon-jarmo-hanninen\\\/#primaryimage\"},\"thumbnailUrl\":\"https:\\\/\\\/pellervo.fi\\\/wp-content\\\/uploads\\\/2021\\\/10\\\/TEM_LA01_logo___fi_B3___WEB-2.jpg\",\"datePublished\":\"2021-10-07T10:51:07+00:00\",\"dateModified\":\"2021-10-07T12:22:51+00:00\",\"description\":\"Ty\u00f6- ja elinkeinoministeri\u00f6\u00a0on my\u00f6nt\u00e4nyt kolme miljoonaa euroa valtionavustusta\u00a0\u00a0valtakunnallisen yhteiskunnallisten yritysten osaamiskeskuksen perustamiseksi.\u00a0Kyseess\u00e4 on asiantuntijayksikk\u00f6, joka tukee yhteiskunnallisten yritysten syntymist\u00e4 ja kasvua. Hankkeen taustalla on kuusi organisaatiota, joiden asiantuntijoita keskuksessa hy\u00f6dynnet\u00e4\u00e4n.\u00a0 Pellervon koordinaatiovastuulla ovat neuvonta- ja ohjauspalvelut, johon teht\u00e4v\u00e4\u00e4n on palkattu Pellervon valtuuskunnan j\u00e4sen, Coop Finland ry:n Jarmo H\u00e4nninen. H\u00e4nen ty\u00f6suhteensa ulottuu vuoden 2023 loppuun.\u00a0\",\"breadcrumb\":{\"@id\":\"https:\\\/\\\/pellervo.fi\\\/uutiset\\\/2021\\\/10\\\/07\\\/tem-myonsi-maararahan-yhteiskunnallisten-yritysten-osaamiskeskus-aloittaa-tyontekijana-pellervon-jarmo-hanninen\\\/#breadcrumb\"},\"inLanguage\":\"sv-SE\",\"potentialAction\":[{\"@type\":\"ReadAction\",\"target\":[\"https:\\\/\\\/pellervo.fi\\\/uutiset\\\/2021\\\/10\\\/07\\\/tem-myonsi-maararahan-yhteiskunnallisten-yritysten-osaamiskeskus-aloittaa-tyontekijana-pellervon-jarmo-hanninen\\\/\"]}]},{\"@type\":\"ImageObject\",\"inLanguage\":\"sv-SE\",\"@id\":\"https:\\\/\\\/pellervo.fi\\\/uutiset\\\/2021\\\/10\\\/07\\\/tem-myonsi-maararahan-yhteiskunnallisten-yritysten-osaamiskeskus-aloittaa-tyontekijana-pellervon-jarmo-hanninen\\\/#primaryimage\",\"url\":\"https:\\\/\\\/pellervo.fi\\\/wp-content\\\/uploads\\\/2021\\\/10\\\/TEM_LA01_logo___fi_B3___WEB-2.jpg\",\"contentUrl\":\"https:\\\/\\\/pellervo.fi\\\/wp-content\\\/uploads\\\/2021\\\/10\\\/TEM_LA01_logo___fi_B3___WEB-2.jpg\",\"width\":523,\"height\":318},{\"@type\":\"BreadcrumbList\",\"@id\":\"https:\\\/\\\/pellervo.fi\\\/uutiset\\\/2021\\\/10\\\/07\\\/tem-myonsi-maararahan-yhteiskunnallisten-yritysten-osaamiskeskus-aloittaa-tyontekijana-pellervon-jarmo-hanninen\\\/#breadcrumb\",\"itemListElement\":[{\"@type\":\"ListItem\",\"position\":1,\"name\":\"Koti\",\"item\":\"https:\\\/\\\/pellervo.fi\\\/sv\\\/\"},{\"@type\":\"ListItem\",\"position\":2,\"name\":\"TEM my\u00f6nsi m\u00e4\u00e4r\u00e4rahan: Yhteiskunnallisten yritysten osaamiskeskus aloittaa, Pellervon ty\u00f6ntekij\u00e4n\u00e4 Jarmo H\u00e4nninen\"}]},{\"@type\":\"WebSite\",\"@id\":\"https:\\\/\\\/pellervo.fi\\\/#website\",\"url\":\"https:\\\/\\\/pellervo.fi\\\/\",\"name\":\"Pellervo\",\"description\":\"Osuuskuntien keskusj\u00e4rjest\u00f6\",\"publisher\":{\"@id\":\"https:\\\/\\\/pellervo.fi\\\/#organization\"},\"potentialAction\":[{\"@type\":\"SearchAction\",\"target\":{\"@type\":\"EntryPoint\",\"urlTemplate\":\"https:\\\/\\\/pellervo.fi\\\/?s={search_term_string}\"},\"query-input\":{\"@type\":\"PropertyValueSpecification\",\"valueRequired\":true,\"valueName\":\"search_term_string\"}}],\"inLanguage\":\"sv-SE\"},{\"@type\":\"Organization\",\"@id\":\"https:\\\/\\\/pellervo.fi\\\/#organization\",\"name\":\"Osuustoimintakeskus Pellervo ry\",\"url\":\"https:\\\/\\\/pellervo.fi\\\/\",\"logo\":{\"@type\":\"ImageObject\",\"inLanguage\":\"sv-SE\",\"@id\":\"https:\\\/\\\/pellervo.fi\\\/#\\\/schema\\\/logo\\\/image\\\/\",\"url\":\"https:\\\/\\\/pellervo.fi\\\/wp-content\\\/uploads\\\/2020\\\/05\\\/Pellervo_logo.png\",\"contentUrl\":\"https:\\\/\\\/pellervo.fi\\\/wp-content\\\/uploads\\\/2020\\\/05\\\/Pellervo_logo.png\",\"width\":1335,\"height\":376,\"caption\":\"Osuustoimintakeskus Pellervo ry\"},\"image\":{\"@id\":\"https:\\\/\\\/pellervo.fi\\\/#\\\/schema\\\/logo\\\/image\\\/\"},\"sameAs\":[\"https:\\\/\\\/x.com\\\/PellervoFi\"]},{\"@type\":\"Person\",\"@id\":\"https:\\\/\\\/pellervo.fi\\\/#\\\/schema\\\/person\\\/4b74d40956937d1367ade81899997e71\",\"name\":\"pellervo\",\"image\":{\"@type\":\"ImageObject\",\"inLanguage\":\"sv-SE\",\"@id\":\"https:\\\/\\\/pellervo.fi\\\/wp-content\\\/uploads\\\/2013\\\/11\\\/pellervo_avatar_1384522134-96x96.jpg\",\"url\":\"https:\\\/\\\/pellervo.fi\\\/wp-content\\\/uploads\\\/2013\\\/11\\\/pellervo_avatar_1384522134-96x96.jpg\",\"contentUrl\":\"https:\\\/\\\/pellervo.fi\\\/wp-content\\\/uploads\\\/2013\\\/11\\\/pellervo_avatar_1384522134-96x96.jpg\",\"caption\":\"pellervo\"},\"description\":\"Kuvaus\",\"url\":\"https:\\\/\\\/pellervo.fi\\\/sv\\\/author\\\/pellervo\\\/\"}]}<\/script>\n<!-- \/ Yoast SEO plugin. -->","yoast_head_json":{"title":"TEM my\u00f6nsi m\u00e4\u00e4r\u00e4rahan: Yhteiskunnallisten yritysten osaamiskeskus aloittaa, Pellervon ty\u00f6ntekij\u00e4n\u00e4 Jarmo H\u00e4nninen - Pellervo","description":"Ty\u00f6- ja elinkeinoministeri\u00f6\u00a0on my\u00f6nt\u00e4nyt kolme miljoonaa euroa valtionavustusta\u00a0\u00a0valtakunnallisen yhteiskunnallisten yritysten osaamiskeskuksen perustamiseksi.\u00a0Kyseess\u00e4 on asiantuntijayksikk\u00f6, joka tukee yhteiskunnallisten yritysten syntymist\u00e4 ja kasvua. Hankkeen taustalla on kuusi organisaatiota, joiden asiantuntijoita keskuksessa hy\u00f6dynnet\u00e4\u00e4n.\u00a0 Pellervon koordinaatiovastuulla ovat neuvonta- ja ohjauspalvelut, johon teht\u00e4v\u00e4\u00e4n on palkattu Pellervon valtuuskunnan j\u00e4sen, Coop Finland ry:n Jarmo H\u00e4nninen. H\u00e4nen ty\u00f6suhteensa ulottuu vuoden 2023 loppuun.\u00a0","robots":{"index":"index","follow":"follow","max-snippet":"max-snippet:-1","max-image-preview":"max-image-preview:large","max-video-preview":"max-video-preview:-1"},"canonical":"https:\/\/pellervo.fi\/uutiset\/2021\/10\/07\/tem-myonsi-maararahan-yhteiskunnallisten-yritysten-osaamiskeskus-aloittaa-tyontekijana-pellervon-jarmo-hanninen\/","og_locale":"sv_SE","og_type":"article","og_title":"TEM my\u00f6nsi m\u00e4\u00e4r\u00e4rahan: Yhteiskunnallisten yritysten osaamiskeskus aloittaa, Pellervon ty\u00f6ntekij\u00e4n\u00e4 Jarmo H\u00e4nninen - Pellervo","og_description":"Ty\u00f6- ja elinkeinoministeri\u00f6\u00a0on my\u00f6nt\u00e4nyt kolme miljoonaa euroa valtionavustusta\u00a0\u00a0valtakunnallisen yhteiskunnallisten yritysten osaamiskeskuksen perustamiseksi.\u00a0Kyseess\u00e4 on asiantuntijayksikk\u00f6, joka tukee yhteiskunnallisten yritysten syntymist\u00e4 ja kasvua. Hankkeen taustalla on kuusi organisaatiota, joiden asiantuntijoita keskuksessa hy\u00f6dynnet\u00e4\u00e4n.\u00a0 Pellervon koordinaatiovastuulla ovat neuvonta- ja ohjauspalvelut, johon teht\u00e4v\u00e4\u00e4n on palkattu Pellervon valtuuskunnan j\u00e4sen, Coop Finland ry:n Jarmo H\u00e4nninen. H\u00e4nen ty\u00f6suhteensa ulottuu vuoden 2023 loppuun.\u00a0","og_url":"https:\/\/pellervo.fi\/uutiset\/2021\/10\/07\/tem-myonsi-maararahan-yhteiskunnallisten-yritysten-osaamiskeskus-aloittaa-tyontekijana-pellervon-jarmo-hanninen\/","og_site_name":"Pellervo","article_published_time":"2021-10-07T10:51:07+00:00","article_modified_time":"2021-10-07T12:22:51+00:00","og_image":[{"width":523,"height":318,"url":"https:\/\/pellervo.fi\/wp-content\/uploads\/2021\/10\/TEM_LA01_logo___fi_B3___WEB-2.jpg","type":"image\/jpeg"}],"author":"pellervo","twitter_card":"summary_large_image","twitter_creator":"@PellervoFi","twitter_site":"@PellervoFi","twitter_misc":{"Skriven av":"pellervo","Ber\u00e4knad l\u00e4stid":"3 minuter"},"schema":{"@context":"https:\/\/schema.org","@graph":[{"@type":"Article","@id":"https:\/\/pellervo.fi\/uutiset\/2021\/10\/07\/tem-myonsi-maararahan-yhteiskunnallisten-yritysten-osaamiskeskus-aloittaa-tyontekijana-pellervon-jarmo-hanninen\/#article","isPartOf":{"@id":"https:\/\/pellervo.fi\/uutiset\/2021\/10\/07\/tem-myonsi-maararahan-yhteiskunnallisten-yritysten-osaamiskeskus-aloittaa-tyontekijana-pellervon-jarmo-hanninen\/"},"author":{"name":"pellervo","@id":"https:\/\/pellervo.fi\/#\/schema\/person\/4b74d40956937d1367ade81899997e71"},"headline":"TEM my\u00f6nsi m\u00e4\u00e4r\u00e4rahan: Yhteiskunnallisten yritysten osaamiskeskus aloittaa, Pellervon ty\u00f6ntekij\u00e4n\u00e4 Jarmo H\u00e4nninen","datePublished":"2021-10-07T10:51:07+00:00","dateModified":"2021-10-07T12:22:51+00:00","mainEntityOfPage":{"@id":"https:\/\/pellervo.fi\/uutiset\/2021\/10\/07\/tem-myonsi-maararahan-yhteiskunnallisten-yritysten-osaamiskeskus-aloittaa-tyontekijana-pellervon-jarmo-hanninen\/"},"wordCount":592,"publisher":{"@id":"https:\/\/pellervo.fi\/#organization"},"image":{"@id":"https:\/\/pellervo.fi\/uutiset\/2021\/10\/07\/tem-myonsi-maararahan-yhteiskunnallisten-yritysten-osaamiskeskus-aloittaa-tyontekijana-pellervon-jarmo-hanninen\/#primaryimage"},"thumbnailUrl":"https:\/\/pellervo.fi\/wp-content\/uploads\/2021\/10\/TEM_LA01_logo___fi_B3___WEB-2.jpg","keywords":["neuvonta","yhetiskunnallinen yritys"],"articleSection":["Uutiset"],"inLanguage":"sv-SE"},{"@type":"WebPage","@id":"https:\/\/pellervo.fi\/uutiset\/2021\/10\/07\/tem-myonsi-maararahan-yhteiskunnallisten-yritysten-osaamiskeskus-aloittaa-tyontekijana-pellervon-jarmo-hanninen\/","url":"https:\/\/pellervo.fi\/uutiset\/2021\/10\/07\/tem-myonsi-maararahan-yhteiskunnallisten-yritysten-osaamiskeskus-aloittaa-tyontekijana-pellervon-jarmo-hanninen\/","name":"TEM my\u00f6nsi m\u00e4\u00e4r\u00e4rahan: Yhteiskunnallisten yritysten osaamiskeskus aloittaa, Pellervon ty\u00f6ntekij\u00e4n\u00e4 Jarmo H\u00e4nninen - Pellervo","isPartOf":{"@id":"https:\/\/pellervo.fi\/#website"},"primaryImageOfPage":{"@id":"https:\/\/pellervo.fi\/uutiset\/2021\/10\/07\/tem-myonsi-maararahan-yhteiskunnallisten-yritysten-osaamiskeskus-aloittaa-tyontekijana-pellervon-jarmo-hanninen\/#primaryimage"},"image":{"@id":"https:\/\/pellervo.fi\/uutiset\/2021\/10\/07\/tem-myonsi-maararahan-yhteiskunnallisten-yritysten-osaamiskeskus-aloittaa-tyontekijana-pellervon-jarmo-hanninen\/#primaryimage"},"thumbnailUrl":"https:\/\/pellervo.fi\/wp-content\/uploads\/2021\/10\/TEM_LA01_logo___fi_B3___WEB-2.jpg","datePublished":"2021-10-07T10:51:07+00:00","dateModified":"2021-10-07T12:22:51+00:00","description":"Ty\u00f6- ja elinkeinoministeri\u00f6\u00a0on my\u00f6nt\u00e4nyt kolme miljoonaa euroa valtionavustusta\u00a0\u00a0valtakunnallisen yhteiskunnallisten yritysten osaamiskeskuksen perustamiseksi.\u00a0Kyseess\u00e4 on asiantuntijayksikk\u00f6, joka tukee yhteiskunnallisten yritysten syntymist\u00e4 ja kasvua. Hankkeen taustalla on kuusi organisaatiota, joiden asiantuntijoita keskuksessa hy\u00f6dynnet\u00e4\u00e4n.\u00a0 Pellervon koordinaatiovastuulla ovat neuvonta- ja ohjauspalvelut, johon teht\u00e4v\u00e4\u00e4n on palkattu Pellervon valtuuskunnan j\u00e4sen, Coop Finland ry:n Jarmo H\u00e4nninen. H\u00e4nen ty\u00f6suhteensa ulottuu vuoden 2023 loppuun.\u00a0","breadcrumb":{"@id":"https:\/\/pellervo.fi\/uutiset\/2021\/10\/07\/tem-myonsi-maararahan-yhteiskunnallisten-yritysten-osaamiskeskus-aloittaa-tyontekijana-pellervon-jarmo-hanninen\/#breadcrumb"},"inLanguage":"sv-SE","potentialAction":[{"@type":"ReadAction","target":["https:\/\/pellervo.fi\/uutiset\/2021\/10\/07\/tem-myonsi-maararahan-yhteiskunnallisten-yritysten-osaamiskeskus-aloittaa-tyontekijana-pellervon-jarmo-hanninen\/"]}]},{"@type":"ImageObject","inLanguage":"sv-SE","@id":"https:\/\/pellervo.fi\/uutiset\/2021\/10\/07\/tem-myonsi-maararahan-yhteiskunnallisten-yritysten-osaamiskeskus-aloittaa-tyontekijana-pellervon-jarmo-hanninen\/#primaryimage","url":"https:\/\/pellervo.fi\/wp-content\/uploads\/2021\/10\/TEM_LA01_logo___fi_B3___WEB-2.jpg","contentUrl":"https:\/\/pellervo.fi\/wp-content\/uploads\/2021\/10\/TEM_LA01_logo___fi_B3___WEB-2.jpg","width":523,"height":318},{"@type":"BreadcrumbList","@id":"https:\/\/pellervo.fi\/uutiset\/2021\/10\/07\/tem-myonsi-maararahan-yhteiskunnallisten-yritysten-osaamiskeskus-aloittaa-tyontekijana-pellervon-jarmo-hanninen\/#breadcrumb","itemListElement":[{"@type":"ListItem","position":1,"name":"Koti","item":"https:\/\/pellervo.fi\/sv\/"},{"@type":"ListItem","position":2,"name":"TEM my\u00f6nsi m\u00e4\u00e4r\u00e4rahan: Yhteiskunnallisten yritysten osaamiskeskus aloittaa, Pellervon ty\u00f6ntekij\u00e4n\u00e4 Jarmo H\u00e4nninen"}]},{"@type":"WebSite","@id":"https:\/\/pellervo.fi\/#website","url":"https:\/\/pellervo.fi\/","name":"Pellervo","description":"Osuuskuntien keskusj\u00e4rjest\u00f6","publisher":{"@id":"https:\/\/pellervo.fi\/#organization"},"potentialAction":[{"@type":"SearchAction","target":{"@type":"EntryPoint","urlTemplate":"https:\/\/pellervo.fi\/?s={search_term_string}"},"query-input":{"@type":"PropertyValueSpecification","valueRequired":true,"valueName":"search_term_string"}}],"inLanguage":"sv-SE"},{"@type":"Organization","@id":"https:\/\/pellervo.fi\/#organization","name":"Osuustoimintakeskus Pellervo ry","url":"https:\/\/pellervo.fi\/","logo":{"@type":"ImageObject","inLanguage":"sv-SE","@id":"https:\/\/pellervo.fi\/#\/schema\/logo\/image\/","url":"https:\/\/pellervo.fi\/wp-content\/uploads\/2020\/05\/Pellervo_logo.png","contentUrl":"https:\/\/pellervo.fi\/wp-content\/uploads\/2020\/05\/Pellervo_logo.png","width":1335,"height":376,"caption":"Osuustoimintakeskus Pellervo ry"},"image":{"@id":"https:\/\/pellervo.fi\/#\/schema\/logo\/image\/"},"sameAs":["https:\/\/x.com\/PellervoFi"]},{"@type":"Person","@id":"https:\/\/pellervo.fi\/#\/schema\/person\/4b74d40956937d1367ade81899997e71","name":"pellervo","image":{"@type":"ImageObject","inLanguage":"sv-SE","@id":"https:\/\/pellervo.fi\/wp-content\/uploads\/2013\/11\/pellervo_avatar_1384522134-96x96.jpg","url":"https:\/\/pellervo.fi\/wp-content\/uploads\/2013\/11\/pellervo_avatar_1384522134-96x96.jpg","contentUrl":"https:\/\/pellervo.fi\/wp-content\/uploads\/2013\/11\/pellervo_avatar_1384522134-96x96.jpg","caption":"pellervo"},"description":"Kuvaus","url":"https:\/\/pellervo.fi\/sv\/author\/pellervo\/"}]}},"_links":{"self":[{"href":"https:\/\/pellervo.fi\/sv\/wp-json\/wp\/v2\/posts\/892033","targetHints":{"allow":["GET"]}}],"collection":[{"href":"https:\/\/pellervo.fi\/sv\/wp-json\/wp\/v2\/posts"}],"about":[{"href":"https:\/\/pellervo.fi\/sv\/wp-json\/wp\/v2\/types\/post"}],"author":[{"embeddable":true,"href":"https:\/\/pellervo.fi\/sv\/wp-json\/wp\/v2\/users\/5"}],"replies":[{"embeddable":true,"href":"https:\/\/pellervo.fi\/sv\/wp-json\/wp\/v2\/comments?post=892033"}],"version-history":[{"count":9,"href":"https:\/\/pellervo.fi\/sv\/wp-json\/wp\/v2\/posts\/892033\/revisions"}],"predecessor-version":[{"id":892051,"href":"https:\/\/pellervo.fi\/sv\/wp-json\/wp\/v2\/posts\/892033\/revisions\/892051"}],"wp:featuredmedia":[{"embeddable":true,"href":"https:\/\/pellervo.fi\/sv\/wp-json\/wp\/v2\/media\/892037"}],"wp:attachment":[{"href":"https:\/\/pellervo.fi\/sv\/wp-json\/wp\/v2\/media?parent=892033"}],"wp:term":[{"taxonomy":"category","embeddable":true,"href":"https:\/\/pellervo.fi\/sv\/wp-json\/wp\/v2\/categories?post=892033"},{"taxonomy":"post_tag","embeddable":true,"href":"https:\/\/pellervo.fi\/sv\/wp-json\/wp\/v2\/tags?post=892033"}],"curies":[{"name":"wp","href":"https:\/\/api.w.org\/{rel}","templated":true}]}}