{"id":892161,"date":"2021-11-15T10:48:04","date_gmt":"2021-11-15T08:48:04","guid":{"rendered":"https:\/\/pellervo.fi\/?p=892161"},"modified":"2021-11-15T10:48:06","modified_gmt":"2021-11-15T08:48:06","slug":"ungdomar-diskuterade-engagemang-och-delaktighet-i-beslutsfattandet","status":"publish","type":"post","link":"https:\/\/pellervo.fi\/sv\/svenska-sv\/2021\/11\/15\/ungdomar-diskuterade-engagemang-och-delaktighet-i-beslutsfattandet\/","title":{"rendered":"Ungdomar diskuterade engagemang och delaktighet i beslutsfattandet"},"content":{"rendered":"\n<p>Vilka faktorer motiverar unga m\u00e4nniskor att g\u00e5 med i medlemsbaserade organisationer? Detta diskuterades av en grupp ungdomar och n\u00e5gra \u00e4ldre i ett svenskspr\u00e5kigt webbinarium av Pellervo Coop Center och Finlands Svenska Andelsf\u00f6rbund den 4 november. Debatten gav m\u00e5nga bra svar. &#8221;Du m\u00e5ste k\u00e4nna dig delaktig&#8221;; \u201dDet m\u00e5ste ocks\u00e5 finnas n\u00e5got att ge\u201d; &#8221;St\u00e4mningen borde vara upplyftande&#8221;. En av panellisterna sammanfattade: &#8221;Jag vill l\u00e4ra mig n\u00e5got nytt&#8221;.<\/p>\n<p>Vad ska kooperativ och andra medlemsbaserade organisationer g\u00f6ra f\u00f6r att f\u00e5 unga m\u00e4nniskor intresserade? Webbinariet efterlyste tydligare kommunikation med unga. Det beh\u00f6ver g\u00f6ras d\u00e4r unga \u00e4r och r\u00f6r sig. Sociala medier n\u00e4mndes som exempel och varf\u00f6r inte en t\u00e4ltplats p\u00e5 festivaler. Unga m\u00e4nniskor f\u00f6rv\u00e4ntar sig ocks\u00e5 interaktiv kommunikation, inte bara enkelriktad kommunikation. Organisationer m\u00e5ste kunna kommunicera vad de g\u00f6r. Verksamhetskulturen ska vara inbjudande och inkluderande. &#8221;Ge utrymme \u00e5t unga, ge dem ansvar.&#8221;<\/p>\n<p>Anita Westerholm, juridik- och ekonomistuderande fr\u00e5n Raseborg, modererade webbinariet. Vad har f\u00e5tt henne involverad? \u201d Mitt intresse f\u00f6r att p\u00e5verka f\u00f6ddes i tidig \u00e5lder, s\u00e5 l\u00e5ngt bak jag kan minnas har jag alltid valt att p\u00e5verka och f\u00f6ra fram min \u00e5sikt. Jag tror att vi kan f\u00f6r\u00e4ndra v\u00e5r omgivning genom att m\u00e5lmedvetet engagera oss.\u201d Westerholm tror ocks\u00e5 att unga kommer att synas mer i medborgarsamh\u00e4llet och organisationer i framtiden.<\/p>\n<p>\u00a0<\/p>\n","protected":false},"excerpt":{"rendered":"<p>Vilka faktorer motiverar unga m\u00e4nniskor att g\u00e5 med i medlemsbaserade organisationer? Detta diskuterades av en grupp ungdomar och n\u00e5gra \u00e4ldre i ett svenskspr\u00e5kigt webbinarium av Pellervo Coop Center och Finlands Svenska Andelsf\u00f6rbund den 4 november. <\/p>\n","protected":false},"author":5,"featured_media":892162,"comment_status":"closed","ping_status":"closed","sticky":false,"template":"","format":"standard","meta":{"inline_featured_image":false,"_monsterinsights_skip_tracking":false,"_monsterinsights_sitenote_active":false,"_monsterinsights_sitenote_note":"","_monsterinsights_sitenote_category":0,"site-sidebar-layout":"default","site-content-layout":"default","ast-site-content-layout":"default","site-content-style":"default","site-sidebar-style":"default","ast-global-header-display":"","ast-banner-title-visibility":"","ast-main-header-display":"","ast-hfb-above-header-display":"","ast-hfb-below-header-display":"","ast-hfb-mobile-header-display":"","site-post-title":"","ast-breadcrumbs-content":"","ast-featured-img":"","footer-sml-layout":"","ast-disable-related-posts":"","theme-transparent-header-meta":"default","adv-header-id-meta":"","stick-header-meta":"","header-above-stick-meta":"","header-main-stick-meta":"","header-below-stick-meta":"","astra-migrate-meta-layouts":"default","ast-page-background-enabled":"default","ast-page-background-meta":{"desktop":{"background-color":"","background-image":"","background-repeat":"repeat","background-position":"center center","background-size":"auto","background-attachment":"scroll","background-type":"","background-media":"","overlay-type":"","overlay-color":"","overlay-opacity":"","overlay-gradient":""},"tablet":{"background-color":"","background-image":"","background-repeat":"repeat","background-position":"center center","background-size":"auto","background-attachment":"scroll","background-type":"","background-media":"","overlay-type":"","overlay-color":"","overlay-opacity":"","overlay-gradient":""},"mobile":{"background-color":"","background-image":"","background-repeat":"repeat","background-position":"center center","background-size":"auto","background-attachment":"scroll","background-type":"","background-media":"","overlay-type":"","overlay-color":"","overlay-opacity":"","overlay-gradient":""}},"ast-content-background-meta":{"desktop":{"background-color":"var(--ast-global-color-5)","background-image":"","background-repeat":"repeat","background-position":"center center","background-size":"auto","background-attachment":"scroll","background-type":"","background-media":"","overlay-type":"","overlay-color":"","overlay-opacity":"","overlay-gradient":""},"tablet":{"background-color":"var(--ast-global-color-5)","background-image":"","background-repeat":"repeat","background-position":"center center","background-size":"auto","background-attachment":"scroll","background-type":"","background-media":"","overlay-type":"","overlay-color":"","overlay-opacity":"","overlay-gradient":""},"mobile":{"background-color":"var(--ast-global-color-5)","background-image":"","background-repeat":"repeat","background-position":"center center","background-size":"auto","background-attachment":"scroll","background-type":"","background-media":"","overlay-type":"","overlay-color":"","overlay-opacity":"","overlay-gradient":""}},"_FSMCFIC_featured_image_caption":"Anita Westerholm modererade webbinariet.","_FSMCFIC_featured_image_nocaption":"","_FSMCFIC_featured_image_hide":"","footnotes":""},"categories":[314],"tags":[],"class_list":["post-892161","post","type-post","status-publish","format-standard","has-post-thumbnail","hentry","category-svenska-sv"],"yoast_head":"<!-- This site is optimized with the Yoast SEO plugin v27.5 - https:\/\/yoast.com\/product\/yoast-seo-wordpress\/ -->\n<title>Ungdomar diskuterade engagemang och delaktighet i beslutsfattandet - Pellervo<\/title>\n<meta name=\"robots\" content=\"index, follow, max-snippet:-1, max-image-preview:large, max-video-preview:-1\" \/>\n<link rel=\"canonical\" href=\"https:\/\/pellervo.fi\/sv\/svenska-sv\/2021\/11\/15\/ungdomar-diskuterade-engagemang-och-delaktighet-i-beslutsfattandet\/\" \/>\n<meta property=\"og:locale\" content=\"sv_SE\" \/>\n<meta property=\"og:type\" content=\"article\" \/>\n<meta property=\"og:title\" content=\"Ungdomar diskuterade engagemang och delaktighet i beslutsfattandet - Pellervo\" \/>\n<meta property=\"og:description\" content=\"Vilka faktorer motiverar unga m\u00e4nniskor att g\u00e5 med i medlemsbaserade organisationer? Detta diskuterades av en grupp ungdomar och n\u00e5gra \u00e4ldre i ett svenskspr\u00e5kigt webbinarium av Pellervo Coop Center och Finlands Svenska Andelsf\u00f6rbund den 4 november.\" \/>\n<meta property=\"og:url\" content=\"https:\/\/pellervo.fi\/sv\/svenska-sv\/2021\/11\/15\/ungdomar-diskuterade-engagemang-och-delaktighet-i-beslutsfattandet\/\" \/>\n<meta property=\"og:site_name\" content=\"Pellervo\" \/>\n<meta property=\"article:published_time\" content=\"2021-11-15T08:48:04+00:00\" \/>\n<meta property=\"article:modified_time\" content=\"2021-11-15T08:48:06+00:00\" \/>\n<meta property=\"og:image\" content=\"https:\/\/pellervo.fi\/wp-content\/uploads\/2021\/11\/AnitaWesterholm.jpg\" \/>\n\t<meta property=\"og:image:width\" content=\"850\" \/>\n\t<meta property=\"og:image:height\" content=\"567\" \/>\n\t<meta property=\"og:image:type\" content=\"image\/jpeg\" \/>\n<meta name=\"author\" content=\"pellervo\" \/>\n<meta name=\"twitter:card\" content=\"summary_large_image\" \/>\n<meta name=\"twitter:creator\" content=\"@PellervoFi\" \/>\n<meta name=\"twitter:site\" content=\"@PellervoFi\" \/>\n<meta name=\"twitter:label1\" content=\"Skriven av\" \/>\n\t<meta name=\"twitter:data1\" content=\"pellervo\" \/>\n\t<meta name=\"twitter:label2\" content=\"Ber\u00e4knad l\u00e4stid\" \/>\n\t<meta name=\"twitter:data2\" content=\"1 minut\" \/>\n<script type=\"application\/ld+json\" class=\"yoast-schema-graph\">{\"@context\":\"https:\\\/\\\/schema.org\",\"@graph\":[{\"@type\":\"Article\",\"@id\":\"https:\\\/\\\/pellervo.fi\\\/sv\\\/svenska-sv\\\/2021\\\/11\\\/15\\\/ungdomar-diskuterade-engagemang-och-delaktighet-i-beslutsfattandet\\\/#article\",\"isPartOf\":{\"@id\":\"https:\\\/\\\/pellervo.fi\\\/sv\\\/svenska-sv\\\/2021\\\/11\\\/15\\\/ungdomar-diskuterade-engagemang-och-delaktighet-i-beslutsfattandet\\\/\"},\"author\":{\"name\":\"pellervo\",\"@id\":\"https:\\\/\\\/pellervo.fi\\\/#\\\/schema\\\/person\\\/4b74d40956937d1367ade81899997e71\"},\"headline\":\"Ungdomar diskuterade engagemang och delaktighet i beslutsfattandet\",\"datePublished\":\"2021-11-15T08:48:04+00:00\",\"dateModified\":\"2021-11-15T08:48:06+00:00\",\"mainEntityOfPage\":{\"@id\":\"https:\\\/\\\/pellervo.fi\\\/sv\\\/svenska-sv\\\/2021\\\/11\\\/15\\\/ungdomar-diskuterade-engagemang-och-delaktighet-i-beslutsfattandet\\\/\"},\"wordCount\":252,\"publisher\":{\"@id\":\"https:\\\/\\\/pellervo.fi\\\/#organization\"},\"image\":{\"@id\":\"https:\\\/\\\/pellervo.fi\\\/sv\\\/svenska-sv\\\/2021\\\/11\\\/15\\\/ungdomar-diskuterade-engagemang-och-delaktighet-i-beslutsfattandet\\\/#primaryimage\"},\"thumbnailUrl\":\"https:\\\/\\\/pellervo.fi\\\/wp-content\\\/uploads\\\/2021\\\/11\\\/AnitaWesterholm.jpg\",\"articleSection\":[\"svenska\"],\"inLanguage\":\"sv-SE\"},{\"@type\":\"WebPage\",\"@id\":\"https:\\\/\\\/pellervo.fi\\\/sv\\\/svenska-sv\\\/2021\\\/11\\\/15\\\/ungdomar-diskuterade-engagemang-och-delaktighet-i-beslutsfattandet\\\/\",\"url\":\"https:\\\/\\\/pellervo.fi\\\/sv\\\/svenska-sv\\\/2021\\\/11\\\/15\\\/ungdomar-diskuterade-engagemang-och-delaktighet-i-beslutsfattandet\\\/\",\"name\":\"Ungdomar diskuterade engagemang och delaktighet i beslutsfattandet - Pellervo\",\"isPartOf\":{\"@id\":\"https:\\\/\\\/pellervo.fi\\\/#website\"},\"primaryImageOfPage\":{\"@id\":\"https:\\\/\\\/pellervo.fi\\\/sv\\\/svenska-sv\\\/2021\\\/11\\\/15\\\/ungdomar-diskuterade-engagemang-och-delaktighet-i-beslutsfattandet\\\/#primaryimage\"},\"image\":{\"@id\":\"https:\\\/\\\/pellervo.fi\\\/sv\\\/svenska-sv\\\/2021\\\/11\\\/15\\\/ungdomar-diskuterade-engagemang-och-delaktighet-i-beslutsfattandet\\\/#primaryimage\"},\"thumbnailUrl\":\"https:\\\/\\\/pellervo.fi\\\/wp-content\\\/uploads\\\/2021\\\/11\\\/AnitaWesterholm.jpg\",\"datePublished\":\"2021-11-15T08:48:04+00:00\",\"dateModified\":\"2021-11-15T08:48:06+00:00\",\"breadcrumb\":{\"@id\":\"https:\\\/\\\/pellervo.fi\\\/sv\\\/svenska-sv\\\/2021\\\/11\\\/15\\\/ungdomar-diskuterade-engagemang-och-delaktighet-i-beslutsfattandet\\\/#breadcrumb\"},\"inLanguage\":\"sv-SE\",\"potentialAction\":[{\"@type\":\"ReadAction\",\"target\":[\"https:\\\/\\\/pellervo.fi\\\/sv\\\/svenska-sv\\\/2021\\\/11\\\/15\\\/ungdomar-diskuterade-engagemang-och-delaktighet-i-beslutsfattandet\\\/\"]}]},{\"@type\":\"ImageObject\",\"inLanguage\":\"sv-SE\",\"@id\":\"https:\\\/\\\/pellervo.fi\\\/sv\\\/svenska-sv\\\/2021\\\/11\\\/15\\\/ungdomar-diskuterade-engagemang-och-delaktighet-i-beslutsfattandet\\\/#primaryimage\",\"url\":\"https:\\\/\\\/pellervo.fi\\\/wp-content\\\/uploads\\\/2021\\\/11\\\/AnitaWesterholm.jpg\",\"contentUrl\":\"https:\\\/\\\/pellervo.fi\\\/wp-content\\\/uploads\\\/2021\\\/11\\\/AnitaWesterholm.jpg\",\"width\":850,\"height\":567},{\"@type\":\"BreadcrumbList\",\"@id\":\"https:\\\/\\\/pellervo.fi\\\/sv\\\/svenska-sv\\\/2021\\\/11\\\/15\\\/ungdomar-diskuterade-engagemang-och-delaktighet-i-beslutsfattandet\\\/#breadcrumb\",\"itemListElement\":[{\"@type\":\"ListItem\",\"position\":1,\"name\":\"Koti\",\"item\":\"https:\\\/\\\/pellervo.fi\\\/sv\\\/\"},{\"@type\":\"ListItem\",\"position\":2,\"name\":\"Ungdomar diskuterade engagemang och delaktighet i beslutsfattandet\"}]},{\"@type\":\"WebSite\",\"@id\":\"https:\\\/\\\/pellervo.fi\\\/#website\",\"url\":\"https:\\\/\\\/pellervo.fi\\\/\",\"name\":\"Pellervo\",\"description\":\"Osuuskuntien keskusj\u00e4rjest\u00f6\",\"publisher\":{\"@id\":\"https:\\\/\\\/pellervo.fi\\\/#organization\"},\"potentialAction\":[{\"@type\":\"SearchAction\",\"target\":{\"@type\":\"EntryPoint\",\"urlTemplate\":\"https:\\\/\\\/pellervo.fi\\\/?s={search_term_string}\"},\"query-input\":{\"@type\":\"PropertyValueSpecification\",\"valueRequired\":true,\"valueName\":\"search_term_string\"}}],\"inLanguage\":\"sv-SE\"},{\"@type\":\"Organization\",\"@id\":\"https:\\\/\\\/pellervo.fi\\\/#organization\",\"name\":\"Osuustoimintakeskus Pellervo ry\",\"url\":\"https:\\\/\\\/pellervo.fi\\\/\",\"logo\":{\"@type\":\"ImageObject\",\"inLanguage\":\"sv-SE\",\"@id\":\"https:\\\/\\\/pellervo.fi\\\/#\\\/schema\\\/logo\\\/image\\\/\",\"url\":\"https:\\\/\\\/pellervo.fi\\\/wp-content\\\/uploads\\\/2020\\\/05\\\/Pellervo_logo.png\",\"contentUrl\":\"https:\\\/\\\/pellervo.fi\\\/wp-content\\\/uploads\\\/2020\\\/05\\\/Pellervo_logo.png\",\"width\":1335,\"height\":376,\"caption\":\"Osuustoimintakeskus Pellervo ry\"},\"image\":{\"@id\":\"https:\\\/\\\/pellervo.fi\\\/#\\\/schema\\\/logo\\\/image\\\/\"},\"sameAs\":[\"https:\\\/\\\/x.com\\\/PellervoFi\"]},{\"@type\":\"Person\",\"@id\":\"https:\\\/\\\/pellervo.fi\\\/#\\\/schema\\\/person\\\/4b74d40956937d1367ade81899997e71\",\"name\":\"pellervo\",\"image\":{\"@type\":\"ImageObject\",\"inLanguage\":\"sv-SE\",\"@id\":\"https:\\\/\\\/pellervo.fi\\\/wp-content\\\/uploads\\\/2013\\\/11\\\/pellervo_avatar_1384522134-96x96.jpg\",\"url\":\"https:\\\/\\\/pellervo.fi\\\/wp-content\\\/uploads\\\/2013\\\/11\\\/pellervo_avatar_1384522134-96x96.jpg\",\"contentUrl\":\"https:\\\/\\\/pellervo.fi\\\/wp-content\\\/uploads\\\/2013\\\/11\\\/pellervo_avatar_1384522134-96x96.jpg\",\"caption\":\"pellervo\"},\"description\":\"Kuvaus\",\"url\":\"https:\\\/\\\/pellervo.fi\\\/sv\\\/author\\\/pellervo\\\/\"}]}<\/script>\n<!-- \/ Yoast SEO plugin. -->","yoast_head_json":{"title":"Ungdomar diskuterade engagemang och delaktighet i beslutsfattandet - Pellervo","robots":{"index":"index","follow":"follow","max-snippet":"max-snippet:-1","max-image-preview":"max-image-preview:large","max-video-preview":"max-video-preview:-1"},"canonical":"https:\/\/pellervo.fi\/sv\/svenska-sv\/2021\/11\/15\/ungdomar-diskuterade-engagemang-och-delaktighet-i-beslutsfattandet\/","og_locale":"sv_SE","og_type":"article","og_title":"Ungdomar diskuterade engagemang och delaktighet i beslutsfattandet - Pellervo","og_description":"Vilka faktorer motiverar unga m\u00e4nniskor att g\u00e5 med i medlemsbaserade organisationer? Detta diskuterades av en grupp ungdomar och n\u00e5gra \u00e4ldre i ett svenskspr\u00e5kigt webbinarium av Pellervo Coop Center och Finlands Svenska Andelsf\u00f6rbund den 4 november.","og_url":"https:\/\/pellervo.fi\/sv\/svenska-sv\/2021\/11\/15\/ungdomar-diskuterade-engagemang-och-delaktighet-i-beslutsfattandet\/","og_site_name":"Pellervo","article_published_time":"2021-11-15T08:48:04+00:00","article_modified_time":"2021-11-15T08:48:06+00:00","og_image":[{"width":850,"height":567,"url":"https:\/\/pellervo.fi\/wp-content\/uploads\/2021\/11\/AnitaWesterholm.jpg","type":"image\/jpeg"}],"author":"pellervo","twitter_card":"summary_large_image","twitter_creator":"@PellervoFi","twitter_site":"@PellervoFi","twitter_misc":{"Skriven av":"pellervo","Ber\u00e4knad l\u00e4stid":"1 minut"},"schema":{"@context":"https:\/\/schema.org","@graph":[{"@type":"Article","@id":"https:\/\/pellervo.fi\/sv\/svenska-sv\/2021\/11\/15\/ungdomar-diskuterade-engagemang-och-delaktighet-i-beslutsfattandet\/#article","isPartOf":{"@id":"https:\/\/pellervo.fi\/sv\/svenska-sv\/2021\/11\/15\/ungdomar-diskuterade-engagemang-och-delaktighet-i-beslutsfattandet\/"},"author":{"name":"pellervo","@id":"https:\/\/pellervo.fi\/#\/schema\/person\/4b74d40956937d1367ade81899997e71"},"headline":"Ungdomar diskuterade engagemang och delaktighet i beslutsfattandet","datePublished":"2021-11-15T08:48:04+00:00","dateModified":"2021-11-15T08:48:06+00:00","mainEntityOfPage":{"@id":"https:\/\/pellervo.fi\/sv\/svenska-sv\/2021\/11\/15\/ungdomar-diskuterade-engagemang-och-delaktighet-i-beslutsfattandet\/"},"wordCount":252,"publisher":{"@id":"https:\/\/pellervo.fi\/#organization"},"image":{"@id":"https:\/\/pellervo.fi\/sv\/svenska-sv\/2021\/11\/15\/ungdomar-diskuterade-engagemang-och-delaktighet-i-beslutsfattandet\/#primaryimage"},"thumbnailUrl":"https:\/\/pellervo.fi\/wp-content\/uploads\/2021\/11\/AnitaWesterholm.jpg","articleSection":["svenska"],"inLanguage":"sv-SE"},{"@type":"WebPage","@id":"https:\/\/pellervo.fi\/sv\/svenska-sv\/2021\/11\/15\/ungdomar-diskuterade-engagemang-och-delaktighet-i-beslutsfattandet\/","url":"https:\/\/pellervo.fi\/sv\/svenska-sv\/2021\/11\/15\/ungdomar-diskuterade-engagemang-och-delaktighet-i-beslutsfattandet\/","name":"Ungdomar diskuterade engagemang och delaktighet i beslutsfattandet - Pellervo","isPartOf":{"@id":"https:\/\/pellervo.fi\/#website"},"primaryImageOfPage":{"@id":"https:\/\/pellervo.fi\/sv\/svenska-sv\/2021\/11\/15\/ungdomar-diskuterade-engagemang-och-delaktighet-i-beslutsfattandet\/#primaryimage"},"image":{"@id":"https:\/\/pellervo.fi\/sv\/svenska-sv\/2021\/11\/15\/ungdomar-diskuterade-engagemang-och-delaktighet-i-beslutsfattandet\/#primaryimage"},"thumbnailUrl":"https:\/\/pellervo.fi\/wp-content\/uploads\/2021\/11\/AnitaWesterholm.jpg","datePublished":"2021-11-15T08:48:04+00:00","dateModified":"2021-11-15T08:48:06+00:00","breadcrumb":{"@id":"https:\/\/pellervo.fi\/sv\/svenska-sv\/2021\/11\/15\/ungdomar-diskuterade-engagemang-och-delaktighet-i-beslutsfattandet\/#breadcrumb"},"inLanguage":"sv-SE","potentialAction":[{"@type":"ReadAction","target":["https:\/\/pellervo.fi\/sv\/svenska-sv\/2021\/11\/15\/ungdomar-diskuterade-engagemang-och-delaktighet-i-beslutsfattandet\/"]}]},{"@type":"ImageObject","inLanguage":"sv-SE","@id":"https:\/\/pellervo.fi\/sv\/svenska-sv\/2021\/11\/15\/ungdomar-diskuterade-engagemang-och-delaktighet-i-beslutsfattandet\/#primaryimage","url":"https:\/\/pellervo.fi\/wp-content\/uploads\/2021\/11\/AnitaWesterholm.jpg","contentUrl":"https:\/\/pellervo.fi\/wp-content\/uploads\/2021\/11\/AnitaWesterholm.jpg","width":850,"height":567},{"@type":"BreadcrumbList","@id":"https:\/\/pellervo.fi\/sv\/svenska-sv\/2021\/11\/15\/ungdomar-diskuterade-engagemang-och-delaktighet-i-beslutsfattandet\/#breadcrumb","itemListElement":[{"@type":"ListItem","position":1,"name":"Koti","item":"https:\/\/pellervo.fi\/sv\/"},{"@type":"ListItem","position":2,"name":"Ungdomar diskuterade engagemang och delaktighet i beslutsfattandet"}]},{"@type":"WebSite","@id":"https:\/\/pellervo.fi\/#website","url":"https:\/\/pellervo.fi\/","name":"Pellervo","description":"Osuuskuntien keskusj\u00e4rjest\u00f6","publisher":{"@id":"https:\/\/pellervo.fi\/#organization"},"potentialAction":[{"@type":"SearchAction","target":{"@type":"EntryPoint","urlTemplate":"https:\/\/pellervo.fi\/?s={search_term_string}"},"query-input":{"@type":"PropertyValueSpecification","valueRequired":true,"valueName":"search_term_string"}}],"inLanguage":"sv-SE"},{"@type":"Organization","@id":"https:\/\/pellervo.fi\/#organization","name":"Osuustoimintakeskus Pellervo ry","url":"https:\/\/pellervo.fi\/","logo":{"@type":"ImageObject","inLanguage":"sv-SE","@id":"https:\/\/pellervo.fi\/#\/schema\/logo\/image\/","url":"https:\/\/pellervo.fi\/wp-content\/uploads\/2020\/05\/Pellervo_logo.png","contentUrl":"https:\/\/pellervo.fi\/wp-content\/uploads\/2020\/05\/Pellervo_logo.png","width":1335,"height":376,"caption":"Osuustoimintakeskus Pellervo ry"},"image":{"@id":"https:\/\/pellervo.fi\/#\/schema\/logo\/image\/"},"sameAs":["https:\/\/x.com\/PellervoFi"]},{"@type":"Person","@id":"https:\/\/pellervo.fi\/#\/schema\/person\/4b74d40956937d1367ade81899997e71","name":"pellervo","image":{"@type":"ImageObject","inLanguage":"sv-SE","@id":"https:\/\/pellervo.fi\/wp-content\/uploads\/2013\/11\/pellervo_avatar_1384522134-96x96.jpg","url":"https:\/\/pellervo.fi\/wp-content\/uploads\/2013\/11\/pellervo_avatar_1384522134-96x96.jpg","contentUrl":"https:\/\/pellervo.fi\/wp-content\/uploads\/2013\/11\/pellervo_avatar_1384522134-96x96.jpg","caption":"pellervo"},"description":"Kuvaus","url":"https:\/\/pellervo.fi\/sv\/author\/pellervo\/"}]}},"_links":{"self":[{"href":"https:\/\/pellervo.fi\/sv\/wp-json\/wp\/v2\/posts\/892161","targetHints":{"allow":["GET"]}}],"collection":[{"href":"https:\/\/pellervo.fi\/sv\/wp-json\/wp\/v2\/posts"}],"about":[{"href":"https:\/\/pellervo.fi\/sv\/wp-json\/wp\/v2\/types\/post"}],"author":[{"embeddable":true,"href":"https:\/\/pellervo.fi\/sv\/wp-json\/wp\/v2\/users\/5"}],"replies":[{"embeddable":true,"href":"https:\/\/pellervo.fi\/sv\/wp-json\/wp\/v2\/comments?post=892161"}],"version-history":[{"count":1,"href":"https:\/\/pellervo.fi\/sv\/wp-json\/wp\/v2\/posts\/892161\/revisions"}],"predecessor-version":[{"id":892165,"href":"https:\/\/pellervo.fi\/sv\/wp-json\/wp\/v2\/posts\/892161\/revisions\/892165"}],"wp:featuredmedia":[{"embeddable":true,"href":"https:\/\/pellervo.fi\/sv\/wp-json\/wp\/v2\/media\/892162"}],"wp:attachment":[{"href":"https:\/\/pellervo.fi\/sv\/wp-json\/wp\/v2\/media?parent=892161"}],"wp:term":[{"taxonomy":"category","embeddable":true,"href":"https:\/\/pellervo.fi\/sv\/wp-json\/wp\/v2\/categories?post=892161"},{"taxonomy":"post_tag","embeddable":true,"href":"https:\/\/pellervo.fi\/sv\/wp-json\/wp\/v2\/tags?post=892161"}],"curies":[{"name":"wp","href":"https:\/\/api.w.org\/{rel}","templated":true}]}}