{"id":893273,"date":"2022-05-18T09:00:46","date_gmt":"2022-05-18T06:00:46","guid":{"rendered":"https:\/\/pellervo.fi\/?p=893273"},"modified":"2022-05-18T09:00:48","modified_gmt":"2022-05-18T06:00:48","slug":"korona-aika-koetellut-ihmisten-jaksamista-takana-on-kaksi-kuormittavaa-vuotta-s-ryhmassa-halutaan-puhua-avoimesti-mielen-hyvinvoinnista","status":"publish","type":"post","link":"https:\/\/pellervo.fi\/sv\/vastuullisuus\/2022\/05\/18\/korona-aika-koetellut-ihmisten-jaksamista-takana-on-kaksi-kuormittavaa-vuotta-s-ryhmassa-halutaan-puhua-avoimesti-mielen-hyvinvoinnista\/","title":{"rendered":"Korona-aika koetellut ihmisten jaksamista: &#8221;Takana on kaksi kuormittavaa vuotta. S-ryhm\u00e4ss\u00e4 halutaan puhua avoimesti mielen hyvinvoinnista.&#8221;"},"content":{"rendered":"\n<p><strong>Mielenterveyden oireet ovat tunnistettu haaste suomalaiselle ty\u00f6el\u00e4m\u00e4lle. S-ryhm\u00e4ss\u00e4 on edistetty mielen hyvinvointia pitk\u00e4j\u00e4nteisesti, ja mielialah\u00e4iri\u00f6ist\u00e4 ja masennuksesta johtuvat sairauspoissaolot saatiin k\u00e4\u00e4ntym\u00e4\u00e4n laskuun vuonna 2019. Korona-aikana ahdistuneisuus ja ty\u00f6uupumus on lis\u00e4\u00e4ntynyt Suomessa, ja mielenterveyden haasteista johtuvat poissaolot kasvoivat vuonna 2021 my\u00f6s S-ryhm\u00e4ss\u00e4. Osuuskauppa HOK-Elannolla on p\u00e4\u00e4tetty tarttua erityisesti luottamuksen kulttuurin vahvistamiseen ja nuorten mielen hyvinvointiin: \u201dKampanjasta tai yhden vuoden kehitysalueesta ei ole kyse. Mielenterveydest\u00e4 on tullut koko Suomen yhteinen asia ja pysyv\u00e4 painopiste.\u201d<\/strong><\/p>\n<p><span style=\"font-size: 12.5pt; font-family: 'Arial',sans-serif; color: #2a364b;\">S-ryhm\u00e4ss\u00e4 on satsattu systemaattisesti henkil\u00f6st\u00f6n mielen hyvinvointiin, kaupparyhm\u00e4ss\u00e4 kehitetyll\u00e4 Mielen tuki -mallilla. Sen keski\u00f6ss\u00e4 ovat ty\u00f6kyvyn johtaminen, tehokkaat tukipalvelut, nopea hoitoon p\u00e4\u00e4sy ja ty\u00f6n muokkaus. Esihenkil\u00f6iden ymm\u00e4rryst\u00e4 ja osaamista on niin ik\u00e4\u00e4n lis\u00e4tty. Erityisesti on tartuttu pitkien sairauspoissaolojen katkaisuun, mik\u00e4 v\u00e4hent\u00e4\u00e4 huomattavasti ty\u00f6kyvytt\u00f6myysel\u00e4keriski\u00e4.<\/span><\/p>\n<p style=\"overflow-wrap: break-word;\"><span style=\"font-size: 12.5pt; font-family: 'Arial',sans-serif; color: #2a364b;\">\u2013 Mielenterveyssyist\u00e4 johtuvien pitkien poissaolojen kehitys on saatu S-ryhm\u00e4ss\u00e4 suotuisalle uralle. Erilaiset toimintatavat ja ty\u00f6kalut, kuten lyhytpsykoterapian hy\u00f6dynnys ja s\u00e4hk\u00f6iset tukipalvelut, joita otimme muutama vuosi sitten k\u00e4ytt\u00f6\u00f6n, kannattivat. Investoinnit olivat hy\u00f6dyllisi\u00e4 ty\u00f6nantajayrityksillemme, vaikka toki t\u00e4rke\u00e4mp\u00e4\u00e4 on ollut inhimillinen hy\u00f6ty niille henkil\u00f6ille, jotka ovat saaneet tukea ja apua ajoissa, summaa HR-asiantuntija Matti R\u00e4s\u00e4nen SOK:lta.<\/span><\/p>\n<p style=\"overflow-wrap: break-word;\"><strong><span style=\"font-size: 12.5pt; font-family: 'Arial',sans-serif; color: #2a364b;\">Korona pisti pelin uusiksi<\/span><\/strong><\/p>\n<p style=\"overflow-wrap: break-word;\"><span style=\"font-size: 12.5pt; font-family: 'Arial',sans-serif; color: #2a364b;\">Pitk\u00e4\u00e4n kest\u00e4nyt korona-aika on ollut haastavaa, ja Ty\u00f6terveyslaitoksen tuore \u201dMiten Suomi voi\u201d -tutkimus kertoo ty\u00f6uupumisen lis\u00e4\u00e4ntyneen ja arvioiden omasta ty\u00f6kyvyst\u00e4 heikentyneen.<\/span><\/p>\n<p style=\"overflow-wrap: break-word;\"><span style=\"font-size: 12.5pt; font-family: 'Arial',sans-serif; color: #2a364b;\">\u2013 Palvelualoilla on takana kaksi kuormittavaa vuotta. S-ryhm\u00e4ss\u00e4 otimme takapakkia varsinkin viime syksyn\u00e4. Kokonaisuutena mielenterveyssyist\u00e4 johtuvien sairaspoissaolojen m\u00e4\u00e4r\u00e4 nousi 30 % vuonna 2021 vuoteen 2020 verraten. Koronaan liittynyt aaltoliike ja ep\u00e4varmuus, sosiaalisten kohtaamisten v\u00e4heneminen, terveysturvallisuuden tunteen j\u00e4rkkyminen ja jatkuva muutos on kuormittanut henkil\u00f6st\u00f6\u00e4mme siin\u00e4 miss\u00e4 muitakin suomalaisia. Lis\u00e4ksi esihenkil\u00f6it\u00e4 ovat painaneet monet poikkeusaikaan liittyneet arjen j\u00e4rjest\u00e4misen haasteet, Matti R\u00e4s\u00e4nen kuvailee.<\/span><\/p>\n<p style=\"overflow-wrap: break-word;\"><span style=\"font-size: 12.5pt; font-family: 'Arial',sans-serif; color: #2a364b;\">\u2013 On t\u00e4rke\u00e4\u00e4, ett\u00e4 yrityksen k\u00e4yt\u00e4nn\u00f6t tukevat ty\u00f6hyvinvointia. S-ryhm\u00e4n toimintamallit ovat kunnossa, pohjaty\u00f6 tehty huolella, ja meill\u00e4 on kaikki edellytykset jatkaa menestyksek\u00e4st\u00e4 mielenterveysty\u00f6t\u00e4. Jatkossa haluamme satsata esimerkiksi aktiiviseen viestint\u00e4\u00e4n henkil\u00f6st\u00f6llemme siit\u00e4, miten jokainen voi vaikuttaa omaan mielen hyvinvointiin, muun muassa ty\u00f6terveyskumppaniemme ja Mieli ry:n osaamista hy\u00f6dynt\u00e4en.<\/span><\/p>\n<p style=\"overflow-wrap: break-word;\"><strong><span style=\"font-size: 12.5pt; font-family: 'Arial',sans-serif; color: #2a364b;\">HOK-Elannon organisaatiopsykologi rakentamassa luottamuksen kulttuuria<\/span><\/strong><\/p>\n<p style=\"overflow-wrap: break-word;\"><span style=\"font-size: 12.5pt; font-family: 'Arial',sans-serif; color: #2a364b;\">Samalla kun korona-aika on lis\u00e4nnyt henkist\u00e4 kuormitusta, moni kokee, ett\u00e4 ty\u00f6el\u00e4m\u00e4n tahti on kiihtynyt. HOK-Elanto on ensimm\u00e4isi\u00e4 kaupan alan yrityksi\u00e4, joka on tarttunut ty\u00f6el\u00e4m\u00e4n kasvaviin haasteisiin palkkaamalla oman \u201din-house\u201d organisaatiopsykologin tukemaan henkil\u00f6st\u00f6ns\u00e4 hyvinvoinnin kehitt\u00e4mist\u00e4.<\/span><\/p>\n<p style=\"overflow-wrap: break-word;\"><span style=\"font-size: 12.5pt; font-family: 'Arial',sans-serif; color: #2a364b;\">\u2013 Ty\u00f6n hallinnan opettelu, tunnetaidot ja esimerkiksi palautumisesta huolehtiminen ovat jo l\u00e4hes kansalaistaitoja. Ty\u00f6ntekij\u00f6iden fyysisest\u00e4 hyvinvoinnista on totuttu puhumaan yrityksiss\u00e4, ja nyt meid\u00e4n tulee keskitty\u00e4 sellaisen luottamuksen ilmapiirin rakentamiseen, jossa my\u00f6s mielen hyvinvoinnista voidaan puhua avoimesti. Ty\u00f6paikoilla avainasioita ovat muiden huomioiminen, puheeksi ottaminen ja varhainen v\u00e4litt\u00e4minen. Tavoitteemme on lis\u00e4t\u00e4 esihenkil\u00f6iden voimavaroja ja osaamista, miten p\u00e4ivitt\u00e4isell\u00e4 johtamisty\u00f6ll\u00e4 voi edist\u00e4\u00e4 mielen hyvinvointia ty\u00f6yhteis\u00f6jen arjessa, organisaatiopsykologi Maija Suokas HOK-Elannolta toteaa.<\/span><\/p>\n<p style=\"overflow-wrap: break-word;\"><span style=\"font-size: 12.5pt; font-family: 'Arial',sans-serif; color: #2a364b;\">Mieli ry my\u00f6nsi kev\u00e4\u00e4ll\u00e4 2022 HOK-Elannolle Hyv\u00e4n mielen ty\u00f6paikka\u00ae -tunnustuksen osoituksena sitoutumisesta henkil\u00f6st\u00f6n mielenterveyden edist\u00e4miseen. Ty\u00f6t\u00e4 tehd\u00e4\u00e4n kaikissa henkil\u00f6st\u00f6ryhmiss\u00e4. Esihenkil\u00f6t ovat toivoneet erityisesti nuorten mielen hyvinvoinnin tukemista \u2013 nuoret tarvitsevat positiivisia signaaleja.<\/span><\/p>\n<p style=\"overflow-wrap: break-word;\"><span style=\"font-size: 12.5pt; font-family: 'Arial',sans-serif; color: #2a364b;\">\u2013 Nuorten ensimm\u00e4iset kokemukset ty\u00f6el\u00e4m\u00e4st\u00e4 ovat hyvin merkityksellisi\u00e4 ja voivat parhaimmillaan auttaa vahvistamaan mielentaitoja, kuten itsetuntemusta ja selviytymisuskoa. Tulemmekin viestim\u00e4\u00e4n t\u00e4n\u00e4 vuonna henkil\u00f6st\u00f6llemme, mukaan lukien kes\u00e4ty\u00f6ntekij\u00f6illemme, mielen hyvinvoinnista useista n\u00e4k\u00f6kulmista. Pitk\u00e4ll\u00e4 t\u00e4ht\u00e4imell\u00e4 tavoitteenamme on luoda ty\u00f6kulttuuria, jossa mielen hyvinvointia tukeva tekeminen on luonteva osa jokaista ty\u00f6p\u00e4iv\u00e4\u00e4.<\/span><\/p>\n","protected":false},"excerpt":{"rendered":"<p>S-ryhm\u00e4ss\u00e4 on edistetty mielen hyvinvointia pitk\u00e4j\u00e4nteisesti, ja mielialah\u00e4iri\u00f6ist\u00e4 ja masennuksesta johtuvat sairauspoissaolot saatiin k\u00e4\u00e4ntym\u00e4\u00e4n laskuun vuonna 2019. Korona-aikana ahdistuneisuus ja ty\u00f6uupumus on lis\u00e4\u00e4ntynyt Suomessa, ja mielenterveyden haasteista johtuvat poissaolot kasvoivat vuonna 2021 my\u00f6s S-ryhm\u00e4ss\u00e4. Mieli ry my\u00f6nsi kev\u00e4\u00e4ll\u00e4 2022 HOK-Elannolle Hyv\u00e4n mielen ty\u00f6paikka\u00ae -tunnustuksen osoituksena sitoutumisesta henkil\u00f6st\u00f6n mielenterveyden edist\u00e4miseen.<\/p>\n","protected":false},"author":6,"featured_media":893274,"comment_status":"closed","ping_status":"closed","sticky":false,"template":"","format":"standard","meta":{"inline_featured_image":false,"_monsterinsights_skip_tracking":false,"_monsterinsights_sitenote_active":false,"_monsterinsights_sitenote_note":"","_monsterinsights_sitenote_category":0,"site-sidebar-layout":"default","site-content-layout":"","ast-site-content-layout":"default","site-content-style":"default","site-sidebar-style":"default","ast-global-header-display":"","ast-banner-title-visibility":"","ast-main-header-display":"","ast-hfb-above-header-display":"","ast-hfb-below-header-display":"","ast-hfb-mobile-header-display":"","site-post-title":"","ast-breadcrumbs-content":"","ast-featured-img":"","footer-sml-layout":"","ast-disable-related-posts":"","theme-transparent-header-meta":"","adv-header-id-meta":"","stick-header-meta":"","header-above-stick-meta":"","header-main-stick-meta":"","header-below-stick-meta":"","astra-migrate-meta-layouts":"default","ast-page-background-enabled":"default","ast-page-background-meta":{"desktop":{"background-color":"","background-image":"","background-repeat":"repeat","background-position":"center center","background-size":"auto","background-attachment":"scroll","background-type":"","background-media":"","overlay-type":"","overlay-color":"","overlay-opacity":"","overlay-gradient":""},"tablet":{"background-color":"","background-image":"","background-repeat":"repeat","background-position":"center center","background-size":"auto","background-attachment":"scroll","background-type":"","background-media":"","overlay-type":"","overlay-color":"","overlay-opacity":"","overlay-gradient":""},"mobile":{"background-color":"","background-image":"","background-repeat":"repeat","background-position":"center center","background-size":"auto","background-attachment":"scroll","background-type":"","background-media":"","overlay-type":"","overlay-color":"","overlay-opacity":"","overlay-gradient":""}},"ast-content-background-meta":{"desktop":{"background-color":"var(--ast-global-color-5)","background-image":"","background-repeat":"repeat","background-position":"center center","background-size":"auto","background-attachment":"scroll","background-type":"","background-media":"","overlay-type":"","overlay-color":"","overlay-opacity":"","overlay-gradient":""},"tablet":{"background-color":"var(--ast-global-color-5)","background-image":"","background-repeat":"repeat","background-position":"center center","background-size":"auto","background-attachment":"scroll","background-type":"","background-media":"","overlay-type":"","overlay-color":"","overlay-opacity":"","overlay-gradient":""},"mobile":{"background-color":"var(--ast-global-color-5)","background-image":"","background-repeat":"repeat","background-position":"center center","background-size":"auto","background-attachment":"scroll","background-type":"","background-media":"","overlay-type":"","overlay-color":"","overlay-opacity":"","overlay-gradient":""}},"_FSMCFIC_featured_image_caption":"","_FSMCFIC_featured_image_nocaption":"","_FSMCFIC_featured_image_hide":"","footnotes":""},"categories":[224],"tags":[],"class_list":["post-893273","post","type-post","status-publish","format-standard","has-post-thumbnail","hentry","category-vastuullisuus"],"yoast_head":"<!-- This site is optimized with the Yoast SEO plugin v27.5 - https:\/\/yoast.com\/product\/yoast-seo-wordpress\/ -->\n<title>Korona-aika koetellut ihmisten jaksamista: &quot;Takana on kaksi kuormittavaa vuotta. S-ryhm\u00e4ss\u00e4 halutaan puhua avoimesti mielen hyvinvoinnista.&quot; - Pellervo<\/title>\n<meta name=\"robots\" content=\"index, follow, max-snippet:-1, max-image-preview:large, max-video-preview:-1\" \/>\n<link rel=\"canonical\" href=\"https:\/\/pellervo.fi\/vastuullisuus\/2022\/05\/18\/korona-aika-koetellut-ihmisten-jaksamista-takana-on-kaksi-kuormittavaa-vuotta-s-ryhmassa-halutaan-puhua-avoimesti-mielen-hyvinvoinnista\/\" \/>\n<meta property=\"og:locale\" content=\"sv_SE\" \/>\n<meta property=\"og:type\" content=\"article\" \/>\n<meta property=\"og:title\" content=\"Korona-aika koetellut ihmisten jaksamista: &quot;Takana on kaksi kuormittavaa vuotta. S-ryhm\u00e4ss\u00e4 halutaan puhua avoimesti mielen hyvinvoinnista.&quot; - Pellervo\" \/>\n<meta property=\"og:description\" content=\"S-ryhm\u00e4ss\u00e4 on edistetty mielen hyvinvointia pitk\u00e4j\u00e4nteisesti, ja mielialah\u00e4iri\u00f6ist\u00e4 ja masennuksesta johtuvat sairauspoissaolot saatiin k\u00e4\u00e4ntym\u00e4\u00e4n laskuun vuonna 2019. Korona-aikana ahdistuneisuus ja ty\u00f6uupumus on lis\u00e4\u00e4ntynyt Suomessa, ja mielenterveyden haasteista johtuvat poissaolot kasvoivat vuonna 2021 my\u00f6s S-ryhm\u00e4ss\u00e4. Mieli ry my\u00f6nsi kev\u00e4\u00e4ll\u00e4 2022 HOK-Elannolle Hyv\u00e4n mielen ty\u00f6paikka\u00ae -tunnustuksen osoituksena sitoutumisesta henkil\u00f6st\u00f6n mielenterveyden edist\u00e4miseen.\" \/>\n<meta property=\"og:url\" content=\"https:\/\/pellervo.fi\/vastuullisuus\/2022\/05\/18\/korona-aika-koetellut-ihmisten-jaksamista-takana-on-kaksi-kuormittavaa-vuotta-s-ryhmassa-halutaan-puhua-avoimesti-mielen-hyvinvoinnista\/\" \/>\n<meta property=\"og:site_name\" content=\"Pellervo\" \/>\n<meta property=\"article:published_time\" content=\"2022-05-18T06:00:46+00:00\" \/>\n<meta property=\"article:modified_time\" content=\"2022-05-18T06:00:48+00:00\" \/>\n<meta property=\"og:image\" content=\"https:\/\/pellervo.fi\/wp-content\/uploads\/2022\/05\/S-ryhma_mielinauha-scaled.jpg\" \/>\n\t<meta property=\"og:image:width\" content=\"2560\" \/>\n\t<meta property=\"og:image:height\" content=\"1768\" \/>\n\t<meta property=\"og:image:type\" content=\"image\/jpeg\" \/>\n<meta name=\"author\" content=\"Hanna Muukka\" \/>\n<meta name=\"twitter:card\" content=\"summary_large_image\" \/>\n<meta name=\"twitter:creator\" content=\"@PellervoFi\" \/>\n<meta name=\"twitter:site\" content=\"@PellervoFi\" \/>\n<meta name=\"twitter:label1\" content=\"Skriven av\" \/>\n\t<meta name=\"twitter:data1\" content=\"Hanna Muukka\" \/>\n\t<meta name=\"twitter:label2\" content=\"Ber\u00e4knad l\u00e4stid\" \/>\n\t<meta name=\"twitter:data2\" content=\"3 minuter\" \/>\n<script type=\"application\/ld+json\" class=\"yoast-schema-graph\">{\"@context\":\"https:\\\/\\\/schema.org\",\"@graph\":[{\"@type\":\"Article\",\"@id\":\"https:\\\/\\\/pellervo.fi\\\/vastuullisuus\\\/2022\\\/05\\\/18\\\/korona-aika-koetellut-ihmisten-jaksamista-takana-on-kaksi-kuormittavaa-vuotta-s-ryhmassa-halutaan-puhua-avoimesti-mielen-hyvinvoinnista\\\/#article\",\"isPartOf\":{\"@id\":\"https:\\\/\\\/pellervo.fi\\\/vastuullisuus\\\/2022\\\/05\\\/18\\\/korona-aika-koetellut-ihmisten-jaksamista-takana-on-kaksi-kuormittavaa-vuotta-s-ryhmassa-halutaan-puhua-avoimesti-mielen-hyvinvoinnista\\\/\"},\"author\":{\"name\":\"Hanna Muukka\",\"@id\":\"https:\\\/\\\/pellervo.fi\\\/#\\\/schema\\\/person\\\/f001b7c670bab10e5236b09672d9e6a3\"},\"headline\":\"Korona-aika koetellut ihmisten jaksamista: &#8221;Takana on kaksi kuormittavaa vuotta. S-ryhm\u00e4ss\u00e4 halutaan puhua avoimesti mielen hyvinvoinnista.&#8221;\",\"datePublished\":\"2022-05-18T06:00:46+00:00\",\"dateModified\":\"2022-05-18T06:00:48+00:00\",\"mainEntityOfPage\":{\"@id\":\"https:\\\/\\\/pellervo.fi\\\/vastuullisuus\\\/2022\\\/05\\\/18\\\/korona-aika-koetellut-ihmisten-jaksamista-takana-on-kaksi-kuormittavaa-vuotta-s-ryhmassa-halutaan-puhua-avoimesti-mielen-hyvinvoinnista\\\/\"},\"wordCount\":625,\"publisher\":{\"@id\":\"https:\\\/\\\/pellervo.fi\\\/#organization\"},\"image\":{\"@id\":\"https:\\\/\\\/pellervo.fi\\\/vastuullisuus\\\/2022\\\/05\\\/18\\\/korona-aika-koetellut-ihmisten-jaksamista-takana-on-kaksi-kuormittavaa-vuotta-s-ryhmassa-halutaan-puhua-avoimesti-mielen-hyvinvoinnista\\\/#primaryimage\"},\"thumbnailUrl\":\"https:\\\/\\\/pellervo.fi\\\/wp-content\\\/uploads\\\/2022\\\/05\\\/S-ryhma_mielinauha-scaled.jpg\",\"articleSection\":[\"Vastuullisuus\"],\"inLanguage\":\"sv-SE\"},{\"@type\":\"WebPage\",\"@id\":\"https:\\\/\\\/pellervo.fi\\\/vastuullisuus\\\/2022\\\/05\\\/18\\\/korona-aika-koetellut-ihmisten-jaksamista-takana-on-kaksi-kuormittavaa-vuotta-s-ryhmassa-halutaan-puhua-avoimesti-mielen-hyvinvoinnista\\\/\",\"url\":\"https:\\\/\\\/pellervo.fi\\\/vastuullisuus\\\/2022\\\/05\\\/18\\\/korona-aika-koetellut-ihmisten-jaksamista-takana-on-kaksi-kuormittavaa-vuotta-s-ryhmassa-halutaan-puhua-avoimesti-mielen-hyvinvoinnista\\\/\",\"name\":\"Korona-aika koetellut ihmisten jaksamista: \\\"Takana on kaksi kuormittavaa vuotta. S-ryhm\u00e4ss\u00e4 halutaan puhua avoimesti mielen hyvinvoinnista.\\\" - Pellervo\",\"isPartOf\":{\"@id\":\"https:\\\/\\\/pellervo.fi\\\/#website\"},\"primaryImageOfPage\":{\"@id\":\"https:\\\/\\\/pellervo.fi\\\/vastuullisuus\\\/2022\\\/05\\\/18\\\/korona-aika-koetellut-ihmisten-jaksamista-takana-on-kaksi-kuormittavaa-vuotta-s-ryhmassa-halutaan-puhua-avoimesti-mielen-hyvinvoinnista\\\/#primaryimage\"},\"image\":{\"@id\":\"https:\\\/\\\/pellervo.fi\\\/vastuullisuus\\\/2022\\\/05\\\/18\\\/korona-aika-koetellut-ihmisten-jaksamista-takana-on-kaksi-kuormittavaa-vuotta-s-ryhmassa-halutaan-puhua-avoimesti-mielen-hyvinvoinnista\\\/#primaryimage\"},\"thumbnailUrl\":\"https:\\\/\\\/pellervo.fi\\\/wp-content\\\/uploads\\\/2022\\\/05\\\/S-ryhma_mielinauha-scaled.jpg\",\"datePublished\":\"2022-05-18T06:00:46+00:00\",\"dateModified\":\"2022-05-18T06:00:48+00:00\",\"breadcrumb\":{\"@id\":\"https:\\\/\\\/pellervo.fi\\\/vastuullisuus\\\/2022\\\/05\\\/18\\\/korona-aika-koetellut-ihmisten-jaksamista-takana-on-kaksi-kuormittavaa-vuotta-s-ryhmassa-halutaan-puhua-avoimesti-mielen-hyvinvoinnista\\\/#breadcrumb\"},\"inLanguage\":\"sv-SE\",\"potentialAction\":[{\"@type\":\"ReadAction\",\"target\":[\"https:\\\/\\\/pellervo.fi\\\/vastuullisuus\\\/2022\\\/05\\\/18\\\/korona-aika-koetellut-ihmisten-jaksamista-takana-on-kaksi-kuormittavaa-vuotta-s-ryhmassa-halutaan-puhua-avoimesti-mielen-hyvinvoinnista\\\/\"]}]},{\"@type\":\"ImageObject\",\"inLanguage\":\"sv-SE\",\"@id\":\"https:\\\/\\\/pellervo.fi\\\/vastuullisuus\\\/2022\\\/05\\\/18\\\/korona-aika-koetellut-ihmisten-jaksamista-takana-on-kaksi-kuormittavaa-vuotta-s-ryhmassa-halutaan-puhua-avoimesti-mielen-hyvinvoinnista\\\/#primaryimage\",\"url\":\"https:\\\/\\\/pellervo.fi\\\/wp-content\\\/uploads\\\/2022\\\/05\\\/S-ryhma_mielinauha-scaled.jpg\",\"contentUrl\":\"https:\\\/\\\/pellervo.fi\\\/wp-content\\\/uploads\\\/2022\\\/05\\\/S-ryhma_mielinauha-scaled.jpg\",\"width\":2560,\"height\":1768,\"caption\":\"MIELI ry:n Mielinauha-kampanjalla tuetaan mielenterveysty\u00f6t\u00e4. Nauhat ovat myynniss\u00e4 S-ryhm\u00e4n kaupoissa 30.6. asti. \\\"Mielinauhan teksti Toivo el\u00e4\u00e4 viestii siit\u00e4, ett\u00e4 apua on aina tarjolla\\\", sanovat Nina Mustonen ja Arttu Haapakoski S-market Vallilasta.\"},{\"@type\":\"BreadcrumbList\",\"@id\":\"https:\\\/\\\/pellervo.fi\\\/vastuullisuus\\\/2022\\\/05\\\/18\\\/korona-aika-koetellut-ihmisten-jaksamista-takana-on-kaksi-kuormittavaa-vuotta-s-ryhmassa-halutaan-puhua-avoimesti-mielen-hyvinvoinnista\\\/#breadcrumb\",\"itemListElement\":[{\"@type\":\"ListItem\",\"position\":1,\"name\":\"Koti\",\"item\":\"https:\\\/\\\/pellervo.fi\\\/sv\\\/\"},{\"@type\":\"ListItem\",\"position\":2,\"name\":\"Korona-aika koetellut ihmisten jaksamista: &#8221;Takana on kaksi kuormittavaa vuotta. S-ryhm\u00e4ss\u00e4 halutaan puhua avoimesti mielen hyvinvoinnista.&#8221;\"}]},{\"@type\":\"WebSite\",\"@id\":\"https:\\\/\\\/pellervo.fi\\\/#website\",\"url\":\"https:\\\/\\\/pellervo.fi\\\/\",\"name\":\"Pellervo\",\"description\":\"Osuuskuntien keskusj\u00e4rjest\u00f6\",\"publisher\":{\"@id\":\"https:\\\/\\\/pellervo.fi\\\/#organization\"},\"potentialAction\":[{\"@type\":\"SearchAction\",\"target\":{\"@type\":\"EntryPoint\",\"urlTemplate\":\"https:\\\/\\\/pellervo.fi\\\/?s={search_term_string}\"},\"query-input\":{\"@type\":\"PropertyValueSpecification\",\"valueRequired\":true,\"valueName\":\"search_term_string\"}}],\"inLanguage\":\"sv-SE\"},{\"@type\":\"Organization\",\"@id\":\"https:\\\/\\\/pellervo.fi\\\/#organization\",\"name\":\"Osuustoimintakeskus Pellervo ry\",\"url\":\"https:\\\/\\\/pellervo.fi\\\/\",\"logo\":{\"@type\":\"ImageObject\",\"inLanguage\":\"sv-SE\",\"@id\":\"https:\\\/\\\/pellervo.fi\\\/#\\\/schema\\\/logo\\\/image\\\/\",\"url\":\"https:\\\/\\\/pellervo.fi\\\/wp-content\\\/uploads\\\/2020\\\/05\\\/Pellervo_logo.png\",\"contentUrl\":\"https:\\\/\\\/pellervo.fi\\\/wp-content\\\/uploads\\\/2020\\\/05\\\/Pellervo_logo.png\",\"width\":1335,\"height\":376,\"caption\":\"Osuustoimintakeskus Pellervo ry\"},\"image\":{\"@id\":\"https:\\\/\\\/pellervo.fi\\\/#\\\/schema\\\/logo\\\/image\\\/\"},\"sameAs\":[\"https:\\\/\\\/x.com\\\/PellervoFi\"]},{\"@type\":\"Person\",\"@id\":\"https:\\\/\\\/pellervo.fi\\\/#\\\/schema\\\/person\\\/f001b7c670bab10e5236b09672d9e6a3\",\"name\":\"Hanna Muukka\",\"image\":{\"@type\":\"ImageObject\",\"inLanguage\":\"sv-SE\",\"@id\":\"https:\\\/\\\/pellervo.fi\\\/wp-content\\\/uploads\\\/2014\\\/02\\\/Hanna-Muukka_avatar_1393417732-96x96.jpg\",\"url\":\"https:\\\/\\\/pellervo.fi\\\/wp-content\\\/uploads\\\/2014\\\/02\\\/Hanna-Muukka_avatar_1393417732-96x96.jpg\",\"contentUrl\":\"https:\\\/\\\/pellervo.fi\\\/wp-content\\\/uploads\\\/2014\\\/02\\\/Hanna-Muukka_avatar_1393417732-96x96.jpg\",\"caption\":\"Hanna Muukka\"},\"description\":\"Kirjoittaja ty\u00f6skentelee Osuustoimintakeskus Pellervossa vastuullisuusasiantuntijana.\",\"url\":\"https:\\\/\\\/pellervo.fi\\\/sv\\\/author\\\/hannamuu\\\/\"}]}<\/script>\n<!-- \/ Yoast SEO plugin. -->","yoast_head_json":{"title":"Korona-aika koetellut ihmisten jaksamista: \"Takana on kaksi kuormittavaa vuotta. S-ryhm\u00e4ss\u00e4 halutaan puhua avoimesti mielen hyvinvoinnista.\" - Pellervo","robots":{"index":"index","follow":"follow","max-snippet":"max-snippet:-1","max-image-preview":"max-image-preview:large","max-video-preview":"max-video-preview:-1"},"canonical":"https:\/\/pellervo.fi\/vastuullisuus\/2022\/05\/18\/korona-aika-koetellut-ihmisten-jaksamista-takana-on-kaksi-kuormittavaa-vuotta-s-ryhmassa-halutaan-puhua-avoimesti-mielen-hyvinvoinnista\/","og_locale":"sv_SE","og_type":"article","og_title":"Korona-aika koetellut ihmisten jaksamista: \"Takana on kaksi kuormittavaa vuotta. S-ryhm\u00e4ss\u00e4 halutaan puhua avoimesti mielen hyvinvoinnista.\" - Pellervo","og_description":"S-ryhm\u00e4ss\u00e4 on edistetty mielen hyvinvointia pitk\u00e4j\u00e4nteisesti, ja mielialah\u00e4iri\u00f6ist\u00e4 ja masennuksesta johtuvat sairauspoissaolot saatiin k\u00e4\u00e4ntym\u00e4\u00e4n laskuun vuonna 2019. Korona-aikana ahdistuneisuus ja ty\u00f6uupumus on lis\u00e4\u00e4ntynyt Suomessa, ja mielenterveyden haasteista johtuvat poissaolot kasvoivat vuonna 2021 my\u00f6s S-ryhm\u00e4ss\u00e4. Mieli ry my\u00f6nsi kev\u00e4\u00e4ll\u00e4 2022 HOK-Elannolle Hyv\u00e4n mielen ty\u00f6paikka\u00ae -tunnustuksen osoituksena sitoutumisesta henkil\u00f6st\u00f6n mielenterveyden edist\u00e4miseen.","og_url":"https:\/\/pellervo.fi\/vastuullisuus\/2022\/05\/18\/korona-aika-koetellut-ihmisten-jaksamista-takana-on-kaksi-kuormittavaa-vuotta-s-ryhmassa-halutaan-puhua-avoimesti-mielen-hyvinvoinnista\/","og_site_name":"Pellervo","article_published_time":"2022-05-18T06:00:46+00:00","article_modified_time":"2022-05-18T06:00:48+00:00","og_image":[{"width":2560,"height":1768,"url":"https:\/\/pellervo.fi\/wp-content\/uploads\/2022\/05\/S-ryhma_mielinauha-scaled.jpg","type":"image\/jpeg"}],"author":"Hanna Muukka","twitter_card":"summary_large_image","twitter_creator":"@PellervoFi","twitter_site":"@PellervoFi","twitter_misc":{"Skriven av":"Hanna Muukka","Ber\u00e4knad l\u00e4stid":"3 minuter"},"schema":{"@context":"https:\/\/schema.org","@graph":[{"@type":"Article","@id":"https:\/\/pellervo.fi\/vastuullisuus\/2022\/05\/18\/korona-aika-koetellut-ihmisten-jaksamista-takana-on-kaksi-kuormittavaa-vuotta-s-ryhmassa-halutaan-puhua-avoimesti-mielen-hyvinvoinnista\/#article","isPartOf":{"@id":"https:\/\/pellervo.fi\/vastuullisuus\/2022\/05\/18\/korona-aika-koetellut-ihmisten-jaksamista-takana-on-kaksi-kuormittavaa-vuotta-s-ryhmassa-halutaan-puhua-avoimesti-mielen-hyvinvoinnista\/"},"author":{"name":"Hanna Muukka","@id":"https:\/\/pellervo.fi\/#\/schema\/person\/f001b7c670bab10e5236b09672d9e6a3"},"headline":"Korona-aika koetellut ihmisten jaksamista: &#8221;Takana on kaksi kuormittavaa vuotta. S-ryhm\u00e4ss\u00e4 halutaan puhua avoimesti mielen hyvinvoinnista.&#8221;","datePublished":"2022-05-18T06:00:46+00:00","dateModified":"2022-05-18T06:00:48+00:00","mainEntityOfPage":{"@id":"https:\/\/pellervo.fi\/vastuullisuus\/2022\/05\/18\/korona-aika-koetellut-ihmisten-jaksamista-takana-on-kaksi-kuormittavaa-vuotta-s-ryhmassa-halutaan-puhua-avoimesti-mielen-hyvinvoinnista\/"},"wordCount":625,"publisher":{"@id":"https:\/\/pellervo.fi\/#organization"},"image":{"@id":"https:\/\/pellervo.fi\/vastuullisuus\/2022\/05\/18\/korona-aika-koetellut-ihmisten-jaksamista-takana-on-kaksi-kuormittavaa-vuotta-s-ryhmassa-halutaan-puhua-avoimesti-mielen-hyvinvoinnista\/#primaryimage"},"thumbnailUrl":"https:\/\/pellervo.fi\/wp-content\/uploads\/2022\/05\/S-ryhma_mielinauha-scaled.jpg","articleSection":["Vastuullisuus"],"inLanguage":"sv-SE"},{"@type":"WebPage","@id":"https:\/\/pellervo.fi\/vastuullisuus\/2022\/05\/18\/korona-aika-koetellut-ihmisten-jaksamista-takana-on-kaksi-kuormittavaa-vuotta-s-ryhmassa-halutaan-puhua-avoimesti-mielen-hyvinvoinnista\/","url":"https:\/\/pellervo.fi\/vastuullisuus\/2022\/05\/18\/korona-aika-koetellut-ihmisten-jaksamista-takana-on-kaksi-kuormittavaa-vuotta-s-ryhmassa-halutaan-puhua-avoimesti-mielen-hyvinvoinnista\/","name":"Korona-aika koetellut ihmisten jaksamista: \"Takana on kaksi kuormittavaa vuotta. S-ryhm\u00e4ss\u00e4 halutaan puhua avoimesti mielen hyvinvoinnista.\" - Pellervo","isPartOf":{"@id":"https:\/\/pellervo.fi\/#website"},"primaryImageOfPage":{"@id":"https:\/\/pellervo.fi\/vastuullisuus\/2022\/05\/18\/korona-aika-koetellut-ihmisten-jaksamista-takana-on-kaksi-kuormittavaa-vuotta-s-ryhmassa-halutaan-puhua-avoimesti-mielen-hyvinvoinnista\/#primaryimage"},"image":{"@id":"https:\/\/pellervo.fi\/vastuullisuus\/2022\/05\/18\/korona-aika-koetellut-ihmisten-jaksamista-takana-on-kaksi-kuormittavaa-vuotta-s-ryhmassa-halutaan-puhua-avoimesti-mielen-hyvinvoinnista\/#primaryimage"},"thumbnailUrl":"https:\/\/pellervo.fi\/wp-content\/uploads\/2022\/05\/S-ryhma_mielinauha-scaled.jpg","datePublished":"2022-05-18T06:00:46+00:00","dateModified":"2022-05-18T06:00:48+00:00","breadcrumb":{"@id":"https:\/\/pellervo.fi\/vastuullisuus\/2022\/05\/18\/korona-aika-koetellut-ihmisten-jaksamista-takana-on-kaksi-kuormittavaa-vuotta-s-ryhmassa-halutaan-puhua-avoimesti-mielen-hyvinvoinnista\/#breadcrumb"},"inLanguage":"sv-SE","potentialAction":[{"@type":"ReadAction","target":["https:\/\/pellervo.fi\/vastuullisuus\/2022\/05\/18\/korona-aika-koetellut-ihmisten-jaksamista-takana-on-kaksi-kuormittavaa-vuotta-s-ryhmassa-halutaan-puhua-avoimesti-mielen-hyvinvoinnista\/"]}]},{"@type":"ImageObject","inLanguage":"sv-SE","@id":"https:\/\/pellervo.fi\/vastuullisuus\/2022\/05\/18\/korona-aika-koetellut-ihmisten-jaksamista-takana-on-kaksi-kuormittavaa-vuotta-s-ryhmassa-halutaan-puhua-avoimesti-mielen-hyvinvoinnista\/#primaryimage","url":"https:\/\/pellervo.fi\/wp-content\/uploads\/2022\/05\/S-ryhma_mielinauha-scaled.jpg","contentUrl":"https:\/\/pellervo.fi\/wp-content\/uploads\/2022\/05\/S-ryhma_mielinauha-scaled.jpg","width":2560,"height":1768,"caption":"MIELI ry:n Mielinauha-kampanjalla tuetaan mielenterveysty\u00f6t\u00e4. Nauhat ovat myynniss\u00e4 S-ryhm\u00e4n kaupoissa 30.6. asti. \"Mielinauhan teksti Toivo el\u00e4\u00e4 viestii siit\u00e4, ett\u00e4 apua on aina tarjolla\", sanovat Nina Mustonen ja Arttu Haapakoski S-market Vallilasta."},{"@type":"BreadcrumbList","@id":"https:\/\/pellervo.fi\/vastuullisuus\/2022\/05\/18\/korona-aika-koetellut-ihmisten-jaksamista-takana-on-kaksi-kuormittavaa-vuotta-s-ryhmassa-halutaan-puhua-avoimesti-mielen-hyvinvoinnista\/#breadcrumb","itemListElement":[{"@type":"ListItem","position":1,"name":"Koti","item":"https:\/\/pellervo.fi\/sv\/"},{"@type":"ListItem","position":2,"name":"Korona-aika koetellut ihmisten jaksamista: &#8221;Takana on kaksi kuormittavaa vuotta. S-ryhm\u00e4ss\u00e4 halutaan puhua avoimesti mielen hyvinvoinnista.&#8221;"}]},{"@type":"WebSite","@id":"https:\/\/pellervo.fi\/#website","url":"https:\/\/pellervo.fi\/","name":"Pellervo","description":"Osuuskuntien keskusj\u00e4rjest\u00f6","publisher":{"@id":"https:\/\/pellervo.fi\/#organization"},"potentialAction":[{"@type":"SearchAction","target":{"@type":"EntryPoint","urlTemplate":"https:\/\/pellervo.fi\/?s={search_term_string}"},"query-input":{"@type":"PropertyValueSpecification","valueRequired":true,"valueName":"search_term_string"}}],"inLanguage":"sv-SE"},{"@type":"Organization","@id":"https:\/\/pellervo.fi\/#organization","name":"Osuustoimintakeskus Pellervo ry","url":"https:\/\/pellervo.fi\/","logo":{"@type":"ImageObject","inLanguage":"sv-SE","@id":"https:\/\/pellervo.fi\/#\/schema\/logo\/image\/","url":"https:\/\/pellervo.fi\/wp-content\/uploads\/2020\/05\/Pellervo_logo.png","contentUrl":"https:\/\/pellervo.fi\/wp-content\/uploads\/2020\/05\/Pellervo_logo.png","width":1335,"height":376,"caption":"Osuustoimintakeskus Pellervo ry"},"image":{"@id":"https:\/\/pellervo.fi\/#\/schema\/logo\/image\/"},"sameAs":["https:\/\/x.com\/PellervoFi"]},{"@type":"Person","@id":"https:\/\/pellervo.fi\/#\/schema\/person\/f001b7c670bab10e5236b09672d9e6a3","name":"Hanna Muukka","image":{"@type":"ImageObject","inLanguage":"sv-SE","@id":"https:\/\/pellervo.fi\/wp-content\/uploads\/2014\/02\/Hanna-Muukka_avatar_1393417732-96x96.jpg","url":"https:\/\/pellervo.fi\/wp-content\/uploads\/2014\/02\/Hanna-Muukka_avatar_1393417732-96x96.jpg","contentUrl":"https:\/\/pellervo.fi\/wp-content\/uploads\/2014\/02\/Hanna-Muukka_avatar_1393417732-96x96.jpg","caption":"Hanna Muukka"},"description":"Kirjoittaja ty\u00f6skentelee Osuustoimintakeskus Pellervossa vastuullisuusasiantuntijana.","url":"https:\/\/pellervo.fi\/sv\/author\/hannamuu\/"}]}},"_links":{"self":[{"href":"https:\/\/pellervo.fi\/sv\/wp-json\/wp\/v2\/posts\/893273","targetHints":{"allow":["GET"]}}],"collection":[{"href":"https:\/\/pellervo.fi\/sv\/wp-json\/wp\/v2\/posts"}],"about":[{"href":"https:\/\/pellervo.fi\/sv\/wp-json\/wp\/v2\/types\/post"}],"author":[{"embeddable":true,"href":"https:\/\/pellervo.fi\/sv\/wp-json\/wp\/v2\/users\/6"}],"replies":[{"embeddable":true,"href":"https:\/\/pellervo.fi\/sv\/wp-json\/wp\/v2\/comments?post=893273"}],"version-history":[{"count":1,"href":"https:\/\/pellervo.fi\/sv\/wp-json\/wp\/v2\/posts\/893273\/revisions"}],"predecessor-version":[{"id":893277,"href":"https:\/\/pellervo.fi\/sv\/wp-json\/wp\/v2\/posts\/893273\/revisions\/893277"}],"wp:featuredmedia":[{"embeddable":true,"href":"https:\/\/pellervo.fi\/sv\/wp-json\/wp\/v2\/media\/893274"}],"wp:attachment":[{"href":"https:\/\/pellervo.fi\/sv\/wp-json\/wp\/v2\/media?parent=893273"}],"wp:term":[{"taxonomy":"category","embeddable":true,"href":"https:\/\/pellervo.fi\/sv\/wp-json\/wp\/v2\/categories?post=893273"},{"taxonomy":"post_tag","embeddable":true,"href":"https:\/\/pellervo.fi\/sv\/wp-json\/wp\/v2\/tags?post=893273"}],"curies":[{"name":"wp","href":"https:\/\/api.w.org\/{rel}","templated":true}]}}