{"id":893485,"date":"2022-06-22T20:18:57","date_gmt":"2022-06-22T17:18:57","guid":{"rendered":"https:\/\/pellervo.fi\/?p=893485"},"modified":"2022-06-22T20:59:53","modified_gmt":"2022-06-22T17:59:53","slug":"marjaana-saarikoski-jatkaa-ican-hallituksessa","status":"publish","type":"post","link":"https:\/\/pellervo.fi\/sv\/jarjesto\/2022\/06\/22\/marjaana-saarikoski-jatkaa-ican-hallituksessa\/","title":{"rendered":"Marjaana Saarikoski jatkaa ICA:n hallituksessa"},"content":{"rendered":"\n\n\t<p><strong>S-ryhm\u00e4\u00e4 edustava Marjaana Saarikoski \u00e4\u00e4nestettiin ICA:n eli kansainv\u00e4lisen osuustoimintaliiton yleiskokouksessa Sevillassa uudelle nelivuotiskaudelle j\u00e4rjest\u00f6n hallituksessa. Siihen kuuluu 15 j\u00e4sent\u00e4 puheenjohtajan lis\u00e4ksi, ja nyt valituksi tulivat Euroopasta Saarikosken lis\u00e4ksi vain Italian, Espanjan ja Bulgarian ehdokkaat. \u00a0Ehdolla my\u00f6s olleet ruotsalainen, britti ja ranskalainen eiv\u00e4t saaneet riitt\u00e4v\u00e4\u00e4 \u00e4\u00e4nim\u00e4\u00e4r\u00e4\u00e4 taakseen.\u00a0<\/strong><\/p>\n<p>Puheenjohtajana jatkaa argentiinalainen Arial Guarco. H\u00e4nen takanaan oli vahva joukko edustajia Etel\u00e4- ja V\u00e4li-Amerikasta, ja \u00e4\u00e4ni\u00e4 kertyi 445. Suomalaisten kannattama Australian Melina Morrison sai 164 \u00e4\u00e4nt\u00e4 ja\u00a0 Ranskan Jean-Louis Bancel 160 \u00e4\u00e4nt\u00e4. Guarco valittiin teht\u00e4v\u00e4\u00e4n ensimm\u00e4isen kerran 2017. H\u00e4n on my\u00f6s toiminut ICA:n hallituksen j\u00e4senen\u00e4 vuodesta 2013.<\/p>\n<p>ICA.:ssa on kaksi j\u00e4sent\u00e4 Suomesta: Pellervo ja SOK. Viimemainittu ehti liitty\u00e4 j\u00e4rjest\u00f6\u00f6n ennen Pellervoa, joka on aloittanut j\u00e4senen\u00e4 1902.<\/p>\n<p>Lue lis\u00e4\u00e4: <a href=\"https:\/\/www.ica.coop\/en\/newsroom\/news\/arial-guarco-re-elected-president-ica-general-assembly-seville\">https:\/\/www.ica.coop\/en\/newsroom\/news\/arial-guarco-re-elected-president-ica-general-assembly-seville<\/a><\/p>\n\n","protected":false},"excerpt":{"rendered":"<p>S-ryhm\u00e4\u00e4 edustava Marjaana Saarikoski \u00e4\u00e4nestettiin ICA:n eli kansainv\u00e4lisen osuustoimintaliiton yleiskokouksessa Sevillassa uudelle nelivuotiskaudelle j\u00e4rjest\u00f6n hallituksessa. Siihen kuuluu 15 j\u00e4sent\u00e4 puheenjohtajan lis\u00e4ksi, ja nyt valituksi tulivat Euroopasta Saarikosken lis\u00e4ksi vain Italian, Espanjan ja Bulgarian ehdokkaat. \u00a0Ehdolla my\u00f6s olleet ruotsalainen, britti ja ranskalainen eiv\u00e4t saaneet riitt\u00e4v\u00e4\u00e4 \u00e4\u00e4nim\u00e4\u00e4r\u00e4\u00e4 taakseen.\u00a0 Puheenjohtajana jatkaa argentiinalainen Arial Guarco. H\u00e4nen takanaan oli vahva<\/p>\n","protected":false},"author":5,"featured_media":893490,"comment_status":"closed","ping_status":"closed","sticky":false,"template":"","format":"standard","meta":{"inline_featured_image":false,"_monsterinsights_skip_tracking":false,"_monsterinsights_sitenote_active":false,"_monsterinsights_sitenote_note":"","_monsterinsights_sitenote_category":0,"site-sidebar-layout":"default","site-content-layout":"","ast-site-content-layout":"default","site-content-style":"default","site-sidebar-style":"default","ast-global-header-display":"","ast-banner-title-visibility":"","ast-main-header-display":"","ast-hfb-above-header-display":"","ast-hfb-below-header-display":"","ast-hfb-mobile-header-display":"","site-post-title":"","ast-breadcrumbs-content":"","ast-featured-img":"","footer-sml-layout":"","ast-disable-related-posts":"","theme-transparent-header-meta":"","adv-header-id-meta":"","stick-header-meta":"","header-above-stick-meta":"","header-main-stick-meta":"","header-below-stick-meta":"","astra-migrate-meta-layouts":"default","ast-page-background-enabled":"default","ast-page-background-meta":{"desktop":{"background-color":"","background-image":"","background-repeat":"repeat","background-position":"center center","background-size":"auto","background-attachment":"scroll","background-type":"","background-media":"","overlay-type":"","overlay-color":"","overlay-opacity":"","overlay-gradient":""},"tablet":{"background-color":"","background-image":"","background-repeat":"repeat","background-position":"center center","background-size":"auto","background-attachment":"scroll","background-type":"","background-media":"","overlay-type":"","overlay-color":"","overlay-opacity":"","overlay-gradient":""},"mobile":{"background-color":"","background-image":"","background-repeat":"repeat","background-position":"center center","background-size":"auto","background-attachment":"scroll","background-type":"","background-media":"","overlay-type":"","overlay-color":"","overlay-opacity":"","overlay-gradient":""}},"ast-content-background-meta":{"desktop":{"background-color":"var(--ast-global-color-5)","background-image":"","background-repeat":"repeat","background-position":"center center","background-size":"auto","background-attachment":"scroll","background-type":"","background-media":"","overlay-type":"","overlay-color":"","overlay-opacity":"","overlay-gradient":""},"tablet":{"background-color":"var(--ast-global-color-5)","background-image":"","background-repeat":"repeat","background-position":"center center","background-size":"auto","background-attachment":"scroll","background-type":"","background-media":"","overlay-type":"","overlay-color":"","overlay-opacity":"","overlay-gradient":""},"mobile":{"background-color":"var(--ast-global-color-5)","background-image":"","background-repeat":"repeat","background-position":"center center","background-size":"auto","background-attachment":"scroll","background-type":"","background-media":"","overlay-type":"","overlay-color":"","overlay-opacity":"","overlay-gradient":""}},"_FSMCFIC_featured_image_caption":"","_FSMCFIC_featured_image_nocaption":"","_FSMCFIC_featured_image_hide":"","footnotes":""},"categories":[71],"tags":[],"class_list":["post-893485","post","type-post","status-publish","format-standard","has-post-thumbnail","hentry","category-jarjesto"],"yoast_head":"<!-- This site is optimized with the Yoast SEO plugin v27.5 - https:\/\/yoast.com\/product\/yoast-seo-wordpress\/ -->\n<title>Marjaana Saarikoski jatkaa ICA:n hallituksessa - Pellervo<\/title>\n<meta name=\"robots\" content=\"index, follow, max-snippet:-1, max-image-preview:large, max-video-preview:-1\" \/>\n<link rel=\"canonical\" href=\"https:\/\/pellervo.fi\/jarjesto\/2022\/06\/22\/marjaana-saarikoski-jatkaa-ican-hallituksessa\/\" \/>\n<meta property=\"og:locale\" content=\"sv_SE\" \/>\n<meta property=\"og:type\" content=\"article\" \/>\n<meta property=\"og:title\" content=\"Marjaana Saarikoski jatkaa ICA:n hallituksessa - Pellervo\" \/>\n<meta property=\"og:description\" content=\"S-ryhm\u00e4\u00e4 edustava Marjaana Saarikoski \u00e4\u00e4nestettiin ICA:n eli kansainv\u00e4lisen osuustoimintaliiton yleiskokouksessa Sevillassa uudelle nelivuotiskaudelle j\u00e4rjest\u00f6n hallituksessa. Siihen kuuluu 15 j\u00e4sent\u00e4 puheenjohtajan lis\u00e4ksi, ja nyt valituksi tulivat Euroopasta Saarikosken lis\u00e4ksi vain Italian, Espanjan ja Bulgarian ehdokkaat. \u00a0Ehdolla my\u00f6s olleet ruotsalainen, britti ja ranskalainen eiv\u00e4t saaneet riitt\u00e4v\u00e4\u00e4 \u00e4\u00e4nim\u00e4\u00e4r\u00e4\u00e4 taakseen.\u00a0 Puheenjohtajana jatkaa argentiinalainen Arial Guarco. H\u00e4nen takanaan oli vahva\" \/>\n<meta property=\"og:url\" content=\"https:\/\/pellervo.fi\/jarjesto\/2022\/06\/22\/marjaana-saarikoski-jatkaa-ican-hallituksessa\/\" \/>\n<meta property=\"og:site_name\" content=\"Pellervo\" \/>\n<meta property=\"article:published_time\" content=\"2022-06-22T17:18:57+00:00\" \/>\n<meta property=\"article:modified_time\" content=\"2022-06-22T17:59:53+00:00\" \/>\n<meta property=\"og:image\" content=\"https:\/\/pellervo.fi\/wp-content\/uploads\/2022\/06\/Marjaana-Saarikoski_1.jpg\" \/>\n\t<meta property=\"og:image:width\" content=\"1000\" \/>\n\t<meta property=\"og:image:height\" content=\"666\" \/>\n\t<meta property=\"og:image:type\" content=\"image\/jpeg\" \/>\n<meta name=\"author\" content=\"pellervo\" \/>\n<meta name=\"twitter:card\" content=\"summary_large_image\" \/>\n<meta name=\"twitter:creator\" content=\"@PellervoFi\" \/>\n<meta name=\"twitter:site\" content=\"@PellervoFi\" \/>\n<meta name=\"twitter:label1\" content=\"Skriven av\" \/>\n\t<meta name=\"twitter:data1\" content=\"pellervo\" \/>\n\t<meta name=\"twitter:label2\" content=\"Ber\u00e4knad l\u00e4stid\" \/>\n\t<meta name=\"twitter:data2\" content=\"1 minut\" \/>\n<script type=\"application\/ld+json\" class=\"yoast-schema-graph\">{\"@context\":\"https:\\\/\\\/schema.org\",\"@graph\":[{\"@type\":\"Article\",\"@id\":\"https:\\\/\\\/pellervo.fi\\\/jarjesto\\\/2022\\\/06\\\/22\\\/marjaana-saarikoski-jatkaa-ican-hallituksessa\\\/#article\",\"isPartOf\":{\"@id\":\"https:\\\/\\\/pellervo.fi\\\/jarjesto\\\/2022\\\/06\\\/22\\\/marjaana-saarikoski-jatkaa-ican-hallituksessa\\\/\"},\"author\":{\"name\":\"pellervo\",\"@id\":\"https:\\\/\\\/pellervo.fi\\\/#\\\/schema\\\/person\\\/4b74d40956937d1367ade81899997e71\"},\"headline\":\"Marjaana Saarikoski jatkaa ICA:n hallituksessa\",\"datePublished\":\"2022-06-22T17:18:57+00:00\",\"dateModified\":\"2022-06-22T17:59:53+00:00\",\"mainEntityOfPage\":{\"@id\":\"https:\\\/\\\/pellervo.fi\\\/jarjesto\\\/2022\\\/06\\\/22\\\/marjaana-saarikoski-jatkaa-ican-hallituksessa\\\/\"},\"wordCount\":147,\"publisher\":{\"@id\":\"https:\\\/\\\/pellervo.fi\\\/#organization\"},\"image\":{\"@id\":\"https:\\\/\\\/pellervo.fi\\\/jarjesto\\\/2022\\\/06\\\/22\\\/marjaana-saarikoski-jatkaa-ican-hallituksessa\\\/#primaryimage\"},\"thumbnailUrl\":\"https:\\\/\\\/pellervo.fi\\\/wp-content\\\/uploads\\\/2022\\\/06\\\/Marjaana-Saarikoski_1.jpg\",\"articleSection\":[\"J\u00e4rjest\u00f6\"],\"inLanguage\":\"sv-SE\"},{\"@type\":\"WebPage\",\"@id\":\"https:\\\/\\\/pellervo.fi\\\/jarjesto\\\/2022\\\/06\\\/22\\\/marjaana-saarikoski-jatkaa-ican-hallituksessa\\\/\",\"url\":\"https:\\\/\\\/pellervo.fi\\\/jarjesto\\\/2022\\\/06\\\/22\\\/marjaana-saarikoski-jatkaa-ican-hallituksessa\\\/\",\"name\":\"Marjaana Saarikoski jatkaa ICA:n hallituksessa - Pellervo\",\"isPartOf\":{\"@id\":\"https:\\\/\\\/pellervo.fi\\\/#website\"},\"primaryImageOfPage\":{\"@id\":\"https:\\\/\\\/pellervo.fi\\\/jarjesto\\\/2022\\\/06\\\/22\\\/marjaana-saarikoski-jatkaa-ican-hallituksessa\\\/#primaryimage\"},\"image\":{\"@id\":\"https:\\\/\\\/pellervo.fi\\\/jarjesto\\\/2022\\\/06\\\/22\\\/marjaana-saarikoski-jatkaa-ican-hallituksessa\\\/#primaryimage\"},\"thumbnailUrl\":\"https:\\\/\\\/pellervo.fi\\\/wp-content\\\/uploads\\\/2022\\\/06\\\/Marjaana-Saarikoski_1.jpg\",\"datePublished\":\"2022-06-22T17:18:57+00:00\",\"dateModified\":\"2022-06-22T17:59:53+00:00\",\"breadcrumb\":{\"@id\":\"https:\\\/\\\/pellervo.fi\\\/jarjesto\\\/2022\\\/06\\\/22\\\/marjaana-saarikoski-jatkaa-ican-hallituksessa\\\/#breadcrumb\"},\"inLanguage\":\"sv-SE\",\"potentialAction\":[{\"@type\":\"ReadAction\",\"target\":[\"https:\\\/\\\/pellervo.fi\\\/jarjesto\\\/2022\\\/06\\\/22\\\/marjaana-saarikoski-jatkaa-ican-hallituksessa\\\/\"]}]},{\"@type\":\"ImageObject\",\"inLanguage\":\"sv-SE\",\"@id\":\"https:\\\/\\\/pellervo.fi\\\/jarjesto\\\/2022\\\/06\\\/22\\\/marjaana-saarikoski-jatkaa-ican-hallituksessa\\\/#primaryimage\",\"url\":\"https:\\\/\\\/pellervo.fi\\\/wp-content\\\/uploads\\\/2022\\\/06\\\/Marjaana-Saarikoski_1.jpg\",\"contentUrl\":\"https:\\\/\\\/pellervo.fi\\\/wp-content\\\/uploads\\\/2022\\\/06\\\/Marjaana-Saarikoski_1.jpg\",\"width\":1000,\"height\":666},{\"@type\":\"BreadcrumbList\",\"@id\":\"https:\\\/\\\/pellervo.fi\\\/jarjesto\\\/2022\\\/06\\\/22\\\/marjaana-saarikoski-jatkaa-ican-hallituksessa\\\/#breadcrumb\",\"itemListElement\":[{\"@type\":\"ListItem\",\"position\":1,\"name\":\"Koti\",\"item\":\"https:\\\/\\\/pellervo.fi\\\/sv\\\/\"},{\"@type\":\"ListItem\",\"position\":2,\"name\":\"Marjaana Saarikoski jatkaa ICA:n hallituksessa\"}]},{\"@type\":\"WebSite\",\"@id\":\"https:\\\/\\\/pellervo.fi\\\/#website\",\"url\":\"https:\\\/\\\/pellervo.fi\\\/\",\"name\":\"Pellervo\",\"description\":\"Osuuskuntien keskusj\u00e4rjest\u00f6\",\"publisher\":{\"@id\":\"https:\\\/\\\/pellervo.fi\\\/#organization\"},\"potentialAction\":[{\"@type\":\"SearchAction\",\"target\":{\"@type\":\"EntryPoint\",\"urlTemplate\":\"https:\\\/\\\/pellervo.fi\\\/?s={search_term_string}\"},\"query-input\":{\"@type\":\"PropertyValueSpecification\",\"valueRequired\":true,\"valueName\":\"search_term_string\"}}],\"inLanguage\":\"sv-SE\"},{\"@type\":\"Organization\",\"@id\":\"https:\\\/\\\/pellervo.fi\\\/#organization\",\"name\":\"Osuustoimintakeskus Pellervo ry\",\"url\":\"https:\\\/\\\/pellervo.fi\\\/\",\"logo\":{\"@type\":\"ImageObject\",\"inLanguage\":\"sv-SE\",\"@id\":\"https:\\\/\\\/pellervo.fi\\\/#\\\/schema\\\/logo\\\/image\\\/\",\"url\":\"https:\\\/\\\/pellervo.fi\\\/wp-content\\\/uploads\\\/2020\\\/05\\\/Pellervo_logo.png\",\"contentUrl\":\"https:\\\/\\\/pellervo.fi\\\/wp-content\\\/uploads\\\/2020\\\/05\\\/Pellervo_logo.png\",\"width\":1335,\"height\":376,\"caption\":\"Osuustoimintakeskus Pellervo ry\"},\"image\":{\"@id\":\"https:\\\/\\\/pellervo.fi\\\/#\\\/schema\\\/logo\\\/image\\\/\"},\"sameAs\":[\"https:\\\/\\\/x.com\\\/PellervoFi\"]},{\"@type\":\"Person\",\"@id\":\"https:\\\/\\\/pellervo.fi\\\/#\\\/schema\\\/person\\\/4b74d40956937d1367ade81899997e71\",\"name\":\"pellervo\",\"image\":{\"@type\":\"ImageObject\",\"inLanguage\":\"sv-SE\",\"@id\":\"https:\\\/\\\/pellervo.fi\\\/wp-content\\\/uploads\\\/2013\\\/11\\\/pellervo_avatar_1384522134-96x96.jpg\",\"url\":\"https:\\\/\\\/pellervo.fi\\\/wp-content\\\/uploads\\\/2013\\\/11\\\/pellervo_avatar_1384522134-96x96.jpg\",\"contentUrl\":\"https:\\\/\\\/pellervo.fi\\\/wp-content\\\/uploads\\\/2013\\\/11\\\/pellervo_avatar_1384522134-96x96.jpg\",\"caption\":\"pellervo\"},\"description\":\"Kuvaus\",\"url\":\"https:\\\/\\\/pellervo.fi\\\/sv\\\/author\\\/pellervo\\\/\"}]}<\/script>\n<!-- \/ Yoast SEO plugin. -->","yoast_head_json":{"title":"Marjaana Saarikoski jatkaa ICA:n hallituksessa - Pellervo","robots":{"index":"index","follow":"follow","max-snippet":"max-snippet:-1","max-image-preview":"max-image-preview:large","max-video-preview":"max-video-preview:-1"},"canonical":"https:\/\/pellervo.fi\/jarjesto\/2022\/06\/22\/marjaana-saarikoski-jatkaa-ican-hallituksessa\/","og_locale":"sv_SE","og_type":"article","og_title":"Marjaana Saarikoski jatkaa ICA:n hallituksessa - Pellervo","og_description":"S-ryhm\u00e4\u00e4 edustava Marjaana Saarikoski \u00e4\u00e4nestettiin ICA:n eli kansainv\u00e4lisen osuustoimintaliiton yleiskokouksessa Sevillassa uudelle nelivuotiskaudelle j\u00e4rjest\u00f6n hallituksessa. Siihen kuuluu 15 j\u00e4sent\u00e4 puheenjohtajan lis\u00e4ksi, ja nyt valituksi tulivat Euroopasta Saarikosken lis\u00e4ksi vain Italian, Espanjan ja Bulgarian ehdokkaat. \u00a0Ehdolla my\u00f6s olleet ruotsalainen, britti ja ranskalainen eiv\u00e4t saaneet riitt\u00e4v\u00e4\u00e4 \u00e4\u00e4nim\u00e4\u00e4r\u00e4\u00e4 taakseen.\u00a0 Puheenjohtajana jatkaa argentiinalainen Arial Guarco. H\u00e4nen takanaan oli vahva","og_url":"https:\/\/pellervo.fi\/jarjesto\/2022\/06\/22\/marjaana-saarikoski-jatkaa-ican-hallituksessa\/","og_site_name":"Pellervo","article_published_time":"2022-06-22T17:18:57+00:00","article_modified_time":"2022-06-22T17:59:53+00:00","og_image":[{"width":1000,"height":666,"url":"https:\/\/pellervo.fi\/wp-content\/uploads\/2022\/06\/Marjaana-Saarikoski_1.jpg","type":"image\/jpeg"}],"author":"pellervo","twitter_card":"summary_large_image","twitter_creator":"@PellervoFi","twitter_site":"@PellervoFi","twitter_misc":{"Skriven av":"pellervo","Ber\u00e4knad l\u00e4stid":"1 minut"},"schema":{"@context":"https:\/\/schema.org","@graph":[{"@type":"Article","@id":"https:\/\/pellervo.fi\/jarjesto\/2022\/06\/22\/marjaana-saarikoski-jatkaa-ican-hallituksessa\/#article","isPartOf":{"@id":"https:\/\/pellervo.fi\/jarjesto\/2022\/06\/22\/marjaana-saarikoski-jatkaa-ican-hallituksessa\/"},"author":{"name":"pellervo","@id":"https:\/\/pellervo.fi\/#\/schema\/person\/4b74d40956937d1367ade81899997e71"},"headline":"Marjaana Saarikoski jatkaa ICA:n hallituksessa","datePublished":"2022-06-22T17:18:57+00:00","dateModified":"2022-06-22T17:59:53+00:00","mainEntityOfPage":{"@id":"https:\/\/pellervo.fi\/jarjesto\/2022\/06\/22\/marjaana-saarikoski-jatkaa-ican-hallituksessa\/"},"wordCount":147,"publisher":{"@id":"https:\/\/pellervo.fi\/#organization"},"image":{"@id":"https:\/\/pellervo.fi\/jarjesto\/2022\/06\/22\/marjaana-saarikoski-jatkaa-ican-hallituksessa\/#primaryimage"},"thumbnailUrl":"https:\/\/pellervo.fi\/wp-content\/uploads\/2022\/06\/Marjaana-Saarikoski_1.jpg","articleSection":["J\u00e4rjest\u00f6"],"inLanguage":"sv-SE"},{"@type":"WebPage","@id":"https:\/\/pellervo.fi\/jarjesto\/2022\/06\/22\/marjaana-saarikoski-jatkaa-ican-hallituksessa\/","url":"https:\/\/pellervo.fi\/jarjesto\/2022\/06\/22\/marjaana-saarikoski-jatkaa-ican-hallituksessa\/","name":"Marjaana Saarikoski jatkaa ICA:n hallituksessa - Pellervo","isPartOf":{"@id":"https:\/\/pellervo.fi\/#website"},"primaryImageOfPage":{"@id":"https:\/\/pellervo.fi\/jarjesto\/2022\/06\/22\/marjaana-saarikoski-jatkaa-ican-hallituksessa\/#primaryimage"},"image":{"@id":"https:\/\/pellervo.fi\/jarjesto\/2022\/06\/22\/marjaana-saarikoski-jatkaa-ican-hallituksessa\/#primaryimage"},"thumbnailUrl":"https:\/\/pellervo.fi\/wp-content\/uploads\/2022\/06\/Marjaana-Saarikoski_1.jpg","datePublished":"2022-06-22T17:18:57+00:00","dateModified":"2022-06-22T17:59:53+00:00","breadcrumb":{"@id":"https:\/\/pellervo.fi\/jarjesto\/2022\/06\/22\/marjaana-saarikoski-jatkaa-ican-hallituksessa\/#breadcrumb"},"inLanguage":"sv-SE","potentialAction":[{"@type":"ReadAction","target":["https:\/\/pellervo.fi\/jarjesto\/2022\/06\/22\/marjaana-saarikoski-jatkaa-ican-hallituksessa\/"]}]},{"@type":"ImageObject","inLanguage":"sv-SE","@id":"https:\/\/pellervo.fi\/jarjesto\/2022\/06\/22\/marjaana-saarikoski-jatkaa-ican-hallituksessa\/#primaryimage","url":"https:\/\/pellervo.fi\/wp-content\/uploads\/2022\/06\/Marjaana-Saarikoski_1.jpg","contentUrl":"https:\/\/pellervo.fi\/wp-content\/uploads\/2022\/06\/Marjaana-Saarikoski_1.jpg","width":1000,"height":666},{"@type":"BreadcrumbList","@id":"https:\/\/pellervo.fi\/jarjesto\/2022\/06\/22\/marjaana-saarikoski-jatkaa-ican-hallituksessa\/#breadcrumb","itemListElement":[{"@type":"ListItem","position":1,"name":"Koti","item":"https:\/\/pellervo.fi\/sv\/"},{"@type":"ListItem","position":2,"name":"Marjaana Saarikoski jatkaa ICA:n hallituksessa"}]},{"@type":"WebSite","@id":"https:\/\/pellervo.fi\/#website","url":"https:\/\/pellervo.fi\/","name":"Pellervo","description":"Osuuskuntien keskusj\u00e4rjest\u00f6","publisher":{"@id":"https:\/\/pellervo.fi\/#organization"},"potentialAction":[{"@type":"SearchAction","target":{"@type":"EntryPoint","urlTemplate":"https:\/\/pellervo.fi\/?s={search_term_string}"},"query-input":{"@type":"PropertyValueSpecification","valueRequired":true,"valueName":"search_term_string"}}],"inLanguage":"sv-SE"},{"@type":"Organization","@id":"https:\/\/pellervo.fi\/#organization","name":"Osuustoimintakeskus Pellervo ry","url":"https:\/\/pellervo.fi\/","logo":{"@type":"ImageObject","inLanguage":"sv-SE","@id":"https:\/\/pellervo.fi\/#\/schema\/logo\/image\/","url":"https:\/\/pellervo.fi\/wp-content\/uploads\/2020\/05\/Pellervo_logo.png","contentUrl":"https:\/\/pellervo.fi\/wp-content\/uploads\/2020\/05\/Pellervo_logo.png","width":1335,"height":376,"caption":"Osuustoimintakeskus Pellervo ry"},"image":{"@id":"https:\/\/pellervo.fi\/#\/schema\/logo\/image\/"},"sameAs":["https:\/\/x.com\/PellervoFi"]},{"@type":"Person","@id":"https:\/\/pellervo.fi\/#\/schema\/person\/4b74d40956937d1367ade81899997e71","name":"pellervo","image":{"@type":"ImageObject","inLanguage":"sv-SE","@id":"https:\/\/pellervo.fi\/wp-content\/uploads\/2013\/11\/pellervo_avatar_1384522134-96x96.jpg","url":"https:\/\/pellervo.fi\/wp-content\/uploads\/2013\/11\/pellervo_avatar_1384522134-96x96.jpg","contentUrl":"https:\/\/pellervo.fi\/wp-content\/uploads\/2013\/11\/pellervo_avatar_1384522134-96x96.jpg","caption":"pellervo"},"description":"Kuvaus","url":"https:\/\/pellervo.fi\/sv\/author\/pellervo\/"}]}},"_links":{"self":[{"href":"https:\/\/pellervo.fi\/sv\/wp-json\/wp\/v2\/posts\/893485","targetHints":{"allow":["GET"]}}],"collection":[{"href":"https:\/\/pellervo.fi\/sv\/wp-json\/wp\/v2\/posts"}],"about":[{"href":"https:\/\/pellervo.fi\/sv\/wp-json\/wp\/v2\/types\/post"}],"author":[{"embeddable":true,"href":"https:\/\/pellervo.fi\/sv\/wp-json\/wp\/v2\/users\/5"}],"replies":[{"embeddable":true,"href":"https:\/\/pellervo.fi\/sv\/wp-json\/wp\/v2\/comments?post=893485"}],"version-history":[{"count":5,"href":"https:\/\/pellervo.fi\/sv\/wp-json\/wp\/v2\/posts\/893485\/revisions"}],"predecessor-version":[{"id":893496,"href":"https:\/\/pellervo.fi\/sv\/wp-json\/wp\/v2\/posts\/893485\/revisions\/893496"}],"wp:featuredmedia":[{"embeddable":true,"href":"https:\/\/pellervo.fi\/sv\/wp-json\/wp\/v2\/media\/893490"}],"wp:attachment":[{"href":"https:\/\/pellervo.fi\/sv\/wp-json\/wp\/v2\/media?parent=893485"}],"wp:term":[{"taxonomy":"category","embeddable":true,"href":"https:\/\/pellervo.fi\/sv\/wp-json\/wp\/v2\/categories?post=893485"},{"taxonomy":"post_tag","embeddable":true,"href":"https:\/\/pellervo.fi\/sv\/wp-json\/wp\/v2\/tags?post=893485"}],"curies":[{"name":"wp","href":"https:\/\/api.w.org\/{rel}","templated":true}]}}