{"id":893681,"date":"2022-06-14T10:24:00","date_gmt":"2022-06-14T07:24:00","guid":{"rendered":"https:\/\/pellervo.fi\/?p=893681"},"modified":"2022-08-17T10:26:52","modified_gmt":"2022-08-17T07:26:52","slug":"uutiskirje-14-6-on-aika-vaikuttaa","status":"publish","type":"post","link":"https:\/\/pellervo.fi\/sv\/uutiskirjeet\/2022\/06\/14\/uutiskirje-14-6-on-aika-vaikuttaa\/","title":{"rendered":"Uutiskirje 14.6. On aika vaikuttaa!"},"content":{"rendered":"\n<p class=\"text-p\">T\u00e4m\u00e4 kirje k\u00e4ynnist\u00e4\u00e4 t\u00e4rke\u00e4n nimienkeruukampanjan. Tavoitteenamme on koota mahdollisimman iso rintama osuustoimintayritysten johtoa ja tutkijoita vetoomukseen, joka vaatii osuustoiminnalle parempaa asemaa kouluopetuksessa yliopistot mukaan lukien. Aiheesta on puhuttu aiemminkin, mutta lis\u00e4\u00e4 painetta tarvitaan.<\/p>\n<p class=\"text-p\">Osuustoimintaopetuksen lis\u00e4\u00e4minen on my\u00f6s ensimm\u00e4isen\u00e4 kohtana eduskuntavaaliohjelmassamme, jonka Pellervon hallitus hyv\u00e4ksyi viime viikolla. Vaalikeskusteluja ja ohjelmienlaadintaa haluamme ev\u00e4st\u00e4\u00e4, ett\u00e4 osuuskunnat ja keskin\u00e4iset yhti\u00f6t tarvitsevat huomiota. Oli sitten kyse opetuksesta, yritysneuvonnasta, aloittavan yrityksen tuista, asunto-osuuskunnista tai lains\u00e4\u00e4d\u00e4nn\u00f6st\u00e4. Emme vaadi erityiskohtelua, ainoastaan p\u00e4\u00e4sy\u00e4 samalle viivalle muiden kanssa.<\/p>\n<p class=\"text-p\">T\u00e4m\u00e4n tavoitteen edist\u00e4miseen tarvitsemme joukkovoimaa: Nimi\u00e4 listoille ja aktiivisia keskustelunavauksia eri puolilla Suomea. N\u00e4kyvyys tehd\u00e4\u00e4n yhdess\u00e4!\u00a0\u00a0<\/p>\n<p class=\"text-p\">Hyv\u00e4\u00e4 kes\u00e4\u00e4 kaikille!<\/p>\n<p class=\"text-p\"><b>Kari Huhtala<\/b><br \/>vt. toimitusjohtaja<\/p>\n<p><a href=\"https:\/\/pellervo.creamailer.fi\/email\/62a6c7eb2fe1d\" target=\"_blank\" rel=\"noopener\">Uutiskirjeeseen<\/a><\/p>\n","protected":false},"excerpt":{"rendered":"<p>T\u00e4m\u00e4 kirje k\u00e4ynnist\u00e4\u00e4 t\u00e4rke\u00e4n nimienkeruukampanjan. Tavoitteenamme on koota mahdollisimman iso rintama osuustoimintayritysten johtoa ja tutkijoita vetoomukseen, joka vaatii osuustoiminnalle parempaa asemaa kouluopetuksessa yliopistot mukaan lukien. Aiheesta on puhuttu aiemminkin, mutta lis\u00e4\u00e4 painetta tarvitaan.<\/p>\n","protected":false},"author":5,"featured_media":893682,"comment_status":"closed","ping_status":"closed","sticky":false,"template":"","format":"standard","meta":{"inline_featured_image":false,"_monsterinsights_skip_tracking":false,"_monsterinsights_sitenote_active":false,"_monsterinsights_sitenote_note":"","_monsterinsights_sitenote_category":0,"site-sidebar-layout":"default","site-content-layout":"","ast-site-content-layout":"default","site-content-style":"default","site-sidebar-style":"default","ast-global-header-display":"","ast-banner-title-visibility":"","ast-main-header-display":"","ast-hfb-above-header-display":"","ast-hfb-below-header-display":"","ast-hfb-mobile-header-display":"","site-post-title":"","ast-breadcrumbs-content":"","ast-featured-img":"","footer-sml-layout":"","ast-disable-related-posts":"","theme-transparent-header-meta":"","adv-header-id-meta":"","stick-header-meta":"","header-above-stick-meta":"","header-main-stick-meta":"","header-below-stick-meta":"","astra-migrate-meta-layouts":"default","ast-page-background-enabled":"default","ast-page-background-meta":{"desktop":{"background-color":"","background-image":"","background-repeat":"repeat","background-position":"center center","background-size":"auto","background-attachment":"scroll","background-type":"","background-media":"","overlay-type":"","overlay-color":"","overlay-opacity":"","overlay-gradient":""},"tablet":{"background-color":"","background-image":"","background-repeat":"repeat","background-position":"center center","background-size":"auto","background-attachment":"scroll","background-type":"","background-media":"","overlay-type":"","overlay-color":"","overlay-opacity":"","overlay-gradient":""},"mobile":{"background-color":"","background-image":"","background-repeat":"repeat","background-position":"center center","background-size":"auto","background-attachment":"scroll","background-type":"","background-media":"","overlay-type":"","overlay-color":"","overlay-opacity":"","overlay-gradient":""}},"ast-content-background-meta":{"desktop":{"background-color":"var(--ast-global-color-5)","background-image":"","background-repeat":"repeat","background-position":"center center","background-size":"auto","background-attachment":"scroll","background-type":"","background-media":"","overlay-type":"","overlay-color":"","overlay-opacity":"","overlay-gradient":""},"tablet":{"background-color":"var(--ast-global-color-5)","background-image":"","background-repeat":"repeat","background-position":"center center","background-size":"auto","background-attachment":"scroll","background-type":"","background-media":"","overlay-type":"","overlay-color":"","overlay-opacity":"","overlay-gradient":""},"mobile":{"background-color":"var(--ast-global-color-5)","background-image":"","background-repeat":"repeat","background-position":"center center","background-size":"auto","background-attachment":"scroll","background-type":"","background-media":"","overlay-type":"","overlay-color":"","overlay-opacity":"","overlay-gradient":""}},"_FSMCFIC_featured_image_caption":"","_FSMCFIC_featured_image_nocaption":"","_FSMCFIC_featured_image_hide":"","footnotes":""},"categories":[293],"tags":[],"class_list":["post-893681","post","type-post","status-publish","format-standard","has-post-thumbnail","hentry","category-uutiskirjeet"],"yoast_head":"<!-- This site is optimized with the Yoast SEO plugin v27.5 - https:\/\/yoast.com\/product\/yoast-seo-wordpress\/ -->\n<title>Uutiskirje 14.6. On aika vaikuttaa! - Pellervo<\/title>\n<meta name=\"robots\" content=\"index, follow, max-snippet:-1, max-image-preview:large, max-video-preview:-1\" \/>\n<link rel=\"canonical\" href=\"https:\/\/pellervo.fi\/uutiskirjeet\/2022\/06\/14\/uutiskirje-14-6-on-aika-vaikuttaa\/\" \/>\n<meta property=\"og:locale\" content=\"sv_SE\" \/>\n<meta property=\"og:type\" content=\"article\" \/>\n<meta property=\"og:title\" content=\"Uutiskirje 14.6. On aika vaikuttaa! - Pellervo\" \/>\n<meta property=\"og:description\" content=\"T\u00e4m\u00e4 kirje k\u00e4ynnist\u00e4\u00e4 t\u00e4rke\u00e4n nimienkeruukampanjan. Tavoitteenamme on koota mahdollisimman iso rintama osuustoimintayritysten johtoa ja tutkijoita vetoomukseen, joka vaatii osuustoiminnalle parempaa asemaa kouluopetuksessa yliopistot mukaan lukien. Aiheesta on puhuttu aiemminkin, mutta lis\u00e4\u00e4 painetta tarvitaan.\" \/>\n<meta property=\"og:url\" content=\"https:\/\/pellervo.fi\/uutiskirjeet\/2022\/06\/14\/uutiskirje-14-6-on-aika-vaikuttaa\/\" \/>\n<meta property=\"og:site_name\" content=\"Pellervo\" \/>\n<meta property=\"article:published_time\" content=\"2022-06-14T07:24:00+00:00\" \/>\n<meta property=\"article:modified_time\" content=\"2022-08-17T07:26:52+00:00\" \/>\n<meta property=\"og:image\" content=\"https:\/\/pellervo.fi\/wp-content\/uploads\/2022\/08\/bwfpc2vtyq-1200x433-7871173.jpg\" \/>\n\t<meta property=\"og:image:width\" content=\"1200\" \/>\n\t<meta property=\"og:image:height\" content=\"433\" \/>\n\t<meta property=\"og:image:type\" content=\"image\/jpeg\" \/>\n<meta name=\"author\" content=\"pellervo\" \/>\n<meta name=\"twitter:card\" content=\"summary_large_image\" \/>\n<meta name=\"twitter:creator\" content=\"@PellervoFi\" \/>\n<meta name=\"twitter:site\" content=\"@PellervoFi\" \/>\n<meta name=\"twitter:label1\" content=\"Skriven av\" \/>\n\t<meta name=\"twitter:data1\" content=\"pellervo\" \/>\n\t<meta name=\"twitter:label2\" content=\"Ber\u00e4knad l\u00e4stid\" \/>\n\t<meta name=\"twitter:data2\" content=\"1 minut\" \/>\n<script type=\"application\/ld+json\" class=\"yoast-schema-graph\">{\"@context\":\"https:\\\/\\\/schema.org\",\"@graph\":[{\"@type\":\"Article\",\"@id\":\"https:\\\/\\\/pellervo.fi\\\/uutiskirjeet\\\/2022\\\/06\\\/14\\\/uutiskirje-14-6-on-aika-vaikuttaa\\\/#article\",\"isPartOf\":{\"@id\":\"https:\\\/\\\/pellervo.fi\\\/uutiskirjeet\\\/2022\\\/06\\\/14\\\/uutiskirje-14-6-on-aika-vaikuttaa\\\/\"},\"author\":{\"name\":\"pellervo\",\"@id\":\"https:\\\/\\\/pellervo.fi\\\/#\\\/schema\\\/person\\\/4b74d40956937d1367ade81899997e71\"},\"headline\":\"Uutiskirje 14.6. On aika vaikuttaa!\",\"datePublished\":\"2022-06-14T07:24:00+00:00\",\"dateModified\":\"2022-08-17T07:26:52+00:00\",\"mainEntityOfPage\":{\"@id\":\"https:\\\/\\\/pellervo.fi\\\/uutiskirjeet\\\/2022\\\/06\\\/14\\\/uutiskirje-14-6-on-aika-vaikuttaa\\\/\"},\"wordCount\":126,\"publisher\":{\"@id\":\"https:\\\/\\\/pellervo.fi\\\/#organization\"},\"image\":{\"@id\":\"https:\\\/\\\/pellervo.fi\\\/uutiskirjeet\\\/2022\\\/06\\\/14\\\/uutiskirje-14-6-on-aika-vaikuttaa\\\/#primaryimage\"},\"thumbnailUrl\":\"https:\\\/\\\/pellervo.fi\\\/wp-content\\\/uploads\\\/2022\\\/08\\\/bwfpc2vtyq-1200x433-7871173.jpg\",\"articleSection\":[\"Uutiskirjeet\"],\"inLanguage\":\"sv-SE\"},{\"@type\":\"WebPage\",\"@id\":\"https:\\\/\\\/pellervo.fi\\\/uutiskirjeet\\\/2022\\\/06\\\/14\\\/uutiskirje-14-6-on-aika-vaikuttaa\\\/\",\"url\":\"https:\\\/\\\/pellervo.fi\\\/uutiskirjeet\\\/2022\\\/06\\\/14\\\/uutiskirje-14-6-on-aika-vaikuttaa\\\/\",\"name\":\"Uutiskirje 14.6. On aika vaikuttaa! - Pellervo\",\"isPartOf\":{\"@id\":\"https:\\\/\\\/pellervo.fi\\\/#website\"},\"primaryImageOfPage\":{\"@id\":\"https:\\\/\\\/pellervo.fi\\\/uutiskirjeet\\\/2022\\\/06\\\/14\\\/uutiskirje-14-6-on-aika-vaikuttaa\\\/#primaryimage\"},\"image\":{\"@id\":\"https:\\\/\\\/pellervo.fi\\\/uutiskirjeet\\\/2022\\\/06\\\/14\\\/uutiskirje-14-6-on-aika-vaikuttaa\\\/#primaryimage\"},\"thumbnailUrl\":\"https:\\\/\\\/pellervo.fi\\\/wp-content\\\/uploads\\\/2022\\\/08\\\/bwfpc2vtyq-1200x433-7871173.jpg\",\"datePublished\":\"2022-06-14T07:24:00+00:00\",\"dateModified\":\"2022-08-17T07:26:52+00:00\",\"breadcrumb\":{\"@id\":\"https:\\\/\\\/pellervo.fi\\\/uutiskirjeet\\\/2022\\\/06\\\/14\\\/uutiskirje-14-6-on-aika-vaikuttaa\\\/#breadcrumb\"},\"inLanguage\":\"sv-SE\",\"potentialAction\":[{\"@type\":\"ReadAction\",\"target\":[\"https:\\\/\\\/pellervo.fi\\\/uutiskirjeet\\\/2022\\\/06\\\/14\\\/uutiskirje-14-6-on-aika-vaikuttaa\\\/\"]}]},{\"@type\":\"ImageObject\",\"inLanguage\":\"sv-SE\",\"@id\":\"https:\\\/\\\/pellervo.fi\\\/uutiskirjeet\\\/2022\\\/06\\\/14\\\/uutiskirje-14-6-on-aika-vaikuttaa\\\/#primaryimage\",\"url\":\"https:\\\/\\\/pellervo.fi\\\/wp-content\\\/uploads\\\/2022\\\/08\\\/bwfpc2vtyq-1200x433-7871173.jpg\",\"contentUrl\":\"https:\\\/\\\/pellervo.fi\\\/wp-content\\\/uploads\\\/2022\\\/08\\\/bwfpc2vtyq-1200x433-7871173.jpg\",\"width\":1200,\"height\":433},{\"@type\":\"BreadcrumbList\",\"@id\":\"https:\\\/\\\/pellervo.fi\\\/uutiskirjeet\\\/2022\\\/06\\\/14\\\/uutiskirje-14-6-on-aika-vaikuttaa\\\/#breadcrumb\",\"itemListElement\":[{\"@type\":\"ListItem\",\"position\":1,\"name\":\"Koti\",\"item\":\"https:\\\/\\\/pellervo.fi\\\/sv\\\/\"},{\"@type\":\"ListItem\",\"position\":2,\"name\":\"Uutiskirje 14.6. On aika vaikuttaa!\"}]},{\"@type\":\"WebSite\",\"@id\":\"https:\\\/\\\/pellervo.fi\\\/#website\",\"url\":\"https:\\\/\\\/pellervo.fi\\\/\",\"name\":\"Pellervo\",\"description\":\"Osuuskuntien keskusj\u00e4rjest\u00f6\",\"publisher\":{\"@id\":\"https:\\\/\\\/pellervo.fi\\\/#organization\"},\"potentialAction\":[{\"@type\":\"SearchAction\",\"target\":{\"@type\":\"EntryPoint\",\"urlTemplate\":\"https:\\\/\\\/pellervo.fi\\\/?s={search_term_string}\"},\"query-input\":{\"@type\":\"PropertyValueSpecification\",\"valueRequired\":true,\"valueName\":\"search_term_string\"}}],\"inLanguage\":\"sv-SE\"},{\"@type\":\"Organization\",\"@id\":\"https:\\\/\\\/pellervo.fi\\\/#organization\",\"name\":\"Osuustoimintakeskus Pellervo ry\",\"url\":\"https:\\\/\\\/pellervo.fi\\\/\",\"logo\":{\"@type\":\"ImageObject\",\"inLanguage\":\"sv-SE\",\"@id\":\"https:\\\/\\\/pellervo.fi\\\/#\\\/schema\\\/logo\\\/image\\\/\",\"url\":\"https:\\\/\\\/pellervo.fi\\\/wp-content\\\/uploads\\\/2020\\\/05\\\/Pellervo_logo.png\",\"contentUrl\":\"https:\\\/\\\/pellervo.fi\\\/wp-content\\\/uploads\\\/2020\\\/05\\\/Pellervo_logo.png\",\"width\":1335,\"height\":376,\"caption\":\"Osuustoimintakeskus Pellervo ry\"},\"image\":{\"@id\":\"https:\\\/\\\/pellervo.fi\\\/#\\\/schema\\\/logo\\\/image\\\/\"},\"sameAs\":[\"https:\\\/\\\/x.com\\\/PellervoFi\"]},{\"@type\":\"Person\",\"@id\":\"https:\\\/\\\/pellervo.fi\\\/#\\\/schema\\\/person\\\/4b74d40956937d1367ade81899997e71\",\"name\":\"pellervo\",\"image\":{\"@type\":\"ImageObject\",\"inLanguage\":\"sv-SE\",\"@id\":\"https:\\\/\\\/pellervo.fi\\\/wp-content\\\/uploads\\\/2013\\\/11\\\/pellervo_avatar_1384522134-96x96.jpg\",\"url\":\"https:\\\/\\\/pellervo.fi\\\/wp-content\\\/uploads\\\/2013\\\/11\\\/pellervo_avatar_1384522134-96x96.jpg\",\"contentUrl\":\"https:\\\/\\\/pellervo.fi\\\/wp-content\\\/uploads\\\/2013\\\/11\\\/pellervo_avatar_1384522134-96x96.jpg\",\"caption\":\"pellervo\"},\"description\":\"Kuvaus\",\"url\":\"https:\\\/\\\/pellervo.fi\\\/sv\\\/author\\\/pellervo\\\/\"}]}<\/script>\n<!-- \/ Yoast SEO plugin. -->","yoast_head_json":{"title":"Uutiskirje 14.6. On aika vaikuttaa! - Pellervo","robots":{"index":"index","follow":"follow","max-snippet":"max-snippet:-1","max-image-preview":"max-image-preview:large","max-video-preview":"max-video-preview:-1"},"canonical":"https:\/\/pellervo.fi\/uutiskirjeet\/2022\/06\/14\/uutiskirje-14-6-on-aika-vaikuttaa\/","og_locale":"sv_SE","og_type":"article","og_title":"Uutiskirje 14.6. On aika vaikuttaa! - Pellervo","og_description":"T\u00e4m\u00e4 kirje k\u00e4ynnist\u00e4\u00e4 t\u00e4rke\u00e4n nimienkeruukampanjan. Tavoitteenamme on koota mahdollisimman iso rintama osuustoimintayritysten johtoa ja tutkijoita vetoomukseen, joka vaatii osuustoiminnalle parempaa asemaa kouluopetuksessa yliopistot mukaan lukien. Aiheesta on puhuttu aiemminkin, mutta lis\u00e4\u00e4 painetta tarvitaan.","og_url":"https:\/\/pellervo.fi\/uutiskirjeet\/2022\/06\/14\/uutiskirje-14-6-on-aika-vaikuttaa\/","og_site_name":"Pellervo","article_published_time":"2022-06-14T07:24:00+00:00","article_modified_time":"2022-08-17T07:26:52+00:00","og_image":[{"width":1200,"height":433,"url":"https:\/\/pellervo.fi\/wp-content\/uploads\/2022\/08\/bwfpc2vtyq-1200x433-7871173.jpg","type":"image\/jpeg"}],"author":"pellervo","twitter_card":"summary_large_image","twitter_creator":"@PellervoFi","twitter_site":"@PellervoFi","twitter_misc":{"Skriven av":"pellervo","Ber\u00e4knad l\u00e4stid":"1 minut"},"schema":{"@context":"https:\/\/schema.org","@graph":[{"@type":"Article","@id":"https:\/\/pellervo.fi\/uutiskirjeet\/2022\/06\/14\/uutiskirje-14-6-on-aika-vaikuttaa\/#article","isPartOf":{"@id":"https:\/\/pellervo.fi\/uutiskirjeet\/2022\/06\/14\/uutiskirje-14-6-on-aika-vaikuttaa\/"},"author":{"name":"pellervo","@id":"https:\/\/pellervo.fi\/#\/schema\/person\/4b74d40956937d1367ade81899997e71"},"headline":"Uutiskirje 14.6. On aika vaikuttaa!","datePublished":"2022-06-14T07:24:00+00:00","dateModified":"2022-08-17T07:26:52+00:00","mainEntityOfPage":{"@id":"https:\/\/pellervo.fi\/uutiskirjeet\/2022\/06\/14\/uutiskirje-14-6-on-aika-vaikuttaa\/"},"wordCount":126,"publisher":{"@id":"https:\/\/pellervo.fi\/#organization"},"image":{"@id":"https:\/\/pellervo.fi\/uutiskirjeet\/2022\/06\/14\/uutiskirje-14-6-on-aika-vaikuttaa\/#primaryimage"},"thumbnailUrl":"https:\/\/pellervo.fi\/wp-content\/uploads\/2022\/08\/bwfpc2vtyq-1200x433-7871173.jpg","articleSection":["Uutiskirjeet"],"inLanguage":"sv-SE"},{"@type":"WebPage","@id":"https:\/\/pellervo.fi\/uutiskirjeet\/2022\/06\/14\/uutiskirje-14-6-on-aika-vaikuttaa\/","url":"https:\/\/pellervo.fi\/uutiskirjeet\/2022\/06\/14\/uutiskirje-14-6-on-aika-vaikuttaa\/","name":"Uutiskirje 14.6. On aika vaikuttaa! - Pellervo","isPartOf":{"@id":"https:\/\/pellervo.fi\/#website"},"primaryImageOfPage":{"@id":"https:\/\/pellervo.fi\/uutiskirjeet\/2022\/06\/14\/uutiskirje-14-6-on-aika-vaikuttaa\/#primaryimage"},"image":{"@id":"https:\/\/pellervo.fi\/uutiskirjeet\/2022\/06\/14\/uutiskirje-14-6-on-aika-vaikuttaa\/#primaryimage"},"thumbnailUrl":"https:\/\/pellervo.fi\/wp-content\/uploads\/2022\/08\/bwfpc2vtyq-1200x433-7871173.jpg","datePublished":"2022-06-14T07:24:00+00:00","dateModified":"2022-08-17T07:26:52+00:00","breadcrumb":{"@id":"https:\/\/pellervo.fi\/uutiskirjeet\/2022\/06\/14\/uutiskirje-14-6-on-aika-vaikuttaa\/#breadcrumb"},"inLanguage":"sv-SE","potentialAction":[{"@type":"ReadAction","target":["https:\/\/pellervo.fi\/uutiskirjeet\/2022\/06\/14\/uutiskirje-14-6-on-aika-vaikuttaa\/"]}]},{"@type":"ImageObject","inLanguage":"sv-SE","@id":"https:\/\/pellervo.fi\/uutiskirjeet\/2022\/06\/14\/uutiskirje-14-6-on-aika-vaikuttaa\/#primaryimage","url":"https:\/\/pellervo.fi\/wp-content\/uploads\/2022\/08\/bwfpc2vtyq-1200x433-7871173.jpg","contentUrl":"https:\/\/pellervo.fi\/wp-content\/uploads\/2022\/08\/bwfpc2vtyq-1200x433-7871173.jpg","width":1200,"height":433},{"@type":"BreadcrumbList","@id":"https:\/\/pellervo.fi\/uutiskirjeet\/2022\/06\/14\/uutiskirje-14-6-on-aika-vaikuttaa\/#breadcrumb","itemListElement":[{"@type":"ListItem","position":1,"name":"Koti","item":"https:\/\/pellervo.fi\/sv\/"},{"@type":"ListItem","position":2,"name":"Uutiskirje 14.6. On aika vaikuttaa!"}]},{"@type":"WebSite","@id":"https:\/\/pellervo.fi\/#website","url":"https:\/\/pellervo.fi\/","name":"Pellervo","description":"Osuuskuntien keskusj\u00e4rjest\u00f6","publisher":{"@id":"https:\/\/pellervo.fi\/#organization"},"potentialAction":[{"@type":"SearchAction","target":{"@type":"EntryPoint","urlTemplate":"https:\/\/pellervo.fi\/?s={search_term_string}"},"query-input":{"@type":"PropertyValueSpecification","valueRequired":true,"valueName":"search_term_string"}}],"inLanguage":"sv-SE"},{"@type":"Organization","@id":"https:\/\/pellervo.fi\/#organization","name":"Osuustoimintakeskus Pellervo ry","url":"https:\/\/pellervo.fi\/","logo":{"@type":"ImageObject","inLanguage":"sv-SE","@id":"https:\/\/pellervo.fi\/#\/schema\/logo\/image\/","url":"https:\/\/pellervo.fi\/wp-content\/uploads\/2020\/05\/Pellervo_logo.png","contentUrl":"https:\/\/pellervo.fi\/wp-content\/uploads\/2020\/05\/Pellervo_logo.png","width":1335,"height":376,"caption":"Osuustoimintakeskus Pellervo ry"},"image":{"@id":"https:\/\/pellervo.fi\/#\/schema\/logo\/image\/"},"sameAs":["https:\/\/x.com\/PellervoFi"]},{"@type":"Person","@id":"https:\/\/pellervo.fi\/#\/schema\/person\/4b74d40956937d1367ade81899997e71","name":"pellervo","image":{"@type":"ImageObject","inLanguage":"sv-SE","@id":"https:\/\/pellervo.fi\/wp-content\/uploads\/2013\/11\/pellervo_avatar_1384522134-96x96.jpg","url":"https:\/\/pellervo.fi\/wp-content\/uploads\/2013\/11\/pellervo_avatar_1384522134-96x96.jpg","contentUrl":"https:\/\/pellervo.fi\/wp-content\/uploads\/2013\/11\/pellervo_avatar_1384522134-96x96.jpg","caption":"pellervo"},"description":"Kuvaus","url":"https:\/\/pellervo.fi\/sv\/author\/pellervo\/"}]}},"_links":{"self":[{"href":"https:\/\/pellervo.fi\/sv\/wp-json\/wp\/v2\/posts\/893681","targetHints":{"allow":["GET"]}}],"collection":[{"href":"https:\/\/pellervo.fi\/sv\/wp-json\/wp\/v2\/posts"}],"about":[{"href":"https:\/\/pellervo.fi\/sv\/wp-json\/wp\/v2\/types\/post"}],"author":[{"embeddable":true,"href":"https:\/\/pellervo.fi\/sv\/wp-json\/wp\/v2\/users\/5"}],"replies":[{"embeddable":true,"href":"https:\/\/pellervo.fi\/sv\/wp-json\/wp\/v2\/comments?post=893681"}],"version-history":[{"count":2,"href":"https:\/\/pellervo.fi\/sv\/wp-json\/wp\/v2\/posts\/893681\/revisions"}],"predecessor-version":[{"id":893686,"href":"https:\/\/pellervo.fi\/sv\/wp-json\/wp\/v2\/posts\/893681\/revisions\/893686"}],"wp:featuredmedia":[{"embeddable":true,"href":"https:\/\/pellervo.fi\/sv\/wp-json\/wp\/v2\/media\/893682"}],"wp:attachment":[{"href":"https:\/\/pellervo.fi\/sv\/wp-json\/wp\/v2\/media?parent=893681"}],"wp:term":[{"taxonomy":"category","embeddable":true,"href":"https:\/\/pellervo.fi\/sv\/wp-json\/wp\/v2\/categories?post=893681"},{"taxonomy":"post_tag","embeddable":true,"href":"https:\/\/pellervo.fi\/sv\/wp-json\/wp\/v2\/tags?post=893681"}],"curies":[{"name":"wp","href":"https:\/\/api.w.org\/{rel}","templated":true}]}}