{"id":894170,"date":"2022-10-18T09:02:48","date_gmt":"2022-10-18T06:02:48","guid":{"rendered":"https:\/\/pellervo.fi\/?p=894170"},"modified":"2022-10-18T14:35:52","modified_gmt":"2022-10-18T11:35:52","slug":"arinalta-ennatykselliset-180-000-e-pohjoisen-lasten-ja-nuorten-toimintaan","status":"publish","type":"post","link":"https:\/\/pellervo.fi\/sv\/vastuullisuus\/2022\/10\/18\/arinalta-ennatykselliset-180-000-e-pohjoisen-lasten-ja-nuorten-toimintaan\/","title":{"rendered":"Arinalta enn\u00e4tykselliset 180 000 \u20ac pohjoisen lasten ja nuorten toimintaan"},"content":{"rendered":"\n<p><strong>Osuuskauppa Arina on jakanut vuodesta 2013 alkaen vuosittain tukea lasten ja nuorten toimintaan, yhteens\u00e4 10 vuoden aikana yli 500 000 \u20ac. Tukea on jaettu pohjoissuomalaisille lasten ja nuorten liikuntaseuroille, avustus- ja hyv\u00e4ntekev\u00e4isyysj\u00e4rjest\u00f6ille sek\u00e4 muille yhteis\u00f6ille, jotka ovat kohdentaneet tuen lasten ja nuorten toimintaan.<\/strong><\/p>\n<div class=\"release__PublicationContent-sc-6son67-0 kPOzTr\">\n<div>\n<p>Arina p\u00e4\u00e4tti t\u00e4m\u00e4n vuoden toisesta tukikierroksesta ja nosti tukisumman enn\u00e4tystasolle, jakaen loppuvuonna tukea 180\u00a0000 \u20ac eli euron asiakasomistajaa kohden. Elinkustannusten nousu haastaa kuluttajia ja siten my\u00f6s lapsiperheit\u00e4. Harrastus- ja hyv\u00e4ntekev\u00e4isyysyhteis\u00f6ill\u00e4 on niin ik\u00e4\u00e4n kustannuspaineita. Arina tukee perheit\u00e4 ja yhteis\u00f6j\u00e4, jotta mahdollisimman moni lapsi voisi harrastaa syd\u00e4mens\u00e4 kyllyydest\u00e4.<\/p>\n<p>\u2013 Arinan sponsoroinnin painopiste on lasten ja nuorten toiminnassa. Haluamme mahdollistaa matalan kynnyksen harrastus- ja hyv\u00e4ntekev\u00e4isyystoimintaa. Osuuskaupassa asiakasomistajilla on p\u00e4\u00e4t\u00f6svalta tuensaajista. Pid\u00e4mme yhdess\u00e4 pohjoisen puolta, alueellinen tasapuolisuus huomioiden, kiteytt\u00e4\u00e4 Osuuskauppa Arinan vastuullisuus- ja viestint\u00e4johtaja <strong>Pasi Ruuskanen<\/strong>.<\/p>\n<h3>Tukihaku avoinna yhteis\u00f6ille<\/h3>\n<p>Arinan Pidet\u00e4\u00e4n yhdess\u00e4 pohjoisen puolta -tukitoiminnan haku on avattu. Haku on avoinna 17.10.-6.11.2022. Yhteis\u00f6t voivat hakea mukaan\u00a0<a href=\"https:\/\/sydanpohjoissuomelle.fi\/sponsorointi\/pidetaan-yhdessa-pohjoisen-puolta-tukihaku-2-2022\/\">Syd\u00e4npohjoissuomelle.fi\/sponsorointi<\/a> -sivustolla. Tukea voivat hakea Arinan toimialueella toimivat harrastusyhteis\u00f6t ja hyv\u00e4ntekev\u00e4isyyskohteet, jotka kohdistavat saamansa tuen lasten ja nuorten toimintaan.<\/p>\n<p>\u2013 Saamme joka vuosi palautteita siit\u00e4, mikseiv\u00e4t tietyt yhteis\u00f6t tai seurat ole mukana tuki\u00e4\u00e4nestyksess\u00e4. Arina ei p\u00e4\u00e4t\u00e4 hakijoita, vaan Arinan alueella lasten ja nuorten toimintaa j\u00e4rjest\u00e4vien yhteis\u00f6jen tulee itse hakea mukaan tukikohteeksi. Nyt siis kannattaa vinkata omille tutuille, ett\u00e4 on aika k\u00e4yd\u00e4 t\u00e4ytt\u00e4m\u00e4ss\u00e4 hakulomake, Ruuskanen vinkkaa.<\/p>\n<h3>Asiakasomistajien \u00e4\u00e4ni ratkaisee<\/h3>\n<p>Arina jakamasta 180\u00a0000 \u20ac tuesta 50 % kohdistetaan lasten ja nuorten harrastusyhteis\u00f6ille ja 50 % hyv\u00e4ntekev\u00e4isyyskohteille lasten ja nuorten hyv\u00e4ksi. T\u00e4ll\u00e4 kertaa v\u00e4hint\u00e4\u00e4n 50 yhteis\u00f6\u00e4 tulee saamaan tukea v\u00e4hint\u00e4\u00e4n 1 000 \u20ac ja enint\u00e4\u00e4n 10\u00a0000 \u20ac yhteis\u00f6\u00e4 kohden.<\/p>\n<p>Arinan asiakasomistajat p\u00e4\u00e4tt\u00e4v\u00e4t tuensaajat 21.11.-4.12.2022 s\u00e4hk\u00f6posti\u00e4\u00e4nestyksell\u00e4. Kutsun saavat asiakasomistajat, jotka ovat ilmoittaneet s\u00e4hk\u00f6postiosoitteensa, eiv\u00e4tk\u00e4 ole kielt\u00e4neet tutkimuskyselyit\u00e4. Tavoitteena on ker\u00e4t\u00e4 mahdollisimman paljon \u00e4\u00e4ni\u00e4 v\u00e4hint\u00e4\u00e4n 120 yhteis\u00f6n hyv\u00e4ksi.<\/p>\n<\/div>\n<\/div>\n","protected":false},"excerpt":{"rendered":"<p>Osuuskauppa Arina on jakanut vuodesta 2013 alkaen vuosittain tukea lasten ja nuorten toimintaan, yhteens\u00e4 10 vuoden aikana yli 500 000 \u20ac. Tukea on jaettu pohjoissuomalaisille lasten ja nuorten liikuntaseuroille, avustus- ja hyv\u00e4ntekev\u00e4isyysj\u00e4rjest\u00f6ille sek\u00e4 muille yhteis\u00f6ille, jotka ovat kohdentaneet tuen lasten ja nuorten toimintaan.<\/p>\n","protected":false},"author":6,"featured_media":893378,"comment_status":"closed","ping_status":"closed","sticky":false,"template":"","format":"standard","meta":{"inline_featured_image":false,"_monsterinsights_skip_tracking":false,"_monsterinsights_sitenote_active":false,"_monsterinsights_sitenote_note":"","_monsterinsights_sitenote_category":0,"site-sidebar-layout":"default","site-content-layout":"","ast-site-content-layout":"default","site-content-style":"default","site-sidebar-style":"default","ast-global-header-display":"","ast-banner-title-visibility":"","ast-main-header-display":"","ast-hfb-above-header-display":"","ast-hfb-below-header-display":"","ast-hfb-mobile-header-display":"","site-post-title":"","ast-breadcrumbs-content":"","ast-featured-img":"","footer-sml-layout":"","ast-disable-related-posts":"","theme-transparent-header-meta":"","adv-header-id-meta":"","stick-header-meta":"","header-above-stick-meta":"","header-main-stick-meta":"","header-below-stick-meta":"","astra-migrate-meta-layouts":"default","ast-page-background-enabled":"default","ast-page-background-meta":{"desktop":{"background-color":"","background-image":"","background-repeat":"repeat","background-position":"center center","background-size":"auto","background-attachment":"scroll","background-type":"","background-media":"","overlay-type":"","overlay-color":"","overlay-opacity":"","overlay-gradient":""},"tablet":{"background-color":"","background-image":"","background-repeat":"repeat","background-position":"center center","background-size":"auto","background-attachment":"scroll","background-type":"","background-media":"","overlay-type":"","overlay-color":"","overlay-opacity":"","overlay-gradient":""},"mobile":{"background-color":"","background-image":"","background-repeat":"repeat","background-position":"center center","background-size":"auto","background-attachment":"scroll","background-type":"","background-media":"","overlay-type":"","overlay-color":"","overlay-opacity":"","overlay-gradient":""}},"ast-content-background-meta":{"desktop":{"background-color":"var(--ast-global-color-5)","background-image":"","background-repeat":"repeat","background-position":"center center","background-size":"auto","background-attachment":"scroll","background-type":"","background-media":"","overlay-type":"","overlay-color":"","overlay-opacity":"","overlay-gradient":""},"tablet":{"background-color":"var(--ast-global-color-5)","background-image":"","background-repeat":"repeat","background-position":"center center","background-size":"auto","background-attachment":"scroll","background-type":"","background-media":"","overlay-type":"","overlay-color":"","overlay-opacity":"","overlay-gradient":""},"mobile":{"background-color":"var(--ast-global-color-5)","background-image":"","background-repeat":"repeat","background-position":"center center","background-size":"auto","background-attachment":"scroll","background-type":"","background-media":"","overlay-type":"","overlay-color":"","overlay-opacity":"","overlay-gradient":""}},"_FSMCFIC_featured_image_caption":"","_FSMCFIC_featured_image_nocaption":"","_FSMCFIC_featured_image_hide":"","footnotes":""},"categories":[224],"tags":[],"class_list":["post-894170","post","type-post","status-publish","format-standard","has-post-thumbnail","hentry","category-vastuullisuus"],"yoast_head":"<!-- This site is optimized with the Yoast SEO plugin v27.5 - https:\/\/yoast.com\/product\/yoast-seo-wordpress\/ -->\n<title>Arinalta enn\u00e4tykselliset 180 000 \u20ac pohjoisen lasten ja nuorten toimintaan - Pellervo<\/title>\n<meta name=\"robots\" content=\"index, follow, max-snippet:-1, max-image-preview:large, max-video-preview:-1\" \/>\n<link rel=\"canonical\" href=\"https:\/\/pellervo.fi\/vastuullisuus\/2022\/10\/18\/arinalta-ennatykselliset-180-000-e-pohjoisen-lasten-ja-nuorten-toimintaan\/\" \/>\n<meta property=\"og:locale\" content=\"sv_SE\" \/>\n<meta property=\"og:type\" content=\"article\" \/>\n<meta property=\"og:title\" content=\"Arinalta enn\u00e4tykselliset 180 000 \u20ac pohjoisen lasten ja nuorten toimintaan - Pellervo\" \/>\n<meta property=\"og:description\" content=\"Osuuskauppa Arina on jakanut vuodesta 2013 alkaen vuosittain tukea lasten ja nuorten toimintaan, yhteens\u00e4 10 vuoden aikana yli 500 000 \u20ac. Tukea on jaettu pohjoissuomalaisille lasten ja nuorten liikuntaseuroille, avustus- ja hyv\u00e4ntekev\u00e4isyysj\u00e4rjest\u00f6ille sek\u00e4 muille yhteis\u00f6ille, jotka ovat kohdentaneet tuen lasten ja nuorten toimintaan.\" \/>\n<meta property=\"og:url\" content=\"https:\/\/pellervo.fi\/vastuullisuus\/2022\/10\/18\/arinalta-ennatykselliset-180-000-e-pohjoisen-lasten-ja-nuorten-toimintaan\/\" \/>\n<meta property=\"og:site_name\" content=\"Pellervo\" \/>\n<meta property=\"article:published_time\" content=\"2022-10-18T06:02:48+00:00\" \/>\n<meta property=\"article:modified_time\" content=\"2022-10-18T11:35:52+00:00\" \/>\n<meta property=\"og:image\" content=\"https:\/\/pellervo.fi\/wp-content\/uploads\/2022\/06\/Arina_lahjoitus_nuoret-scaled.jpg\" \/>\n\t<meta property=\"og:image:width\" content=\"2560\" \/>\n\t<meta property=\"og:image:height\" content=\"1707\" \/>\n\t<meta property=\"og:image:type\" content=\"image\/jpeg\" \/>\n<meta name=\"author\" content=\"Hanna Muukka\" \/>\n<meta name=\"twitter:card\" content=\"summary_large_image\" \/>\n<meta name=\"twitter:creator\" content=\"@PellervoFi\" \/>\n<meta name=\"twitter:site\" content=\"@PellervoFi\" \/>\n<meta name=\"twitter:label1\" content=\"Skriven av\" \/>\n\t<meta name=\"twitter:data1\" content=\"Hanna Muukka\" \/>\n\t<meta name=\"twitter:label2\" content=\"Ber\u00e4knad l\u00e4stid\" \/>\n\t<meta name=\"twitter:data2\" content=\"2 minuter\" \/>\n<script type=\"application\/ld+json\" class=\"yoast-schema-graph\">{\"@context\":\"https:\\\/\\\/schema.org\",\"@graph\":[{\"@type\":\"Article\",\"@id\":\"https:\\\/\\\/pellervo.fi\\\/vastuullisuus\\\/2022\\\/10\\\/18\\\/arinalta-ennatykselliset-180-000-e-pohjoisen-lasten-ja-nuorten-toimintaan\\\/#article\",\"isPartOf\":{\"@id\":\"https:\\\/\\\/pellervo.fi\\\/vastuullisuus\\\/2022\\\/10\\\/18\\\/arinalta-ennatykselliset-180-000-e-pohjoisen-lasten-ja-nuorten-toimintaan\\\/\"},\"author\":{\"name\":\"Hanna Muukka\",\"@id\":\"https:\\\/\\\/pellervo.fi\\\/#\\\/schema\\\/person\\\/f001b7c670bab10e5236b09672d9e6a3\"},\"headline\":\"Arinalta enn\u00e4tykselliset 180 000 \u20ac pohjoisen lasten ja nuorten toimintaan\",\"datePublished\":\"2022-10-18T06:02:48+00:00\",\"dateModified\":\"2022-10-18T11:35:52+00:00\",\"mainEntityOfPage\":{\"@id\":\"https:\\\/\\\/pellervo.fi\\\/vastuullisuus\\\/2022\\\/10\\\/18\\\/arinalta-ennatykselliset-180-000-e-pohjoisen-lasten-ja-nuorten-toimintaan\\\/\"},\"wordCount\":332,\"publisher\":{\"@id\":\"https:\\\/\\\/pellervo.fi\\\/#organization\"},\"image\":{\"@id\":\"https:\\\/\\\/pellervo.fi\\\/vastuullisuus\\\/2022\\\/10\\\/18\\\/arinalta-ennatykselliset-180-000-e-pohjoisen-lasten-ja-nuorten-toimintaan\\\/#primaryimage\"},\"thumbnailUrl\":\"https:\\\/\\\/pellervo.fi\\\/wp-content\\\/uploads\\\/2022\\\/06\\\/Arina_lahjoitus_nuoret-scaled.jpg\",\"articleSection\":[\"Vastuullisuus\"],\"inLanguage\":\"sv-SE\"},{\"@type\":\"WebPage\",\"@id\":\"https:\\\/\\\/pellervo.fi\\\/vastuullisuus\\\/2022\\\/10\\\/18\\\/arinalta-ennatykselliset-180-000-e-pohjoisen-lasten-ja-nuorten-toimintaan\\\/\",\"url\":\"https:\\\/\\\/pellervo.fi\\\/vastuullisuus\\\/2022\\\/10\\\/18\\\/arinalta-ennatykselliset-180-000-e-pohjoisen-lasten-ja-nuorten-toimintaan\\\/\",\"name\":\"Arinalta enn\u00e4tykselliset 180 000 \u20ac pohjoisen lasten ja nuorten toimintaan - Pellervo\",\"isPartOf\":{\"@id\":\"https:\\\/\\\/pellervo.fi\\\/#website\"},\"primaryImageOfPage\":{\"@id\":\"https:\\\/\\\/pellervo.fi\\\/vastuullisuus\\\/2022\\\/10\\\/18\\\/arinalta-ennatykselliset-180-000-e-pohjoisen-lasten-ja-nuorten-toimintaan\\\/#primaryimage\"},\"image\":{\"@id\":\"https:\\\/\\\/pellervo.fi\\\/vastuullisuus\\\/2022\\\/10\\\/18\\\/arinalta-ennatykselliset-180-000-e-pohjoisen-lasten-ja-nuorten-toimintaan\\\/#primaryimage\"},\"thumbnailUrl\":\"https:\\\/\\\/pellervo.fi\\\/wp-content\\\/uploads\\\/2022\\\/06\\\/Arina_lahjoitus_nuoret-scaled.jpg\",\"datePublished\":\"2022-10-18T06:02:48+00:00\",\"dateModified\":\"2022-10-18T11:35:52+00:00\",\"breadcrumb\":{\"@id\":\"https:\\\/\\\/pellervo.fi\\\/vastuullisuus\\\/2022\\\/10\\\/18\\\/arinalta-ennatykselliset-180-000-e-pohjoisen-lasten-ja-nuorten-toimintaan\\\/#breadcrumb\"},\"inLanguage\":\"sv-SE\",\"potentialAction\":[{\"@type\":\"ReadAction\",\"target\":[\"https:\\\/\\\/pellervo.fi\\\/vastuullisuus\\\/2022\\\/10\\\/18\\\/arinalta-ennatykselliset-180-000-e-pohjoisen-lasten-ja-nuorten-toimintaan\\\/\"]}]},{\"@type\":\"ImageObject\",\"inLanguage\":\"sv-SE\",\"@id\":\"https:\\\/\\\/pellervo.fi\\\/vastuullisuus\\\/2022\\\/10\\\/18\\\/arinalta-ennatykselliset-180-000-e-pohjoisen-lasten-ja-nuorten-toimintaan\\\/#primaryimage\",\"url\":\"https:\\\/\\\/pellervo.fi\\\/wp-content\\\/uploads\\\/2022\\\/06\\\/Arina_lahjoitus_nuoret-scaled.jpg\",\"contentUrl\":\"https:\\\/\\\/pellervo.fi\\\/wp-content\\\/uploads\\\/2022\\\/06\\\/Arina_lahjoitus_nuoret-scaled.jpg\",\"width\":2560,\"height\":1707,\"caption\":\"Julkisia 02\\\/21 alkaen. Tarkista k\u00e4ytt\u00f6oikeus tarvittaessa Anna Virolta. VAIN OSUUSKAUPPA ARINAN SYD\u00c4N POHJOIS-SUOMELLE -VIESTINN\u00c4SS\u00c4.\"},{\"@type\":\"BreadcrumbList\",\"@id\":\"https:\\\/\\\/pellervo.fi\\\/vastuullisuus\\\/2022\\\/10\\\/18\\\/arinalta-ennatykselliset-180-000-e-pohjoisen-lasten-ja-nuorten-toimintaan\\\/#breadcrumb\",\"itemListElement\":[{\"@type\":\"ListItem\",\"position\":1,\"name\":\"Koti\",\"item\":\"https:\\\/\\\/pellervo.fi\\\/sv\\\/\"},{\"@type\":\"ListItem\",\"position\":2,\"name\":\"Arinalta enn\u00e4tykselliset 180 000 \u20ac pohjoisen lasten ja nuorten toimintaan\"}]},{\"@type\":\"WebSite\",\"@id\":\"https:\\\/\\\/pellervo.fi\\\/#website\",\"url\":\"https:\\\/\\\/pellervo.fi\\\/\",\"name\":\"Pellervo\",\"description\":\"Osuuskuntien keskusj\u00e4rjest\u00f6\",\"publisher\":{\"@id\":\"https:\\\/\\\/pellervo.fi\\\/#organization\"},\"potentialAction\":[{\"@type\":\"SearchAction\",\"target\":{\"@type\":\"EntryPoint\",\"urlTemplate\":\"https:\\\/\\\/pellervo.fi\\\/?s={search_term_string}\"},\"query-input\":{\"@type\":\"PropertyValueSpecification\",\"valueRequired\":true,\"valueName\":\"search_term_string\"}}],\"inLanguage\":\"sv-SE\"},{\"@type\":\"Organization\",\"@id\":\"https:\\\/\\\/pellervo.fi\\\/#organization\",\"name\":\"Osuustoimintakeskus Pellervo ry\",\"url\":\"https:\\\/\\\/pellervo.fi\\\/\",\"logo\":{\"@type\":\"ImageObject\",\"inLanguage\":\"sv-SE\",\"@id\":\"https:\\\/\\\/pellervo.fi\\\/#\\\/schema\\\/logo\\\/image\\\/\",\"url\":\"https:\\\/\\\/pellervo.fi\\\/wp-content\\\/uploads\\\/2020\\\/05\\\/Pellervo_logo.png\",\"contentUrl\":\"https:\\\/\\\/pellervo.fi\\\/wp-content\\\/uploads\\\/2020\\\/05\\\/Pellervo_logo.png\",\"width\":1335,\"height\":376,\"caption\":\"Osuustoimintakeskus Pellervo ry\"},\"image\":{\"@id\":\"https:\\\/\\\/pellervo.fi\\\/#\\\/schema\\\/logo\\\/image\\\/\"},\"sameAs\":[\"https:\\\/\\\/x.com\\\/PellervoFi\"]},{\"@type\":\"Person\",\"@id\":\"https:\\\/\\\/pellervo.fi\\\/#\\\/schema\\\/person\\\/f001b7c670bab10e5236b09672d9e6a3\",\"name\":\"Hanna Muukka\",\"image\":{\"@type\":\"ImageObject\",\"inLanguage\":\"sv-SE\",\"@id\":\"https:\\\/\\\/pellervo.fi\\\/wp-content\\\/uploads\\\/2014\\\/02\\\/Hanna-Muukka_avatar_1393417732-96x96.jpg\",\"url\":\"https:\\\/\\\/pellervo.fi\\\/wp-content\\\/uploads\\\/2014\\\/02\\\/Hanna-Muukka_avatar_1393417732-96x96.jpg\",\"contentUrl\":\"https:\\\/\\\/pellervo.fi\\\/wp-content\\\/uploads\\\/2014\\\/02\\\/Hanna-Muukka_avatar_1393417732-96x96.jpg\",\"caption\":\"Hanna Muukka\"},\"description\":\"Kirjoittaja ty\u00f6skentelee Osuustoimintakeskus Pellervossa vastuullisuusasiantuntijana.\",\"url\":\"https:\\\/\\\/pellervo.fi\\\/sv\\\/author\\\/hannamuu\\\/\"}]}<\/script>\n<!-- \/ Yoast SEO plugin. -->","yoast_head_json":{"title":"Arinalta enn\u00e4tykselliset 180 000 \u20ac pohjoisen lasten ja nuorten toimintaan - Pellervo","robots":{"index":"index","follow":"follow","max-snippet":"max-snippet:-1","max-image-preview":"max-image-preview:large","max-video-preview":"max-video-preview:-1"},"canonical":"https:\/\/pellervo.fi\/vastuullisuus\/2022\/10\/18\/arinalta-ennatykselliset-180-000-e-pohjoisen-lasten-ja-nuorten-toimintaan\/","og_locale":"sv_SE","og_type":"article","og_title":"Arinalta enn\u00e4tykselliset 180 000 \u20ac pohjoisen lasten ja nuorten toimintaan - Pellervo","og_description":"Osuuskauppa Arina on jakanut vuodesta 2013 alkaen vuosittain tukea lasten ja nuorten toimintaan, yhteens\u00e4 10 vuoden aikana yli 500 000 \u20ac. Tukea on jaettu pohjoissuomalaisille lasten ja nuorten liikuntaseuroille, avustus- ja hyv\u00e4ntekev\u00e4isyysj\u00e4rjest\u00f6ille sek\u00e4 muille yhteis\u00f6ille, jotka ovat kohdentaneet tuen lasten ja nuorten toimintaan.","og_url":"https:\/\/pellervo.fi\/vastuullisuus\/2022\/10\/18\/arinalta-ennatykselliset-180-000-e-pohjoisen-lasten-ja-nuorten-toimintaan\/","og_site_name":"Pellervo","article_published_time":"2022-10-18T06:02:48+00:00","article_modified_time":"2022-10-18T11:35:52+00:00","og_image":[{"width":2560,"height":1707,"url":"https:\/\/pellervo.fi\/wp-content\/uploads\/2022\/06\/Arina_lahjoitus_nuoret-scaled.jpg","type":"image\/jpeg"}],"author":"Hanna Muukka","twitter_card":"summary_large_image","twitter_creator":"@PellervoFi","twitter_site":"@PellervoFi","twitter_misc":{"Skriven av":"Hanna Muukka","Ber\u00e4knad l\u00e4stid":"2 minuter"},"schema":{"@context":"https:\/\/schema.org","@graph":[{"@type":"Article","@id":"https:\/\/pellervo.fi\/vastuullisuus\/2022\/10\/18\/arinalta-ennatykselliset-180-000-e-pohjoisen-lasten-ja-nuorten-toimintaan\/#article","isPartOf":{"@id":"https:\/\/pellervo.fi\/vastuullisuus\/2022\/10\/18\/arinalta-ennatykselliset-180-000-e-pohjoisen-lasten-ja-nuorten-toimintaan\/"},"author":{"name":"Hanna Muukka","@id":"https:\/\/pellervo.fi\/#\/schema\/person\/f001b7c670bab10e5236b09672d9e6a3"},"headline":"Arinalta enn\u00e4tykselliset 180 000 \u20ac pohjoisen lasten ja nuorten toimintaan","datePublished":"2022-10-18T06:02:48+00:00","dateModified":"2022-10-18T11:35:52+00:00","mainEntityOfPage":{"@id":"https:\/\/pellervo.fi\/vastuullisuus\/2022\/10\/18\/arinalta-ennatykselliset-180-000-e-pohjoisen-lasten-ja-nuorten-toimintaan\/"},"wordCount":332,"publisher":{"@id":"https:\/\/pellervo.fi\/#organization"},"image":{"@id":"https:\/\/pellervo.fi\/vastuullisuus\/2022\/10\/18\/arinalta-ennatykselliset-180-000-e-pohjoisen-lasten-ja-nuorten-toimintaan\/#primaryimage"},"thumbnailUrl":"https:\/\/pellervo.fi\/wp-content\/uploads\/2022\/06\/Arina_lahjoitus_nuoret-scaled.jpg","articleSection":["Vastuullisuus"],"inLanguage":"sv-SE"},{"@type":"WebPage","@id":"https:\/\/pellervo.fi\/vastuullisuus\/2022\/10\/18\/arinalta-ennatykselliset-180-000-e-pohjoisen-lasten-ja-nuorten-toimintaan\/","url":"https:\/\/pellervo.fi\/vastuullisuus\/2022\/10\/18\/arinalta-ennatykselliset-180-000-e-pohjoisen-lasten-ja-nuorten-toimintaan\/","name":"Arinalta enn\u00e4tykselliset 180 000 \u20ac pohjoisen lasten ja nuorten toimintaan - Pellervo","isPartOf":{"@id":"https:\/\/pellervo.fi\/#website"},"primaryImageOfPage":{"@id":"https:\/\/pellervo.fi\/vastuullisuus\/2022\/10\/18\/arinalta-ennatykselliset-180-000-e-pohjoisen-lasten-ja-nuorten-toimintaan\/#primaryimage"},"image":{"@id":"https:\/\/pellervo.fi\/vastuullisuus\/2022\/10\/18\/arinalta-ennatykselliset-180-000-e-pohjoisen-lasten-ja-nuorten-toimintaan\/#primaryimage"},"thumbnailUrl":"https:\/\/pellervo.fi\/wp-content\/uploads\/2022\/06\/Arina_lahjoitus_nuoret-scaled.jpg","datePublished":"2022-10-18T06:02:48+00:00","dateModified":"2022-10-18T11:35:52+00:00","breadcrumb":{"@id":"https:\/\/pellervo.fi\/vastuullisuus\/2022\/10\/18\/arinalta-ennatykselliset-180-000-e-pohjoisen-lasten-ja-nuorten-toimintaan\/#breadcrumb"},"inLanguage":"sv-SE","potentialAction":[{"@type":"ReadAction","target":["https:\/\/pellervo.fi\/vastuullisuus\/2022\/10\/18\/arinalta-ennatykselliset-180-000-e-pohjoisen-lasten-ja-nuorten-toimintaan\/"]}]},{"@type":"ImageObject","inLanguage":"sv-SE","@id":"https:\/\/pellervo.fi\/vastuullisuus\/2022\/10\/18\/arinalta-ennatykselliset-180-000-e-pohjoisen-lasten-ja-nuorten-toimintaan\/#primaryimage","url":"https:\/\/pellervo.fi\/wp-content\/uploads\/2022\/06\/Arina_lahjoitus_nuoret-scaled.jpg","contentUrl":"https:\/\/pellervo.fi\/wp-content\/uploads\/2022\/06\/Arina_lahjoitus_nuoret-scaled.jpg","width":2560,"height":1707,"caption":"Julkisia 02\/21 alkaen. Tarkista k\u00e4ytt\u00f6oikeus tarvittaessa Anna Virolta. VAIN OSUUSKAUPPA ARINAN SYD\u00c4N POHJOIS-SUOMELLE -VIESTINN\u00c4SS\u00c4."},{"@type":"BreadcrumbList","@id":"https:\/\/pellervo.fi\/vastuullisuus\/2022\/10\/18\/arinalta-ennatykselliset-180-000-e-pohjoisen-lasten-ja-nuorten-toimintaan\/#breadcrumb","itemListElement":[{"@type":"ListItem","position":1,"name":"Koti","item":"https:\/\/pellervo.fi\/sv\/"},{"@type":"ListItem","position":2,"name":"Arinalta enn\u00e4tykselliset 180 000 \u20ac pohjoisen lasten ja nuorten toimintaan"}]},{"@type":"WebSite","@id":"https:\/\/pellervo.fi\/#website","url":"https:\/\/pellervo.fi\/","name":"Pellervo","description":"Osuuskuntien keskusj\u00e4rjest\u00f6","publisher":{"@id":"https:\/\/pellervo.fi\/#organization"},"potentialAction":[{"@type":"SearchAction","target":{"@type":"EntryPoint","urlTemplate":"https:\/\/pellervo.fi\/?s={search_term_string}"},"query-input":{"@type":"PropertyValueSpecification","valueRequired":true,"valueName":"search_term_string"}}],"inLanguage":"sv-SE"},{"@type":"Organization","@id":"https:\/\/pellervo.fi\/#organization","name":"Osuustoimintakeskus Pellervo ry","url":"https:\/\/pellervo.fi\/","logo":{"@type":"ImageObject","inLanguage":"sv-SE","@id":"https:\/\/pellervo.fi\/#\/schema\/logo\/image\/","url":"https:\/\/pellervo.fi\/wp-content\/uploads\/2020\/05\/Pellervo_logo.png","contentUrl":"https:\/\/pellervo.fi\/wp-content\/uploads\/2020\/05\/Pellervo_logo.png","width":1335,"height":376,"caption":"Osuustoimintakeskus Pellervo ry"},"image":{"@id":"https:\/\/pellervo.fi\/#\/schema\/logo\/image\/"},"sameAs":["https:\/\/x.com\/PellervoFi"]},{"@type":"Person","@id":"https:\/\/pellervo.fi\/#\/schema\/person\/f001b7c670bab10e5236b09672d9e6a3","name":"Hanna Muukka","image":{"@type":"ImageObject","inLanguage":"sv-SE","@id":"https:\/\/pellervo.fi\/wp-content\/uploads\/2014\/02\/Hanna-Muukka_avatar_1393417732-96x96.jpg","url":"https:\/\/pellervo.fi\/wp-content\/uploads\/2014\/02\/Hanna-Muukka_avatar_1393417732-96x96.jpg","contentUrl":"https:\/\/pellervo.fi\/wp-content\/uploads\/2014\/02\/Hanna-Muukka_avatar_1393417732-96x96.jpg","caption":"Hanna Muukka"},"description":"Kirjoittaja ty\u00f6skentelee Osuustoimintakeskus Pellervossa vastuullisuusasiantuntijana.","url":"https:\/\/pellervo.fi\/sv\/author\/hannamuu\/"}]}},"_links":{"self":[{"href":"https:\/\/pellervo.fi\/sv\/wp-json\/wp\/v2\/posts\/894170","targetHints":{"allow":["GET"]}}],"collection":[{"href":"https:\/\/pellervo.fi\/sv\/wp-json\/wp\/v2\/posts"}],"about":[{"href":"https:\/\/pellervo.fi\/sv\/wp-json\/wp\/v2\/types\/post"}],"author":[{"embeddable":true,"href":"https:\/\/pellervo.fi\/sv\/wp-json\/wp\/v2\/users\/6"}],"replies":[{"embeddable":true,"href":"https:\/\/pellervo.fi\/sv\/wp-json\/wp\/v2\/comments?post=894170"}],"version-history":[{"count":1,"href":"https:\/\/pellervo.fi\/sv\/wp-json\/wp\/v2\/posts\/894170\/revisions"}],"predecessor-version":[{"id":894171,"href":"https:\/\/pellervo.fi\/sv\/wp-json\/wp\/v2\/posts\/894170\/revisions\/894171"}],"wp:featuredmedia":[{"embeddable":true,"href":"https:\/\/pellervo.fi\/sv\/wp-json\/wp\/v2\/media\/893378"}],"wp:attachment":[{"href":"https:\/\/pellervo.fi\/sv\/wp-json\/wp\/v2\/media?parent=894170"}],"wp:term":[{"taxonomy":"category","embeddable":true,"href":"https:\/\/pellervo.fi\/sv\/wp-json\/wp\/v2\/categories?post=894170"},{"taxonomy":"post_tag","embeddable":true,"href":"https:\/\/pellervo.fi\/sv\/wp-json\/wp\/v2\/tags?post=894170"}],"curies":[{"name":"wp","href":"https:\/\/api.w.org\/{rel}","templated":true}]}}